{"id":24185,"date":"2020-12-21T12:04:39","date_gmt":"2020-12-21T15:04:39","guid":{"rendered":"https:\/\/revistaregional.com.br\/site\/?p=24185"},"modified":"2024-01-26T10:15:33","modified_gmt":"2024-01-26T13:15:33","slug":"itu-suspende-rodizio-de-agua-mas-mantem-fiscalizacao","status":"publish","type":"post","link":"https:\/\/revistaregional.com.br\/site\/2020\/12\/21\/itu-suspende-rodizio-de-agua-mas-mantem-fiscalizacao\/","title":{"rendered":"Itu suspende rod\u00edzio de \u00e1gua, mas mant\u00e9m fiscaliza\u00e7\u00e3o"},"content":{"rendered":"<ul>\n<li><strong><em>CIS e Prefeitura anunciaram que, com o restabelecimento dos n\u00edveis dos mananciais, o rod\u00edzio de abastecimento em Itu est\u00e1 oficialmente suspenso<\/em><\/strong><\/li>\n<\/ul>\n<figure id=\"attachment_24186\" aria-describedby=\"caption-attachment-24186\" style=\"width: 490px\" class=\"wp-caption aligncenter\"><img fetchpriority=\"high\" decoding=\"async\" class=\" wp-image-24186\" src=\"https:\/\/revistaregional.com.br\/site\/wp-content\/uploads\/2020\/12\/app-agua-itu-300x158.jpg\" alt=\"\" width=\"490\" height=\"258\" data-id=\"24186\" srcset=\"https:\/\/revistaregional.com.br\/site\/wp-content\/uploads\/2020\/12\/app-agua-itu-300x158.jpg 300w, https:\/\/revistaregional.com.br\/site\/wp-content\/uploads\/2020\/12\/app-agua-itu-150x79.jpg 150w, https:\/\/revistaregional.com.br\/site\/wp-content\/uploads\/2020\/12\/app-agua-itu.jpg 950w\" sizes=\"(max-width: 490px) 100vw, 490px\" \/><figcaption id=\"caption-attachment-24186\" class=\"wp-caption-text\">\u00c1guas voltam \u00e0s torneiras de Itu<\/figcaption><\/figure>\n<p>Na manh\u00e3 desta segunda-feira, 21 de dezembro, a CIS \u2013 Companhia Ituana de Saneamento \u2013 e a Prefeitura de Itu anunciaram que o rod\u00edzio no abastecimento de \u00e1gua na cidade est\u00e1 suspenso.<\/p>\n<p>Para tal medida, a CIS informou que os n\u00edveis dos mananciais est\u00e3o restabelecidos, atingindo sua normalidade at\u00e9 esta quarta-feira, dia 23.<\/p>\n<p>\u201cCome\u00e7aremos 2021 com investimentos em obras de setoriza\u00e7\u00e3o, que v\u00e3o melhorar a press\u00e3o da rede e beneficiar principalmente os im\u00f3veis de regi\u00f5es mais altas e as pontas de rede\u201d, destacou o comunicado oficial do governo ituano.<\/p>\n<p>A fiscaliza\u00e7\u00e3o quanto ao uso d\u2019\u00e1gua, por\u00e9m, continuar\u00e1. A CIS informa que \u00e9 a medida \u00e9 uma forma de educar e coibir quem ainda desperdi\u00e7a \u00e1gua. \u201cFa\u00e7a o uso consciente e denuncie quem age de forma irrespons\u00e1vel\u201d, pede a autarquia.<\/p>\n<p>Os n\u00edveis dos mananciais nesta segunda, 21, est\u00e3o:<\/p>\n<p>Bacia do Itaim 70%;<\/p>\n<p>Bacia do Taquaral\/Pirapitingui 80%;<\/p>\n<p>Bacia do Braiai\u00e1 85%;<\/p>\n<p>Bacia do S\u00e3o Jos\u00e9 90%;<\/p>\n<p>Bacia do Gomes 40%;<\/p>\n<p>Bacia do S\u00e3o Miguel 85%;<\/p>\n<p>Bacia do S\u00e3o Miguel\/Varej\u00e3o 90%;<\/p>\n<p>Bacia do Momba\u00e7a 99%;<\/p>\n<p>Bacia do Pirajibu 99%.<\/p>\n<p>M\u00e9dia geral total: 80%.<\/p>\n<p>&nbsp;<\/p>\n<p>foto: BIRF<\/p>\n","protected":false},"excerpt":{"rendered":"<p>CIS e Prefeitura anunciaram que, com o restabelecimento dos n\u00edveis dos mananciais, o rod\u00edzio de abastecimento em Itu est\u00e1 oficialmente suspenso Na manh\u00e3 desta segunda-feira, 21 de dezembro, a CIS \u2013 Companhia Ituana de Saneamento \u2013 e a Prefeitura de Itu anunciaram que o rod\u00edzio no abastecimento de \u00e1gua na cidade est\u00e1 suspenso. Para tal [&hellip;]<\/p>\n","protected":false},"author":1,"featured_media":24186,"comment_status":"closed","ping_status":"closed","sticky":false,"template":"","format":"standard","meta":{"_acf_changed":false,"ngg_post_thumbnail":0,"_joinchat":[],"footnotes":""},"categories":[449,12],"tags":[527],"class_list":["post-24185","post","type-post","status-publish","format-standard","has-post-thumbnail","hentry","category-destaque-lateral","category-regionais","tag-regionais"],"acf":[],"yoast_head":"<!-- This site is optimized with the Yoast SEO plugin v27.4 - https:\/\/yoast.com\/product\/yoast-seo-wordpress\/ -->\n<title>Itu suspende rod\u00edzio de \u00e1gua, mas mant\u00e9m fiscaliza\u00e7\u00e3o - Revista Regional<\/title>\n<meta name=\"robots\" content=\"index, follow, max-snippet:-1, max-image-preview:large, max-video-preview:-1\" \/>\n<link rel=\"canonical\" href=\"https:\/\/revistaregional.com.br\/site\/2020\/12\/21\/itu-suspende-rodizio-de-agua-mas-mantem-fiscalizacao\/\" \/>\n<meta property=\"og:locale\" content=\"pt_BR\" \/>\n<meta property=\"og:type\" content=\"article\" \/>\n<meta property=\"og:title\" content=\"Itu suspende rod\u00edzio de \u00e1gua, mas mant\u00e9m fiscaliza\u00e7\u00e3o - Revista Regional\" \/>\n<meta property=\"og:description\" content=\"CIS e Prefeitura anunciaram que, com o restabelecimento dos n\u00edveis dos mananciais, o rod\u00edzio de abastecimento em Itu est\u00e1 oficialmente suspenso Na manh\u00e3 desta segunda-feira, 21 de dezembro, a CIS \u2013 Companhia Ituana de Saneamento \u2013 e a Prefeitura de Itu anunciaram que o rod\u00edzio no abastecimento de \u00e1gua na cidade est\u00e1 suspenso. Para tal [&hellip;]\" \/>\n<meta property=\"og:url\" content=\"https:\/\/revistaregional.com.br\/site\/2020\/12\/21\/itu-suspende-rodizio-de-agua-mas-mantem-fiscalizacao\/\" \/>\n<meta property=\"og:site_name\" content=\"Revista Regional\" \/>\n<meta property=\"article:published_time\" content=\"2020-12-21T15:04:39+00:00\" \/>\n<meta property=\"article:modified_time\" content=\"2024-01-26T13:15:33+00:00\" \/>\n<meta property=\"og:image\" content=\"https:\/\/revistaregional.com.br\/site\/wp-content\/uploads\/2020\/12\/app-agua-itu.jpg\" \/>\n\t<meta property=\"og:image:width\" content=\"950\" \/>\n\t<meta property=\"og:image:height\" content=\"500\" \/>\n\t<meta property=\"og:image:type\" content=\"image\/jpeg\" \/>\n<meta name=\"author\" content=\"contato@revistaregional.com.br\" \/>\n<meta name=\"twitter:card\" content=\"summary_large_image\" \/>\n<meta name=\"twitter:label1\" content=\"Escrito por\" \/>\n\t<meta name=\"twitter:data1\" content=\"contato@revistaregional.com.br\" \/>\n\t<meta name=\"twitter:label2\" content=\"Est. tempo de leitura\" \/>\n\t<meta name=\"twitter:data2\" content=\"1 minuto\" \/>\n<script type=\"application\/ld+json\" class=\"yoast-schema-graph\">{\"@context\":\"https:\\\/\\\/schema.org\",\"@graph\":[{\"@type\":\"Article\",\"@id\":\"https:\\\/\\\/revistaregional.com.br\\\/site\\\/2020\\\/12\\\/21\\\/itu-suspende-rodizio-de-agua-mas-mantem-fiscalizacao\\\/#article\",\"isPartOf\":{\"@id\":\"https:\\\/\\\/revistaregional.com.br\\\/site\\\/2020\\\/12\\\/21\\\/itu-suspende-rodizio-de-agua-mas-mantem-fiscalizacao\\\/\"},\"author\":{\"name\":\"contato@revistaregional.com.br\",\"@id\":\"https:\\\/\\\/revistaregional.com.br\\\/site\\\/#\\\/schema\\\/person\\\/382af97c580dc1b18f55107bc316010d\"},\"headline\":\"Itu suspende rod\u00edzio de \u00e1gua, mas mant\u00e9m fiscaliza\u00e7\u00e3o\",\"datePublished\":\"2020-12-21T15:04:39+00:00\",\"dateModified\":\"2024-01-26T13:15:33+00:00\",\"mainEntityOfPage\":{\"@id\":\"https:\\\/\\\/revistaregional.com.br\\\/site\\\/2020\\\/12\\\/21\\\/itu-suspende-rodizio-de-agua-mas-mantem-fiscalizacao\\\/\"},\"wordCount\":237,\"image\":{\"@id\":\"https:\\\/\\\/revistaregional.com.br\\\/site\\\/2020\\\/12\\\/21\\\/itu-suspende-rodizio-de-agua-mas-mantem-fiscalizacao\\\/#primaryimage\"},\"thumbnailUrl\":\"https:\\\/\\\/revistaregional.com.br\\\/site\\\/wp-content\\\/uploads\\\/2020\\\/12\\\/app-agua-itu.jpg\",\"keywords\":[\"Regionais\"],\"articleSection\":[\"Destaque Lateral\",\"Regionais\"],\"inLanguage\":\"pt-BR\"},{\"@type\":\"WebPage\",\"@id\":\"https:\\\/\\\/revistaregional.com.br\\\/site\\\/2020\\\/12\\\/21\\\/itu-suspende-rodizio-de-agua-mas-mantem-fiscalizacao\\\/\",\"url\":\"https:\\\/\\\/revistaregional.com.br\\\/site\\\/2020\\\/12\\\/21\\\/itu-suspende-rodizio-de-agua-mas-mantem-fiscalizacao\\\/\",\"name\":\"Itu suspende rod\u00edzio de \u00e1gua, mas mant\u00e9m fiscaliza\u00e7\u00e3o - Revista Regional\",\"isPartOf\":{\"@id\":\"https:\\\/\\\/revistaregional.com.br\\\/site\\\/#website\"},\"primaryImageOfPage\":{\"@id\":\"https:\\\/\\\/revistaregional.com.br\\\/site\\\/2020\\\/12\\\/21\\\/itu-suspende-rodizio-de-agua-mas-mantem-fiscalizacao\\\/#primaryimage\"},\"image\":{\"@id\":\"https:\\\/\\\/revistaregional.com.br\\\/site\\\/2020\\\/12\\\/21\\\/itu-suspende-rodizio-de-agua-mas-mantem-fiscalizacao\\\/#primaryimage\"},\"thumbnailUrl\":\"https:\\\/\\\/revistaregional.com.br\\\/site\\\/wp-content\\\/uploads\\\/2020\\\/12\\\/app-agua-itu.jpg\",\"datePublished\":\"2020-12-21T15:04:39+00:00\",\"dateModified\":\"2024-01-26T13:15:33+00:00\",\"author\":{\"@id\":\"https:\\\/\\\/revistaregional.com.br\\\/site\\\/#\\\/schema\\\/person\\\/382af97c580dc1b18f55107bc316010d\"},\"breadcrumb\":{\"@id\":\"https:\\\/\\\/revistaregional.com.br\\\/site\\\/2020\\\/12\\\/21\\\/itu-suspende-rodizio-de-agua-mas-mantem-fiscalizacao\\\/#breadcrumb\"},\"inLanguage\":\"pt-BR\",\"potentialAction\":[{\"@type\":\"ReadAction\",\"target\":[\"https:\\\/\\\/revistaregional.com.br\\\/site\\\/2020\\\/12\\\/21\\\/itu-suspende-rodizio-de-agua-mas-mantem-fiscalizacao\\\/\"]}]},{\"@type\":\"ImageObject\",\"inLanguage\":\"pt-BR\",\"@id\":\"https:\\\/\\\/revistaregional.com.br\\\/site\\\/2020\\\/12\\\/21\\\/itu-suspende-rodizio-de-agua-mas-mantem-fiscalizacao\\\/#primaryimage\",\"url\":\"https:\\\/\\\/revistaregional.com.br\\\/site\\\/wp-content\\\/uploads\\\/2020\\\/12\\\/app-agua-itu.jpg\",\"contentUrl\":\"https:\\\/\\\/revistaregional.com.br\\\/site\\\/wp-content\\\/uploads\\\/2020\\\/12\\\/app-agua-itu.jpg\",\"width\":950,\"height\":500,\"caption\":\"\u00c1guas voltam \u00e0s torneiras de Itu\"},{\"@type\":\"BreadcrumbList\",\"@id\":\"https:\\\/\\\/revistaregional.com.br\\\/site\\\/2020\\\/12\\\/21\\\/itu-suspende-rodizio-de-agua-mas-mantem-fiscalizacao\\\/#breadcrumb\",\"itemListElement\":[{\"@type\":\"ListItem\",\"position\":1,\"name\":\"In\u00edcio\",\"item\":\"https:\\\/\\\/revistaregional.com.br\\\/site\\\/\"},{\"@type\":\"ListItem\",\"position\":2,\"name\":\"Itu suspende rod\u00edzio de \u00e1gua, mas mant\u00e9m fiscaliza\u00e7\u00e3o\"}]},{\"@type\":\"WebSite\",\"@id\":\"https:\\\/\\\/revistaregional.com.br\\\/site\\\/#website\",\"url\":\"https:\\\/\\\/revistaregional.com.br\\\/site\\\/\",\"name\":\"Revista Regional\",\"description\":\"Salto - Itu - Indaituba\",\"potentialAction\":[{\"@type\":\"SearchAction\",\"target\":{\"@type\":\"EntryPoint\",\"urlTemplate\":\"https:\\\/\\\/revistaregional.com.br\\\/site\\\/?s={search_term_string}\"},\"query-input\":{\"@type\":\"PropertyValueSpecification\",\"valueRequired\":true,\"valueName\":\"search_term_string\"}}],\"inLanguage\":\"pt-BR\"},{\"@type\":\"Person\",\"@id\":\"https:\\\/\\\/revistaregional.com.br\\\/site\\\/#\\\/schema\\\/person\\\/382af97c580dc1b18f55107bc316010d\",\"name\":\"contato@revistaregional.com.br\",\"image\":{\"@type\":\"ImageObject\",\"inLanguage\":\"pt-BR\",\"@id\":\"https:\\\/\\\/secure.gravatar.com\\\/avatar\\\/869822917e96b2e292d5827e4635855396934485e7c4a0af84e9a214e32ca0cd?s=96&d=mm&r=g\",\"url\":\"https:\\\/\\\/secure.gravatar.com\\\/avatar\\\/869822917e96b2e292d5827e4635855396934485e7c4a0af84e9a214e32ca0cd?s=96&d=mm&r=g\",\"contentUrl\":\"https:\\\/\\\/secure.gravatar.com\\\/avatar\\\/869822917e96b2e292d5827e4635855396934485e7c4a0af84e9a214e32ca0cd?s=96&d=mm&r=g\",\"caption\":\"contato@revistaregional.com.br\"},\"url\":\"https:\\\/\\\/revistaregional.com.br\\\/site\\\/author\\\/contato@revistaregional.com.br\\\/\"}]}<\/script>\n<!-- \/ Yoast SEO plugin. -->","yoast_head_json":{"title":"Itu suspende rod\u00edzio de \u00e1gua, mas mant\u00e9m fiscaliza\u00e7\u00e3o - Revista Regional","robots":{"index":"index","follow":"follow","max-snippet":"max-snippet:-1","max-image-preview":"max-image-preview:large","max-video-preview":"max-video-preview:-1"},"canonical":"https:\/\/revistaregional.com.br\/site\/2020\/12\/21\/itu-suspende-rodizio-de-agua-mas-mantem-fiscalizacao\/","og_locale":"pt_BR","og_type":"article","og_title":"Itu suspende rod\u00edzio de \u00e1gua, mas mant\u00e9m fiscaliza\u00e7\u00e3o - Revista Regional","og_description":"CIS e Prefeitura anunciaram que, com o restabelecimento dos n\u00edveis dos mananciais, o rod\u00edzio de abastecimento em Itu est\u00e1 oficialmente suspenso Na manh\u00e3 desta segunda-feira, 21 de dezembro, a CIS \u2013 Companhia Ituana de Saneamento \u2013 e a Prefeitura de Itu anunciaram que o rod\u00edzio no abastecimento de \u00e1gua na cidade est\u00e1 suspenso. Para tal [&hellip;]","og_url":"https:\/\/revistaregional.com.br\/site\/2020\/12\/21\/itu-suspende-rodizio-de-agua-mas-mantem-fiscalizacao\/","og_site_name":"Revista Regional","article_published_time":"2020-12-21T15:04:39+00:00","article_modified_time":"2024-01-26T13:15:33+00:00","og_image":[{"width":950,"height":500,"url":"https:\/\/revistaregional.com.br\/site\/wp-content\/uploads\/2020\/12\/app-agua-itu.jpg","type":"image\/jpeg"}],"author":"contato@revistaregional.com.br","twitter_card":"summary_large_image","twitter_misc":{"Escrito por":"contato@revistaregional.com.br","Est. tempo de leitura":"1 minuto"},"schema":{"@context":"https:\/\/schema.org","@graph":[{"@type":"Article","@id":"https:\/\/revistaregional.com.br\/site\/2020\/12\/21\/itu-suspende-rodizio-de-agua-mas-mantem-fiscalizacao\/#article","isPartOf":{"@id":"https:\/\/revistaregional.com.br\/site\/2020\/12\/21\/itu-suspende-rodizio-de-agua-mas-mantem-fiscalizacao\/"},"author":{"name":"contato@revistaregional.com.br","@id":"https:\/\/revistaregional.com.br\/site\/#\/schema\/person\/382af97c580dc1b18f55107bc316010d"},"headline":"Itu suspende rod\u00edzio de \u00e1gua, mas mant\u00e9m fiscaliza\u00e7\u00e3o","datePublished":"2020-12-21T15:04:39+00:00","dateModified":"2024-01-26T13:15:33+00:00","mainEntityOfPage":{"@id":"https:\/\/revistaregional.com.br\/site\/2020\/12\/21\/itu-suspende-rodizio-de-agua-mas-mantem-fiscalizacao\/"},"wordCount":237,"image":{"@id":"https:\/\/revistaregional.com.br\/site\/2020\/12\/21\/itu-suspende-rodizio-de-agua-mas-mantem-fiscalizacao\/#primaryimage"},"thumbnailUrl":"https:\/\/revistaregional.com.br\/site\/wp-content\/uploads\/2020\/12\/app-agua-itu.jpg","keywords":["Regionais"],"articleSection":["Destaque Lateral","Regionais"],"inLanguage":"pt-BR"},{"@type":"WebPage","@id":"https:\/\/revistaregional.com.br\/site\/2020\/12\/21\/itu-suspende-rodizio-de-agua-mas-mantem-fiscalizacao\/","url":"https:\/\/revistaregional.com.br\/site\/2020\/12\/21\/itu-suspende-rodizio-de-agua-mas-mantem-fiscalizacao\/","name":"Itu suspende rod\u00edzio de \u00e1gua, mas mant\u00e9m fiscaliza\u00e7\u00e3o - Revista Regional","isPartOf":{"@id":"https:\/\/revistaregional.com.br\/site\/#website"},"primaryImageOfPage":{"@id":"https:\/\/revistaregional.com.br\/site\/2020\/12\/21\/itu-suspende-rodizio-de-agua-mas-mantem-fiscalizacao\/#primaryimage"},"image":{"@id":"https:\/\/revistaregional.com.br\/site\/2020\/12\/21\/itu-suspende-rodizio-de-agua-mas-mantem-fiscalizacao\/#primaryimage"},"thumbnailUrl":"https:\/\/revistaregional.com.br\/site\/wp-content\/uploads\/2020\/12\/app-agua-itu.jpg","datePublished":"2020-12-21T15:04:39+00:00","dateModified":"2024-01-26T13:15:33+00:00","author":{"@id":"https:\/\/revistaregional.com.br\/site\/#\/schema\/person\/382af97c580dc1b18f55107bc316010d"},"breadcrumb":{"@id":"https:\/\/revistaregional.com.br\/site\/2020\/12\/21\/itu-suspende-rodizio-de-agua-mas-mantem-fiscalizacao\/#breadcrumb"},"inLanguage":"pt-BR","potentialAction":[{"@type":"ReadAction","target":["https:\/\/revistaregional.com.br\/site\/2020\/12\/21\/itu-suspende-rodizio-de-agua-mas-mantem-fiscalizacao\/"]}]},{"@type":"ImageObject","inLanguage":"pt-BR","@id":"https:\/\/revistaregional.com.br\/site\/2020\/12\/21\/itu-suspende-rodizio-de-agua-mas-mantem-fiscalizacao\/#primaryimage","url":"https:\/\/revistaregional.com.br\/site\/wp-content\/uploads\/2020\/12\/app-agua-itu.jpg","contentUrl":"https:\/\/revistaregional.com.br\/site\/wp-content\/uploads\/2020\/12\/app-agua-itu.jpg","width":950,"height":500,"caption":"\u00c1guas voltam \u00e0s torneiras de Itu"},{"@type":"BreadcrumbList","@id":"https:\/\/revistaregional.com.br\/site\/2020\/12\/21\/itu-suspende-rodizio-de-agua-mas-mantem-fiscalizacao\/#breadcrumb","itemListElement":[{"@type":"ListItem","position":1,"name":"In\u00edcio","item":"https:\/\/revistaregional.com.br\/site\/"},{"@type":"ListItem","position":2,"name":"Itu suspende rod\u00edzio de \u00e1gua, mas mant\u00e9m fiscaliza\u00e7\u00e3o"}]},{"@type":"WebSite","@id":"https:\/\/revistaregional.com.br\/site\/#website","url":"https:\/\/revistaregional.com.br\/site\/","name":"Revista Regional","description":"Salto - Itu - Indaituba","potentialAction":[{"@type":"SearchAction","target":{"@type":"EntryPoint","urlTemplate":"https:\/\/revistaregional.com.br\/site\/?s={search_term_string}"},"query-input":{"@type":"PropertyValueSpecification","valueRequired":true,"valueName":"search_term_string"}}],"inLanguage":"pt-BR"},{"@type":"Person","@id":"https:\/\/revistaregional.com.br\/site\/#\/schema\/person\/382af97c580dc1b18f55107bc316010d","name":"contato@revistaregional.com.br","image":{"@type":"ImageObject","inLanguage":"pt-BR","@id":"https:\/\/secure.gravatar.com\/avatar\/869822917e96b2e292d5827e4635855396934485e7c4a0af84e9a214e32ca0cd?s=96&d=mm&r=g","url":"https:\/\/secure.gravatar.com\/avatar\/869822917e96b2e292d5827e4635855396934485e7c4a0af84e9a214e32ca0cd?s=96&d=mm&r=g","contentUrl":"https:\/\/secure.gravatar.com\/avatar\/869822917e96b2e292d5827e4635855396934485e7c4a0af84e9a214e32ca0cd?s=96&d=mm&r=g","caption":"contato@revistaregional.com.br"},"url":"https:\/\/revistaregional.com.br\/site\/author\/contato@revistaregional.com.br\/"}]}},"views":67,"_links":{"self":[{"href":"https:\/\/revistaregional.com.br\/site\/wp-json\/wp\/v2\/posts\/24185","targetHints":{"allow":["GET"]}}],"collection":[{"href":"https:\/\/revistaregional.com.br\/site\/wp-json\/wp\/v2\/posts"}],"about":[{"href":"https:\/\/revistaregional.com.br\/site\/wp-json\/wp\/v2\/types\/post"}],"author":[{"embeddable":true,"href":"https:\/\/revistaregional.com.br\/site\/wp-json\/wp\/v2\/users\/1"}],"replies":[{"embeddable":true,"href":"https:\/\/revistaregional.com.br\/site\/wp-json\/wp\/v2\/comments?post=24185"}],"version-history":[{"count":1,"href":"https:\/\/revistaregional.com.br\/site\/wp-json\/wp\/v2\/posts\/24185\/revisions"}],"predecessor-version":[{"id":24187,"href":"https:\/\/revistaregional.com.br\/site\/wp-json\/wp\/v2\/posts\/24185\/revisions\/24187"}],"wp:featuredmedia":[{"embeddable":true,"href":"https:\/\/revistaregional.com.br\/site\/wp-json\/wp\/v2\/media\/24186"}],"wp:attachment":[{"href":"https:\/\/revistaregional.com.br\/site\/wp-json\/wp\/v2\/media?parent=24185"}],"wp:term":[{"taxonomy":"category","embeddable":true,"href":"https:\/\/revistaregional.com.br\/site\/wp-json\/wp\/v2\/categories?post=24185"},{"taxonomy":"post_tag","embeddable":true,"href":"https:\/\/revistaregional.com.br\/site\/wp-json\/wp\/v2\/tags?post=24185"}],"curies":[{"name":"wp","href":"https:\/\/api.w.org\/{rel}","templated":true}]}}