{"id":24179,"date":"2020-12-18T18:02:19","date_gmt":"2020-12-18T21:02:19","guid":{"rendered":"https:\/\/revistaregional.com.br\/site\/?p=24179"},"modified":"2024-01-26T10:15:34","modified_gmt":"2024-01-26T13:15:34","slug":"em-24h-mais-6-mortes-por-covid-em-indaiatuba","status":"publish","type":"post","link":"https:\/\/revistaregional.com.br\/site\/2020\/12\/18\/em-24h-mais-6-mortes-por-covid-em-indaiatuba\/","title":{"rendered":"Em 24h, mais 6 mortes por covid em Indaiatuba"},"content":{"rendered":"<ul>\n<li><strong><em>Mais uma vez Indaiatuba registrou um alto n\u00famero de mortes di\u00e1rias por covid: 6 nas \u00faltimas 24 horas; <\/em><\/strong><\/li>\n<li><strong><em>Prefeitura de Indaiatuba intensificou fiscaliza\u00e7\u00e3o para coibir aglomera\u00e7\u00f5es em bares e outros estabelecimentos, com 3 autuados e 1 interditado na noite de quinta, 17<\/em><\/strong><\/li>\n<\/ul>\n<figure id=\"attachment_24180\" aria-describedby=\"caption-attachment-24180\" style=\"width: 506px\" class=\"wp-caption aligncenter\"><img fetchpriority=\"high\" decoding=\"async\" class=\"wp-image-24180 \" src=\"https:\/\/revistaregional.com.br\/site\/wp-content\/uploads\/2020\/12\/app-18-dez-300x200.jpg\" alt=\"\" width=\"506\" height=\"337\" data-id=\"24180\" srcset=\"https:\/\/revistaregional.com.br\/site\/wp-content\/uploads\/2020\/12\/app-18-dez-300x200.jpg 300w, https:\/\/revistaregional.com.br\/site\/wp-content\/uploads\/2020\/12\/app-18-dez-1024x683.jpg 1024w, https:\/\/revistaregional.com.br\/site\/wp-content\/uploads\/2020\/12\/app-18-dez-1536x1024.jpg 1536w, https:\/\/revistaregional.com.br\/site\/wp-content\/uploads\/2020\/12\/app-18-dez-150x100.jpg 150w, https:\/\/revistaregional.com.br\/site\/wp-content\/uploads\/2020\/12\/app-18-dez-272x182.jpg 272w, https:\/\/revistaregional.com.br\/site\/wp-content\/uploads\/2020\/12\/app-18-dez.jpg 1800w\" sizes=\"(max-width: 506px) 100vw, 506px\" \/><figcaption id=\"caption-attachment-24180\" class=\"wp-caption-text\">Mais 6 mortes em 24h em Indaiatuba<\/figcaption><\/figure>\n<p>A Secretaria de Sa\u00fade de Indaiatuba informou que nesta sexta-feira, 18 de dezembro, mais 6 \u00f3bitos por covid foram registrados. Quatro deles foram no Haoc (Hospital Augusto de Oliveira Camargo), sendo todos homens, de 45, 51, 74 e 77 anos. As outras 2 mortes ocorreram no Hospital Samaritano, em Campinas, para onde os pacientes de Indaiatuba foram transferidos por falta de vagas nas UTIs locais. As v\u00edtimas foram um homem de 80 anos e uma mulher de 63.<\/p>\n<p>Nas \u00faltimas 24 horas, mais 27 casos positivos foram confirmados na cidade. Desde o in\u00edcio da pandemia, 10.830 pessoas contra\u00edram a doen\u00e7a no munic\u00edpio. Desses, 278 morreram e 10.505 s\u00e3o considerados curados ou est\u00e3o em recupera\u00e7\u00e3o domiciliar. H\u00e1 1.247 suspeitos \u00e0 espera de resultados de testes.<\/p>\n<p>Nesta sexta, 18, h\u00e1 78 internados, dos quais 47 est\u00e3o confirmados para covid-19. Do total, 46 est\u00e3o em leitos cl\u00ednicos e 32 em UTI (Unidade de Terapia Intensiva). A taxa de ocupa\u00e7\u00e3o das UTIs diminuiu nesta sexta, atingindo 83% no Haoc, 70% no Santa Ign\u00eas e 63% nos leitos extras contratados pela Prefeitura em Campinas. J\u00e1 os leitos cl\u00ednicos est\u00e3o 77% ocupados no Haoc e 64% no Santa Ign\u00eas.<\/p>\n<p>Itu confirmou 61 contaminados nas \u00faltimas 24 horas, mas sem registro de mortes pela doen\u00e7a. Segundo a Secretaria Municipal de Sa\u00fade, Itu soma 4.951 casos de covid desde o in\u00edcio da epidemia, sendo que 106 pessoas morreram e 4.690 se recuperaram. H\u00e1 241 suspeitos aguardando resultados de testes, 17 pacientes internados em leito cl\u00ednico e 10 em UTI. A taxa de ocupa\u00e7\u00e3o das UTIs est\u00e1 em 87,5% no Hospital Municipal e 33,33% no Hospital de Campanha.<\/p>\n<p>A Prefeitura de Salto informou que nesta sexta, 18, foram confirmados mais 24 infectados pela covid. Com isso, a cidade soma 4.243 casos confirmados desde o come\u00e7o do surto, sendo que 116 pacientes morreram, 4.033 se recuperaram, 7 seguem internados (sendo 2 em UTI) e 116 est\u00e3o em isolamento domiciliar. H\u00e1 40 suspeitos que aguardam resultados de exames. Destes, 5 est\u00e3o em interna\u00e7\u00e3o cl\u00ednica (1 em UTI). A UTI da rede p\u00fablica est\u00e1 com 50% dos leitos ocupados, j\u00e1 a situa\u00e7\u00e3o da rede privada n\u00e3o foi divulgada.<\/p>\n<p><strong>FISCALIZA\u00c7\u00c3O R\u00cdGIDA<\/strong><\/p>\n<p>A Prefeitura de Indaiatuba, por meio dos Departamentos de Vigil\u00e2ncia Sanit\u00e1ria, Fiscaliza\u00e7\u00e3o, Meio Ambiente e Guarda Civil, promoveu uma a\u00e7\u00e3o de fiscaliza\u00e7\u00e3o na noite de quinta-feira, 17. Dos estabelecimentos visitados, 26 foram orientados, 8 notificados, 1 interditado e 3 autua\u00e7\u00f5es foram emitidas.<\/p>\n<p>O objetivo foi vistoriar se os estabelecimentos estavam trabalhando de acordo com a regras sanit\u00e1rias estabelecidas pelo Plano S\u00e3o Paulo devido \u00e0 pandemia, principalmente evitando aglomera\u00e7\u00f5es.<\/p>\n<p>O governo municipal refor\u00e7a a import\u00e2ncia de seguir as regras de acordo com a fase em que o munic\u00edpio se encontra e pede a colabora\u00e7\u00e3o da popula\u00e7\u00e3o para o uso de m\u00e1scara, higieniza\u00e7\u00e3o constante das m\u00e3os, al\u00e9m de manter o distanciamento, evitando aglomera\u00e7\u00f5es.<\/p>\n<p><strong>DEN\u00daNCIAS<\/strong><\/p>\n<p>Den\u00fancias de aglomera\u00e7\u00f5es e estabelecimentos trabalhando em desconformidade com o Plano S\u00e3o Paulo podem ser feitas atrav\u00e9s das redes sociais da Prefeitura de Indaiatuba, pelo site www.indaiatuba.sp.gov.br, 0800 770 7702, ou 153 da Guarda Civil.<\/p>\n<p>foto: BIRF<\/p>\n","protected":false},"excerpt":{"rendered":"<p>Mais uma vez Indaiatuba registrou um alto n\u00famero de mortes di\u00e1rias por covid: 6 nas \u00faltimas 24 horas; Prefeitura de Indaiatuba intensificou fiscaliza\u00e7\u00e3o para coibir aglomera\u00e7\u00f5es em bares e outros estabelecimentos, com 3 autuados e 1 interditado na noite de quinta, 17 A Secretaria de Sa\u00fade de Indaiatuba informou que nesta sexta-feira, 18 de dezembro, [&hellip;]<\/p>\n","protected":false},"author":1,"featured_media":24180,"comment_status":"closed","ping_status":"closed","sticky":false,"template":"","format":"standard","meta":{"_acf_changed":false,"ngg_post_thumbnail":0,"_joinchat":[],"footnotes":""},"categories":[449,12],"tags":[527],"class_list":["post-24179","post","type-post","status-publish","format-standard","has-post-thumbnail","hentry","category-destaque-lateral","category-regionais","tag-regionais"],"acf":[],"yoast_head":"<!-- This site is optimized with the Yoast SEO plugin v27.4 - https:\/\/yoast.com\/product\/yoast-seo-wordpress\/ -->\n<title>Em 24h, mais 6 mortes por covid em Indaiatuba - Revista Regional<\/title>\n<meta name=\"robots\" content=\"index, follow, max-snippet:-1, max-image-preview:large, max-video-preview:-1\" \/>\n<link rel=\"canonical\" href=\"https:\/\/revistaregional.com.br\/site\/2020\/12\/18\/em-24h-mais-6-mortes-por-covid-em-indaiatuba\/\" \/>\n<meta property=\"og:locale\" content=\"pt_BR\" \/>\n<meta property=\"og:type\" content=\"article\" \/>\n<meta property=\"og:title\" content=\"Em 24h, mais 6 mortes por covid em Indaiatuba - Revista Regional\" \/>\n<meta property=\"og:description\" content=\"Mais uma vez Indaiatuba registrou um alto n\u00famero de mortes di\u00e1rias por covid: 6 nas \u00faltimas 24 horas; Prefeitura de Indaiatuba intensificou fiscaliza\u00e7\u00e3o para coibir aglomera\u00e7\u00f5es em bares e outros estabelecimentos, com 3 autuados e 1 interditado na noite de quinta, 17 A Secretaria de Sa\u00fade de Indaiatuba informou que nesta sexta-feira, 18 de dezembro, [&hellip;]\" \/>\n<meta property=\"og:url\" content=\"https:\/\/revistaregional.com.br\/site\/2020\/12\/18\/em-24h-mais-6-mortes-por-covid-em-indaiatuba\/\" \/>\n<meta property=\"og:site_name\" content=\"Revista Regional\" \/>\n<meta property=\"article:published_time\" content=\"2020-12-18T21:02:19+00:00\" \/>\n<meta property=\"article:modified_time\" content=\"2024-01-26T13:15:34+00:00\" \/>\n<meta property=\"og:image\" content=\"https:\/\/revistaregional.com.br\/site\/wp-content\/uploads\/2020\/12\/app-18-dez.jpg\" \/>\n\t<meta property=\"og:image:width\" content=\"1800\" \/>\n\t<meta property=\"og:image:height\" content=\"1200\" \/>\n\t<meta property=\"og:image:type\" content=\"image\/jpeg\" \/>\n<meta name=\"author\" content=\"contato@revistaregional.com.br\" \/>\n<meta name=\"twitter:card\" content=\"summary_large_image\" \/>\n<meta name=\"twitter:label1\" content=\"Escrito por\" \/>\n\t<meta name=\"twitter:data1\" content=\"contato@revistaregional.com.br\" \/>\n\t<meta name=\"twitter:label2\" content=\"Est. tempo de leitura\" \/>\n\t<meta name=\"twitter:data2\" content=\"3 minutos\" \/>\n<script type=\"application\/ld+json\" class=\"yoast-schema-graph\">{\"@context\":\"https:\\\/\\\/schema.org\",\"@graph\":[{\"@type\":\"Article\",\"@id\":\"https:\\\/\\\/revistaregional.com.br\\\/site\\\/2020\\\/12\\\/18\\\/em-24h-mais-6-mortes-por-covid-em-indaiatuba\\\/#article\",\"isPartOf\":{\"@id\":\"https:\\\/\\\/revistaregional.com.br\\\/site\\\/2020\\\/12\\\/18\\\/em-24h-mais-6-mortes-por-covid-em-indaiatuba\\\/\"},\"author\":{\"name\":\"contato@revistaregional.com.br\",\"@id\":\"https:\\\/\\\/revistaregional.com.br\\\/site\\\/#\\\/schema\\\/person\\\/382af97c580dc1b18f55107bc316010d\"},\"headline\":\"Em 24h, mais 6 mortes por covid em Indaiatuba\",\"datePublished\":\"2020-12-18T21:02:19+00:00\",\"dateModified\":\"2024-01-26T13:15:34+00:00\",\"mainEntityOfPage\":{\"@id\":\"https:\\\/\\\/revistaregional.com.br\\\/site\\\/2020\\\/12\\\/18\\\/em-24h-mais-6-mortes-por-covid-em-indaiatuba\\\/\"},\"wordCount\":571,\"image\":{\"@id\":\"https:\\\/\\\/revistaregional.com.br\\\/site\\\/2020\\\/12\\\/18\\\/em-24h-mais-6-mortes-por-covid-em-indaiatuba\\\/#primaryimage\"},\"thumbnailUrl\":\"https:\\\/\\\/revistaregional.com.br\\\/site\\\/wp-content\\\/uploads\\\/2020\\\/12\\\/app-18-dez.jpg\",\"keywords\":[\"Regionais\"],\"articleSection\":[\"Destaque Lateral\",\"Regionais\"],\"inLanguage\":\"pt-BR\"},{\"@type\":\"WebPage\",\"@id\":\"https:\\\/\\\/revistaregional.com.br\\\/site\\\/2020\\\/12\\\/18\\\/em-24h-mais-6-mortes-por-covid-em-indaiatuba\\\/\",\"url\":\"https:\\\/\\\/revistaregional.com.br\\\/site\\\/2020\\\/12\\\/18\\\/em-24h-mais-6-mortes-por-covid-em-indaiatuba\\\/\",\"name\":\"Em 24h, mais 6 mortes por covid em Indaiatuba - Revista Regional\",\"isPartOf\":{\"@id\":\"https:\\\/\\\/revistaregional.com.br\\\/site\\\/#website\"},\"primaryImageOfPage\":{\"@id\":\"https:\\\/\\\/revistaregional.com.br\\\/site\\\/2020\\\/12\\\/18\\\/em-24h-mais-6-mortes-por-covid-em-indaiatuba\\\/#primaryimage\"},\"image\":{\"@id\":\"https:\\\/\\\/revistaregional.com.br\\\/site\\\/2020\\\/12\\\/18\\\/em-24h-mais-6-mortes-por-covid-em-indaiatuba\\\/#primaryimage\"},\"thumbnailUrl\":\"https:\\\/\\\/revistaregional.com.br\\\/site\\\/wp-content\\\/uploads\\\/2020\\\/12\\\/app-18-dez.jpg\",\"datePublished\":\"2020-12-18T21:02:19+00:00\",\"dateModified\":\"2024-01-26T13:15:34+00:00\",\"author\":{\"@id\":\"https:\\\/\\\/revistaregional.com.br\\\/site\\\/#\\\/schema\\\/person\\\/382af97c580dc1b18f55107bc316010d\"},\"breadcrumb\":{\"@id\":\"https:\\\/\\\/revistaregional.com.br\\\/site\\\/2020\\\/12\\\/18\\\/em-24h-mais-6-mortes-por-covid-em-indaiatuba\\\/#breadcrumb\"},\"inLanguage\":\"pt-BR\",\"potentialAction\":[{\"@type\":\"ReadAction\",\"target\":[\"https:\\\/\\\/revistaregional.com.br\\\/site\\\/2020\\\/12\\\/18\\\/em-24h-mais-6-mortes-por-covid-em-indaiatuba\\\/\"]}]},{\"@type\":\"ImageObject\",\"inLanguage\":\"pt-BR\",\"@id\":\"https:\\\/\\\/revistaregional.com.br\\\/site\\\/2020\\\/12\\\/18\\\/em-24h-mais-6-mortes-por-covid-em-indaiatuba\\\/#primaryimage\",\"url\":\"https:\\\/\\\/revistaregional.com.br\\\/site\\\/wp-content\\\/uploads\\\/2020\\\/12\\\/app-18-dez.jpg\",\"contentUrl\":\"https:\\\/\\\/revistaregional.com.br\\\/site\\\/wp-content\\\/uploads\\\/2020\\\/12\\\/app-18-dez.jpg\",\"width\":1800,\"height\":1200},{\"@type\":\"BreadcrumbList\",\"@id\":\"https:\\\/\\\/revistaregional.com.br\\\/site\\\/2020\\\/12\\\/18\\\/em-24h-mais-6-mortes-por-covid-em-indaiatuba\\\/#breadcrumb\",\"itemListElement\":[{\"@type\":\"ListItem\",\"position\":1,\"name\":\"In\u00edcio\",\"item\":\"https:\\\/\\\/revistaregional.com.br\\\/site\\\/\"},{\"@type\":\"ListItem\",\"position\":2,\"name\":\"Em 24h, mais 6 mortes por covid em Indaiatuba\"}]},{\"@type\":\"WebSite\",\"@id\":\"https:\\\/\\\/revistaregional.com.br\\\/site\\\/#website\",\"url\":\"https:\\\/\\\/revistaregional.com.br\\\/site\\\/\",\"name\":\"Revista Regional\",\"description\":\"Salto - Itu - Indaituba\",\"potentialAction\":[{\"@type\":\"SearchAction\",\"target\":{\"@type\":\"EntryPoint\",\"urlTemplate\":\"https:\\\/\\\/revistaregional.com.br\\\/site\\\/?s={search_term_string}\"},\"query-input\":{\"@type\":\"PropertyValueSpecification\",\"valueRequired\":true,\"valueName\":\"search_term_string\"}}],\"inLanguage\":\"pt-BR\"},{\"@type\":\"Person\",\"@id\":\"https:\\\/\\\/revistaregional.com.br\\\/site\\\/#\\\/schema\\\/person\\\/382af97c580dc1b18f55107bc316010d\",\"name\":\"contato@revistaregional.com.br\",\"image\":{\"@type\":\"ImageObject\",\"inLanguage\":\"pt-BR\",\"@id\":\"https:\\\/\\\/secure.gravatar.com\\\/avatar\\\/869822917e96b2e292d5827e4635855396934485e7c4a0af84e9a214e32ca0cd?s=96&d=mm&r=g\",\"url\":\"https:\\\/\\\/secure.gravatar.com\\\/avatar\\\/869822917e96b2e292d5827e4635855396934485e7c4a0af84e9a214e32ca0cd?s=96&d=mm&r=g\",\"contentUrl\":\"https:\\\/\\\/secure.gravatar.com\\\/avatar\\\/869822917e96b2e292d5827e4635855396934485e7c4a0af84e9a214e32ca0cd?s=96&d=mm&r=g\",\"caption\":\"contato@revistaregional.com.br\"},\"url\":\"https:\\\/\\\/revistaregional.com.br\\\/site\\\/author\\\/contato@revistaregional.com.br\\\/\"}]}<\/script>\n<!-- \/ Yoast SEO plugin. -->","yoast_head_json":{"title":"Em 24h, mais 6 mortes por covid em Indaiatuba - Revista Regional","robots":{"index":"index","follow":"follow","max-snippet":"max-snippet:-1","max-image-preview":"max-image-preview:large","max-video-preview":"max-video-preview:-1"},"canonical":"https:\/\/revistaregional.com.br\/site\/2020\/12\/18\/em-24h-mais-6-mortes-por-covid-em-indaiatuba\/","og_locale":"pt_BR","og_type":"article","og_title":"Em 24h, mais 6 mortes por covid em Indaiatuba - Revista Regional","og_description":"Mais uma vez Indaiatuba registrou um alto n\u00famero de mortes di\u00e1rias por covid: 6 nas \u00faltimas 24 horas; Prefeitura de Indaiatuba intensificou fiscaliza\u00e7\u00e3o para coibir aglomera\u00e7\u00f5es em bares e outros estabelecimentos, com 3 autuados e 1 interditado na noite de quinta, 17 A Secretaria de Sa\u00fade de Indaiatuba informou que nesta sexta-feira, 18 de dezembro, [&hellip;]","og_url":"https:\/\/revistaregional.com.br\/site\/2020\/12\/18\/em-24h-mais-6-mortes-por-covid-em-indaiatuba\/","og_site_name":"Revista Regional","article_published_time":"2020-12-18T21:02:19+00:00","article_modified_time":"2024-01-26T13:15:34+00:00","og_image":[{"width":1800,"height":1200,"url":"https:\/\/revistaregional.com.br\/site\/wp-content\/uploads\/2020\/12\/app-18-dez.jpg","type":"image\/jpeg"}],"author":"contato@revistaregional.com.br","twitter_card":"summary_large_image","twitter_misc":{"Escrito por":"contato@revistaregional.com.br","Est. tempo de leitura":"3 minutos"},"schema":{"@context":"https:\/\/schema.org","@graph":[{"@type":"Article","@id":"https:\/\/revistaregional.com.br\/site\/2020\/12\/18\/em-24h-mais-6-mortes-por-covid-em-indaiatuba\/#article","isPartOf":{"@id":"https:\/\/revistaregional.com.br\/site\/2020\/12\/18\/em-24h-mais-6-mortes-por-covid-em-indaiatuba\/"},"author":{"name":"contato@revistaregional.com.br","@id":"https:\/\/revistaregional.com.br\/site\/#\/schema\/person\/382af97c580dc1b18f55107bc316010d"},"headline":"Em 24h, mais 6 mortes por covid em Indaiatuba","datePublished":"2020-12-18T21:02:19+00:00","dateModified":"2024-01-26T13:15:34+00:00","mainEntityOfPage":{"@id":"https:\/\/revistaregional.com.br\/site\/2020\/12\/18\/em-24h-mais-6-mortes-por-covid-em-indaiatuba\/"},"wordCount":571,"image":{"@id":"https:\/\/revistaregional.com.br\/site\/2020\/12\/18\/em-24h-mais-6-mortes-por-covid-em-indaiatuba\/#primaryimage"},"thumbnailUrl":"https:\/\/revistaregional.com.br\/site\/wp-content\/uploads\/2020\/12\/app-18-dez.jpg","keywords":["Regionais"],"articleSection":["Destaque Lateral","Regionais"],"inLanguage":"pt-BR"},{"@type":"WebPage","@id":"https:\/\/revistaregional.com.br\/site\/2020\/12\/18\/em-24h-mais-6-mortes-por-covid-em-indaiatuba\/","url":"https:\/\/revistaregional.com.br\/site\/2020\/12\/18\/em-24h-mais-6-mortes-por-covid-em-indaiatuba\/","name":"Em 24h, mais 6 mortes por covid em Indaiatuba - Revista Regional","isPartOf":{"@id":"https:\/\/revistaregional.com.br\/site\/#website"},"primaryImageOfPage":{"@id":"https:\/\/revistaregional.com.br\/site\/2020\/12\/18\/em-24h-mais-6-mortes-por-covid-em-indaiatuba\/#primaryimage"},"image":{"@id":"https:\/\/revistaregional.com.br\/site\/2020\/12\/18\/em-24h-mais-6-mortes-por-covid-em-indaiatuba\/#primaryimage"},"thumbnailUrl":"https:\/\/revistaregional.com.br\/site\/wp-content\/uploads\/2020\/12\/app-18-dez.jpg","datePublished":"2020-12-18T21:02:19+00:00","dateModified":"2024-01-26T13:15:34+00:00","author":{"@id":"https:\/\/revistaregional.com.br\/site\/#\/schema\/person\/382af97c580dc1b18f55107bc316010d"},"breadcrumb":{"@id":"https:\/\/revistaregional.com.br\/site\/2020\/12\/18\/em-24h-mais-6-mortes-por-covid-em-indaiatuba\/#breadcrumb"},"inLanguage":"pt-BR","potentialAction":[{"@type":"ReadAction","target":["https:\/\/revistaregional.com.br\/site\/2020\/12\/18\/em-24h-mais-6-mortes-por-covid-em-indaiatuba\/"]}]},{"@type":"ImageObject","inLanguage":"pt-BR","@id":"https:\/\/revistaregional.com.br\/site\/2020\/12\/18\/em-24h-mais-6-mortes-por-covid-em-indaiatuba\/#primaryimage","url":"https:\/\/revistaregional.com.br\/site\/wp-content\/uploads\/2020\/12\/app-18-dez.jpg","contentUrl":"https:\/\/revistaregional.com.br\/site\/wp-content\/uploads\/2020\/12\/app-18-dez.jpg","width":1800,"height":1200},{"@type":"BreadcrumbList","@id":"https:\/\/revistaregional.com.br\/site\/2020\/12\/18\/em-24h-mais-6-mortes-por-covid-em-indaiatuba\/#breadcrumb","itemListElement":[{"@type":"ListItem","position":1,"name":"In\u00edcio","item":"https:\/\/revistaregional.com.br\/site\/"},{"@type":"ListItem","position":2,"name":"Em 24h, mais 6 mortes por covid em Indaiatuba"}]},{"@type":"WebSite","@id":"https:\/\/revistaregional.com.br\/site\/#website","url":"https:\/\/revistaregional.com.br\/site\/","name":"Revista Regional","description":"Salto - Itu - Indaituba","potentialAction":[{"@type":"SearchAction","target":{"@type":"EntryPoint","urlTemplate":"https:\/\/revistaregional.com.br\/site\/?s={search_term_string}"},"query-input":{"@type":"PropertyValueSpecification","valueRequired":true,"valueName":"search_term_string"}}],"inLanguage":"pt-BR"},{"@type":"Person","@id":"https:\/\/revistaregional.com.br\/site\/#\/schema\/person\/382af97c580dc1b18f55107bc316010d","name":"contato@revistaregional.com.br","image":{"@type":"ImageObject","inLanguage":"pt-BR","@id":"https:\/\/secure.gravatar.com\/avatar\/869822917e96b2e292d5827e4635855396934485e7c4a0af84e9a214e32ca0cd?s=96&d=mm&r=g","url":"https:\/\/secure.gravatar.com\/avatar\/869822917e96b2e292d5827e4635855396934485e7c4a0af84e9a214e32ca0cd?s=96&d=mm&r=g","contentUrl":"https:\/\/secure.gravatar.com\/avatar\/869822917e96b2e292d5827e4635855396934485e7c4a0af84e9a214e32ca0cd?s=96&d=mm&r=g","caption":"contato@revistaregional.com.br"},"url":"https:\/\/revistaregional.com.br\/site\/author\/contato@revistaregional.com.br\/"}]}},"views":62,"_links":{"self":[{"href":"https:\/\/revistaregional.com.br\/site\/wp-json\/wp\/v2\/posts\/24179","targetHints":{"allow":["GET"]}}],"collection":[{"href":"https:\/\/revistaregional.com.br\/site\/wp-json\/wp\/v2\/posts"}],"about":[{"href":"https:\/\/revistaregional.com.br\/site\/wp-json\/wp\/v2\/types\/post"}],"author":[{"embeddable":true,"href":"https:\/\/revistaregional.com.br\/site\/wp-json\/wp\/v2\/users\/1"}],"replies":[{"embeddable":true,"href":"https:\/\/revistaregional.com.br\/site\/wp-json\/wp\/v2\/comments?post=24179"}],"version-history":[{"count":2,"href":"https:\/\/revistaregional.com.br\/site\/wp-json\/wp\/v2\/posts\/24179\/revisions"}],"predecessor-version":[{"id":24184,"href":"https:\/\/revistaregional.com.br\/site\/wp-json\/wp\/v2\/posts\/24179\/revisions\/24184"}],"wp:featuredmedia":[{"embeddable":true,"href":"https:\/\/revistaregional.com.br\/site\/wp-json\/wp\/v2\/media\/24180"}],"wp:attachment":[{"href":"https:\/\/revistaregional.com.br\/site\/wp-json\/wp\/v2\/media?parent=24179"}],"wp:term":[{"taxonomy":"category","embeddable":true,"href":"https:\/\/revistaregional.com.br\/site\/wp-json\/wp\/v2\/categories?post=24179"},{"taxonomy":"post_tag","embeddable":true,"href":"https:\/\/revistaregional.com.br\/site\/wp-json\/wp\/v2\/tags?post=24179"}],"curies":[{"name":"wp","href":"https:\/\/api.w.org\/{rel}","templated":true}]}}