{"id":24087,"date":"2020-12-09T17:43:15","date_gmt":"2020-12-09T20:43:15","guid":{"rendered":"https:\/\/revistaregional.com.br\/site\/?p=24087"},"modified":"2024-01-26T10:15:41","modified_gmt":"2024-01-26T13:15:41","slug":"indaiatuba-atinge-10-mil-casos-de-covid-mais-2-mortes-registradas-em-24h","status":"publish","type":"post","link":"https:\/\/revistaregional.com.br\/site\/2020\/12\/09\/indaiatuba-atinge-10-mil-casos-de-covid-mais-2-mortes-registradas-em-24h\/","title":{"rendered":"Indaiatuba atinge 10 mil casos de covid; Mais 2 mortes registradas em 24h"},"content":{"rendered":"<ul>\n<li><strong><em>Cidade \u00e9 a mais atingida da \u00e1rea de cobertura da Revista Regional, com 10.036 casos desde o in\u00edcio da pandemia e 262 mortes; <\/em><\/strong><\/li>\n<li><strong><em>UTI da rede privada continua lotada em Indaiatuba; <\/em><\/strong><\/li>\n<li><strong><em>Leitos externos contratados pela Prefeitura est\u00e3o com 75% de ocupa\u00e7\u00e3o; <\/em><\/strong><\/li>\n<li><strong><em>Veja atualiza\u00e7\u00e3o da pandemia tamb\u00e9m em Itu e Salto nesta quarta-feira, 09 de dezembro<\/em><\/strong><\/li>\n<\/ul>\n<figure id=\"attachment_24088\" aria-describedby=\"caption-attachment-24088\" style=\"width: 471px\" class=\"wp-caption aligncenter\"><img fetchpriority=\"high\" decoding=\"async\" class=\"wp-image-24088 \" src=\"https:\/\/revistaregional.com.br\/site\/wp-content\/uploads\/2020\/12\/app-09-dez-300x225.jpg\" alt=\"\" width=\"471\" height=\"353\" data-id=\"24088\" srcset=\"https:\/\/revistaregional.com.br\/site\/wp-content\/uploads\/2020\/12\/app-09-dez-300x225.jpg 300w, https:\/\/revistaregional.com.br\/site\/wp-content\/uploads\/2020\/12\/app-09-dez-150x113.jpg 150w, https:\/\/revistaregional.com.br\/site\/wp-content\/uploads\/2020\/12\/app-09-dez-413x311.jpg 413w, https:\/\/revistaregional.com.br\/site\/wp-content\/uploads\/2020\/12\/app-09-dez.jpg 540w\" sizes=\"(max-width: 471px) 100vw, 471px\" \/><figcaption id=\"caption-attachment-24088\" class=\"wp-caption-text\">Novos casos e mais 2 mortes na regi\u00e3o<\/figcaption><\/figure>\n<p>A Secretaria de Sa\u00fade de Indaiatuba informou que a cidade atingiu, nesta quarta-feira, 09 de dezembro, 10 mil casos de covid, registrados desde o in\u00edcio da pandemia, em mar\u00e7o.<\/p>\n<p>Nas \u00faltimas 24 horas, mais 2 \u00f3bitos pela doen\u00e7a foram confirmados pela Vigil\u00e2ncia Epidemiol\u00f3gica. Ambos ocorreram no Haoc (Hospital Augusto de Oliveira Camargo), sendo um homem de 73 anos, internado desde o dia 30 de novembro; e outro de 65, hospitalizado desde 26 de novembro.<\/p>\n<p>No mesmo per\u00edodo, 65 novos infectados foram confirmados em Indaiatuba. Desde o in\u00edcio da pandemia, 10.036 pessoas contra\u00edram a doen\u00e7a no munic\u00edpio. Desses, 261 morreram e 9.733 s\u00e3o considerados curados ou est\u00e3o em recupera\u00e7\u00e3o domiciliar. H\u00e1 987 casos suspeitos que aguardam resultados de exames, 69 pacientes internados, dos quais 42 est\u00e3o confirmados para covid. Desse total, 43 est\u00e3o em leitos cl\u00ednicos e 26 em UTI (Unidade de Terapia Intensiva).<\/p>\n<p>Na rede privada, a UTI continua lotada no Hospital Santa Ign\u00eas. J\u00e1 no Haoc, que atende pacientes do SUS, a taxa de ocupa\u00e7\u00e3o est\u00e1 em 75% nesta quarta. Os leitos externos contratados pela Prefeitura em hospitais de Campinas, para receber doentes de Indaiatuba, est\u00e3o com 75% de ocupa\u00e7\u00e3o.<\/p>\n<p>Em Itu, n\u00e3o houve mortes confirmadas pela doen\u00e7a e foram registrados, segundo a Secretaria Municipal de Sa\u00fade, 69 novos casos. Desde mar\u00e7o, quando come\u00e7ou a pandemia, foram notificados 4.498 casos positivos de covid, sendo que 108 pacientes morreram e 4.272 se recuperaram. H\u00e1 215 suspeitos \u00e0 espera de resultados de testes, 17 pacientes internados em leito cl\u00ednico e 8 em UTI. A taxa de ocupa\u00e7\u00e3o das UTIs est\u00e1 em 87,5% no Hospital Municipal e 33,33% no Hospital de Campanha.<\/p>\n<p>Em Salto, nas \u00faltimas 24 horas, forma confirmados mais 28 contaminados pelo coronav\u00edrus. Conforme boletim da Prefeitura, a cidade soma 4.019 casos confirmados de covid-19, sendo que 82 pacientes morreram, 3.832 evolu\u00edram para cura, 9 seguem internados (sendo 5 em UTI) e 96 est\u00e3o em isolamento domiciliar.<\/p>\n<p>H\u00e1 24 casos suspeitos que aguardam resultados. Destes, 2 est\u00e3o em interna\u00e7\u00e3o cl\u00ednica. A taxa de ocupa\u00e7\u00e3o da UTI do Hospital Municipal est\u00e1 em 67% nesta quarta-feira; j\u00e1 a situa\u00e7\u00e3o da UTI da rede privada n\u00e3o \u00e9 divulgada.<\/p>\n<p>&nbsp;<\/p>\n<p>foto: BIRF<\/p>\n","protected":false},"excerpt":{"rendered":"<p>Cidade \u00e9 a mais atingida da \u00e1rea de cobertura da Revista Regional, com 10.036 casos desde o in\u00edcio da pandemia e 262 mortes; UTI da rede privada continua lotada em Indaiatuba; Leitos externos contratados pela Prefeitura est\u00e3o com 75% de ocupa\u00e7\u00e3o; Veja atualiza\u00e7\u00e3o da pandemia tamb\u00e9m em Itu e Salto nesta quarta-feira, 09 de dezembro [&hellip;]<\/p>\n","protected":false},"author":1,"featured_media":24088,"comment_status":"closed","ping_status":"closed","sticky":false,"template":"","format":"standard","meta":{"_acf_changed":false,"ngg_post_thumbnail":0,"_joinchat":[],"footnotes":""},"categories":[449,12],"tags":[527],"class_list":["post-24087","post","type-post","status-publish","format-standard","has-post-thumbnail","hentry","category-destaque-lateral","category-regionais","tag-regionais"],"acf":[],"yoast_head":"<!-- This site is optimized with the Yoast SEO plugin v27.4 - https:\/\/yoast.com\/product\/yoast-seo-wordpress\/ -->\n<title>Indaiatuba atinge 10 mil casos de covid; Mais 2 mortes registradas em 24h - Revista Regional<\/title>\n<meta name=\"robots\" content=\"index, follow, max-snippet:-1, max-image-preview:large, max-video-preview:-1\" \/>\n<link rel=\"canonical\" href=\"https:\/\/revistaregional.com.br\/site\/2020\/12\/09\/indaiatuba-atinge-10-mil-casos-de-covid-mais-2-mortes-registradas-em-24h\/\" \/>\n<meta property=\"og:locale\" content=\"pt_BR\" \/>\n<meta property=\"og:type\" content=\"article\" \/>\n<meta property=\"og:title\" content=\"Indaiatuba atinge 10 mil casos de covid; Mais 2 mortes registradas em 24h - Revista Regional\" \/>\n<meta property=\"og:description\" content=\"Cidade \u00e9 a mais atingida da \u00e1rea de cobertura da Revista Regional, com 10.036 casos desde o in\u00edcio da pandemia e 262 mortes; UTI da rede privada continua lotada em Indaiatuba; Leitos externos contratados pela Prefeitura est\u00e3o com 75% de ocupa\u00e7\u00e3o; Veja atualiza\u00e7\u00e3o da pandemia tamb\u00e9m em Itu e Salto nesta quarta-feira, 09 de dezembro [&hellip;]\" \/>\n<meta property=\"og:url\" content=\"https:\/\/revistaregional.com.br\/site\/2020\/12\/09\/indaiatuba-atinge-10-mil-casos-de-covid-mais-2-mortes-registradas-em-24h\/\" \/>\n<meta property=\"og:site_name\" content=\"Revista Regional\" \/>\n<meta property=\"article:published_time\" content=\"2020-12-09T20:43:15+00:00\" \/>\n<meta property=\"article:modified_time\" content=\"2024-01-26T13:15:41+00:00\" \/>\n<meta property=\"og:image\" content=\"https:\/\/revistaregional.com.br\/site\/wp-content\/uploads\/2020\/12\/app-09-dez.jpg\" \/>\n\t<meta property=\"og:image:width\" content=\"540\" \/>\n\t<meta property=\"og:image:height\" content=\"405\" \/>\n\t<meta property=\"og:image:type\" content=\"image\/jpeg\" \/>\n<meta name=\"author\" content=\"contato@revistaregional.com.br\" \/>\n<meta name=\"twitter:card\" content=\"summary_large_image\" \/>\n<meta name=\"twitter:label1\" content=\"Escrito por\" \/>\n\t<meta name=\"twitter:data1\" content=\"contato@revistaregional.com.br\" \/>\n\t<meta name=\"twitter:label2\" content=\"Est. tempo de leitura\" \/>\n\t<meta name=\"twitter:data2\" content=\"2 minutos\" \/>\n<script type=\"application\/ld+json\" class=\"yoast-schema-graph\">{\"@context\":\"https:\\\/\\\/schema.org\",\"@graph\":[{\"@type\":\"Article\",\"@id\":\"https:\\\/\\\/revistaregional.com.br\\\/site\\\/2020\\\/12\\\/09\\\/indaiatuba-atinge-10-mil-casos-de-covid-mais-2-mortes-registradas-em-24h\\\/#article\",\"isPartOf\":{\"@id\":\"https:\\\/\\\/revistaregional.com.br\\\/site\\\/2020\\\/12\\\/09\\\/indaiatuba-atinge-10-mil-casos-de-covid-mais-2-mortes-registradas-em-24h\\\/\"},\"author\":{\"name\":\"contato@revistaregional.com.br\",\"@id\":\"https:\\\/\\\/revistaregional.com.br\\\/site\\\/#\\\/schema\\\/person\\\/382af97c580dc1b18f55107bc316010d\"},\"headline\":\"Indaiatuba atinge 10 mil casos de covid; Mais 2 mortes registradas em 24h\",\"datePublished\":\"2020-12-09T20:43:15+00:00\",\"dateModified\":\"2024-01-26T13:15:41+00:00\",\"mainEntityOfPage\":{\"@id\":\"https:\\\/\\\/revistaregional.com.br\\\/site\\\/2020\\\/12\\\/09\\\/indaiatuba-atinge-10-mil-casos-de-covid-mais-2-mortes-registradas-em-24h\\\/\"},\"wordCount\":435,\"image\":{\"@id\":\"https:\\\/\\\/revistaregional.com.br\\\/site\\\/2020\\\/12\\\/09\\\/indaiatuba-atinge-10-mil-casos-de-covid-mais-2-mortes-registradas-em-24h\\\/#primaryimage\"},\"thumbnailUrl\":\"https:\\\/\\\/revistaregional.com.br\\\/site\\\/wp-content\\\/uploads\\\/2020\\\/12\\\/app-09-dez.jpg\",\"keywords\":[\"Regionais\"],\"articleSection\":[\"Destaque Lateral\",\"Regionais\"],\"inLanguage\":\"pt-BR\"},{\"@type\":\"WebPage\",\"@id\":\"https:\\\/\\\/revistaregional.com.br\\\/site\\\/2020\\\/12\\\/09\\\/indaiatuba-atinge-10-mil-casos-de-covid-mais-2-mortes-registradas-em-24h\\\/\",\"url\":\"https:\\\/\\\/revistaregional.com.br\\\/site\\\/2020\\\/12\\\/09\\\/indaiatuba-atinge-10-mil-casos-de-covid-mais-2-mortes-registradas-em-24h\\\/\",\"name\":\"Indaiatuba atinge 10 mil casos de covid; Mais 2 mortes registradas em 24h - Revista Regional\",\"isPartOf\":{\"@id\":\"https:\\\/\\\/revistaregional.com.br\\\/site\\\/#website\"},\"primaryImageOfPage\":{\"@id\":\"https:\\\/\\\/revistaregional.com.br\\\/site\\\/2020\\\/12\\\/09\\\/indaiatuba-atinge-10-mil-casos-de-covid-mais-2-mortes-registradas-em-24h\\\/#primaryimage\"},\"image\":{\"@id\":\"https:\\\/\\\/revistaregional.com.br\\\/site\\\/2020\\\/12\\\/09\\\/indaiatuba-atinge-10-mil-casos-de-covid-mais-2-mortes-registradas-em-24h\\\/#primaryimage\"},\"thumbnailUrl\":\"https:\\\/\\\/revistaregional.com.br\\\/site\\\/wp-content\\\/uploads\\\/2020\\\/12\\\/app-09-dez.jpg\",\"datePublished\":\"2020-12-09T20:43:15+00:00\",\"dateModified\":\"2024-01-26T13:15:41+00:00\",\"author\":{\"@id\":\"https:\\\/\\\/revistaregional.com.br\\\/site\\\/#\\\/schema\\\/person\\\/382af97c580dc1b18f55107bc316010d\"},\"breadcrumb\":{\"@id\":\"https:\\\/\\\/revistaregional.com.br\\\/site\\\/2020\\\/12\\\/09\\\/indaiatuba-atinge-10-mil-casos-de-covid-mais-2-mortes-registradas-em-24h\\\/#breadcrumb\"},\"inLanguage\":\"pt-BR\",\"potentialAction\":[{\"@type\":\"ReadAction\",\"target\":[\"https:\\\/\\\/revistaregional.com.br\\\/site\\\/2020\\\/12\\\/09\\\/indaiatuba-atinge-10-mil-casos-de-covid-mais-2-mortes-registradas-em-24h\\\/\"]}]},{\"@type\":\"ImageObject\",\"inLanguage\":\"pt-BR\",\"@id\":\"https:\\\/\\\/revistaregional.com.br\\\/site\\\/2020\\\/12\\\/09\\\/indaiatuba-atinge-10-mil-casos-de-covid-mais-2-mortes-registradas-em-24h\\\/#primaryimage\",\"url\":\"https:\\\/\\\/revistaregional.com.br\\\/site\\\/wp-content\\\/uploads\\\/2020\\\/12\\\/app-09-dez.jpg\",\"contentUrl\":\"https:\\\/\\\/revistaregional.com.br\\\/site\\\/wp-content\\\/uploads\\\/2020\\\/12\\\/app-09-dez.jpg\",\"width\":540,\"height\":405},{\"@type\":\"BreadcrumbList\",\"@id\":\"https:\\\/\\\/revistaregional.com.br\\\/site\\\/2020\\\/12\\\/09\\\/indaiatuba-atinge-10-mil-casos-de-covid-mais-2-mortes-registradas-em-24h\\\/#breadcrumb\",\"itemListElement\":[{\"@type\":\"ListItem\",\"position\":1,\"name\":\"In\u00edcio\",\"item\":\"https:\\\/\\\/revistaregional.com.br\\\/site\\\/\"},{\"@type\":\"ListItem\",\"position\":2,\"name\":\"Indaiatuba atinge 10 mil casos de covid; Mais 2 mortes registradas em 24h\"}]},{\"@type\":\"WebSite\",\"@id\":\"https:\\\/\\\/revistaregional.com.br\\\/site\\\/#website\",\"url\":\"https:\\\/\\\/revistaregional.com.br\\\/site\\\/\",\"name\":\"Revista Regional\",\"description\":\"Salto - Itu - Indaituba\",\"potentialAction\":[{\"@type\":\"SearchAction\",\"target\":{\"@type\":\"EntryPoint\",\"urlTemplate\":\"https:\\\/\\\/revistaregional.com.br\\\/site\\\/?s={search_term_string}\"},\"query-input\":{\"@type\":\"PropertyValueSpecification\",\"valueRequired\":true,\"valueName\":\"search_term_string\"}}],\"inLanguage\":\"pt-BR\"},{\"@type\":\"Person\",\"@id\":\"https:\\\/\\\/revistaregional.com.br\\\/site\\\/#\\\/schema\\\/person\\\/382af97c580dc1b18f55107bc316010d\",\"name\":\"contato@revistaregional.com.br\",\"image\":{\"@type\":\"ImageObject\",\"inLanguage\":\"pt-BR\",\"@id\":\"https:\\\/\\\/secure.gravatar.com\\\/avatar\\\/869822917e96b2e292d5827e4635855396934485e7c4a0af84e9a214e32ca0cd?s=96&d=mm&r=g\",\"url\":\"https:\\\/\\\/secure.gravatar.com\\\/avatar\\\/869822917e96b2e292d5827e4635855396934485e7c4a0af84e9a214e32ca0cd?s=96&d=mm&r=g\",\"contentUrl\":\"https:\\\/\\\/secure.gravatar.com\\\/avatar\\\/869822917e96b2e292d5827e4635855396934485e7c4a0af84e9a214e32ca0cd?s=96&d=mm&r=g\",\"caption\":\"contato@revistaregional.com.br\"},\"url\":\"https:\\\/\\\/revistaregional.com.br\\\/site\\\/author\\\/contato@revistaregional.com.br\\\/\"}]}<\/script>\n<!-- \/ Yoast SEO plugin. -->","yoast_head_json":{"title":"Indaiatuba atinge 10 mil casos de covid; Mais 2 mortes registradas em 24h - Revista Regional","robots":{"index":"index","follow":"follow","max-snippet":"max-snippet:-1","max-image-preview":"max-image-preview:large","max-video-preview":"max-video-preview:-1"},"canonical":"https:\/\/revistaregional.com.br\/site\/2020\/12\/09\/indaiatuba-atinge-10-mil-casos-de-covid-mais-2-mortes-registradas-em-24h\/","og_locale":"pt_BR","og_type":"article","og_title":"Indaiatuba atinge 10 mil casos de covid; Mais 2 mortes registradas em 24h - Revista Regional","og_description":"Cidade \u00e9 a mais atingida da \u00e1rea de cobertura da Revista Regional, com 10.036 casos desde o in\u00edcio da pandemia e 262 mortes; UTI da rede privada continua lotada em Indaiatuba; Leitos externos contratados pela Prefeitura est\u00e3o com 75% de ocupa\u00e7\u00e3o; Veja atualiza\u00e7\u00e3o da pandemia tamb\u00e9m em Itu e Salto nesta quarta-feira, 09 de dezembro [&hellip;]","og_url":"https:\/\/revistaregional.com.br\/site\/2020\/12\/09\/indaiatuba-atinge-10-mil-casos-de-covid-mais-2-mortes-registradas-em-24h\/","og_site_name":"Revista Regional","article_published_time":"2020-12-09T20:43:15+00:00","article_modified_time":"2024-01-26T13:15:41+00:00","og_image":[{"width":540,"height":405,"url":"https:\/\/revistaregional.com.br\/site\/wp-content\/uploads\/2020\/12\/app-09-dez.jpg","type":"image\/jpeg"}],"author":"contato@revistaregional.com.br","twitter_card":"summary_large_image","twitter_misc":{"Escrito por":"contato@revistaregional.com.br","Est. tempo de leitura":"2 minutos"},"schema":{"@context":"https:\/\/schema.org","@graph":[{"@type":"Article","@id":"https:\/\/revistaregional.com.br\/site\/2020\/12\/09\/indaiatuba-atinge-10-mil-casos-de-covid-mais-2-mortes-registradas-em-24h\/#article","isPartOf":{"@id":"https:\/\/revistaregional.com.br\/site\/2020\/12\/09\/indaiatuba-atinge-10-mil-casos-de-covid-mais-2-mortes-registradas-em-24h\/"},"author":{"name":"contato@revistaregional.com.br","@id":"https:\/\/revistaregional.com.br\/site\/#\/schema\/person\/382af97c580dc1b18f55107bc316010d"},"headline":"Indaiatuba atinge 10 mil casos de covid; Mais 2 mortes registradas em 24h","datePublished":"2020-12-09T20:43:15+00:00","dateModified":"2024-01-26T13:15:41+00:00","mainEntityOfPage":{"@id":"https:\/\/revistaregional.com.br\/site\/2020\/12\/09\/indaiatuba-atinge-10-mil-casos-de-covid-mais-2-mortes-registradas-em-24h\/"},"wordCount":435,"image":{"@id":"https:\/\/revistaregional.com.br\/site\/2020\/12\/09\/indaiatuba-atinge-10-mil-casos-de-covid-mais-2-mortes-registradas-em-24h\/#primaryimage"},"thumbnailUrl":"https:\/\/revistaregional.com.br\/site\/wp-content\/uploads\/2020\/12\/app-09-dez.jpg","keywords":["Regionais"],"articleSection":["Destaque Lateral","Regionais"],"inLanguage":"pt-BR"},{"@type":"WebPage","@id":"https:\/\/revistaregional.com.br\/site\/2020\/12\/09\/indaiatuba-atinge-10-mil-casos-de-covid-mais-2-mortes-registradas-em-24h\/","url":"https:\/\/revistaregional.com.br\/site\/2020\/12\/09\/indaiatuba-atinge-10-mil-casos-de-covid-mais-2-mortes-registradas-em-24h\/","name":"Indaiatuba atinge 10 mil casos de covid; Mais 2 mortes registradas em 24h - Revista Regional","isPartOf":{"@id":"https:\/\/revistaregional.com.br\/site\/#website"},"primaryImageOfPage":{"@id":"https:\/\/revistaregional.com.br\/site\/2020\/12\/09\/indaiatuba-atinge-10-mil-casos-de-covid-mais-2-mortes-registradas-em-24h\/#primaryimage"},"image":{"@id":"https:\/\/revistaregional.com.br\/site\/2020\/12\/09\/indaiatuba-atinge-10-mil-casos-de-covid-mais-2-mortes-registradas-em-24h\/#primaryimage"},"thumbnailUrl":"https:\/\/revistaregional.com.br\/site\/wp-content\/uploads\/2020\/12\/app-09-dez.jpg","datePublished":"2020-12-09T20:43:15+00:00","dateModified":"2024-01-26T13:15:41+00:00","author":{"@id":"https:\/\/revistaregional.com.br\/site\/#\/schema\/person\/382af97c580dc1b18f55107bc316010d"},"breadcrumb":{"@id":"https:\/\/revistaregional.com.br\/site\/2020\/12\/09\/indaiatuba-atinge-10-mil-casos-de-covid-mais-2-mortes-registradas-em-24h\/#breadcrumb"},"inLanguage":"pt-BR","potentialAction":[{"@type":"ReadAction","target":["https:\/\/revistaregional.com.br\/site\/2020\/12\/09\/indaiatuba-atinge-10-mil-casos-de-covid-mais-2-mortes-registradas-em-24h\/"]}]},{"@type":"ImageObject","inLanguage":"pt-BR","@id":"https:\/\/revistaregional.com.br\/site\/2020\/12\/09\/indaiatuba-atinge-10-mil-casos-de-covid-mais-2-mortes-registradas-em-24h\/#primaryimage","url":"https:\/\/revistaregional.com.br\/site\/wp-content\/uploads\/2020\/12\/app-09-dez.jpg","contentUrl":"https:\/\/revistaregional.com.br\/site\/wp-content\/uploads\/2020\/12\/app-09-dez.jpg","width":540,"height":405},{"@type":"BreadcrumbList","@id":"https:\/\/revistaregional.com.br\/site\/2020\/12\/09\/indaiatuba-atinge-10-mil-casos-de-covid-mais-2-mortes-registradas-em-24h\/#breadcrumb","itemListElement":[{"@type":"ListItem","position":1,"name":"In\u00edcio","item":"https:\/\/revistaregional.com.br\/site\/"},{"@type":"ListItem","position":2,"name":"Indaiatuba atinge 10 mil casos de covid; Mais 2 mortes registradas em 24h"}]},{"@type":"WebSite","@id":"https:\/\/revistaregional.com.br\/site\/#website","url":"https:\/\/revistaregional.com.br\/site\/","name":"Revista Regional","description":"Salto - Itu - Indaituba","potentialAction":[{"@type":"SearchAction","target":{"@type":"EntryPoint","urlTemplate":"https:\/\/revistaregional.com.br\/site\/?s={search_term_string}"},"query-input":{"@type":"PropertyValueSpecification","valueRequired":true,"valueName":"search_term_string"}}],"inLanguage":"pt-BR"},{"@type":"Person","@id":"https:\/\/revistaregional.com.br\/site\/#\/schema\/person\/382af97c580dc1b18f55107bc316010d","name":"contato@revistaregional.com.br","image":{"@type":"ImageObject","inLanguage":"pt-BR","@id":"https:\/\/secure.gravatar.com\/avatar\/869822917e96b2e292d5827e4635855396934485e7c4a0af84e9a214e32ca0cd?s=96&d=mm&r=g","url":"https:\/\/secure.gravatar.com\/avatar\/869822917e96b2e292d5827e4635855396934485e7c4a0af84e9a214e32ca0cd?s=96&d=mm&r=g","contentUrl":"https:\/\/secure.gravatar.com\/avatar\/869822917e96b2e292d5827e4635855396934485e7c4a0af84e9a214e32ca0cd?s=96&d=mm&r=g","caption":"contato@revistaregional.com.br"},"url":"https:\/\/revistaregional.com.br\/site\/author\/contato@revistaregional.com.br\/"}]}},"views":65,"_links":{"self":[{"href":"https:\/\/revistaregional.com.br\/site\/wp-json\/wp\/v2\/posts\/24087","targetHints":{"allow":["GET"]}}],"collection":[{"href":"https:\/\/revistaregional.com.br\/site\/wp-json\/wp\/v2\/posts"}],"about":[{"href":"https:\/\/revistaregional.com.br\/site\/wp-json\/wp\/v2\/types\/post"}],"author":[{"embeddable":true,"href":"https:\/\/revistaregional.com.br\/site\/wp-json\/wp\/v2\/users\/1"}],"replies":[{"embeddable":true,"href":"https:\/\/revistaregional.com.br\/site\/wp-json\/wp\/v2\/comments?post=24087"}],"version-history":[{"count":1,"href":"https:\/\/revistaregional.com.br\/site\/wp-json\/wp\/v2\/posts\/24087\/revisions"}],"predecessor-version":[{"id":24089,"href":"https:\/\/revistaregional.com.br\/site\/wp-json\/wp\/v2\/posts\/24087\/revisions\/24089"}],"wp:featuredmedia":[{"embeddable":true,"href":"https:\/\/revistaregional.com.br\/site\/wp-json\/wp\/v2\/media\/24088"}],"wp:attachment":[{"href":"https:\/\/revistaregional.com.br\/site\/wp-json\/wp\/v2\/media?parent=24087"}],"wp:term":[{"taxonomy":"category","embeddable":true,"href":"https:\/\/revistaregional.com.br\/site\/wp-json\/wp\/v2\/categories?post=24087"},{"taxonomy":"post_tag","embeddable":true,"href":"https:\/\/revistaregional.com.br\/site\/wp-json\/wp\/v2\/tags?post=24087"}],"curies":[{"name":"wp","href":"https:\/\/api.w.org\/{rel}","templated":true}]}}