{"id":24014,"date":"2020-12-03T18:00:41","date_gmt":"2020-12-03T21:00:41","guid":{"rendered":"https:\/\/revistaregional.com.br\/site\/?p=24014"},"modified":"2024-01-26T10:15:46","modified_gmt":"2024-01-26T13:15:46","slug":"indaiatuba-tem-mais-2-mortes-por-covid-sp-recebe-1-milhao-de-doses-da-coronavac","status":"publish","type":"post","link":"https:\/\/revistaregional.com.br\/site\/2020\/12\/03\/indaiatuba-tem-mais-2-mortes-por-covid-sp-recebe-1-milhao-de-doses-da-coronavac\/","title":{"rendered":"Indaiatuba tem mais 2 mortes por covid; SP recebe 1 milh\u00e3o de doses da Coronavac"},"content":{"rendered":"<ul>\n<li><strong><em>Indaiatuba continua com alta de casos di\u00e1rios de covid, mais de 1 mil suspeitos testados, UTI lotada e leitos contratados com 63% de ocupa\u00e7\u00e3o;<\/em><\/strong><\/li>\n<li><strong><em> Governo de S\u00e3o Paulo recebeu nesta quinta, dia 03, mais 1 milh\u00e3o de doses da vacina contra a covid; <\/em><\/strong><\/li>\n<li><strong><em>Vacina\u00e7\u00e3o aguarda conclus\u00e3o do estudo e aprova\u00e7\u00e3o da Anvisa<\/em><\/strong><\/li>\n<\/ul>\n<figure id=\"attachment_24015\" aria-describedby=\"caption-attachment-24015\" style=\"width: 530px\" class=\"wp-caption aligncenter\"><img fetchpriority=\"high\" decoding=\"async\" class=\" wp-image-24015\" src=\"https:\/\/revistaregional.com.br\/site\/wp-content\/uploads\/2020\/12\/app-03-dez-300x200.jpg\" alt=\"\" width=\"530\" height=\"353\" data-id=\"24015\" srcset=\"https:\/\/revistaregional.com.br\/site\/wp-content\/uploads\/2020\/12\/app-03-dez-300x200.jpg 300w, https:\/\/revistaregional.com.br\/site\/wp-content\/uploads\/2020\/12\/app-03-dez-150x100.jpg 150w, https:\/\/revistaregional.com.br\/site\/wp-content\/uploads\/2020\/12\/app-03-dez-272x182.jpg 272w, https:\/\/revistaregional.com.br\/site\/wp-content\/uploads\/2020\/12\/app-03-dez.jpg 600w\" sizes=\"(max-width: 530px) 100vw, 530px\" \/><figcaption id=\"caption-attachment-24015\" class=\"wp-caption-text\">Duas mortes e novos casos de covid na regi\u00e3o<\/figcaption><\/figure>\n<p>Cidade mais atingida pela pandemia da covid-19 na regi\u00e3o de cobertura da Revista Regional, Indaiatuba teve nesta quinta-feira, 03 de dezembro, mais 2 \u00f3bitos pela doen\u00e7a. S\u00e3o 253 desde o come\u00e7o da pandemia. Nas \u00faltimas 24 horas, o munic\u00edpio voltou a confirmar um alto n\u00famero de novos casos: 116 positivos e tem ainda 1.054 suspeitos testados \u00e0 espera de resultados.<\/p>\n<p>As duas mortes ocorreram em hospitais locais: uma mulher de 85 anos, que estava internada no Haoc (Hospital Augusto de Oliveira Camargo); e outra de 77, no Hospital Santa Ign\u00eas.<\/p>\n<p>Desde o in\u00edcio da pandemia, 9.452 pessoas contra\u00edram a doen\u00e7a em Indaiatuba. Desses, 9.144 s\u00e3o considerados curados ou est\u00e3o em recupera\u00e7\u00e3o domiciliar. Nesta quinta, h\u00e1 78 internados, dos quais 55 est\u00e3o confirmados para covid-19. Do total, 51 est\u00e3o em leitos cl\u00ednicos e 27 em UTI (Unidade de Terapia Intensiva).<\/p>\n<p>De acordo com o boletim da Vigil\u00e2ncia Epidemiol\u00f3gica, a&nbsp;UTI que atende pacientes do SUS, no Haoc, est\u00e1 com 83% de ocupa\u00e7\u00e3o, ap\u00f3s ficar lotada esta semana. Nesta quinta, \u00e9 a unidade da rede privada, no Santa Ign\u00eas, que apresentou 100%. J\u00e1 os leitos contratados pela Prefeitura em hospitais de Campinas est\u00e3o com 63% de ocupa\u00e7\u00e3o.<\/p>\n<p>Itu n\u00e3o teve mortes por covid nesta quinta-feira e registrou 78 infectados nas \u00faltimas 24 horas. Com isso, a cidade soma 4.227 casos confirmados, 108 \u00f3bitos e 4.022 recuperados, de acordo com a Secretaria de Sa\u00fade. H\u00e1 159 suspeitos aguardando resultados, 14 pacientes internados em leito cl\u00ednico e 5 em UTI. A taxa de ocupa\u00e7\u00e3o das UTIs est\u00e1 em 87,5% no Hospital Municipal e 33,33% no Hospital de Campanha.<\/p>\n<p>Em Salto, foram 27 contaminados nas \u00faltimas 24 horas, segundo boletim divulgado pelo governo local. N\u00e3o houve mortes nesta quinta-feira, 03. A cidade totaliza at\u00e9 agora 3.848 casos confirmados de covid-19, 78 mortes e 3.666 recuperados. H\u00e1 13 pacientes internados (sendo 7 em UTI), 91 em isolamento domiciliar e 33 suspeitos que aguardam resultados. Destes, 11 est\u00e3o em interna\u00e7\u00e3o cl\u00ednica (sendo 1 em UTI) e h\u00e1 3 \u00f3bitos suspeitos de covid. A UTI do Hospital Municipal est\u00e1 com 83% de ocupa\u00e7\u00e3o.<\/p>\n<p><strong>1 MILH\u00c3O DE DOSES DE VACINA<\/strong><\/p>\n<p>O governador Jo\u00e3o Doria acompanhou nesta quinta-feira, 03, a chegada de 600 litros a granel da vacina Coronavac, correspondente a um milh\u00e3o de doses. Com esta remessa j\u00e1 s\u00e3o 1 milh\u00e3o 120 mil doses enviadas pela farmac\u00eautica chinesa Sinovac ao Estado de S\u00e3o Paulo.<\/p>\n<p>Esta \u00e9 a segunda remessa a chegar no pa\u00eds, sendo a primeira de 120 mil doses prontas recebida no dia 19 de novembro. Ao todo ser\u00e3o 46 milh\u00f5es de doses, sendo 6 milh\u00f5es j\u00e1 prontas para aplica\u00e7\u00e3o e 40 milh\u00f5es em forma de mat\u00e9ria-prima para produ\u00e7\u00e3o, envase e rotulagem em f\u00e1brica pr\u00f3pria do Instituto Butantan.<\/p>\n<p>A vacina a granel foi acondicionada em tr\u00eas bags de 200 litros cada, colocados em um equipamento refrigerado a temperaturas de 2 \u00baC a 8 \u00baC. A mat\u00e9ria-prima ser\u00e1 envasada pelo Butantan em frascos multidoses, conforme a configura\u00e7\u00e3o utilizada nas campanhas de vacina\u00e7\u00e3o do Programa Nacional de Imuniza\u00e7\u00f5es (PNI).<\/p>\n<p>O processo de envase desta primeira remessa de insumos deve levar de quatro a sete dias e envolver\u00e1, diretamente, cerca de 40 colaboradores do Butantan. A produ\u00e7\u00e3o ser\u00e1 ininterrupta.<\/p>\n<p>&#8220;Estamos cumprindo mais uma etapa fundamental para disponibilizar a vacina em tempo recorde aos brasileiros. A tecnologia e expertise do Butantan j\u00e1 nos permitem realizar parte do processo produtivo em nossa pr\u00f3pria f\u00e1brica, e estamos trabalhando para muito em breve podermos produzir integralmente a vacina, mediante processo de transfer\u00eancia de tecnologia por parte da Sinovac&#8221;, afirma o diretor do Instituto Butantan, Dimas Tadeu Covas.<\/p>\n<p>As demais remessas chegar\u00e3o no decorrer das pr\u00f3ximas semanas. J\u00e1 a disponibiliza\u00e7\u00e3o para a popula\u00e7\u00e3o ocorrer\u00e1 somente ap\u00f3s a comprova\u00e7\u00e3o da efic\u00e1cia, que dever\u00e1 acontecer ap\u00f3s a conclus\u00e3o da terceira fase dos estudos cl\u00ednicos e posterior aprova\u00e7\u00e3o e registro por parte da Anvisa (Ag\u00eancia Nacional de Vigil\u00e2ncia Sanit\u00e1ria).<\/p>\n<p>O imunizante se encontra na fase final de testes cl\u00ednicos em humanos no Brasil e dever\u00e1 ter os resultados de efic\u00e1cia anunciados na primeira quinzena de dezembro. No momento est\u00e3o sendo analisados 74 volunt\u00e1rios que se infectaram com o coronav\u00edrus. O n\u00famero ultrapassou o m\u00ednimo necess\u00e1rio, de 61 casos, para a abertura dos estudos e an\u00e1lise. Os dados extra\u00eddos desta an\u00e1lise ser\u00e3o enviados pelo Comit\u00ea Internacional Independente para a avalia\u00e7\u00e3o e aprova\u00e7\u00e3o da Anvisa.<\/p>\n<p>O governo do Estado pretende iniciar a vacina\u00e7\u00e3o da popula\u00e7\u00e3o paulista ainda no primeiro bimestre do novo ano, ap\u00f3s a aprova\u00e7\u00e3o da Anvisa.<\/p>\n<p>&nbsp;<\/p>\n<p>foto: BIRF<\/p>\n","protected":false},"excerpt":{"rendered":"<p>Indaiatuba continua com alta de casos di\u00e1rios de covid, mais de 1 mil suspeitos testados, UTI lotada e leitos contratados com 63% de ocupa\u00e7\u00e3o; Governo de S\u00e3o Paulo recebeu nesta quinta, dia 03, mais 1 milh\u00e3o de doses da vacina contra a covid; Vacina\u00e7\u00e3o aguarda conclus\u00e3o do estudo e aprova\u00e7\u00e3o da Anvisa Cidade mais atingida [&hellip;]<\/p>\n","protected":false},"author":1,"featured_media":24015,"comment_status":"closed","ping_status":"closed","sticky":false,"template":"","format":"standard","meta":{"_acf_changed":false,"ngg_post_thumbnail":0,"_joinchat":[],"footnotes":""},"categories":[449,12],"tags":[527],"class_list":["post-24014","post","type-post","status-publish","format-standard","has-post-thumbnail","hentry","category-destaque-lateral","category-regionais","tag-regionais"],"acf":[],"yoast_head":"<!-- This site is optimized with the Yoast SEO plugin v27.4 - https:\/\/yoast.com\/product\/yoast-seo-wordpress\/ -->\n<title>Indaiatuba tem mais 2 mortes por covid; SP recebe 1 milh\u00e3o de doses da Coronavac - Revista Regional<\/title>\n<meta name=\"robots\" content=\"index, follow, max-snippet:-1, max-image-preview:large, max-video-preview:-1\" \/>\n<link rel=\"canonical\" href=\"https:\/\/revistaregional.com.br\/site\/2020\/12\/03\/indaiatuba-tem-mais-2-mortes-por-covid-sp-recebe-1-milhao-de-doses-da-coronavac\/\" \/>\n<meta property=\"og:locale\" content=\"pt_BR\" \/>\n<meta property=\"og:type\" content=\"article\" \/>\n<meta property=\"og:title\" content=\"Indaiatuba tem mais 2 mortes por covid; SP recebe 1 milh\u00e3o de doses da Coronavac - Revista Regional\" \/>\n<meta property=\"og:description\" content=\"Indaiatuba continua com alta de casos di\u00e1rios de covid, mais de 1 mil suspeitos testados, UTI lotada e leitos contratados com 63% de ocupa\u00e7\u00e3o; Governo de S\u00e3o Paulo recebeu nesta quinta, dia 03, mais 1 milh\u00e3o de doses da vacina contra a covid; Vacina\u00e7\u00e3o aguarda conclus\u00e3o do estudo e aprova\u00e7\u00e3o da Anvisa Cidade mais atingida [&hellip;]\" \/>\n<meta property=\"og:url\" content=\"https:\/\/revistaregional.com.br\/site\/2020\/12\/03\/indaiatuba-tem-mais-2-mortes-por-covid-sp-recebe-1-milhao-de-doses-da-coronavac\/\" \/>\n<meta property=\"og:site_name\" content=\"Revista Regional\" \/>\n<meta property=\"article:published_time\" content=\"2020-12-03T21:00:41+00:00\" \/>\n<meta property=\"article:modified_time\" content=\"2024-01-26T13:15:46+00:00\" \/>\n<meta property=\"og:image\" content=\"https:\/\/revistaregional.com.br\/site\/wp-content\/uploads\/2020\/12\/app-03-dez.jpg\" \/>\n\t<meta property=\"og:image:width\" content=\"600\" \/>\n\t<meta property=\"og:image:height\" content=\"400\" \/>\n\t<meta property=\"og:image:type\" content=\"image\/jpeg\" \/>\n<meta name=\"author\" content=\"contato@revistaregional.com.br\" \/>\n<meta name=\"twitter:card\" content=\"summary_large_image\" \/>\n<meta name=\"twitter:label1\" content=\"Escrito por\" \/>\n\t<meta name=\"twitter:data1\" content=\"contato@revistaregional.com.br\" \/>\n\t<meta name=\"twitter:label2\" content=\"Est. tempo de leitura\" \/>\n\t<meta name=\"twitter:data2\" content=\"4 minutos\" \/>\n<script type=\"application\/ld+json\" class=\"yoast-schema-graph\">{\"@context\":\"https:\\\/\\\/schema.org\",\"@graph\":[{\"@type\":\"Article\",\"@id\":\"https:\\\/\\\/revistaregional.com.br\\\/site\\\/2020\\\/12\\\/03\\\/indaiatuba-tem-mais-2-mortes-por-covid-sp-recebe-1-milhao-de-doses-da-coronavac\\\/#article\",\"isPartOf\":{\"@id\":\"https:\\\/\\\/revistaregional.com.br\\\/site\\\/2020\\\/12\\\/03\\\/indaiatuba-tem-mais-2-mortes-por-covid-sp-recebe-1-milhao-de-doses-da-coronavac\\\/\"},\"author\":{\"name\":\"contato@revistaregional.com.br\",\"@id\":\"https:\\\/\\\/revistaregional.com.br\\\/site\\\/#\\\/schema\\\/person\\\/382af97c580dc1b18f55107bc316010d\"},\"headline\":\"Indaiatuba tem mais 2 mortes por covid; SP recebe 1 milh\u00e3o de doses da Coronavac\",\"datePublished\":\"2020-12-03T21:00:41+00:00\",\"dateModified\":\"2024-01-26T13:15:46+00:00\",\"mainEntityOfPage\":{\"@id\":\"https:\\\/\\\/revistaregional.com.br\\\/site\\\/2020\\\/12\\\/03\\\/indaiatuba-tem-mais-2-mortes-por-covid-sp-recebe-1-milhao-de-doses-da-coronavac\\\/\"},\"wordCount\":857,\"image\":{\"@id\":\"https:\\\/\\\/revistaregional.com.br\\\/site\\\/2020\\\/12\\\/03\\\/indaiatuba-tem-mais-2-mortes-por-covid-sp-recebe-1-milhao-de-doses-da-coronavac\\\/#primaryimage\"},\"thumbnailUrl\":\"https:\\\/\\\/revistaregional.com.br\\\/site\\\/wp-content\\\/uploads\\\/2020\\\/12\\\/app-03-dez.jpg\",\"keywords\":[\"Regionais\"],\"articleSection\":[\"Destaque Lateral\",\"Regionais\"],\"inLanguage\":\"pt-BR\"},{\"@type\":\"WebPage\",\"@id\":\"https:\\\/\\\/revistaregional.com.br\\\/site\\\/2020\\\/12\\\/03\\\/indaiatuba-tem-mais-2-mortes-por-covid-sp-recebe-1-milhao-de-doses-da-coronavac\\\/\",\"url\":\"https:\\\/\\\/revistaregional.com.br\\\/site\\\/2020\\\/12\\\/03\\\/indaiatuba-tem-mais-2-mortes-por-covid-sp-recebe-1-milhao-de-doses-da-coronavac\\\/\",\"name\":\"Indaiatuba tem mais 2 mortes por covid; SP recebe 1 milh\u00e3o de doses da Coronavac - Revista Regional\",\"isPartOf\":{\"@id\":\"https:\\\/\\\/revistaregional.com.br\\\/site\\\/#website\"},\"primaryImageOfPage\":{\"@id\":\"https:\\\/\\\/revistaregional.com.br\\\/site\\\/2020\\\/12\\\/03\\\/indaiatuba-tem-mais-2-mortes-por-covid-sp-recebe-1-milhao-de-doses-da-coronavac\\\/#primaryimage\"},\"image\":{\"@id\":\"https:\\\/\\\/revistaregional.com.br\\\/site\\\/2020\\\/12\\\/03\\\/indaiatuba-tem-mais-2-mortes-por-covid-sp-recebe-1-milhao-de-doses-da-coronavac\\\/#primaryimage\"},\"thumbnailUrl\":\"https:\\\/\\\/revistaregional.com.br\\\/site\\\/wp-content\\\/uploads\\\/2020\\\/12\\\/app-03-dez.jpg\",\"datePublished\":\"2020-12-03T21:00:41+00:00\",\"dateModified\":\"2024-01-26T13:15:46+00:00\",\"author\":{\"@id\":\"https:\\\/\\\/revistaregional.com.br\\\/site\\\/#\\\/schema\\\/person\\\/382af97c580dc1b18f55107bc316010d\"},\"breadcrumb\":{\"@id\":\"https:\\\/\\\/revistaregional.com.br\\\/site\\\/2020\\\/12\\\/03\\\/indaiatuba-tem-mais-2-mortes-por-covid-sp-recebe-1-milhao-de-doses-da-coronavac\\\/#breadcrumb\"},\"inLanguage\":\"pt-BR\",\"potentialAction\":[{\"@type\":\"ReadAction\",\"target\":[\"https:\\\/\\\/revistaregional.com.br\\\/site\\\/2020\\\/12\\\/03\\\/indaiatuba-tem-mais-2-mortes-por-covid-sp-recebe-1-milhao-de-doses-da-coronavac\\\/\"]}]},{\"@type\":\"ImageObject\",\"inLanguage\":\"pt-BR\",\"@id\":\"https:\\\/\\\/revistaregional.com.br\\\/site\\\/2020\\\/12\\\/03\\\/indaiatuba-tem-mais-2-mortes-por-covid-sp-recebe-1-milhao-de-doses-da-coronavac\\\/#primaryimage\",\"url\":\"https:\\\/\\\/revistaregional.com.br\\\/site\\\/wp-content\\\/uploads\\\/2020\\\/12\\\/app-03-dez.jpg\",\"contentUrl\":\"https:\\\/\\\/revistaregional.com.br\\\/site\\\/wp-content\\\/uploads\\\/2020\\\/12\\\/app-03-dez.jpg\",\"width\":600,\"height\":400,\"caption\":\"Duas mortes e novos casos de covid na regi\u00e3o\"},{\"@type\":\"BreadcrumbList\",\"@id\":\"https:\\\/\\\/revistaregional.com.br\\\/site\\\/2020\\\/12\\\/03\\\/indaiatuba-tem-mais-2-mortes-por-covid-sp-recebe-1-milhao-de-doses-da-coronavac\\\/#breadcrumb\",\"itemListElement\":[{\"@type\":\"ListItem\",\"position\":1,\"name\":\"In\u00edcio\",\"item\":\"https:\\\/\\\/revistaregional.com.br\\\/site\\\/\"},{\"@type\":\"ListItem\",\"position\":2,\"name\":\"Indaiatuba tem mais 2 mortes por covid; SP recebe 1 milh\u00e3o de doses da Coronavac\"}]},{\"@type\":\"WebSite\",\"@id\":\"https:\\\/\\\/revistaregional.com.br\\\/site\\\/#website\",\"url\":\"https:\\\/\\\/revistaregional.com.br\\\/site\\\/\",\"name\":\"Revista Regional\",\"description\":\"Salto - Itu - Indaituba\",\"potentialAction\":[{\"@type\":\"SearchAction\",\"target\":{\"@type\":\"EntryPoint\",\"urlTemplate\":\"https:\\\/\\\/revistaregional.com.br\\\/site\\\/?s={search_term_string}\"},\"query-input\":{\"@type\":\"PropertyValueSpecification\",\"valueRequired\":true,\"valueName\":\"search_term_string\"}}],\"inLanguage\":\"pt-BR\"},{\"@type\":\"Person\",\"@id\":\"https:\\\/\\\/revistaregional.com.br\\\/site\\\/#\\\/schema\\\/person\\\/382af97c580dc1b18f55107bc316010d\",\"name\":\"contato@revistaregional.com.br\",\"image\":{\"@type\":\"ImageObject\",\"inLanguage\":\"pt-BR\",\"@id\":\"https:\\\/\\\/secure.gravatar.com\\\/avatar\\\/869822917e96b2e292d5827e4635855396934485e7c4a0af84e9a214e32ca0cd?s=96&d=mm&r=g\",\"url\":\"https:\\\/\\\/secure.gravatar.com\\\/avatar\\\/869822917e96b2e292d5827e4635855396934485e7c4a0af84e9a214e32ca0cd?s=96&d=mm&r=g\",\"contentUrl\":\"https:\\\/\\\/secure.gravatar.com\\\/avatar\\\/869822917e96b2e292d5827e4635855396934485e7c4a0af84e9a214e32ca0cd?s=96&d=mm&r=g\",\"caption\":\"contato@revistaregional.com.br\"},\"url\":\"https:\\\/\\\/revistaregional.com.br\\\/site\\\/author\\\/contato@revistaregional.com.br\\\/\"}]}<\/script>\n<!-- \/ Yoast SEO plugin. -->","yoast_head_json":{"title":"Indaiatuba tem mais 2 mortes por covid; SP recebe 1 milh\u00e3o de doses da Coronavac - Revista Regional","robots":{"index":"index","follow":"follow","max-snippet":"max-snippet:-1","max-image-preview":"max-image-preview:large","max-video-preview":"max-video-preview:-1"},"canonical":"https:\/\/revistaregional.com.br\/site\/2020\/12\/03\/indaiatuba-tem-mais-2-mortes-por-covid-sp-recebe-1-milhao-de-doses-da-coronavac\/","og_locale":"pt_BR","og_type":"article","og_title":"Indaiatuba tem mais 2 mortes por covid; SP recebe 1 milh\u00e3o de doses da Coronavac - Revista Regional","og_description":"Indaiatuba continua com alta de casos di\u00e1rios de covid, mais de 1 mil suspeitos testados, UTI lotada e leitos contratados com 63% de ocupa\u00e7\u00e3o; Governo de S\u00e3o Paulo recebeu nesta quinta, dia 03, mais 1 milh\u00e3o de doses da vacina contra a covid; Vacina\u00e7\u00e3o aguarda conclus\u00e3o do estudo e aprova\u00e7\u00e3o da Anvisa Cidade mais atingida [&hellip;]","og_url":"https:\/\/revistaregional.com.br\/site\/2020\/12\/03\/indaiatuba-tem-mais-2-mortes-por-covid-sp-recebe-1-milhao-de-doses-da-coronavac\/","og_site_name":"Revista Regional","article_published_time":"2020-12-03T21:00:41+00:00","article_modified_time":"2024-01-26T13:15:46+00:00","og_image":[{"width":600,"height":400,"url":"https:\/\/revistaregional.com.br\/site\/wp-content\/uploads\/2020\/12\/app-03-dez.jpg","type":"image\/jpeg"}],"author":"contato@revistaregional.com.br","twitter_card":"summary_large_image","twitter_misc":{"Escrito por":"contato@revistaregional.com.br","Est. tempo de leitura":"4 minutos"},"schema":{"@context":"https:\/\/schema.org","@graph":[{"@type":"Article","@id":"https:\/\/revistaregional.com.br\/site\/2020\/12\/03\/indaiatuba-tem-mais-2-mortes-por-covid-sp-recebe-1-milhao-de-doses-da-coronavac\/#article","isPartOf":{"@id":"https:\/\/revistaregional.com.br\/site\/2020\/12\/03\/indaiatuba-tem-mais-2-mortes-por-covid-sp-recebe-1-milhao-de-doses-da-coronavac\/"},"author":{"name":"contato@revistaregional.com.br","@id":"https:\/\/revistaregional.com.br\/site\/#\/schema\/person\/382af97c580dc1b18f55107bc316010d"},"headline":"Indaiatuba tem mais 2 mortes por covid; SP recebe 1 milh\u00e3o de doses da Coronavac","datePublished":"2020-12-03T21:00:41+00:00","dateModified":"2024-01-26T13:15:46+00:00","mainEntityOfPage":{"@id":"https:\/\/revistaregional.com.br\/site\/2020\/12\/03\/indaiatuba-tem-mais-2-mortes-por-covid-sp-recebe-1-milhao-de-doses-da-coronavac\/"},"wordCount":857,"image":{"@id":"https:\/\/revistaregional.com.br\/site\/2020\/12\/03\/indaiatuba-tem-mais-2-mortes-por-covid-sp-recebe-1-milhao-de-doses-da-coronavac\/#primaryimage"},"thumbnailUrl":"https:\/\/revistaregional.com.br\/site\/wp-content\/uploads\/2020\/12\/app-03-dez.jpg","keywords":["Regionais"],"articleSection":["Destaque Lateral","Regionais"],"inLanguage":"pt-BR"},{"@type":"WebPage","@id":"https:\/\/revistaregional.com.br\/site\/2020\/12\/03\/indaiatuba-tem-mais-2-mortes-por-covid-sp-recebe-1-milhao-de-doses-da-coronavac\/","url":"https:\/\/revistaregional.com.br\/site\/2020\/12\/03\/indaiatuba-tem-mais-2-mortes-por-covid-sp-recebe-1-milhao-de-doses-da-coronavac\/","name":"Indaiatuba tem mais 2 mortes por covid; SP recebe 1 milh\u00e3o de doses da Coronavac - Revista Regional","isPartOf":{"@id":"https:\/\/revistaregional.com.br\/site\/#website"},"primaryImageOfPage":{"@id":"https:\/\/revistaregional.com.br\/site\/2020\/12\/03\/indaiatuba-tem-mais-2-mortes-por-covid-sp-recebe-1-milhao-de-doses-da-coronavac\/#primaryimage"},"image":{"@id":"https:\/\/revistaregional.com.br\/site\/2020\/12\/03\/indaiatuba-tem-mais-2-mortes-por-covid-sp-recebe-1-milhao-de-doses-da-coronavac\/#primaryimage"},"thumbnailUrl":"https:\/\/revistaregional.com.br\/site\/wp-content\/uploads\/2020\/12\/app-03-dez.jpg","datePublished":"2020-12-03T21:00:41+00:00","dateModified":"2024-01-26T13:15:46+00:00","author":{"@id":"https:\/\/revistaregional.com.br\/site\/#\/schema\/person\/382af97c580dc1b18f55107bc316010d"},"breadcrumb":{"@id":"https:\/\/revistaregional.com.br\/site\/2020\/12\/03\/indaiatuba-tem-mais-2-mortes-por-covid-sp-recebe-1-milhao-de-doses-da-coronavac\/#breadcrumb"},"inLanguage":"pt-BR","potentialAction":[{"@type":"ReadAction","target":["https:\/\/revistaregional.com.br\/site\/2020\/12\/03\/indaiatuba-tem-mais-2-mortes-por-covid-sp-recebe-1-milhao-de-doses-da-coronavac\/"]}]},{"@type":"ImageObject","inLanguage":"pt-BR","@id":"https:\/\/revistaregional.com.br\/site\/2020\/12\/03\/indaiatuba-tem-mais-2-mortes-por-covid-sp-recebe-1-milhao-de-doses-da-coronavac\/#primaryimage","url":"https:\/\/revistaregional.com.br\/site\/wp-content\/uploads\/2020\/12\/app-03-dez.jpg","contentUrl":"https:\/\/revistaregional.com.br\/site\/wp-content\/uploads\/2020\/12\/app-03-dez.jpg","width":600,"height":400,"caption":"Duas mortes e novos casos de covid na regi\u00e3o"},{"@type":"BreadcrumbList","@id":"https:\/\/revistaregional.com.br\/site\/2020\/12\/03\/indaiatuba-tem-mais-2-mortes-por-covid-sp-recebe-1-milhao-de-doses-da-coronavac\/#breadcrumb","itemListElement":[{"@type":"ListItem","position":1,"name":"In\u00edcio","item":"https:\/\/revistaregional.com.br\/site\/"},{"@type":"ListItem","position":2,"name":"Indaiatuba tem mais 2 mortes por covid; SP recebe 1 milh\u00e3o de doses da Coronavac"}]},{"@type":"WebSite","@id":"https:\/\/revistaregional.com.br\/site\/#website","url":"https:\/\/revistaregional.com.br\/site\/","name":"Revista Regional","description":"Salto - Itu - Indaituba","potentialAction":[{"@type":"SearchAction","target":{"@type":"EntryPoint","urlTemplate":"https:\/\/revistaregional.com.br\/site\/?s={search_term_string}"},"query-input":{"@type":"PropertyValueSpecification","valueRequired":true,"valueName":"search_term_string"}}],"inLanguage":"pt-BR"},{"@type":"Person","@id":"https:\/\/revistaregional.com.br\/site\/#\/schema\/person\/382af97c580dc1b18f55107bc316010d","name":"contato@revistaregional.com.br","image":{"@type":"ImageObject","inLanguage":"pt-BR","@id":"https:\/\/secure.gravatar.com\/avatar\/869822917e96b2e292d5827e4635855396934485e7c4a0af84e9a214e32ca0cd?s=96&d=mm&r=g","url":"https:\/\/secure.gravatar.com\/avatar\/869822917e96b2e292d5827e4635855396934485e7c4a0af84e9a214e32ca0cd?s=96&d=mm&r=g","contentUrl":"https:\/\/secure.gravatar.com\/avatar\/869822917e96b2e292d5827e4635855396934485e7c4a0af84e9a214e32ca0cd?s=96&d=mm&r=g","caption":"contato@revistaregional.com.br"},"url":"https:\/\/revistaregional.com.br\/site\/author\/contato@revistaregional.com.br\/"}]}},"views":74,"_links":{"self":[{"href":"https:\/\/revistaregional.com.br\/site\/wp-json\/wp\/v2\/posts\/24014","targetHints":{"allow":["GET"]}}],"collection":[{"href":"https:\/\/revistaregional.com.br\/site\/wp-json\/wp\/v2\/posts"}],"about":[{"href":"https:\/\/revistaregional.com.br\/site\/wp-json\/wp\/v2\/types\/post"}],"author":[{"embeddable":true,"href":"https:\/\/revistaregional.com.br\/site\/wp-json\/wp\/v2\/users\/1"}],"replies":[{"embeddable":true,"href":"https:\/\/revistaregional.com.br\/site\/wp-json\/wp\/v2\/comments?post=24014"}],"version-history":[{"count":2,"href":"https:\/\/revistaregional.com.br\/site\/wp-json\/wp\/v2\/posts\/24014\/revisions"}],"predecessor-version":[{"id":24017,"href":"https:\/\/revistaregional.com.br\/site\/wp-json\/wp\/v2\/posts\/24014\/revisions\/24017"}],"wp:featuredmedia":[{"embeddable":true,"href":"https:\/\/revistaregional.com.br\/site\/wp-json\/wp\/v2\/media\/24015"}],"wp:attachment":[{"href":"https:\/\/revistaregional.com.br\/site\/wp-json\/wp\/v2\/media?parent=24014"}],"wp:term":[{"taxonomy":"category","embeddable":true,"href":"https:\/\/revistaregional.com.br\/site\/wp-json\/wp\/v2\/categories?post=24014"},{"taxonomy":"post_tag","embeddable":true,"href":"https:\/\/revistaregional.com.br\/site\/wp-json\/wp\/v2\/tags?post=24014"}],"curies":[{"name":"wp","href":"https:\/\/api.w.org\/{rel}","templated":true}]}}