{"id":23994,"date":"2020-12-01T18:17:29","date_gmt":"2020-12-01T21:17:29","guid":{"rendered":"https:\/\/revistaregional.com.br\/site\/?p=23994"},"modified":"2024-01-26T10:15:48","modified_gmt":"2024-01-26T13:15:48","slug":"em-24h-itu-e-salto-somam-115-novos-casos-de-covid","status":"publish","type":"post","link":"https:\/\/revistaregional.com.br\/site\/2020\/12\/01\/em-24h-itu-e-salto-somam-115-novos-casos-de-covid\/","title":{"rendered":"Em 24h, regi\u00e3o soma 213 novos casos de covid; Haoc com UTI lotada"},"content":{"rendered":"<ul>\n<li><strong><em>Itu, Salto e Indaiatuba n\u00e3o tiveram mortes nesta ter\u00e7a-feira, 1\u00ba de dezembro, por\u00e9m aumentou o \u00edndice di\u00e1rio de novos contaminados; <\/em><\/strong><\/li>\n<li><strong><em>Indaiatuba ultrapassou a marca de 9,1 mil casos e 250 mortos;<\/em><\/strong><\/li>\n<li><em><strong>UTI para covid do Haoc, em Indaiatuba, atinge 100% de ocupa\u00e7\u00e3o<\/strong><\/em><\/li>\n<\/ul>\n<figure id=\"attachment_23995\" aria-describedby=\"caption-attachment-23995\" style=\"width: 465px\" class=\"wp-caption aligncenter\"><img fetchpriority=\"high\" decoding=\"async\" class=\" wp-image-23995\" src=\"https:\/\/revistaregional.com.br\/site\/wp-content\/uploads\/2020\/12\/app-01-dezx-300x200.jpg\" alt=\"\" width=\"465\" height=\"310\" data-id=\"23995\" srcset=\"https:\/\/revistaregional.com.br\/site\/wp-content\/uploads\/2020\/12\/app-01-dezx-300x200.jpg 300w, https:\/\/revistaregional.com.br\/site\/wp-content\/uploads\/2020\/12\/app-01-dezx-150x100.jpg 150w, https:\/\/revistaregional.com.br\/site\/wp-content\/uploads\/2020\/12\/app-01-dezx-272x182.jpg 272w, https:\/\/revistaregional.com.br\/site\/wp-content\/uploads\/2020\/12\/app-01-dezx.jpg 1024w\" sizes=\"(max-width: 465px) 100vw, 465px\" \/><figcaption id=\"caption-attachment-23995\" class=\"wp-caption-text\">115 novos casos neste 1 de dezembro em Itu e Salto<\/figcaption><\/figure>\n<p>Juntas, Itu, Salto e Indaiatuba registraram 213 novos contaminados pelo coronav\u00edrus nas \u00faltimas 24 horas. O n\u00famero \u00e9 alto se comparado aos \u00edndices di\u00e1rios apresentados nas \u00faltimas semanas. Alta maior teve Salto, com 65 novos casos em um dia. N\u00e3o houve mortes confirmadas pela doen\u00e7a.<\/p>\n<p>De acordo com o Departamento de Vigil\u00e2ncia Epidemiol\u00f3gica de Salto, o total de casos de covid confirmados at\u00e9 esta ter\u00e7a \u00e9 de 3.774, sendo que 78 pacientes morreram, 3.617 se recuperaram, 13 seguem internados (sendo 5 em UTI) e 66 est\u00e3o em isolamento domiciliar. H\u00e1 30 suspeitos que aguardam resultados. Destes, 8 est\u00e3o em interna\u00e7\u00e3o cl\u00ednica (sendo 2 em UTI). A taxa de ocupa\u00e7\u00e3o da UTI para covid do Hospital Municipal est\u00e1 em 83%.<\/p>\n<p>Em Itu, foram 50 novos infectados nas \u00faltimas 24 horas, segundo boletim divulgado pela Prefeitura. O total subiu para 4.079 casos confirmados desde o in\u00edcio da pandemia, sendo que 108 pessoas morreram e 3.833 se recuperaram. H\u00e1 157 suspeitos \u00e0 espera de resultados de exames, 15 pacientes internados em leito cl\u00ednico e 6 em UTI. A taxa de ocupa\u00e7\u00e3o da UTI para covid do Hospital Municipal est\u00e1 em 87,5%; j\u00e1 a do Hospital de Campanha, em 16,6%.<\/p>\n<p>A Secretaria de Sa\u00fade de Indaiatuba informa que n\u00e3o houve registro de \u00f3bitos de pacientes com covid-19 nesta ter\u00e7a-feira, 1\u00ba de dezembro, e foram confirmados 98 infectados. Desde o in\u00edcio da pandemia, 9.229 pessoas contra\u00edram a doen\u00e7a no munic\u00edpio. Desses, 250 morreram e 8.938 s\u00e3o considerados curados ou est\u00e3o em recupera\u00e7\u00e3o domiciliar.<\/p>\n<p>H\u00e1 1.071 casos suspeitos aguardando resultados de exames, n\u00famero elevado se comparado aos \u00edndices dos meses anteriores. Nesta ter\u00e7a, h\u00e1 74 internados, dos quais 41 est\u00e3o confirmados para covid-19. Do total, 49 est\u00e3o em leitos cl\u00ednicos e 25 em UTI. No Haoc (Hospital Augusto de Oliveira Camargo), a UTI para covid est\u00e1 completamente lotada. J\u00e1 no Santa Ign\u00eas, a ocupa\u00e7\u00e3o est\u00e1 em 50%.<\/p>\n<p>O governo de Indaiatuba foi um dos 62 convocados pelo governo do Estado para uma reuni\u00e3o por videoconfer\u00eancia na manh\u00e3 de ter\u00e7a-feira para discutir medidas emergenciais. Todo o Estado voltou para a fase amarela, que reduz o hor\u00e1rio e a capacidade de atendimento de diversos setores de com\u00e9rcio e servi\u00e7os, assim como pro\u00edbe alguns eventos de lazer.<\/p>\n<p>Das cidades da regi\u00e3o de cobertura da Revista Regional, Indaiatuba \u00e9 a mais afetada pela pandemia de covid desde mar\u00e7o, somando at\u00e9 agora 9.131 contaminados, com 250 mortes (conforme dados do dia 30 de novembro) e com 8.938 recuperados ou ainda em tratamento, j\u00e1 que o governo local n\u00e3o divulga um n\u00famero exato de curados.<\/p>\n<p>&nbsp;<\/p>\n<p>foto: BIRF<\/p>\n","protected":false},"excerpt":{"rendered":"<p>Itu, Salto e Indaiatuba n\u00e3o tiveram mortes nesta ter\u00e7a-feira, 1\u00ba de dezembro, por\u00e9m aumentou o \u00edndice di\u00e1rio de novos contaminados; Indaiatuba ultrapassou a marca de 9,1 mil casos e 250 mortos; UTI para covid do Haoc, em Indaiatuba, atinge 100% de ocupa\u00e7\u00e3o Juntas, Itu, Salto e Indaiatuba registraram 213 novos contaminados pelo coronav\u00edrus nas \u00faltimas [&hellip;]<\/p>\n","protected":false},"author":1,"featured_media":23995,"comment_status":"closed","ping_status":"closed","sticky":false,"template":"","format":"standard","meta":{"_acf_changed":false,"ngg_post_thumbnail":0,"_joinchat":[],"footnotes":""},"categories":[449,12],"tags":[527],"class_list":["post-23994","post","type-post","status-publish","format-standard","has-post-thumbnail","hentry","category-destaque-lateral","category-regionais","tag-regionais"],"acf":[],"yoast_head":"<!-- This site is optimized with the Yoast SEO plugin v27.4 - https:\/\/yoast.com\/product\/yoast-seo-wordpress\/ -->\n<title>Em 24h, regi\u00e3o soma 213 novos casos de covid; Haoc com UTI lotada - Revista Regional<\/title>\n<meta name=\"robots\" content=\"index, follow, max-snippet:-1, max-image-preview:large, max-video-preview:-1\" \/>\n<link rel=\"canonical\" href=\"https:\/\/revistaregional.com.br\/site\/2020\/12\/01\/em-24h-itu-e-salto-somam-115-novos-casos-de-covid\/\" \/>\n<meta property=\"og:locale\" content=\"pt_BR\" \/>\n<meta property=\"og:type\" content=\"article\" \/>\n<meta property=\"og:title\" content=\"Em 24h, regi\u00e3o soma 213 novos casos de covid; Haoc com UTI lotada - Revista Regional\" \/>\n<meta property=\"og:description\" content=\"Itu, Salto e Indaiatuba n\u00e3o tiveram mortes nesta ter\u00e7a-feira, 1\u00ba de dezembro, por\u00e9m aumentou o \u00edndice di\u00e1rio de novos contaminados; Indaiatuba ultrapassou a marca de 9,1 mil casos e 250 mortos; UTI para covid do Haoc, em Indaiatuba, atinge 100% de ocupa\u00e7\u00e3o Juntas, Itu, Salto e Indaiatuba registraram 213 novos contaminados pelo coronav\u00edrus nas \u00faltimas [&hellip;]\" \/>\n<meta property=\"og:url\" content=\"https:\/\/revistaregional.com.br\/site\/2020\/12\/01\/em-24h-itu-e-salto-somam-115-novos-casos-de-covid\/\" \/>\n<meta property=\"og:site_name\" content=\"Revista Regional\" \/>\n<meta property=\"article:published_time\" content=\"2020-12-01T21:17:29+00:00\" \/>\n<meta property=\"article:modified_time\" content=\"2024-01-26T13:15:48+00:00\" \/>\n<meta property=\"og:image\" content=\"https:\/\/revistaregional.com.br\/site\/wp-content\/uploads\/2020\/12\/app-01-dezx.jpg\" \/>\n\t<meta property=\"og:image:width\" content=\"1024\" \/>\n\t<meta property=\"og:image:height\" content=\"683\" \/>\n\t<meta property=\"og:image:type\" content=\"image\/jpeg\" \/>\n<meta name=\"author\" content=\"contato@revistaregional.com.br\" \/>\n<meta name=\"twitter:card\" content=\"summary_large_image\" \/>\n<meta name=\"twitter:label1\" content=\"Escrito por\" \/>\n\t<meta name=\"twitter:data1\" content=\"contato@revistaregional.com.br\" \/>\n\t<meta name=\"twitter:label2\" content=\"Est. tempo de leitura\" \/>\n\t<meta name=\"twitter:data2\" content=\"2 minutos\" \/>\n<script type=\"application\/ld+json\" class=\"yoast-schema-graph\">{\"@context\":\"https:\\\/\\\/schema.org\",\"@graph\":[{\"@type\":\"Article\",\"@id\":\"https:\\\/\\\/revistaregional.com.br\\\/site\\\/2020\\\/12\\\/01\\\/em-24h-itu-e-salto-somam-115-novos-casos-de-covid\\\/#article\",\"isPartOf\":{\"@id\":\"https:\\\/\\\/revistaregional.com.br\\\/site\\\/2020\\\/12\\\/01\\\/em-24h-itu-e-salto-somam-115-novos-casos-de-covid\\\/\"},\"author\":{\"name\":\"contato@revistaregional.com.br\",\"@id\":\"https:\\\/\\\/revistaregional.com.br\\\/site\\\/#\\\/schema\\\/person\\\/382af97c580dc1b18f55107bc316010d\"},\"headline\":\"Em 24h, regi\u00e3o soma 213 novos casos de covid; Haoc com UTI lotada\",\"datePublished\":\"2020-12-01T21:17:29+00:00\",\"dateModified\":\"2024-01-26T13:15:48+00:00\",\"mainEntityOfPage\":{\"@id\":\"https:\\\/\\\/revistaregional.com.br\\\/site\\\/2020\\\/12\\\/01\\\/em-24h-itu-e-salto-somam-115-novos-casos-de-covid\\\/\"},\"wordCount\":499,\"image\":{\"@id\":\"https:\\\/\\\/revistaregional.com.br\\\/site\\\/2020\\\/12\\\/01\\\/em-24h-itu-e-salto-somam-115-novos-casos-de-covid\\\/#primaryimage\"},\"thumbnailUrl\":\"https:\\\/\\\/revistaregional.com.br\\\/site\\\/wp-content\\\/uploads\\\/2020\\\/12\\\/app-01-dezx.jpg\",\"keywords\":[\"Regionais\"],\"articleSection\":[\"Destaque Lateral\",\"Regionais\"],\"inLanguage\":\"pt-BR\"},{\"@type\":\"WebPage\",\"@id\":\"https:\\\/\\\/revistaregional.com.br\\\/site\\\/2020\\\/12\\\/01\\\/em-24h-itu-e-salto-somam-115-novos-casos-de-covid\\\/\",\"url\":\"https:\\\/\\\/revistaregional.com.br\\\/site\\\/2020\\\/12\\\/01\\\/em-24h-itu-e-salto-somam-115-novos-casos-de-covid\\\/\",\"name\":\"Em 24h, regi\u00e3o soma 213 novos casos de covid; Haoc com UTI lotada - Revista Regional\",\"isPartOf\":{\"@id\":\"https:\\\/\\\/revistaregional.com.br\\\/site\\\/#website\"},\"primaryImageOfPage\":{\"@id\":\"https:\\\/\\\/revistaregional.com.br\\\/site\\\/2020\\\/12\\\/01\\\/em-24h-itu-e-salto-somam-115-novos-casos-de-covid\\\/#primaryimage\"},\"image\":{\"@id\":\"https:\\\/\\\/revistaregional.com.br\\\/site\\\/2020\\\/12\\\/01\\\/em-24h-itu-e-salto-somam-115-novos-casos-de-covid\\\/#primaryimage\"},\"thumbnailUrl\":\"https:\\\/\\\/revistaregional.com.br\\\/site\\\/wp-content\\\/uploads\\\/2020\\\/12\\\/app-01-dezx.jpg\",\"datePublished\":\"2020-12-01T21:17:29+00:00\",\"dateModified\":\"2024-01-26T13:15:48+00:00\",\"author\":{\"@id\":\"https:\\\/\\\/revistaregional.com.br\\\/site\\\/#\\\/schema\\\/person\\\/382af97c580dc1b18f55107bc316010d\"},\"breadcrumb\":{\"@id\":\"https:\\\/\\\/revistaregional.com.br\\\/site\\\/2020\\\/12\\\/01\\\/em-24h-itu-e-salto-somam-115-novos-casos-de-covid\\\/#breadcrumb\"},\"inLanguage\":\"pt-BR\",\"potentialAction\":[{\"@type\":\"ReadAction\",\"target\":[\"https:\\\/\\\/revistaregional.com.br\\\/site\\\/2020\\\/12\\\/01\\\/em-24h-itu-e-salto-somam-115-novos-casos-de-covid\\\/\"]}]},{\"@type\":\"ImageObject\",\"inLanguage\":\"pt-BR\",\"@id\":\"https:\\\/\\\/revistaregional.com.br\\\/site\\\/2020\\\/12\\\/01\\\/em-24h-itu-e-salto-somam-115-novos-casos-de-covid\\\/#primaryimage\",\"url\":\"https:\\\/\\\/revistaregional.com.br\\\/site\\\/wp-content\\\/uploads\\\/2020\\\/12\\\/app-01-dezx.jpg\",\"contentUrl\":\"https:\\\/\\\/revistaregional.com.br\\\/site\\\/wp-content\\\/uploads\\\/2020\\\/12\\\/app-01-dezx.jpg\",\"width\":1024,\"height\":683,\"caption\":\"115 novos casos neste 1 de dezembro em Itu e Salto\"},{\"@type\":\"BreadcrumbList\",\"@id\":\"https:\\\/\\\/revistaregional.com.br\\\/site\\\/2020\\\/12\\\/01\\\/em-24h-itu-e-salto-somam-115-novos-casos-de-covid\\\/#breadcrumb\",\"itemListElement\":[{\"@type\":\"ListItem\",\"position\":1,\"name\":\"In\u00edcio\",\"item\":\"https:\\\/\\\/revistaregional.com.br\\\/site\\\/\"},{\"@type\":\"ListItem\",\"position\":2,\"name\":\"Em 24h, regi\u00e3o soma 213 novos casos de covid; Haoc com UTI lotada\"}]},{\"@type\":\"WebSite\",\"@id\":\"https:\\\/\\\/revistaregional.com.br\\\/site\\\/#website\",\"url\":\"https:\\\/\\\/revistaregional.com.br\\\/site\\\/\",\"name\":\"Revista Regional\",\"description\":\"Salto - Itu - Indaituba\",\"potentialAction\":[{\"@type\":\"SearchAction\",\"target\":{\"@type\":\"EntryPoint\",\"urlTemplate\":\"https:\\\/\\\/revistaregional.com.br\\\/site\\\/?s={search_term_string}\"},\"query-input\":{\"@type\":\"PropertyValueSpecification\",\"valueRequired\":true,\"valueName\":\"search_term_string\"}}],\"inLanguage\":\"pt-BR\"},{\"@type\":\"Person\",\"@id\":\"https:\\\/\\\/revistaregional.com.br\\\/site\\\/#\\\/schema\\\/person\\\/382af97c580dc1b18f55107bc316010d\",\"name\":\"contato@revistaregional.com.br\",\"image\":{\"@type\":\"ImageObject\",\"inLanguage\":\"pt-BR\",\"@id\":\"https:\\\/\\\/secure.gravatar.com\\\/avatar\\\/869822917e96b2e292d5827e4635855396934485e7c4a0af84e9a214e32ca0cd?s=96&d=mm&r=g\",\"url\":\"https:\\\/\\\/secure.gravatar.com\\\/avatar\\\/869822917e96b2e292d5827e4635855396934485e7c4a0af84e9a214e32ca0cd?s=96&d=mm&r=g\",\"contentUrl\":\"https:\\\/\\\/secure.gravatar.com\\\/avatar\\\/869822917e96b2e292d5827e4635855396934485e7c4a0af84e9a214e32ca0cd?s=96&d=mm&r=g\",\"caption\":\"contato@revistaregional.com.br\"},\"url\":\"https:\\\/\\\/revistaregional.com.br\\\/site\\\/author\\\/contato@revistaregional.com.br\\\/\"}]}<\/script>\n<!-- \/ Yoast SEO plugin. -->","yoast_head_json":{"title":"Em 24h, regi\u00e3o soma 213 novos casos de covid; Haoc com UTI lotada - Revista Regional","robots":{"index":"index","follow":"follow","max-snippet":"max-snippet:-1","max-image-preview":"max-image-preview:large","max-video-preview":"max-video-preview:-1"},"canonical":"https:\/\/revistaregional.com.br\/site\/2020\/12\/01\/em-24h-itu-e-salto-somam-115-novos-casos-de-covid\/","og_locale":"pt_BR","og_type":"article","og_title":"Em 24h, regi\u00e3o soma 213 novos casos de covid; Haoc com UTI lotada - Revista Regional","og_description":"Itu, Salto e Indaiatuba n\u00e3o tiveram mortes nesta ter\u00e7a-feira, 1\u00ba de dezembro, por\u00e9m aumentou o \u00edndice di\u00e1rio de novos contaminados; Indaiatuba ultrapassou a marca de 9,1 mil casos e 250 mortos; UTI para covid do Haoc, em Indaiatuba, atinge 100% de ocupa\u00e7\u00e3o Juntas, Itu, Salto e Indaiatuba registraram 213 novos contaminados pelo coronav\u00edrus nas \u00faltimas [&hellip;]","og_url":"https:\/\/revistaregional.com.br\/site\/2020\/12\/01\/em-24h-itu-e-salto-somam-115-novos-casos-de-covid\/","og_site_name":"Revista Regional","article_published_time":"2020-12-01T21:17:29+00:00","article_modified_time":"2024-01-26T13:15:48+00:00","og_image":[{"width":1024,"height":683,"url":"https:\/\/revistaregional.com.br\/site\/wp-content\/uploads\/2020\/12\/app-01-dezx.jpg","type":"image\/jpeg"}],"author":"contato@revistaregional.com.br","twitter_card":"summary_large_image","twitter_misc":{"Escrito por":"contato@revistaregional.com.br","Est. tempo de leitura":"2 minutos"},"schema":{"@context":"https:\/\/schema.org","@graph":[{"@type":"Article","@id":"https:\/\/revistaregional.com.br\/site\/2020\/12\/01\/em-24h-itu-e-salto-somam-115-novos-casos-de-covid\/#article","isPartOf":{"@id":"https:\/\/revistaregional.com.br\/site\/2020\/12\/01\/em-24h-itu-e-salto-somam-115-novos-casos-de-covid\/"},"author":{"name":"contato@revistaregional.com.br","@id":"https:\/\/revistaregional.com.br\/site\/#\/schema\/person\/382af97c580dc1b18f55107bc316010d"},"headline":"Em 24h, regi\u00e3o soma 213 novos casos de covid; Haoc com UTI lotada","datePublished":"2020-12-01T21:17:29+00:00","dateModified":"2024-01-26T13:15:48+00:00","mainEntityOfPage":{"@id":"https:\/\/revistaregional.com.br\/site\/2020\/12\/01\/em-24h-itu-e-salto-somam-115-novos-casos-de-covid\/"},"wordCount":499,"image":{"@id":"https:\/\/revistaregional.com.br\/site\/2020\/12\/01\/em-24h-itu-e-salto-somam-115-novos-casos-de-covid\/#primaryimage"},"thumbnailUrl":"https:\/\/revistaregional.com.br\/site\/wp-content\/uploads\/2020\/12\/app-01-dezx.jpg","keywords":["Regionais"],"articleSection":["Destaque Lateral","Regionais"],"inLanguage":"pt-BR"},{"@type":"WebPage","@id":"https:\/\/revistaregional.com.br\/site\/2020\/12\/01\/em-24h-itu-e-salto-somam-115-novos-casos-de-covid\/","url":"https:\/\/revistaregional.com.br\/site\/2020\/12\/01\/em-24h-itu-e-salto-somam-115-novos-casos-de-covid\/","name":"Em 24h, regi\u00e3o soma 213 novos casos de covid; Haoc com UTI lotada - Revista Regional","isPartOf":{"@id":"https:\/\/revistaregional.com.br\/site\/#website"},"primaryImageOfPage":{"@id":"https:\/\/revistaregional.com.br\/site\/2020\/12\/01\/em-24h-itu-e-salto-somam-115-novos-casos-de-covid\/#primaryimage"},"image":{"@id":"https:\/\/revistaregional.com.br\/site\/2020\/12\/01\/em-24h-itu-e-salto-somam-115-novos-casos-de-covid\/#primaryimage"},"thumbnailUrl":"https:\/\/revistaregional.com.br\/site\/wp-content\/uploads\/2020\/12\/app-01-dezx.jpg","datePublished":"2020-12-01T21:17:29+00:00","dateModified":"2024-01-26T13:15:48+00:00","author":{"@id":"https:\/\/revistaregional.com.br\/site\/#\/schema\/person\/382af97c580dc1b18f55107bc316010d"},"breadcrumb":{"@id":"https:\/\/revistaregional.com.br\/site\/2020\/12\/01\/em-24h-itu-e-salto-somam-115-novos-casos-de-covid\/#breadcrumb"},"inLanguage":"pt-BR","potentialAction":[{"@type":"ReadAction","target":["https:\/\/revistaregional.com.br\/site\/2020\/12\/01\/em-24h-itu-e-salto-somam-115-novos-casos-de-covid\/"]}]},{"@type":"ImageObject","inLanguage":"pt-BR","@id":"https:\/\/revistaregional.com.br\/site\/2020\/12\/01\/em-24h-itu-e-salto-somam-115-novos-casos-de-covid\/#primaryimage","url":"https:\/\/revistaregional.com.br\/site\/wp-content\/uploads\/2020\/12\/app-01-dezx.jpg","contentUrl":"https:\/\/revistaregional.com.br\/site\/wp-content\/uploads\/2020\/12\/app-01-dezx.jpg","width":1024,"height":683,"caption":"115 novos casos neste 1 de dezembro em Itu e Salto"},{"@type":"BreadcrumbList","@id":"https:\/\/revistaregional.com.br\/site\/2020\/12\/01\/em-24h-itu-e-salto-somam-115-novos-casos-de-covid\/#breadcrumb","itemListElement":[{"@type":"ListItem","position":1,"name":"In\u00edcio","item":"https:\/\/revistaregional.com.br\/site\/"},{"@type":"ListItem","position":2,"name":"Em 24h, regi\u00e3o soma 213 novos casos de covid; Haoc com UTI lotada"}]},{"@type":"WebSite","@id":"https:\/\/revistaregional.com.br\/site\/#website","url":"https:\/\/revistaregional.com.br\/site\/","name":"Revista Regional","description":"Salto - Itu - Indaituba","potentialAction":[{"@type":"SearchAction","target":{"@type":"EntryPoint","urlTemplate":"https:\/\/revistaregional.com.br\/site\/?s={search_term_string}"},"query-input":{"@type":"PropertyValueSpecification","valueRequired":true,"valueName":"search_term_string"}}],"inLanguage":"pt-BR"},{"@type":"Person","@id":"https:\/\/revistaregional.com.br\/site\/#\/schema\/person\/382af97c580dc1b18f55107bc316010d","name":"contato@revistaregional.com.br","image":{"@type":"ImageObject","inLanguage":"pt-BR","@id":"https:\/\/secure.gravatar.com\/avatar\/869822917e96b2e292d5827e4635855396934485e7c4a0af84e9a214e32ca0cd?s=96&d=mm&r=g","url":"https:\/\/secure.gravatar.com\/avatar\/869822917e96b2e292d5827e4635855396934485e7c4a0af84e9a214e32ca0cd?s=96&d=mm&r=g","contentUrl":"https:\/\/secure.gravatar.com\/avatar\/869822917e96b2e292d5827e4635855396934485e7c4a0af84e9a214e32ca0cd?s=96&d=mm&r=g","caption":"contato@revistaregional.com.br"},"url":"https:\/\/revistaregional.com.br\/site\/author\/contato@revistaregional.com.br\/"}]}},"views":74,"_links":{"self":[{"href":"https:\/\/revistaregional.com.br\/site\/wp-json\/wp\/v2\/posts\/23994","targetHints":{"allow":["GET"]}}],"collection":[{"href":"https:\/\/revistaregional.com.br\/site\/wp-json\/wp\/v2\/posts"}],"about":[{"href":"https:\/\/revistaregional.com.br\/site\/wp-json\/wp\/v2\/types\/post"}],"author":[{"embeddable":true,"href":"https:\/\/revistaregional.com.br\/site\/wp-json\/wp\/v2\/users\/1"}],"replies":[{"embeddable":true,"href":"https:\/\/revistaregional.com.br\/site\/wp-json\/wp\/v2\/comments?post=23994"}],"version-history":[{"count":3,"href":"https:\/\/revistaregional.com.br\/site\/wp-json\/wp\/v2\/posts\/23994\/revisions"}],"predecessor-version":[{"id":23999,"href":"https:\/\/revistaregional.com.br\/site\/wp-json\/wp\/v2\/posts\/23994\/revisions\/23999"}],"wp:featuredmedia":[{"embeddable":true,"href":"https:\/\/revistaregional.com.br\/site\/wp-json\/wp\/v2\/media\/23995"}],"wp:attachment":[{"href":"https:\/\/revistaregional.com.br\/site\/wp-json\/wp\/v2\/media?parent=23994"}],"wp:term":[{"taxonomy":"category","embeddable":true,"href":"https:\/\/revistaregional.com.br\/site\/wp-json\/wp\/v2\/categories?post=23994"},{"taxonomy":"post_tag","embeddable":true,"href":"https:\/\/revistaregional.com.br\/site\/wp-json\/wp\/v2\/tags?post=23994"}],"curies":[{"name":"wp","href":"https:\/\/api.w.org\/{rel}","templated":true}]}}