{"id":23955,"date":"2020-11-27T18:08:43","date_gmt":"2020-11-27T21:08:43","guid":{"rendered":"https:\/\/revistaregional.com.br\/site\/?p=23955"},"modified":"2024-01-26T10:15:50","modified_gmt":"2024-01-26T13:15:50","slug":"indaiatuba-soma-mais-1-morte-120-casos-e-1-mil-suspeitos-de-covid","status":"publish","type":"post","link":"https:\/\/revistaregional.com.br\/site\/2020\/11\/27\/indaiatuba-soma-mais-1-morte-120-casos-e-1-mil-suspeitos-de-covid\/","title":{"rendered":"Indaiatuba soma mais 1 morte, 120 casos e 1 mil suspeitos de covid"},"content":{"rendered":"<ul>\n<li><em><strong>Nesta sexta-feira, 27, apenas Indaiatuba confirmou morte por covid na regi\u00e3o;<\/strong><\/em><\/li>\n<li><em><strong>Salto tem 2 \u00f3bitos suspeitos de covid em investiga\u00e7\u00e3o;<\/strong><\/em><\/li>\n<li><em><strong>H\u00e1 novos casos nas tr\u00eas cidades da \u00e1rea de cobertura da Revista Regional;<\/strong><\/em><\/li>\n<li><em><strong>Indaiatuba tem 1 mil casos suspeitos aguardando resultados de testes; Itu, 216;<\/strong><\/em><\/li>\n<li><em><strong> UTI do Hospital Municipal de Salto prossegue lotada<\/strong><\/em><\/li>\n<\/ul>\n<figure id=\"attachment_23625\" aria-describedby=\"caption-attachment-23625\" style=\"width: 450px\" class=\"wp-caption aligncenter\"><img fetchpriority=\"high\" decoding=\"async\" class=\" wp-image-23625\" src=\"https:\/\/revistaregional.com.br\/site\/wp-content\/uploads\/2020\/10\/app-15-out-300x190.png\" alt=\"\" width=\"450\" height=\"285\" data-id=\"23625\" srcset=\"https:\/\/revistaregional.com.br\/site\/wp-content\/uploads\/2020\/10\/app-15-out-300x190.png 300w, https:\/\/revistaregional.com.br\/site\/wp-content\/uploads\/2020\/10\/app-15-out-150x95.png 150w, https:\/\/revistaregional.com.br\/site\/wp-content\/uploads\/2020\/10\/app-15-out.png 632w\" sizes=\"(max-width: 450px) 100vw, 450px\" \/><figcaption id=\"caption-attachment-23625\" class=\"wp-caption-text\">Nova morte causada pelo coronav\u00edrus em Indaiatuba<\/figcaption><\/figure>\n<p>A Secretaria de Sa\u00fade de Indaiatuba informa a ocorr\u00eancia de mais um \u00f3bito de paciente com exame positivo para covid-19, nesta sexta-feira, 27 de novembro. A v\u00edtima tinha 79 anos e estava internada no Haoc (Hospital Augusto de Oliveira Camargo).<\/p>\n<p>Nas \u00faltimas 24 horas, foram confirmados 120 novos infectados, \u00edndice di\u00e1rio semelhante aos meses de junho e julho, quando houve o pico da pandemia na cidade. Desde o in\u00edcio do surto de covid, 8.890 pessoas contra\u00edram a doen\u00e7a no munic\u00edpio. Desses, 247 morreram e 8.601 s\u00e3o considerados curados ou est\u00e3o em recupera\u00e7\u00e3o domiciliar. Ainda h\u00e1 1.000 casos suspeitos aguardando resultado.<\/p>\n<p>Nesta sexta, segundo o boletim da Prefeitura, h\u00e1 63 internados, dos quais 42 est\u00e3o confirmados para covid-19. Do total, 46 est\u00e3o em leitos cl\u00ednicos e 17 em UTI (Unidade de Terapia Intensiva). A taxa de ocupa\u00e7\u00e3o dos leitos de UTI est\u00e1 em 63% no Haoc e 66% no Santa Ign\u00eas.<\/p>\n<p>Salto confirmou 31 novos casos nas \u00faltimas 24 horas, conforme dados divulgados pelo governo local nesta sexta, dia 27. Com isso, a cidade soma 3.678 confirmados, sendo que 75 morreram, 3.563 evolu\u00edram para cura, 7 seguem internados (sendo 4 em UTI) e 33 est\u00e3o em isolamento domiciliar.<\/p>\n<p>H\u00e1 ainda 30 casos que aguardam resultados. Destes, 6 est\u00e3o em interna\u00e7\u00e3o cl\u00ednica (sendo 3 em UTI) e tamb\u00e9m h\u00e1 2 \u00f3bitos suspeitos em investiga\u00e7\u00e3o. A UTI para covid do Hospital Municipal continua lotada nesta sexta-feira.<\/p>\n<p>Itu n\u00e3o teve mortes confirmadas nesta sexta, 27, e registrou 43 contaminados nas \u00faltimas 24 horas. A Secretaria Municipal de Sa\u00fade informa que a cidade teve, desde o in\u00edcio da pandemia, 3.999 casos confirmados de covid, sendo que 107 pacientes morreram e 3.752 se recuperaram. H\u00e1 216 suspeitos aguardando resultados, 12 pacientes internados e 12 em UTI. A taxa de ocupa\u00e7\u00e3o de leitos de UTI est\u00e1 em 75% no Hospital Municipal e 50% no Hospital de Campanha.<\/p>\n<p>&nbsp;<\/p>\n<p>foto: BIRF<\/p>\n<p>&nbsp;<\/p>\n","protected":false},"excerpt":{"rendered":"<p>Nesta sexta-feira, 27, apenas Indaiatuba confirmou morte por covid na regi\u00e3o; Salto tem 2 \u00f3bitos suspeitos de covid em investiga\u00e7\u00e3o; H\u00e1 novos casos nas tr\u00eas cidades da \u00e1rea de cobertura da Revista Regional; Indaiatuba tem 1 mil casos suspeitos aguardando resultados de testes; Itu, 216; UTI do Hospital Municipal de Salto prossegue lotada A Secretaria [&hellip;]<\/p>\n","protected":false},"author":1,"featured_media":23625,"comment_status":"closed","ping_status":"closed","sticky":false,"template":"","format":"standard","meta":{"_acf_changed":false,"ngg_post_thumbnail":0,"_joinchat":[],"footnotes":""},"categories":[449,12],"tags":[527],"class_list":["post-23955","post","type-post","status-publish","format-standard","has-post-thumbnail","hentry","category-destaque-lateral","category-regionais","tag-regionais"],"acf":[],"yoast_head":"<!-- This site is optimized with the Yoast SEO plugin v27.4 - https:\/\/yoast.com\/product\/yoast-seo-wordpress\/ -->\n<title>Indaiatuba soma mais 1 morte, 120 casos e 1 mil suspeitos de covid - Revista Regional<\/title>\n<meta name=\"robots\" content=\"index, follow, max-snippet:-1, max-image-preview:large, max-video-preview:-1\" \/>\n<link rel=\"canonical\" href=\"https:\/\/revistaregional.com.br\/site\/2020\/11\/27\/indaiatuba-soma-mais-1-morte-120-casos-e-1-mil-suspeitos-de-covid\/\" \/>\n<meta property=\"og:locale\" content=\"pt_BR\" \/>\n<meta property=\"og:type\" content=\"article\" \/>\n<meta property=\"og:title\" content=\"Indaiatuba soma mais 1 morte, 120 casos e 1 mil suspeitos de covid - Revista Regional\" \/>\n<meta property=\"og:description\" content=\"Nesta sexta-feira, 27, apenas Indaiatuba confirmou morte por covid na regi\u00e3o; Salto tem 2 \u00f3bitos suspeitos de covid em investiga\u00e7\u00e3o; H\u00e1 novos casos nas tr\u00eas cidades da \u00e1rea de cobertura da Revista Regional; Indaiatuba tem 1 mil casos suspeitos aguardando resultados de testes; Itu, 216; UTI do Hospital Municipal de Salto prossegue lotada A Secretaria [&hellip;]\" \/>\n<meta property=\"og:url\" content=\"https:\/\/revistaregional.com.br\/site\/2020\/11\/27\/indaiatuba-soma-mais-1-morte-120-casos-e-1-mil-suspeitos-de-covid\/\" \/>\n<meta property=\"og:site_name\" content=\"Revista Regional\" \/>\n<meta property=\"article:published_time\" content=\"2020-11-27T21:08:43+00:00\" \/>\n<meta property=\"article:modified_time\" content=\"2024-01-26T13:15:50+00:00\" \/>\n<meta property=\"og:image\" content=\"https:\/\/revistaregional.com.br\/site\/wp-content\/uploads\/2020\/10\/app-15-out.png\" \/>\n\t<meta property=\"og:image:width\" content=\"632\" \/>\n\t<meta property=\"og:image:height\" content=\"400\" \/>\n\t<meta property=\"og:image:type\" content=\"image\/png\" \/>\n<meta name=\"author\" content=\"contato@revistaregional.com.br\" \/>\n<meta name=\"twitter:card\" content=\"summary_large_image\" \/>\n<meta name=\"twitter:label1\" content=\"Escrito por\" \/>\n\t<meta name=\"twitter:data1\" content=\"contato@revistaregional.com.br\" \/>\n\t<meta name=\"twitter:label2\" content=\"Est. tempo de leitura\" \/>\n\t<meta name=\"twitter:data2\" content=\"2 minutos\" \/>\n<script type=\"application\/ld+json\" class=\"yoast-schema-graph\">{\"@context\":\"https:\\\/\\\/schema.org\",\"@graph\":[{\"@type\":\"Article\",\"@id\":\"https:\\\/\\\/revistaregional.com.br\\\/site\\\/2020\\\/11\\\/27\\\/indaiatuba-soma-mais-1-morte-120-casos-e-1-mil-suspeitos-de-covid\\\/#article\",\"isPartOf\":{\"@id\":\"https:\\\/\\\/revistaregional.com.br\\\/site\\\/2020\\\/11\\\/27\\\/indaiatuba-soma-mais-1-morte-120-casos-e-1-mil-suspeitos-de-covid\\\/\"},\"author\":{\"name\":\"contato@revistaregional.com.br\",\"@id\":\"https:\\\/\\\/revistaregional.com.br\\\/site\\\/#\\\/schema\\\/person\\\/382af97c580dc1b18f55107bc316010d\"},\"headline\":\"Indaiatuba soma mais 1 morte, 120 casos e 1 mil suspeitos de covid\",\"datePublished\":\"2020-11-27T21:08:43+00:00\",\"dateModified\":\"2024-01-26T13:15:50+00:00\",\"mainEntityOfPage\":{\"@id\":\"https:\\\/\\\/revistaregional.com.br\\\/site\\\/2020\\\/11\\\/27\\\/indaiatuba-soma-mais-1-morte-120-casos-e-1-mil-suspeitos-de-covid\\\/\"},\"wordCount\":380,\"image\":{\"@id\":\"https:\\\/\\\/revistaregional.com.br\\\/site\\\/2020\\\/11\\\/27\\\/indaiatuba-soma-mais-1-morte-120-casos-e-1-mil-suspeitos-de-covid\\\/#primaryimage\"},\"thumbnailUrl\":\"https:\\\/\\\/revistaregional.com.br\\\/site\\\/wp-content\\\/uploads\\\/2020\\\/10\\\/app-15-out.png\",\"keywords\":[\"Regionais\"],\"articleSection\":[\"Destaque Lateral\",\"Regionais\"],\"inLanguage\":\"pt-BR\"},{\"@type\":\"WebPage\",\"@id\":\"https:\\\/\\\/revistaregional.com.br\\\/site\\\/2020\\\/11\\\/27\\\/indaiatuba-soma-mais-1-morte-120-casos-e-1-mil-suspeitos-de-covid\\\/\",\"url\":\"https:\\\/\\\/revistaregional.com.br\\\/site\\\/2020\\\/11\\\/27\\\/indaiatuba-soma-mais-1-morte-120-casos-e-1-mil-suspeitos-de-covid\\\/\",\"name\":\"Indaiatuba soma mais 1 morte, 120 casos e 1 mil suspeitos de covid - Revista Regional\",\"isPartOf\":{\"@id\":\"https:\\\/\\\/revistaregional.com.br\\\/site\\\/#website\"},\"primaryImageOfPage\":{\"@id\":\"https:\\\/\\\/revistaregional.com.br\\\/site\\\/2020\\\/11\\\/27\\\/indaiatuba-soma-mais-1-morte-120-casos-e-1-mil-suspeitos-de-covid\\\/#primaryimage\"},\"image\":{\"@id\":\"https:\\\/\\\/revistaregional.com.br\\\/site\\\/2020\\\/11\\\/27\\\/indaiatuba-soma-mais-1-morte-120-casos-e-1-mil-suspeitos-de-covid\\\/#primaryimage\"},\"thumbnailUrl\":\"https:\\\/\\\/revistaregional.com.br\\\/site\\\/wp-content\\\/uploads\\\/2020\\\/10\\\/app-15-out.png\",\"datePublished\":\"2020-11-27T21:08:43+00:00\",\"dateModified\":\"2024-01-26T13:15:50+00:00\",\"author\":{\"@id\":\"https:\\\/\\\/revistaregional.com.br\\\/site\\\/#\\\/schema\\\/person\\\/382af97c580dc1b18f55107bc316010d\"},\"breadcrumb\":{\"@id\":\"https:\\\/\\\/revistaregional.com.br\\\/site\\\/2020\\\/11\\\/27\\\/indaiatuba-soma-mais-1-morte-120-casos-e-1-mil-suspeitos-de-covid\\\/#breadcrumb\"},\"inLanguage\":\"pt-BR\",\"potentialAction\":[{\"@type\":\"ReadAction\",\"target\":[\"https:\\\/\\\/revistaregional.com.br\\\/site\\\/2020\\\/11\\\/27\\\/indaiatuba-soma-mais-1-morte-120-casos-e-1-mil-suspeitos-de-covid\\\/\"]}]},{\"@type\":\"ImageObject\",\"inLanguage\":\"pt-BR\",\"@id\":\"https:\\\/\\\/revistaregional.com.br\\\/site\\\/2020\\\/11\\\/27\\\/indaiatuba-soma-mais-1-morte-120-casos-e-1-mil-suspeitos-de-covid\\\/#primaryimage\",\"url\":\"https:\\\/\\\/revistaregional.com.br\\\/site\\\/wp-content\\\/uploads\\\/2020\\\/10\\\/app-15-out.png\",\"contentUrl\":\"https:\\\/\\\/revistaregional.com.br\\\/site\\\/wp-content\\\/uploads\\\/2020\\\/10\\\/app-15-out.png\",\"width\":632,\"height\":400,\"caption\":\"Nova morte causada pelo coronav\u00edrus em Indaiatuba\"},{\"@type\":\"BreadcrumbList\",\"@id\":\"https:\\\/\\\/revistaregional.com.br\\\/site\\\/2020\\\/11\\\/27\\\/indaiatuba-soma-mais-1-morte-120-casos-e-1-mil-suspeitos-de-covid\\\/#breadcrumb\",\"itemListElement\":[{\"@type\":\"ListItem\",\"position\":1,\"name\":\"In\u00edcio\",\"item\":\"https:\\\/\\\/revistaregional.com.br\\\/site\\\/\"},{\"@type\":\"ListItem\",\"position\":2,\"name\":\"Indaiatuba soma mais 1 morte, 120 casos e 1 mil suspeitos de covid\"}]},{\"@type\":\"WebSite\",\"@id\":\"https:\\\/\\\/revistaregional.com.br\\\/site\\\/#website\",\"url\":\"https:\\\/\\\/revistaregional.com.br\\\/site\\\/\",\"name\":\"Revista Regional\",\"description\":\"Salto - Itu - Indaituba\",\"potentialAction\":[{\"@type\":\"SearchAction\",\"target\":{\"@type\":\"EntryPoint\",\"urlTemplate\":\"https:\\\/\\\/revistaregional.com.br\\\/site\\\/?s={search_term_string}\"},\"query-input\":{\"@type\":\"PropertyValueSpecification\",\"valueRequired\":true,\"valueName\":\"search_term_string\"}}],\"inLanguage\":\"pt-BR\"},{\"@type\":\"Person\",\"@id\":\"https:\\\/\\\/revistaregional.com.br\\\/site\\\/#\\\/schema\\\/person\\\/382af97c580dc1b18f55107bc316010d\",\"name\":\"contato@revistaregional.com.br\",\"image\":{\"@type\":\"ImageObject\",\"inLanguage\":\"pt-BR\",\"@id\":\"https:\\\/\\\/secure.gravatar.com\\\/avatar\\\/869822917e96b2e292d5827e4635855396934485e7c4a0af84e9a214e32ca0cd?s=96&d=mm&r=g\",\"url\":\"https:\\\/\\\/secure.gravatar.com\\\/avatar\\\/869822917e96b2e292d5827e4635855396934485e7c4a0af84e9a214e32ca0cd?s=96&d=mm&r=g\",\"contentUrl\":\"https:\\\/\\\/secure.gravatar.com\\\/avatar\\\/869822917e96b2e292d5827e4635855396934485e7c4a0af84e9a214e32ca0cd?s=96&d=mm&r=g\",\"caption\":\"contato@revistaregional.com.br\"},\"url\":\"https:\\\/\\\/revistaregional.com.br\\\/site\\\/author\\\/contato@revistaregional.com.br\\\/\"}]}<\/script>\n<!-- \/ Yoast SEO plugin. -->","yoast_head_json":{"title":"Indaiatuba soma mais 1 morte, 120 casos e 1 mil suspeitos de covid - Revista Regional","robots":{"index":"index","follow":"follow","max-snippet":"max-snippet:-1","max-image-preview":"max-image-preview:large","max-video-preview":"max-video-preview:-1"},"canonical":"https:\/\/revistaregional.com.br\/site\/2020\/11\/27\/indaiatuba-soma-mais-1-morte-120-casos-e-1-mil-suspeitos-de-covid\/","og_locale":"pt_BR","og_type":"article","og_title":"Indaiatuba soma mais 1 morte, 120 casos e 1 mil suspeitos de covid - Revista Regional","og_description":"Nesta sexta-feira, 27, apenas Indaiatuba confirmou morte por covid na regi\u00e3o; Salto tem 2 \u00f3bitos suspeitos de covid em investiga\u00e7\u00e3o; H\u00e1 novos casos nas tr\u00eas cidades da \u00e1rea de cobertura da Revista Regional; Indaiatuba tem 1 mil casos suspeitos aguardando resultados de testes; Itu, 216; UTI do Hospital Municipal de Salto prossegue lotada A Secretaria [&hellip;]","og_url":"https:\/\/revistaregional.com.br\/site\/2020\/11\/27\/indaiatuba-soma-mais-1-morte-120-casos-e-1-mil-suspeitos-de-covid\/","og_site_name":"Revista Regional","article_published_time":"2020-11-27T21:08:43+00:00","article_modified_time":"2024-01-26T13:15:50+00:00","og_image":[{"width":632,"height":400,"url":"https:\/\/revistaregional.com.br\/site\/wp-content\/uploads\/2020\/10\/app-15-out.png","type":"image\/png"}],"author":"contato@revistaregional.com.br","twitter_card":"summary_large_image","twitter_misc":{"Escrito por":"contato@revistaregional.com.br","Est. tempo de leitura":"2 minutos"},"schema":{"@context":"https:\/\/schema.org","@graph":[{"@type":"Article","@id":"https:\/\/revistaregional.com.br\/site\/2020\/11\/27\/indaiatuba-soma-mais-1-morte-120-casos-e-1-mil-suspeitos-de-covid\/#article","isPartOf":{"@id":"https:\/\/revistaregional.com.br\/site\/2020\/11\/27\/indaiatuba-soma-mais-1-morte-120-casos-e-1-mil-suspeitos-de-covid\/"},"author":{"name":"contato@revistaregional.com.br","@id":"https:\/\/revistaregional.com.br\/site\/#\/schema\/person\/382af97c580dc1b18f55107bc316010d"},"headline":"Indaiatuba soma mais 1 morte, 120 casos e 1 mil suspeitos de covid","datePublished":"2020-11-27T21:08:43+00:00","dateModified":"2024-01-26T13:15:50+00:00","mainEntityOfPage":{"@id":"https:\/\/revistaregional.com.br\/site\/2020\/11\/27\/indaiatuba-soma-mais-1-morte-120-casos-e-1-mil-suspeitos-de-covid\/"},"wordCount":380,"image":{"@id":"https:\/\/revistaregional.com.br\/site\/2020\/11\/27\/indaiatuba-soma-mais-1-morte-120-casos-e-1-mil-suspeitos-de-covid\/#primaryimage"},"thumbnailUrl":"https:\/\/revistaregional.com.br\/site\/wp-content\/uploads\/2020\/10\/app-15-out.png","keywords":["Regionais"],"articleSection":["Destaque Lateral","Regionais"],"inLanguage":"pt-BR"},{"@type":"WebPage","@id":"https:\/\/revistaregional.com.br\/site\/2020\/11\/27\/indaiatuba-soma-mais-1-morte-120-casos-e-1-mil-suspeitos-de-covid\/","url":"https:\/\/revistaregional.com.br\/site\/2020\/11\/27\/indaiatuba-soma-mais-1-morte-120-casos-e-1-mil-suspeitos-de-covid\/","name":"Indaiatuba soma mais 1 morte, 120 casos e 1 mil suspeitos de covid - Revista Regional","isPartOf":{"@id":"https:\/\/revistaregional.com.br\/site\/#website"},"primaryImageOfPage":{"@id":"https:\/\/revistaregional.com.br\/site\/2020\/11\/27\/indaiatuba-soma-mais-1-morte-120-casos-e-1-mil-suspeitos-de-covid\/#primaryimage"},"image":{"@id":"https:\/\/revistaregional.com.br\/site\/2020\/11\/27\/indaiatuba-soma-mais-1-morte-120-casos-e-1-mil-suspeitos-de-covid\/#primaryimage"},"thumbnailUrl":"https:\/\/revistaregional.com.br\/site\/wp-content\/uploads\/2020\/10\/app-15-out.png","datePublished":"2020-11-27T21:08:43+00:00","dateModified":"2024-01-26T13:15:50+00:00","author":{"@id":"https:\/\/revistaregional.com.br\/site\/#\/schema\/person\/382af97c580dc1b18f55107bc316010d"},"breadcrumb":{"@id":"https:\/\/revistaregional.com.br\/site\/2020\/11\/27\/indaiatuba-soma-mais-1-morte-120-casos-e-1-mil-suspeitos-de-covid\/#breadcrumb"},"inLanguage":"pt-BR","potentialAction":[{"@type":"ReadAction","target":["https:\/\/revistaregional.com.br\/site\/2020\/11\/27\/indaiatuba-soma-mais-1-morte-120-casos-e-1-mil-suspeitos-de-covid\/"]}]},{"@type":"ImageObject","inLanguage":"pt-BR","@id":"https:\/\/revistaregional.com.br\/site\/2020\/11\/27\/indaiatuba-soma-mais-1-morte-120-casos-e-1-mil-suspeitos-de-covid\/#primaryimage","url":"https:\/\/revistaregional.com.br\/site\/wp-content\/uploads\/2020\/10\/app-15-out.png","contentUrl":"https:\/\/revistaregional.com.br\/site\/wp-content\/uploads\/2020\/10\/app-15-out.png","width":632,"height":400,"caption":"Nova morte causada pelo coronav\u00edrus em Indaiatuba"},{"@type":"BreadcrumbList","@id":"https:\/\/revistaregional.com.br\/site\/2020\/11\/27\/indaiatuba-soma-mais-1-morte-120-casos-e-1-mil-suspeitos-de-covid\/#breadcrumb","itemListElement":[{"@type":"ListItem","position":1,"name":"In\u00edcio","item":"https:\/\/revistaregional.com.br\/site\/"},{"@type":"ListItem","position":2,"name":"Indaiatuba soma mais 1 morte, 120 casos e 1 mil suspeitos de covid"}]},{"@type":"WebSite","@id":"https:\/\/revistaregional.com.br\/site\/#website","url":"https:\/\/revistaregional.com.br\/site\/","name":"Revista Regional","description":"Salto - Itu - Indaituba","potentialAction":[{"@type":"SearchAction","target":{"@type":"EntryPoint","urlTemplate":"https:\/\/revistaregional.com.br\/site\/?s={search_term_string}"},"query-input":{"@type":"PropertyValueSpecification","valueRequired":true,"valueName":"search_term_string"}}],"inLanguage":"pt-BR"},{"@type":"Person","@id":"https:\/\/revistaregional.com.br\/site\/#\/schema\/person\/382af97c580dc1b18f55107bc316010d","name":"contato@revistaregional.com.br","image":{"@type":"ImageObject","inLanguage":"pt-BR","@id":"https:\/\/secure.gravatar.com\/avatar\/869822917e96b2e292d5827e4635855396934485e7c4a0af84e9a214e32ca0cd?s=96&d=mm&r=g","url":"https:\/\/secure.gravatar.com\/avatar\/869822917e96b2e292d5827e4635855396934485e7c4a0af84e9a214e32ca0cd?s=96&d=mm&r=g","contentUrl":"https:\/\/secure.gravatar.com\/avatar\/869822917e96b2e292d5827e4635855396934485e7c4a0af84e9a214e32ca0cd?s=96&d=mm&r=g","caption":"contato@revistaregional.com.br"},"url":"https:\/\/revistaregional.com.br\/site\/author\/contato@revistaregional.com.br\/"}]}},"views":65,"_links":{"self":[{"href":"https:\/\/revistaregional.com.br\/site\/wp-json\/wp\/v2\/posts\/23955","targetHints":{"allow":["GET"]}}],"collection":[{"href":"https:\/\/revistaregional.com.br\/site\/wp-json\/wp\/v2\/posts"}],"about":[{"href":"https:\/\/revistaregional.com.br\/site\/wp-json\/wp\/v2\/types\/post"}],"author":[{"embeddable":true,"href":"https:\/\/revistaregional.com.br\/site\/wp-json\/wp\/v2\/users\/1"}],"replies":[{"embeddable":true,"href":"https:\/\/revistaregional.com.br\/site\/wp-json\/wp\/v2\/comments?post=23955"}],"version-history":[{"count":1,"href":"https:\/\/revistaregional.com.br\/site\/wp-json\/wp\/v2\/posts\/23955\/revisions"}],"predecessor-version":[{"id":23956,"href":"https:\/\/revistaregional.com.br\/site\/wp-json\/wp\/v2\/posts\/23955\/revisions\/23956"}],"wp:featuredmedia":[{"embeddable":true,"href":"https:\/\/revistaregional.com.br\/site\/wp-json\/wp\/v2\/media\/23625"}],"wp:attachment":[{"href":"https:\/\/revistaregional.com.br\/site\/wp-json\/wp\/v2\/media?parent=23955"}],"wp:term":[{"taxonomy":"category","embeddable":true,"href":"https:\/\/revistaregional.com.br\/site\/wp-json\/wp\/v2\/categories?post=23955"},{"taxonomy":"post_tag","embeddable":true,"href":"https:\/\/revistaregional.com.br\/site\/wp-json\/wp\/v2\/tags?post=23955"}],"curies":[{"name":"wp","href":"https:\/\/api.w.org\/{rel}","templated":true}]}}