{"id":23946,"date":"2020-11-26T18:03:47","date_gmt":"2020-11-26T21:03:47","guid":{"rendered":"https:\/\/revistaregional.com.br\/site\/?p=23946"},"modified":"2024-01-26T10:15:51","modified_gmt":"2024-01-26T13:15:51","slug":"covid-salto-e-indaiatuba-com-novas-mortes-em-24h-casos-diarios-aumentam-em-indaiatuba","status":"publish","type":"post","link":"https:\/\/revistaregional.com.br\/site\/2020\/11\/26\/covid-salto-e-indaiatuba-com-novas-mortes-em-24h-casos-diarios-aumentam-em-indaiatuba\/","title":{"rendered":"Covid: Salto e Indaiatuba com novas mortes em 24h; Casos di\u00e1rios aumentam em Indaiatuba"},"content":{"rendered":"<ul>\n<li><strong><em>As cidades de Salto e Indaiatuba confirmaram novos \u00f3bitos por covid nesta quinta-feira, 26 de novembro; <\/em><\/strong><\/li>\n<li><strong><em>UTI para covid do Hospital Municipal de Salto continua lotada pelo terceiro dia consecutivo; <\/em><\/strong><\/li>\n<li><strong><em>N\u00famero di\u00e1rio de contaminados em Indaiatuba volta ao n\u00edvel de julho, com 127 casos positivos nesta quinta-feira<\/em><\/strong><\/li>\n<\/ul>\n<figure id=\"attachment_23947\" aria-describedby=\"caption-attachment-23947\" style=\"width: 646px\" class=\"wp-caption aligncenter\"><img fetchpriority=\"high\" decoding=\"async\" class=\" wp-image-23947\" src=\"https:\/\/revistaregional.com.br\/site\/wp-content\/uploads\/2020\/11\/app-26-nov-300x169.jpg\" alt=\"\" width=\"646\" height=\"364\" data-id=\"23947\" srcset=\"https:\/\/revistaregional.com.br\/site\/wp-content\/uploads\/2020\/11\/app-26-nov-300x169.jpg 300w, https:\/\/revistaregional.com.br\/site\/wp-content\/uploads\/2020\/11\/app-26-nov-150x84.jpg 150w, https:\/\/revistaregional.com.br\/site\/wp-content\/uploads\/2020\/11\/app-26-nov.jpg 820w\" sizes=\"(max-width: 646px) 100vw, 646px\" \/><figcaption id=\"caption-attachment-23947\" class=\"wp-caption-text\">Novas mortes por covid em Salto e Indaiatuba<\/figcaption><\/figure>\n<p>A regi\u00e3o soma mais 2 mortes por covid nesta quinta-feira, 26 de novembro, conforme boletins epidemiol\u00f3gicos divulgados pelas Prefeituras da regi\u00e3o. Uma delas ocorreu em Salto: o paciente tinha 76 anos e estava internado em hospital local. Esse foi o 75\u00ba \u00f3bito por covid na cidade desde o in\u00edcio da pandemia.<\/p>\n<p>Nas \u00faltimas 24 horas, Salto tamb\u00e9m confirmou 21 novos casos da doen\u00e7a e totaliza agora 3.647 infectados desde mar\u00e7o, sendo que 3.540 evolu\u00edram para cura, 6 seguem internados (sendo 4 em UTI) e 26 est\u00e3o em isolamento domiciliar. H\u00e1 44 suspeitos que aguardam resultados. Destes, 4 est\u00e3o em interna\u00e7\u00e3o cl\u00ednica (sendo 3 em UTI). A UTI para covid do Hospital Municipal continua lotada pelo terceiro dia seguido.<\/p>\n<p>Em Indaiatuba, segundo a Secretaria de Sa\u00fade, a morte ocorreu no Haoc (Hospital Augusto de Oliveira Camargo). O paciente tinha 69 anos e estava internado desde quarta-feira, 25.<\/p>\n<p>Nesta quinta-feira, 26, tamb\u00e9m foram confirmados 127 casos positivos da doen\u00e7a, n\u00famero di\u00e1rio equivalente ao \u00edndice que Indaiatuba registrava no pico da pandemia, entre os meses de junho e julho. H\u00e1 ainda 990 suspeitos que aguardam resultados de testes.<\/p>\n<p>Desde o in\u00edcio da pandemia, 8.770 pessoas contra\u00edram o v\u00edrus no munic\u00edpio. Desses, 246 morreram e 8.480 s\u00e3o considerados curados ou est\u00e3o em recupera\u00e7\u00e3o domiciliar. Nesta quinta, h\u00e1 63 internados, dos quais 44 est\u00e3o confirmados para covid-19. Do total, 48 est\u00e3o em leitos cl\u00ednicos e 15 em UTI. Os leitos para covid nas UTIs est\u00e3o com 58% de ocupa\u00e7\u00e3o no Haoc e 33% no Santa Ign\u00eas.<\/p>\n<p>Itu n\u00e3o teve mortes confirmadas pela doen\u00e7a nesta quinta, 26, mas registrou 28 contaminados. Com isso, a cidade soma 3.956 casos desde o come\u00e7o do surto, sendo que 107 pacientes morreram e 3.728 recuperados. H\u00e1 178 suspeitos aguardando resultados, 10 pacientes internados em leito cl\u00ednico e 13 em UTI. A taxa de ocupa\u00e7\u00e3o de leitos para covid nas UTIs est\u00e1 em 75% no Hospital Municipal e 50% no Hospital de Campanha.<\/p>\n<p>&nbsp;<\/p>\n<p>foto: BIRF<\/p>\n<p>&nbsp;<\/p>\n","protected":false},"excerpt":{"rendered":"<p>As cidades de Salto e Indaiatuba confirmaram novos \u00f3bitos por covid nesta quinta-feira, 26 de novembro; UTI para covid do Hospital Municipal de Salto continua lotada pelo terceiro dia consecutivo; N\u00famero di\u00e1rio de contaminados em Indaiatuba volta ao n\u00edvel de julho, com 127 casos positivos nesta quinta-feira A regi\u00e3o soma mais 2 mortes por covid [&hellip;]<\/p>\n","protected":false},"author":1,"featured_media":23947,"comment_status":"closed","ping_status":"closed","sticky":false,"template":"","format":"standard","meta":{"_acf_changed":false,"ngg_post_thumbnail":0,"_joinchat":[],"footnotes":""},"categories":[449,12],"tags":[527],"class_list":["post-23946","post","type-post","status-publish","format-standard","has-post-thumbnail","hentry","category-destaque-lateral","category-regionais","tag-regionais"],"acf":[],"yoast_head":"<!-- This site is optimized with the Yoast SEO plugin v27.4 - https:\/\/yoast.com\/product\/yoast-seo-wordpress\/ -->\n<title>Covid: Salto e Indaiatuba com novas mortes em 24h; Casos di\u00e1rios aumentam em Indaiatuba - Revista Regional<\/title>\n<meta name=\"robots\" content=\"index, follow, max-snippet:-1, max-image-preview:large, max-video-preview:-1\" \/>\n<link rel=\"canonical\" href=\"https:\/\/revistaregional.com.br\/site\/2020\/11\/26\/covid-salto-e-indaiatuba-com-novas-mortes-em-24h-casos-diarios-aumentam-em-indaiatuba\/\" \/>\n<meta property=\"og:locale\" content=\"pt_BR\" \/>\n<meta property=\"og:type\" content=\"article\" \/>\n<meta property=\"og:title\" content=\"Covid: Salto e Indaiatuba com novas mortes em 24h; Casos di\u00e1rios aumentam em Indaiatuba - Revista Regional\" \/>\n<meta property=\"og:description\" content=\"As cidades de Salto e Indaiatuba confirmaram novos \u00f3bitos por covid nesta quinta-feira, 26 de novembro; UTI para covid do Hospital Municipal de Salto continua lotada pelo terceiro dia consecutivo; N\u00famero di\u00e1rio de contaminados em Indaiatuba volta ao n\u00edvel de julho, com 127 casos positivos nesta quinta-feira A regi\u00e3o soma mais 2 mortes por covid [&hellip;]\" \/>\n<meta property=\"og:url\" content=\"https:\/\/revistaregional.com.br\/site\/2020\/11\/26\/covid-salto-e-indaiatuba-com-novas-mortes-em-24h-casos-diarios-aumentam-em-indaiatuba\/\" \/>\n<meta property=\"og:site_name\" content=\"Revista Regional\" \/>\n<meta property=\"article:published_time\" content=\"2020-11-26T21:03:47+00:00\" \/>\n<meta property=\"article:modified_time\" content=\"2024-01-26T13:15:51+00:00\" \/>\n<meta property=\"og:image\" content=\"https:\/\/revistaregional.com.br\/site\/wp-content\/uploads\/2020\/11\/app-26-nov.jpg\" \/>\n\t<meta property=\"og:image:width\" content=\"820\" \/>\n\t<meta property=\"og:image:height\" content=\"461\" \/>\n\t<meta property=\"og:image:type\" content=\"image\/jpeg\" \/>\n<meta name=\"author\" content=\"contato@revistaregional.com.br\" \/>\n<meta name=\"twitter:card\" content=\"summary_large_image\" \/>\n<meta name=\"twitter:label1\" content=\"Escrito por\" \/>\n\t<meta name=\"twitter:data1\" content=\"contato@revistaregional.com.br\" \/>\n\t<meta name=\"twitter:label2\" content=\"Est. tempo de leitura\" \/>\n\t<meta name=\"twitter:data2\" content=\"2 minutos\" \/>\n<script type=\"application\/ld+json\" class=\"yoast-schema-graph\">{\"@context\":\"https:\\\/\\\/schema.org\",\"@graph\":[{\"@type\":\"Article\",\"@id\":\"https:\\\/\\\/revistaregional.com.br\\\/site\\\/2020\\\/11\\\/26\\\/covid-salto-e-indaiatuba-com-novas-mortes-em-24h-casos-diarios-aumentam-em-indaiatuba\\\/#article\",\"isPartOf\":{\"@id\":\"https:\\\/\\\/revistaregional.com.br\\\/site\\\/2020\\\/11\\\/26\\\/covid-salto-e-indaiatuba-com-novas-mortes-em-24h-casos-diarios-aumentam-em-indaiatuba\\\/\"},\"author\":{\"name\":\"contato@revistaregional.com.br\",\"@id\":\"https:\\\/\\\/revistaregional.com.br\\\/site\\\/#\\\/schema\\\/person\\\/382af97c580dc1b18f55107bc316010d\"},\"headline\":\"Covid: Salto e Indaiatuba com novas mortes em 24h; Casos di\u00e1rios aumentam em Indaiatuba\",\"datePublished\":\"2020-11-26T21:03:47+00:00\",\"dateModified\":\"2024-01-26T13:15:51+00:00\",\"mainEntityOfPage\":{\"@id\":\"https:\\\/\\\/revistaregional.com.br\\\/site\\\/2020\\\/11\\\/26\\\/covid-salto-e-indaiatuba-com-novas-mortes-em-24h-casos-diarios-aumentam-em-indaiatuba\\\/\"},\"wordCount\":401,\"image\":{\"@id\":\"https:\\\/\\\/revistaregional.com.br\\\/site\\\/2020\\\/11\\\/26\\\/covid-salto-e-indaiatuba-com-novas-mortes-em-24h-casos-diarios-aumentam-em-indaiatuba\\\/#primaryimage\"},\"thumbnailUrl\":\"https:\\\/\\\/revistaregional.com.br\\\/site\\\/wp-content\\\/uploads\\\/2020\\\/11\\\/app-26-nov.jpg\",\"keywords\":[\"Regionais\"],\"articleSection\":[\"Destaque Lateral\",\"Regionais\"],\"inLanguage\":\"pt-BR\"},{\"@type\":\"WebPage\",\"@id\":\"https:\\\/\\\/revistaregional.com.br\\\/site\\\/2020\\\/11\\\/26\\\/covid-salto-e-indaiatuba-com-novas-mortes-em-24h-casos-diarios-aumentam-em-indaiatuba\\\/\",\"url\":\"https:\\\/\\\/revistaregional.com.br\\\/site\\\/2020\\\/11\\\/26\\\/covid-salto-e-indaiatuba-com-novas-mortes-em-24h-casos-diarios-aumentam-em-indaiatuba\\\/\",\"name\":\"Covid: Salto e Indaiatuba com novas mortes em 24h; Casos di\u00e1rios aumentam em Indaiatuba - Revista Regional\",\"isPartOf\":{\"@id\":\"https:\\\/\\\/revistaregional.com.br\\\/site\\\/#website\"},\"primaryImageOfPage\":{\"@id\":\"https:\\\/\\\/revistaregional.com.br\\\/site\\\/2020\\\/11\\\/26\\\/covid-salto-e-indaiatuba-com-novas-mortes-em-24h-casos-diarios-aumentam-em-indaiatuba\\\/#primaryimage\"},\"image\":{\"@id\":\"https:\\\/\\\/revistaregional.com.br\\\/site\\\/2020\\\/11\\\/26\\\/covid-salto-e-indaiatuba-com-novas-mortes-em-24h-casos-diarios-aumentam-em-indaiatuba\\\/#primaryimage\"},\"thumbnailUrl\":\"https:\\\/\\\/revistaregional.com.br\\\/site\\\/wp-content\\\/uploads\\\/2020\\\/11\\\/app-26-nov.jpg\",\"datePublished\":\"2020-11-26T21:03:47+00:00\",\"dateModified\":\"2024-01-26T13:15:51+00:00\",\"author\":{\"@id\":\"https:\\\/\\\/revistaregional.com.br\\\/site\\\/#\\\/schema\\\/person\\\/382af97c580dc1b18f55107bc316010d\"},\"breadcrumb\":{\"@id\":\"https:\\\/\\\/revistaregional.com.br\\\/site\\\/2020\\\/11\\\/26\\\/covid-salto-e-indaiatuba-com-novas-mortes-em-24h-casos-diarios-aumentam-em-indaiatuba\\\/#breadcrumb\"},\"inLanguage\":\"pt-BR\",\"potentialAction\":[{\"@type\":\"ReadAction\",\"target\":[\"https:\\\/\\\/revistaregional.com.br\\\/site\\\/2020\\\/11\\\/26\\\/covid-salto-e-indaiatuba-com-novas-mortes-em-24h-casos-diarios-aumentam-em-indaiatuba\\\/\"]}]},{\"@type\":\"ImageObject\",\"inLanguage\":\"pt-BR\",\"@id\":\"https:\\\/\\\/revistaregional.com.br\\\/site\\\/2020\\\/11\\\/26\\\/covid-salto-e-indaiatuba-com-novas-mortes-em-24h-casos-diarios-aumentam-em-indaiatuba\\\/#primaryimage\",\"url\":\"https:\\\/\\\/revistaregional.com.br\\\/site\\\/wp-content\\\/uploads\\\/2020\\\/11\\\/app-26-nov.jpg\",\"contentUrl\":\"https:\\\/\\\/revistaregional.com.br\\\/site\\\/wp-content\\\/uploads\\\/2020\\\/11\\\/app-26-nov.jpg\",\"width\":820,\"height\":461,\"caption\":\"Novas mortes por covid em Salto e Indaiatuba\"},{\"@type\":\"BreadcrumbList\",\"@id\":\"https:\\\/\\\/revistaregional.com.br\\\/site\\\/2020\\\/11\\\/26\\\/covid-salto-e-indaiatuba-com-novas-mortes-em-24h-casos-diarios-aumentam-em-indaiatuba\\\/#breadcrumb\",\"itemListElement\":[{\"@type\":\"ListItem\",\"position\":1,\"name\":\"In\u00edcio\",\"item\":\"https:\\\/\\\/revistaregional.com.br\\\/site\\\/\"},{\"@type\":\"ListItem\",\"position\":2,\"name\":\"Covid: Salto e Indaiatuba com novas mortes em 24h; Casos di\u00e1rios aumentam em Indaiatuba\"}]},{\"@type\":\"WebSite\",\"@id\":\"https:\\\/\\\/revistaregional.com.br\\\/site\\\/#website\",\"url\":\"https:\\\/\\\/revistaregional.com.br\\\/site\\\/\",\"name\":\"Revista Regional\",\"description\":\"Salto - Itu - Indaituba\",\"potentialAction\":[{\"@type\":\"SearchAction\",\"target\":{\"@type\":\"EntryPoint\",\"urlTemplate\":\"https:\\\/\\\/revistaregional.com.br\\\/site\\\/?s={search_term_string}\"},\"query-input\":{\"@type\":\"PropertyValueSpecification\",\"valueRequired\":true,\"valueName\":\"search_term_string\"}}],\"inLanguage\":\"pt-BR\"},{\"@type\":\"Person\",\"@id\":\"https:\\\/\\\/revistaregional.com.br\\\/site\\\/#\\\/schema\\\/person\\\/382af97c580dc1b18f55107bc316010d\",\"name\":\"contato@revistaregional.com.br\",\"image\":{\"@type\":\"ImageObject\",\"inLanguage\":\"pt-BR\",\"@id\":\"https:\\\/\\\/secure.gravatar.com\\\/avatar\\\/869822917e96b2e292d5827e4635855396934485e7c4a0af84e9a214e32ca0cd?s=96&d=mm&r=g\",\"url\":\"https:\\\/\\\/secure.gravatar.com\\\/avatar\\\/869822917e96b2e292d5827e4635855396934485e7c4a0af84e9a214e32ca0cd?s=96&d=mm&r=g\",\"contentUrl\":\"https:\\\/\\\/secure.gravatar.com\\\/avatar\\\/869822917e96b2e292d5827e4635855396934485e7c4a0af84e9a214e32ca0cd?s=96&d=mm&r=g\",\"caption\":\"contato@revistaregional.com.br\"},\"url\":\"https:\\\/\\\/revistaregional.com.br\\\/site\\\/author\\\/contato@revistaregional.com.br\\\/\"}]}<\/script>\n<!-- \/ Yoast SEO plugin. -->","yoast_head_json":{"title":"Covid: Salto e Indaiatuba com novas mortes em 24h; Casos di\u00e1rios aumentam em Indaiatuba - Revista Regional","robots":{"index":"index","follow":"follow","max-snippet":"max-snippet:-1","max-image-preview":"max-image-preview:large","max-video-preview":"max-video-preview:-1"},"canonical":"https:\/\/revistaregional.com.br\/site\/2020\/11\/26\/covid-salto-e-indaiatuba-com-novas-mortes-em-24h-casos-diarios-aumentam-em-indaiatuba\/","og_locale":"pt_BR","og_type":"article","og_title":"Covid: Salto e Indaiatuba com novas mortes em 24h; Casos di\u00e1rios aumentam em Indaiatuba - Revista Regional","og_description":"As cidades de Salto e Indaiatuba confirmaram novos \u00f3bitos por covid nesta quinta-feira, 26 de novembro; UTI para covid do Hospital Municipal de Salto continua lotada pelo terceiro dia consecutivo; N\u00famero di\u00e1rio de contaminados em Indaiatuba volta ao n\u00edvel de julho, com 127 casos positivos nesta quinta-feira A regi\u00e3o soma mais 2 mortes por covid [&hellip;]","og_url":"https:\/\/revistaregional.com.br\/site\/2020\/11\/26\/covid-salto-e-indaiatuba-com-novas-mortes-em-24h-casos-diarios-aumentam-em-indaiatuba\/","og_site_name":"Revista Regional","article_published_time":"2020-11-26T21:03:47+00:00","article_modified_time":"2024-01-26T13:15:51+00:00","og_image":[{"width":820,"height":461,"url":"https:\/\/revistaregional.com.br\/site\/wp-content\/uploads\/2020\/11\/app-26-nov.jpg","type":"image\/jpeg"}],"author":"contato@revistaregional.com.br","twitter_card":"summary_large_image","twitter_misc":{"Escrito por":"contato@revistaregional.com.br","Est. tempo de leitura":"2 minutos"},"schema":{"@context":"https:\/\/schema.org","@graph":[{"@type":"Article","@id":"https:\/\/revistaregional.com.br\/site\/2020\/11\/26\/covid-salto-e-indaiatuba-com-novas-mortes-em-24h-casos-diarios-aumentam-em-indaiatuba\/#article","isPartOf":{"@id":"https:\/\/revistaregional.com.br\/site\/2020\/11\/26\/covid-salto-e-indaiatuba-com-novas-mortes-em-24h-casos-diarios-aumentam-em-indaiatuba\/"},"author":{"name":"contato@revistaregional.com.br","@id":"https:\/\/revistaregional.com.br\/site\/#\/schema\/person\/382af97c580dc1b18f55107bc316010d"},"headline":"Covid: Salto e Indaiatuba com novas mortes em 24h; Casos di\u00e1rios aumentam em Indaiatuba","datePublished":"2020-11-26T21:03:47+00:00","dateModified":"2024-01-26T13:15:51+00:00","mainEntityOfPage":{"@id":"https:\/\/revistaregional.com.br\/site\/2020\/11\/26\/covid-salto-e-indaiatuba-com-novas-mortes-em-24h-casos-diarios-aumentam-em-indaiatuba\/"},"wordCount":401,"image":{"@id":"https:\/\/revistaregional.com.br\/site\/2020\/11\/26\/covid-salto-e-indaiatuba-com-novas-mortes-em-24h-casos-diarios-aumentam-em-indaiatuba\/#primaryimage"},"thumbnailUrl":"https:\/\/revistaregional.com.br\/site\/wp-content\/uploads\/2020\/11\/app-26-nov.jpg","keywords":["Regionais"],"articleSection":["Destaque Lateral","Regionais"],"inLanguage":"pt-BR"},{"@type":"WebPage","@id":"https:\/\/revistaregional.com.br\/site\/2020\/11\/26\/covid-salto-e-indaiatuba-com-novas-mortes-em-24h-casos-diarios-aumentam-em-indaiatuba\/","url":"https:\/\/revistaregional.com.br\/site\/2020\/11\/26\/covid-salto-e-indaiatuba-com-novas-mortes-em-24h-casos-diarios-aumentam-em-indaiatuba\/","name":"Covid: Salto e Indaiatuba com novas mortes em 24h; Casos di\u00e1rios aumentam em Indaiatuba - Revista Regional","isPartOf":{"@id":"https:\/\/revistaregional.com.br\/site\/#website"},"primaryImageOfPage":{"@id":"https:\/\/revistaregional.com.br\/site\/2020\/11\/26\/covid-salto-e-indaiatuba-com-novas-mortes-em-24h-casos-diarios-aumentam-em-indaiatuba\/#primaryimage"},"image":{"@id":"https:\/\/revistaregional.com.br\/site\/2020\/11\/26\/covid-salto-e-indaiatuba-com-novas-mortes-em-24h-casos-diarios-aumentam-em-indaiatuba\/#primaryimage"},"thumbnailUrl":"https:\/\/revistaregional.com.br\/site\/wp-content\/uploads\/2020\/11\/app-26-nov.jpg","datePublished":"2020-11-26T21:03:47+00:00","dateModified":"2024-01-26T13:15:51+00:00","author":{"@id":"https:\/\/revistaregional.com.br\/site\/#\/schema\/person\/382af97c580dc1b18f55107bc316010d"},"breadcrumb":{"@id":"https:\/\/revistaregional.com.br\/site\/2020\/11\/26\/covid-salto-e-indaiatuba-com-novas-mortes-em-24h-casos-diarios-aumentam-em-indaiatuba\/#breadcrumb"},"inLanguage":"pt-BR","potentialAction":[{"@type":"ReadAction","target":["https:\/\/revistaregional.com.br\/site\/2020\/11\/26\/covid-salto-e-indaiatuba-com-novas-mortes-em-24h-casos-diarios-aumentam-em-indaiatuba\/"]}]},{"@type":"ImageObject","inLanguage":"pt-BR","@id":"https:\/\/revistaregional.com.br\/site\/2020\/11\/26\/covid-salto-e-indaiatuba-com-novas-mortes-em-24h-casos-diarios-aumentam-em-indaiatuba\/#primaryimage","url":"https:\/\/revistaregional.com.br\/site\/wp-content\/uploads\/2020\/11\/app-26-nov.jpg","contentUrl":"https:\/\/revistaregional.com.br\/site\/wp-content\/uploads\/2020\/11\/app-26-nov.jpg","width":820,"height":461,"caption":"Novas mortes por covid em Salto e Indaiatuba"},{"@type":"BreadcrumbList","@id":"https:\/\/revistaregional.com.br\/site\/2020\/11\/26\/covid-salto-e-indaiatuba-com-novas-mortes-em-24h-casos-diarios-aumentam-em-indaiatuba\/#breadcrumb","itemListElement":[{"@type":"ListItem","position":1,"name":"In\u00edcio","item":"https:\/\/revistaregional.com.br\/site\/"},{"@type":"ListItem","position":2,"name":"Covid: Salto e Indaiatuba com novas mortes em 24h; Casos di\u00e1rios aumentam em Indaiatuba"}]},{"@type":"WebSite","@id":"https:\/\/revistaregional.com.br\/site\/#website","url":"https:\/\/revistaregional.com.br\/site\/","name":"Revista Regional","description":"Salto - Itu - Indaituba","potentialAction":[{"@type":"SearchAction","target":{"@type":"EntryPoint","urlTemplate":"https:\/\/revistaregional.com.br\/site\/?s={search_term_string}"},"query-input":{"@type":"PropertyValueSpecification","valueRequired":true,"valueName":"search_term_string"}}],"inLanguage":"pt-BR"},{"@type":"Person","@id":"https:\/\/revistaregional.com.br\/site\/#\/schema\/person\/382af97c580dc1b18f55107bc316010d","name":"contato@revistaregional.com.br","image":{"@type":"ImageObject","inLanguage":"pt-BR","@id":"https:\/\/secure.gravatar.com\/avatar\/869822917e96b2e292d5827e4635855396934485e7c4a0af84e9a214e32ca0cd?s=96&d=mm&r=g","url":"https:\/\/secure.gravatar.com\/avatar\/869822917e96b2e292d5827e4635855396934485e7c4a0af84e9a214e32ca0cd?s=96&d=mm&r=g","contentUrl":"https:\/\/secure.gravatar.com\/avatar\/869822917e96b2e292d5827e4635855396934485e7c4a0af84e9a214e32ca0cd?s=96&d=mm&r=g","caption":"contato@revistaregional.com.br"},"url":"https:\/\/revistaregional.com.br\/site\/author\/contato@revistaregional.com.br\/"}]}},"views":70,"_links":{"self":[{"href":"https:\/\/revistaregional.com.br\/site\/wp-json\/wp\/v2\/posts\/23946","targetHints":{"allow":["GET"]}}],"collection":[{"href":"https:\/\/revistaregional.com.br\/site\/wp-json\/wp\/v2\/posts"}],"about":[{"href":"https:\/\/revistaregional.com.br\/site\/wp-json\/wp\/v2\/types\/post"}],"author":[{"embeddable":true,"href":"https:\/\/revistaregional.com.br\/site\/wp-json\/wp\/v2\/users\/1"}],"replies":[{"embeddable":true,"href":"https:\/\/revistaregional.com.br\/site\/wp-json\/wp\/v2\/comments?post=23946"}],"version-history":[{"count":4,"href":"https:\/\/revistaregional.com.br\/site\/wp-json\/wp\/v2\/posts\/23946\/revisions"}],"predecessor-version":[{"id":23952,"href":"https:\/\/revistaregional.com.br\/site\/wp-json\/wp\/v2\/posts\/23946\/revisions\/23952"}],"wp:featuredmedia":[{"embeddable":true,"href":"https:\/\/revistaregional.com.br\/site\/wp-json\/wp\/v2\/media\/23947"}],"wp:attachment":[{"href":"https:\/\/revistaregional.com.br\/site\/wp-json\/wp\/v2\/media?parent=23946"}],"wp:term":[{"taxonomy":"category","embeddable":true,"href":"https:\/\/revistaregional.com.br\/site\/wp-json\/wp\/v2\/categories?post=23946"},{"taxonomy":"post_tag","embeddable":true,"href":"https:\/\/revistaregional.com.br\/site\/wp-json\/wp\/v2\/tags?post=23946"}],"curies":[{"name":"wp","href":"https:\/\/api.w.org\/{rel}","templated":true}]}}