{"id":23943,"date":"2020-11-26T14:38:25","date_gmt":"2020-11-26T17:38:25","guid":{"rendered":"https:\/\/revistaregional.com.br\/site\/?p=23943"},"modified":"2024-01-26T10:15:52","modified_gmt":"2024-01-26T13:15:52","slug":"prefeito-eleito-divulga-secretariado-em-salto","status":"publish","type":"post","link":"https:\/\/revistaregional.com.br\/site\/2020\/11\/26\/prefeito-eleito-divulga-secretariado-em-salto\/","title":{"rendered":"Prefeito eleito divulga Secretariado em Salto"},"content":{"rendered":"<ul>\n<li><strong><em>Em Salto, nova Equipe de Governo \u00e9 apresentada pelo prefeito e vice-prefeito eleitos, Laerte Sonsin e Edemilson Santos; <\/em><\/strong><\/li>\n<li><strong><em>Pol\u00edticos afirmam que nomes escolhidos s\u00e3o t\u00e9cnicos e que optaram por pessoas da pr\u00f3pria cidade<\/em><\/strong><\/li>\n<\/ul>\n<figure id=\"attachment_23944\" aria-describedby=\"caption-attachment-23944\" style=\"width: 597px\" class=\"wp-caption aligncenter\"><img fetchpriority=\"high\" decoding=\"async\" class=\" wp-image-23944\" src=\"https:\/\/revistaregional.com.br\/site\/wp-content\/uploads\/2020\/11\/app-laerte-300x206.jpg\" alt=\"\" width=\"597\" height=\"410\" data-id=\"23944\" srcset=\"https:\/\/revistaregional.com.br\/site\/wp-content\/uploads\/2020\/11\/app-laerte-300x206.jpg 300w, https:\/\/revistaregional.com.br\/site\/wp-content\/uploads\/2020\/11\/app-laerte-1024x703.jpg 1024w, https:\/\/revistaregional.com.br\/site\/wp-content\/uploads\/2020\/11\/app-laerte-150x103.jpg 150w, https:\/\/revistaregional.com.br\/site\/wp-content\/uploads\/2020\/11\/app-laerte.jpg 1200w\" sizes=\"(max-width: 597px) 100vw, 597px\" \/><figcaption id=\"caption-attachment-23944\" class=\"wp-caption-text\">Nova Equipe de Governo de Salto<\/figcaption><\/figure>\n<p>O prefeito e vice-prefeito eleitos de Salto, Laerte Sonsin e Edemilson Santos, apresentaram, durante coletiva de imprensa, os nomes que ir\u00e3o compor o Secretariado para a gest\u00e3o 2021-2024.&nbsp; &nbsp; &nbsp; &nbsp; &nbsp; &nbsp; &nbsp; &nbsp; &nbsp;<\/p>\n<p>Em sua fala, Laerte refor\u00e7ou que, conforme afirmado em diversas entrevistas, nenhum secret\u00e1rio havia sido indicado, escolhido ou apresentado antes da elei\u00e7\u00e3o, e que tais nomes refletem e demonstram a imagem do novo governo saltense: \u201cTodos os escolhidos seguem o perfil que apresent\u00e1vamos antes: t\u00e9cnicos, com conhecimento das a\u00e7\u00f5es e das atividades que desempenhar\u00e3o, intimamente ligados \u00e0 nossa proposta de governo e, principalmente, todos de Salto, com ra\u00edzes na nossa cidade\u201d.<\/p>\n<p>Por sua vez, o vice-prefeito Edemilson tamb\u00e9m enfatizou que \u201cos novos secret\u00e1rios possuem qualifica\u00e7\u00e3o e muita vontade de fazer a diferen\u00e7a, com dedica\u00e7\u00e3o, \u00e9tica e comprometimento com a nossa cidade\u201d.<\/p>\n<p><em>Conhe\u00e7a abaixo a rela\u00e7\u00e3o do novo Secretariado:<\/em><\/p>\n<p>*Secretaria de A\u00e7\u00e3o Social e Cidadania: Mercia Falcini<\/p>\n<p>*Secretaria de Administra\u00e7\u00e3o: Caio Vin\u00edcius Picinin<\/p>\n<p>*Secretaria de Cultura: Os\u00e9as Singh Jr.<\/p>\n<p>*Secretaria da Defesa Social: J\u00falio Henrique de Paula Leite<\/p>\n<p>*Secretaria de Desenvolvimento Econ\u00f4mico, Trabalho e Turismo:&nbsp;Wanderley Rigolin<\/p>\n<p>*Secretaria de Desenvolvimento Urbano: Nivaldo Panossian<\/p>\n<p>*Secretaria de Educa\u00e7\u00e3o: Anna Christina Carvalho Macedo de Noronha F\u00e1varo<\/p>\n<p>*Secretaria de Esportes e Lazer: Valdir L\u00edbero<\/p>\n<p>*Secretaria de Finan\u00e7as: Adriana Senhora Louren\u00e7o<\/p>\n<p>*Secretaria de Governo: Francisco Jos\u00e9 Proc\u00f3pio<\/p>\n<p>*Secretaria de Meio Ambiente: Oswaldo Antonio Dalla Vecchia<\/p>\n<p>*Secretaria de Neg\u00f3cios Jur\u00eddicos: Dr. Amilton Luiz de Arruda Sampaio.&nbsp;&nbsp;&nbsp;&nbsp;&nbsp;&nbsp;&nbsp;&nbsp;&nbsp;<\/p>\n<p>*Secretaria de Obras e Servi\u00e7os P\u00fablicos: Sandro Roberto Stivanelli<\/p>\n<p>*Secretaria de Sa\u00fade: Fabio Roberto Sart\u00f3rio<\/p>\n<p>*Superintendente do Saae: Ernivan Fernandes Balieiro<\/p>\n<p>* Novas integrantes do Departamento de Comunica\u00e7\u00e3o Social: Karina Camargo e Rochelle Corazza<\/p>\n<p>&nbsp;<\/p>\n<p><em>foto: KR Comunica\u00e7\u00e3o<\/em><\/p>\n","protected":false},"excerpt":{"rendered":"<p>Em Salto, nova Equipe de Governo \u00e9 apresentada pelo prefeito e vice-prefeito eleitos, Laerte Sonsin e Edemilson Santos; Pol\u00edticos afirmam que nomes escolhidos s\u00e3o t\u00e9cnicos e que optaram por pessoas da pr\u00f3pria cidade O prefeito e vice-prefeito eleitos de Salto, Laerte Sonsin e Edemilson Santos, apresentaram, durante coletiva de imprensa, os nomes que ir\u00e3o compor [&hellip;]<\/p>\n","protected":false},"author":1,"featured_media":23944,"comment_status":"closed","ping_status":"closed","sticky":false,"template":"","format":"standard","meta":{"_acf_changed":false,"ngg_post_thumbnail":0,"_joinchat":[],"footnotes":""},"categories":[449,12],"tags":[527],"class_list":["post-23943","post","type-post","status-publish","format-standard","has-post-thumbnail","hentry","category-destaque-lateral","category-regionais","tag-regionais"],"acf":[],"yoast_head":"<!-- This site is optimized with the Yoast SEO plugin v27.4 - https:\/\/yoast.com\/product\/yoast-seo-wordpress\/ -->\n<title>Prefeito eleito divulga Secretariado em Salto - Revista Regional<\/title>\n<meta name=\"robots\" content=\"index, follow, max-snippet:-1, max-image-preview:large, max-video-preview:-1\" \/>\n<link rel=\"canonical\" href=\"https:\/\/revistaregional.com.br\/site\/2020\/11\/26\/prefeito-eleito-divulga-secretariado-em-salto\/\" \/>\n<meta property=\"og:locale\" content=\"pt_BR\" \/>\n<meta property=\"og:type\" content=\"article\" \/>\n<meta property=\"og:title\" content=\"Prefeito eleito divulga Secretariado em Salto - Revista Regional\" \/>\n<meta property=\"og:description\" content=\"Em Salto, nova Equipe de Governo \u00e9 apresentada pelo prefeito e vice-prefeito eleitos, Laerte Sonsin e Edemilson Santos; Pol\u00edticos afirmam que nomes escolhidos s\u00e3o t\u00e9cnicos e que optaram por pessoas da pr\u00f3pria cidade O prefeito e vice-prefeito eleitos de Salto, Laerte Sonsin e Edemilson Santos, apresentaram, durante coletiva de imprensa, os nomes que ir\u00e3o compor [&hellip;]\" \/>\n<meta property=\"og:url\" content=\"https:\/\/revistaregional.com.br\/site\/2020\/11\/26\/prefeito-eleito-divulga-secretariado-em-salto\/\" \/>\n<meta property=\"og:site_name\" content=\"Revista Regional\" \/>\n<meta property=\"article:published_time\" content=\"2020-11-26T17:38:25+00:00\" \/>\n<meta property=\"article:modified_time\" content=\"2024-01-26T13:15:52+00:00\" \/>\n<meta property=\"og:image\" content=\"https:\/\/revistaregional.com.br\/site\/wp-content\/uploads\/2020\/11\/app-laerte.jpg\" \/>\n\t<meta property=\"og:image:width\" content=\"1200\" \/>\n\t<meta property=\"og:image:height\" content=\"824\" \/>\n\t<meta property=\"og:image:type\" content=\"image\/jpeg\" \/>\n<meta name=\"author\" content=\"contato@revistaregional.com.br\" \/>\n<meta name=\"twitter:card\" content=\"summary_large_image\" \/>\n<meta name=\"twitter:label1\" content=\"Escrito por\" \/>\n\t<meta name=\"twitter:data1\" content=\"contato@revistaregional.com.br\" \/>\n\t<meta name=\"twitter:label2\" content=\"Est. tempo de leitura\" \/>\n\t<meta name=\"twitter:data2\" content=\"2 minutos\" \/>\n<script type=\"application\/ld+json\" class=\"yoast-schema-graph\">{\"@context\":\"https:\\\/\\\/schema.org\",\"@graph\":[{\"@type\":\"Article\",\"@id\":\"https:\\\/\\\/revistaregional.com.br\\\/site\\\/2020\\\/11\\\/26\\\/prefeito-eleito-divulga-secretariado-em-salto\\\/#article\",\"isPartOf\":{\"@id\":\"https:\\\/\\\/revistaregional.com.br\\\/site\\\/2020\\\/11\\\/26\\\/prefeito-eleito-divulga-secretariado-em-salto\\\/\"},\"author\":{\"name\":\"contato@revistaregional.com.br\",\"@id\":\"https:\\\/\\\/revistaregional.com.br\\\/site\\\/#\\\/schema\\\/person\\\/382af97c580dc1b18f55107bc316010d\"},\"headline\":\"Prefeito eleito divulga Secretariado em Salto\",\"datePublished\":\"2020-11-26T17:38:25+00:00\",\"dateModified\":\"2024-01-26T13:15:52+00:00\",\"mainEntityOfPage\":{\"@id\":\"https:\\\/\\\/revistaregional.com.br\\\/site\\\/2020\\\/11\\\/26\\\/prefeito-eleito-divulga-secretariado-em-salto\\\/\"},\"wordCount\":374,\"image\":{\"@id\":\"https:\\\/\\\/revistaregional.com.br\\\/site\\\/2020\\\/11\\\/26\\\/prefeito-eleito-divulga-secretariado-em-salto\\\/#primaryimage\"},\"thumbnailUrl\":\"https:\\\/\\\/revistaregional.com.br\\\/site\\\/wp-content\\\/uploads\\\/2020\\\/11\\\/app-laerte.jpg\",\"keywords\":[\"Regionais\"],\"articleSection\":[\"Destaque Lateral\",\"Regionais\"],\"inLanguage\":\"pt-BR\"},{\"@type\":\"WebPage\",\"@id\":\"https:\\\/\\\/revistaregional.com.br\\\/site\\\/2020\\\/11\\\/26\\\/prefeito-eleito-divulga-secretariado-em-salto\\\/\",\"url\":\"https:\\\/\\\/revistaregional.com.br\\\/site\\\/2020\\\/11\\\/26\\\/prefeito-eleito-divulga-secretariado-em-salto\\\/\",\"name\":\"Prefeito eleito divulga Secretariado em Salto - Revista Regional\",\"isPartOf\":{\"@id\":\"https:\\\/\\\/revistaregional.com.br\\\/site\\\/#website\"},\"primaryImageOfPage\":{\"@id\":\"https:\\\/\\\/revistaregional.com.br\\\/site\\\/2020\\\/11\\\/26\\\/prefeito-eleito-divulga-secretariado-em-salto\\\/#primaryimage\"},\"image\":{\"@id\":\"https:\\\/\\\/revistaregional.com.br\\\/site\\\/2020\\\/11\\\/26\\\/prefeito-eleito-divulga-secretariado-em-salto\\\/#primaryimage\"},\"thumbnailUrl\":\"https:\\\/\\\/revistaregional.com.br\\\/site\\\/wp-content\\\/uploads\\\/2020\\\/11\\\/app-laerte.jpg\",\"datePublished\":\"2020-11-26T17:38:25+00:00\",\"dateModified\":\"2024-01-26T13:15:52+00:00\",\"author\":{\"@id\":\"https:\\\/\\\/revistaregional.com.br\\\/site\\\/#\\\/schema\\\/person\\\/382af97c580dc1b18f55107bc316010d\"},\"breadcrumb\":{\"@id\":\"https:\\\/\\\/revistaregional.com.br\\\/site\\\/2020\\\/11\\\/26\\\/prefeito-eleito-divulga-secretariado-em-salto\\\/#breadcrumb\"},\"inLanguage\":\"pt-BR\",\"potentialAction\":[{\"@type\":\"ReadAction\",\"target\":[\"https:\\\/\\\/revistaregional.com.br\\\/site\\\/2020\\\/11\\\/26\\\/prefeito-eleito-divulga-secretariado-em-salto\\\/\"]}]},{\"@type\":\"ImageObject\",\"inLanguage\":\"pt-BR\",\"@id\":\"https:\\\/\\\/revistaregional.com.br\\\/site\\\/2020\\\/11\\\/26\\\/prefeito-eleito-divulga-secretariado-em-salto\\\/#primaryimage\",\"url\":\"https:\\\/\\\/revistaregional.com.br\\\/site\\\/wp-content\\\/uploads\\\/2020\\\/11\\\/app-laerte.jpg\",\"contentUrl\":\"https:\\\/\\\/revistaregional.com.br\\\/site\\\/wp-content\\\/uploads\\\/2020\\\/11\\\/app-laerte.jpg\",\"width\":1200,\"height\":824,\"caption\":\"Nova Equipe de Governo de Salto\"},{\"@type\":\"BreadcrumbList\",\"@id\":\"https:\\\/\\\/revistaregional.com.br\\\/site\\\/2020\\\/11\\\/26\\\/prefeito-eleito-divulga-secretariado-em-salto\\\/#breadcrumb\",\"itemListElement\":[{\"@type\":\"ListItem\",\"position\":1,\"name\":\"In\u00edcio\",\"item\":\"https:\\\/\\\/revistaregional.com.br\\\/site\\\/\"},{\"@type\":\"ListItem\",\"position\":2,\"name\":\"Prefeito eleito divulga Secretariado em Salto\"}]},{\"@type\":\"WebSite\",\"@id\":\"https:\\\/\\\/revistaregional.com.br\\\/site\\\/#website\",\"url\":\"https:\\\/\\\/revistaregional.com.br\\\/site\\\/\",\"name\":\"Revista Regional\",\"description\":\"Salto - Itu - Indaituba\",\"potentialAction\":[{\"@type\":\"SearchAction\",\"target\":{\"@type\":\"EntryPoint\",\"urlTemplate\":\"https:\\\/\\\/revistaregional.com.br\\\/site\\\/?s={search_term_string}\"},\"query-input\":{\"@type\":\"PropertyValueSpecification\",\"valueRequired\":true,\"valueName\":\"search_term_string\"}}],\"inLanguage\":\"pt-BR\"},{\"@type\":\"Person\",\"@id\":\"https:\\\/\\\/revistaregional.com.br\\\/site\\\/#\\\/schema\\\/person\\\/382af97c580dc1b18f55107bc316010d\",\"name\":\"contato@revistaregional.com.br\",\"image\":{\"@type\":\"ImageObject\",\"inLanguage\":\"pt-BR\",\"@id\":\"https:\\\/\\\/secure.gravatar.com\\\/avatar\\\/869822917e96b2e292d5827e4635855396934485e7c4a0af84e9a214e32ca0cd?s=96&d=mm&r=g\",\"url\":\"https:\\\/\\\/secure.gravatar.com\\\/avatar\\\/869822917e96b2e292d5827e4635855396934485e7c4a0af84e9a214e32ca0cd?s=96&d=mm&r=g\",\"contentUrl\":\"https:\\\/\\\/secure.gravatar.com\\\/avatar\\\/869822917e96b2e292d5827e4635855396934485e7c4a0af84e9a214e32ca0cd?s=96&d=mm&r=g\",\"caption\":\"contato@revistaregional.com.br\"},\"url\":\"https:\\\/\\\/revistaregional.com.br\\\/site\\\/author\\\/contato@revistaregional.com.br\\\/\"}]}<\/script>\n<!-- \/ Yoast SEO plugin. -->","yoast_head_json":{"title":"Prefeito eleito divulga Secretariado em Salto - Revista Regional","robots":{"index":"index","follow":"follow","max-snippet":"max-snippet:-1","max-image-preview":"max-image-preview:large","max-video-preview":"max-video-preview:-1"},"canonical":"https:\/\/revistaregional.com.br\/site\/2020\/11\/26\/prefeito-eleito-divulga-secretariado-em-salto\/","og_locale":"pt_BR","og_type":"article","og_title":"Prefeito eleito divulga Secretariado em Salto - Revista Regional","og_description":"Em Salto, nova Equipe de Governo \u00e9 apresentada pelo prefeito e vice-prefeito eleitos, Laerte Sonsin e Edemilson Santos; Pol\u00edticos afirmam que nomes escolhidos s\u00e3o t\u00e9cnicos e que optaram por pessoas da pr\u00f3pria cidade O prefeito e vice-prefeito eleitos de Salto, Laerte Sonsin e Edemilson Santos, apresentaram, durante coletiva de imprensa, os nomes que ir\u00e3o compor [&hellip;]","og_url":"https:\/\/revistaregional.com.br\/site\/2020\/11\/26\/prefeito-eleito-divulga-secretariado-em-salto\/","og_site_name":"Revista Regional","article_published_time":"2020-11-26T17:38:25+00:00","article_modified_time":"2024-01-26T13:15:52+00:00","og_image":[{"width":1200,"height":824,"url":"https:\/\/revistaregional.com.br\/site\/wp-content\/uploads\/2020\/11\/app-laerte.jpg","type":"image\/jpeg"}],"author":"contato@revistaregional.com.br","twitter_card":"summary_large_image","twitter_misc":{"Escrito por":"contato@revistaregional.com.br","Est. tempo de leitura":"2 minutos"},"schema":{"@context":"https:\/\/schema.org","@graph":[{"@type":"Article","@id":"https:\/\/revistaregional.com.br\/site\/2020\/11\/26\/prefeito-eleito-divulga-secretariado-em-salto\/#article","isPartOf":{"@id":"https:\/\/revistaregional.com.br\/site\/2020\/11\/26\/prefeito-eleito-divulga-secretariado-em-salto\/"},"author":{"name":"contato@revistaregional.com.br","@id":"https:\/\/revistaregional.com.br\/site\/#\/schema\/person\/382af97c580dc1b18f55107bc316010d"},"headline":"Prefeito eleito divulga Secretariado em Salto","datePublished":"2020-11-26T17:38:25+00:00","dateModified":"2024-01-26T13:15:52+00:00","mainEntityOfPage":{"@id":"https:\/\/revistaregional.com.br\/site\/2020\/11\/26\/prefeito-eleito-divulga-secretariado-em-salto\/"},"wordCount":374,"image":{"@id":"https:\/\/revistaregional.com.br\/site\/2020\/11\/26\/prefeito-eleito-divulga-secretariado-em-salto\/#primaryimage"},"thumbnailUrl":"https:\/\/revistaregional.com.br\/site\/wp-content\/uploads\/2020\/11\/app-laerte.jpg","keywords":["Regionais"],"articleSection":["Destaque Lateral","Regionais"],"inLanguage":"pt-BR"},{"@type":"WebPage","@id":"https:\/\/revistaregional.com.br\/site\/2020\/11\/26\/prefeito-eleito-divulga-secretariado-em-salto\/","url":"https:\/\/revistaregional.com.br\/site\/2020\/11\/26\/prefeito-eleito-divulga-secretariado-em-salto\/","name":"Prefeito eleito divulga Secretariado em Salto - Revista Regional","isPartOf":{"@id":"https:\/\/revistaregional.com.br\/site\/#website"},"primaryImageOfPage":{"@id":"https:\/\/revistaregional.com.br\/site\/2020\/11\/26\/prefeito-eleito-divulga-secretariado-em-salto\/#primaryimage"},"image":{"@id":"https:\/\/revistaregional.com.br\/site\/2020\/11\/26\/prefeito-eleito-divulga-secretariado-em-salto\/#primaryimage"},"thumbnailUrl":"https:\/\/revistaregional.com.br\/site\/wp-content\/uploads\/2020\/11\/app-laerte.jpg","datePublished":"2020-11-26T17:38:25+00:00","dateModified":"2024-01-26T13:15:52+00:00","author":{"@id":"https:\/\/revistaregional.com.br\/site\/#\/schema\/person\/382af97c580dc1b18f55107bc316010d"},"breadcrumb":{"@id":"https:\/\/revistaregional.com.br\/site\/2020\/11\/26\/prefeito-eleito-divulga-secretariado-em-salto\/#breadcrumb"},"inLanguage":"pt-BR","potentialAction":[{"@type":"ReadAction","target":["https:\/\/revistaregional.com.br\/site\/2020\/11\/26\/prefeito-eleito-divulga-secretariado-em-salto\/"]}]},{"@type":"ImageObject","inLanguage":"pt-BR","@id":"https:\/\/revistaregional.com.br\/site\/2020\/11\/26\/prefeito-eleito-divulga-secretariado-em-salto\/#primaryimage","url":"https:\/\/revistaregional.com.br\/site\/wp-content\/uploads\/2020\/11\/app-laerte.jpg","contentUrl":"https:\/\/revistaregional.com.br\/site\/wp-content\/uploads\/2020\/11\/app-laerte.jpg","width":1200,"height":824,"caption":"Nova Equipe de Governo de Salto"},{"@type":"BreadcrumbList","@id":"https:\/\/revistaregional.com.br\/site\/2020\/11\/26\/prefeito-eleito-divulga-secretariado-em-salto\/#breadcrumb","itemListElement":[{"@type":"ListItem","position":1,"name":"In\u00edcio","item":"https:\/\/revistaregional.com.br\/site\/"},{"@type":"ListItem","position":2,"name":"Prefeito eleito divulga Secretariado em Salto"}]},{"@type":"WebSite","@id":"https:\/\/revistaregional.com.br\/site\/#website","url":"https:\/\/revistaregional.com.br\/site\/","name":"Revista Regional","description":"Salto - Itu - Indaituba","potentialAction":[{"@type":"SearchAction","target":{"@type":"EntryPoint","urlTemplate":"https:\/\/revistaregional.com.br\/site\/?s={search_term_string}"},"query-input":{"@type":"PropertyValueSpecification","valueRequired":true,"valueName":"search_term_string"}}],"inLanguage":"pt-BR"},{"@type":"Person","@id":"https:\/\/revistaregional.com.br\/site\/#\/schema\/person\/382af97c580dc1b18f55107bc316010d","name":"contato@revistaregional.com.br","image":{"@type":"ImageObject","inLanguage":"pt-BR","@id":"https:\/\/secure.gravatar.com\/avatar\/869822917e96b2e292d5827e4635855396934485e7c4a0af84e9a214e32ca0cd?s=96&d=mm&r=g","url":"https:\/\/secure.gravatar.com\/avatar\/869822917e96b2e292d5827e4635855396934485e7c4a0af84e9a214e32ca0cd?s=96&d=mm&r=g","contentUrl":"https:\/\/secure.gravatar.com\/avatar\/869822917e96b2e292d5827e4635855396934485e7c4a0af84e9a214e32ca0cd?s=96&d=mm&r=g","caption":"contato@revistaregional.com.br"},"url":"https:\/\/revistaregional.com.br\/site\/author\/contato@revistaregional.com.br\/"}]}},"views":124,"_links":{"self":[{"href":"https:\/\/revistaregional.com.br\/site\/wp-json\/wp\/v2\/posts\/23943","targetHints":{"allow":["GET"]}}],"collection":[{"href":"https:\/\/revistaregional.com.br\/site\/wp-json\/wp\/v2\/posts"}],"about":[{"href":"https:\/\/revistaregional.com.br\/site\/wp-json\/wp\/v2\/types\/post"}],"author":[{"embeddable":true,"href":"https:\/\/revistaregional.com.br\/site\/wp-json\/wp\/v2\/users\/1"}],"replies":[{"embeddable":true,"href":"https:\/\/revistaregional.com.br\/site\/wp-json\/wp\/v2\/comments?post=23943"}],"version-history":[{"count":1,"href":"https:\/\/revistaregional.com.br\/site\/wp-json\/wp\/v2\/posts\/23943\/revisions"}],"predecessor-version":[{"id":23945,"href":"https:\/\/revistaregional.com.br\/site\/wp-json\/wp\/v2\/posts\/23943\/revisions\/23945"}],"wp:featuredmedia":[{"embeddable":true,"href":"https:\/\/revistaregional.com.br\/site\/wp-json\/wp\/v2\/media\/23944"}],"wp:attachment":[{"href":"https:\/\/revistaregional.com.br\/site\/wp-json\/wp\/v2\/media?parent=23943"}],"wp:term":[{"taxonomy":"category","embeddable":true,"href":"https:\/\/revistaregional.com.br\/site\/wp-json\/wp\/v2\/categories?post=23943"},{"taxonomy":"post_tag","embeddable":true,"href":"https:\/\/revistaregional.com.br\/site\/wp-json\/wp\/v2\/tags?post=23943"}],"curies":[{"name":"wp","href":"https:\/\/api.w.org\/{rel}","templated":true}]}}