{"id":23912,"date":"2020-11-23T18:27:20","date_gmt":"2020-11-23T21:27:20","guid":{"rendered":"https:\/\/revistaregional.com.br\/site\/?p=23912"},"modified":"2024-01-26T10:15:55","modified_gmt":"2024-01-26T13:15:55","slug":"regiao-soma-mais-5-mortes-por-covid","status":"publish","type":"post","link":"https:\/\/revistaregional.com.br\/site\/2020\/11\/23\/regiao-soma-mais-5-mortes-por-covid\/","title":{"rendered":"Regi\u00e3o soma mais 5 mortes por covid"},"content":{"rendered":"<ul>\n<li><strong><em>Durante o final de semana, foram confirmados 2 \u00f3bitos em Itu, 2 em Salto e 1 em Indaiatuba<\/em><\/strong><\/li>\n<\/ul>\n<p>Depois de 25 dias consecutivos, Salto voltou a registrar novas mortes pela covid-19. Foram 2 pacientes, ambos estavam internados no Hospital Nossa Senhora do Monte Serrat: um de 79 anos e outro de 64. Com isso, a cidade totaliza 72 \u00f3bitos pela doen\u00e7a desde o in\u00edcio da pandemia.<\/p>\n<figure id=\"attachment_23238\" aria-describedby=\"caption-attachment-23238\" style=\"width: 557px\" class=\"wp-caption alignright\"><img fetchpriority=\"high\" decoding=\"async\" class=\"wp-image-23238\" src=\"https:\/\/revistaregional.com.br\/site\/wp-content\/uploads\/2020\/08\/app-28-agosto-300x169.jpg\" alt=\"\" width=\"557\" height=\"314\" data-id=\"23238\" srcset=\"https:\/\/revistaregional.com.br\/site\/wp-content\/uploads\/2020\/08\/app-28-agosto-300x169.jpg 300w, https:\/\/revistaregional.com.br\/site\/wp-content\/uploads\/2020\/08\/app-28-agosto-150x84.jpg 150w, https:\/\/revistaregional.com.br\/site\/wp-content\/uploads\/2020\/08\/app-28-agosto.jpg 976w\" sizes=\"(max-width: 557px) 100vw, 557px\" \/><figcaption id=\"caption-attachment-23238\" class=\"wp-caption-text\">Novas mortes por covid em toda a regi\u00e3o<\/figcaption><\/figure>\n<p>No final de semana, conforme boletim divulgado pela Prefeitura, foram confirmados 21 novos casos de covid. O total foi a 3.581 confirmados desde o come\u00e7o do surto, sendo que 3.457 evolu\u00edram para cura, 3 seguem internados e 49 est\u00e3o em isolamento domiciliar.<\/p>\n<p>&nbsp;<\/p>\n<p>H\u00e1 ainda 53 suspeitos que aguardam resultados. Destes, 3 est\u00e3o em interna\u00e7\u00e3o cl\u00ednica (sendo 1 em UTI) e tamb\u00e9m h\u00e1 1 \u00f3bito suspeito em investiga\u00e7\u00e3o.<\/p>\n<p>A taxa de ocupa\u00e7\u00e3o da UTI para covid do Hospital Municipal subiu e est\u00e1 em 83% nesta segunda, dia 23.<\/p>\n<p>Itu tamb\u00e9m teve mortes por covid no final de semana prolongado na cidade. Os dois pacientes estavam em hospitais locais: a mulher tinha 47 anos e o homem, 65. Vinte e sete novos casos tamb\u00e9m foram registrados nesta segunda, 23. A Secretaria Municipal de Sa\u00fade informou que a cidade soma agora 3.873 confirmados desde o in\u00edcio da epidemia, sendo que 106 pacientes morreram e 3.655 se recuperaram.<\/p>\n<p>H\u00e1 13 pacientes internados em leito cl\u00ednico e 12 em UTI. A taxa de ocupa\u00e7\u00e3o das UTIs est\u00e1 em 87,5% no Hospital Municipal e 50% no Hospital de Campanha.<\/p>\n<p>Indaiatuba est\u00e1 h\u00e1 tr\u00eas dias sem registrar mortes pela doen\u00e7a. A \u00faltima delas foi na sexta-feira, 20: um paciente de 76 anos que estava internado no Hospital Santa Ign\u00eas, da rede privada. Nesta segunda-feira, 23, a cidade confirmou 96 novos infectados. Desde o in\u00edcio da pandemia, 8.585 pessoas contra\u00edram a doen\u00e7a no munic\u00edpio. Desses, 242 morreram e 8.322 s\u00e3o considerados curados ou est\u00e3o em recupera\u00e7\u00e3o domiciliar. H\u00e1 789 casos suspeitos aguardando resultado de exames.<\/p>\n<p>Nesta segunda, de acordo com o governo local, h\u00e1 40 internados, dos quais 21 est\u00e3o confirmados para covid-19. Do total, 27 est\u00e3o em leitos cl\u00ednicos e 13 em UTI. Na rede privada, os leitos de UTI para covid est\u00e3o vazios nesta data, j\u00e1 a taxa de ocupa\u00e7\u00e3o da UTI do Haoc est\u00e1 em 54%.<\/p>\n<p>&nbsp;<\/p>\n<p>foto: BIRF<\/p>\n","protected":false},"excerpt":{"rendered":"<p>Durante o final de semana, foram confirmados 2 \u00f3bitos em Itu, 2 em Salto e 1 em Indaiatuba Depois de 25 dias consecutivos, Salto voltou a registrar novas mortes pela covid-19. Foram 2 pacientes, ambos estavam internados no Hospital Nossa Senhora do Monte Serrat: um de 79 anos e outro de 64. Com isso, a [&hellip;]<\/p>\n","protected":false},"author":1,"featured_media":23714,"comment_status":"closed","ping_status":"closed","sticky":false,"template":"","format":"standard","meta":{"_acf_changed":false,"ngg_post_thumbnail":0,"_joinchat":[],"footnotes":""},"categories":[449,12],"tags":[527],"class_list":["post-23912","post","type-post","status-publish","format-standard","has-post-thumbnail","hentry","category-destaque-lateral","category-regionais","tag-regionais"],"acf":[],"yoast_head":"<!-- This site is optimized with the Yoast SEO plugin v27.4 - https:\/\/yoast.com\/product\/yoast-seo-wordpress\/ -->\n<title>Regi\u00e3o soma mais 5 mortes por covid - Revista Regional<\/title>\n<meta name=\"robots\" content=\"index, follow, max-snippet:-1, max-image-preview:large, max-video-preview:-1\" \/>\n<link rel=\"canonical\" href=\"https:\/\/revistaregional.com.br\/site\/2020\/11\/23\/regiao-soma-mais-5-mortes-por-covid\/\" \/>\n<meta property=\"og:locale\" content=\"pt_BR\" \/>\n<meta property=\"og:type\" content=\"article\" \/>\n<meta property=\"og:title\" content=\"Regi\u00e3o soma mais 5 mortes por covid - Revista Regional\" \/>\n<meta property=\"og:description\" content=\"Durante o final de semana, foram confirmados 2 \u00f3bitos em Itu, 2 em Salto e 1 em Indaiatuba Depois de 25 dias consecutivos, Salto voltou a registrar novas mortes pela covid-19. Foram 2 pacientes, ambos estavam internados no Hospital Nossa Senhora do Monte Serrat: um de 79 anos e outro de 64. Com isso, a [&hellip;]\" \/>\n<meta property=\"og:url\" content=\"https:\/\/revistaregional.com.br\/site\/2020\/11\/23\/regiao-soma-mais-5-mortes-por-covid\/\" \/>\n<meta property=\"og:site_name\" content=\"Revista Regional\" \/>\n<meta property=\"article:published_time\" content=\"2020-11-23T21:27:20+00:00\" \/>\n<meta property=\"article:modified_time\" content=\"2024-01-26T13:15:55+00:00\" \/>\n<meta property=\"og:image\" content=\"https:\/\/revistaregional.com.br\/site\/wp-content\/uploads\/2020\/10\/app-28-out-scaled.jpeg\" \/>\n\t<meta property=\"og:image:width\" content=\"2560\" \/>\n\t<meta property=\"og:image:height\" content=\"1321\" \/>\n\t<meta property=\"og:image:type\" content=\"image\/jpeg\" \/>\n<meta name=\"author\" content=\"contato@revistaregional.com.br\" \/>\n<meta name=\"twitter:card\" content=\"summary_large_image\" \/>\n<meta name=\"twitter:label1\" content=\"Escrito por\" \/>\n\t<meta name=\"twitter:data1\" content=\"contato@revistaregional.com.br\" \/>\n\t<meta name=\"twitter:label2\" content=\"Est. tempo de leitura\" \/>\n\t<meta name=\"twitter:data2\" content=\"2 minutos\" \/>\n<script type=\"application\/ld+json\" class=\"yoast-schema-graph\">{\"@context\":\"https:\\\/\\\/schema.org\",\"@graph\":[{\"@type\":\"Article\",\"@id\":\"https:\\\/\\\/revistaregional.com.br\\\/site\\\/2020\\\/11\\\/23\\\/regiao-soma-mais-5-mortes-por-covid\\\/#article\",\"isPartOf\":{\"@id\":\"https:\\\/\\\/revistaregional.com.br\\\/site\\\/2020\\\/11\\\/23\\\/regiao-soma-mais-5-mortes-por-covid\\\/\"},\"author\":{\"name\":\"contato@revistaregional.com.br\",\"@id\":\"https:\\\/\\\/revistaregional.com.br\\\/site\\\/#\\\/schema\\\/person\\\/382af97c580dc1b18f55107bc316010d\"},\"headline\":\"Regi\u00e3o soma mais 5 mortes por covid\",\"datePublished\":\"2020-11-23T21:27:20+00:00\",\"dateModified\":\"2024-01-26T13:15:55+00:00\",\"mainEntityOfPage\":{\"@id\":\"https:\\\/\\\/revistaregional.com.br\\\/site\\\/2020\\\/11\\\/23\\\/regiao-soma-mais-5-mortes-por-covid\\\/\"},\"wordCount\":394,\"image\":{\"@id\":\"https:\\\/\\\/revistaregional.com.br\\\/site\\\/2020\\\/11\\\/23\\\/regiao-soma-mais-5-mortes-por-covid\\\/#primaryimage\"},\"thumbnailUrl\":\"https:\\\/\\\/revistaregional.com.br\\\/site\\\/wp-content\\\/uploads\\\/2020\\\/10\\\/app-28-out-scaled.jpeg\",\"keywords\":[\"Regionais\"],\"articleSection\":[\"Destaque Lateral\",\"Regionais\"],\"inLanguage\":\"pt-BR\"},{\"@type\":\"WebPage\",\"@id\":\"https:\\\/\\\/revistaregional.com.br\\\/site\\\/2020\\\/11\\\/23\\\/regiao-soma-mais-5-mortes-por-covid\\\/\",\"url\":\"https:\\\/\\\/revistaregional.com.br\\\/site\\\/2020\\\/11\\\/23\\\/regiao-soma-mais-5-mortes-por-covid\\\/\",\"name\":\"Regi\u00e3o soma mais 5 mortes por covid - Revista Regional\",\"isPartOf\":{\"@id\":\"https:\\\/\\\/revistaregional.com.br\\\/site\\\/#website\"},\"primaryImageOfPage\":{\"@id\":\"https:\\\/\\\/revistaregional.com.br\\\/site\\\/2020\\\/11\\\/23\\\/regiao-soma-mais-5-mortes-por-covid\\\/#primaryimage\"},\"image\":{\"@id\":\"https:\\\/\\\/revistaregional.com.br\\\/site\\\/2020\\\/11\\\/23\\\/regiao-soma-mais-5-mortes-por-covid\\\/#primaryimage\"},\"thumbnailUrl\":\"https:\\\/\\\/revistaregional.com.br\\\/site\\\/wp-content\\\/uploads\\\/2020\\\/10\\\/app-28-out-scaled.jpeg\",\"datePublished\":\"2020-11-23T21:27:20+00:00\",\"dateModified\":\"2024-01-26T13:15:55+00:00\",\"author\":{\"@id\":\"https:\\\/\\\/revistaregional.com.br\\\/site\\\/#\\\/schema\\\/person\\\/382af97c580dc1b18f55107bc316010d\"},\"breadcrumb\":{\"@id\":\"https:\\\/\\\/revistaregional.com.br\\\/site\\\/2020\\\/11\\\/23\\\/regiao-soma-mais-5-mortes-por-covid\\\/#breadcrumb\"},\"inLanguage\":\"pt-BR\",\"potentialAction\":[{\"@type\":\"ReadAction\",\"target\":[\"https:\\\/\\\/revistaregional.com.br\\\/site\\\/2020\\\/11\\\/23\\\/regiao-soma-mais-5-mortes-por-covid\\\/\"]}]},{\"@type\":\"ImageObject\",\"inLanguage\":\"pt-BR\",\"@id\":\"https:\\\/\\\/revistaregional.com.br\\\/site\\\/2020\\\/11\\\/23\\\/regiao-soma-mais-5-mortes-por-covid\\\/#primaryimage\",\"url\":\"https:\\\/\\\/revistaregional.com.br\\\/site\\\/wp-content\\\/uploads\\\/2020\\\/10\\\/app-28-out-scaled.jpeg\",\"contentUrl\":\"https:\\\/\\\/revistaregional.com.br\\\/site\\\/wp-content\\\/uploads\\\/2020\\\/10\\\/app-28-out-scaled.jpeg\",\"width\":2560,\"height\":1321,\"caption\":\"Coronav\u00edrus: Estado registrou queda de mortes de 23% em rela\u00e7\u00e3o aos \u00faltimos 15 dias\"},{\"@type\":\"BreadcrumbList\",\"@id\":\"https:\\\/\\\/revistaregional.com.br\\\/site\\\/2020\\\/11\\\/23\\\/regiao-soma-mais-5-mortes-por-covid\\\/#breadcrumb\",\"itemListElement\":[{\"@type\":\"ListItem\",\"position\":1,\"name\":\"In\u00edcio\",\"item\":\"https:\\\/\\\/revistaregional.com.br\\\/site\\\/\"},{\"@type\":\"ListItem\",\"position\":2,\"name\":\"Regi\u00e3o soma mais 5 mortes por covid\"}]},{\"@type\":\"WebSite\",\"@id\":\"https:\\\/\\\/revistaregional.com.br\\\/site\\\/#website\",\"url\":\"https:\\\/\\\/revistaregional.com.br\\\/site\\\/\",\"name\":\"Revista Regional\",\"description\":\"Salto - Itu - Indaituba\",\"potentialAction\":[{\"@type\":\"SearchAction\",\"target\":{\"@type\":\"EntryPoint\",\"urlTemplate\":\"https:\\\/\\\/revistaregional.com.br\\\/site\\\/?s={search_term_string}\"},\"query-input\":{\"@type\":\"PropertyValueSpecification\",\"valueRequired\":true,\"valueName\":\"search_term_string\"}}],\"inLanguage\":\"pt-BR\"},{\"@type\":\"Person\",\"@id\":\"https:\\\/\\\/revistaregional.com.br\\\/site\\\/#\\\/schema\\\/person\\\/382af97c580dc1b18f55107bc316010d\",\"name\":\"contato@revistaregional.com.br\",\"image\":{\"@type\":\"ImageObject\",\"inLanguage\":\"pt-BR\",\"@id\":\"https:\\\/\\\/secure.gravatar.com\\\/avatar\\\/869822917e96b2e292d5827e4635855396934485e7c4a0af84e9a214e32ca0cd?s=96&d=mm&r=g\",\"url\":\"https:\\\/\\\/secure.gravatar.com\\\/avatar\\\/869822917e96b2e292d5827e4635855396934485e7c4a0af84e9a214e32ca0cd?s=96&d=mm&r=g\",\"contentUrl\":\"https:\\\/\\\/secure.gravatar.com\\\/avatar\\\/869822917e96b2e292d5827e4635855396934485e7c4a0af84e9a214e32ca0cd?s=96&d=mm&r=g\",\"caption\":\"contato@revistaregional.com.br\"},\"url\":\"https:\\\/\\\/revistaregional.com.br\\\/site\\\/author\\\/contato@revistaregional.com.br\\\/\"}]}<\/script>\n<!-- \/ Yoast SEO plugin. -->","yoast_head_json":{"title":"Regi\u00e3o soma mais 5 mortes por covid - Revista Regional","robots":{"index":"index","follow":"follow","max-snippet":"max-snippet:-1","max-image-preview":"max-image-preview:large","max-video-preview":"max-video-preview:-1"},"canonical":"https:\/\/revistaregional.com.br\/site\/2020\/11\/23\/regiao-soma-mais-5-mortes-por-covid\/","og_locale":"pt_BR","og_type":"article","og_title":"Regi\u00e3o soma mais 5 mortes por covid - Revista Regional","og_description":"Durante o final de semana, foram confirmados 2 \u00f3bitos em Itu, 2 em Salto e 1 em Indaiatuba Depois de 25 dias consecutivos, Salto voltou a registrar novas mortes pela covid-19. Foram 2 pacientes, ambos estavam internados no Hospital Nossa Senhora do Monte Serrat: um de 79 anos e outro de 64. Com isso, a [&hellip;]","og_url":"https:\/\/revistaregional.com.br\/site\/2020\/11\/23\/regiao-soma-mais-5-mortes-por-covid\/","og_site_name":"Revista Regional","article_published_time":"2020-11-23T21:27:20+00:00","article_modified_time":"2024-01-26T13:15:55+00:00","og_image":[{"width":2560,"height":1321,"url":"https:\/\/revistaregional.com.br\/site\/wp-content\/uploads\/2020\/10\/app-28-out-scaled.jpeg","type":"image\/jpeg"}],"author":"contato@revistaregional.com.br","twitter_card":"summary_large_image","twitter_misc":{"Escrito por":"contato@revistaregional.com.br","Est. tempo de leitura":"2 minutos"},"schema":{"@context":"https:\/\/schema.org","@graph":[{"@type":"Article","@id":"https:\/\/revistaregional.com.br\/site\/2020\/11\/23\/regiao-soma-mais-5-mortes-por-covid\/#article","isPartOf":{"@id":"https:\/\/revistaregional.com.br\/site\/2020\/11\/23\/regiao-soma-mais-5-mortes-por-covid\/"},"author":{"name":"contato@revistaregional.com.br","@id":"https:\/\/revistaregional.com.br\/site\/#\/schema\/person\/382af97c580dc1b18f55107bc316010d"},"headline":"Regi\u00e3o soma mais 5 mortes por covid","datePublished":"2020-11-23T21:27:20+00:00","dateModified":"2024-01-26T13:15:55+00:00","mainEntityOfPage":{"@id":"https:\/\/revistaregional.com.br\/site\/2020\/11\/23\/regiao-soma-mais-5-mortes-por-covid\/"},"wordCount":394,"image":{"@id":"https:\/\/revistaregional.com.br\/site\/2020\/11\/23\/regiao-soma-mais-5-mortes-por-covid\/#primaryimage"},"thumbnailUrl":"https:\/\/revistaregional.com.br\/site\/wp-content\/uploads\/2020\/10\/app-28-out-scaled.jpeg","keywords":["Regionais"],"articleSection":["Destaque Lateral","Regionais"],"inLanguage":"pt-BR"},{"@type":"WebPage","@id":"https:\/\/revistaregional.com.br\/site\/2020\/11\/23\/regiao-soma-mais-5-mortes-por-covid\/","url":"https:\/\/revistaregional.com.br\/site\/2020\/11\/23\/regiao-soma-mais-5-mortes-por-covid\/","name":"Regi\u00e3o soma mais 5 mortes por covid - Revista Regional","isPartOf":{"@id":"https:\/\/revistaregional.com.br\/site\/#website"},"primaryImageOfPage":{"@id":"https:\/\/revistaregional.com.br\/site\/2020\/11\/23\/regiao-soma-mais-5-mortes-por-covid\/#primaryimage"},"image":{"@id":"https:\/\/revistaregional.com.br\/site\/2020\/11\/23\/regiao-soma-mais-5-mortes-por-covid\/#primaryimage"},"thumbnailUrl":"https:\/\/revistaregional.com.br\/site\/wp-content\/uploads\/2020\/10\/app-28-out-scaled.jpeg","datePublished":"2020-11-23T21:27:20+00:00","dateModified":"2024-01-26T13:15:55+00:00","author":{"@id":"https:\/\/revistaregional.com.br\/site\/#\/schema\/person\/382af97c580dc1b18f55107bc316010d"},"breadcrumb":{"@id":"https:\/\/revistaregional.com.br\/site\/2020\/11\/23\/regiao-soma-mais-5-mortes-por-covid\/#breadcrumb"},"inLanguage":"pt-BR","potentialAction":[{"@type":"ReadAction","target":["https:\/\/revistaregional.com.br\/site\/2020\/11\/23\/regiao-soma-mais-5-mortes-por-covid\/"]}]},{"@type":"ImageObject","inLanguage":"pt-BR","@id":"https:\/\/revistaregional.com.br\/site\/2020\/11\/23\/regiao-soma-mais-5-mortes-por-covid\/#primaryimage","url":"https:\/\/revistaregional.com.br\/site\/wp-content\/uploads\/2020\/10\/app-28-out-scaled.jpeg","contentUrl":"https:\/\/revistaregional.com.br\/site\/wp-content\/uploads\/2020\/10\/app-28-out-scaled.jpeg","width":2560,"height":1321,"caption":"Coronav\u00edrus: Estado registrou queda de mortes de 23% em rela\u00e7\u00e3o aos \u00faltimos 15 dias"},{"@type":"BreadcrumbList","@id":"https:\/\/revistaregional.com.br\/site\/2020\/11\/23\/regiao-soma-mais-5-mortes-por-covid\/#breadcrumb","itemListElement":[{"@type":"ListItem","position":1,"name":"In\u00edcio","item":"https:\/\/revistaregional.com.br\/site\/"},{"@type":"ListItem","position":2,"name":"Regi\u00e3o soma mais 5 mortes por covid"}]},{"@type":"WebSite","@id":"https:\/\/revistaregional.com.br\/site\/#website","url":"https:\/\/revistaregional.com.br\/site\/","name":"Revista Regional","description":"Salto - Itu - Indaituba","potentialAction":[{"@type":"SearchAction","target":{"@type":"EntryPoint","urlTemplate":"https:\/\/revistaregional.com.br\/site\/?s={search_term_string}"},"query-input":{"@type":"PropertyValueSpecification","valueRequired":true,"valueName":"search_term_string"}}],"inLanguage":"pt-BR"},{"@type":"Person","@id":"https:\/\/revistaregional.com.br\/site\/#\/schema\/person\/382af97c580dc1b18f55107bc316010d","name":"contato@revistaregional.com.br","image":{"@type":"ImageObject","inLanguage":"pt-BR","@id":"https:\/\/secure.gravatar.com\/avatar\/869822917e96b2e292d5827e4635855396934485e7c4a0af84e9a214e32ca0cd?s=96&d=mm&r=g","url":"https:\/\/secure.gravatar.com\/avatar\/869822917e96b2e292d5827e4635855396934485e7c4a0af84e9a214e32ca0cd?s=96&d=mm&r=g","contentUrl":"https:\/\/secure.gravatar.com\/avatar\/869822917e96b2e292d5827e4635855396934485e7c4a0af84e9a214e32ca0cd?s=96&d=mm&r=g","caption":"contato@revistaregional.com.br"},"url":"https:\/\/revistaregional.com.br\/site\/author\/contato@revistaregional.com.br\/"}]}},"views":72,"_links":{"self":[{"href":"https:\/\/revistaregional.com.br\/site\/wp-json\/wp\/v2\/posts\/23912","targetHints":{"allow":["GET"]}}],"collection":[{"href":"https:\/\/revistaregional.com.br\/site\/wp-json\/wp\/v2\/posts"}],"about":[{"href":"https:\/\/revistaregional.com.br\/site\/wp-json\/wp\/v2\/types\/post"}],"author":[{"embeddable":true,"href":"https:\/\/revistaregional.com.br\/site\/wp-json\/wp\/v2\/users\/1"}],"replies":[{"embeddable":true,"href":"https:\/\/revistaregional.com.br\/site\/wp-json\/wp\/v2\/comments?post=23912"}],"version-history":[{"count":2,"href":"https:\/\/revistaregional.com.br\/site\/wp-json\/wp\/v2\/posts\/23912\/revisions"}],"predecessor-version":[{"id":23914,"href":"https:\/\/revistaregional.com.br\/site\/wp-json\/wp\/v2\/posts\/23912\/revisions\/23914"}],"wp:featuredmedia":[{"embeddable":true,"href":"https:\/\/revistaregional.com.br\/site\/wp-json\/wp\/v2\/media\/23714"}],"wp:attachment":[{"href":"https:\/\/revistaregional.com.br\/site\/wp-json\/wp\/v2\/media?parent=23912"}],"wp:term":[{"taxonomy":"category","embeddable":true,"href":"https:\/\/revistaregional.com.br\/site\/wp-json\/wp\/v2\/categories?post=23912"},{"taxonomy":"post_tag","embeddable":true,"href":"https:\/\/revistaregional.com.br\/site\/wp-json\/wp\/v2\/tags?post=23912"}],"curies":[{"name":"wp","href":"https:\/\/api.w.org\/{rel}","templated":true}]}}