{"id":23879,"date":"2020-11-18T11:30:21","date_gmt":"2020-11-18T14:30:21","guid":{"rendered":"https:\/\/revistaregional.com.br\/site\/?p=23879"},"modified":"2024-01-26T10:15:59","modified_gmt":"2024-01-26T13:15:59","slug":"indaiatuba-atingida-por-forte-chuva-defesa-civil-em-alerta","status":"publish","type":"post","link":"https:\/\/revistaregional.com.br\/site\/2020\/11\/18\/indaiatuba-atingida-por-forte-chuva-defesa-civil-em-alerta\/","title":{"rendered":"Indaiatuba conta preju\u00edzos ap\u00f3s tempestade; Defesa Civil em alerta"},"content":{"rendered":"<ul>\n<li><strong><em>Mais de 170 funcion\u00e1rios da Defesa Civil e outros \u00f3rg\u00e3os da Prefeitura est\u00e3o empenhados para que a situa\u00e7\u00e3o seja normalizada o mais breve poss\u00edvel; <\/em><\/strong><\/li>\n<li><strong><em>At\u00e9 a manh\u00e3 desta quarta, foram registrados mais de 30 quedas de \u00e1rvores e 10 im\u00f3veis destelhados;<\/em><\/strong><\/li>\n<li><em><strong>UTILIDADE P\u00daBLICA: a Defesa Civil disponibiliza o telefone 153 para que a popula\u00e7\u00e3o comunique eventuais ocorr\u00eancias<\/strong><\/em><\/li>\n<\/ul>\n<p>Uma forte chuva atingiu Indaiatuba na noite de ter\u00e7a-feira, 17, provocando in\u00fameros estragos, principalmente na regi\u00e3o sul da cidade, onde est\u00e1 o populoso bairro Morada do Sol. A Prefeitura informou que a Secretaria de Seguran\u00e7a P\u00fablica atrav\u00e9s da Defesa Civil de Indaiatuba trabalha para atender as ocorr\u00eancias principalmente na zona sul, onde foram registrados 29,1 mil\u00edmetros na ETA III. N\u00e3o h\u00e1 registros de v\u00edtimas at\u00e9 a manh\u00e3 desta quarta, 18. Segundo o governo local, mais de 170 funcion\u00e1rios est\u00e3o empenhados para que a situa\u00e7\u00e3o seja normalizada o mais breve poss\u00edvel.<\/p>\n<figure id=\"attachment_23880\" aria-describedby=\"caption-attachment-23880\" style=\"width: 636px\" class=\"wp-caption alignright\"><img fetchpriority=\"high\" decoding=\"async\" class=\"wp-image-23880\" src=\"https:\/\/revistaregional.com.br\/site\/wp-content\/uploads\/2020\/11\/chuva-1-300x169.jpg\" alt=\"\" width=\"636\" height=\"358\" data-id=\"23880\" srcset=\"https:\/\/revistaregional.com.br\/site\/wp-content\/uploads\/2020\/11\/chuva-1-300x169.jpg 300w, https:\/\/revistaregional.com.br\/site\/wp-content\/uploads\/2020\/11\/chuva-1-1024x576.jpg 1024w, https:\/\/revistaregional.com.br\/site\/wp-content\/uploads\/2020\/11\/chuva-1-150x84.jpg 150w, https:\/\/revistaregional.com.br\/site\/wp-content\/uploads\/2020\/11\/chuva-1.jpg 1280w\" sizes=\"(max-width: 636px) 100vw, 636px\" \/><figcaption id=\"caption-attachment-23880\" class=\"wp-caption-text\">\u00c1rvores ca\u00eddas na zona sul da cidade<\/figcaption><\/figure>\n<p>Aten\u00e7\u00e3o: a Defesa Civil disponibiliza o telefone 153 para que a popula\u00e7\u00e3o comunique eventuais ocorr\u00eancias.<\/p>\n<p>Entre os estragos registrados pela tempestade, a Defesa Civil destaca a queda de mais de 30 \u00e1rvores e mais de 10 im\u00f3veis sofreram destelhamento.&nbsp; Uma fam\u00edlia teve que deixar a casa e est\u00e1 temporariamente em casa de parentes.<\/p>\n<p>A Secretaria de Obras e Vias P\u00fablicas informou que al\u00e9m dos estragos na rede el\u00e9trica, que deixou principalmente a regi\u00e3o do Jardim Morada do Sol e parte do Distrito Industrial sem energia, foram danificados mais de 60 postes de ilumina\u00e7\u00e3o na zona sul da cidade.<\/p>\n<p>A falta de energia e a for\u00e7a dos ventos tamb\u00e9m deixaram ruas sem sem\u00e1foro. Doze sem\u00e1foros foram danificados e muitas placas de tr\u00e2nsito e indicativas tamb\u00e9m foram arrancadas.&nbsp;<\/p>\n<p>Na noite de ter\u00e7a, foram registrados pontos isolados de alagamento em virtude da intensidade da chuva, o que dificulta o escoamento da \u00e1gua. Uma equipe de Obras est\u00e1 nas ruas avaliando as condi\u00e7\u00f5es dos bueiros, principalmente no Jardim Calif\u00f3rnia. Muitos pontos estavam com as bocas de lobo entupidas por lixos levados pela chuva.<\/p>\n<p>A Prefeitura informou ainda que a Secretaria de Servi\u00e7os Urbanos e Meio Ambiente est\u00e1 com tr\u00eas frentes de limpeza nas ruas para a retirada de galhos e desobstru\u00e7\u00e3o das vias, sendo uma na altura do Jardim Tancredo Neves, sentido Rua 80; uma no Floresta Parque, descendo pelo Parque Ecol\u00f3gico, sentido centro, e outra pr\u00f3ximo ao Center Jeans, descendo sentido bairro.<\/p>\n<p>Houve tamb\u00e9m diversos danos em equipamentos p\u00fablicos da Secretaria de Sa\u00fade, devido \u00e0 tempestade. A equipe de manuten\u00e7\u00e3o, de acordo com a Prefeitura, est\u00e1 trabalhando para arrumar os pontos cr\u00edticos. Na UPA (Unidade de Pronto Atendimento), entrou \u00e1gua pela tubula\u00e7\u00e3o do ar condicionado. O aparelho de raio X foi molhado e por isso n\u00e3o pode ser ligado at\u00e9 a equipe de manuten\u00e7\u00e3o liberar o uso, portanto esse servi\u00e7o n\u00e3o poder\u00e1 ser feito nesta quarta, 18. Nenhum paciente precisou ser transferido para o Haoc (Hospital Augusto de Oliveira Camargo), afirmou a Prefeitura por meio de nota.<\/p>\n<figure id=\"attachment_23882\" aria-describedby=\"caption-attachment-23882\" style=\"width: 572px\" class=\"wp-caption alignleft\"><img decoding=\"async\" class=\" wp-image-23882\" src=\"https:\/\/revistaregional.com.br\/site\/wp-content\/uploads\/2020\/11\/chuva-2-300x138.jpg\" alt=\"\" width=\"572\" height=\"263\" data-id=\"23882\" srcset=\"https:\/\/revistaregional.com.br\/site\/wp-content\/uploads\/2020\/11\/chuva-2-300x138.jpg 300w, https:\/\/revistaregional.com.br\/site\/wp-content\/uploads\/2020\/11\/chuva-2-1024x472.jpg 1024w, https:\/\/revistaregional.com.br\/site\/wp-content\/uploads\/2020\/11\/chuva-2-150x69.jpg 150w, https:\/\/revistaregional.com.br\/site\/wp-content\/uploads\/2020\/11\/chuva-2.jpg 1280w\" sizes=\"(max-width: 572px) 100vw, 572px\" \/><figcaption id=\"caption-attachment-23882\" class=\"wp-caption-text\">\u00c1rvores foram arrancadas pela for\u00e7a do vento<\/figcaption><\/figure>\n<p>Os postos de sa\u00fade UBS 04, UBS 7 e PSF Corolla tiveram falta de energia, inunda\u00e7\u00e3o, perda de equipamentos eletr\u00f4nicos e insumos por umidade, por isso, nesta quarta, alguns servi\u00e7os estar\u00e3o prejudicados, como coletas laboratoriais, atendimento da recep\u00e7\u00e3o e consultas m\u00e9dicas e de enfermagem. Nessas unidades a energia j\u00e1 foi reestabelecida e a equipe de limpeza j\u00e1 est\u00e1 trabalhando no local. O Raio X do Mini Hospital tamb\u00e9m n\u00e3o est\u00e1 funcionando, por conta de umidade e passar\u00e1 por manuten\u00e7\u00e3o nesta quarta.<\/p>\n<p>Em nota, a Prefeitura diz que \u00e9 importante refor\u00e7ar que os servi\u00e7os est\u00e3o prejudicados. A Secretaria de Sa\u00fade pede paci\u00eancia \u00e0 popula\u00e7\u00e3o para resolver as avarias e reestabelecer os atendimentos que est\u00e3o prejudicados. Outras unidades de sa\u00fade n\u00e3o tiveram problemas graves e est\u00e3o funcionando normalmente.<\/p>\n<p>O atendimento de 192 ficou sem funcionar das 20h20 \u00e0s 22h30 devido \u00e0 queda de energia e problemas na operadora. Mesmo sem comunica\u00e7\u00e3o pelo telefone a equipe de emerg\u00eancia trabalhou em conjunto com Departamento de Tr\u00e2nsito, Bombeiros e Guarda Civil atrav\u00e9s de r\u00e1dios e celulares.<\/p>\n<p>foto: Eduardo Turati \u2013 GC<\/p>\n<p>&nbsp;<\/p>\n","protected":false},"excerpt":{"rendered":"<p>Mais de 170 funcion\u00e1rios da Defesa Civil e outros \u00f3rg\u00e3os da Prefeitura est\u00e3o empenhados para que a situa\u00e7\u00e3o seja normalizada o mais breve poss\u00edvel; At\u00e9 a manh\u00e3 desta quarta, foram registrados mais de 30 quedas de \u00e1rvores e 10 im\u00f3veis destelhados; UTILIDADE P\u00daBLICA: a Defesa Civil disponibiliza o telefone 153 para que a popula\u00e7\u00e3o comunique [&hellip;]<\/p>\n","protected":false},"author":1,"featured_media":23880,"comment_status":"closed","ping_status":"closed","sticky":false,"template":"","format":"standard","meta":{"_acf_changed":false,"ngg_post_thumbnail":0,"_joinchat":[],"footnotes":""},"categories":[449,12],"tags":[527],"class_list":["post-23879","post","type-post","status-publish","format-standard","has-post-thumbnail","hentry","category-destaque-lateral","category-regionais","tag-regionais"],"acf":[],"yoast_head":"<!-- This site is optimized with the Yoast SEO plugin v27.4 - https:\/\/yoast.com\/product\/yoast-seo-wordpress\/ -->\n<title>Indaiatuba conta preju\u00edzos ap\u00f3s tempestade; Defesa Civil em alerta - Revista Regional<\/title>\n<meta name=\"robots\" content=\"index, follow, max-snippet:-1, max-image-preview:large, max-video-preview:-1\" \/>\n<link rel=\"canonical\" href=\"https:\/\/revistaregional.com.br\/site\/2020\/11\/18\/indaiatuba-atingida-por-forte-chuva-defesa-civil-em-alerta\/\" \/>\n<meta property=\"og:locale\" content=\"pt_BR\" \/>\n<meta property=\"og:type\" content=\"article\" \/>\n<meta property=\"og:title\" content=\"Indaiatuba conta preju\u00edzos ap\u00f3s tempestade; Defesa Civil em alerta - Revista Regional\" \/>\n<meta property=\"og:description\" content=\"Mais de 170 funcion\u00e1rios da Defesa Civil e outros \u00f3rg\u00e3os da Prefeitura est\u00e3o empenhados para que a situa\u00e7\u00e3o seja normalizada o mais breve poss\u00edvel; At\u00e9 a manh\u00e3 desta quarta, foram registrados mais de 30 quedas de \u00e1rvores e 10 im\u00f3veis destelhados; UTILIDADE P\u00daBLICA: a Defesa Civil disponibiliza o telefone 153 para que a popula\u00e7\u00e3o comunique [&hellip;]\" \/>\n<meta property=\"og:url\" content=\"https:\/\/revistaregional.com.br\/site\/2020\/11\/18\/indaiatuba-atingida-por-forte-chuva-defesa-civil-em-alerta\/\" \/>\n<meta property=\"og:site_name\" content=\"Revista Regional\" \/>\n<meta property=\"article:published_time\" content=\"2020-11-18T14:30:21+00:00\" \/>\n<meta property=\"article:modified_time\" content=\"2024-01-26T13:15:59+00:00\" \/>\n<meta property=\"og:image\" content=\"https:\/\/revistaregional.com.br\/site\/wp-content\/uploads\/2020\/11\/chuva-1.jpg\" \/>\n\t<meta property=\"og:image:width\" content=\"1280\" \/>\n\t<meta property=\"og:image:height\" content=\"720\" \/>\n\t<meta property=\"og:image:type\" content=\"image\/jpeg\" \/>\n<meta name=\"author\" content=\"contato@revistaregional.com.br\" \/>\n<meta name=\"twitter:card\" content=\"summary_large_image\" \/>\n<meta name=\"twitter:label1\" content=\"Escrito por\" \/>\n\t<meta name=\"twitter:data1\" content=\"contato@revistaregional.com.br\" \/>\n\t<meta name=\"twitter:label2\" content=\"Est. tempo de leitura\" \/>\n\t<meta name=\"twitter:data2\" content=\"4 minutos\" \/>\n<script type=\"application\/ld+json\" class=\"yoast-schema-graph\">{\"@context\":\"https:\\\/\\\/schema.org\",\"@graph\":[{\"@type\":\"Article\",\"@id\":\"https:\\\/\\\/revistaregional.com.br\\\/site\\\/2020\\\/11\\\/18\\\/indaiatuba-atingida-por-forte-chuva-defesa-civil-em-alerta\\\/#article\",\"isPartOf\":{\"@id\":\"https:\\\/\\\/revistaregional.com.br\\\/site\\\/2020\\\/11\\\/18\\\/indaiatuba-atingida-por-forte-chuva-defesa-civil-em-alerta\\\/\"},\"author\":{\"name\":\"contato@revistaregional.com.br\",\"@id\":\"https:\\\/\\\/revistaregional.com.br\\\/site\\\/#\\\/schema\\\/person\\\/382af97c580dc1b18f55107bc316010d\"},\"headline\":\"Indaiatuba conta preju\u00edzos ap\u00f3s tempestade; Defesa Civil em alerta\",\"datePublished\":\"2020-11-18T14:30:21+00:00\",\"dateModified\":\"2024-01-26T13:15:59+00:00\",\"mainEntityOfPage\":{\"@id\":\"https:\\\/\\\/revistaregional.com.br\\\/site\\\/2020\\\/11\\\/18\\\/indaiatuba-atingida-por-forte-chuva-defesa-civil-em-alerta\\\/\"},\"wordCount\":761,\"image\":{\"@id\":\"https:\\\/\\\/revistaregional.com.br\\\/site\\\/2020\\\/11\\\/18\\\/indaiatuba-atingida-por-forte-chuva-defesa-civil-em-alerta\\\/#primaryimage\"},\"thumbnailUrl\":\"https:\\\/\\\/revistaregional.com.br\\\/site\\\/wp-content\\\/uploads\\\/2020\\\/11\\\/chuva-1.jpg\",\"keywords\":[\"Regionais\"],\"articleSection\":[\"Destaque Lateral\",\"Regionais\"],\"inLanguage\":\"pt-BR\"},{\"@type\":\"WebPage\",\"@id\":\"https:\\\/\\\/revistaregional.com.br\\\/site\\\/2020\\\/11\\\/18\\\/indaiatuba-atingida-por-forte-chuva-defesa-civil-em-alerta\\\/\",\"url\":\"https:\\\/\\\/revistaregional.com.br\\\/site\\\/2020\\\/11\\\/18\\\/indaiatuba-atingida-por-forte-chuva-defesa-civil-em-alerta\\\/\",\"name\":\"Indaiatuba conta preju\u00edzos ap\u00f3s tempestade; Defesa Civil em alerta - Revista Regional\",\"isPartOf\":{\"@id\":\"https:\\\/\\\/revistaregional.com.br\\\/site\\\/#website\"},\"primaryImageOfPage\":{\"@id\":\"https:\\\/\\\/revistaregional.com.br\\\/site\\\/2020\\\/11\\\/18\\\/indaiatuba-atingida-por-forte-chuva-defesa-civil-em-alerta\\\/#primaryimage\"},\"image\":{\"@id\":\"https:\\\/\\\/revistaregional.com.br\\\/site\\\/2020\\\/11\\\/18\\\/indaiatuba-atingida-por-forte-chuva-defesa-civil-em-alerta\\\/#primaryimage\"},\"thumbnailUrl\":\"https:\\\/\\\/revistaregional.com.br\\\/site\\\/wp-content\\\/uploads\\\/2020\\\/11\\\/chuva-1.jpg\",\"datePublished\":\"2020-11-18T14:30:21+00:00\",\"dateModified\":\"2024-01-26T13:15:59+00:00\",\"author\":{\"@id\":\"https:\\\/\\\/revistaregional.com.br\\\/site\\\/#\\\/schema\\\/person\\\/382af97c580dc1b18f55107bc316010d\"},\"breadcrumb\":{\"@id\":\"https:\\\/\\\/revistaregional.com.br\\\/site\\\/2020\\\/11\\\/18\\\/indaiatuba-atingida-por-forte-chuva-defesa-civil-em-alerta\\\/#breadcrumb\"},\"inLanguage\":\"pt-BR\",\"potentialAction\":[{\"@type\":\"ReadAction\",\"target\":[\"https:\\\/\\\/revistaregional.com.br\\\/site\\\/2020\\\/11\\\/18\\\/indaiatuba-atingida-por-forte-chuva-defesa-civil-em-alerta\\\/\"]}]},{\"@type\":\"ImageObject\",\"inLanguage\":\"pt-BR\",\"@id\":\"https:\\\/\\\/revistaregional.com.br\\\/site\\\/2020\\\/11\\\/18\\\/indaiatuba-atingida-por-forte-chuva-defesa-civil-em-alerta\\\/#primaryimage\",\"url\":\"https:\\\/\\\/revistaregional.com.br\\\/site\\\/wp-content\\\/uploads\\\/2020\\\/11\\\/chuva-1.jpg\",\"contentUrl\":\"https:\\\/\\\/revistaregional.com.br\\\/site\\\/wp-content\\\/uploads\\\/2020\\\/11\\\/chuva-1.jpg\",\"width\":1280,\"height\":720},{\"@type\":\"BreadcrumbList\",\"@id\":\"https:\\\/\\\/revistaregional.com.br\\\/site\\\/2020\\\/11\\\/18\\\/indaiatuba-atingida-por-forte-chuva-defesa-civil-em-alerta\\\/#breadcrumb\",\"itemListElement\":[{\"@type\":\"ListItem\",\"position\":1,\"name\":\"In\u00edcio\",\"item\":\"https:\\\/\\\/revistaregional.com.br\\\/site\\\/\"},{\"@type\":\"ListItem\",\"position\":2,\"name\":\"Indaiatuba conta preju\u00edzos ap\u00f3s tempestade; Defesa Civil em alerta\"}]},{\"@type\":\"WebSite\",\"@id\":\"https:\\\/\\\/revistaregional.com.br\\\/site\\\/#website\",\"url\":\"https:\\\/\\\/revistaregional.com.br\\\/site\\\/\",\"name\":\"Revista Regional\",\"description\":\"Salto - Itu - Indaituba\",\"potentialAction\":[{\"@type\":\"SearchAction\",\"target\":{\"@type\":\"EntryPoint\",\"urlTemplate\":\"https:\\\/\\\/revistaregional.com.br\\\/site\\\/?s={search_term_string}\"},\"query-input\":{\"@type\":\"PropertyValueSpecification\",\"valueRequired\":true,\"valueName\":\"search_term_string\"}}],\"inLanguage\":\"pt-BR\"},{\"@type\":\"Person\",\"@id\":\"https:\\\/\\\/revistaregional.com.br\\\/site\\\/#\\\/schema\\\/person\\\/382af97c580dc1b18f55107bc316010d\",\"name\":\"contato@revistaregional.com.br\",\"image\":{\"@type\":\"ImageObject\",\"inLanguage\":\"pt-BR\",\"@id\":\"https:\\\/\\\/secure.gravatar.com\\\/avatar\\\/869822917e96b2e292d5827e4635855396934485e7c4a0af84e9a214e32ca0cd?s=96&d=mm&r=g\",\"url\":\"https:\\\/\\\/secure.gravatar.com\\\/avatar\\\/869822917e96b2e292d5827e4635855396934485e7c4a0af84e9a214e32ca0cd?s=96&d=mm&r=g\",\"contentUrl\":\"https:\\\/\\\/secure.gravatar.com\\\/avatar\\\/869822917e96b2e292d5827e4635855396934485e7c4a0af84e9a214e32ca0cd?s=96&d=mm&r=g\",\"caption\":\"contato@revistaregional.com.br\"},\"url\":\"https:\\\/\\\/revistaregional.com.br\\\/site\\\/author\\\/contato@revistaregional.com.br\\\/\"}]}<\/script>\n<!-- \/ Yoast SEO plugin. -->","yoast_head_json":{"title":"Indaiatuba conta preju\u00edzos ap\u00f3s tempestade; Defesa Civil em alerta - Revista Regional","robots":{"index":"index","follow":"follow","max-snippet":"max-snippet:-1","max-image-preview":"max-image-preview:large","max-video-preview":"max-video-preview:-1"},"canonical":"https:\/\/revistaregional.com.br\/site\/2020\/11\/18\/indaiatuba-atingida-por-forte-chuva-defesa-civil-em-alerta\/","og_locale":"pt_BR","og_type":"article","og_title":"Indaiatuba conta preju\u00edzos ap\u00f3s tempestade; Defesa Civil em alerta - Revista Regional","og_description":"Mais de 170 funcion\u00e1rios da Defesa Civil e outros \u00f3rg\u00e3os da Prefeitura est\u00e3o empenhados para que a situa\u00e7\u00e3o seja normalizada o mais breve poss\u00edvel; At\u00e9 a manh\u00e3 desta quarta, foram registrados mais de 30 quedas de \u00e1rvores e 10 im\u00f3veis destelhados; UTILIDADE P\u00daBLICA: a Defesa Civil disponibiliza o telefone 153 para que a popula\u00e7\u00e3o comunique [&hellip;]","og_url":"https:\/\/revistaregional.com.br\/site\/2020\/11\/18\/indaiatuba-atingida-por-forte-chuva-defesa-civil-em-alerta\/","og_site_name":"Revista Regional","article_published_time":"2020-11-18T14:30:21+00:00","article_modified_time":"2024-01-26T13:15:59+00:00","og_image":[{"width":1280,"height":720,"url":"https:\/\/revistaregional.com.br\/site\/wp-content\/uploads\/2020\/11\/chuva-1.jpg","type":"image\/jpeg"}],"author":"contato@revistaregional.com.br","twitter_card":"summary_large_image","twitter_misc":{"Escrito por":"contato@revistaregional.com.br","Est. tempo de leitura":"4 minutos"},"schema":{"@context":"https:\/\/schema.org","@graph":[{"@type":"Article","@id":"https:\/\/revistaregional.com.br\/site\/2020\/11\/18\/indaiatuba-atingida-por-forte-chuva-defesa-civil-em-alerta\/#article","isPartOf":{"@id":"https:\/\/revistaregional.com.br\/site\/2020\/11\/18\/indaiatuba-atingida-por-forte-chuva-defesa-civil-em-alerta\/"},"author":{"name":"contato@revistaregional.com.br","@id":"https:\/\/revistaregional.com.br\/site\/#\/schema\/person\/382af97c580dc1b18f55107bc316010d"},"headline":"Indaiatuba conta preju\u00edzos ap\u00f3s tempestade; Defesa Civil em alerta","datePublished":"2020-11-18T14:30:21+00:00","dateModified":"2024-01-26T13:15:59+00:00","mainEntityOfPage":{"@id":"https:\/\/revistaregional.com.br\/site\/2020\/11\/18\/indaiatuba-atingida-por-forte-chuva-defesa-civil-em-alerta\/"},"wordCount":761,"image":{"@id":"https:\/\/revistaregional.com.br\/site\/2020\/11\/18\/indaiatuba-atingida-por-forte-chuva-defesa-civil-em-alerta\/#primaryimage"},"thumbnailUrl":"https:\/\/revistaregional.com.br\/site\/wp-content\/uploads\/2020\/11\/chuva-1.jpg","keywords":["Regionais"],"articleSection":["Destaque Lateral","Regionais"],"inLanguage":"pt-BR"},{"@type":"WebPage","@id":"https:\/\/revistaregional.com.br\/site\/2020\/11\/18\/indaiatuba-atingida-por-forte-chuva-defesa-civil-em-alerta\/","url":"https:\/\/revistaregional.com.br\/site\/2020\/11\/18\/indaiatuba-atingida-por-forte-chuva-defesa-civil-em-alerta\/","name":"Indaiatuba conta preju\u00edzos ap\u00f3s tempestade; Defesa Civil em alerta - Revista Regional","isPartOf":{"@id":"https:\/\/revistaregional.com.br\/site\/#website"},"primaryImageOfPage":{"@id":"https:\/\/revistaregional.com.br\/site\/2020\/11\/18\/indaiatuba-atingida-por-forte-chuva-defesa-civil-em-alerta\/#primaryimage"},"image":{"@id":"https:\/\/revistaregional.com.br\/site\/2020\/11\/18\/indaiatuba-atingida-por-forte-chuva-defesa-civil-em-alerta\/#primaryimage"},"thumbnailUrl":"https:\/\/revistaregional.com.br\/site\/wp-content\/uploads\/2020\/11\/chuva-1.jpg","datePublished":"2020-11-18T14:30:21+00:00","dateModified":"2024-01-26T13:15:59+00:00","author":{"@id":"https:\/\/revistaregional.com.br\/site\/#\/schema\/person\/382af97c580dc1b18f55107bc316010d"},"breadcrumb":{"@id":"https:\/\/revistaregional.com.br\/site\/2020\/11\/18\/indaiatuba-atingida-por-forte-chuva-defesa-civil-em-alerta\/#breadcrumb"},"inLanguage":"pt-BR","potentialAction":[{"@type":"ReadAction","target":["https:\/\/revistaregional.com.br\/site\/2020\/11\/18\/indaiatuba-atingida-por-forte-chuva-defesa-civil-em-alerta\/"]}]},{"@type":"ImageObject","inLanguage":"pt-BR","@id":"https:\/\/revistaregional.com.br\/site\/2020\/11\/18\/indaiatuba-atingida-por-forte-chuva-defesa-civil-em-alerta\/#primaryimage","url":"https:\/\/revistaregional.com.br\/site\/wp-content\/uploads\/2020\/11\/chuva-1.jpg","contentUrl":"https:\/\/revistaregional.com.br\/site\/wp-content\/uploads\/2020\/11\/chuva-1.jpg","width":1280,"height":720},{"@type":"BreadcrumbList","@id":"https:\/\/revistaregional.com.br\/site\/2020\/11\/18\/indaiatuba-atingida-por-forte-chuva-defesa-civil-em-alerta\/#breadcrumb","itemListElement":[{"@type":"ListItem","position":1,"name":"In\u00edcio","item":"https:\/\/revistaregional.com.br\/site\/"},{"@type":"ListItem","position":2,"name":"Indaiatuba conta preju\u00edzos ap\u00f3s tempestade; Defesa Civil em alerta"}]},{"@type":"WebSite","@id":"https:\/\/revistaregional.com.br\/site\/#website","url":"https:\/\/revistaregional.com.br\/site\/","name":"Revista Regional","description":"Salto - Itu - Indaituba","potentialAction":[{"@type":"SearchAction","target":{"@type":"EntryPoint","urlTemplate":"https:\/\/revistaregional.com.br\/site\/?s={search_term_string}"},"query-input":{"@type":"PropertyValueSpecification","valueRequired":true,"valueName":"search_term_string"}}],"inLanguage":"pt-BR"},{"@type":"Person","@id":"https:\/\/revistaregional.com.br\/site\/#\/schema\/person\/382af97c580dc1b18f55107bc316010d","name":"contato@revistaregional.com.br","image":{"@type":"ImageObject","inLanguage":"pt-BR","@id":"https:\/\/secure.gravatar.com\/avatar\/869822917e96b2e292d5827e4635855396934485e7c4a0af84e9a214e32ca0cd?s=96&d=mm&r=g","url":"https:\/\/secure.gravatar.com\/avatar\/869822917e96b2e292d5827e4635855396934485e7c4a0af84e9a214e32ca0cd?s=96&d=mm&r=g","contentUrl":"https:\/\/secure.gravatar.com\/avatar\/869822917e96b2e292d5827e4635855396934485e7c4a0af84e9a214e32ca0cd?s=96&d=mm&r=g","caption":"contato@revistaregional.com.br"},"url":"https:\/\/revistaregional.com.br\/site\/author\/contato@revistaregional.com.br\/"}]}},"views":172,"_links":{"self":[{"href":"https:\/\/revistaregional.com.br\/site\/wp-json\/wp\/v2\/posts\/23879","targetHints":{"allow":["GET"]}}],"collection":[{"href":"https:\/\/revistaregional.com.br\/site\/wp-json\/wp\/v2\/posts"}],"about":[{"href":"https:\/\/revistaregional.com.br\/site\/wp-json\/wp\/v2\/types\/post"}],"author":[{"embeddable":true,"href":"https:\/\/revistaregional.com.br\/site\/wp-json\/wp\/v2\/users\/1"}],"replies":[{"embeddable":true,"href":"https:\/\/revistaregional.com.br\/site\/wp-json\/wp\/v2\/comments?post=23879"}],"version-history":[{"count":4,"href":"https:\/\/revistaregional.com.br\/site\/wp-json\/wp\/v2\/posts\/23879\/revisions"}],"predecessor-version":[{"id":23885,"href":"https:\/\/revistaregional.com.br\/site\/wp-json\/wp\/v2\/posts\/23879\/revisions\/23885"}],"wp:featuredmedia":[{"embeddable":true,"href":"https:\/\/revistaregional.com.br\/site\/wp-json\/wp\/v2\/media\/23880"}],"wp:attachment":[{"href":"https:\/\/revistaregional.com.br\/site\/wp-json\/wp\/v2\/media?parent=23879"}],"wp:term":[{"taxonomy":"category","embeddable":true,"href":"https:\/\/revistaregional.com.br\/site\/wp-json\/wp\/v2\/categories?post=23879"},{"taxonomy":"post_tag","embeddable":true,"href":"https:\/\/revistaregional.com.br\/site\/wp-json\/wp\/v2\/tags?post=23879"}],"curies":[{"name":"wp","href":"https:\/\/api.w.org\/{rel}","templated":true}]}}