{"id":23775,"date":"2020-11-09T18:25:24","date_gmt":"2020-11-09T21:25:24","guid":{"rendered":"https:\/\/revistaregional.com.br\/site\/?p=23775"},"modified":"2024-01-26T10:16:05","modified_gmt":"2024-01-26T13:16:05","slug":"mais-6-mortes-por-covid-em-indaiatuba","status":"publish","type":"post","link":"https:\/\/revistaregional.com.br\/site\/2020\/11\/09\/mais-6-mortes-por-covid-em-indaiatuba\/","title":{"rendered":"Mais 6 mortes por covid em Indaiatuba"},"content":{"rendered":"<ul>\n<li><strong><em>Cidade voltou a ter mortes di\u00e1rias pela doen\u00e7a e registrou 6 no final de semana, de 06 a 08 de novembro;<\/em><\/strong><\/li>\n<li><strong><em>Itu e Salto n\u00e3o tiveram \u00f3bitos confirmados por covid nesse per\u00edodo, mas registraram casos positivos de contamina\u00e7\u00e3o; <\/em><\/strong><\/li>\n<li><strong><em>Governo do Estado inicia constru\u00e7\u00e3o de f\u00e1brica para produ\u00e7\u00e3o de vacina e deve receber 120 mil doses at\u00e9 o dia 20<\/em><\/strong><\/li>\n<\/ul>\n<p>A Prefeitura de Indaiatuba, por meio da Secretaria de Sa\u00fade, informou que foram registradas mais 6 mortes por covid na cidade no per\u00edodo que vai de sexta, dia 06, a domingo, 08 de novembro.<\/p>\n<p>Todos os \u00f3bitos ocorreram no Haoc (Hospital Augusto de Oliveira Camargo). No domingo, 08, morreu um paciente de 51 anos, internado desde o dia 10 de outubro. No s\u00e1bado, foram 3 mortes: todas as v\u00edtimas eram mulheres, de 74, 65 e 31 anos. E na sexta-feira, dia 06, outros 2 \u00f3bitos: um homem de 76 anos, internado desde o dia 02 de novembro, e uma mulher, de 77, hospitalizada no dia 1\u00ba.<\/p>\n<figure id=\"attachment_23776\" aria-describedby=\"caption-attachment-23776\" style=\"width: 534px\" class=\"wp-caption alignleft\"><img fetchpriority=\"high\" decoding=\"async\" class=\" wp-image-23776\" src=\"https:\/\/revistaregional.com.br\/site\/wp-content\/uploads\/2020\/11\/app-9-nov-300x169.jpg\" alt=\"\" width=\"534\" height=\"301\" data-id=\"23776\" srcset=\"https:\/\/revistaregional.com.br\/site\/wp-content\/uploads\/2020\/11\/app-9-nov-300x169.jpg 300w, https:\/\/revistaregional.com.br\/site\/wp-content\/uploads\/2020\/11\/app-9-nov-1024x576.jpg 1024w, https:\/\/revistaregional.com.br\/site\/wp-content\/uploads\/2020\/11\/app-9-nov-150x84.jpg 150w, https:\/\/revistaregional.com.br\/site\/wp-content\/uploads\/2020\/11\/app-9-nov.jpg 1100w\" sizes=\"(max-width: 534px) 100vw, 534px\" \/><figcaption id=\"caption-attachment-23776\" class=\"wp-caption-text\">Indaiatuba teve mais 6 mortes pelo coronav\u00edrus<\/figcaption><\/figure>\n<p>Com essas novas mortes, Indaiatuba soma 236 desde o in\u00edcio da pandemia. No fim de semana, tamb\u00e9m foram registrados 50 novos infectados pelo coronav\u00edrus. A cidade tem agora 7.972 confirmados, com 7.726 considerados curados ou em recupera\u00e7\u00e3o domiciliar e 10 confirmados ainda internados, dois a menos que no dia anterior.<\/p>\n<p>Ainda h\u00e1 outros 451 casos suspeitos aguardando resultado. Atualmente, h\u00e1 16 pessoas internadas em leito cl\u00ednico e 11 em UTI (Unidade de Terapia Intensiva). A taxa de ocupa\u00e7\u00e3o das UTIs est\u00e1 em 33% no Haoc e 38% no Hospital Santa Ign\u00eas nesta segunda-feira, dia 09.<\/p>\n<p>Salto n\u00e3o teve mortes confirmadas por covid no fim de semana, mas registrou, de acordo com o governo local, 20 novos casos da doen\u00e7a. Com isso, a cidade totaliza 3.356 infectados desde o in\u00edcio do surto, sendo que 70 pacientes morreram, 3.268 se recuperaram, 4 seguem internados (sendo 1 em UTI) e 14 est\u00e3o em isolamento domiciliar.<\/p>\n<p>Tamb\u00e9m h\u00e1 15 casos suspeitos que aguardam resultados. Destes, 4 est\u00e3o em interna\u00e7\u00e3o cl\u00ednica. A taxa de ocupa\u00e7\u00e3o da UTI do Hospital Municipal est\u00e1 em 50% nesta segunda-feira.<\/p>\n<p>Itu foi outra cidade da \u00e1rea de cobertura da Revista Regional que n\u00e3o confirmou \u00f3bitos por covid no final de semana. No entanto, a cidade contabilizou 34 novos contaminados pelo coronav\u00edrus e totaliza agora 3.566 casos desde mar\u00e7o, quando come\u00e7ou a epidemia. Deste total, 101 pessoas morreram e 3.383 se recuperaram.<\/p>\n<p>H\u00e1 104 suspeitos aguardando resultados, 9 pacientes internados em leito cl\u00ednico e 4 em UTI. Os leitos da UTI do Hospital de Campanha, exclusivo para pacientes com covid, voltaram a ficar vazios nesta segunda, dia 09. J\u00e1 a UTI do Hospital Municipal est\u00e1 com 62,5% de ocupa\u00e7\u00e3o.<\/p>\n<p><strong>F\u00c1BRICA DA VACINA<\/strong><\/p>\n<p>O governador Jo\u00e3o Doria esteve nesta segunda-feira, 09, no Instituto Butantan para acompanhar o in\u00edcio das obras da nova f\u00e1brica da vacina Coronavac. Com capacidade de produ\u00e7\u00e3o de 100 milh\u00f5es de doses por ano, a planta ser\u00e1 constru\u00edda com doa\u00e7\u00f5es da iniciativa privada realizadas durante as reuni\u00f5es do Comit\u00ea Empresarial Solid\u00e1rio e Econ\u00f4mico.<\/p>\n<p>A previs\u00e3o de conclus\u00e3o das obras \u00e9 de at\u00e9 10 meses, com um custo de R$ 160 milh\u00f5es. J\u00e1 foram arrecadados at\u00e9 o momento R$ 130 milh\u00f5es com doa\u00e7\u00f5es de 24 empresas dos mais diversos setores da economia. As doa\u00e7\u00f5es est\u00e3o sendo coordenadas pela organiza\u00e7\u00e3o social Comunitas, com o apoio da Invest-SP.<\/p>\n<p>A Coronavac, desenvolvida pela parceria do Instituto Butantan com a farmac\u00eautica chinesa Sinovac Life Science, est\u00e1 em fase final de testes cl\u00ednicos, que quando finalizados ser\u00e3o submetidos para aprova\u00e7\u00e3o e registro da Anvisa. Somente ap\u00f3s essas aprova\u00e7\u00f5es, as doses ser\u00e3o disponibilizadas para a aplica\u00e7\u00e3o.<\/p>\n<p><strong>DOSES<\/strong><\/p>\n<p>Ap\u00f3s autoriza\u00e7\u00e3o da Anvisa e das Autoridades Sanit\u00e1rias da China, o Instituto Butantan receber\u00e1 as primeiras 120 mil doses da Coronavac com chegada prevista para o dia 20 de novembro no Aeroporto Internacional de Guarulhos.<\/p>\n<p>A mat\u00e9ria-prima ser\u00e1 transportada em bolsas de 200 litros dispostas em containers refrigerados, j\u00e1 que a Coronavac n\u00e3o necessita de temperaturas negativas para seu armazenamento.<\/p>\n<p>At\u00e9 dezembro de 2020, o Instituto Butantan receber\u00e1 46 milh\u00f5es de doses da Coronavac, sendo 6 milh\u00f5es de doses da vacina j\u00e1 prontas para aplica\u00e7\u00e3o e outras 40 milh\u00f5es que ser\u00e3o formuladas e envasadas em f\u00e1brica pr\u00f3pria do Instituto. Outras 15 milh\u00f5es de doses devem chegar at\u00e9 fevereiro de 2021.<\/p>\n<p>&nbsp;<br \/>\n<strong>ESTUDOS<\/strong><\/p>\n<p>Em fase final de estudos cl\u00ednicos no Brasil, a Coronavac \u00e9 considerada uma das vacinas mais promissoras no mundo, de acordo com a Organiza\u00e7\u00e3o Mundial da Sa\u00fade (OMS), e vem sendo testada em sete Estados brasileiros, al\u00e9m do Distrito Federal. At\u00e9 o momento, mais de 10 mil pessoas j\u00e1 receberam ao menos uma das duas doses da vacina ou placebo.<\/p>\n<p>Assim que os estudos cl\u00ednicos comprovarem os \u00edndices de seguran\u00e7a e efic\u00e1cia, a Coronavac ser\u00e1 submetida ao devido registro da Anvisa para, somente depois, ser distribu\u00edda para a vacina\u00e7\u00e3o da popula\u00e7\u00e3o.<\/p>\n<p>Nesta segunda-feira, a Revista Regional tamb\u00e9m noticiou em seu app o an\u00fancio da farmac\u00eautica americana Pfizer sobre a efic\u00e1cia de 90% de sua vacina contra a covid-19, conforme estudos ainda em andamento. Com isso, a Pfizer espera ter o imunizante aprovado ainda em 2020. A mat\u00e9ria pode ser conferida no app da Revista Regional, na coluna Boas Not\u00edcias.<\/p>\n<p>&nbsp;<\/p>\n<p>foto: BIRF<\/p>\n<p>&nbsp;<\/p>\n","protected":false},"excerpt":{"rendered":"<p>Cidade voltou a ter mortes di\u00e1rias pela doen\u00e7a e registrou 6 no final de semana, de 06 a 08 de novembro; Itu e Salto n\u00e3o tiveram \u00f3bitos confirmados por covid nesse per\u00edodo, mas registraram casos positivos de contamina\u00e7\u00e3o; Governo do Estado inicia constru\u00e7\u00e3o de f\u00e1brica para produ\u00e7\u00e3o de vacina e deve receber 120 mil doses [&hellip;]<\/p>\n","protected":false},"author":1,"featured_media":23776,"comment_status":"closed","ping_status":"closed","sticky":false,"template":"","format":"standard","meta":{"_acf_changed":false,"ngg_post_thumbnail":0,"_joinchat":[],"footnotes":""},"categories":[449,12],"tags":[527],"class_list":["post-23775","post","type-post","status-publish","format-standard","has-post-thumbnail","hentry","category-destaque-lateral","category-regionais","tag-regionais"],"acf":[],"yoast_head":"<!-- This site is optimized with the Yoast SEO plugin v27.5 - https:\/\/yoast.com\/product\/yoast-seo-wordpress\/ -->\n<title>Mais 6 mortes por covid em Indaiatuba - Revista Regional<\/title>\n<meta name=\"robots\" content=\"index, follow, max-snippet:-1, max-image-preview:large, max-video-preview:-1\" \/>\n<link rel=\"canonical\" href=\"https:\/\/revistaregional.com.br\/site\/2020\/11\/09\/mais-6-mortes-por-covid-em-indaiatuba\/\" \/>\n<meta property=\"og:locale\" content=\"pt_BR\" \/>\n<meta property=\"og:type\" content=\"article\" \/>\n<meta property=\"og:title\" content=\"Mais 6 mortes por covid em Indaiatuba - Revista Regional\" \/>\n<meta property=\"og:description\" content=\"Cidade voltou a ter mortes di\u00e1rias pela doen\u00e7a e registrou 6 no final de semana, de 06 a 08 de novembro; Itu e Salto n\u00e3o tiveram \u00f3bitos confirmados por covid nesse per\u00edodo, mas registraram casos positivos de contamina\u00e7\u00e3o; Governo do Estado inicia constru\u00e7\u00e3o de f\u00e1brica para produ\u00e7\u00e3o de vacina e deve receber 120 mil doses [&hellip;]\" \/>\n<meta property=\"og:url\" content=\"https:\/\/revistaregional.com.br\/site\/2020\/11\/09\/mais-6-mortes-por-covid-em-indaiatuba\/\" \/>\n<meta property=\"og:site_name\" content=\"Revista Regional\" \/>\n<meta property=\"article:published_time\" content=\"2020-11-09T21:25:24+00:00\" \/>\n<meta property=\"article:modified_time\" content=\"2024-01-26T13:16:05+00:00\" \/>\n<meta property=\"og:image\" content=\"https:\/\/revistaregional.com.br\/site\/wp-content\/uploads\/2020\/11\/app-9-nov.jpg\" \/>\n\t<meta property=\"og:image:width\" content=\"1100\" \/>\n\t<meta property=\"og:image:height\" content=\"619\" \/>\n\t<meta property=\"og:image:type\" content=\"image\/jpeg\" \/>\n<meta name=\"author\" content=\"contato@revistaregional.com.br\" \/>\n<meta name=\"twitter:card\" content=\"summary_large_image\" \/>\n<meta name=\"twitter:label1\" content=\"Escrito por\" \/>\n\t<meta name=\"twitter:data1\" content=\"contato@revistaregional.com.br\" \/>\n\t<meta name=\"twitter:label2\" content=\"Est. tempo de leitura\" \/>\n\t<meta name=\"twitter:data2\" content=\"4 minutos\" \/>\n<script type=\"application\/ld+json\" class=\"yoast-schema-graph\">{\"@context\":\"https:\\\/\\\/schema.org\",\"@graph\":[{\"@type\":\"Article\",\"@id\":\"https:\\\/\\\/revistaregional.com.br\\\/site\\\/2020\\\/11\\\/09\\\/mais-6-mortes-por-covid-em-indaiatuba\\\/#article\",\"isPartOf\":{\"@id\":\"https:\\\/\\\/revistaregional.com.br\\\/site\\\/2020\\\/11\\\/09\\\/mais-6-mortes-por-covid-em-indaiatuba\\\/\"},\"author\":{\"name\":\"contato@revistaregional.com.br\",\"@id\":\"https:\\\/\\\/revistaregional.com.br\\\/site\\\/#\\\/schema\\\/person\\\/382af97c580dc1b18f55107bc316010d\"},\"headline\":\"Mais 6 mortes por covid em Indaiatuba\",\"datePublished\":\"2020-11-09T21:25:24+00:00\",\"dateModified\":\"2024-01-26T13:16:05+00:00\",\"mainEntityOfPage\":{\"@id\":\"https:\\\/\\\/revistaregional.com.br\\\/site\\\/2020\\\/11\\\/09\\\/mais-6-mortes-por-covid-em-indaiatuba\\\/\"},\"wordCount\":900,\"image\":{\"@id\":\"https:\\\/\\\/revistaregional.com.br\\\/site\\\/2020\\\/11\\\/09\\\/mais-6-mortes-por-covid-em-indaiatuba\\\/#primaryimage\"},\"thumbnailUrl\":\"https:\\\/\\\/revistaregional.com.br\\\/site\\\/wp-content\\\/uploads\\\/2020\\\/11\\\/app-9-nov.jpg\",\"keywords\":[\"Regionais\"],\"articleSection\":[\"Destaque Lateral\",\"Regionais\"],\"inLanguage\":\"pt-BR\"},{\"@type\":\"WebPage\",\"@id\":\"https:\\\/\\\/revistaregional.com.br\\\/site\\\/2020\\\/11\\\/09\\\/mais-6-mortes-por-covid-em-indaiatuba\\\/\",\"url\":\"https:\\\/\\\/revistaregional.com.br\\\/site\\\/2020\\\/11\\\/09\\\/mais-6-mortes-por-covid-em-indaiatuba\\\/\",\"name\":\"Mais 6 mortes por covid em Indaiatuba - Revista Regional\",\"isPartOf\":{\"@id\":\"https:\\\/\\\/revistaregional.com.br\\\/site\\\/#website\"},\"primaryImageOfPage\":{\"@id\":\"https:\\\/\\\/revistaregional.com.br\\\/site\\\/2020\\\/11\\\/09\\\/mais-6-mortes-por-covid-em-indaiatuba\\\/#primaryimage\"},\"image\":{\"@id\":\"https:\\\/\\\/revistaregional.com.br\\\/site\\\/2020\\\/11\\\/09\\\/mais-6-mortes-por-covid-em-indaiatuba\\\/#primaryimage\"},\"thumbnailUrl\":\"https:\\\/\\\/revistaregional.com.br\\\/site\\\/wp-content\\\/uploads\\\/2020\\\/11\\\/app-9-nov.jpg\",\"datePublished\":\"2020-11-09T21:25:24+00:00\",\"dateModified\":\"2024-01-26T13:16:05+00:00\",\"author\":{\"@id\":\"https:\\\/\\\/revistaregional.com.br\\\/site\\\/#\\\/schema\\\/person\\\/382af97c580dc1b18f55107bc316010d\"},\"breadcrumb\":{\"@id\":\"https:\\\/\\\/revistaregional.com.br\\\/site\\\/2020\\\/11\\\/09\\\/mais-6-mortes-por-covid-em-indaiatuba\\\/#breadcrumb\"},\"inLanguage\":\"pt-BR\",\"potentialAction\":[{\"@type\":\"ReadAction\",\"target\":[\"https:\\\/\\\/revistaregional.com.br\\\/site\\\/2020\\\/11\\\/09\\\/mais-6-mortes-por-covid-em-indaiatuba\\\/\"]}]},{\"@type\":\"ImageObject\",\"inLanguage\":\"pt-BR\",\"@id\":\"https:\\\/\\\/revistaregional.com.br\\\/site\\\/2020\\\/11\\\/09\\\/mais-6-mortes-por-covid-em-indaiatuba\\\/#primaryimage\",\"url\":\"https:\\\/\\\/revistaregional.com.br\\\/site\\\/wp-content\\\/uploads\\\/2020\\\/11\\\/app-9-nov.jpg\",\"contentUrl\":\"https:\\\/\\\/revistaregional.com.br\\\/site\\\/wp-content\\\/uploads\\\/2020\\\/11\\\/app-9-nov.jpg\",\"width\":1100,\"height\":619,\"caption\":\"Indaiatuba teve mais 6 mortes pelo coronav\u00edrus\"},{\"@type\":\"BreadcrumbList\",\"@id\":\"https:\\\/\\\/revistaregional.com.br\\\/site\\\/2020\\\/11\\\/09\\\/mais-6-mortes-por-covid-em-indaiatuba\\\/#breadcrumb\",\"itemListElement\":[{\"@type\":\"ListItem\",\"position\":1,\"name\":\"In\u00edcio\",\"item\":\"https:\\\/\\\/revistaregional.com.br\\\/site\\\/\"},{\"@type\":\"ListItem\",\"position\":2,\"name\":\"Mais 6 mortes por covid em Indaiatuba\"}]},{\"@type\":\"WebSite\",\"@id\":\"https:\\\/\\\/revistaregional.com.br\\\/site\\\/#website\",\"url\":\"https:\\\/\\\/revistaregional.com.br\\\/site\\\/\",\"name\":\"Revista Regional\",\"description\":\"Salto - Itu - Indaituba\",\"potentialAction\":[{\"@type\":\"SearchAction\",\"target\":{\"@type\":\"EntryPoint\",\"urlTemplate\":\"https:\\\/\\\/revistaregional.com.br\\\/site\\\/?s={search_term_string}\"},\"query-input\":{\"@type\":\"PropertyValueSpecification\",\"valueRequired\":true,\"valueName\":\"search_term_string\"}}],\"inLanguage\":\"pt-BR\"},{\"@type\":\"Person\",\"@id\":\"https:\\\/\\\/revistaregional.com.br\\\/site\\\/#\\\/schema\\\/person\\\/382af97c580dc1b18f55107bc316010d\",\"name\":\"contato@revistaregional.com.br\",\"image\":{\"@type\":\"ImageObject\",\"inLanguage\":\"pt-BR\",\"@id\":\"https:\\\/\\\/secure.gravatar.com\\\/avatar\\\/869822917e96b2e292d5827e4635855396934485e7c4a0af84e9a214e32ca0cd?s=96&d=mm&r=g\",\"url\":\"https:\\\/\\\/secure.gravatar.com\\\/avatar\\\/869822917e96b2e292d5827e4635855396934485e7c4a0af84e9a214e32ca0cd?s=96&d=mm&r=g\",\"contentUrl\":\"https:\\\/\\\/secure.gravatar.com\\\/avatar\\\/869822917e96b2e292d5827e4635855396934485e7c4a0af84e9a214e32ca0cd?s=96&d=mm&r=g\",\"caption\":\"contato@revistaregional.com.br\"},\"url\":\"https:\\\/\\\/revistaregional.com.br\\\/site\\\/author\\\/contato@revistaregional.com.br\\\/\"}]}<\/script>\n<!-- \/ Yoast SEO plugin. -->","yoast_head_json":{"title":"Mais 6 mortes por covid em Indaiatuba - Revista Regional","robots":{"index":"index","follow":"follow","max-snippet":"max-snippet:-1","max-image-preview":"max-image-preview:large","max-video-preview":"max-video-preview:-1"},"canonical":"https:\/\/revistaregional.com.br\/site\/2020\/11\/09\/mais-6-mortes-por-covid-em-indaiatuba\/","og_locale":"pt_BR","og_type":"article","og_title":"Mais 6 mortes por covid em Indaiatuba - Revista Regional","og_description":"Cidade voltou a ter mortes di\u00e1rias pela doen\u00e7a e registrou 6 no final de semana, de 06 a 08 de novembro; Itu e Salto n\u00e3o tiveram \u00f3bitos confirmados por covid nesse per\u00edodo, mas registraram casos positivos de contamina\u00e7\u00e3o; Governo do Estado inicia constru\u00e7\u00e3o de f\u00e1brica para produ\u00e7\u00e3o de vacina e deve receber 120 mil doses [&hellip;]","og_url":"https:\/\/revistaregional.com.br\/site\/2020\/11\/09\/mais-6-mortes-por-covid-em-indaiatuba\/","og_site_name":"Revista Regional","article_published_time":"2020-11-09T21:25:24+00:00","article_modified_time":"2024-01-26T13:16:05+00:00","og_image":[{"width":1100,"height":619,"url":"https:\/\/revistaregional.com.br\/site\/wp-content\/uploads\/2020\/11\/app-9-nov.jpg","type":"image\/jpeg"}],"author":"contato@revistaregional.com.br","twitter_card":"summary_large_image","twitter_misc":{"Escrito por":"contato@revistaregional.com.br","Est. tempo de leitura":"4 minutos"},"schema":{"@context":"https:\/\/schema.org","@graph":[{"@type":"Article","@id":"https:\/\/revistaregional.com.br\/site\/2020\/11\/09\/mais-6-mortes-por-covid-em-indaiatuba\/#article","isPartOf":{"@id":"https:\/\/revistaregional.com.br\/site\/2020\/11\/09\/mais-6-mortes-por-covid-em-indaiatuba\/"},"author":{"name":"contato@revistaregional.com.br","@id":"https:\/\/revistaregional.com.br\/site\/#\/schema\/person\/382af97c580dc1b18f55107bc316010d"},"headline":"Mais 6 mortes por covid em Indaiatuba","datePublished":"2020-11-09T21:25:24+00:00","dateModified":"2024-01-26T13:16:05+00:00","mainEntityOfPage":{"@id":"https:\/\/revistaregional.com.br\/site\/2020\/11\/09\/mais-6-mortes-por-covid-em-indaiatuba\/"},"wordCount":900,"image":{"@id":"https:\/\/revistaregional.com.br\/site\/2020\/11\/09\/mais-6-mortes-por-covid-em-indaiatuba\/#primaryimage"},"thumbnailUrl":"https:\/\/revistaregional.com.br\/site\/wp-content\/uploads\/2020\/11\/app-9-nov.jpg","keywords":["Regionais"],"articleSection":["Destaque Lateral","Regionais"],"inLanguage":"pt-BR"},{"@type":"WebPage","@id":"https:\/\/revistaregional.com.br\/site\/2020\/11\/09\/mais-6-mortes-por-covid-em-indaiatuba\/","url":"https:\/\/revistaregional.com.br\/site\/2020\/11\/09\/mais-6-mortes-por-covid-em-indaiatuba\/","name":"Mais 6 mortes por covid em Indaiatuba - Revista Regional","isPartOf":{"@id":"https:\/\/revistaregional.com.br\/site\/#website"},"primaryImageOfPage":{"@id":"https:\/\/revistaregional.com.br\/site\/2020\/11\/09\/mais-6-mortes-por-covid-em-indaiatuba\/#primaryimage"},"image":{"@id":"https:\/\/revistaregional.com.br\/site\/2020\/11\/09\/mais-6-mortes-por-covid-em-indaiatuba\/#primaryimage"},"thumbnailUrl":"https:\/\/revistaregional.com.br\/site\/wp-content\/uploads\/2020\/11\/app-9-nov.jpg","datePublished":"2020-11-09T21:25:24+00:00","dateModified":"2024-01-26T13:16:05+00:00","author":{"@id":"https:\/\/revistaregional.com.br\/site\/#\/schema\/person\/382af97c580dc1b18f55107bc316010d"},"breadcrumb":{"@id":"https:\/\/revistaregional.com.br\/site\/2020\/11\/09\/mais-6-mortes-por-covid-em-indaiatuba\/#breadcrumb"},"inLanguage":"pt-BR","potentialAction":[{"@type":"ReadAction","target":["https:\/\/revistaregional.com.br\/site\/2020\/11\/09\/mais-6-mortes-por-covid-em-indaiatuba\/"]}]},{"@type":"ImageObject","inLanguage":"pt-BR","@id":"https:\/\/revistaregional.com.br\/site\/2020\/11\/09\/mais-6-mortes-por-covid-em-indaiatuba\/#primaryimage","url":"https:\/\/revistaregional.com.br\/site\/wp-content\/uploads\/2020\/11\/app-9-nov.jpg","contentUrl":"https:\/\/revistaregional.com.br\/site\/wp-content\/uploads\/2020\/11\/app-9-nov.jpg","width":1100,"height":619,"caption":"Indaiatuba teve mais 6 mortes pelo coronav\u00edrus"},{"@type":"BreadcrumbList","@id":"https:\/\/revistaregional.com.br\/site\/2020\/11\/09\/mais-6-mortes-por-covid-em-indaiatuba\/#breadcrumb","itemListElement":[{"@type":"ListItem","position":1,"name":"In\u00edcio","item":"https:\/\/revistaregional.com.br\/site\/"},{"@type":"ListItem","position":2,"name":"Mais 6 mortes por covid em Indaiatuba"}]},{"@type":"WebSite","@id":"https:\/\/revistaregional.com.br\/site\/#website","url":"https:\/\/revistaregional.com.br\/site\/","name":"Revista Regional","description":"Salto - Itu - Indaituba","potentialAction":[{"@type":"SearchAction","target":{"@type":"EntryPoint","urlTemplate":"https:\/\/revistaregional.com.br\/site\/?s={search_term_string}"},"query-input":{"@type":"PropertyValueSpecification","valueRequired":true,"valueName":"search_term_string"}}],"inLanguage":"pt-BR"},{"@type":"Person","@id":"https:\/\/revistaregional.com.br\/site\/#\/schema\/person\/382af97c580dc1b18f55107bc316010d","name":"contato@revistaregional.com.br","image":{"@type":"ImageObject","inLanguage":"pt-BR","@id":"https:\/\/secure.gravatar.com\/avatar\/869822917e96b2e292d5827e4635855396934485e7c4a0af84e9a214e32ca0cd?s=96&d=mm&r=g","url":"https:\/\/secure.gravatar.com\/avatar\/869822917e96b2e292d5827e4635855396934485e7c4a0af84e9a214e32ca0cd?s=96&d=mm&r=g","contentUrl":"https:\/\/secure.gravatar.com\/avatar\/869822917e96b2e292d5827e4635855396934485e7c4a0af84e9a214e32ca0cd?s=96&d=mm&r=g","caption":"contato@revistaregional.com.br"},"url":"https:\/\/revistaregional.com.br\/site\/author\/contato@revistaregional.com.br\/"}]}},"views":77,"_links":{"self":[{"href":"https:\/\/revistaregional.com.br\/site\/wp-json\/wp\/v2\/posts\/23775","targetHints":{"allow":["GET"]}}],"collection":[{"href":"https:\/\/revistaregional.com.br\/site\/wp-json\/wp\/v2\/posts"}],"about":[{"href":"https:\/\/revistaregional.com.br\/site\/wp-json\/wp\/v2\/types\/post"}],"author":[{"embeddable":true,"href":"https:\/\/revistaregional.com.br\/site\/wp-json\/wp\/v2\/users\/1"}],"replies":[{"embeddable":true,"href":"https:\/\/revistaregional.com.br\/site\/wp-json\/wp\/v2\/comments?post=23775"}],"version-history":[{"count":2,"href":"https:\/\/revistaregional.com.br\/site\/wp-json\/wp\/v2\/posts\/23775\/revisions"}],"predecessor-version":[{"id":23778,"href":"https:\/\/revistaregional.com.br\/site\/wp-json\/wp\/v2\/posts\/23775\/revisions\/23778"}],"wp:featuredmedia":[{"embeddable":true,"href":"https:\/\/revistaregional.com.br\/site\/wp-json\/wp\/v2\/media\/23776"}],"wp:attachment":[{"href":"https:\/\/revistaregional.com.br\/site\/wp-json\/wp\/v2\/media?parent=23775"}],"wp:term":[{"taxonomy":"category","embeddable":true,"href":"https:\/\/revistaregional.com.br\/site\/wp-json\/wp\/v2\/categories?post=23775"},{"taxonomy":"post_tag","embeddable":true,"href":"https:\/\/revistaregional.com.br\/site\/wp-json\/wp\/v2\/tags?post=23775"}],"curies":[{"name":"wp","href":"https:\/\/api.w.org\/{rel}","templated":true}]}}