{"id":23411,"date":"2020-09-16T11:54:56","date_gmt":"2020-09-16T14:54:56","guid":{"rendered":"https:\/\/revistaregional.com.br\/site\/?p=23411"},"modified":"2024-01-26T10:13:20","modified_gmt":"2024-01-26T13:13:20","slug":"jornalista-ituano-lanca-site-de-jornalismo-inclusivo","status":"publish","type":"post","link":"https:\/\/revistaregional.com.br\/site\/2020\/09\/16\/jornalista-ituano-lanca-site-de-jornalismo-inclusivo\/","title":{"rendered":"Jornalista ituano lan\u00e7a site de \u2018Jornalismo Inclusivo\u2019"},"content":{"rendered":"<figure id=\"attachment_23413\" aria-describedby=\"caption-attachment-23413\" style=\"width: 387px\" class=\"wp-caption alignright\"><img fetchpriority=\"high\" decoding=\"async\" class=\"wp-image-23413\" src=\"https:\/\/revistaregional.com.br\/site\/wp-content\/uploads\/2020\/09\/jornalista-rafael.jpg\" alt=\"\" width=\"387\" height=\"387\" data-id=\"23413\" srcset=\"https:\/\/revistaregional.com.br\/site\/wp-content\/uploads\/2020\/09\/jornalista-rafael.jpg 636w, https:\/\/revistaregional.com.br\/site\/wp-content\/uploads\/2020\/09\/jornalista-rafael-300x300.jpg 300w, https:\/\/revistaregional.com.br\/site\/wp-content\/uploads\/2020\/09\/jornalista-rafael-270x270.jpg 270w, https:\/\/revistaregional.com.br\/site\/wp-content\/uploads\/2020\/09\/jornalista-rafael-150x150.jpg 150w\" sizes=\"(max-width: 387px) 100vw, 387px\" \/><figcaption id=\"caption-attachment-23413\" class=\"wp-caption-text\">Rafael \u00e9 o criador do site<\/figcaption><\/figure>\n<p><em>Rafael Ferraz \u00e9 jornalista, tetrapl\u00e9gico desde 2011 e ativista na defesa, divulga\u00e7\u00e3o, aplica\u00e7\u00e3o e conhecimento dos direitos e na causa da pessoa com defici\u00eancia<\/em><\/p>\n<p>O jornalista Rafael Ferraz lan\u00e7ou o Jornalista Inclusivo, um site com conte\u00fado voltado \u00e0 tem\u00e1tica \u201cpessoa com defici\u00eancia\u201d, mas para toda a sociedade, com temas como sa\u00fade, direitos, acessibilidade, emprego e inclus\u00e3o. A ideia surgiu depois de conhecer seus direitos como deficiente f\u00edsico e ter algumas conquistas, percebeu que podia e devia ajudar outras pessoas. E foi com o aux\u00edlio ao pr\u00f3ximo que surgiu a ideia de unir a informa\u00e7\u00e3o, com a profiss\u00e3o jornal\u00edstica e criar o canal Jornalista Inclusivo, que ap\u00f3s tr\u00eas anos se transformou no site.<\/p>\n<p>Com o slogan &#8220;Acessibilidade &amp; Inclus\u00e3o atrav\u00e9s da Informa\u00e7\u00e3o&#8221;, o diferencial fica por conta dos formatos dos conte\u00fados \u2013 textos, v\u00eddeocoluna, podcasts \u2013 e ferramentas de acessibilidade como int\u00e9rprete virtual em Libras, legendas, descri\u00e7\u00f5es das imagens, player de narra\u00e7\u00e3o. Segundo Rafael, idealizador do projeto, o objetivo \u00e9 estar acess\u00edvel a todas as pessoas. Ele conta que com as redes sociais tem um alcance m\u00e9dio de tr\u00eas mil seguidores. No site, que completou dois meses no ar em agosto o alcance chegou a 20 mil pessoas, segundo o Google Analytics.<\/p>\n<p>\u201cPercebi nas redes sociais um caminho para alcan\u00e7ar mais pessoas com as mesmas d\u00favidas que tive, dificuldades e afli\u00e7\u00f5es em comum. Informa\u00e7\u00f5es sobre os direitos da pessoa com defici\u00eancia, tratamentos e reabilita\u00e7\u00e3o, lazer inclusivo, turismo adaptado e mercado de trabalho, entre outros. Nosso conte\u00fado \u00e9 sobre ter que lutar por uma sociedade justa, e atenta \u00e0s necessidades de garantir e promover a inclus\u00e3o a partir da acessibilidade \u00e0 informa\u00e7\u00e3o\u201d, afirma Rafael.<\/p>\n<p>Para chegar ao conte\u00fado misto e amplo, Rafael conta com uma equipe formada por pessoas de diferentes Estados brasileiros, com e sem defici\u00eancia e profissionais de diversas \u00e1reas, por\u00e9m especialistas. Entre eles est\u00e3o nomes como Belly Palma (Gestora de Moda Inclusiva e Neg\u00f3cios Inclusivos), Carol Nunes (Fisioterapeuta Neurofuncional com enfoque em Neuropediatria), Douglas \u2018D\u00f4di\u2019 Jeric\u00f3 (M\u00fasico Independente), Luna Frausto (Jornalista, Radialista e Analista de M\u00eddias Sociais), Murilo Pereira dos Santos (Paratleta e Estudante de Jornalismo), Paulo Fabi\u00e3o (Jornalista, Escritor e Comediante), Rafaela Costa (Psic\u00f3loga e Doula Acess\u00edvel em Libras), e Dr\u00aa. Viviane Guimar\u00e3es (Advogada Especialista em Sa\u00fade e Direito da Pessoa com Defici\u00eancia).<\/p>\n<p>Rafael Ferraz \u00e9 tetrapl\u00e9gico desde 2011 e ativista na defesa, divulga\u00e7\u00e3o, aplica\u00e7\u00e3o e conhecimento dos direitos e na causa da pessoa com defici\u00eancia. Uma queda de uma escada caracol no terceiro andar causou a les\u00e3o medular e mudou definitivamente sua vida. Aprender a viver com a limita\u00e7\u00e3o da defici\u00eancia foi uma adapta\u00e7\u00e3o dif\u00edcil e complicada, afinal, al\u00e9m das quest\u00f5es como falta de mobilidade, priva\u00e7\u00f5es e limita\u00e7\u00f5es, ainda tem as dores fortes que sente at\u00e9 hoje, a depend\u00eancia de assist\u00eancia para quase todas atividades b\u00e1sicas do dia a dia, e a saudade de muita coisa.<\/p>\n<p>O reencontro com ele mesmo aconteceu ap\u00f3s muita terapia e apoio da fam\u00edlia, amigos e pessoas que Rafael intitula como incr\u00edveis. Todos os desafios di\u00e1rios que passou a ter o levou a buscar informa\u00e7\u00f5es e a\u00ed a milit\u00e2ncia sobre o tema foi algo natural. \u201cComo temos muitas d\u00favidas quando nos tornamos uma pessoa com defici\u00eancia, desinforma\u00e7\u00e3o, preconceito e direitos negados, al\u00e9m da falta de acessibilidade e obst\u00e1culos f\u00edsicos, atitudinais e sociais, precisamos de ajuda, apoio e representantes\u201d, comenta.<\/p>\n<p>foto: Divulga\u00e7\u00e3o<\/p>\n","protected":false},"excerpt":{"rendered":"<p>Rafael Ferraz \u00e9 jornalista, tetrapl\u00e9gico desde 2011 e ativista na defesa, divulga\u00e7\u00e3o, aplica\u00e7\u00e3o e conhecimento dos direitos e na causa da pessoa com defici\u00eancia O jornalista Rafael Ferraz lan\u00e7ou o Jornalista Inclusivo, um site com conte\u00fado voltado \u00e0 tem\u00e1tica \u201cpessoa com defici\u00eancia\u201d, mas para toda a sociedade, com temas como sa\u00fade, direitos, acessibilidade, emprego e [&hellip;]<\/p>\n","protected":false},"author":1,"featured_media":23413,"comment_status":"closed","ping_status":"closed","sticky":false,"template":"","format":"standard","meta":{"_acf_changed":false,"ngg_post_thumbnail":0,"_joinchat":[],"footnotes":""},"categories":[12],"tags":[527],"class_list":["post-23411","post","type-post","status-publish","format-standard","has-post-thumbnail","hentry","category-regionais","tag-regionais"],"acf":[],"yoast_head":"<!-- This site is optimized with the Yoast SEO plugin v27.4 - https:\/\/yoast.com\/product\/yoast-seo-wordpress\/ -->\n<title>Jornalista ituano lan\u00e7a site de \u2018Jornalismo Inclusivo\u2019 - Revista Regional<\/title>\n<meta name=\"robots\" content=\"index, follow, max-snippet:-1, max-image-preview:large, max-video-preview:-1\" \/>\n<link rel=\"canonical\" href=\"https:\/\/revistaregional.com.br\/site\/2020\/09\/16\/jornalista-ituano-lanca-site-de-jornalismo-inclusivo\/\" \/>\n<meta property=\"og:locale\" content=\"pt_BR\" \/>\n<meta property=\"og:type\" content=\"article\" \/>\n<meta property=\"og:title\" content=\"Jornalista ituano lan\u00e7a site de \u2018Jornalismo Inclusivo\u2019 - Revista Regional\" \/>\n<meta property=\"og:description\" content=\"Rafael Ferraz \u00e9 jornalista, tetrapl\u00e9gico desde 2011 e ativista na defesa, divulga\u00e7\u00e3o, aplica\u00e7\u00e3o e conhecimento dos direitos e na causa da pessoa com defici\u00eancia O jornalista Rafael Ferraz lan\u00e7ou o Jornalista Inclusivo, um site com conte\u00fado voltado \u00e0 tem\u00e1tica \u201cpessoa com defici\u00eancia\u201d, mas para toda a sociedade, com temas como sa\u00fade, direitos, acessibilidade, emprego e [&hellip;]\" \/>\n<meta property=\"og:url\" content=\"https:\/\/revistaregional.com.br\/site\/2020\/09\/16\/jornalista-ituano-lanca-site-de-jornalismo-inclusivo\/\" \/>\n<meta property=\"og:site_name\" content=\"Revista Regional\" \/>\n<meta property=\"article:published_time\" content=\"2020-09-16T14:54:56+00:00\" \/>\n<meta property=\"article:modified_time\" content=\"2024-01-26T13:13:20+00:00\" \/>\n<meta property=\"og:image\" content=\"https:\/\/revistaregional.com.br\/site\/wp-content\/uploads\/2020\/09\/jornalista-rafael.jpg\" \/>\n\t<meta property=\"og:image:width\" content=\"636\" \/>\n\t<meta property=\"og:image:height\" content=\"636\" \/>\n\t<meta property=\"og:image:type\" content=\"image\/jpeg\" \/>\n<meta name=\"author\" content=\"contato@revistaregional.com.br\" \/>\n<meta name=\"twitter:card\" content=\"summary_large_image\" \/>\n<meta name=\"twitter:label1\" content=\"Escrito por\" \/>\n\t<meta name=\"twitter:data1\" content=\"contato@revistaregional.com.br\" \/>\n\t<meta name=\"twitter:label2\" content=\"Est. tempo de leitura\" \/>\n\t<meta name=\"twitter:data2\" content=\"3 minutos\" \/>\n<script type=\"application\/ld+json\" class=\"yoast-schema-graph\">{\"@context\":\"https:\\\/\\\/schema.org\",\"@graph\":[{\"@type\":\"Article\",\"@id\":\"https:\\\/\\\/revistaregional.com.br\\\/site\\\/2020\\\/09\\\/16\\\/jornalista-ituano-lanca-site-de-jornalismo-inclusivo\\\/#article\",\"isPartOf\":{\"@id\":\"https:\\\/\\\/revistaregional.com.br\\\/site\\\/2020\\\/09\\\/16\\\/jornalista-ituano-lanca-site-de-jornalismo-inclusivo\\\/\"},\"author\":{\"name\":\"contato@revistaregional.com.br\",\"@id\":\"https:\\\/\\\/revistaregional.com.br\\\/site\\\/#\\\/schema\\\/person\\\/382af97c580dc1b18f55107bc316010d\"},\"headline\":\"Jornalista ituano lan\u00e7a site de \u2018Jornalismo Inclusivo\u2019\",\"datePublished\":\"2020-09-16T14:54:56+00:00\",\"dateModified\":\"2024-01-26T13:13:20+00:00\",\"mainEntityOfPage\":{\"@id\":\"https:\\\/\\\/revistaregional.com.br\\\/site\\\/2020\\\/09\\\/16\\\/jornalista-ituano-lanca-site-de-jornalismo-inclusivo\\\/\"},\"wordCount\":639,\"image\":{\"@id\":\"https:\\\/\\\/revistaregional.com.br\\\/site\\\/2020\\\/09\\\/16\\\/jornalista-ituano-lanca-site-de-jornalismo-inclusivo\\\/#primaryimage\"},\"thumbnailUrl\":\"https:\\\/\\\/revistaregional.com.br\\\/site\\\/wp-content\\\/uploads\\\/2020\\\/09\\\/jornalista-rafael.jpg\",\"keywords\":[\"Regionais\"],\"articleSection\":[\"Regionais\"],\"inLanguage\":\"pt-BR\"},{\"@type\":\"WebPage\",\"@id\":\"https:\\\/\\\/revistaregional.com.br\\\/site\\\/2020\\\/09\\\/16\\\/jornalista-ituano-lanca-site-de-jornalismo-inclusivo\\\/\",\"url\":\"https:\\\/\\\/revistaregional.com.br\\\/site\\\/2020\\\/09\\\/16\\\/jornalista-ituano-lanca-site-de-jornalismo-inclusivo\\\/\",\"name\":\"Jornalista ituano lan\u00e7a site de \u2018Jornalismo Inclusivo\u2019 - Revista Regional\",\"isPartOf\":{\"@id\":\"https:\\\/\\\/revistaregional.com.br\\\/site\\\/#website\"},\"primaryImageOfPage\":{\"@id\":\"https:\\\/\\\/revistaregional.com.br\\\/site\\\/2020\\\/09\\\/16\\\/jornalista-ituano-lanca-site-de-jornalismo-inclusivo\\\/#primaryimage\"},\"image\":{\"@id\":\"https:\\\/\\\/revistaregional.com.br\\\/site\\\/2020\\\/09\\\/16\\\/jornalista-ituano-lanca-site-de-jornalismo-inclusivo\\\/#primaryimage\"},\"thumbnailUrl\":\"https:\\\/\\\/revistaregional.com.br\\\/site\\\/wp-content\\\/uploads\\\/2020\\\/09\\\/jornalista-rafael.jpg\",\"datePublished\":\"2020-09-16T14:54:56+00:00\",\"dateModified\":\"2024-01-26T13:13:20+00:00\",\"author\":{\"@id\":\"https:\\\/\\\/revistaregional.com.br\\\/site\\\/#\\\/schema\\\/person\\\/382af97c580dc1b18f55107bc316010d\"},\"breadcrumb\":{\"@id\":\"https:\\\/\\\/revistaregional.com.br\\\/site\\\/2020\\\/09\\\/16\\\/jornalista-ituano-lanca-site-de-jornalismo-inclusivo\\\/#breadcrumb\"},\"inLanguage\":\"pt-BR\",\"potentialAction\":[{\"@type\":\"ReadAction\",\"target\":[\"https:\\\/\\\/revistaregional.com.br\\\/site\\\/2020\\\/09\\\/16\\\/jornalista-ituano-lanca-site-de-jornalismo-inclusivo\\\/\"]}]},{\"@type\":\"ImageObject\",\"inLanguage\":\"pt-BR\",\"@id\":\"https:\\\/\\\/revistaregional.com.br\\\/site\\\/2020\\\/09\\\/16\\\/jornalista-ituano-lanca-site-de-jornalismo-inclusivo\\\/#primaryimage\",\"url\":\"https:\\\/\\\/revistaregional.com.br\\\/site\\\/wp-content\\\/uploads\\\/2020\\\/09\\\/jornalista-rafael.jpg\",\"contentUrl\":\"https:\\\/\\\/revistaregional.com.br\\\/site\\\/wp-content\\\/uploads\\\/2020\\\/09\\\/jornalista-rafael.jpg\",\"width\":636,\"height\":636},{\"@type\":\"BreadcrumbList\",\"@id\":\"https:\\\/\\\/revistaregional.com.br\\\/site\\\/2020\\\/09\\\/16\\\/jornalista-ituano-lanca-site-de-jornalismo-inclusivo\\\/#breadcrumb\",\"itemListElement\":[{\"@type\":\"ListItem\",\"position\":1,\"name\":\"In\u00edcio\",\"item\":\"https:\\\/\\\/revistaregional.com.br\\\/site\\\/\"},{\"@type\":\"ListItem\",\"position\":2,\"name\":\"Jornalista ituano lan\u00e7a site de \u2018Jornalismo Inclusivo\u2019\"}]},{\"@type\":\"WebSite\",\"@id\":\"https:\\\/\\\/revistaregional.com.br\\\/site\\\/#website\",\"url\":\"https:\\\/\\\/revistaregional.com.br\\\/site\\\/\",\"name\":\"Revista Regional\",\"description\":\"Salto - Itu - Indaituba\",\"potentialAction\":[{\"@type\":\"SearchAction\",\"target\":{\"@type\":\"EntryPoint\",\"urlTemplate\":\"https:\\\/\\\/revistaregional.com.br\\\/site\\\/?s={search_term_string}\"},\"query-input\":{\"@type\":\"PropertyValueSpecification\",\"valueRequired\":true,\"valueName\":\"search_term_string\"}}],\"inLanguage\":\"pt-BR\"},{\"@type\":\"Person\",\"@id\":\"https:\\\/\\\/revistaregional.com.br\\\/site\\\/#\\\/schema\\\/person\\\/382af97c580dc1b18f55107bc316010d\",\"name\":\"contato@revistaregional.com.br\",\"image\":{\"@type\":\"ImageObject\",\"inLanguage\":\"pt-BR\",\"@id\":\"https:\\\/\\\/secure.gravatar.com\\\/avatar\\\/869822917e96b2e292d5827e4635855396934485e7c4a0af84e9a214e32ca0cd?s=96&d=mm&r=g\",\"url\":\"https:\\\/\\\/secure.gravatar.com\\\/avatar\\\/869822917e96b2e292d5827e4635855396934485e7c4a0af84e9a214e32ca0cd?s=96&d=mm&r=g\",\"contentUrl\":\"https:\\\/\\\/secure.gravatar.com\\\/avatar\\\/869822917e96b2e292d5827e4635855396934485e7c4a0af84e9a214e32ca0cd?s=96&d=mm&r=g\",\"caption\":\"contato@revistaregional.com.br\"},\"url\":\"https:\\\/\\\/revistaregional.com.br\\\/site\\\/author\\\/contato@revistaregional.com.br\\\/\"}]}<\/script>\n<!-- \/ Yoast SEO plugin. -->","yoast_head_json":{"title":"Jornalista ituano lan\u00e7a site de \u2018Jornalismo Inclusivo\u2019 - Revista Regional","robots":{"index":"index","follow":"follow","max-snippet":"max-snippet:-1","max-image-preview":"max-image-preview:large","max-video-preview":"max-video-preview:-1"},"canonical":"https:\/\/revistaregional.com.br\/site\/2020\/09\/16\/jornalista-ituano-lanca-site-de-jornalismo-inclusivo\/","og_locale":"pt_BR","og_type":"article","og_title":"Jornalista ituano lan\u00e7a site de \u2018Jornalismo Inclusivo\u2019 - Revista Regional","og_description":"Rafael Ferraz \u00e9 jornalista, tetrapl\u00e9gico desde 2011 e ativista na defesa, divulga\u00e7\u00e3o, aplica\u00e7\u00e3o e conhecimento dos direitos e na causa da pessoa com defici\u00eancia O jornalista Rafael Ferraz lan\u00e7ou o Jornalista Inclusivo, um site com conte\u00fado voltado \u00e0 tem\u00e1tica \u201cpessoa com defici\u00eancia\u201d, mas para toda a sociedade, com temas como sa\u00fade, direitos, acessibilidade, emprego e [&hellip;]","og_url":"https:\/\/revistaregional.com.br\/site\/2020\/09\/16\/jornalista-ituano-lanca-site-de-jornalismo-inclusivo\/","og_site_name":"Revista Regional","article_published_time":"2020-09-16T14:54:56+00:00","article_modified_time":"2024-01-26T13:13:20+00:00","og_image":[{"width":636,"height":636,"url":"https:\/\/revistaregional.com.br\/site\/wp-content\/uploads\/2020\/09\/jornalista-rafael.jpg","type":"image\/jpeg"}],"author":"contato@revistaregional.com.br","twitter_card":"summary_large_image","twitter_misc":{"Escrito por":"contato@revistaregional.com.br","Est. tempo de leitura":"3 minutos"},"schema":{"@context":"https:\/\/schema.org","@graph":[{"@type":"Article","@id":"https:\/\/revistaregional.com.br\/site\/2020\/09\/16\/jornalista-ituano-lanca-site-de-jornalismo-inclusivo\/#article","isPartOf":{"@id":"https:\/\/revistaregional.com.br\/site\/2020\/09\/16\/jornalista-ituano-lanca-site-de-jornalismo-inclusivo\/"},"author":{"name":"contato@revistaregional.com.br","@id":"https:\/\/revistaregional.com.br\/site\/#\/schema\/person\/382af97c580dc1b18f55107bc316010d"},"headline":"Jornalista ituano lan\u00e7a site de \u2018Jornalismo Inclusivo\u2019","datePublished":"2020-09-16T14:54:56+00:00","dateModified":"2024-01-26T13:13:20+00:00","mainEntityOfPage":{"@id":"https:\/\/revistaregional.com.br\/site\/2020\/09\/16\/jornalista-ituano-lanca-site-de-jornalismo-inclusivo\/"},"wordCount":639,"image":{"@id":"https:\/\/revistaregional.com.br\/site\/2020\/09\/16\/jornalista-ituano-lanca-site-de-jornalismo-inclusivo\/#primaryimage"},"thumbnailUrl":"https:\/\/revistaregional.com.br\/site\/wp-content\/uploads\/2020\/09\/jornalista-rafael.jpg","keywords":["Regionais"],"articleSection":["Regionais"],"inLanguage":"pt-BR"},{"@type":"WebPage","@id":"https:\/\/revistaregional.com.br\/site\/2020\/09\/16\/jornalista-ituano-lanca-site-de-jornalismo-inclusivo\/","url":"https:\/\/revistaregional.com.br\/site\/2020\/09\/16\/jornalista-ituano-lanca-site-de-jornalismo-inclusivo\/","name":"Jornalista ituano lan\u00e7a site de \u2018Jornalismo Inclusivo\u2019 - Revista Regional","isPartOf":{"@id":"https:\/\/revistaregional.com.br\/site\/#website"},"primaryImageOfPage":{"@id":"https:\/\/revistaregional.com.br\/site\/2020\/09\/16\/jornalista-ituano-lanca-site-de-jornalismo-inclusivo\/#primaryimage"},"image":{"@id":"https:\/\/revistaregional.com.br\/site\/2020\/09\/16\/jornalista-ituano-lanca-site-de-jornalismo-inclusivo\/#primaryimage"},"thumbnailUrl":"https:\/\/revistaregional.com.br\/site\/wp-content\/uploads\/2020\/09\/jornalista-rafael.jpg","datePublished":"2020-09-16T14:54:56+00:00","dateModified":"2024-01-26T13:13:20+00:00","author":{"@id":"https:\/\/revistaregional.com.br\/site\/#\/schema\/person\/382af97c580dc1b18f55107bc316010d"},"breadcrumb":{"@id":"https:\/\/revistaregional.com.br\/site\/2020\/09\/16\/jornalista-ituano-lanca-site-de-jornalismo-inclusivo\/#breadcrumb"},"inLanguage":"pt-BR","potentialAction":[{"@type":"ReadAction","target":["https:\/\/revistaregional.com.br\/site\/2020\/09\/16\/jornalista-ituano-lanca-site-de-jornalismo-inclusivo\/"]}]},{"@type":"ImageObject","inLanguage":"pt-BR","@id":"https:\/\/revistaregional.com.br\/site\/2020\/09\/16\/jornalista-ituano-lanca-site-de-jornalismo-inclusivo\/#primaryimage","url":"https:\/\/revistaregional.com.br\/site\/wp-content\/uploads\/2020\/09\/jornalista-rafael.jpg","contentUrl":"https:\/\/revistaregional.com.br\/site\/wp-content\/uploads\/2020\/09\/jornalista-rafael.jpg","width":636,"height":636},{"@type":"BreadcrumbList","@id":"https:\/\/revistaregional.com.br\/site\/2020\/09\/16\/jornalista-ituano-lanca-site-de-jornalismo-inclusivo\/#breadcrumb","itemListElement":[{"@type":"ListItem","position":1,"name":"In\u00edcio","item":"https:\/\/revistaregional.com.br\/site\/"},{"@type":"ListItem","position":2,"name":"Jornalista ituano lan\u00e7a site de \u2018Jornalismo Inclusivo\u2019"}]},{"@type":"WebSite","@id":"https:\/\/revistaregional.com.br\/site\/#website","url":"https:\/\/revistaregional.com.br\/site\/","name":"Revista Regional","description":"Salto - Itu - Indaituba","potentialAction":[{"@type":"SearchAction","target":{"@type":"EntryPoint","urlTemplate":"https:\/\/revistaregional.com.br\/site\/?s={search_term_string}"},"query-input":{"@type":"PropertyValueSpecification","valueRequired":true,"valueName":"search_term_string"}}],"inLanguage":"pt-BR"},{"@type":"Person","@id":"https:\/\/revistaregional.com.br\/site\/#\/schema\/person\/382af97c580dc1b18f55107bc316010d","name":"contato@revistaregional.com.br","image":{"@type":"ImageObject","inLanguage":"pt-BR","@id":"https:\/\/secure.gravatar.com\/avatar\/869822917e96b2e292d5827e4635855396934485e7c4a0af84e9a214e32ca0cd?s=96&d=mm&r=g","url":"https:\/\/secure.gravatar.com\/avatar\/869822917e96b2e292d5827e4635855396934485e7c4a0af84e9a214e32ca0cd?s=96&d=mm&r=g","contentUrl":"https:\/\/secure.gravatar.com\/avatar\/869822917e96b2e292d5827e4635855396934485e7c4a0af84e9a214e32ca0cd?s=96&d=mm&r=g","caption":"contato@revistaregional.com.br"},"url":"https:\/\/revistaregional.com.br\/site\/author\/contato@revistaregional.com.br\/"}]}},"views":195,"_links":{"self":[{"href":"https:\/\/revistaregional.com.br\/site\/wp-json\/wp\/v2\/posts\/23411","targetHints":{"allow":["GET"]}}],"collection":[{"href":"https:\/\/revistaregional.com.br\/site\/wp-json\/wp\/v2\/posts"}],"about":[{"href":"https:\/\/revistaregional.com.br\/site\/wp-json\/wp\/v2\/types\/post"}],"author":[{"embeddable":true,"href":"https:\/\/revistaregional.com.br\/site\/wp-json\/wp\/v2\/users\/1"}],"replies":[{"embeddable":true,"href":"https:\/\/revistaregional.com.br\/site\/wp-json\/wp\/v2\/comments?post=23411"}],"version-history":[{"count":1,"href":"https:\/\/revistaregional.com.br\/site\/wp-json\/wp\/v2\/posts\/23411\/revisions"}],"predecessor-version":[{"id":23414,"href":"https:\/\/revistaregional.com.br\/site\/wp-json\/wp\/v2\/posts\/23411\/revisions\/23414"}],"wp:featuredmedia":[{"embeddable":true,"href":"https:\/\/revistaregional.com.br\/site\/wp-json\/wp\/v2\/media\/23413"}],"wp:attachment":[{"href":"https:\/\/revistaregional.com.br\/site\/wp-json\/wp\/v2\/media?parent=23411"}],"wp:term":[{"taxonomy":"category","embeddable":true,"href":"https:\/\/revistaregional.com.br\/site\/wp-json\/wp\/v2\/categories?post=23411"},{"taxonomy":"post_tag","embeddable":true,"href":"https:\/\/revistaregional.com.br\/site\/wp-json\/wp\/v2\/tags?post=23411"}],"curies":[{"name":"wp","href":"https:\/\/api.w.org\/{rel}","templated":true}]}}