{"id":23302,"date":"2020-09-04T17:33:01","date_gmt":"2020-09-04T20:33:01","guid":{"rendered":"https:\/\/revistaregional.com.br\/site\/?p=23302"},"modified":"2024-01-26T10:13:25","modified_gmt":"2024-01-26T13:13:25","slug":"regiao-permanece-na-fase-amarela-governo-alerta-para-riscos-de-contaminacao-no-feriado","status":"publish","type":"post","link":"https:\/\/revistaregional.com.br\/site\/2020\/09\/04\/regiao-permanece-na-fase-amarela-governo-alerta-para-riscos-de-contaminacao-no-feriado\/","title":{"rendered":"Regi\u00e3o permanece na fase amarela; Governo alerta para riscos de contamina\u00e7\u00e3o no feriado"},"content":{"rendered":"<ul>\n<li><strong><em>Pela primeira vez desde o in\u00edcio da quarentena, 95% da popula\u00e7\u00e3o do Estado est\u00e3o na fase amarela, que permite maior retomada da economia; <\/em><\/strong><\/li>\n<li><strong><em>Governo p\u00f5e 20 mil policiais para patrulhamento de cidades tur\u00edsticas e rodovias por conta do feriad\u00e3o; <\/em><\/strong><\/li>\n<li><strong><em>Nas \u00faltimas 24h, regi\u00e3o n\u00e3o teve mortes e confirmou 121 novos infectados<\/em><\/strong><\/li>\n<\/ul>\n<p>O governador Jo\u00e3o Doria anunciou nesta sexta-feira, 04, a 12\u00aa atualiza\u00e7\u00e3o do mapa do Plano S\u00e3o Paulo, com destaque para o avan\u00e7o de cinco regi\u00f5es do Estado da fase laranja para a fase amarela. J\u00e1 as cidades de Itu, Salto e Indaiatuba, \u00e1rea de cobertura da Revista Regional, permanecem na fase amarela.<\/p>\n<figure id=\"attachment_23303\" aria-describedby=\"caption-attachment-23303\" style=\"width: 543px\" class=\"wp-caption alignright\"><img fetchpriority=\"high\" decoding=\"async\" class=\" wp-image-23303\" src=\"https:\/\/revistaregional.com.br\/site\/wp-content\/uploads\/2020\/09\/app-4-set.jpg\" alt=\"\" width=\"543\" height=\"285\" data-id=\"23303\" srcset=\"https:\/\/revistaregional.com.br\/site\/wp-content\/uploads\/2020\/09\/app-4-set.jpg 984w, https:\/\/revistaregional.com.br\/site\/wp-content\/uploads\/2020\/09\/app-4-set-300x157.jpg 300w, https:\/\/revistaregional.com.br\/site\/wp-content\/uploads\/2020\/09\/app-4-set-150x79.jpg 150w\" sizes=\"(max-width: 543px) 100vw, 543px\" \/><figcaption id=\"caption-attachment-23303\" class=\"wp-caption-text\">95% do Estado na fase amarela do Plano SP<\/figcaption><\/figure>\n<p>Em todo o Estado, pela quarta semana consecutiva, foi registrado 13,5% de redu\u00e7\u00e3o nos \u00f3bitos em rela\u00e7\u00e3o \u00e0 semana epidemiol\u00f3gica anterior. Pela quinta semana seguida, houve tamb\u00e9m queda de 6,5% no n\u00famero de interna\u00e7\u00f5es se comparado \u00e0 semana anterior, regredindo para os \u00edndices registrados em maio.<\/p>\n<p>\u201cEssa tend\u00eancia de regress\u00e3o da pandemia vem se mostrando consistente, mas n\u00e3o significa que temos que baixar a guarda. Lembrar que estamos em&nbsp; quarentena e precisamos ter cautela e cuidado\u201d, alertou o governador. A m\u00e9dia de ocupa\u00e7\u00e3o de leitos de UTI&nbsp; atingiu o menor \u00edndice desde o in\u00edcio do Plano S\u00e3o Paulo e est\u00e1 atualmente abaixo de 55%.<\/p>\n<p>A maioria das regi\u00f5es do Estado, com exce\u00e7\u00e3o de Ribeir\u00e3o Preto e Franca, segue agora na fase amarela, quando \u00e9 permitido o funcionamento, com restri\u00e7\u00f5es, do com\u00e9rcio de rua, shoppings centers, escrit\u00f3rios, bares e restaurantes, academias, sal\u00f5es de beleza e barbearias.<\/p>\n<p>\u00c0s v\u00e9speras do feriado da Independ\u00eancia, o governador informou tamb\u00e9m sobre a prorroga\u00e7\u00e3o da quarentena em todo o Estado at\u00e9 19 de setembro. \u201cNeste feriado, redobre os cuidados com voc\u00ea e com sua fam\u00edlia. Oriente aqueles que relutam em usar m\u00e1scara, sobre o distanciamento social e n\u00e3o fa\u00e7a aglomera\u00e7\u00f5es\u201d, destacou Doria.<\/p>\n<p>Durante a coletiva de imprensa, o governador anunciou ainda a mobiliza\u00e7\u00e3o de 20 mil policiais para a Opera\u00e7\u00e3o Independ\u00eancia. Ao longo de todo o feriado prolongado, a\u00e7\u00f5es integradas entre as for\u00e7as de seguran\u00e7a e a Secretaria de Log\u00edstica e Transportes v\u00e3o garantir apoio a munic\u00edpios do litoral e interior na fiscaliza\u00e7\u00e3o de medidas sanit\u00e1rias contra o coronav\u00edrus e patrulhamento de rodovias.<\/p>\n<p>\u201cPe\u00e7o que todos tenham cuidado e zelo ao sa\u00edrem de suas casas. Cada munic\u00edpio tem o direito de estabelecer os seus limites para parques, pra\u00e7as, praias e cal\u00e7ad\u00f5es. O governo de S\u00e3o Paulo apoiar\u00e1 aqueles que solicitaram formalmente o apoio da PM no sentido de proteger a vida de seus cidad\u00e3os\u201d, declarou Doria. \u201cPor favor, tenham cuidado. Aglomera\u00e7\u00f5es colocam em risco a sua vida e as de outras pessoas. Usem m\u00e1scara, sigam o exemplo correto e fa\u00e7am o distanciamento social de um metro e meio\u201d, acrescentou.<\/p>\n<p>A Opera\u00e7\u00e3o Independ\u00eancia teve in\u00edcio na madrugada desta sexta e se estende at\u00e9 o final da noite de segunda, 07. Al\u00e9m da atua\u00e7\u00e3o dos 20 mil policiais, as a\u00e7\u00f5es do Estado durante o feriado prolongado v\u00e3o envolver o uso di\u00e1rio de 7,2 mil viaturas, 880 motocicletas, 35 montarias, 11 helic\u00f3pteros \u00c1guia da PM e oito drones para monitoramento de pontos estrat\u00e9gicos nas rodovias e tamb\u00e9m nas \u00e1reas urbanas.<\/p>\n<p>A fiscaliza\u00e7\u00e3o de tr\u00e1fego vai se concentrar em testes de baf\u00f4metro e verifica\u00e7\u00e3o do uso obrigat\u00f3rio de cinto de seguran\u00e7a, assentos infantis e capacetes. Por dia, a previs\u00e3o \u00e9 de 160 pontos de fiscaliza\u00e7\u00e3o nas estradas e 1,5 mil em \u00e1reas urbanas.<\/p>\n<p>No litoral, a PM far\u00e1 patrulhamento ostensivo em \u00e1reas de orla ou que concentram quiosques, bares e restaurantes. Haver\u00e1 uso de megafones para divulga\u00e7\u00e3o de mensagens de conscientiza\u00e7\u00e3o e preven\u00e7\u00e3o ao coronav\u00edrus e tamb\u00e9m apoio a equipes locais de Vigil\u00e2ncia Sanit\u00e1ria e Guarda Civil.<\/p>\n<p>Por parte da Secretaria de Log\u00edstica e Transportes, Artesp e concession\u00e1rias, as a\u00e7\u00f5es envolvem mensagens informativas via redes sociais e pain\u00e9is rodovi\u00e1rios; fiscaliza\u00e7\u00e3o, socorro mec\u00e2nico, guincho e ambul\u00e2ncia; e monitoramento 24 horas nos CCOs (Centros de Controle Operacional). Nas pra\u00e7as de ped\u00e1gio, haver\u00e1 oferta de \u00e1lcool em gel nas cabines, al\u00e9m da distribui\u00e7\u00e3o de 40 mil m\u00e1scaras nos sistemas Anchieta-Imigrantes e Ayrton Senna-Carvalho Pinto.<\/p>\n<p><strong>N\u00daMEROS DA REGI\u00c3O<\/strong><\/p>\n<p>Ap\u00f3s revis\u00e3o de casos, o Departamento de Vigil\u00e2ncia Epidemiol\u00f3gica acrescentou mais 2 \u00f3bitos por covid \u00e0 estat\u00edstica da pandemia em Indaiatuba. As mortes aconteceram no Haoc (Hospital Augusto de Oliveira Camargo) em julho: uma mulher de 74 anos, em 21 de julho; e um paciente, de 59, no dia 25 do mesmo m\u00eas.<\/p>\n<p>Nesta sexta-feira, 04 de setembro, Indaiatuba confirmou mais 69 novos casos positivos da doen\u00e7a e o total chega a 6.145 pessoas infectadas, desde o come\u00e7o da pandemia. Destes, 173 morreram, 5.940 s\u00e3o considerados curados ou est\u00e3o em recupera\u00e7\u00e3o domiciliar e 32 confirmados continuam internados, dois a menos que o dia anterior.<\/p>\n<p>Ainda h\u00e1 outros 322 casos suspeitos aguardando resultados. Atualmente, h\u00e1 40 pessoas internadas em leito cl\u00ednico e 24 em UTI (Unidade de Terapia Intensiva). A taxa de ocupa\u00e7\u00e3o das UTIs est\u00e1 em 83% no Haoc e 33% no Hospital Santa Ign\u00eas.<\/p>\n<p>Em Itu, foram registrados 26 novos infectados nas \u00faltimas 24 horas, totalizando agora 2.523 casos confirmados desde o in\u00edcio do surto, sendo que 82 pessoas morreram e 2.259 se recuperaram. A cidade tem ainda 86 suspeitos \u00e0 espera de resultados de testes. H\u00e1 11 pacientes internados em leito cl\u00ednico para covid e 8 em UTI.<\/p>\n<p>A taxa de ocupa\u00e7\u00e3o das UTIs est\u00e1 em 87,5% no Hospital Municipal e em 16,66% no Hospital de Campanha.<\/p>\n<p>Salto tamb\u00e9m confirmou mais 26 novos casos nesta sexta-feira. A cidade registrou desde o come\u00e7o da epidemia 2.057 contaminados, sendo que 52 morreram, 1.945 evolu\u00edram para cura, 10 seguem internados (sendo 2 em UTI) e 50 est\u00e3o em isolamento domiciliar.<\/p>\n<p>A cidade tem 66 casos suspeitos que esperam resultados de exames. Destes, 34 est\u00e3o em isolamento domiciliar, 4 em interna\u00e7\u00e3o cl\u00ednica e tamb\u00e9m h\u00e1 2 \u00f3bitos suspeitos da doen\u00e7a. A taxa de ocupa\u00e7\u00e3o da UTI do Hospital Municipal est\u00e1 em 50%.<\/p>\n<p>&nbsp;<\/p>\n<p>foto: Divulga\u00e7\u00e3o<\/p>\n<p>&nbsp;<\/p>\n","protected":false},"excerpt":{"rendered":"<p>Pela primeira vez desde o in\u00edcio da quarentena, 95% da popula\u00e7\u00e3o do Estado est\u00e3o na fase amarela, que permite maior retomada da economia; Governo p\u00f5e 20 mil policiais para patrulhamento de cidades tur\u00edsticas e rodovias por conta do feriad\u00e3o; Nas \u00faltimas 24h, regi\u00e3o n\u00e3o teve mortes e confirmou 121 novos infectados O governador Jo\u00e3o Doria [&hellip;]<\/p>\n","protected":false},"author":1,"featured_media":23303,"comment_status":"closed","ping_status":"closed","sticky":false,"template":"","format":"standard","meta":{"_acf_changed":false,"ngg_post_thumbnail":0,"_joinchat":[],"footnotes":""},"categories":[449,12],"tags":[527],"class_list":["post-23302","post","type-post","status-publish","format-standard","has-post-thumbnail","hentry","category-destaque-lateral","category-regionais","tag-regionais"],"acf":[],"yoast_head":"<!-- This site is optimized with the Yoast SEO plugin v27.4 - https:\/\/yoast.com\/product\/yoast-seo-wordpress\/ -->\n<title>Regi\u00e3o permanece na fase amarela; Governo alerta para riscos de contamina\u00e7\u00e3o no feriado - Revista Regional<\/title>\n<meta name=\"robots\" content=\"index, follow, max-snippet:-1, max-image-preview:large, max-video-preview:-1\" \/>\n<link rel=\"canonical\" href=\"https:\/\/revistaregional.com.br\/site\/2020\/09\/04\/regiao-permanece-na-fase-amarela-governo-alerta-para-riscos-de-contaminacao-no-feriado\/\" \/>\n<meta property=\"og:locale\" content=\"pt_BR\" \/>\n<meta property=\"og:type\" content=\"article\" \/>\n<meta property=\"og:title\" content=\"Regi\u00e3o permanece na fase amarela; Governo alerta para riscos de contamina\u00e7\u00e3o no feriado - Revista Regional\" \/>\n<meta property=\"og:description\" content=\"Pela primeira vez desde o in\u00edcio da quarentena, 95% da popula\u00e7\u00e3o do Estado est\u00e3o na fase amarela, que permite maior retomada da economia; Governo p\u00f5e 20 mil policiais para patrulhamento de cidades tur\u00edsticas e rodovias por conta do feriad\u00e3o; Nas \u00faltimas 24h, regi\u00e3o n\u00e3o teve mortes e confirmou 121 novos infectados O governador Jo\u00e3o Doria [&hellip;]\" \/>\n<meta property=\"og:url\" content=\"https:\/\/revistaregional.com.br\/site\/2020\/09\/04\/regiao-permanece-na-fase-amarela-governo-alerta-para-riscos-de-contaminacao-no-feriado\/\" \/>\n<meta property=\"og:site_name\" content=\"Revista Regional\" \/>\n<meta property=\"article:published_time\" content=\"2020-09-04T20:33:01+00:00\" \/>\n<meta property=\"article:modified_time\" content=\"2024-01-26T13:13:25+00:00\" \/>\n<meta property=\"og:image\" content=\"https:\/\/revistaregional.com.br\/site\/wp-content\/uploads\/2020\/09\/app-4-set.jpg\" \/>\n\t<meta property=\"og:image:width\" content=\"984\" \/>\n\t<meta property=\"og:image:height\" content=\"516\" \/>\n\t<meta property=\"og:image:type\" content=\"image\/jpeg\" \/>\n<meta name=\"author\" content=\"contato@revistaregional.com.br\" \/>\n<meta name=\"twitter:card\" content=\"summary_large_image\" \/>\n<meta name=\"twitter:label1\" content=\"Escrito por\" \/>\n\t<meta name=\"twitter:data1\" content=\"contato@revistaregional.com.br\" \/>\n\t<meta name=\"twitter:label2\" content=\"Est. tempo de leitura\" \/>\n\t<meta name=\"twitter:data2\" content=\"5 minutos\" \/>\n<script type=\"application\/ld+json\" class=\"yoast-schema-graph\">{\"@context\":\"https:\\\/\\\/schema.org\",\"@graph\":[{\"@type\":\"Article\",\"@id\":\"https:\\\/\\\/revistaregional.com.br\\\/site\\\/2020\\\/09\\\/04\\\/regiao-permanece-na-fase-amarela-governo-alerta-para-riscos-de-contaminacao-no-feriado\\\/#article\",\"isPartOf\":{\"@id\":\"https:\\\/\\\/revistaregional.com.br\\\/site\\\/2020\\\/09\\\/04\\\/regiao-permanece-na-fase-amarela-governo-alerta-para-riscos-de-contaminacao-no-feriado\\\/\"},\"author\":{\"name\":\"contato@revistaregional.com.br\",\"@id\":\"https:\\\/\\\/revistaregional.com.br\\\/site\\\/#\\\/schema\\\/person\\\/382af97c580dc1b18f55107bc316010d\"},\"headline\":\"Regi\u00e3o permanece na fase amarela; Governo alerta para riscos de contamina\u00e7\u00e3o no feriado\",\"datePublished\":\"2020-09-04T20:33:01+00:00\",\"dateModified\":\"2024-01-26T13:13:25+00:00\",\"mainEntityOfPage\":{\"@id\":\"https:\\\/\\\/revistaregional.com.br\\\/site\\\/2020\\\/09\\\/04\\\/regiao-permanece-na-fase-amarela-governo-alerta-para-riscos-de-contaminacao-no-feriado\\\/\"},\"wordCount\":1073,\"image\":{\"@id\":\"https:\\\/\\\/revistaregional.com.br\\\/site\\\/2020\\\/09\\\/04\\\/regiao-permanece-na-fase-amarela-governo-alerta-para-riscos-de-contaminacao-no-feriado\\\/#primaryimage\"},\"thumbnailUrl\":\"https:\\\/\\\/revistaregional.com.br\\\/site\\\/wp-content\\\/uploads\\\/2020\\\/09\\\/app-4-set.jpg\",\"keywords\":[\"Regionais\"],\"articleSection\":[\"Destaque Lateral\",\"Regionais\"],\"inLanguage\":\"pt-BR\"},{\"@type\":\"WebPage\",\"@id\":\"https:\\\/\\\/revistaregional.com.br\\\/site\\\/2020\\\/09\\\/04\\\/regiao-permanece-na-fase-amarela-governo-alerta-para-riscos-de-contaminacao-no-feriado\\\/\",\"url\":\"https:\\\/\\\/revistaregional.com.br\\\/site\\\/2020\\\/09\\\/04\\\/regiao-permanece-na-fase-amarela-governo-alerta-para-riscos-de-contaminacao-no-feriado\\\/\",\"name\":\"Regi\u00e3o permanece na fase amarela; Governo alerta para riscos de contamina\u00e7\u00e3o no feriado - Revista Regional\",\"isPartOf\":{\"@id\":\"https:\\\/\\\/revistaregional.com.br\\\/site\\\/#website\"},\"primaryImageOfPage\":{\"@id\":\"https:\\\/\\\/revistaregional.com.br\\\/site\\\/2020\\\/09\\\/04\\\/regiao-permanece-na-fase-amarela-governo-alerta-para-riscos-de-contaminacao-no-feriado\\\/#primaryimage\"},\"image\":{\"@id\":\"https:\\\/\\\/revistaregional.com.br\\\/site\\\/2020\\\/09\\\/04\\\/regiao-permanece-na-fase-amarela-governo-alerta-para-riscos-de-contaminacao-no-feriado\\\/#primaryimage\"},\"thumbnailUrl\":\"https:\\\/\\\/revistaregional.com.br\\\/site\\\/wp-content\\\/uploads\\\/2020\\\/09\\\/app-4-set.jpg\",\"datePublished\":\"2020-09-04T20:33:01+00:00\",\"dateModified\":\"2024-01-26T13:13:25+00:00\",\"author\":{\"@id\":\"https:\\\/\\\/revistaregional.com.br\\\/site\\\/#\\\/schema\\\/person\\\/382af97c580dc1b18f55107bc316010d\"},\"breadcrumb\":{\"@id\":\"https:\\\/\\\/revistaregional.com.br\\\/site\\\/2020\\\/09\\\/04\\\/regiao-permanece-na-fase-amarela-governo-alerta-para-riscos-de-contaminacao-no-feriado\\\/#breadcrumb\"},\"inLanguage\":\"pt-BR\",\"potentialAction\":[{\"@type\":\"ReadAction\",\"target\":[\"https:\\\/\\\/revistaregional.com.br\\\/site\\\/2020\\\/09\\\/04\\\/regiao-permanece-na-fase-amarela-governo-alerta-para-riscos-de-contaminacao-no-feriado\\\/\"]}]},{\"@type\":\"ImageObject\",\"inLanguage\":\"pt-BR\",\"@id\":\"https:\\\/\\\/revistaregional.com.br\\\/site\\\/2020\\\/09\\\/04\\\/regiao-permanece-na-fase-amarela-governo-alerta-para-riscos-de-contaminacao-no-feriado\\\/#primaryimage\",\"url\":\"https:\\\/\\\/revistaregional.com.br\\\/site\\\/wp-content\\\/uploads\\\/2020\\\/09\\\/app-4-set.jpg\",\"contentUrl\":\"https:\\\/\\\/revistaregional.com.br\\\/site\\\/wp-content\\\/uploads\\\/2020\\\/09\\\/app-4-set.jpg\",\"width\":984,\"height\":516,\"caption\":\"95% do Estado na fase amarela do Plano SP\"},{\"@type\":\"BreadcrumbList\",\"@id\":\"https:\\\/\\\/revistaregional.com.br\\\/site\\\/2020\\\/09\\\/04\\\/regiao-permanece-na-fase-amarela-governo-alerta-para-riscos-de-contaminacao-no-feriado\\\/#breadcrumb\",\"itemListElement\":[{\"@type\":\"ListItem\",\"position\":1,\"name\":\"In\u00edcio\",\"item\":\"https:\\\/\\\/revistaregional.com.br\\\/site\\\/\"},{\"@type\":\"ListItem\",\"position\":2,\"name\":\"Regi\u00e3o permanece na fase amarela; Governo alerta para riscos de contamina\u00e7\u00e3o no feriado\"}]},{\"@type\":\"WebSite\",\"@id\":\"https:\\\/\\\/revistaregional.com.br\\\/site\\\/#website\",\"url\":\"https:\\\/\\\/revistaregional.com.br\\\/site\\\/\",\"name\":\"Revista Regional\",\"description\":\"Salto - Itu - Indaituba\",\"potentialAction\":[{\"@type\":\"SearchAction\",\"target\":{\"@type\":\"EntryPoint\",\"urlTemplate\":\"https:\\\/\\\/revistaregional.com.br\\\/site\\\/?s={search_term_string}\"},\"query-input\":{\"@type\":\"PropertyValueSpecification\",\"valueRequired\":true,\"valueName\":\"search_term_string\"}}],\"inLanguage\":\"pt-BR\"},{\"@type\":\"Person\",\"@id\":\"https:\\\/\\\/revistaregional.com.br\\\/site\\\/#\\\/schema\\\/person\\\/382af97c580dc1b18f55107bc316010d\",\"name\":\"contato@revistaregional.com.br\",\"image\":{\"@type\":\"ImageObject\",\"inLanguage\":\"pt-BR\",\"@id\":\"https:\\\/\\\/secure.gravatar.com\\\/avatar\\\/869822917e96b2e292d5827e4635855396934485e7c4a0af84e9a214e32ca0cd?s=96&d=mm&r=g\",\"url\":\"https:\\\/\\\/secure.gravatar.com\\\/avatar\\\/869822917e96b2e292d5827e4635855396934485e7c4a0af84e9a214e32ca0cd?s=96&d=mm&r=g\",\"contentUrl\":\"https:\\\/\\\/secure.gravatar.com\\\/avatar\\\/869822917e96b2e292d5827e4635855396934485e7c4a0af84e9a214e32ca0cd?s=96&d=mm&r=g\",\"caption\":\"contato@revistaregional.com.br\"},\"url\":\"https:\\\/\\\/revistaregional.com.br\\\/site\\\/author\\\/contato@revistaregional.com.br\\\/\"}]}<\/script>\n<!-- \/ Yoast SEO plugin. -->","yoast_head_json":{"title":"Regi\u00e3o permanece na fase amarela; Governo alerta para riscos de contamina\u00e7\u00e3o no feriado - Revista Regional","robots":{"index":"index","follow":"follow","max-snippet":"max-snippet:-1","max-image-preview":"max-image-preview:large","max-video-preview":"max-video-preview:-1"},"canonical":"https:\/\/revistaregional.com.br\/site\/2020\/09\/04\/regiao-permanece-na-fase-amarela-governo-alerta-para-riscos-de-contaminacao-no-feriado\/","og_locale":"pt_BR","og_type":"article","og_title":"Regi\u00e3o permanece na fase amarela; Governo alerta para riscos de contamina\u00e7\u00e3o no feriado - Revista Regional","og_description":"Pela primeira vez desde o in\u00edcio da quarentena, 95% da popula\u00e7\u00e3o do Estado est\u00e3o na fase amarela, que permite maior retomada da economia; Governo p\u00f5e 20 mil policiais para patrulhamento de cidades tur\u00edsticas e rodovias por conta do feriad\u00e3o; Nas \u00faltimas 24h, regi\u00e3o n\u00e3o teve mortes e confirmou 121 novos infectados O governador Jo\u00e3o Doria [&hellip;]","og_url":"https:\/\/revistaregional.com.br\/site\/2020\/09\/04\/regiao-permanece-na-fase-amarela-governo-alerta-para-riscos-de-contaminacao-no-feriado\/","og_site_name":"Revista Regional","article_published_time":"2020-09-04T20:33:01+00:00","article_modified_time":"2024-01-26T13:13:25+00:00","og_image":[{"width":984,"height":516,"url":"https:\/\/revistaregional.com.br\/site\/wp-content\/uploads\/2020\/09\/app-4-set.jpg","type":"image\/jpeg"}],"author":"contato@revistaregional.com.br","twitter_card":"summary_large_image","twitter_misc":{"Escrito por":"contato@revistaregional.com.br","Est. tempo de leitura":"5 minutos"},"schema":{"@context":"https:\/\/schema.org","@graph":[{"@type":"Article","@id":"https:\/\/revistaregional.com.br\/site\/2020\/09\/04\/regiao-permanece-na-fase-amarela-governo-alerta-para-riscos-de-contaminacao-no-feriado\/#article","isPartOf":{"@id":"https:\/\/revistaregional.com.br\/site\/2020\/09\/04\/regiao-permanece-na-fase-amarela-governo-alerta-para-riscos-de-contaminacao-no-feriado\/"},"author":{"name":"contato@revistaregional.com.br","@id":"https:\/\/revistaregional.com.br\/site\/#\/schema\/person\/382af97c580dc1b18f55107bc316010d"},"headline":"Regi\u00e3o permanece na fase amarela; Governo alerta para riscos de contamina\u00e7\u00e3o no feriado","datePublished":"2020-09-04T20:33:01+00:00","dateModified":"2024-01-26T13:13:25+00:00","mainEntityOfPage":{"@id":"https:\/\/revistaregional.com.br\/site\/2020\/09\/04\/regiao-permanece-na-fase-amarela-governo-alerta-para-riscos-de-contaminacao-no-feriado\/"},"wordCount":1073,"image":{"@id":"https:\/\/revistaregional.com.br\/site\/2020\/09\/04\/regiao-permanece-na-fase-amarela-governo-alerta-para-riscos-de-contaminacao-no-feriado\/#primaryimage"},"thumbnailUrl":"https:\/\/revistaregional.com.br\/site\/wp-content\/uploads\/2020\/09\/app-4-set.jpg","keywords":["Regionais"],"articleSection":["Destaque Lateral","Regionais"],"inLanguage":"pt-BR"},{"@type":"WebPage","@id":"https:\/\/revistaregional.com.br\/site\/2020\/09\/04\/regiao-permanece-na-fase-amarela-governo-alerta-para-riscos-de-contaminacao-no-feriado\/","url":"https:\/\/revistaregional.com.br\/site\/2020\/09\/04\/regiao-permanece-na-fase-amarela-governo-alerta-para-riscos-de-contaminacao-no-feriado\/","name":"Regi\u00e3o permanece na fase amarela; Governo alerta para riscos de contamina\u00e7\u00e3o no feriado - Revista Regional","isPartOf":{"@id":"https:\/\/revistaregional.com.br\/site\/#website"},"primaryImageOfPage":{"@id":"https:\/\/revistaregional.com.br\/site\/2020\/09\/04\/regiao-permanece-na-fase-amarela-governo-alerta-para-riscos-de-contaminacao-no-feriado\/#primaryimage"},"image":{"@id":"https:\/\/revistaregional.com.br\/site\/2020\/09\/04\/regiao-permanece-na-fase-amarela-governo-alerta-para-riscos-de-contaminacao-no-feriado\/#primaryimage"},"thumbnailUrl":"https:\/\/revistaregional.com.br\/site\/wp-content\/uploads\/2020\/09\/app-4-set.jpg","datePublished":"2020-09-04T20:33:01+00:00","dateModified":"2024-01-26T13:13:25+00:00","author":{"@id":"https:\/\/revistaregional.com.br\/site\/#\/schema\/person\/382af97c580dc1b18f55107bc316010d"},"breadcrumb":{"@id":"https:\/\/revistaregional.com.br\/site\/2020\/09\/04\/regiao-permanece-na-fase-amarela-governo-alerta-para-riscos-de-contaminacao-no-feriado\/#breadcrumb"},"inLanguage":"pt-BR","potentialAction":[{"@type":"ReadAction","target":["https:\/\/revistaregional.com.br\/site\/2020\/09\/04\/regiao-permanece-na-fase-amarela-governo-alerta-para-riscos-de-contaminacao-no-feriado\/"]}]},{"@type":"ImageObject","inLanguage":"pt-BR","@id":"https:\/\/revistaregional.com.br\/site\/2020\/09\/04\/regiao-permanece-na-fase-amarela-governo-alerta-para-riscos-de-contaminacao-no-feriado\/#primaryimage","url":"https:\/\/revistaregional.com.br\/site\/wp-content\/uploads\/2020\/09\/app-4-set.jpg","contentUrl":"https:\/\/revistaregional.com.br\/site\/wp-content\/uploads\/2020\/09\/app-4-set.jpg","width":984,"height":516,"caption":"95% do Estado na fase amarela do Plano SP"},{"@type":"BreadcrumbList","@id":"https:\/\/revistaregional.com.br\/site\/2020\/09\/04\/regiao-permanece-na-fase-amarela-governo-alerta-para-riscos-de-contaminacao-no-feriado\/#breadcrumb","itemListElement":[{"@type":"ListItem","position":1,"name":"In\u00edcio","item":"https:\/\/revistaregional.com.br\/site\/"},{"@type":"ListItem","position":2,"name":"Regi\u00e3o permanece na fase amarela; Governo alerta para riscos de contamina\u00e7\u00e3o no feriado"}]},{"@type":"WebSite","@id":"https:\/\/revistaregional.com.br\/site\/#website","url":"https:\/\/revistaregional.com.br\/site\/","name":"Revista Regional","description":"Salto - Itu - Indaituba","potentialAction":[{"@type":"SearchAction","target":{"@type":"EntryPoint","urlTemplate":"https:\/\/revistaregional.com.br\/site\/?s={search_term_string}"},"query-input":{"@type":"PropertyValueSpecification","valueRequired":true,"valueName":"search_term_string"}}],"inLanguage":"pt-BR"},{"@type":"Person","@id":"https:\/\/revistaregional.com.br\/site\/#\/schema\/person\/382af97c580dc1b18f55107bc316010d","name":"contato@revistaregional.com.br","image":{"@type":"ImageObject","inLanguage":"pt-BR","@id":"https:\/\/secure.gravatar.com\/avatar\/869822917e96b2e292d5827e4635855396934485e7c4a0af84e9a214e32ca0cd?s=96&d=mm&r=g","url":"https:\/\/secure.gravatar.com\/avatar\/869822917e96b2e292d5827e4635855396934485e7c4a0af84e9a214e32ca0cd?s=96&d=mm&r=g","contentUrl":"https:\/\/secure.gravatar.com\/avatar\/869822917e96b2e292d5827e4635855396934485e7c4a0af84e9a214e32ca0cd?s=96&d=mm&r=g","caption":"contato@revistaregional.com.br"},"url":"https:\/\/revistaregional.com.br\/site\/author\/contato@revistaregional.com.br\/"}]}},"views":61,"_links":{"self":[{"href":"https:\/\/revistaregional.com.br\/site\/wp-json\/wp\/v2\/posts\/23302","targetHints":{"allow":["GET"]}}],"collection":[{"href":"https:\/\/revistaregional.com.br\/site\/wp-json\/wp\/v2\/posts"}],"about":[{"href":"https:\/\/revistaregional.com.br\/site\/wp-json\/wp\/v2\/types\/post"}],"author":[{"embeddable":true,"href":"https:\/\/revistaregional.com.br\/site\/wp-json\/wp\/v2\/users\/1"}],"replies":[{"embeddable":true,"href":"https:\/\/revistaregional.com.br\/site\/wp-json\/wp\/v2\/comments?post=23302"}],"version-history":[{"count":2,"href":"https:\/\/revistaregional.com.br\/site\/wp-json\/wp\/v2\/posts\/23302\/revisions"}],"predecessor-version":[{"id":23305,"href":"https:\/\/revistaregional.com.br\/site\/wp-json\/wp\/v2\/posts\/23302\/revisions\/23305"}],"wp:featuredmedia":[{"embeddable":true,"href":"https:\/\/revistaregional.com.br\/site\/wp-json\/wp\/v2\/media\/23303"}],"wp:attachment":[{"href":"https:\/\/revistaregional.com.br\/site\/wp-json\/wp\/v2\/media?parent=23302"}],"wp:term":[{"taxonomy":"category","embeddable":true,"href":"https:\/\/revistaregional.com.br\/site\/wp-json\/wp\/v2\/categories?post=23302"},{"taxonomy":"post_tag","embeddable":true,"href":"https:\/\/revistaregional.com.br\/site\/wp-json\/wp\/v2\/tags?post=23302"}],"curies":[{"name":"wp","href":"https:\/\/api.w.org\/{rel}","templated":true}]}}