{"id":23125,"date":"2020-08-14T14:45:27","date_gmt":"2020-08-14T17:45:27","guid":{"rendered":"https:\/\/revistaregional.com.br\/site\/?p=23125"},"modified":"2024-01-26T10:13:27","modified_gmt":"2024-01-26T13:13:27","slug":"salto-tera-virada-cultural-totalmente-online","status":"publish","type":"post","link":"https:\/\/revistaregional.com.br\/site\/2020\/08\/14\/salto-tera-virada-cultural-totalmente-online\/","title":{"rendered":"Salto ter\u00e1 Virada Cultural totalmente online"},"content":{"rendered":"<ul>\n<li><strong><em>Evento promovido pelo governo do Estado seria realizado em mar\u00e7o, mas foi adiado por conta da pandemia;<\/em><\/strong><\/li>\n<li><strong><em>No formato online, ser\u00e3o mais de 12 horas de diversas atra\u00e7\u00f5es culturais transmitidas pela plataforma de streaming e v\u00eddeo #CulturaEmCasa<\/em><\/strong><\/li>\n<\/ul>\n<figure id=\"attachment_21623\" aria-describedby=\"caption-attachment-21623\" style=\"width: 940px\" class=\"wp-caption alignright\"><img fetchpriority=\"high\" decoding=\"async\" class=\"size-large wp-image-21623\" src=\"https:\/\/revistaregional.com.br\/site\/wp-content\/uploads\/2020\/03\/ggrrr-1024x365.jpg\" alt=\"\" width=\"940\" height=\"335\" data-id=\"21623\" srcset=\"https:\/\/revistaregional.com.br\/site\/wp-content\/uploads\/2020\/03\/ggrrr-1024x365.jpg 1024w, https:\/\/revistaregional.com.br\/site\/wp-content\/uploads\/2020\/03\/ggrrr-300x107.jpg 300w, https:\/\/revistaregional.com.br\/site\/wp-content\/uploads\/2020\/03\/ggrrr-150x53.jpg 150w\" sizes=\"(max-width: 940px) 100vw, 940px\" \/><figcaption id=\"caption-attachment-21623\" class=\"wp-caption-text\">Nando Reis e Elza Soares est\u00e3o na programa\u00e7\u00e3o online da Virada SP em Salto<\/figcaption><\/figure>\n<p>Salto recebe entre os dias 22 e 23 agosto, a primeira edi\u00e7\u00e3o da Virada SP no formato online. Ser\u00e3o mais de 12 horas de diversas atra\u00e7\u00f5es culturais, com in\u00edcio \u00e0s 16h, e ser\u00e1&nbsp;transmitida&nbsp;pela&nbsp;plataforma de streaming e v\u00eddeo #CulturaEmCasa. O evento \u00e9 uma iniciativa da Secretaria de Cultura e Economia Criativa do Estado, com a&nbsp;organiza\u00e7\u00e3o&nbsp;social Amigos da Arte, em parceria com a Prefeitura de Salto.<\/p>\n<p>&nbsp;<\/p>\n<p>Em mar\u00e7o deste ano, Salto receberia pela primeira vez a Virada SP, no entanto, por conta da pandemia de covid, o evento precisou ser adiado, em respeito \u00e0s recomenda\u00e7\u00f5es sanit\u00e1rias.<\/p>\n<p>&nbsp;<\/p>\n<p>Paulo Miklos, um dos artistas&nbsp;selecionados para o evento,&nbsp;n\u00e3o esperava que a Virada SP de Salto se transformaria na primeira Virada SP Online.&nbsp;\u201cImaginamos em mar\u00e7o&nbsp;que seriam algumas semanas&nbsp;de paralisia&nbsp;e j\u00e1 se passaram alguns meses\u201d, conta ele. \u201cAgora precisamos fazer neste novo formato, que tem tudo para alcan\u00e7ar um p\u00fablico ainda maior.\u201d<\/p>\n<p>&nbsp;<\/p>\n<p>\u201cCom&nbsp;a impossibilidade de realizar o evento presencialmente, a Secretaria formulou a&nbsp;proposta de&nbsp;fazer a&nbsp;Virada&nbsp;SP no formato virtual,&nbsp;de modo a manter o evento em 2020,&nbsp;celebrar a for\u00e7a da cena&nbsp;cultural de Salto&nbsp;e&nbsp;ampliar o acesso da popula\u00e7\u00e3o a uma programa\u00e7\u00e3o cultural de qualidade\u201d, explica S\u00e9rgio S\u00e1 Leit\u00e3o, secret\u00e1rio de Cultura e Economia Criativa do Estado de S\u00e3o Paulo.<\/p>\n<p>&nbsp;<\/p>\n<p>A Virada&nbsp;SP Online&nbsp;de Salto&nbsp;ser\u00e1&nbsp;uma&nbsp;maratona de mais de&nbsp;12 horas com diversas atra\u00e7\u00f5es. Est\u00e3o previstas lives de Paulo Miklos, DJ Dre Guazzelli, Marina Peralta&nbsp;e&nbsp;Walking Lions, entre outros, diretamente de suas casas.<\/p>\n<p>&nbsp;<\/p>\n<p>Al\u00e9m&nbsp;disso, haver\u00e1 tamb\u00e9m uma s\u00e9rie de&nbsp;v\u00eddeos especiais de artistas como Elza Soares, Nando Reis, Ellen Ol\u00e9ria e Exaltasamba.&nbsp;Ser\u00e3o inclu\u00eddos&nbsp;ainda&nbsp;32 v\u00eddeos de artistas da cidade, selecionados no concurso Quarentena Cultural, realizado pela Secretaria de Cultura de Salto&nbsp;em abril deste ano.<\/p>\n<p>&nbsp;<\/p>\n<p>A Virada&nbsp;SP Online ocorrer\u00e1 a partir do palco do Teatro S\u00e9rgio Cardoso, que em outubro completa 40 anos. Renato Rozendanz, artista saltense, ser\u00e1 o \u00e2ncora. Todo o conte\u00fado da Virada&nbsp;SP Online&nbsp;de Salto&nbsp;tamb\u00e9m ficar\u00e1&nbsp;dispon\u00edvel&nbsp;na plataforma #CulturaEmCasa&nbsp;p\u00f3s-evento, para exibi\u00e7\u00e3o por demanda.<\/p>\n<p>&nbsp;<\/p>\n<p>Haver\u00e1 em 2020 outras 16 edi\u00e7\u00f5es da&nbsp;Virada&nbsp;SP Online. As cidades ser\u00e3o selecionadas por meio de chamada p\u00fablica no \u00e2mbito do programa Juntos pela Cultura, a ser lan\u00e7ada at\u00e9 o fim deste m\u00eas.<\/p>\n<p>&nbsp;<\/p>\n<p>\u201cAssim como&nbsp;os&nbsp;conte\u00fados do #CulturaEmCasa s\u00e3o amplos e diversos, a ViradaSP Online segue o DNA da plataforma&nbsp;e se caracteriza pela diversidade e pela qualidade.&nbsp;Ser\u00e1 uma grande homenagem \u00e0s diferentes linguagens da arte e uma celebra\u00e7\u00e3o&nbsp;dos&nbsp;artistas de Salto\u201d, afirma Danielle Nigromonte, diretora geral da Amigos da Arte.<\/p>\n<p>&nbsp;<\/p>\n<p><em><strong>PROGRAMA\u00c7\u00c3O<\/strong><\/em><\/p>\n<p>22 de agosto<\/p>\n<p>16h&nbsp;&nbsp;&nbsp;&nbsp;&nbsp; In\u00edcio da transmiss\u00e3o<\/p>\n<p>16h20&nbsp; Ellen Ol\u00e9ria<\/p>\n<p>16h50&nbsp; Flying Colors &#8211; Dan\u00e7a Vertical<\/p>\n<p>17h&nbsp;&nbsp;&nbsp;&nbsp;&nbsp; Mostra Quarentena Cultural<\/p>\n<p>17h&nbsp;&nbsp;&nbsp;&nbsp;&nbsp; Quarentena Cultura (publica\u00e7\u00e3o das \u00edntegras)<\/p>\n<p>18h&nbsp;&nbsp;&nbsp;&nbsp;&nbsp; Ziggy &#8211; Tributo a David Bowie<\/p>\n<p>18h45&nbsp; Dan\u00e7a Vertical Cia Base<\/p>\n<p>19h&nbsp;&nbsp;&nbsp;&nbsp;&nbsp; Quarteto Mpb-Jazz do Conservat\u00f3rio Maestro Ga\u00f3<\/p>\n<p>19h50&nbsp; Mostra Quarentena Cultural<\/p>\n<p>19h50&nbsp;&nbsp; Quarentena Cultural (publica\u00e7\u00e3o das \u00edntegras)<\/p>\n<p>20h&nbsp;&nbsp;&nbsp;&nbsp;&nbsp;&nbsp; M\u00fasica de Brinquedo 2 &#8211; Pato Fu e Giramundo<\/p>\n<p>20h30&nbsp;&nbsp; Larissa Luz<\/p>\n<p>21h&nbsp;&nbsp;&nbsp;&nbsp;&nbsp;&nbsp; Elza Soares<\/p>\n<p>21h10&nbsp;&nbsp; Exaltasamba<\/p>\n<p>21h20&nbsp;&nbsp; Rastap\u00e9<\/p>\n<p>21h30&nbsp;&nbsp; Paulo Miklos<\/p>\n<p>22h&nbsp;&nbsp;&nbsp;&nbsp;&nbsp;&nbsp; Nando Reis<\/p>\n<p>22h30&nbsp;&nbsp; Hammond Grooves<\/p>\n<p>22h55&nbsp;&nbsp; Opus Pop &#8211; Zimbo Trio &#8211; Dire\u00e7\u00e3o: PC Toledo<\/p>\n<p>23h&nbsp;&nbsp;&nbsp;&nbsp;&nbsp;&nbsp; Amilton Godoy<\/p>\n<p>23h&nbsp;&nbsp;&nbsp;&nbsp;&nbsp;&nbsp; Zimbo Trio<\/p>\n<p>23h20&nbsp;&nbsp; Mostra Quarentena Cultural<\/p>\n<p>23h20&nbsp;&nbsp; Quarentena Cultural (publica\u00e7\u00e3o das \u00edntegras)<\/p>\n<p>23h30&nbsp;&nbsp; Mariana Peralta<\/p>\n<p>0h30&nbsp;&nbsp; Walking Lions<\/p>\n<p>1h30&nbsp;&nbsp; Festa Pilantragi com DJ Rodrigo Bento<\/p>\n<p>2h&nbsp;&nbsp;&nbsp;&nbsp;&nbsp;&nbsp; Mostra Quarentena Cultural<\/p>\n<p>2h&nbsp;&nbsp;&nbsp;&nbsp;&nbsp;&nbsp; Quarentena Cultural (publica\u00e7\u00e3o das \u00edntegras)<\/p>\n<p>2h30&nbsp;&nbsp; DJ Dre Guazzelli&nbsp;<\/p>\n<p>4h&nbsp;&nbsp;&nbsp;&nbsp;&nbsp;&nbsp; Mostra Quarentena Cultural<\/p>\n<p>4h&nbsp;&nbsp;&nbsp;&nbsp;&nbsp; Quarentena Cultural (publica\u00e7\u00e3o das \u00edntegras)<\/p>\n<p>5h&nbsp;&nbsp;&nbsp;&nbsp;&nbsp; T\u00e9rmino da transmiss\u00e3o<\/p>\n<p>&nbsp;<\/p>\n<p><strong>MAIS: Veja como assistir:<\/strong><\/p>\n<p><strong>site:<\/strong> <a href=\"https:\/\/culturaemcasa.com.br\/\">https:\/\/culturaemcasa.com.br\/<\/a><\/p>\n<p><strong>redes sociais:<\/strong><\/p>\n<p><a href=\"https:\/\/www.facebook.com\/culturaemcasasp\/\">https:\/\/www.facebook.com\/culturaemcasasp\/<\/a><\/p>\n<p><a href=\"https:\/\/www.instragram.com\/culturaemcasasp\/\">https:\/\/www.instragram.com\/culturaemcasasp\/<\/a><\/p>\n<p><a href=\"https:\/\/twitter.com\/culturaemcasasp\">https:\/\/twitter.com\/culturaemcasasp<\/a><\/p>\n<p>&nbsp;<\/p>\n<p>foto: Arquivo<\/p>\n","protected":false},"excerpt":{"rendered":"<p>Evento promovido pelo governo do Estado seria realizado em mar\u00e7o, mas foi adiado por conta da pandemia; No formato online, ser\u00e3o mais de 12 horas de diversas atra\u00e7\u00f5es culturais transmitidas pela plataforma de streaming e v\u00eddeo #CulturaEmCasa Salto recebe entre os dias 22 e 23 agosto, a primeira edi\u00e7\u00e3o da Virada SP no formato online. [&hellip;]<\/p>\n","protected":false},"author":1,"featured_media":21631,"comment_status":"closed","ping_status":"closed","sticky":false,"template":"","format":"standard","meta":{"_acf_changed":false,"ngg_post_thumbnail":0,"_joinchat":[],"footnotes":""},"categories":[449,12],"tags":[527],"class_list":["post-23125","post","type-post","status-publish","format-standard","has-post-thumbnail","hentry","category-destaque-lateral","category-regionais","tag-regionais"],"acf":[],"yoast_head":"<!-- This site is optimized with the Yoast SEO plugin v27.4 - https:\/\/yoast.com\/product\/yoast-seo-wordpress\/ -->\n<title>Salto ter\u00e1 Virada Cultural totalmente online - Revista Regional<\/title>\n<meta name=\"robots\" content=\"index, follow, max-snippet:-1, max-image-preview:large, max-video-preview:-1\" \/>\n<link rel=\"canonical\" href=\"https:\/\/revistaregional.com.br\/site\/2020\/08\/14\/salto-tera-virada-cultural-totalmente-online\/\" \/>\n<meta property=\"og:locale\" content=\"pt_BR\" \/>\n<meta property=\"og:type\" content=\"article\" \/>\n<meta property=\"og:title\" content=\"Salto ter\u00e1 Virada Cultural totalmente online - Revista Regional\" \/>\n<meta property=\"og:description\" content=\"Evento promovido pelo governo do Estado seria realizado em mar\u00e7o, mas foi adiado por conta da pandemia; No formato online, ser\u00e3o mais de 12 horas de diversas atra\u00e7\u00f5es culturais transmitidas pela plataforma de streaming e v\u00eddeo #CulturaEmCasa Salto recebe entre os dias 22 e 23 agosto, a primeira edi\u00e7\u00e3o da Virada SP no formato online. [&hellip;]\" \/>\n<meta property=\"og:url\" content=\"https:\/\/revistaregional.com.br\/site\/2020\/08\/14\/salto-tera-virada-cultural-totalmente-online\/\" \/>\n<meta property=\"og:site_name\" content=\"Revista Regional\" \/>\n<meta property=\"article:published_time\" content=\"2020-08-14T17:45:27+00:00\" \/>\n<meta property=\"article:modified_time\" content=\"2024-01-26T13:13:27+00:00\" \/>\n<meta property=\"og:image\" content=\"https:\/\/revistaregional.com.br\/site\/wp-content\/uploads\/2020\/03\/ggrrr-1.jpg\" \/>\n\t<meta property=\"og:image:width\" content=\"3797\" \/>\n\t<meta property=\"og:image:height\" content=\"1947\" \/>\n\t<meta property=\"og:image:type\" content=\"image\/jpeg\" \/>\n<meta name=\"author\" content=\"contato@revistaregional.com.br\" \/>\n<meta name=\"twitter:card\" content=\"summary_large_image\" \/>\n<meta name=\"twitter:label1\" content=\"Escrito por\" \/>\n\t<meta name=\"twitter:data1\" content=\"contato@revistaregional.com.br\" \/>\n\t<meta name=\"twitter:label2\" content=\"Est. tempo de leitura\" \/>\n\t<meta name=\"twitter:data2\" content=\"4 minutos\" \/>\n<script type=\"application\/ld+json\" class=\"yoast-schema-graph\">{\"@context\":\"https:\\\/\\\/schema.org\",\"@graph\":[{\"@type\":\"Article\",\"@id\":\"https:\\\/\\\/revistaregional.com.br\\\/site\\\/2020\\\/08\\\/14\\\/salto-tera-virada-cultural-totalmente-online\\\/#article\",\"isPartOf\":{\"@id\":\"https:\\\/\\\/revistaregional.com.br\\\/site\\\/2020\\\/08\\\/14\\\/salto-tera-virada-cultural-totalmente-online\\\/\"},\"author\":{\"name\":\"contato@revistaregional.com.br\",\"@id\":\"https:\\\/\\\/revistaregional.com.br\\\/site\\\/#\\\/schema\\\/person\\\/382af97c580dc1b18f55107bc316010d\"},\"headline\":\"Salto ter\u00e1 Virada Cultural totalmente online\",\"datePublished\":\"2020-08-14T17:45:27+00:00\",\"dateModified\":\"2024-01-26T13:13:27+00:00\",\"mainEntityOfPage\":{\"@id\":\"https:\\\/\\\/revistaregional.com.br\\\/site\\\/2020\\\/08\\\/14\\\/salto-tera-virada-cultural-totalmente-online\\\/\"},\"wordCount\":903,\"image\":{\"@id\":\"https:\\\/\\\/revistaregional.com.br\\\/site\\\/2020\\\/08\\\/14\\\/salto-tera-virada-cultural-totalmente-online\\\/#primaryimage\"},\"thumbnailUrl\":\"https:\\\/\\\/revistaregional.com.br\\\/site\\\/wp-content\\\/uploads\\\/2020\\\/03\\\/ggrrr-1.jpg\",\"keywords\":[\"Regionais\"],\"articleSection\":[\"Destaque Lateral\",\"Regionais\"],\"inLanguage\":\"pt-BR\"},{\"@type\":\"WebPage\",\"@id\":\"https:\\\/\\\/revistaregional.com.br\\\/site\\\/2020\\\/08\\\/14\\\/salto-tera-virada-cultural-totalmente-online\\\/\",\"url\":\"https:\\\/\\\/revistaregional.com.br\\\/site\\\/2020\\\/08\\\/14\\\/salto-tera-virada-cultural-totalmente-online\\\/\",\"name\":\"Salto ter\u00e1 Virada Cultural totalmente online - Revista Regional\",\"isPartOf\":{\"@id\":\"https:\\\/\\\/revistaregional.com.br\\\/site\\\/#website\"},\"primaryImageOfPage\":{\"@id\":\"https:\\\/\\\/revistaregional.com.br\\\/site\\\/2020\\\/08\\\/14\\\/salto-tera-virada-cultural-totalmente-online\\\/#primaryimage\"},\"image\":{\"@id\":\"https:\\\/\\\/revistaregional.com.br\\\/site\\\/2020\\\/08\\\/14\\\/salto-tera-virada-cultural-totalmente-online\\\/#primaryimage\"},\"thumbnailUrl\":\"https:\\\/\\\/revistaregional.com.br\\\/site\\\/wp-content\\\/uploads\\\/2020\\\/03\\\/ggrrr-1.jpg\",\"datePublished\":\"2020-08-14T17:45:27+00:00\",\"dateModified\":\"2024-01-26T13:13:27+00:00\",\"author\":{\"@id\":\"https:\\\/\\\/revistaregional.com.br\\\/site\\\/#\\\/schema\\\/person\\\/382af97c580dc1b18f55107bc316010d\"},\"breadcrumb\":{\"@id\":\"https:\\\/\\\/revistaregional.com.br\\\/site\\\/2020\\\/08\\\/14\\\/salto-tera-virada-cultural-totalmente-online\\\/#breadcrumb\"},\"inLanguage\":\"pt-BR\",\"potentialAction\":[{\"@type\":\"ReadAction\",\"target\":[\"https:\\\/\\\/revistaregional.com.br\\\/site\\\/2020\\\/08\\\/14\\\/salto-tera-virada-cultural-totalmente-online\\\/\"]}]},{\"@type\":\"ImageObject\",\"inLanguage\":\"pt-BR\",\"@id\":\"https:\\\/\\\/revistaregional.com.br\\\/site\\\/2020\\\/08\\\/14\\\/salto-tera-virada-cultural-totalmente-online\\\/#primaryimage\",\"url\":\"https:\\\/\\\/revistaregional.com.br\\\/site\\\/wp-content\\\/uploads\\\/2020\\\/03\\\/ggrrr-1.jpg\",\"contentUrl\":\"https:\\\/\\\/revistaregional.com.br\\\/site\\\/wp-content\\\/uploads\\\/2020\\\/03\\\/ggrrr-1.jpg\",\"width\":3797,\"height\":1947},{\"@type\":\"BreadcrumbList\",\"@id\":\"https:\\\/\\\/revistaregional.com.br\\\/site\\\/2020\\\/08\\\/14\\\/salto-tera-virada-cultural-totalmente-online\\\/#breadcrumb\",\"itemListElement\":[{\"@type\":\"ListItem\",\"position\":1,\"name\":\"In\u00edcio\",\"item\":\"https:\\\/\\\/revistaregional.com.br\\\/site\\\/\"},{\"@type\":\"ListItem\",\"position\":2,\"name\":\"Salto ter\u00e1 Virada Cultural totalmente online\"}]},{\"@type\":\"WebSite\",\"@id\":\"https:\\\/\\\/revistaregional.com.br\\\/site\\\/#website\",\"url\":\"https:\\\/\\\/revistaregional.com.br\\\/site\\\/\",\"name\":\"Revista Regional\",\"description\":\"Salto - Itu - Indaituba\",\"potentialAction\":[{\"@type\":\"SearchAction\",\"target\":{\"@type\":\"EntryPoint\",\"urlTemplate\":\"https:\\\/\\\/revistaregional.com.br\\\/site\\\/?s={search_term_string}\"},\"query-input\":{\"@type\":\"PropertyValueSpecification\",\"valueRequired\":true,\"valueName\":\"search_term_string\"}}],\"inLanguage\":\"pt-BR\"},{\"@type\":\"Person\",\"@id\":\"https:\\\/\\\/revistaregional.com.br\\\/site\\\/#\\\/schema\\\/person\\\/382af97c580dc1b18f55107bc316010d\",\"name\":\"contato@revistaregional.com.br\",\"image\":{\"@type\":\"ImageObject\",\"inLanguage\":\"pt-BR\",\"@id\":\"https:\\\/\\\/secure.gravatar.com\\\/avatar\\\/869822917e96b2e292d5827e4635855396934485e7c4a0af84e9a214e32ca0cd?s=96&d=mm&r=g\",\"url\":\"https:\\\/\\\/secure.gravatar.com\\\/avatar\\\/869822917e96b2e292d5827e4635855396934485e7c4a0af84e9a214e32ca0cd?s=96&d=mm&r=g\",\"contentUrl\":\"https:\\\/\\\/secure.gravatar.com\\\/avatar\\\/869822917e96b2e292d5827e4635855396934485e7c4a0af84e9a214e32ca0cd?s=96&d=mm&r=g\",\"caption\":\"contato@revistaregional.com.br\"},\"url\":\"https:\\\/\\\/revistaregional.com.br\\\/site\\\/author\\\/contato@revistaregional.com.br\\\/\"}]}<\/script>\n<!-- \/ Yoast SEO plugin. -->","yoast_head_json":{"title":"Salto ter\u00e1 Virada Cultural totalmente online - Revista Regional","robots":{"index":"index","follow":"follow","max-snippet":"max-snippet:-1","max-image-preview":"max-image-preview:large","max-video-preview":"max-video-preview:-1"},"canonical":"https:\/\/revistaregional.com.br\/site\/2020\/08\/14\/salto-tera-virada-cultural-totalmente-online\/","og_locale":"pt_BR","og_type":"article","og_title":"Salto ter\u00e1 Virada Cultural totalmente online - Revista Regional","og_description":"Evento promovido pelo governo do Estado seria realizado em mar\u00e7o, mas foi adiado por conta da pandemia; No formato online, ser\u00e3o mais de 12 horas de diversas atra\u00e7\u00f5es culturais transmitidas pela plataforma de streaming e v\u00eddeo #CulturaEmCasa Salto recebe entre os dias 22 e 23 agosto, a primeira edi\u00e7\u00e3o da Virada SP no formato online. [&hellip;]","og_url":"https:\/\/revistaregional.com.br\/site\/2020\/08\/14\/salto-tera-virada-cultural-totalmente-online\/","og_site_name":"Revista Regional","article_published_time":"2020-08-14T17:45:27+00:00","article_modified_time":"2024-01-26T13:13:27+00:00","og_image":[{"width":3797,"height":1947,"url":"https:\/\/revistaregional.com.br\/site\/wp-content\/uploads\/2020\/03\/ggrrr-1.jpg","type":"image\/jpeg"}],"author":"contato@revistaregional.com.br","twitter_card":"summary_large_image","twitter_misc":{"Escrito por":"contato@revistaregional.com.br","Est. tempo de leitura":"4 minutos"},"schema":{"@context":"https:\/\/schema.org","@graph":[{"@type":"Article","@id":"https:\/\/revistaregional.com.br\/site\/2020\/08\/14\/salto-tera-virada-cultural-totalmente-online\/#article","isPartOf":{"@id":"https:\/\/revistaregional.com.br\/site\/2020\/08\/14\/salto-tera-virada-cultural-totalmente-online\/"},"author":{"name":"contato@revistaregional.com.br","@id":"https:\/\/revistaregional.com.br\/site\/#\/schema\/person\/382af97c580dc1b18f55107bc316010d"},"headline":"Salto ter\u00e1 Virada Cultural totalmente online","datePublished":"2020-08-14T17:45:27+00:00","dateModified":"2024-01-26T13:13:27+00:00","mainEntityOfPage":{"@id":"https:\/\/revistaregional.com.br\/site\/2020\/08\/14\/salto-tera-virada-cultural-totalmente-online\/"},"wordCount":903,"image":{"@id":"https:\/\/revistaregional.com.br\/site\/2020\/08\/14\/salto-tera-virada-cultural-totalmente-online\/#primaryimage"},"thumbnailUrl":"https:\/\/revistaregional.com.br\/site\/wp-content\/uploads\/2020\/03\/ggrrr-1.jpg","keywords":["Regionais"],"articleSection":["Destaque Lateral","Regionais"],"inLanguage":"pt-BR"},{"@type":"WebPage","@id":"https:\/\/revistaregional.com.br\/site\/2020\/08\/14\/salto-tera-virada-cultural-totalmente-online\/","url":"https:\/\/revistaregional.com.br\/site\/2020\/08\/14\/salto-tera-virada-cultural-totalmente-online\/","name":"Salto ter\u00e1 Virada Cultural totalmente online - Revista Regional","isPartOf":{"@id":"https:\/\/revistaregional.com.br\/site\/#website"},"primaryImageOfPage":{"@id":"https:\/\/revistaregional.com.br\/site\/2020\/08\/14\/salto-tera-virada-cultural-totalmente-online\/#primaryimage"},"image":{"@id":"https:\/\/revistaregional.com.br\/site\/2020\/08\/14\/salto-tera-virada-cultural-totalmente-online\/#primaryimage"},"thumbnailUrl":"https:\/\/revistaregional.com.br\/site\/wp-content\/uploads\/2020\/03\/ggrrr-1.jpg","datePublished":"2020-08-14T17:45:27+00:00","dateModified":"2024-01-26T13:13:27+00:00","author":{"@id":"https:\/\/revistaregional.com.br\/site\/#\/schema\/person\/382af97c580dc1b18f55107bc316010d"},"breadcrumb":{"@id":"https:\/\/revistaregional.com.br\/site\/2020\/08\/14\/salto-tera-virada-cultural-totalmente-online\/#breadcrumb"},"inLanguage":"pt-BR","potentialAction":[{"@type":"ReadAction","target":["https:\/\/revistaregional.com.br\/site\/2020\/08\/14\/salto-tera-virada-cultural-totalmente-online\/"]}]},{"@type":"ImageObject","inLanguage":"pt-BR","@id":"https:\/\/revistaregional.com.br\/site\/2020\/08\/14\/salto-tera-virada-cultural-totalmente-online\/#primaryimage","url":"https:\/\/revistaregional.com.br\/site\/wp-content\/uploads\/2020\/03\/ggrrr-1.jpg","contentUrl":"https:\/\/revistaregional.com.br\/site\/wp-content\/uploads\/2020\/03\/ggrrr-1.jpg","width":3797,"height":1947},{"@type":"BreadcrumbList","@id":"https:\/\/revistaregional.com.br\/site\/2020\/08\/14\/salto-tera-virada-cultural-totalmente-online\/#breadcrumb","itemListElement":[{"@type":"ListItem","position":1,"name":"In\u00edcio","item":"https:\/\/revistaregional.com.br\/site\/"},{"@type":"ListItem","position":2,"name":"Salto ter\u00e1 Virada Cultural totalmente online"}]},{"@type":"WebSite","@id":"https:\/\/revistaregional.com.br\/site\/#website","url":"https:\/\/revistaregional.com.br\/site\/","name":"Revista Regional","description":"Salto - Itu - Indaituba","potentialAction":[{"@type":"SearchAction","target":{"@type":"EntryPoint","urlTemplate":"https:\/\/revistaregional.com.br\/site\/?s={search_term_string}"},"query-input":{"@type":"PropertyValueSpecification","valueRequired":true,"valueName":"search_term_string"}}],"inLanguage":"pt-BR"},{"@type":"Person","@id":"https:\/\/revistaregional.com.br\/site\/#\/schema\/person\/382af97c580dc1b18f55107bc316010d","name":"contato@revistaregional.com.br","image":{"@type":"ImageObject","inLanguage":"pt-BR","@id":"https:\/\/secure.gravatar.com\/avatar\/869822917e96b2e292d5827e4635855396934485e7c4a0af84e9a214e32ca0cd?s=96&d=mm&r=g","url":"https:\/\/secure.gravatar.com\/avatar\/869822917e96b2e292d5827e4635855396934485e7c4a0af84e9a214e32ca0cd?s=96&d=mm&r=g","contentUrl":"https:\/\/secure.gravatar.com\/avatar\/869822917e96b2e292d5827e4635855396934485e7c4a0af84e9a214e32ca0cd?s=96&d=mm&r=g","caption":"contato@revistaregional.com.br"},"url":"https:\/\/revistaregional.com.br\/site\/author\/contato@revistaregional.com.br\/"}]}},"views":73,"_links":{"self":[{"href":"https:\/\/revistaregional.com.br\/site\/wp-json\/wp\/v2\/posts\/23125","targetHints":{"allow":["GET"]}}],"collection":[{"href":"https:\/\/revistaregional.com.br\/site\/wp-json\/wp\/v2\/posts"}],"about":[{"href":"https:\/\/revistaregional.com.br\/site\/wp-json\/wp\/v2\/types\/post"}],"author":[{"embeddable":true,"href":"https:\/\/revistaregional.com.br\/site\/wp-json\/wp\/v2\/users\/1"}],"replies":[{"embeddable":true,"href":"https:\/\/revistaregional.com.br\/site\/wp-json\/wp\/v2\/comments?post=23125"}],"version-history":[{"count":1,"href":"https:\/\/revistaregional.com.br\/site\/wp-json\/wp\/v2\/posts\/23125\/revisions"}],"predecessor-version":[{"id":23126,"href":"https:\/\/revistaregional.com.br\/site\/wp-json\/wp\/v2\/posts\/23125\/revisions\/23126"}],"wp:featuredmedia":[{"embeddable":true,"href":"https:\/\/revistaregional.com.br\/site\/wp-json\/wp\/v2\/media\/21631"}],"wp:attachment":[{"href":"https:\/\/revistaregional.com.br\/site\/wp-json\/wp\/v2\/media?parent=23125"}],"wp:term":[{"taxonomy":"category","embeddable":true,"href":"https:\/\/revistaregional.com.br\/site\/wp-json\/wp\/v2\/categories?post=23125"},{"taxonomy":"post_tag","embeddable":true,"href":"https:\/\/revistaregional.com.br\/site\/wp-json\/wp\/v2\/tags?post=23125"}],"curies":[{"name":"wp","href":"https:\/\/api.w.org\/{rel}","templated":true}]}}