{"id":23114,"date":"2020-08-12T18:06:55","date_gmt":"2020-08-12T21:06:55","guid":{"rendered":"https:\/\/revistaregional.com.br\/site\/?p=23114"},"modified":"2024-01-26T09:32:10","modified_gmt":"2024-01-26T12:32:10","slug":"itu-e-indaiatuba-tem-novas-mortes-por-covid-estado-amplia-monitoramento-em-rede","status":"publish","type":"post","link":"https:\/\/revistaregional.com.br\/site\/2020\/08\/12\/itu-e-indaiatuba-tem-novas-mortes-por-covid-estado-amplia-monitoramento-em-rede\/","title":{"rendered":"Itu e Indaiatuba t\u00eam novas mortes por covid; Estado amplia monitoramento em rede"},"content":{"rendered":"<ul>\n<li><strong><em>Foram 2 mortes em Itu e mais 1 em Indaiatuba; <\/em><\/strong><\/li>\n<li><strong><em>UTI da rede p\u00fablica volta a ficar lotada em Salto; <\/em><\/strong><\/li>\n<li><strong><em>Governo estadual anunciou nesta quarta-feira a amplia\u00e7\u00e3o do monitoramento em rede do coronav\u00edrus para 120 cidades, mas as Prefeituras da regi\u00e3o ainda n\u00e3o aderiram ao programa<\/em><\/strong><\/li>\n<\/ul>\n<figure id=\"attachment_23115\" aria-describedby=\"caption-attachment-23115\" style=\"width: 626px\" class=\"wp-caption alignright\"><img fetchpriority=\"high\" decoding=\"async\" class=\"size-full wp-image-23115\" src=\"https:\/\/revistaregional.com.br\/site\/wp-content\/uploads\/2020\/08\/8-app-corona-8.jpg\" alt=\"\" width=\"626\" height=\"304\" data-id=\"23115\" srcset=\"https:\/\/revistaregional.com.br\/site\/wp-content\/uploads\/2020\/08\/8-app-corona-8.jpg 626w, https:\/\/revistaregional.com.br\/site\/wp-content\/uploads\/2020\/08\/8-app-corona-8-300x146.jpg 300w, https:\/\/revistaregional.com.br\/site\/wp-content\/uploads\/2020\/08\/8-app-corona-8-150x73.jpg 150w\" sizes=\"(max-width: 626px) 100vw, 626px\" \/><figcaption id=\"caption-attachment-23115\" class=\"wp-caption-text\">Regi\u00e3o registra novos casos e tamb\u00e9m mais mortes por covid<\/figcaption><\/figure>\n<p>Itu e Indaiatuba registraram novas mortes por covid nesta quarta-feira, 12 de agosto. Em Indaiatuba, foi o 140\u00ba \u00f3bito pela doen\u00e7a. O paciente tinha 64 anos e estava internado no Haoc (Hospital Augusto de Oliveira Camargo), faleceu no dia 5, por\u00e9m a confirma\u00e7\u00e3o para covid-19 aconteceu somente agora.<\/p>\n<p>Tamb\u00e9m nesta quarta-feira, Indaiatuba registrou mais 59 novos casos, totalizando 4.909 confirmados desde o in\u00edcio da pandemia, sendo que 140 morreram e 4.725 s\u00e3o considerados curados ou est\u00e3o em recupera\u00e7\u00e3o domiciliar (a Prefeitura n\u00e3o divulga um n\u00famero exato de curados). Atualmente, 44 confirmados continuam internados e outros 437 suspeitos aguardam resultados dos exames. H\u00e1 ainda 2 \u00f3bitos suspeitos em investiga\u00e7\u00e3o.<\/p>\n<p>Indaiatuba possui 37 pessoas internadas em leito cl\u00ednico e 30 em UTI (Unidade de Terapia Intensiva). A taxa de ocupa\u00e7\u00e3o das UTIs est\u00e1 em 88% no Haoc e 75% no Hospital Santa Ign\u00eas.<\/p>\n<p>Itu confirmou mais 2 mortes pela doen\u00e7a. As v\u00edtimas s\u00e3o dois homens de 56 e 74 anos, ambos estavam internados em hospitais da cidade. Com isso, Itu soma 67 \u00f3bitos registrados desde o in\u00edcio da pandemia. Nas \u00faltimas 24 horas, a cidade confirmou mais 30 novos infectados, totalizando 1.928 casos confirmados, sendo que 1.668 se recuperaram e h\u00e1 18 pacientes internados em leito cl\u00ednico e 11 em UTI. A cidade tem 103 pessoas \u00e0 espera de resultados de exames e ainda 2 mortes sob suspeita de covid. A taxa de ocupa\u00e7\u00e3o das UTIs est\u00e1 em 75% no Hospital Municipal e 33,33% no Hospital de Campanha.<\/p>\n<p>Salto n\u00e3o registrou mortes nesta quarta-feira, mas contabilizou 28 novos casos, somando agora 1.213 confirmados desde o come\u00e7o da testagem para covid, sendo que 38 morreram, 1.105 evolu\u00edram para cura, 16 seguem internados (sendo 5 em UTI) e 54 est\u00e3o em isolamento domiciliar. H\u00e1 200 suspeitos que aguardam resultados. Destes, 181 est\u00e3o em isolamento domiciliar e 9 em interna\u00e7\u00e3o cl\u00ednica (sendo 3 em UTI). A UTI do Hospital Municipal Nossa Senhora do Monte Serrat, que \u00e9 da rede p\u00fablica, est\u00e1 novamente com todos os leitos para doentes de covid ocupados.<\/p>\n<p><strong>MONITORAMENTO DO ESTADO<\/strong><\/p>\n<p>O governo de S\u00e3o Paulo anunciou nesta quarta-feira, 12, a expans\u00e3o do programa de monitoramento integrado dos casos de coronav\u00edrus para 120 novas cidades do Estado. A meta \u00e9 alcan\u00e7ar os 645 munic\u00edpios paulistas at\u00e9 setembro. Por enquanto, as Prefeituras da regi\u00e3o n\u00e3o aderiram ao programa.<\/p>\n<p>&#8220;A iniciativa garante mais agilidade na identifica\u00e7\u00e3o dos casos pela rede municipal de aten\u00e7\u00e3o b\u00e1sica e tamb\u00e9m est\u00e1 ligada \u00e0s estrat\u00e9gias de Vigil\u00e2ncia Sanit\u00e1ria de cada cidade. O objetivo \u00e9 promover o isolamento dos infectados e pessoas com quem tiveram contato de maneira r\u00e1pida para evitar a circula\u00e7\u00e3o do v\u00edrus&#8221;, disse o vice-governador e secret\u00e1rio de Governo Rodrigo Garcia, que concedeu entrevista hoje no lugar de Jo\u00e3o Doria, que cumpre quarentena ap\u00f3s testar positivo para covid.<\/p>\n<p>A plataforma permite unificar e automatizar dados dos casos suspeitos e confirmados, permitindo o isolamento de infectados e a identifica\u00e7\u00e3o de seus contatos. O resultado \u00e9 um mapeamento em rede sob os pontos de vista tecnol\u00f3gico e de rela\u00e7\u00f5es sociais, al\u00e9m de atividades de vigil\u00e2ncia.<\/p>\n<p>A iniciativa \u00e9 inspirada em modelos internacionais e desenvolvido em conjunto pelas Secretarias de Estado da Sa\u00fade, de Desenvolvimento Econ\u00f4mico e de Desenvolvimento Regional, al\u00e9m do Conselho dos Secret\u00e1rios Municipais de Sa\u00fade.<\/p>\n<p>&#8220;O programa \u00e9 fundamental no combate \u00e0 pandemia, com identifica\u00e7\u00e3o mais precoce e o isolamento dos pacientes e seus contatos. O objetivo \u00e9 impedir e diminuir a progress\u00e3o da doen\u00e7a em formas graves, principalmente na popula\u00e7\u00e3o vulner\u00e1vel composta por idosos e portadores de doen\u00e7as cr\u00f4nicas&#8221;, declarou o secret\u00e1rio de Sa\u00fade Jean Gorinchteyn.<\/p>\n<p>O monitoramento \u00e9 baseado em sistemas de triagem, testagem e rastreamento. A plataforma automatiza e padroniza acesso a dados e consolida resultados com abastecimento de diferentes bases de dados do Minist\u00e9rio da Sa\u00fade e das redes municipais de Sa\u00fade. As orienta\u00e7\u00f5es a pacientes e pessoas pr\u00f3ximas poder\u00e3o ser enviadas por meio de mensagem de texto para celulares (SMS).<\/p>\n<p>&#8220;Os munic\u00edpios v\u00e3o seguir mobilizando suas regi\u00f5es e os prefeitos para que fa\u00e7am a ades\u00e3o. \u00c9 algo cont\u00ednuo que esperamos atingir o maior n\u00famero poss\u00edvel dos munic\u00edpios de S\u00e3o Paulo&#8221;, destacou o secret\u00e1rio Marco Vinholi.<\/p>\n<p>Agentes de sa\u00fade far\u00e3o telefonemas refor\u00e7ando a necessidade do isolamento e dar\u00e3o orienta\u00e7\u00f5es sobre cuidados com a sa\u00fade. Amigos, familiares e colegas de trabalho tamb\u00e9m ser\u00e3o rastreados para identificar com agilidade eventuais novos casos.<\/p>\n<p>Ser\u00e3o considerados contatos as pessoas que estiveram pr\u00f3ximas do paciente infectado por pelo menos 15 minutos e a menos de um metro de dist\u00e2ncia. Elas tamb\u00e9m ser\u00e3o monitoradas orientadas em rela\u00e7\u00e3o ao isolamento por 14 dias e outras medidas preventivas, inclusive com envio de mensagens por celular.<\/p>\n<p>&nbsp;<\/p>\n<p>foto: BIRF<\/p>\n","protected":false},"excerpt":{"rendered":"<p>Foram 2 mortes em Itu e mais 1 em Indaiatuba; UTI da rede p\u00fablica volta a ficar lotada em Salto; Governo estadual anunciou nesta quarta-feira a amplia\u00e7\u00e3o do monitoramento em rede do coronav\u00edrus para 120 cidades, mas as Prefeituras da regi\u00e3o ainda n\u00e3o aderiram ao programa Itu e Indaiatuba registraram novas mortes por covid nesta [&hellip;]<\/p>\n","protected":false},"author":1,"featured_media":23115,"comment_status":"closed","ping_status":"closed","sticky":false,"template":"","format":"standard","meta":{"_acf_changed":false,"ngg_post_thumbnail":0,"_joinchat":[],"footnotes":""},"categories":[449,8],"tags":[525],"class_list":["post-23114","post","type-post","status-publish","format-standard","has-post-thumbnail","hentry","category-destaque-lateral","category-saude-e-beleza","tag-saude-e-beleza"],"acf":[],"yoast_head":"<!-- This site is optimized with the Yoast SEO plugin v27.4 - https:\/\/yoast.com\/product\/yoast-seo-wordpress\/ -->\n<title>Itu e Indaiatuba t\u00eam novas mortes por covid; Estado amplia monitoramento em rede - Revista Regional<\/title>\n<meta name=\"robots\" content=\"index, follow, max-snippet:-1, max-image-preview:large, max-video-preview:-1\" \/>\n<link rel=\"canonical\" href=\"https:\/\/revistaregional.com.br\/site\/2020\/08\/12\/itu-e-indaiatuba-tem-novas-mortes-por-covid-estado-amplia-monitoramento-em-rede\/\" \/>\n<meta property=\"og:locale\" content=\"pt_BR\" \/>\n<meta property=\"og:type\" content=\"article\" \/>\n<meta property=\"og:title\" content=\"Itu e Indaiatuba t\u00eam novas mortes por covid; Estado amplia monitoramento em rede - Revista Regional\" \/>\n<meta property=\"og:description\" content=\"Foram 2 mortes em Itu e mais 1 em Indaiatuba; UTI da rede p\u00fablica volta a ficar lotada em Salto; Governo estadual anunciou nesta quarta-feira a amplia\u00e7\u00e3o do monitoramento em rede do coronav\u00edrus para 120 cidades, mas as Prefeituras da regi\u00e3o ainda n\u00e3o aderiram ao programa Itu e Indaiatuba registraram novas mortes por covid nesta [&hellip;]\" \/>\n<meta property=\"og:url\" content=\"https:\/\/revistaregional.com.br\/site\/2020\/08\/12\/itu-e-indaiatuba-tem-novas-mortes-por-covid-estado-amplia-monitoramento-em-rede\/\" \/>\n<meta property=\"og:site_name\" content=\"Revista Regional\" \/>\n<meta property=\"article:published_time\" content=\"2020-08-12T21:06:55+00:00\" \/>\n<meta property=\"article:modified_time\" content=\"2024-01-26T12:32:10+00:00\" \/>\n<meta property=\"og:image\" content=\"https:\/\/revistaregional.com.br\/site\/wp-content\/uploads\/2020\/08\/8-app-corona-8.jpg\" \/>\n\t<meta property=\"og:image:width\" content=\"626\" \/>\n\t<meta property=\"og:image:height\" content=\"304\" \/>\n\t<meta property=\"og:image:type\" content=\"image\/jpeg\" \/>\n<meta name=\"author\" content=\"contato@revistaregional.com.br\" \/>\n<meta name=\"twitter:card\" content=\"summary_large_image\" \/>\n<meta name=\"twitter:label1\" content=\"Escrito por\" \/>\n\t<meta name=\"twitter:data1\" content=\"contato@revistaregional.com.br\" \/>\n\t<meta name=\"twitter:label2\" content=\"Est. tempo de leitura\" \/>\n\t<meta name=\"twitter:data2\" content=\"4 minutos\" \/>\n<script type=\"application\/ld+json\" class=\"yoast-schema-graph\">{\"@context\":\"https:\\\/\\\/schema.org\",\"@graph\":[{\"@type\":\"Article\",\"@id\":\"https:\\\/\\\/revistaregional.com.br\\\/site\\\/2020\\\/08\\\/12\\\/itu-e-indaiatuba-tem-novas-mortes-por-covid-estado-amplia-monitoramento-em-rede\\\/#article\",\"isPartOf\":{\"@id\":\"https:\\\/\\\/revistaregional.com.br\\\/site\\\/2020\\\/08\\\/12\\\/itu-e-indaiatuba-tem-novas-mortes-por-covid-estado-amplia-monitoramento-em-rede\\\/\"},\"author\":{\"name\":\"contato@revistaregional.com.br\",\"@id\":\"https:\\\/\\\/revistaregional.com.br\\\/site\\\/#\\\/schema\\\/person\\\/382af97c580dc1b18f55107bc316010d\"},\"headline\":\"Itu e Indaiatuba t\u00eam novas mortes por covid; Estado amplia monitoramento em rede\",\"datePublished\":\"2020-08-12T21:06:55+00:00\",\"dateModified\":\"2024-01-26T12:32:10+00:00\",\"mainEntityOfPage\":{\"@id\":\"https:\\\/\\\/revistaregional.com.br\\\/site\\\/2020\\\/08\\\/12\\\/itu-e-indaiatuba-tem-novas-mortes-por-covid-estado-amplia-monitoramento-em-rede\\\/\"},\"wordCount\":890,\"image\":{\"@id\":\"https:\\\/\\\/revistaregional.com.br\\\/site\\\/2020\\\/08\\\/12\\\/itu-e-indaiatuba-tem-novas-mortes-por-covid-estado-amplia-monitoramento-em-rede\\\/#primaryimage\"},\"thumbnailUrl\":\"https:\\\/\\\/revistaregional.com.br\\\/site\\\/wp-content\\\/uploads\\\/2020\\\/08\\\/8-app-corona-8.jpg\",\"keywords\":[\"Sa\u00fade e Beleza\"],\"articleSection\":[\"Destaque Lateral\",\"Sa\u00fade e Beleza\"],\"inLanguage\":\"pt-BR\"},{\"@type\":\"WebPage\",\"@id\":\"https:\\\/\\\/revistaregional.com.br\\\/site\\\/2020\\\/08\\\/12\\\/itu-e-indaiatuba-tem-novas-mortes-por-covid-estado-amplia-monitoramento-em-rede\\\/\",\"url\":\"https:\\\/\\\/revistaregional.com.br\\\/site\\\/2020\\\/08\\\/12\\\/itu-e-indaiatuba-tem-novas-mortes-por-covid-estado-amplia-monitoramento-em-rede\\\/\",\"name\":\"Itu e Indaiatuba t\u00eam novas mortes por covid; Estado amplia monitoramento em rede - Revista Regional\",\"isPartOf\":{\"@id\":\"https:\\\/\\\/revistaregional.com.br\\\/site\\\/#website\"},\"primaryImageOfPage\":{\"@id\":\"https:\\\/\\\/revistaregional.com.br\\\/site\\\/2020\\\/08\\\/12\\\/itu-e-indaiatuba-tem-novas-mortes-por-covid-estado-amplia-monitoramento-em-rede\\\/#primaryimage\"},\"image\":{\"@id\":\"https:\\\/\\\/revistaregional.com.br\\\/site\\\/2020\\\/08\\\/12\\\/itu-e-indaiatuba-tem-novas-mortes-por-covid-estado-amplia-monitoramento-em-rede\\\/#primaryimage\"},\"thumbnailUrl\":\"https:\\\/\\\/revistaregional.com.br\\\/site\\\/wp-content\\\/uploads\\\/2020\\\/08\\\/8-app-corona-8.jpg\",\"datePublished\":\"2020-08-12T21:06:55+00:00\",\"dateModified\":\"2024-01-26T12:32:10+00:00\",\"author\":{\"@id\":\"https:\\\/\\\/revistaregional.com.br\\\/site\\\/#\\\/schema\\\/person\\\/382af97c580dc1b18f55107bc316010d\"},\"breadcrumb\":{\"@id\":\"https:\\\/\\\/revistaregional.com.br\\\/site\\\/2020\\\/08\\\/12\\\/itu-e-indaiatuba-tem-novas-mortes-por-covid-estado-amplia-monitoramento-em-rede\\\/#breadcrumb\"},\"inLanguage\":\"pt-BR\",\"potentialAction\":[{\"@type\":\"ReadAction\",\"target\":[\"https:\\\/\\\/revistaregional.com.br\\\/site\\\/2020\\\/08\\\/12\\\/itu-e-indaiatuba-tem-novas-mortes-por-covid-estado-amplia-monitoramento-em-rede\\\/\"]}]},{\"@type\":\"ImageObject\",\"inLanguage\":\"pt-BR\",\"@id\":\"https:\\\/\\\/revistaregional.com.br\\\/site\\\/2020\\\/08\\\/12\\\/itu-e-indaiatuba-tem-novas-mortes-por-covid-estado-amplia-monitoramento-em-rede\\\/#primaryimage\",\"url\":\"https:\\\/\\\/revistaregional.com.br\\\/site\\\/wp-content\\\/uploads\\\/2020\\\/08\\\/8-app-corona-8.jpg\",\"contentUrl\":\"https:\\\/\\\/revistaregional.com.br\\\/site\\\/wp-content\\\/uploads\\\/2020\\\/08\\\/8-app-corona-8.jpg\",\"width\":626,\"height\":304,\"caption\":\"Regi\u00e3o registra novos casos e tamb\u00e9m mais mortes por covid\"},{\"@type\":\"BreadcrumbList\",\"@id\":\"https:\\\/\\\/revistaregional.com.br\\\/site\\\/2020\\\/08\\\/12\\\/itu-e-indaiatuba-tem-novas-mortes-por-covid-estado-amplia-monitoramento-em-rede\\\/#breadcrumb\",\"itemListElement\":[{\"@type\":\"ListItem\",\"position\":1,\"name\":\"In\u00edcio\",\"item\":\"https:\\\/\\\/revistaregional.com.br\\\/site\\\/\"},{\"@type\":\"ListItem\",\"position\":2,\"name\":\"Itu e Indaiatuba t\u00eam novas mortes por covid; Estado amplia monitoramento em rede\"}]},{\"@type\":\"WebSite\",\"@id\":\"https:\\\/\\\/revistaregional.com.br\\\/site\\\/#website\",\"url\":\"https:\\\/\\\/revistaregional.com.br\\\/site\\\/\",\"name\":\"Revista Regional\",\"description\":\"Salto - Itu - Indaituba\",\"potentialAction\":[{\"@type\":\"SearchAction\",\"target\":{\"@type\":\"EntryPoint\",\"urlTemplate\":\"https:\\\/\\\/revistaregional.com.br\\\/site\\\/?s={search_term_string}\"},\"query-input\":{\"@type\":\"PropertyValueSpecification\",\"valueRequired\":true,\"valueName\":\"search_term_string\"}}],\"inLanguage\":\"pt-BR\"},{\"@type\":\"Person\",\"@id\":\"https:\\\/\\\/revistaregional.com.br\\\/site\\\/#\\\/schema\\\/person\\\/382af97c580dc1b18f55107bc316010d\",\"name\":\"contato@revistaregional.com.br\",\"image\":{\"@type\":\"ImageObject\",\"inLanguage\":\"pt-BR\",\"@id\":\"https:\\\/\\\/secure.gravatar.com\\\/avatar\\\/869822917e96b2e292d5827e4635855396934485e7c4a0af84e9a214e32ca0cd?s=96&d=mm&r=g\",\"url\":\"https:\\\/\\\/secure.gravatar.com\\\/avatar\\\/869822917e96b2e292d5827e4635855396934485e7c4a0af84e9a214e32ca0cd?s=96&d=mm&r=g\",\"contentUrl\":\"https:\\\/\\\/secure.gravatar.com\\\/avatar\\\/869822917e96b2e292d5827e4635855396934485e7c4a0af84e9a214e32ca0cd?s=96&d=mm&r=g\",\"caption\":\"contato@revistaregional.com.br\"},\"url\":\"https:\\\/\\\/revistaregional.com.br\\\/site\\\/author\\\/contato@revistaregional.com.br\\\/\"}]}<\/script>\n<!-- \/ Yoast SEO plugin. -->","yoast_head_json":{"title":"Itu e Indaiatuba t\u00eam novas mortes por covid; Estado amplia monitoramento em rede - Revista Regional","robots":{"index":"index","follow":"follow","max-snippet":"max-snippet:-1","max-image-preview":"max-image-preview:large","max-video-preview":"max-video-preview:-1"},"canonical":"https:\/\/revistaregional.com.br\/site\/2020\/08\/12\/itu-e-indaiatuba-tem-novas-mortes-por-covid-estado-amplia-monitoramento-em-rede\/","og_locale":"pt_BR","og_type":"article","og_title":"Itu e Indaiatuba t\u00eam novas mortes por covid; Estado amplia monitoramento em rede - Revista Regional","og_description":"Foram 2 mortes em Itu e mais 1 em Indaiatuba; UTI da rede p\u00fablica volta a ficar lotada em Salto; Governo estadual anunciou nesta quarta-feira a amplia\u00e7\u00e3o do monitoramento em rede do coronav\u00edrus para 120 cidades, mas as Prefeituras da regi\u00e3o ainda n\u00e3o aderiram ao programa Itu e Indaiatuba registraram novas mortes por covid nesta [&hellip;]","og_url":"https:\/\/revistaregional.com.br\/site\/2020\/08\/12\/itu-e-indaiatuba-tem-novas-mortes-por-covid-estado-amplia-monitoramento-em-rede\/","og_site_name":"Revista Regional","article_published_time":"2020-08-12T21:06:55+00:00","article_modified_time":"2024-01-26T12:32:10+00:00","og_image":[{"width":626,"height":304,"url":"https:\/\/revistaregional.com.br\/site\/wp-content\/uploads\/2020\/08\/8-app-corona-8.jpg","type":"image\/jpeg"}],"author":"contato@revistaregional.com.br","twitter_card":"summary_large_image","twitter_misc":{"Escrito por":"contato@revistaregional.com.br","Est. tempo de leitura":"4 minutos"},"schema":{"@context":"https:\/\/schema.org","@graph":[{"@type":"Article","@id":"https:\/\/revistaregional.com.br\/site\/2020\/08\/12\/itu-e-indaiatuba-tem-novas-mortes-por-covid-estado-amplia-monitoramento-em-rede\/#article","isPartOf":{"@id":"https:\/\/revistaregional.com.br\/site\/2020\/08\/12\/itu-e-indaiatuba-tem-novas-mortes-por-covid-estado-amplia-monitoramento-em-rede\/"},"author":{"name":"contato@revistaregional.com.br","@id":"https:\/\/revistaregional.com.br\/site\/#\/schema\/person\/382af97c580dc1b18f55107bc316010d"},"headline":"Itu e Indaiatuba t\u00eam novas mortes por covid; Estado amplia monitoramento em rede","datePublished":"2020-08-12T21:06:55+00:00","dateModified":"2024-01-26T12:32:10+00:00","mainEntityOfPage":{"@id":"https:\/\/revistaregional.com.br\/site\/2020\/08\/12\/itu-e-indaiatuba-tem-novas-mortes-por-covid-estado-amplia-monitoramento-em-rede\/"},"wordCount":890,"image":{"@id":"https:\/\/revistaregional.com.br\/site\/2020\/08\/12\/itu-e-indaiatuba-tem-novas-mortes-por-covid-estado-amplia-monitoramento-em-rede\/#primaryimage"},"thumbnailUrl":"https:\/\/revistaregional.com.br\/site\/wp-content\/uploads\/2020\/08\/8-app-corona-8.jpg","keywords":["Sa\u00fade e Beleza"],"articleSection":["Destaque Lateral","Sa\u00fade e Beleza"],"inLanguage":"pt-BR"},{"@type":"WebPage","@id":"https:\/\/revistaregional.com.br\/site\/2020\/08\/12\/itu-e-indaiatuba-tem-novas-mortes-por-covid-estado-amplia-monitoramento-em-rede\/","url":"https:\/\/revistaregional.com.br\/site\/2020\/08\/12\/itu-e-indaiatuba-tem-novas-mortes-por-covid-estado-amplia-monitoramento-em-rede\/","name":"Itu e Indaiatuba t\u00eam novas mortes por covid; Estado amplia monitoramento em rede - Revista Regional","isPartOf":{"@id":"https:\/\/revistaregional.com.br\/site\/#website"},"primaryImageOfPage":{"@id":"https:\/\/revistaregional.com.br\/site\/2020\/08\/12\/itu-e-indaiatuba-tem-novas-mortes-por-covid-estado-amplia-monitoramento-em-rede\/#primaryimage"},"image":{"@id":"https:\/\/revistaregional.com.br\/site\/2020\/08\/12\/itu-e-indaiatuba-tem-novas-mortes-por-covid-estado-amplia-monitoramento-em-rede\/#primaryimage"},"thumbnailUrl":"https:\/\/revistaregional.com.br\/site\/wp-content\/uploads\/2020\/08\/8-app-corona-8.jpg","datePublished":"2020-08-12T21:06:55+00:00","dateModified":"2024-01-26T12:32:10+00:00","author":{"@id":"https:\/\/revistaregional.com.br\/site\/#\/schema\/person\/382af97c580dc1b18f55107bc316010d"},"breadcrumb":{"@id":"https:\/\/revistaregional.com.br\/site\/2020\/08\/12\/itu-e-indaiatuba-tem-novas-mortes-por-covid-estado-amplia-monitoramento-em-rede\/#breadcrumb"},"inLanguage":"pt-BR","potentialAction":[{"@type":"ReadAction","target":["https:\/\/revistaregional.com.br\/site\/2020\/08\/12\/itu-e-indaiatuba-tem-novas-mortes-por-covid-estado-amplia-monitoramento-em-rede\/"]}]},{"@type":"ImageObject","inLanguage":"pt-BR","@id":"https:\/\/revistaregional.com.br\/site\/2020\/08\/12\/itu-e-indaiatuba-tem-novas-mortes-por-covid-estado-amplia-monitoramento-em-rede\/#primaryimage","url":"https:\/\/revistaregional.com.br\/site\/wp-content\/uploads\/2020\/08\/8-app-corona-8.jpg","contentUrl":"https:\/\/revistaregional.com.br\/site\/wp-content\/uploads\/2020\/08\/8-app-corona-8.jpg","width":626,"height":304,"caption":"Regi\u00e3o registra novos casos e tamb\u00e9m mais mortes por covid"},{"@type":"BreadcrumbList","@id":"https:\/\/revistaregional.com.br\/site\/2020\/08\/12\/itu-e-indaiatuba-tem-novas-mortes-por-covid-estado-amplia-monitoramento-em-rede\/#breadcrumb","itemListElement":[{"@type":"ListItem","position":1,"name":"In\u00edcio","item":"https:\/\/revistaregional.com.br\/site\/"},{"@type":"ListItem","position":2,"name":"Itu e Indaiatuba t\u00eam novas mortes por covid; Estado amplia monitoramento em rede"}]},{"@type":"WebSite","@id":"https:\/\/revistaregional.com.br\/site\/#website","url":"https:\/\/revistaregional.com.br\/site\/","name":"Revista Regional","description":"Salto - Itu - Indaituba","potentialAction":[{"@type":"SearchAction","target":{"@type":"EntryPoint","urlTemplate":"https:\/\/revistaregional.com.br\/site\/?s={search_term_string}"},"query-input":{"@type":"PropertyValueSpecification","valueRequired":true,"valueName":"search_term_string"}}],"inLanguage":"pt-BR"},{"@type":"Person","@id":"https:\/\/revistaregional.com.br\/site\/#\/schema\/person\/382af97c580dc1b18f55107bc316010d","name":"contato@revistaregional.com.br","image":{"@type":"ImageObject","inLanguage":"pt-BR","@id":"https:\/\/secure.gravatar.com\/avatar\/869822917e96b2e292d5827e4635855396934485e7c4a0af84e9a214e32ca0cd?s=96&d=mm&r=g","url":"https:\/\/secure.gravatar.com\/avatar\/869822917e96b2e292d5827e4635855396934485e7c4a0af84e9a214e32ca0cd?s=96&d=mm&r=g","contentUrl":"https:\/\/secure.gravatar.com\/avatar\/869822917e96b2e292d5827e4635855396934485e7c4a0af84e9a214e32ca0cd?s=96&d=mm&r=g","caption":"contato@revistaregional.com.br"},"url":"https:\/\/revistaregional.com.br\/site\/author\/contato@revistaregional.com.br\/"}]}},"views":71,"_links":{"self":[{"href":"https:\/\/revistaregional.com.br\/site\/wp-json\/wp\/v2\/posts\/23114","targetHints":{"allow":["GET"]}}],"collection":[{"href":"https:\/\/revistaregional.com.br\/site\/wp-json\/wp\/v2\/posts"}],"about":[{"href":"https:\/\/revistaregional.com.br\/site\/wp-json\/wp\/v2\/types\/post"}],"author":[{"embeddable":true,"href":"https:\/\/revistaregional.com.br\/site\/wp-json\/wp\/v2\/users\/1"}],"replies":[{"embeddable":true,"href":"https:\/\/revistaregional.com.br\/site\/wp-json\/wp\/v2\/comments?post=23114"}],"version-history":[{"count":1,"href":"https:\/\/revistaregional.com.br\/site\/wp-json\/wp\/v2\/posts\/23114\/revisions"}],"predecessor-version":[{"id":23116,"href":"https:\/\/revistaregional.com.br\/site\/wp-json\/wp\/v2\/posts\/23114\/revisions\/23116"}],"wp:featuredmedia":[{"embeddable":true,"href":"https:\/\/revistaregional.com.br\/site\/wp-json\/wp\/v2\/media\/23115"}],"wp:attachment":[{"href":"https:\/\/revistaregional.com.br\/site\/wp-json\/wp\/v2\/media?parent=23114"}],"wp:term":[{"taxonomy":"category","embeddable":true,"href":"https:\/\/revistaregional.com.br\/site\/wp-json\/wp\/v2\/categories?post=23114"},{"taxonomy":"post_tag","embeddable":true,"href":"https:\/\/revistaregional.com.br\/site\/wp-json\/wp\/v2\/tags?post=23114"}],"curies":[{"name":"wp","href":"https:\/\/api.w.org\/{rel}","templated":true}]}}