{"id":23109,"date":"2020-08-11T18:11:28","date_gmt":"2020-08-11T21:11:28","guid":{"rendered":"https:\/\/revistaregional.com.br\/site\/?p=23109"},"modified":"2024-01-26T09:32:11","modified_gmt":"2024-01-26T12:32:11","slug":"indaiatuba-confirma-mais-3-mortes-por-covid-e-salto-1","status":"publish","type":"post","link":"https:\/\/revistaregional.com.br\/site\/2020\/08\/11\/indaiatuba-confirma-mais-3-mortes-por-covid-e-salto-1\/","title":{"rendered":"Indaiatuba confirma mais 3 mortes por covid e Salto, 1"},"content":{"rendered":"<ul>\n<li><strong><em>Foram 3 mortes confirmadas em Indaiatuba, que tem ainda outras 4 suspeitas<\/em><\/strong><\/li>\n<li><strong><em>Itu tem 5 \u00f3bitos suspeitos de covid; <\/em><\/strong><\/li>\n<li><strong><em>Todas as cidades registraram novos infectados nas \u00faltimas 24 horas<\/em><\/strong><\/li>\n<\/ul>\n<figure id=\"attachment_23110\" aria-describedby=\"caption-attachment-23110\" style=\"width: 551px\" class=\"wp-caption aligncenter\"><img fetchpriority=\"high\" decoding=\"async\" class=\" wp-image-23110\" src=\"https:\/\/revistaregional.com.br\/site\/wp-content\/uploads\/2020\/08\/3-app-corona-3-1024x576.jpg\" alt=\"\" width=\"551\" height=\"310\" data-id=\"23110\" srcset=\"https:\/\/revistaregional.com.br\/site\/wp-content\/uploads\/2020\/08\/3-app-corona-3-1024x576.jpg 1024w, https:\/\/revistaregional.com.br\/site\/wp-content\/uploads\/2020\/08\/3-app-corona-3-300x169.jpg 300w, https:\/\/revistaregional.com.br\/site\/wp-content\/uploads\/2020\/08\/3-app-corona-3-1536x864.jpg 1536w, https:\/\/revistaregional.com.br\/site\/wp-content\/uploads\/2020\/08\/3-app-corona-3-2048x1152.jpg 2048w, https:\/\/revistaregional.com.br\/site\/wp-content\/uploads\/2020\/08\/3-app-corona-3-150x84.jpg 150w\" sizes=\"(max-width: 551px) 100vw, 551px\" \/><figcaption id=\"caption-attachment-23110\" class=\"wp-caption-text\">Mais mortes e novos casos de covid em toda a regi\u00e3o<\/figcaption><\/figure>\n<p>Indaiatuba confirmou nesta ter\u00e7a-feira, 11 de agosto, 3 mortes por covid ocorridas entre 6 e 7 de agosto. Na regi\u00e3o, Salto teve mais 1 \u00f3bito pela doen\u00e7a e Itu, 5 mortes s\u00e3o suspeitas de covid.<\/p>\n<p>Dois \u00f3bitos ocorreram na UPA (Unidade de Pronto Atendimento) de Indaiatuba. Um deles foi um homem com 88 anos que faleceu no dia 6 de agosto logo ap\u00f3s dar entrada na unidade. O outro caso foi uma mulher de 92 anos que foi internada dia 31 de julho e veio a \u00f3bito dia 7 de agosto. A terceira morte foi de uma mulher que foi hospitalizada no Haoc (Hospital Augusto de Oliveira Camargo) em 3 de agosto e tamb\u00e9m faleceu no dia 7. Todas as mortes s\u00f3 tiveram confirma\u00e7\u00e3o de covid e foram divulgadas pela Prefeitura nesta ter\u00e7a-feira, dia 10.<\/p>\n<p>Ainda nesta data, Indaiatuba confirmou mais 67 novos infectados, somando agora 4.850 casos confirmados, sendo que 139 morreram e 4.668 s\u00e3o considerados curados ou est\u00e3o em recupera\u00e7\u00e3o domiciliar (a Prefeitura n\u00e3o divulga um n\u00famero exato de recuperados). Atualmente, 43 pacientes continuam internados e outros 416 suspeitos aguardam resultados dos exames. H\u00e1 ainda 4 \u00f3bitos suspeitos em investiga\u00e7\u00e3o.<\/p>\n<p>Atualmente h\u00e1 36 pessoas internadas em leito cl\u00ednico e 28 em UTI (Unidade de Terapia Intensiva). A taxa de ocupa\u00e7\u00e3o das UTIs est\u00e1 em 79% no Haoc e 75% no Hospital Santa Ign\u00eas.<\/p>\n<p>Salto tamb\u00e9m registrou mais 1 morte por covid nesta ter\u00e7a-feira: o paciente tinha 87 anos e estava internado no Hospital Municipal. Foi o 38\u00ba \u00f3bito por covid na cidade, que possui ainda 1.185 casos confirmados desde o in\u00edcio da pandemia, sendo 39 novos infectados nas \u00faltimas 24 horas. Do total de casos, 1.081 evolu\u00edram para cura, 16 seguem internados (sendo 5 em UTI) e 50 est\u00e3o em isolamento domiciliar.<\/p>\n<p>Salto possui 204 casos suspeitos que aguardam resultados. Destes, 184 est\u00e3o em isolamento domiciliar, 9 em interna\u00e7\u00e3o cl\u00ednica (sendo 3 em UTI) e h\u00e1 mais 1 \u00f3bito suspeito de covid. A taxa de ocupa\u00e7\u00e3o da UTI do Hospital Municipal est\u00e1 em 83%.<\/p>\n<p>Nas \u00faltimas 24 horas, Itu registrou mais 40 infectados, totalizando 1.898 casos confirmados desde o in\u00edcio da pandemia, sendo que 65 morreram e 1.646 se recuperaram. A cidade possui 104 suspeitos aguardando resultados de testes. H\u00e1 17 pacientes internados em leito cl\u00ednico para covid e 13 em UTI. Itu tem ainda 5 mortes suspeitas de covid. A taxa de ocupa\u00e7\u00e3o das UTIs est\u00e1 em 87,5% no Hospital Municipal e 50% no Hospital de Campanha.<\/p>\n<p>&nbsp;<\/p>\n<p>foto: BIRF<\/p>\n","protected":false},"excerpt":{"rendered":"<p>Foram 3 mortes confirmadas em Indaiatuba, que tem ainda outras 4 suspeitas Itu tem 5 \u00f3bitos suspeitos de covid; Todas as cidades registraram novos infectados nas \u00faltimas 24 horas Indaiatuba confirmou nesta ter\u00e7a-feira, 11 de agosto, 3 mortes por covid ocorridas entre 6 e 7 de agosto. Na regi\u00e3o, Salto teve mais 1 \u00f3bito pela [&hellip;]<\/p>\n","protected":false},"author":1,"featured_media":23110,"comment_status":"closed","ping_status":"closed","sticky":false,"template":"","format":"standard","meta":{"_acf_changed":false,"ngg_post_thumbnail":0,"_joinchat":[],"footnotes":""},"categories":[449,8],"tags":[525],"class_list":["post-23109","post","type-post","status-publish","format-standard","has-post-thumbnail","hentry","category-destaque-lateral","category-saude-e-beleza","tag-saude-e-beleza"],"acf":[],"yoast_head":"<!-- This site is optimized with the Yoast SEO plugin v27.4 - https:\/\/yoast.com\/product\/yoast-seo-wordpress\/ -->\n<title>Indaiatuba confirma mais 3 mortes por covid e Salto, 1 - Revista Regional<\/title>\n<meta name=\"robots\" content=\"index, follow, max-snippet:-1, max-image-preview:large, max-video-preview:-1\" \/>\n<link rel=\"canonical\" href=\"https:\/\/revistaregional.com.br\/site\/2020\/08\/11\/indaiatuba-confirma-mais-3-mortes-por-covid-e-salto-1\/\" \/>\n<meta property=\"og:locale\" content=\"pt_BR\" \/>\n<meta property=\"og:type\" content=\"article\" \/>\n<meta property=\"og:title\" content=\"Indaiatuba confirma mais 3 mortes por covid e Salto, 1 - Revista Regional\" \/>\n<meta property=\"og:description\" content=\"Foram 3 mortes confirmadas em Indaiatuba, que tem ainda outras 4 suspeitas Itu tem 5 \u00f3bitos suspeitos de covid; Todas as cidades registraram novos infectados nas \u00faltimas 24 horas Indaiatuba confirmou nesta ter\u00e7a-feira, 11 de agosto, 3 mortes por covid ocorridas entre 6 e 7 de agosto. Na regi\u00e3o, Salto teve mais 1 \u00f3bito pela [&hellip;]\" \/>\n<meta property=\"og:url\" content=\"https:\/\/revistaregional.com.br\/site\/2020\/08\/11\/indaiatuba-confirma-mais-3-mortes-por-covid-e-salto-1\/\" \/>\n<meta property=\"og:site_name\" content=\"Revista Regional\" \/>\n<meta property=\"article:published_time\" content=\"2020-08-11T21:11:28+00:00\" \/>\n<meta property=\"article:modified_time\" content=\"2024-01-26T12:32:11+00:00\" \/>\n<meta property=\"og:image\" content=\"https:\/\/revistaregional.com.br\/site\/wp-content\/uploads\/2020\/08\/3-app-corona-3.jpg\" \/>\n\t<meta property=\"og:image:width\" content=\"2309\" \/>\n\t<meta property=\"og:image:height\" content=\"1299\" \/>\n\t<meta property=\"og:image:type\" content=\"image\/jpeg\" \/>\n<meta name=\"author\" content=\"contato@revistaregional.com.br\" \/>\n<meta name=\"twitter:card\" content=\"summary_large_image\" \/>\n<meta name=\"twitter:label1\" content=\"Escrito por\" \/>\n\t<meta name=\"twitter:data1\" content=\"contato@revistaregional.com.br\" \/>\n\t<meta name=\"twitter:label2\" content=\"Est. tempo de leitura\" \/>\n\t<meta name=\"twitter:data2\" content=\"2 minutos\" \/>\n<script type=\"application\/ld+json\" class=\"yoast-schema-graph\">{\"@context\":\"https:\\\/\\\/schema.org\",\"@graph\":[{\"@type\":\"Article\",\"@id\":\"https:\\\/\\\/revistaregional.com.br\\\/site\\\/2020\\\/08\\\/11\\\/indaiatuba-confirma-mais-3-mortes-por-covid-e-salto-1\\\/#article\",\"isPartOf\":{\"@id\":\"https:\\\/\\\/revistaregional.com.br\\\/site\\\/2020\\\/08\\\/11\\\/indaiatuba-confirma-mais-3-mortes-por-covid-e-salto-1\\\/\"},\"author\":{\"name\":\"contato@revistaregional.com.br\",\"@id\":\"https:\\\/\\\/revistaregional.com.br\\\/site\\\/#\\\/schema\\\/person\\\/382af97c580dc1b18f55107bc316010d\"},\"headline\":\"Indaiatuba confirma mais 3 mortes por covid e Salto, 1\",\"datePublished\":\"2020-08-11T21:11:28+00:00\",\"dateModified\":\"2024-01-26T12:32:11+00:00\",\"mainEntityOfPage\":{\"@id\":\"https:\\\/\\\/revistaregional.com.br\\\/site\\\/2020\\\/08\\\/11\\\/indaiatuba-confirma-mais-3-mortes-por-covid-e-salto-1\\\/\"},\"wordCount\":442,\"image\":{\"@id\":\"https:\\\/\\\/revistaregional.com.br\\\/site\\\/2020\\\/08\\\/11\\\/indaiatuba-confirma-mais-3-mortes-por-covid-e-salto-1\\\/#primaryimage\"},\"thumbnailUrl\":\"https:\\\/\\\/revistaregional.com.br\\\/site\\\/wp-content\\\/uploads\\\/2020\\\/08\\\/3-app-corona-3.jpg\",\"keywords\":[\"Sa\u00fade e Beleza\"],\"articleSection\":[\"Destaque Lateral\",\"Sa\u00fade e Beleza\"],\"inLanguage\":\"pt-BR\"},{\"@type\":\"WebPage\",\"@id\":\"https:\\\/\\\/revistaregional.com.br\\\/site\\\/2020\\\/08\\\/11\\\/indaiatuba-confirma-mais-3-mortes-por-covid-e-salto-1\\\/\",\"url\":\"https:\\\/\\\/revistaregional.com.br\\\/site\\\/2020\\\/08\\\/11\\\/indaiatuba-confirma-mais-3-mortes-por-covid-e-salto-1\\\/\",\"name\":\"Indaiatuba confirma mais 3 mortes por covid e Salto, 1 - Revista Regional\",\"isPartOf\":{\"@id\":\"https:\\\/\\\/revistaregional.com.br\\\/site\\\/#website\"},\"primaryImageOfPage\":{\"@id\":\"https:\\\/\\\/revistaregional.com.br\\\/site\\\/2020\\\/08\\\/11\\\/indaiatuba-confirma-mais-3-mortes-por-covid-e-salto-1\\\/#primaryimage\"},\"image\":{\"@id\":\"https:\\\/\\\/revistaregional.com.br\\\/site\\\/2020\\\/08\\\/11\\\/indaiatuba-confirma-mais-3-mortes-por-covid-e-salto-1\\\/#primaryimage\"},\"thumbnailUrl\":\"https:\\\/\\\/revistaregional.com.br\\\/site\\\/wp-content\\\/uploads\\\/2020\\\/08\\\/3-app-corona-3.jpg\",\"datePublished\":\"2020-08-11T21:11:28+00:00\",\"dateModified\":\"2024-01-26T12:32:11+00:00\",\"author\":{\"@id\":\"https:\\\/\\\/revistaregional.com.br\\\/site\\\/#\\\/schema\\\/person\\\/382af97c580dc1b18f55107bc316010d\"},\"breadcrumb\":{\"@id\":\"https:\\\/\\\/revistaregional.com.br\\\/site\\\/2020\\\/08\\\/11\\\/indaiatuba-confirma-mais-3-mortes-por-covid-e-salto-1\\\/#breadcrumb\"},\"inLanguage\":\"pt-BR\",\"potentialAction\":[{\"@type\":\"ReadAction\",\"target\":[\"https:\\\/\\\/revistaregional.com.br\\\/site\\\/2020\\\/08\\\/11\\\/indaiatuba-confirma-mais-3-mortes-por-covid-e-salto-1\\\/\"]}]},{\"@type\":\"ImageObject\",\"inLanguage\":\"pt-BR\",\"@id\":\"https:\\\/\\\/revistaregional.com.br\\\/site\\\/2020\\\/08\\\/11\\\/indaiatuba-confirma-mais-3-mortes-por-covid-e-salto-1\\\/#primaryimage\",\"url\":\"https:\\\/\\\/revistaregional.com.br\\\/site\\\/wp-content\\\/uploads\\\/2020\\\/08\\\/3-app-corona-3.jpg\",\"contentUrl\":\"https:\\\/\\\/revistaregional.com.br\\\/site\\\/wp-content\\\/uploads\\\/2020\\\/08\\\/3-app-corona-3.jpg\",\"width\":2309,\"height\":1299,\"caption\":\"Mais mortes e novos casos de covid em toda a regi\u00e3o\"},{\"@type\":\"BreadcrumbList\",\"@id\":\"https:\\\/\\\/revistaregional.com.br\\\/site\\\/2020\\\/08\\\/11\\\/indaiatuba-confirma-mais-3-mortes-por-covid-e-salto-1\\\/#breadcrumb\",\"itemListElement\":[{\"@type\":\"ListItem\",\"position\":1,\"name\":\"In\u00edcio\",\"item\":\"https:\\\/\\\/revistaregional.com.br\\\/site\\\/\"},{\"@type\":\"ListItem\",\"position\":2,\"name\":\"Indaiatuba confirma mais 3 mortes por covid e Salto, 1\"}]},{\"@type\":\"WebSite\",\"@id\":\"https:\\\/\\\/revistaregional.com.br\\\/site\\\/#website\",\"url\":\"https:\\\/\\\/revistaregional.com.br\\\/site\\\/\",\"name\":\"Revista Regional\",\"description\":\"Salto - Itu - Indaituba\",\"potentialAction\":[{\"@type\":\"SearchAction\",\"target\":{\"@type\":\"EntryPoint\",\"urlTemplate\":\"https:\\\/\\\/revistaregional.com.br\\\/site\\\/?s={search_term_string}\"},\"query-input\":{\"@type\":\"PropertyValueSpecification\",\"valueRequired\":true,\"valueName\":\"search_term_string\"}}],\"inLanguage\":\"pt-BR\"},{\"@type\":\"Person\",\"@id\":\"https:\\\/\\\/revistaregional.com.br\\\/site\\\/#\\\/schema\\\/person\\\/382af97c580dc1b18f55107bc316010d\",\"name\":\"contato@revistaregional.com.br\",\"image\":{\"@type\":\"ImageObject\",\"inLanguage\":\"pt-BR\",\"@id\":\"https:\\\/\\\/secure.gravatar.com\\\/avatar\\\/869822917e96b2e292d5827e4635855396934485e7c4a0af84e9a214e32ca0cd?s=96&d=mm&r=g\",\"url\":\"https:\\\/\\\/secure.gravatar.com\\\/avatar\\\/869822917e96b2e292d5827e4635855396934485e7c4a0af84e9a214e32ca0cd?s=96&d=mm&r=g\",\"contentUrl\":\"https:\\\/\\\/secure.gravatar.com\\\/avatar\\\/869822917e96b2e292d5827e4635855396934485e7c4a0af84e9a214e32ca0cd?s=96&d=mm&r=g\",\"caption\":\"contato@revistaregional.com.br\"},\"url\":\"https:\\\/\\\/revistaregional.com.br\\\/site\\\/author\\\/contato@revistaregional.com.br\\\/\"}]}<\/script>\n<!-- \/ Yoast SEO plugin. -->","yoast_head_json":{"title":"Indaiatuba confirma mais 3 mortes por covid e Salto, 1 - Revista Regional","robots":{"index":"index","follow":"follow","max-snippet":"max-snippet:-1","max-image-preview":"max-image-preview:large","max-video-preview":"max-video-preview:-1"},"canonical":"https:\/\/revistaregional.com.br\/site\/2020\/08\/11\/indaiatuba-confirma-mais-3-mortes-por-covid-e-salto-1\/","og_locale":"pt_BR","og_type":"article","og_title":"Indaiatuba confirma mais 3 mortes por covid e Salto, 1 - Revista Regional","og_description":"Foram 3 mortes confirmadas em Indaiatuba, que tem ainda outras 4 suspeitas Itu tem 5 \u00f3bitos suspeitos de covid; Todas as cidades registraram novos infectados nas \u00faltimas 24 horas Indaiatuba confirmou nesta ter\u00e7a-feira, 11 de agosto, 3 mortes por covid ocorridas entre 6 e 7 de agosto. Na regi\u00e3o, Salto teve mais 1 \u00f3bito pela [&hellip;]","og_url":"https:\/\/revistaregional.com.br\/site\/2020\/08\/11\/indaiatuba-confirma-mais-3-mortes-por-covid-e-salto-1\/","og_site_name":"Revista Regional","article_published_time":"2020-08-11T21:11:28+00:00","article_modified_time":"2024-01-26T12:32:11+00:00","og_image":[{"width":2309,"height":1299,"url":"https:\/\/revistaregional.com.br\/site\/wp-content\/uploads\/2020\/08\/3-app-corona-3.jpg","type":"image\/jpeg"}],"author":"contato@revistaregional.com.br","twitter_card":"summary_large_image","twitter_misc":{"Escrito por":"contato@revistaregional.com.br","Est. tempo de leitura":"2 minutos"},"schema":{"@context":"https:\/\/schema.org","@graph":[{"@type":"Article","@id":"https:\/\/revistaregional.com.br\/site\/2020\/08\/11\/indaiatuba-confirma-mais-3-mortes-por-covid-e-salto-1\/#article","isPartOf":{"@id":"https:\/\/revistaregional.com.br\/site\/2020\/08\/11\/indaiatuba-confirma-mais-3-mortes-por-covid-e-salto-1\/"},"author":{"name":"contato@revistaregional.com.br","@id":"https:\/\/revistaregional.com.br\/site\/#\/schema\/person\/382af97c580dc1b18f55107bc316010d"},"headline":"Indaiatuba confirma mais 3 mortes por covid e Salto, 1","datePublished":"2020-08-11T21:11:28+00:00","dateModified":"2024-01-26T12:32:11+00:00","mainEntityOfPage":{"@id":"https:\/\/revistaregional.com.br\/site\/2020\/08\/11\/indaiatuba-confirma-mais-3-mortes-por-covid-e-salto-1\/"},"wordCount":442,"image":{"@id":"https:\/\/revistaregional.com.br\/site\/2020\/08\/11\/indaiatuba-confirma-mais-3-mortes-por-covid-e-salto-1\/#primaryimage"},"thumbnailUrl":"https:\/\/revistaregional.com.br\/site\/wp-content\/uploads\/2020\/08\/3-app-corona-3.jpg","keywords":["Sa\u00fade e Beleza"],"articleSection":["Destaque Lateral","Sa\u00fade e Beleza"],"inLanguage":"pt-BR"},{"@type":"WebPage","@id":"https:\/\/revistaregional.com.br\/site\/2020\/08\/11\/indaiatuba-confirma-mais-3-mortes-por-covid-e-salto-1\/","url":"https:\/\/revistaregional.com.br\/site\/2020\/08\/11\/indaiatuba-confirma-mais-3-mortes-por-covid-e-salto-1\/","name":"Indaiatuba confirma mais 3 mortes por covid e Salto, 1 - Revista Regional","isPartOf":{"@id":"https:\/\/revistaregional.com.br\/site\/#website"},"primaryImageOfPage":{"@id":"https:\/\/revistaregional.com.br\/site\/2020\/08\/11\/indaiatuba-confirma-mais-3-mortes-por-covid-e-salto-1\/#primaryimage"},"image":{"@id":"https:\/\/revistaregional.com.br\/site\/2020\/08\/11\/indaiatuba-confirma-mais-3-mortes-por-covid-e-salto-1\/#primaryimage"},"thumbnailUrl":"https:\/\/revistaregional.com.br\/site\/wp-content\/uploads\/2020\/08\/3-app-corona-3.jpg","datePublished":"2020-08-11T21:11:28+00:00","dateModified":"2024-01-26T12:32:11+00:00","author":{"@id":"https:\/\/revistaregional.com.br\/site\/#\/schema\/person\/382af97c580dc1b18f55107bc316010d"},"breadcrumb":{"@id":"https:\/\/revistaregional.com.br\/site\/2020\/08\/11\/indaiatuba-confirma-mais-3-mortes-por-covid-e-salto-1\/#breadcrumb"},"inLanguage":"pt-BR","potentialAction":[{"@type":"ReadAction","target":["https:\/\/revistaregional.com.br\/site\/2020\/08\/11\/indaiatuba-confirma-mais-3-mortes-por-covid-e-salto-1\/"]}]},{"@type":"ImageObject","inLanguage":"pt-BR","@id":"https:\/\/revistaregional.com.br\/site\/2020\/08\/11\/indaiatuba-confirma-mais-3-mortes-por-covid-e-salto-1\/#primaryimage","url":"https:\/\/revistaregional.com.br\/site\/wp-content\/uploads\/2020\/08\/3-app-corona-3.jpg","contentUrl":"https:\/\/revistaregional.com.br\/site\/wp-content\/uploads\/2020\/08\/3-app-corona-3.jpg","width":2309,"height":1299,"caption":"Mais mortes e novos casos de covid em toda a regi\u00e3o"},{"@type":"BreadcrumbList","@id":"https:\/\/revistaregional.com.br\/site\/2020\/08\/11\/indaiatuba-confirma-mais-3-mortes-por-covid-e-salto-1\/#breadcrumb","itemListElement":[{"@type":"ListItem","position":1,"name":"In\u00edcio","item":"https:\/\/revistaregional.com.br\/site\/"},{"@type":"ListItem","position":2,"name":"Indaiatuba confirma mais 3 mortes por covid e Salto, 1"}]},{"@type":"WebSite","@id":"https:\/\/revistaregional.com.br\/site\/#website","url":"https:\/\/revistaregional.com.br\/site\/","name":"Revista Regional","description":"Salto - Itu - Indaituba","potentialAction":[{"@type":"SearchAction","target":{"@type":"EntryPoint","urlTemplate":"https:\/\/revistaregional.com.br\/site\/?s={search_term_string}"},"query-input":{"@type":"PropertyValueSpecification","valueRequired":true,"valueName":"search_term_string"}}],"inLanguage":"pt-BR"},{"@type":"Person","@id":"https:\/\/revistaregional.com.br\/site\/#\/schema\/person\/382af97c580dc1b18f55107bc316010d","name":"contato@revistaregional.com.br","image":{"@type":"ImageObject","inLanguage":"pt-BR","@id":"https:\/\/secure.gravatar.com\/avatar\/869822917e96b2e292d5827e4635855396934485e7c4a0af84e9a214e32ca0cd?s=96&d=mm&r=g","url":"https:\/\/secure.gravatar.com\/avatar\/869822917e96b2e292d5827e4635855396934485e7c4a0af84e9a214e32ca0cd?s=96&d=mm&r=g","contentUrl":"https:\/\/secure.gravatar.com\/avatar\/869822917e96b2e292d5827e4635855396934485e7c4a0af84e9a214e32ca0cd?s=96&d=mm&r=g","caption":"contato@revistaregional.com.br"},"url":"https:\/\/revistaregional.com.br\/site\/author\/contato@revistaregional.com.br\/"}]}},"views":58,"_links":{"self":[{"href":"https:\/\/revistaregional.com.br\/site\/wp-json\/wp\/v2\/posts\/23109","targetHints":{"allow":["GET"]}}],"collection":[{"href":"https:\/\/revistaregional.com.br\/site\/wp-json\/wp\/v2\/posts"}],"about":[{"href":"https:\/\/revistaregional.com.br\/site\/wp-json\/wp\/v2\/types\/post"}],"author":[{"embeddable":true,"href":"https:\/\/revistaregional.com.br\/site\/wp-json\/wp\/v2\/users\/1"}],"replies":[{"embeddable":true,"href":"https:\/\/revistaregional.com.br\/site\/wp-json\/wp\/v2\/comments?post=23109"}],"version-history":[{"count":1,"href":"https:\/\/revistaregional.com.br\/site\/wp-json\/wp\/v2\/posts\/23109\/revisions"}],"predecessor-version":[{"id":23111,"href":"https:\/\/revistaregional.com.br\/site\/wp-json\/wp\/v2\/posts\/23109\/revisions\/23111"}],"wp:featuredmedia":[{"embeddable":true,"href":"https:\/\/revistaregional.com.br\/site\/wp-json\/wp\/v2\/media\/23110"}],"wp:attachment":[{"href":"https:\/\/revistaregional.com.br\/site\/wp-json\/wp\/v2\/media?parent=23109"}],"wp:term":[{"taxonomy":"category","embeddable":true,"href":"https:\/\/revistaregional.com.br\/site\/wp-json\/wp\/v2\/categories?post=23109"},{"taxonomy":"post_tag","embeddable":true,"href":"https:\/\/revistaregional.com.br\/site\/wp-json\/wp\/v2\/tags?post=23109"}],"curies":[{"name":"wp","href":"https:\/\/api.w.org\/{rel}","templated":true}]}}