{"id":22973,"date":"2020-07-27T18:28:00","date_gmt":"2020-07-27T21:28:00","guid":{"rendered":"https:\/\/revistaregional.com.br\/site\/?p=22973"},"modified":"2024-01-26T09:32:19","modified_gmt":"2024-01-26T12:32:19","slug":"indaiatuba-e-itu-tem-novas-mortes-por-covid-estado-muda-criterios-para-flexibilizacao","status":"publish","type":"post","link":"https:\/\/revistaregional.com.br\/site\/2020\/07\/27\/indaiatuba-e-itu-tem-novas-mortes-por-covid-estado-muda-criterios-para-flexibilizacao\/","title":{"rendered":"Indaiatuba e Itu t\u00eam novas mortes por covid; Estado muda crit\u00e9rios para flexibiliza\u00e7\u00e3o"},"content":{"rendered":"<figure id=\"attachment_22974\" aria-describedby=\"caption-attachment-22974\" style=\"width: 392px\" class=\"wp-caption alignright\"><img fetchpriority=\"high\" decoding=\"async\" class=\"wp-image-22974\" src=\"https:\/\/revistaregional.com.br\/site\/wp-content\/uploads\/2020\/07\/app-27-julho-1024x650.jpg\" alt=\"\" width=\"392\" height=\"249\" data-id=\"22974\" srcset=\"https:\/\/revistaregional.com.br\/site\/wp-content\/uploads\/2020\/07\/app-27-julho-1024x650.jpg 1024w, https:\/\/revistaregional.com.br\/site\/wp-content\/uploads\/2020\/07\/app-27-julho-300x191.jpg 300w, https:\/\/revistaregional.com.br\/site\/wp-content\/uploads\/2020\/07\/app-27-julho-1536x975.jpg 1536w, https:\/\/revistaregional.com.br\/site\/wp-content\/uploads\/2020\/07\/app-27-julho-2048x1301.jpg 2048w, https:\/\/revistaregional.com.br\/site\/wp-content\/uploads\/2020\/07\/app-27-julho-150x95.jpg 150w\" sizes=\"(max-width: 392px) 100vw, 392px\" \/><figcaption id=\"caption-attachment-22974\" class=\"wp-caption-text\">Covid provoca mais mortes nas cidades da regi\u00e3o<\/figcaption><\/figure>\n<p><strong>Durante o final de semana, foram registrados 3 \u00f3bitos em Indaiatuba e 1 em Itu; Nesta segunda-feira, o governo do Estado anunciou mudan\u00e7as no Plano S\u00e3o Paulo, que estabelece as normas de retomada da economia nas cidades paulistas<\/strong><\/p>\n<p>Indaiatuba voltou a registrar mortes di\u00e1rias por covid-19. Foram duas nesta segunda-feira, 27, e outra no domingo, 26. Duas delas ocorreram no Haoc (Hospital Augusto de Oliveira Camargo): um homem de 94 anos, internado desde o dia 21 deste m\u00eas; e outro de 56, hospitalizado no dia 19, com hist\u00f3rico de hipertens\u00e3o. O terceiro \u00f3bito foi num hospital de Campinas, embora a paciente, de 52 anos, residisse em Indaiatuba. Com esses novos registros, Indaiatuba soma 110 mortes por covid-19.<\/p>\n<p>A cidade contabilizou ainda 189 novos infectados de sexta-feira, 24, at\u00e9 segunda, 27, totalizando 3.863 casos confirmados, sendo que 3.705 s\u00e3o considerados curados ou ainda est\u00e3o em recupera\u00e7\u00e3o domiciliar (o governo indaiatubano, ao contr\u00e1rio das demais cidades, n\u00e3o divulga o n\u00famero exato de curados). H\u00e1 48 confirmados hospitalizados e outros 681 suspeitos aguardando resultado. Atualmente h\u00e1 41 pessoas internadas em leito cl\u00ednico e 28 em UTI (Unidade de Terapia Intensiva). A taxa de ocupa\u00e7\u00e3o das UTIs est\u00e1 em 83% no Haoc e 67% no Hospital Santa Ign\u00eas.<\/p>\n<p>A outra morte por covid registrada na regi\u00e3o, no final de semana, foi em Itu. O paciente tinha 61 anos e apresentava hist\u00f3rico de comorbidades. Foi o 52\u00ba \u00f3bito na cidade, que contabiliza ainda 1.370 casos confirmados da doen\u00e7a, sendo 54 nos \u00faltimos tr\u00eas dias. H\u00e1 1.172 casos de curas comunicados e 98 suspeitos que aguardam resultados de exames. Itu possui 12 pacientes internados por covid e 13 em UTI. A taxa de ocupa\u00e7\u00e3o das UTIs est\u00e1 em 75% no Hospital Municipal e 50% no Hospital de Campanha.<\/p>\n<p>De sexta-feira at\u00e9 segunda, Salto registrou 53 novos infectados, totalizando 655 casos confirmados de covid-19, sendo que 27 morreram, 571 evolu\u00edram para cura, 16 casos seguem internados (sendo 5 em UTI) e 41 est\u00e3o em isolamento domiciliar. A cidade tem 168 casos que aguardam resultados. Destes, 14 est\u00e3o em isolamento domiciliar e 14 em interna\u00e7\u00e3o cl\u00ednica (sendo 4 em UTI). A taxa de ocupa\u00e7\u00e3o dos leitos para covid no Hospital Municipal est\u00e1 em 83% na UTI e 52% na interna\u00e7\u00e3o cl\u00ednica.<\/p>\n<p>NOVAS REGRAS DE FLEXIBILIZA\u00c7\u00c3O<\/p>\n<p>O governo do Estado anunciou nesta segunda-feira, 27, novos crit\u00e9rios para o Plano S\u00e3o Paulo de retomada econ\u00f4mica e enfrentamento ao coronav\u00edrus. Agora, para uma regi\u00e3o avan\u00e7ar da fase amarela \u00e0 verde, o percentual de ocupa\u00e7\u00e3o de leitos poder\u00e1 variar entre 75% e 70%, al\u00e9m de permanecer por 28 dias consecutivos na etapa intermedi\u00e1ria. As regras come\u00e7am a valer a partir da pr\u00f3xima sexta, dia 31 de julho.<\/p>\n<p>&#8220;O objetivo \u00e9 aprimorar o plano para torn\u00e1-lo mais eficiente e adequado \u00e0 realidade que vivemos neste momento da pandemia&#8221;, afirmou o governador Jo\u00e3o Doria. &#8220;O Plano S\u00e3o Paulo \u00e9 eficiente exatamente por ser uma ferramenta din\u00e2mica, e n\u00e3o est\u00e1tica, de enfrentamento \u00e0 pandemia. E por isso \u00e9 reconhecido pelos mais renomados e respeitados cientistas&#8221;, acrescentou Doria.<\/p>\n<p>A recalibragem visa garantir mais estabilidade no ajuste de fases, sobretudo na transi\u00e7\u00e3o da amarela para a verde. Com as novas margens de capacidade hospitalar e de evolu\u00e7\u00e3o da pandemia, as regi\u00f5es ficam menos sujeitas a altera\u00e7\u00f5es de fase no Plano S\u00e3o Paulo sem uma mudan\u00e7a relevante nesses indicadores.<\/p>\n<p>Dentre os crit\u00e9rios anunciados, est\u00e1 a altera\u00e7\u00e3o do \u00edndice de ocupa\u00e7\u00e3o de leitos de UTI, que atualmente precisa estar abaixo de 60%, para at\u00e9 75%. A medida permite que os munic\u00edpios liberem leitos de UTI reservados a pacientes graves com coronav\u00edrus para outras especialidades m\u00e9dicas que tiveram o atendimento adiado ao longo da pandemia.<\/p>\n<p>Para garantir que a fase verde &#8211; a quarta menos restritiva nas cinco etapas do Plano S\u00e3o Paulo &#8211; seja alcan\u00e7ada por regi\u00f5es que estejam caminhando para o controle da epidemia, qualquer Departamento Regional de Sa\u00fade (DRS) ou subregi\u00e3o dever\u00e1 passar 28 dias consecutivos na fase amarela.<\/p>\n<p>Outra atualiza\u00e7\u00e3o \u00e9 que os indicadores de varia\u00e7\u00e3o das interna\u00e7\u00f5es e varia\u00e7\u00e3o dos \u00f3bitos exigir\u00e3o n\u00fameros absolutos por 100 mil habitantes. Os novos \u00edndices ainda ser\u00e3o aprovados pelos especialistas do Centro de Conting\u00eancia de coronav\u00edrus nesta ter\u00e7a, 28, mas devem ficar abaixo de entre 30 e 40 interna\u00e7\u00f5es e de tr\u00eas e cinco mortes por 100 mil habitantes.<\/p>\n<p>&#8220;Essa calibragem t\u00e9cnica \u00e9 para promover estabilidade e s\u00f3 fazer transi\u00e7\u00f5es de fase no momento correto&#8221;, declarou a secret\u00e1ria de Desenvolvimento Econ\u00f4mico, Patricia Ellen. &#8220;Esses fatores absolutos s\u00e3o indicadores que t\u00eam sido utilizados mundialmente e que, na discuss\u00e3o do Centro de Conting\u00eancia, insistiu-se nessa \u2018trava\u2019 al\u00e9m das quatro semanas&#8221;, completou.<\/p>\n<p>Atualmente, as cidades da regi\u00e3o est\u00e3o na fase laranja, que permite, em hor\u00e1rio reduzido, a abertura de com\u00e9rcio, shopping centers, escrit\u00f3rios e imobili\u00e1rias, al\u00e9m dos servi\u00e7os essenciais.<\/p>\n<p>Foto: BIRF<\/p>\n","protected":false},"excerpt":{"rendered":"<p>Durante o final de semana, foram registrados 3 \u00f3bitos em Indaiatuba e 1 em Itu; Nesta segunda-feira, o governo do Estado anunciou mudan\u00e7as no Plano S\u00e3o Paulo, que estabelece as normas de retomada da economia nas cidades paulistas Indaiatuba voltou a registrar mortes di\u00e1rias por covid-19. Foram duas nesta segunda-feira, 27, e outra no domingo, [&hellip;]<\/p>\n","protected":false},"author":1,"featured_media":22974,"comment_status":"closed","ping_status":"closed","sticky":false,"template":"","format":"standard","meta":{"_acf_changed":false,"ngg_post_thumbnail":0,"_joinchat":[],"footnotes":""},"categories":[449,8],"tags":[525],"class_list":["post-22973","post","type-post","status-publish","format-standard","has-post-thumbnail","hentry","category-destaque-lateral","category-saude-e-beleza","tag-saude-e-beleza"],"acf":[],"yoast_head":"<!-- This site is optimized with the Yoast SEO plugin v27.4 - https:\/\/yoast.com\/product\/yoast-seo-wordpress\/ -->\n<title>Indaiatuba e Itu t\u00eam novas mortes por covid; Estado muda crit\u00e9rios para flexibiliza\u00e7\u00e3o - Revista Regional<\/title>\n<meta name=\"robots\" content=\"index, follow, max-snippet:-1, max-image-preview:large, max-video-preview:-1\" \/>\n<link rel=\"canonical\" href=\"https:\/\/revistaregional.com.br\/site\/2020\/07\/27\/indaiatuba-e-itu-tem-novas-mortes-por-covid-estado-muda-criterios-para-flexibilizacao\/\" \/>\n<meta property=\"og:locale\" content=\"pt_BR\" \/>\n<meta property=\"og:type\" content=\"article\" \/>\n<meta property=\"og:title\" content=\"Indaiatuba e Itu t\u00eam novas mortes por covid; Estado muda crit\u00e9rios para flexibiliza\u00e7\u00e3o - Revista Regional\" \/>\n<meta property=\"og:description\" content=\"Durante o final de semana, foram registrados 3 \u00f3bitos em Indaiatuba e 1 em Itu; Nesta segunda-feira, o governo do Estado anunciou mudan\u00e7as no Plano S\u00e3o Paulo, que estabelece as normas de retomada da economia nas cidades paulistas Indaiatuba voltou a registrar mortes di\u00e1rias por covid-19. Foram duas nesta segunda-feira, 27, e outra no domingo, [&hellip;]\" \/>\n<meta property=\"og:url\" content=\"https:\/\/revistaregional.com.br\/site\/2020\/07\/27\/indaiatuba-e-itu-tem-novas-mortes-por-covid-estado-muda-criterios-para-flexibilizacao\/\" \/>\n<meta property=\"og:site_name\" content=\"Revista Regional\" \/>\n<meta property=\"article:published_time\" content=\"2020-07-27T21:28:00+00:00\" \/>\n<meta property=\"article:modified_time\" content=\"2024-01-26T12:32:19+00:00\" \/>\n<meta property=\"og:image\" content=\"https:\/\/revistaregional.com.br\/site\/wp-content\/uploads\/2020\/07\/app-27-julho-scaled.jpg\" \/>\n\t<meta property=\"og:image:width\" content=\"2560\" \/>\n\t<meta property=\"og:image:height\" content=\"1626\" \/>\n\t<meta property=\"og:image:type\" content=\"image\/jpeg\" \/>\n<meta name=\"author\" content=\"contato@revistaregional.com.br\" \/>\n<meta name=\"twitter:card\" content=\"summary_large_image\" \/>\n<meta name=\"twitter:label1\" content=\"Escrito por\" \/>\n\t<meta name=\"twitter:data1\" content=\"contato@revistaregional.com.br\" \/>\n\t<meta name=\"twitter:label2\" content=\"Est. tempo de leitura\" \/>\n\t<meta name=\"twitter:data2\" content=\"4 minutos\" \/>\n<script type=\"application\/ld+json\" class=\"yoast-schema-graph\">{\"@context\":\"https:\\\/\\\/schema.org\",\"@graph\":[{\"@type\":\"Article\",\"@id\":\"https:\\\/\\\/revistaregional.com.br\\\/site\\\/2020\\\/07\\\/27\\\/indaiatuba-e-itu-tem-novas-mortes-por-covid-estado-muda-criterios-para-flexibilizacao\\\/#article\",\"isPartOf\":{\"@id\":\"https:\\\/\\\/revistaregional.com.br\\\/site\\\/2020\\\/07\\\/27\\\/indaiatuba-e-itu-tem-novas-mortes-por-covid-estado-muda-criterios-para-flexibilizacao\\\/\"},\"author\":{\"name\":\"contato@revistaregional.com.br\",\"@id\":\"https:\\\/\\\/revistaregional.com.br\\\/site\\\/#\\\/schema\\\/person\\\/382af97c580dc1b18f55107bc316010d\"},\"headline\":\"Indaiatuba e Itu t\u00eam novas mortes por covid; Estado muda crit\u00e9rios para flexibiliza\u00e7\u00e3o\",\"datePublished\":\"2020-07-27T21:28:00+00:00\",\"dateModified\":\"2024-01-26T12:32:19+00:00\",\"mainEntityOfPage\":{\"@id\":\"https:\\\/\\\/revistaregional.com.br\\\/site\\\/2020\\\/07\\\/27\\\/indaiatuba-e-itu-tem-novas-mortes-por-covid-estado-muda-criterios-para-flexibilizacao\\\/\"},\"wordCount\":848,\"image\":{\"@id\":\"https:\\\/\\\/revistaregional.com.br\\\/site\\\/2020\\\/07\\\/27\\\/indaiatuba-e-itu-tem-novas-mortes-por-covid-estado-muda-criterios-para-flexibilizacao\\\/#primaryimage\"},\"thumbnailUrl\":\"https:\\\/\\\/revistaregional.com.br\\\/site\\\/wp-content\\\/uploads\\\/2020\\\/07\\\/app-27-julho-scaled.jpg\",\"keywords\":[\"Sa\u00fade e Beleza\"],\"articleSection\":[\"Destaque Lateral\",\"Sa\u00fade e Beleza\"],\"inLanguage\":\"pt-BR\"},{\"@type\":\"WebPage\",\"@id\":\"https:\\\/\\\/revistaregional.com.br\\\/site\\\/2020\\\/07\\\/27\\\/indaiatuba-e-itu-tem-novas-mortes-por-covid-estado-muda-criterios-para-flexibilizacao\\\/\",\"url\":\"https:\\\/\\\/revistaregional.com.br\\\/site\\\/2020\\\/07\\\/27\\\/indaiatuba-e-itu-tem-novas-mortes-por-covid-estado-muda-criterios-para-flexibilizacao\\\/\",\"name\":\"Indaiatuba e Itu t\u00eam novas mortes por covid; Estado muda crit\u00e9rios para flexibiliza\u00e7\u00e3o - Revista Regional\",\"isPartOf\":{\"@id\":\"https:\\\/\\\/revistaregional.com.br\\\/site\\\/#website\"},\"primaryImageOfPage\":{\"@id\":\"https:\\\/\\\/revistaregional.com.br\\\/site\\\/2020\\\/07\\\/27\\\/indaiatuba-e-itu-tem-novas-mortes-por-covid-estado-muda-criterios-para-flexibilizacao\\\/#primaryimage\"},\"image\":{\"@id\":\"https:\\\/\\\/revistaregional.com.br\\\/site\\\/2020\\\/07\\\/27\\\/indaiatuba-e-itu-tem-novas-mortes-por-covid-estado-muda-criterios-para-flexibilizacao\\\/#primaryimage\"},\"thumbnailUrl\":\"https:\\\/\\\/revistaregional.com.br\\\/site\\\/wp-content\\\/uploads\\\/2020\\\/07\\\/app-27-julho-scaled.jpg\",\"datePublished\":\"2020-07-27T21:28:00+00:00\",\"dateModified\":\"2024-01-26T12:32:19+00:00\",\"author\":{\"@id\":\"https:\\\/\\\/revistaregional.com.br\\\/site\\\/#\\\/schema\\\/person\\\/382af97c580dc1b18f55107bc316010d\"},\"breadcrumb\":{\"@id\":\"https:\\\/\\\/revistaregional.com.br\\\/site\\\/2020\\\/07\\\/27\\\/indaiatuba-e-itu-tem-novas-mortes-por-covid-estado-muda-criterios-para-flexibilizacao\\\/#breadcrumb\"},\"inLanguage\":\"pt-BR\",\"potentialAction\":[{\"@type\":\"ReadAction\",\"target\":[\"https:\\\/\\\/revistaregional.com.br\\\/site\\\/2020\\\/07\\\/27\\\/indaiatuba-e-itu-tem-novas-mortes-por-covid-estado-muda-criterios-para-flexibilizacao\\\/\"]}]},{\"@type\":\"ImageObject\",\"inLanguage\":\"pt-BR\",\"@id\":\"https:\\\/\\\/revistaregional.com.br\\\/site\\\/2020\\\/07\\\/27\\\/indaiatuba-e-itu-tem-novas-mortes-por-covid-estado-muda-criterios-para-flexibilizacao\\\/#primaryimage\",\"url\":\"https:\\\/\\\/revistaregional.com.br\\\/site\\\/wp-content\\\/uploads\\\/2020\\\/07\\\/app-27-julho-scaled.jpg\",\"contentUrl\":\"https:\\\/\\\/revistaregional.com.br\\\/site\\\/wp-content\\\/uploads\\\/2020\\\/07\\\/app-27-julho-scaled.jpg\",\"width\":2560,\"height\":1626,\"caption\":\"Na regi\u00e3o, morte foi registrada em Indaiatuba\"},{\"@type\":\"BreadcrumbList\",\"@id\":\"https:\\\/\\\/revistaregional.com.br\\\/site\\\/2020\\\/07\\\/27\\\/indaiatuba-e-itu-tem-novas-mortes-por-covid-estado-muda-criterios-para-flexibilizacao\\\/#breadcrumb\",\"itemListElement\":[{\"@type\":\"ListItem\",\"position\":1,\"name\":\"In\u00edcio\",\"item\":\"https:\\\/\\\/revistaregional.com.br\\\/site\\\/\"},{\"@type\":\"ListItem\",\"position\":2,\"name\":\"Indaiatuba e Itu t\u00eam novas mortes por covid; Estado muda crit\u00e9rios para flexibiliza\u00e7\u00e3o\"}]},{\"@type\":\"WebSite\",\"@id\":\"https:\\\/\\\/revistaregional.com.br\\\/site\\\/#website\",\"url\":\"https:\\\/\\\/revistaregional.com.br\\\/site\\\/\",\"name\":\"Revista Regional\",\"description\":\"Salto - Itu - Indaituba\",\"potentialAction\":[{\"@type\":\"SearchAction\",\"target\":{\"@type\":\"EntryPoint\",\"urlTemplate\":\"https:\\\/\\\/revistaregional.com.br\\\/site\\\/?s={search_term_string}\"},\"query-input\":{\"@type\":\"PropertyValueSpecification\",\"valueRequired\":true,\"valueName\":\"search_term_string\"}}],\"inLanguage\":\"pt-BR\"},{\"@type\":\"Person\",\"@id\":\"https:\\\/\\\/revistaregional.com.br\\\/site\\\/#\\\/schema\\\/person\\\/382af97c580dc1b18f55107bc316010d\",\"name\":\"contato@revistaregional.com.br\",\"image\":{\"@type\":\"ImageObject\",\"inLanguage\":\"pt-BR\",\"@id\":\"https:\\\/\\\/secure.gravatar.com\\\/avatar\\\/869822917e96b2e292d5827e4635855396934485e7c4a0af84e9a214e32ca0cd?s=96&d=mm&r=g\",\"url\":\"https:\\\/\\\/secure.gravatar.com\\\/avatar\\\/869822917e96b2e292d5827e4635855396934485e7c4a0af84e9a214e32ca0cd?s=96&d=mm&r=g\",\"contentUrl\":\"https:\\\/\\\/secure.gravatar.com\\\/avatar\\\/869822917e96b2e292d5827e4635855396934485e7c4a0af84e9a214e32ca0cd?s=96&d=mm&r=g\",\"caption\":\"contato@revistaregional.com.br\"},\"url\":\"https:\\\/\\\/revistaregional.com.br\\\/site\\\/author\\\/contato@revistaregional.com.br\\\/\"}]}<\/script>\n<!-- \/ Yoast SEO plugin. -->","yoast_head_json":{"title":"Indaiatuba e Itu t\u00eam novas mortes por covid; Estado muda crit\u00e9rios para flexibiliza\u00e7\u00e3o - Revista Regional","robots":{"index":"index","follow":"follow","max-snippet":"max-snippet:-1","max-image-preview":"max-image-preview:large","max-video-preview":"max-video-preview:-1"},"canonical":"https:\/\/revistaregional.com.br\/site\/2020\/07\/27\/indaiatuba-e-itu-tem-novas-mortes-por-covid-estado-muda-criterios-para-flexibilizacao\/","og_locale":"pt_BR","og_type":"article","og_title":"Indaiatuba e Itu t\u00eam novas mortes por covid; Estado muda crit\u00e9rios para flexibiliza\u00e7\u00e3o - Revista Regional","og_description":"Durante o final de semana, foram registrados 3 \u00f3bitos em Indaiatuba e 1 em Itu; Nesta segunda-feira, o governo do Estado anunciou mudan\u00e7as no Plano S\u00e3o Paulo, que estabelece as normas de retomada da economia nas cidades paulistas Indaiatuba voltou a registrar mortes di\u00e1rias por covid-19. Foram duas nesta segunda-feira, 27, e outra no domingo, [&hellip;]","og_url":"https:\/\/revistaregional.com.br\/site\/2020\/07\/27\/indaiatuba-e-itu-tem-novas-mortes-por-covid-estado-muda-criterios-para-flexibilizacao\/","og_site_name":"Revista Regional","article_published_time":"2020-07-27T21:28:00+00:00","article_modified_time":"2024-01-26T12:32:19+00:00","og_image":[{"width":2560,"height":1626,"url":"https:\/\/revistaregional.com.br\/site\/wp-content\/uploads\/2020\/07\/app-27-julho-scaled.jpg","type":"image\/jpeg"}],"author":"contato@revistaregional.com.br","twitter_card":"summary_large_image","twitter_misc":{"Escrito por":"contato@revistaregional.com.br","Est. tempo de leitura":"4 minutos"},"schema":{"@context":"https:\/\/schema.org","@graph":[{"@type":"Article","@id":"https:\/\/revistaregional.com.br\/site\/2020\/07\/27\/indaiatuba-e-itu-tem-novas-mortes-por-covid-estado-muda-criterios-para-flexibilizacao\/#article","isPartOf":{"@id":"https:\/\/revistaregional.com.br\/site\/2020\/07\/27\/indaiatuba-e-itu-tem-novas-mortes-por-covid-estado-muda-criterios-para-flexibilizacao\/"},"author":{"name":"contato@revistaregional.com.br","@id":"https:\/\/revistaregional.com.br\/site\/#\/schema\/person\/382af97c580dc1b18f55107bc316010d"},"headline":"Indaiatuba e Itu t\u00eam novas mortes por covid; Estado muda crit\u00e9rios para flexibiliza\u00e7\u00e3o","datePublished":"2020-07-27T21:28:00+00:00","dateModified":"2024-01-26T12:32:19+00:00","mainEntityOfPage":{"@id":"https:\/\/revistaregional.com.br\/site\/2020\/07\/27\/indaiatuba-e-itu-tem-novas-mortes-por-covid-estado-muda-criterios-para-flexibilizacao\/"},"wordCount":848,"image":{"@id":"https:\/\/revistaregional.com.br\/site\/2020\/07\/27\/indaiatuba-e-itu-tem-novas-mortes-por-covid-estado-muda-criterios-para-flexibilizacao\/#primaryimage"},"thumbnailUrl":"https:\/\/revistaregional.com.br\/site\/wp-content\/uploads\/2020\/07\/app-27-julho-scaled.jpg","keywords":["Sa\u00fade e Beleza"],"articleSection":["Destaque Lateral","Sa\u00fade e Beleza"],"inLanguage":"pt-BR"},{"@type":"WebPage","@id":"https:\/\/revistaregional.com.br\/site\/2020\/07\/27\/indaiatuba-e-itu-tem-novas-mortes-por-covid-estado-muda-criterios-para-flexibilizacao\/","url":"https:\/\/revistaregional.com.br\/site\/2020\/07\/27\/indaiatuba-e-itu-tem-novas-mortes-por-covid-estado-muda-criterios-para-flexibilizacao\/","name":"Indaiatuba e Itu t\u00eam novas mortes por covid; Estado muda crit\u00e9rios para flexibiliza\u00e7\u00e3o - Revista Regional","isPartOf":{"@id":"https:\/\/revistaregional.com.br\/site\/#website"},"primaryImageOfPage":{"@id":"https:\/\/revistaregional.com.br\/site\/2020\/07\/27\/indaiatuba-e-itu-tem-novas-mortes-por-covid-estado-muda-criterios-para-flexibilizacao\/#primaryimage"},"image":{"@id":"https:\/\/revistaregional.com.br\/site\/2020\/07\/27\/indaiatuba-e-itu-tem-novas-mortes-por-covid-estado-muda-criterios-para-flexibilizacao\/#primaryimage"},"thumbnailUrl":"https:\/\/revistaregional.com.br\/site\/wp-content\/uploads\/2020\/07\/app-27-julho-scaled.jpg","datePublished":"2020-07-27T21:28:00+00:00","dateModified":"2024-01-26T12:32:19+00:00","author":{"@id":"https:\/\/revistaregional.com.br\/site\/#\/schema\/person\/382af97c580dc1b18f55107bc316010d"},"breadcrumb":{"@id":"https:\/\/revistaregional.com.br\/site\/2020\/07\/27\/indaiatuba-e-itu-tem-novas-mortes-por-covid-estado-muda-criterios-para-flexibilizacao\/#breadcrumb"},"inLanguage":"pt-BR","potentialAction":[{"@type":"ReadAction","target":["https:\/\/revistaregional.com.br\/site\/2020\/07\/27\/indaiatuba-e-itu-tem-novas-mortes-por-covid-estado-muda-criterios-para-flexibilizacao\/"]}]},{"@type":"ImageObject","inLanguage":"pt-BR","@id":"https:\/\/revistaregional.com.br\/site\/2020\/07\/27\/indaiatuba-e-itu-tem-novas-mortes-por-covid-estado-muda-criterios-para-flexibilizacao\/#primaryimage","url":"https:\/\/revistaregional.com.br\/site\/wp-content\/uploads\/2020\/07\/app-27-julho-scaled.jpg","contentUrl":"https:\/\/revistaregional.com.br\/site\/wp-content\/uploads\/2020\/07\/app-27-julho-scaled.jpg","width":2560,"height":1626,"caption":"Na regi\u00e3o, morte foi registrada em Indaiatuba"},{"@type":"BreadcrumbList","@id":"https:\/\/revistaregional.com.br\/site\/2020\/07\/27\/indaiatuba-e-itu-tem-novas-mortes-por-covid-estado-muda-criterios-para-flexibilizacao\/#breadcrumb","itemListElement":[{"@type":"ListItem","position":1,"name":"In\u00edcio","item":"https:\/\/revistaregional.com.br\/site\/"},{"@type":"ListItem","position":2,"name":"Indaiatuba e Itu t\u00eam novas mortes por covid; Estado muda crit\u00e9rios para flexibiliza\u00e7\u00e3o"}]},{"@type":"WebSite","@id":"https:\/\/revistaregional.com.br\/site\/#website","url":"https:\/\/revistaregional.com.br\/site\/","name":"Revista Regional","description":"Salto - Itu - Indaituba","potentialAction":[{"@type":"SearchAction","target":{"@type":"EntryPoint","urlTemplate":"https:\/\/revistaregional.com.br\/site\/?s={search_term_string}"},"query-input":{"@type":"PropertyValueSpecification","valueRequired":true,"valueName":"search_term_string"}}],"inLanguage":"pt-BR"},{"@type":"Person","@id":"https:\/\/revistaregional.com.br\/site\/#\/schema\/person\/382af97c580dc1b18f55107bc316010d","name":"contato@revistaregional.com.br","image":{"@type":"ImageObject","inLanguage":"pt-BR","@id":"https:\/\/secure.gravatar.com\/avatar\/869822917e96b2e292d5827e4635855396934485e7c4a0af84e9a214e32ca0cd?s=96&d=mm&r=g","url":"https:\/\/secure.gravatar.com\/avatar\/869822917e96b2e292d5827e4635855396934485e7c4a0af84e9a214e32ca0cd?s=96&d=mm&r=g","contentUrl":"https:\/\/secure.gravatar.com\/avatar\/869822917e96b2e292d5827e4635855396934485e7c4a0af84e9a214e32ca0cd?s=96&d=mm&r=g","caption":"contato@revistaregional.com.br"},"url":"https:\/\/revistaregional.com.br\/site\/author\/contato@revistaregional.com.br\/"}]}},"views":62,"_links":{"self":[{"href":"https:\/\/revistaregional.com.br\/site\/wp-json\/wp\/v2\/posts\/22973","targetHints":{"allow":["GET"]}}],"collection":[{"href":"https:\/\/revistaregional.com.br\/site\/wp-json\/wp\/v2\/posts"}],"about":[{"href":"https:\/\/revistaregional.com.br\/site\/wp-json\/wp\/v2\/types\/post"}],"author":[{"embeddable":true,"href":"https:\/\/revistaregional.com.br\/site\/wp-json\/wp\/v2\/users\/1"}],"replies":[{"embeddable":true,"href":"https:\/\/revistaregional.com.br\/site\/wp-json\/wp\/v2\/comments?post=22973"}],"version-history":[{"count":3,"href":"https:\/\/revistaregional.com.br\/site\/wp-json\/wp\/v2\/posts\/22973\/revisions"}],"predecessor-version":[{"id":22977,"href":"https:\/\/revistaregional.com.br\/site\/wp-json\/wp\/v2\/posts\/22973\/revisions\/22977"}],"wp:featuredmedia":[{"embeddable":true,"href":"https:\/\/revistaregional.com.br\/site\/wp-json\/wp\/v2\/media\/22974"}],"wp:attachment":[{"href":"https:\/\/revistaregional.com.br\/site\/wp-json\/wp\/v2\/media?parent=22973"}],"wp:term":[{"taxonomy":"category","embeddable":true,"href":"https:\/\/revistaregional.com.br\/site\/wp-json\/wp\/v2\/categories?post=22973"},{"taxonomy":"post_tag","embeddable":true,"href":"https:\/\/revistaregional.com.br\/site\/wp-json\/wp\/v2\/tags?post=22973"}],"curies":[{"name":"wp","href":"https:\/\/api.w.org\/{rel}","templated":true}]}}