{"id":22967,"date":"2020-07-24T18:01:21","date_gmt":"2020-07-24T21:01:21","guid":{"rendered":"https:\/\/revistaregional.com.br\/site\/?p=22967"},"modified":"2024-01-26T09:32:20","modified_gmt":"2024-01-26T12:32:20","slug":"em-24h-salto-tem-mais-2-mortes-por-covid-e-45-novos-infectados","status":"publish","type":"post","link":"https:\/\/revistaregional.com.br\/site\/2020\/07\/24\/em-24h-salto-tem-mais-2-mortes-por-covid-e-45-novos-infectados\/","title":{"rendered":"Em 24h, Salto tem mais 2 mortes por covid e 45 novos infectados"},"content":{"rendered":"<figure id=\"attachment_22968\" aria-describedby=\"caption-attachment-22968\" style=\"width: 403px\" class=\"wp-caption alignright\"><img fetchpriority=\"high\" decoding=\"async\" class=\"wp-image-22968\" src=\"https:\/\/revistaregional.com.br\/site\/wp-content\/uploads\/2020\/07\/app-2-julho-1.jpg\" alt=\"\" width=\"403\" height=\"269\" data-id=\"22968\" srcset=\"https:\/\/revistaregional.com.br\/site\/wp-content\/uploads\/2020\/07\/app-2-julho-1.jpg 674w, https:\/\/revistaregional.com.br\/site\/wp-content\/uploads\/2020\/07\/app-2-julho-1-300x200.jpg 300w, https:\/\/revistaregional.com.br\/site\/wp-content\/uploads\/2020\/07\/app-2-julho-1-150x100.jpg 150w, https:\/\/revistaregional.com.br\/site\/wp-content\/uploads\/2020\/07\/app-2-julho-1-272x182.jpg 272w\" sizes=\"(max-width: 403px) 100vw, 403px\" \/><figcaption id=\"caption-attachment-22968\" class=\"wp-caption-text\">Novos casos de covid-19 em toda a regi\u00e3o<\/figcaption><\/figure>\n<p><strong>Indaiatuba tamb\u00e9m registrou mais 1 \u00f3bito e 62 novos casos nesta sexta-feira; Itu confirmou 40 infectados nas \u00faltimas 24 horas<\/strong><\/p>\n<p>Salto voltou a ser a cidade da regi\u00e3o de cobertura da Revista Regional com mais mortes por covid registradas em 24 horas. Foram 2, aumentando para 27 o n\u00famero de \u00f3bitos pela doen\u00e7a desde o come\u00e7o da pandemia. Um dos pacientes era de Salto, mas estava internado em S\u00e3o Paulo e tinha 62 anos; j\u00e1 o outro, de 77 anos, estava hospitalizado no Hospital Municipal Nossa Senhora do Monte Serrat.<\/p>\n<p>A cidade registrou ainda, nas \u00faltimas 24 horas, mais 45 novos infectados, totalizando 602 casos confirmados de covid-19, sendo que 523 evolu\u00edram para cura, 13 casos seguem internados (sendo 3 em UTI) e 39 est\u00e3o em isolamento domiciliar. Salto ainda tem 144 casos que aguardam resultados. Destes, 22 suspeitos est\u00e3o em isolamento domiciliar e 16 em interna\u00e7\u00e3o cl\u00ednica (sendo 5 em UTI). A taxa de ocupa\u00e7\u00e3o dos leitos para covid no Hospital Municipal est\u00e1 em 66% na UTI e 34% na interna\u00e7\u00e3o cl\u00ednica.<\/p>\n<p>Indaiatuba tamb\u00e9m confirmou mais 1 \u00f3bito nesta sexta-feira, 24, totalizando agora 107 mortes por covid-19. A paciente tinha 84 anos e estava internada desde o dia 17 no Haoc (Hospital Augusto de Oliveira Camargo); tinha comorbidades, entre elas, Alzheimer. Ainda nesta sexta, foram acrescentados mais 62 casos positivos de covid, contabilizando 3.674 confirmados, sendo que 107 morreram, 3.526 s\u00e3o considerados curados ou continuam em recupera\u00e7\u00e3o domiciliar (a Prefeitura de Indaiatuba n\u00e3o divulga um n\u00famero exato de curados) e 41 seguem internados. Ainda h\u00e1 outros 539 casos suspeitos aguardando resultado. Atualmente h\u00e1 49 pessoas internadas em leito cl\u00ednico e 31 em UTI (Unidade de Terapia Intensiva). A taxa de ocupa\u00e7\u00e3o das UTIs est\u00e1 em 88% no Haoc e 83% no Hospital Santa Ign\u00eas.<\/p>\n<p>Itu, nas \u00faltimas 24 horas, registrou 40 novos infectados, somando agora 1.316 casos confirmados, sendo que 51 morreram e 1.121 se recuperaram. H\u00e1 95 testados \u00e0 espera de resultados e tamb\u00e9m 2 mortes suspeitas de covid. Itu tem 10 pacientes internados em leito cl\u00ednico para covid e 13 em UTI. A taxa de ocupa\u00e7\u00e3o das UTIs est\u00e1 em 75% no Hospital Municipal e 50% no Hospital de Campanha.<\/p>\n<p>IDOSOS S\u00c3O MAIORES V\u00cdTIMAS<\/p>\n<p>No Brasil, pessoas com mais de 60 anos representam 71,4% das mortes por covid-19. Os que tinham pelo menos 1 fator de risco s\u00e3o \u2157 de todas as v\u00edtimas. As estat\u00edsticas de casos escondem grande subnotifica\u00e7\u00e3o, como j\u00e1 reconheceu o Minist\u00e9rio da Sa\u00fade. Os riscos s\u00e3o maiores, sobretudo, se tiverem diabetes, hipertens\u00e3o ou problemas respirat\u00f3rios, cardiol\u00f3gicos, renais ou neurol\u00f3gicos, al\u00e9m de indiv\u00edduos em tratamento de c\u00e2ncer.<\/p>\n<p>De acordo com o membro da Sociedade Brasileira de Cardiologia e m\u00e9dico do Departamento de Cardiologia da Rede MaterDei, Dr. Augusto Vilela, j\u00e1 s\u00e3o quatro meses de distanciamento social e \u00e9 natural que as pessoas estejam cansadas, mas n\u00e3o \u00e9 hora de relaxar: \u201cNesse sentido \u00e9 preciso que toda a fam\u00edlia fa\u00e7a a sua parte. Especialmente aqueles que precisam se expor ao risco de trazer da rua o v\u00edrus para os idosos que est\u00e3o em casa\u201d, orienta.<\/p>\n<p>O m\u00e9dico ressalta os cuidados que precisam ser redobrados, para os idosos e as pessoas que est\u00e3o em contato com eles. Confira abaixo:<\/p>\n<p>&#8211; Disponibilizar dispensadores com \u00e1lcool em casa, para ser usado por quem chega da rua;<\/p>\n<p>&#8211; Para quem chega, usar m\u00e1scara e manter o distanciamento, mesmo dentro de casa;<\/p>\n<p>&#8211; Sempre que poss\u00edvel, manter os ambientes ventilados naturalmente (portas e\/ou janelas abertas);<\/p>\n<p>&#8211; Refor\u00e7ar os procedimentos de higiene e desinfec\u00e7\u00e3o de utens\u00edlios, equipamentos e ambientes de conviv\u00eancia;<\/p>\n<p>&#8211; Atualizar a situa\u00e7\u00e3o vacinal para influenza e doen\u00e7a pneumoc\u00f3cica conforme indica\u00e7\u00e3o do m\u00e9dico;<\/p>\n<p>&#8211; Restringir o uso de utens\u00edlios compartilhados como: copos, x\u00edcaras, garrafas de \u00e1gua, etc;<\/p>\n<p>&#8211; Restringir o contato de visitantes com febre e sintomas respirat\u00f3rios.<\/p>\n<p>&nbsp;<\/p>\n<p>Foto: BIRF<\/p>\n","protected":false},"excerpt":{"rendered":"<p>Indaiatuba tamb\u00e9m registrou mais 1 \u00f3bito e 62 novos casos nesta sexta-feira; Itu confirmou 40 infectados nas \u00faltimas 24 horas Salto voltou a ser a cidade da regi\u00e3o de cobertura da Revista Regional com mais mortes por covid registradas em 24 horas. Foram 2, aumentando para 27 o n\u00famero de \u00f3bitos pela doen\u00e7a desde o [&hellip;]<\/p>\n","protected":false},"author":1,"featured_media":22968,"comment_status":"closed","ping_status":"closed","sticky":false,"template":"","format":"standard","meta":{"_acf_changed":false,"ngg_post_thumbnail":0,"_joinchat":[],"footnotes":""},"categories":[449,8],"tags":[525],"class_list":["post-22967","post","type-post","status-publish","format-standard","has-post-thumbnail","hentry","category-destaque-lateral","category-saude-e-beleza","tag-saude-e-beleza"],"acf":[],"yoast_head":"<!-- This site is optimized with the Yoast SEO plugin v27.4 - https:\/\/yoast.com\/product\/yoast-seo-wordpress\/ -->\n<title>Em 24h, Salto tem mais 2 mortes por covid e 45 novos infectados - Revista Regional<\/title>\n<meta name=\"robots\" content=\"index, follow, max-snippet:-1, max-image-preview:large, max-video-preview:-1\" \/>\n<link rel=\"canonical\" href=\"https:\/\/revistaregional.com.br\/site\/2020\/07\/24\/em-24h-salto-tem-mais-2-mortes-por-covid-e-45-novos-infectados\/\" \/>\n<meta property=\"og:locale\" content=\"pt_BR\" \/>\n<meta property=\"og:type\" content=\"article\" \/>\n<meta property=\"og:title\" content=\"Em 24h, Salto tem mais 2 mortes por covid e 45 novos infectados - Revista Regional\" \/>\n<meta property=\"og:description\" content=\"Indaiatuba tamb\u00e9m registrou mais 1 \u00f3bito e 62 novos casos nesta sexta-feira; Itu confirmou 40 infectados nas \u00faltimas 24 horas Salto voltou a ser a cidade da regi\u00e3o de cobertura da Revista Regional com mais mortes por covid registradas em 24 horas. Foram 2, aumentando para 27 o n\u00famero de \u00f3bitos pela doen\u00e7a desde o [&hellip;]\" \/>\n<meta property=\"og:url\" content=\"https:\/\/revistaregional.com.br\/site\/2020\/07\/24\/em-24h-salto-tem-mais-2-mortes-por-covid-e-45-novos-infectados\/\" \/>\n<meta property=\"og:site_name\" content=\"Revista Regional\" \/>\n<meta property=\"article:published_time\" content=\"2020-07-24T21:01:21+00:00\" \/>\n<meta property=\"article:modified_time\" content=\"2024-01-26T12:32:20+00:00\" \/>\n<meta property=\"og:image\" content=\"https:\/\/revistaregional.com.br\/site\/wp-content\/uploads\/2020\/07\/app-2-julho-1.jpg\" \/>\n\t<meta property=\"og:image:width\" content=\"674\" \/>\n\t<meta property=\"og:image:height\" content=\"450\" \/>\n\t<meta property=\"og:image:type\" content=\"image\/jpeg\" \/>\n<meta name=\"author\" content=\"contato@revistaregional.com.br\" \/>\n<meta name=\"twitter:card\" content=\"summary_large_image\" \/>\n<meta name=\"twitter:label1\" content=\"Escrito por\" \/>\n\t<meta name=\"twitter:data1\" content=\"contato@revistaregional.com.br\" \/>\n\t<meta name=\"twitter:label2\" content=\"Est. tempo de leitura\" \/>\n\t<meta name=\"twitter:data2\" content=\"3 minutos\" \/>\n<script type=\"application\/ld+json\" class=\"yoast-schema-graph\">{\"@context\":\"https:\\\/\\\/schema.org\",\"@graph\":[{\"@type\":\"Article\",\"@id\":\"https:\\\/\\\/revistaregional.com.br\\\/site\\\/2020\\\/07\\\/24\\\/em-24h-salto-tem-mais-2-mortes-por-covid-e-45-novos-infectados\\\/#article\",\"isPartOf\":{\"@id\":\"https:\\\/\\\/revistaregional.com.br\\\/site\\\/2020\\\/07\\\/24\\\/em-24h-salto-tem-mais-2-mortes-por-covid-e-45-novos-infectados\\\/\"},\"author\":{\"name\":\"contato@revistaregional.com.br\",\"@id\":\"https:\\\/\\\/revistaregional.com.br\\\/site\\\/#\\\/schema\\\/person\\\/382af97c580dc1b18f55107bc316010d\"},\"headline\":\"Em 24h, Salto tem mais 2 mortes por covid e 45 novos infectados\",\"datePublished\":\"2020-07-24T21:01:21+00:00\",\"dateModified\":\"2024-01-26T12:32:20+00:00\",\"mainEntityOfPage\":{\"@id\":\"https:\\\/\\\/revistaregional.com.br\\\/site\\\/2020\\\/07\\\/24\\\/em-24h-salto-tem-mais-2-mortes-por-covid-e-45-novos-infectados\\\/\"},\"wordCount\":668,\"image\":{\"@id\":\"https:\\\/\\\/revistaregional.com.br\\\/site\\\/2020\\\/07\\\/24\\\/em-24h-salto-tem-mais-2-mortes-por-covid-e-45-novos-infectados\\\/#primaryimage\"},\"thumbnailUrl\":\"https:\\\/\\\/revistaregional.com.br\\\/site\\\/wp-content\\\/uploads\\\/2020\\\/07\\\/app-2-julho-1.jpg\",\"keywords\":[\"Sa\u00fade e Beleza\"],\"articleSection\":[\"Destaque Lateral\",\"Sa\u00fade e Beleza\"],\"inLanguage\":\"pt-BR\"},{\"@type\":\"WebPage\",\"@id\":\"https:\\\/\\\/revistaregional.com.br\\\/site\\\/2020\\\/07\\\/24\\\/em-24h-salto-tem-mais-2-mortes-por-covid-e-45-novos-infectados\\\/\",\"url\":\"https:\\\/\\\/revistaregional.com.br\\\/site\\\/2020\\\/07\\\/24\\\/em-24h-salto-tem-mais-2-mortes-por-covid-e-45-novos-infectados\\\/\",\"name\":\"Em 24h, Salto tem mais 2 mortes por covid e 45 novos infectados - Revista Regional\",\"isPartOf\":{\"@id\":\"https:\\\/\\\/revistaregional.com.br\\\/site\\\/#website\"},\"primaryImageOfPage\":{\"@id\":\"https:\\\/\\\/revistaregional.com.br\\\/site\\\/2020\\\/07\\\/24\\\/em-24h-salto-tem-mais-2-mortes-por-covid-e-45-novos-infectados\\\/#primaryimage\"},\"image\":{\"@id\":\"https:\\\/\\\/revistaregional.com.br\\\/site\\\/2020\\\/07\\\/24\\\/em-24h-salto-tem-mais-2-mortes-por-covid-e-45-novos-infectados\\\/#primaryimage\"},\"thumbnailUrl\":\"https:\\\/\\\/revistaregional.com.br\\\/site\\\/wp-content\\\/uploads\\\/2020\\\/07\\\/app-2-julho-1.jpg\",\"datePublished\":\"2020-07-24T21:01:21+00:00\",\"dateModified\":\"2024-01-26T12:32:20+00:00\",\"author\":{\"@id\":\"https:\\\/\\\/revistaregional.com.br\\\/site\\\/#\\\/schema\\\/person\\\/382af97c580dc1b18f55107bc316010d\"},\"breadcrumb\":{\"@id\":\"https:\\\/\\\/revistaregional.com.br\\\/site\\\/2020\\\/07\\\/24\\\/em-24h-salto-tem-mais-2-mortes-por-covid-e-45-novos-infectados\\\/#breadcrumb\"},\"inLanguage\":\"pt-BR\",\"potentialAction\":[{\"@type\":\"ReadAction\",\"target\":[\"https:\\\/\\\/revistaregional.com.br\\\/site\\\/2020\\\/07\\\/24\\\/em-24h-salto-tem-mais-2-mortes-por-covid-e-45-novos-infectados\\\/\"]}]},{\"@type\":\"ImageObject\",\"inLanguage\":\"pt-BR\",\"@id\":\"https:\\\/\\\/revistaregional.com.br\\\/site\\\/2020\\\/07\\\/24\\\/em-24h-salto-tem-mais-2-mortes-por-covid-e-45-novos-infectados\\\/#primaryimage\",\"url\":\"https:\\\/\\\/revistaregional.com.br\\\/site\\\/wp-content\\\/uploads\\\/2020\\\/07\\\/app-2-julho-1.jpg\",\"contentUrl\":\"https:\\\/\\\/revistaregional.com.br\\\/site\\\/wp-content\\\/uploads\\\/2020\\\/07\\\/app-2-julho-1.jpg\",\"width\":674,\"height\":450},{\"@type\":\"BreadcrumbList\",\"@id\":\"https:\\\/\\\/revistaregional.com.br\\\/site\\\/2020\\\/07\\\/24\\\/em-24h-salto-tem-mais-2-mortes-por-covid-e-45-novos-infectados\\\/#breadcrumb\",\"itemListElement\":[{\"@type\":\"ListItem\",\"position\":1,\"name\":\"In\u00edcio\",\"item\":\"https:\\\/\\\/revistaregional.com.br\\\/site\\\/\"},{\"@type\":\"ListItem\",\"position\":2,\"name\":\"Em 24h, Salto tem mais 2 mortes por covid e 45 novos infectados\"}]},{\"@type\":\"WebSite\",\"@id\":\"https:\\\/\\\/revistaregional.com.br\\\/site\\\/#website\",\"url\":\"https:\\\/\\\/revistaregional.com.br\\\/site\\\/\",\"name\":\"Revista Regional\",\"description\":\"Salto - Itu - Indaituba\",\"potentialAction\":[{\"@type\":\"SearchAction\",\"target\":{\"@type\":\"EntryPoint\",\"urlTemplate\":\"https:\\\/\\\/revistaregional.com.br\\\/site\\\/?s={search_term_string}\"},\"query-input\":{\"@type\":\"PropertyValueSpecification\",\"valueRequired\":true,\"valueName\":\"search_term_string\"}}],\"inLanguage\":\"pt-BR\"},{\"@type\":\"Person\",\"@id\":\"https:\\\/\\\/revistaregional.com.br\\\/site\\\/#\\\/schema\\\/person\\\/382af97c580dc1b18f55107bc316010d\",\"name\":\"contato@revistaregional.com.br\",\"image\":{\"@type\":\"ImageObject\",\"inLanguage\":\"pt-BR\",\"@id\":\"https:\\\/\\\/secure.gravatar.com\\\/avatar\\\/869822917e96b2e292d5827e4635855396934485e7c4a0af84e9a214e32ca0cd?s=96&d=mm&r=g\",\"url\":\"https:\\\/\\\/secure.gravatar.com\\\/avatar\\\/869822917e96b2e292d5827e4635855396934485e7c4a0af84e9a214e32ca0cd?s=96&d=mm&r=g\",\"contentUrl\":\"https:\\\/\\\/secure.gravatar.com\\\/avatar\\\/869822917e96b2e292d5827e4635855396934485e7c4a0af84e9a214e32ca0cd?s=96&d=mm&r=g\",\"caption\":\"contato@revistaregional.com.br\"},\"url\":\"https:\\\/\\\/revistaregional.com.br\\\/site\\\/author\\\/contato@revistaregional.com.br\\\/\"}]}<\/script>\n<!-- \/ Yoast SEO plugin. -->","yoast_head_json":{"title":"Em 24h, Salto tem mais 2 mortes por covid e 45 novos infectados - Revista Regional","robots":{"index":"index","follow":"follow","max-snippet":"max-snippet:-1","max-image-preview":"max-image-preview:large","max-video-preview":"max-video-preview:-1"},"canonical":"https:\/\/revistaregional.com.br\/site\/2020\/07\/24\/em-24h-salto-tem-mais-2-mortes-por-covid-e-45-novos-infectados\/","og_locale":"pt_BR","og_type":"article","og_title":"Em 24h, Salto tem mais 2 mortes por covid e 45 novos infectados - Revista Regional","og_description":"Indaiatuba tamb\u00e9m registrou mais 1 \u00f3bito e 62 novos casos nesta sexta-feira; Itu confirmou 40 infectados nas \u00faltimas 24 horas Salto voltou a ser a cidade da regi\u00e3o de cobertura da Revista Regional com mais mortes por covid registradas em 24 horas. Foram 2, aumentando para 27 o n\u00famero de \u00f3bitos pela doen\u00e7a desde o [&hellip;]","og_url":"https:\/\/revistaregional.com.br\/site\/2020\/07\/24\/em-24h-salto-tem-mais-2-mortes-por-covid-e-45-novos-infectados\/","og_site_name":"Revista Regional","article_published_time":"2020-07-24T21:01:21+00:00","article_modified_time":"2024-01-26T12:32:20+00:00","og_image":[{"width":674,"height":450,"url":"https:\/\/revistaregional.com.br\/site\/wp-content\/uploads\/2020\/07\/app-2-julho-1.jpg","type":"image\/jpeg"}],"author":"contato@revistaregional.com.br","twitter_card":"summary_large_image","twitter_misc":{"Escrito por":"contato@revistaregional.com.br","Est. tempo de leitura":"3 minutos"},"schema":{"@context":"https:\/\/schema.org","@graph":[{"@type":"Article","@id":"https:\/\/revistaregional.com.br\/site\/2020\/07\/24\/em-24h-salto-tem-mais-2-mortes-por-covid-e-45-novos-infectados\/#article","isPartOf":{"@id":"https:\/\/revistaregional.com.br\/site\/2020\/07\/24\/em-24h-salto-tem-mais-2-mortes-por-covid-e-45-novos-infectados\/"},"author":{"name":"contato@revistaregional.com.br","@id":"https:\/\/revistaregional.com.br\/site\/#\/schema\/person\/382af97c580dc1b18f55107bc316010d"},"headline":"Em 24h, Salto tem mais 2 mortes por covid e 45 novos infectados","datePublished":"2020-07-24T21:01:21+00:00","dateModified":"2024-01-26T12:32:20+00:00","mainEntityOfPage":{"@id":"https:\/\/revistaregional.com.br\/site\/2020\/07\/24\/em-24h-salto-tem-mais-2-mortes-por-covid-e-45-novos-infectados\/"},"wordCount":668,"image":{"@id":"https:\/\/revistaregional.com.br\/site\/2020\/07\/24\/em-24h-salto-tem-mais-2-mortes-por-covid-e-45-novos-infectados\/#primaryimage"},"thumbnailUrl":"https:\/\/revistaregional.com.br\/site\/wp-content\/uploads\/2020\/07\/app-2-julho-1.jpg","keywords":["Sa\u00fade e Beleza"],"articleSection":["Destaque Lateral","Sa\u00fade e Beleza"],"inLanguage":"pt-BR"},{"@type":"WebPage","@id":"https:\/\/revistaregional.com.br\/site\/2020\/07\/24\/em-24h-salto-tem-mais-2-mortes-por-covid-e-45-novos-infectados\/","url":"https:\/\/revistaregional.com.br\/site\/2020\/07\/24\/em-24h-salto-tem-mais-2-mortes-por-covid-e-45-novos-infectados\/","name":"Em 24h, Salto tem mais 2 mortes por covid e 45 novos infectados - Revista Regional","isPartOf":{"@id":"https:\/\/revistaregional.com.br\/site\/#website"},"primaryImageOfPage":{"@id":"https:\/\/revistaregional.com.br\/site\/2020\/07\/24\/em-24h-salto-tem-mais-2-mortes-por-covid-e-45-novos-infectados\/#primaryimage"},"image":{"@id":"https:\/\/revistaregional.com.br\/site\/2020\/07\/24\/em-24h-salto-tem-mais-2-mortes-por-covid-e-45-novos-infectados\/#primaryimage"},"thumbnailUrl":"https:\/\/revistaregional.com.br\/site\/wp-content\/uploads\/2020\/07\/app-2-julho-1.jpg","datePublished":"2020-07-24T21:01:21+00:00","dateModified":"2024-01-26T12:32:20+00:00","author":{"@id":"https:\/\/revistaregional.com.br\/site\/#\/schema\/person\/382af97c580dc1b18f55107bc316010d"},"breadcrumb":{"@id":"https:\/\/revistaregional.com.br\/site\/2020\/07\/24\/em-24h-salto-tem-mais-2-mortes-por-covid-e-45-novos-infectados\/#breadcrumb"},"inLanguage":"pt-BR","potentialAction":[{"@type":"ReadAction","target":["https:\/\/revistaregional.com.br\/site\/2020\/07\/24\/em-24h-salto-tem-mais-2-mortes-por-covid-e-45-novos-infectados\/"]}]},{"@type":"ImageObject","inLanguage":"pt-BR","@id":"https:\/\/revistaregional.com.br\/site\/2020\/07\/24\/em-24h-salto-tem-mais-2-mortes-por-covid-e-45-novos-infectados\/#primaryimage","url":"https:\/\/revistaregional.com.br\/site\/wp-content\/uploads\/2020\/07\/app-2-julho-1.jpg","contentUrl":"https:\/\/revistaregional.com.br\/site\/wp-content\/uploads\/2020\/07\/app-2-julho-1.jpg","width":674,"height":450},{"@type":"BreadcrumbList","@id":"https:\/\/revistaregional.com.br\/site\/2020\/07\/24\/em-24h-salto-tem-mais-2-mortes-por-covid-e-45-novos-infectados\/#breadcrumb","itemListElement":[{"@type":"ListItem","position":1,"name":"In\u00edcio","item":"https:\/\/revistaregional.com.br\/site\/"},{"@type":"ListItem","position":2,"name":"Em 24h, Salto tem mais 2 mortes por covid e 45 novos infectados"}]},{"@type":"WebSite","@id":"https:\/\/revistaregional.com.br\/site\/#website","url":"https:\/\/revistaregional.com.br\/site\/","name":"Revista Regional","description":"Salto - Itu - Indaituba","potentialAction":[{"@type":"SearchAction","target":{"@type":"EntryPoint","urlTemplate":"https:\/\/revistaregional.com.br\/site\/?s={search_term_string}"},"query-input":{"@type":"PropertyValueSpecification","valueRequired":true,"valueName":"search_term_string"}}],"inLanguage":"pt-BR"},{"@type":"Person","@id":"https:\/\/revistaregional.com.br\/site\/#\/schema\/person\/382af97c580dc1b18f55107bc316010d","name":"contato@revistaregional.com.br","image":{"@type":"ImageObject","inLanguage":"pt-BR","@id":"https:\/\/secure.gravatar.com\/avatar\/869822917e96b2e292d5827e4635855396934485e7c4a0af84e9a214e32ca0cd?s=96&d=mm&r=g","url":"https:\/\/secure.gravatar.com\/avatar\/869822917e96b2e292d5827e4635855396934485e7c4a0af84e9a214e32ca0cd?s=96&d=mm&r=g","contentUrl":"https:\/\/secure.gravatar.com\/avatar\/869822917e96b2e292d5827e4635855396934485e7c4a0af84e9a214e32ca0cd?s=96&d=mm&r=g","caption":"contato@revistaregional.com.br"},"url":"https:\/\/revistaregional.com.br\/site\/author\/contato@revistaregional.com.br\/"}]}},"views":55,"_links":{"self":[{"href":"https:\/\/revistaregional.com.br\/site\/wp-json\/wp\/v2\/posts\/22967","targetHints":{"allow":["GET"]}}],"collection":[{"href":"https:\/\/revistaregional.com.br\/site\/wp-json\/wp\/v2\/posts"}],"about":[{"href":"https:\/\/revistaregional.com.br\/site\/wp-json\/wp\/v2\/types\/post"}],"author":[{"embeddable":true,"href":"https:\/\/revistaregional.com.br\/site\/wp-json\/wp\/v2\/users\/1"}],"replies":[{"embeddable":true,"href":"https:\/\/revistaregional.com.br\/site\/wp-json\/wp\/v2\/comments?post=22967"}],"version-history":[{"count":2,"href":"https:\/\/revistaregional.com.br\/site\/wp-json\/wp\/v2\/posts\/22967\/revisions"}],"predecessor-version":[{"id":22970,"href":"https:\/\/revistaregional.com.br\/site\/wp-json\/wp\/v2\/posts\/22967\/revisions\/22970"}],"wp:featuredmedia":[{"embeddable":true,"href":"https:\/\/revistaregional.com.br\/site\/wp-json\/wp\/v2\/media\/22968"}],"wp:attachment":[{"href":"https:\/\/revistaregional.com.br\/site\/wp-json\/wp\/v2\/media?parent=22967"}],"wp:term":[{"taxonomy":"category","embeddable":true,"href":"https:\/\/revistaregional.com.br\/site\/wp-json\/wp\/v2\/categories?post=22967"},{"taxonomy":"post_tag","embeddable":true,"href":"https:\/\/revistaregional.com.br\/site\/wp-json\/wp\/v2\/tags?post=22967"}],"curies":[{"name":"wp","href":"https:\/\/api.w.org\/{rel}","templated":true}]}}