{"id":22955,"date":"2020-07-23T18:08:29","date_gmt":"2020-07-23T21:08:29","guid":{"rendered":"https:\/\/revistaregional.com.br\/site\/?p=22955"},"modified":"2024-01-26T09:32:21","modified_gmt":"2024-01-26T12:32:21","slug":"salto-e-indaiatuba-tem-novas-mortes-por-covid","status":"publish","type":"post","link":"https:\/\/revistaregional.com.br\/site\/2020\/07\/23\/salto-e-indaiatuba-tem-novas-mortes-por-covid\/","title":{"rendered":"Salto tem nova morte por covid-19"},"content":{"rendered":"<figure id=\"attachment_22956\" aria-describedby=\"caption-attachment-22956\" style=\"width: 326px\" class=\"wp-caption alignright\"><img fetchpriority=\"high\" decoding=\"async\" class=\"wp-image-22956\" src=\"https:\/\/revistaregional.com.br\/site\/wp-content\/uploads\/2020\/07\/app-23-julho-1024x683.jpg\" alt=\"\" width=\"326\" height=\"217\" data-id=\"22956\" srcset=\"https:\/\/revistaregional.com.br\/site\/wp-content\/uploads\/2020\/07\/app-23-julho-1024x683.jpg 1024w, https:\/\/revistaregional.com.br\/site\/wp-content\/uploads\/2020\/07\/app-23-julho-300x200.jpg 300w, https:\/\/revistaregional.com.br\/site\/wp-content\/uploads\/2020\/07\/app-23-julho-150x100.jpg 150w, https:\/\/revistaregional.com.br\/site\/wp-content\/uploads\/2020\/07\/app-23-julho-272x182.jpg 272w, https:\/\/revistaregional.com.br\/site\/wp-content\/uploads\/2020\/07\/app-23-julho.jpg 1200w\" sizes=\"(max-width: 326px) 100vw, 326px\" \/><figcaption id=\"caption-attachment-22956\" class=\"wp-caption-text\">Covid: novos infectados e 1 morte na regi\u00e3o neste 23 de julho<\/figcaption><\/figure>\n<p><strong><em>Nesta quinta-feira, 23 de julho, apenas Salto registrou 1 \u00f3bito por covid; Itu confirmou 57 novos infectados em 24 horas e 2 mortes suspeitas de covid; J\u00e1 Indaiatuba teve 75 positivos<\/em><\/strong><\/p>\n<p><strong><em>&nbsp;<\/em><\/strong><\/p>\n<p>Nas \u00faltimas 24 horas, Salto foi a \u00fanica cidade da regi\u00e3o de cobertura da Revista Regional a registrar morte por covid-19. A paciente tinha 59 anos e estava internada no Hospital Municipal. Foram confirmados 16 novos infectados, somando agora 557 casos, sendo que 25 morreram, 487 evolu\u00edram para cura, 14 casos seguem internados (sendo 6 em UTI) e 31 pacientes est\u00e3o em isolamento domiciliar. H\u00e1 118 testados \u00e0 espera de resultados. Destes, 15 est\u00e3o em isolamento domiciliar, 19 em interna\u00e7\u00e3o cl\u00ednica (sendo 5 em UTI). A taxa de ocupa\u00e7\u00e3o do Hospital Municipal est\u00e1 em 83% na UTI e 39% na interna\u00e7\u00e3o cl\u00ednica.<\/p>\n<p>Itu registrou 57 novos casos nas \u00faltimas 24 horas, contabilizando agora 1.276 casos confirmados, sendo que 51 morreram, 1.072 se recuperaram e h\u00e1 85 suspeitos aguardando resultados. A cidade tem 10 pacientes internados em leito cl\u00ednico e 11 em UTI. H\u00e1 2 mortes suspeitas de covid. A taxa de ocupa\u00e7\u00e3o das UTIs est\u00e1 em 75% no Hospital Municipal e 50% no Hospital de Campanha.<\/p>\n<p>Em Indaiatuba, a Prefeitura divulgou, nesta quinta-feira, dois boletins epidemiol\u00f3gicos. No primeiro deles, \u00e0s 17h, ela confirmava a morte de uma paciente de 90 anos que estava internada no Haoc (Hospital Augusto de Oliveira Camargo). A not\u00edcia foi publicada no site e no app de not\u00edcias da Revista Regional, juntamente com os demais boletins da pandemia enviados \u00e0 imprensa pelas Prefeituras da regi\u00e3o. Por\u00e9m, \u00e0s 20h, a Secretaria de Sa\u00fade de Indaiatuba enviou novo comunicado aos ve\u00edculos de imprensa, corrigindo um erro que teria sido do Haoc, na divulga\u00e7\u00e3o do \u00f3bito. A paciente, ao contr\u00e1rio do que havia sido informado pelo hospital e pela Prefeitura, testou positivamente para influenza e n\u00e3o para covid-19. Com isso, Indaiatuba n\u00e3o teve morte pelo novo coronav\u00edrus nesta quinta.<\/p>\n<p>A cidade registrou 75 novos casos positivos, totalizando 3.616 confirmados, sendo que 106 morreram, 3.463 s\u00e3o considerados curados ou ainda est\u00e3o em recupera\u00e7\u00e3o domiciliar (a Prefeitura de Indaiatuba n\u00e3o divulga n\u00famero exato de curados) e 42 seguem internados. Ainda h\u00e1 outros 405 casos suspeitos aguardando resultado. Atualmente h\u00e1 50 pessoas internadas em leito cl\u00ednico e 31 em UTI (Unidade de Terapia Intensiva). A taxa de ocupa\u00e7\u00e3o das UTIs est\u00e1 em 83% no Haoc e 92% no Hospital Santa Ign\u00eas.<\/p>\n<p>&nbsp;<\/p>\n<p>&nbsp;<\/p>\n<p>Foto: BIRF<\/p>\n","protected":false},"excerpt":{"rendered":"<p>Nesta quinta-feira, 23 de julho, apenas Salto registrou 1 \u00f3bito por covid; Itu confirmou 57 novos infectados em 24 horas e 2 mortes suspeitas de covid; J\u00e1 Indaiatuba teve 75 positivos &nbsp; Nas \u00faltimas 24 horas, Salto foi a \u00fanica cidade da regi\u00e3o de cobertura da Revista Regional a registrar morte por covid-19. A paciente [&hellip;]<\/p>\n","protected":false},"author":1,"featured_media":22956,"comment_status":"closed","ping_status":"closed","sticky":false,"template":"","format":"standard","meta":{"_acf_changed":false,"ngg_post_thumbnail":0,"_joinchat":[],"footnotes":""},"categories":[449,8],"tags":[525],"class_list":["post-22955","post","type-post","status-publish","format-standard","has-post-thumbnail","hentry","category-destaque-lateral","category-saude-e-beleza","tag-saude-e-beleza"],"acf":[],"yoast_head":"<!-- This site is optimized with the Yoast SEO plugin v27.4 - https:\/\/yoast.com\/product\/yoast-seo-wordpress\/ -->\n<title>Salto tem nova morte por covid-19 - Revista Regional<\/title>\n<meta name=\"robots\" content=\"index, follow, max-snippet:-1, max-image-preview:large, max-video-preview:-1\" \/>\n<link rel=\"canonical\" href=\"https:\/\/revistaregional.com.br\/site\/2020\/07\/23\/salto-e-indaiatuba-tem-novas-mortes-por-covid\/\" \/>\n<meta property=\"og:locale\" content=\"pt_BR\" \/>\n<meta property=\"og:type\" content=\"article\" \/>\n<meta property=\"og:title\" content=\"Salto tem nova morte por covid-19 - Revista Regional\" \/>\n<meta property=\"og:description\" content=\"Nesta quinta-feira, 23 de julho, apenas Salto registrou 1 \u00f3bito por covid; Itu confirmou 57 novos infectados em 24 horas e 2 mortes suspeitas de covid; J\u00e1 Indaiatuba teve 75 positivos &nbsp; Nas \u00faltimas 24 horas, Salto foi a \u00fanica cidade da regi\u00e3o de cobertura da Revista Regional a registrar morte por covid-19. A paciente [&hellip;]\" \/>\n<meta property=\"og:url\" content=\"https:\/\/revistaregional.com.br\/site\/2020\/07\/23\/salto-e-indaiatuba-tem-novas-mortes-por-covid\/\" \/>\n<meta property=\"og:site_name\" content=\"Revista Regional\" \/>\n<meta property=\"article:published_time\" content=\"2020-07-23T21:08:29+00:00\" \/>\n<meta property=\"article:modified_time\" content=\"2024-01-26T12:32:21+00:00\" \/>\n<meta property=\"og:image\" content=\"https:\/\/revistaregional.com.br\/site\/wp-content\/uploads\/2020\/07\/app-23-julho.jpg\" \/>\n\t<meta property=\"og:image:width\" content=\"1200\" \/>\n\t<meta property=\"og:image:height\" content=\"800\" \/>\n\t<meta property=\"og:image:type\" content=\"image\/jpeg\" \/>\n<meta name=\"author\" content=\"contato@revistaregional.com.br\" \/>\n<meta name=\"twitter:card\" content=\"summary_large_image\" \/>\n<meta name=\"twitter:label1\" content=\"Escrito por\" \/>\n\t<meta name=\"twitter:data1\" content=\"contato@revistaregional.com.br\" \/>\n\t<meta name=\"twitter:label2\" content=\"Est. tempo de leitura\" \/>\n\t<meta name=\"twitter:data2\" content=\"2 minutos\" \/>\n<script type=\"application\/ld+json\" class=\"yoast-schema-graph\">{\"@context\":\"https:\\\/\\\/schema.org\",\"@graph\":[{\"@type\":\"Article\",\"@id\":\"https:\\\/\\\/revistaregional.com.br\\\/site\\\/2020\\\/07\\\/23\\\/salto-e-indaiatuba-tem-novas-mortes-por-covid\\\/#article\",\"isPartOf\":{\"@id\":\"https:\\\/\\\/revistaregional.com.br\\\/site\\\/2020\\\/07\\\/23\\\/salto-e-indaiatuba-tem-novas-mortes-por-covid\\\/\"},\"author\":{\"name\":\"contato@revistaregional.com.br\",\"@id\":\"https:\\\/\\\/revistaregional.com.br\\\/site\\\/#\\\/schema\\\/person\\\/382af97c580dc1b18f55107bc316010d\"},\"headline\":\"Salto tem nova morte por covid-19\",\"datePublished\":\"2020-07-23T21:08:29+00:00\",\"dateModified\":\"2024-01-26T12:32:21+00:00\",\"mainEntityOfPage\":{\"@id\":\"https:\\\/\\\/revistaregional.com.br\\\/site\\\/2020\\\/07\\\/23\\\/salto-e-indaiatuba-tem-novas-mortes-por-covid\\\/\"},\"wordCount\":415,\"image\":{\"@id\":\"https:\\\/\\\/revistaregional.com.br\\\/site\\\/2020\\\/07\\\/23\\\/salto-e-indaiatuba-tem-novas-mortes-por-covid\\\/#primaryimage\"},\"thumbnailUrl\":\"https:\\\/\\\/revistaregional.com.br\\\/site\\\/wp-content\\\/uploads\\\/2020\\\/07\\\/app-23-julho.jpg\",\"keywords\":[\"Sa\u00fade e Beleza\"],\"articleSection\":[\"Destaque Lateral\",\"Sa\u00fade e Beleza\"],\"inLanguage\":\"pt-BR\"},{\"@type\":\"WebPage\",\"@id\":\"https:\\\/\\\/revistaregional.com.br\\\/site\\\/2020\\\/07\\\/23\\\/salto-e-indaiatuba-tem-novas-mortes-por-covid\\\/\",\"url\":\"https:\\\/\\\/revistaregional.com.br\\\/site\\\/2020\\\/07\\\/23\\\/salto-e-indaiatuba-tem-novas-mortes-por-covid\\\/\",\"name\":\"Salto tem nova morte por covid-19 - Revista Regional\",\"isPartOf\":{\"@id\":\"https:\\\/\\\/revistaregional.com.br\\\/site\\\/#website\"},\"primaryImageOfPage\":{\"@id\":\"https:\\\/\\\/revistaregional.com.br\\\/site\\\/2020\\\/07\\\/23\\\/salto-e-indaiatuba-tem-novas-mortes-por-covid\\\/#primaryimage\"},\"image\":{\"@id\":\"https:\\\/\\\/revistaregional.com.br\\\/site\\\/2020\\\/07\\\/23\\\/salto-e-indaiatuba-tem-novas-mortes-por-covid\\\/#primaryimage\"},\"thumbnailUrl\":\"https:\\\/\\\/revistaregional.com.br\\\/site\\\/wp-content\\\/uploads\\\/2020\\\/07\\\/app-23-julho.jpg\",\"datePublished\":\"2020-07-23T21:08:29+00:00\",\"dateModified\":\"2024-01-26T12:32:21+00:00\",\"author\":{\"@id\":\"https:\\\/\\\/revistaregional.com.br\\\/site\\\/#\\\/schema\\\/person\\\/382af97c580dc1b18f55107bc316010d\"},\"breadcrumb\":{\"@id\":\"https:\\\/\\\/revistaregional.com.br\\\/site\\\/2020\\\/07\\\/23\\\/salto-e-indaiatuba-tem-novas-mortes-por-covid\\\/#breadcrumb\"},\"inLanguage\":\"pt-BR\",\"potentialAction\":[{\"@type\":\"ReadAction\",\"target\":[\"https:\\\/\\\/revistaregional.com.br\\\/site\\\/2020\\\/07\\\/23\\\/salto-e-indaiatuba-tem-novas-mortes-por-covid\\\/\"]}]},{\"@type\":\"ImageObject\",\"inLanguage\":\"pt-BR\",\"@id\":\"https:\\\/\\\/revistaregional.com.br\\\/site\\\/2020\\\/07\\\/23\\\/salto-e-indaiatuba-tem-novas-mortes-por-covid\\\/#primaryimage\",\"url\":\"https:\\\/\\\/revistaregional.com.br\\\/site\\\/wp-content\\\/uploads\\\/2020\\\/07\\\/app-23-julho.jpg\",\"contentUrl\":\"https:\\\/\\\/revistaregional.com.br\\\/site\\\/wp-content\\\/uploads\\\/2020\\\/07\\\/app-23-julho.jpg\",\"width\":1200,\"height\":800},{\"@type\":\"BreadcrumbList\",\"@id\":\"https:\\\/\\\/revistaregional.com.br\\\/site\\\/2020\\\/07\\\/23\\\/salto-e-indaiatuba-tem-novas-mortes-por-covid\\\/#breadcrumb\",\"itemListElement\":[{\"@type\":\"ListItem\",\"position\":1,\"name\":\"In\u00edcio\",\"item\":\"https:\\\/\\\/revistaregional.com.br\\\/site\\\/\"},{\"@type\":\"ListItem\",\"position\":2,\"name\":\"Salto tem nova morte por covid-19\"}]},{\"@type\":\"WebSite\",\"@id\":\"https:\\\/\\\/revistaregional.com.br\\\/site\\\/#website\",\"url\":\"https:\\\/\\\/revistaregional.com.br\\\/site\\\/\",\"name\":\"Revista Regional\",\"description\":\"Salto - Itu - Indaituba\",\"potentialAction\":[{\"@type\":\"SearchAction\",\"target\":{\"@type\":\"EntryPoint\",\"urlTemplate\":\"https:\\\/\\\/revistaregional.com.br\\\/site\\\/?s={search_term_string}\"},\"query-input\":{\"@type\":\"PropertyValueSpecification\",\"valueRequired\":true,\"valueName\":\"search_term_string\"}}],\"inLanguage\":\"pt-BR\"},{\"@type\":\"Person\",\"@id\":\"https:\\\/\\\/revistaregional.com.br\\\/site\\\/#\\\/schema\\\/person\\\/382af97c580dc1b18f55107bc316010d\",\"name\":\"contato@revistaregional.com.br\",\"image\":{\"@type\":\"ImageObject\",\"inLanguage\":\"pt-BR\",\"@id\":\"https:\\\/\\\/secure.gravatar.com\\\/avatar\\\/869822917e96b2e292d5827e4635855396934485e7c4a0af84e9a214e32ca0cd?s=96&d=mm&r=g\",\"url\":\"https:\\\/\\\/secure.gravatar.com\\\/avatar\\\/869822917e96b2e292d5827e4635855396934485e7c4a0af84e9a214e32ca0cd?s=96&d=mm&r=g\",\"contentUrl\":\"https:\\\/\\\/secure.gravatar.com\\\/avatar\\\/869822917e96b2e292d5827e4635855396934485e7c4a0af84e9a214e32ca0cd?s=96&d=mm&r=g\",\"caption\":\"contato@revistaregional.com.br\"},\"url\":\"https:\\\/\\\/revistaregional.com.br\\\/site\\\/author\\\/contato@revistaregional.com.br\\\/\"}]}<\/script>\n<!-- \/ Yoast SEO plugin. -->","yoast_head_json":{"title":"Salto tem nova morte por covid-19 - Revista Regional","robots":{"index":"index","follow":"follow","max-snippet":"max-snippet:-1","max-image-preview":"max-image-preview:large","max-video-preview":"max-video-preview:-1"},"canonical":"https:\/\/revistaregional.com.br\/site\/2020\/07\/23\/salto-e-indaiatuba-tem-novas-mortes-por-covid\/","og_locale":"pt_BR","og_type":"article","og_title":"Salto tem nova morte por covid-19 - Revista Regional","og_description":"Nesta quinta-feira, 23 de julho, apenas Salto registrou 1 \u00f3bito por covid; Itu confirmou 57 novos infectados em 24 horas e 2 mortes suspeitas de covid; J\u00e1 Indaiatuba teve 75 positivos &nbsp; Nas \u00faltimas 24 horas, Salto foi a \u00fanica cidade da regi\u00e3o de cobertura da Revista Regional a registrar morte por covid-19. A paciente [&hellip;]","og_url":"https:\/\/revistaregional.com.br\/site\/2020\/07\/23\/salto-e-indaiatuba-tem-novas-mortes-por-covid\/","og_site_name":"Revista Regional","article_published_time":"2020-07-23T21:08:29+00:00","article_modified_time":"2024-01-26T12:32:21+00:00","og_image":[{"width":1200,"height":800,"url":"https:\/\/revistaregional.com.br\/site\/wp-content\/uploads\/2020\/07\/app-23-julho.jpg","type":"image\/jpeg"}],"author":"contato@revistaregional.com.br","twitter_card":"summary_large_image","twitter_misc":{"Escrito por":"contato@revistaregional.com.br","Est. tempo de leitura":"2 minutos"},"schema":{"@context":"https:\/\/schema.org","@graph":[{"@type":"Article","@id":"https:\/\/revistaregional.com.br\/site\/2020\/07\/23\/salto-e-indaiatuba-tem-novas-mortes-por-covid\/#article","isPartOf":{"@id":"https:\/\/revistaregional.com.br\/site\/2020\/07\/23\/salto-e-indaiatuba-tem-novas-mortes-por-covid\/"},"author":{"name":"contato@revistaregional.com.br","@id":"https:\/\/revistaregional.com.br\/site\/#\/schema\/person\/382af97c580dc1b18f55107bc316010d"},"headline":"Salto tem nova morte por covid-19","datePublished":"2020-07-23T21:08:29+00:00","dateModified":"2024-01-26T12:32:21+00:00","mainEntityOfPage":{"@id":"https:\/\/revistaregional.com.br\/site\/2020\/07\/23\/salto-e-indaiatuba-tem-novas-mortes-por-covid\/"},"wordCount":415,"image":{"@id":"https:\/\/revistaregional.com.br\/site\/2020\/07\/23\/salto-e-indaiatuba-tem-novas-mortes-por-covid\/#primaryimage"},"thumbnailUrl":"https:\/\/revistaregional.com.br\/site\/wp-content\/uploads\/2020\/07\/app-23-julho.jpg","keywords":["Sa\u00fade e Beleza"],"articleSection":["Destaque Lateral","Sa\u00fade e Beleza"],"inLanguage":"pt-BR"},{"@type":"WebPage","@id":"https:\/\/revistaregional.com.br\/site\/2020\/07\/23\/salto-e-indaiatuba-tem-novas-mortes-por-covid\/","url":"https:\/\/revistaregional.com.br\/site\/2020\/07\/23\/salto-e-indaiatuba-tem-novas-mortes-por-covid\/","name":"Salto tem nova morte por covid-19 - Revista Regional","isPartOf":{"@id":"https:\/\/revistaregional.com.br\/site\/#website"},"primaryImageOfPage":{"@id":"https:\/\/revistaregional.com.br\/site\/2020\/07\/23\/salto-e-indaiatuba-tem-novas-mortes-por-covid\/#primaryimage"},"image":{"@id":"https:\/\/revistaregional.com.br\/site\/2020\/07\/23\/salto-e-indaiatuba-tem-novas-mortes-por-covid\/#primaryimage"},"thumbnailUrl":"https:\/\/revistaregional.com.br\/site\/wp-content\/uploads\/2020\/07\/app-23-julho.jpg","datePublished":"2020-07-23T21:08:29+00:00","dateModified":"2024-01-26T12:32:21+00:00","author":{"@id":"https:\/\/revistaregional.com.br\/site\/#\/schema\/person\/382af97c580dc1b18f55107bc316010d"},"breadcrumb":{"@id":"https:\/\/revistaregional.com.br\/site\/2020\/07\/23\/salto-e-indaiatuba-tem-novas-mortes-por-covid\/#breadcrumb"},"inLanguage":"pt-BR","potentialAction":[{"@type":"ReadAction","target":["https:\/\/revistaregional.com.br\/site\/2020\/07\/23\/salto-e-indaiatuba-tem-novas-mortes-por-covid\/"]}]},{"@type":"ImageObject","inLanguage":"pt-BR","@id":"https:\/\/revistaregional.com.br\/site\/2020\/07\/23\/salto-e-indaiatuba-tem-novas-mortes-por-covid\/#primaryimage","url":"https:\/\/revistaregional.com.br\/site\/wp-content\/uploads\/2020\/07\/app-23-julho.jpg","contentUrl":"https:\/\/revistaregional.com.br\/site\/wp-content\/uploads\/2020\/07\/app-23-julho.jpg","width":1200,"height":800},{"@type":"BreadcrumbList","@id":"https:\/\/revistaregional.com.br\/site\/2020\/07\/23\/salto-e-indaiatuba-tem-novas-mortes-por-covid\/#breadcrumb","itemListElement":[{"@type":"ListItem","position":1,"name":"In\u00edcio","item":"https:\/\/revistaregional.com.br\/site\/"},{"@type":"ListItem","position":2,"name":"Salto tem nova morte por covid-19"}]},{"@type":"WebSite","@id":"https:\/\/revistaregional.com.br\/site\/#website","url":"https:\/\/revistaregional.com.br\/site\/","name":"Revista Regional","description":"Salto - Itu - Indaituba","potentialAction":[{"@type":"SearchAction","target":{"@type":"EntryPoint","urlTemplate":"https:\/\/revistaregional.com.br\/site\/?s={search_term_string}"},"query-input":{"@type":"PropertyValueSpecification","valueRequired":true,"valueName":"search_term_string"}}],"inLanguage":"pt-BR"},{"@type":"Person","@id":"https:\/\/revistaregional.com.br\/site\/#\/schema\/person\/382af97c580dc1b18f55107bc316010d","name":"contato@revistaregional.com.br","image":{"@type":"ImageObject","inLanguage":"pt-BR","@id":"https:\/\/secure.gravatar.com\/avatar\/869822917e96b2e292d5827e4635855396934485e7c4a0af84e9a214e32ca0cd?s=96&d=mm&r=g","url":"https:\/\/secure.gravatar.com\/avatar\/869822917e96b2e292d5827e4635855396934485e7c4a0af84e9a214e32ca0cd?s=96&d=mm&r=g","contentUrl":"https:\/\/secure.gravatar.com\/avatar\/869822917e96b2e292d5827e4635855396934485e7c4a0af84e9a214e32ca0cd?s=96&d=mm&r=g","caption":"contato@revistaregional.com.br"},"url":"https:\/\/revistaregional.com.br\/site\/author\/contato@revistaregional.com.br\/"}]}},"views":61,"_links":{"self":[{"href":"https:\/\/revistaregional.com.br\/site\/wp-json\/wp\/v2\/posts\/22955","targetHints":{"allow":["GET"]}}],"collection":[{"href":"https:\/\/revistaregional.com.br\/site\/wp-json\/wp\/v2\/posts"}],"about":[{"href":"https:\/\/revistaregional.com.br\/site\/wp-json\/wp\/v2\/types\/post"}],"author":[{"embeddable":true,"href":"https:\/\/revistaregional.com.br\/site\/wp-json\/wp\/v2\/users\/1"}],"replies":[{"embeddable":true,"href":"https:\/\/revistaregional.com.br\/site\/wp-json\/wp\/v2\/comments?post=22955"}],"version-history":[{"count":4,"href":"https:\/\/revistaregional.com.br\/site\/wp-json\/wp\/v2\/posts\/22955\/revisions"}],"predecessor-version":[{"id":22959,"href":"https:\/\/revistaregional.com.br\/site\/wp-json\/wp\/v2\/posts\/22955\/revisions\/22959"}],"wp:featuredmedia":[{"embeddable":true,"href":"https:\/\/revistaregional.com.br\/site\/wp-json\/wp\/v2\/media\/22956"}],"wp:attachment":[{"href":"https:\/\/revistaregional.com.br\/site\/wp-json\/wp\/v2\/media?parent=22955"}],"wp:term":[{"taxonomy":"category","embeddable":true,"href":"https:\/\/revistaregional.com.br\/site\/wp-json\/wp\/v2\/categories?post=22955"},{"taxonomy":"post_tag","embeddable":true,"href":"https:\/\/revistaregional.com.br\/site\/wp-json\/wp\/v2\/tags?post=22955"}],"curies":[{"name":"wp","href":"https:\/\/api.w.org\/{rel}","templated":true}]}}