{"id":22949,"date":"2020-07-23T11:23:52","date_gmt":"2020-07-23T14:23:52","guid":{"rendered":"https:\/\/revistaregional.com.br\/site\/?p=22949"},"modified":"2024-01-26T09:32:22","modified_gmt":"2024-01-26T12:32:22","slug":"julho-amarelo-reforca-controle-das-hepatites-b-e-c","status":"publish","type":"post","link":"https:\/\/revistaregional.com.br\/site\/2020\/07\/23\/julho-amarelo-reforca-controle-das-hepatites-b-e-c\/","title":{"rendered":"\u201cJulho Amarelo\u201d refor\u00e7a controle das hepatites B e C"},"content":{"rendered":"<figure id=\"attachment_22951\" aria-describedby=\"caption-attachment-22951\" style=\"width: 426px\" class=\"wp-caption alignright\"><img fetchpriority=\"high\" decoding=\"async\" class=\"wp-image-22951\" src=\"https:\/\/revistaregional.com.br\/site\/wp-content\/uploads\/2020\/07\/app-julho-amarelo.png\" alt=\"\" width=\"426\" height=\"255\" data-id=\"22951\" srcset=\"https:\/\/revistaregional.com.br\/site\/wp-content\/uploads\/2020\/07\/app-julho-amarelo.png 702w, https:\/\/revistaregional.com.br\/site\/wp-content\/uploads\/2020\/07\/app-julho-amarelo-300x179.png 300w, https:\/\/revistaregional.com.br\/site\/wp-content\/uploads\/2020\/07\/app-julho-amarelo-150x90.png 150w, https:\/\/revistaregional.com.br\/site\/wp-content\/uploads\/2020\/07\/app-julho-amarelo-250x150.png 250w\" sizes=\"(max-width: 426px) 100vw, 426px\" \/><figcaption id=\"caption-attachment-22951\" class=\"wp-caption-text\">28 de julho \u00e9 o dia mundial de combate \u00e0 hepatite, doen\u00e7a que afeta o f\u00edgado<\/figcaption><\/figure>\n<p><strong>Especialistas em hepatites virais falam sobre a import\u00e2ncia do tratamento e do controle da doen\u00e7a no Brasil<\/strong><\/p>\n<p>Diante da pandemia do novo coronav\u00edrus, a recomenda\u00e7\u00e3o dos profissionais de sa\u00fade \u00e9 de evitar aglomera\u00e7\u00f5es e manter pr\u00e1ticas de higiene como forma de proteger a popula\u00e7\u00e3o de contrair a covid-19. No entanto, \u00e9 fundamental manter-se protegido contra outras doen\u00e7as, como \u00e9 o caso das hepatites B e C, que ganham ainda mais visibilidade no m\u00eas de julho, em refer\u00eancia ao Dia Mundial de Combate \u00e0s Hepatites Virais (28 de julho), tamb\u00e9m conhecido como #JulhoAmarelo.<\/p>\n<p>A hepatite B \u00e9 causada pela infec\u00e7\u00e3o do HBV, que pode causar grave dano hep\u00e1tico, cirrose e c\u00e2ncer no f\u00edgado e ainda levar \u00e0 morte quando n\u00e3o controlada adequadamente. Existe uma vacina indicada para adultos ou crian\u00e7as, em tr\u00eas doses, e est\u00e1 dispon\u00edvel no SUS (Sistema \u00danico de Sa\u00fade). Embora ainda n\u00e3o exista cura para a hepatite B cr\u00f4nica, h\u00e1 tratamento que interrompe a progress\u00e3o da doen\u00e7a e reduz o risco de complica\u00e7\u00f5es, al\u00e9m de diminuir a possibilidade de transmiss\u00e3o.<\/p>\n<p>J\u00e1 o v\u00edrus da hepatite C (HCV) \u00e9 o mais perigoso e continua registrando o maior n\u00famero de casos no Brasil: 11,9 para cada 100 mil habitantes, de acordo com o Minist\u00e9rio da Sa\u00fade, podendo evoluir para cirrose, c\u00e2ncer de f\u00edgado e at\u00e9 mesmo levando \u00e0 necessidade de um transplante. A estimativa \u00e9 de que, no pa\u00eds, mais de 700 mil pessoas tenham a doen\u00e7a, sendo que a maioria n\u00e3o sabe que convive com ela.<\/p>\n<p>O m\u00e9dico hepatologista, Dr. Paulo Bittencourt, presidente do Instituto Brasileiro do F\u00edgado da Sociedade Brasileira de Hepatologia, explica algumas formas de avaliar a necessidade de fazer um teste: \u201cDe um modo geral, \u00e9 importante ao menos uma vez na vida fazer o teste para hepatite C, principalmente para aquelas pessoas com mais de 40 anos, para indiv\u00edduos que convivem com diabetes, pessoas que receberam transfus\u00e3o de sangue ou transplante de \u00f3rg\u00e3os at\u00e9 1993, ou que j\u00e1 compartilharam objetos perfurocortantes: por exemplo, l\u00e2minas de barbear, tesourinhas de unha, seringas e agulhas\u201d.<\/p>\n<p>O m\u00e9dico ainda destaca que o v\u00edrus da hepatite B pode ser adquirido por sexo desprotegido ou por transmiss\u00e3o vertical (da m\u00e3e para o filho). Como a infec\u00e7\u00e3o pelos v\u00edrus B e C geralmente \u00e9 silenciosa e se desenvolve de forma bem lenta ao longo dos anos, o diagn\u00f3stico tardio pode trazer graves consequ\u00eancias. A OMS (Organiza\u00e7\u00e3o Mundial da Sa\u00fade) visa a elimina\u00e7\u00e3o das hepatites virais at\u00e9 2030, por isso \u00e9 t\u00e3o importante a conscientiza\u00e7\u00e3o para travar o avan\u00e7o da doen\u00e7a.<\/p>\n<p>Dr. Eric Bassetti, gastroenterologista e diretor m\u00e9dico associado da Gilead Sciences, empresa que tem as hepatites como uma de suas principais \u00e1reas terap\u00eauticas de pesquisa e desenvolvimento, explica que para a detec\u00e7\u00e3o, basta fazer um exame de sangue, que \u00e9 r\u00e1pido, gratuito e est\u00e1 em dispon\u00edvel em qualquer unidade do SUS ou em redes privadas. Segundo Dr. Bassetti, mesmo com essa facilidade, o grande desafio atualmente \u00e9 encontrar os pacientes, j\u00e1 que os \u00edndices de procura pelos testes ainda s\u00e3o muito baixos. Ele tamb\u00e9m ressalta que at\u00e9 mesmo a bi\u00f3psia hep\u00e1tica, muito utilizada no passado, \u00e9 raramente solicitada hoje em dia.<\/p>\n<p>Se o resultado do exame de hepatite C for positivo, o paciente deve ser encaminhado para um m\u00e9dico especialista, que solicitar\u00e1 os exames complementares para confirma\u00e7\u00e3o do diagn\u00f3stico e in\u00edcio do tratamento. \u201cApesar de ser uma infec\u00e7\u00e3o grave, at\u00e9 98% dos pacientes se curam em 12 semanas por um tratamento feito com um \u00fanico comprimido ao dia e que apresenta poucos efeitos adversos. Os tratamentos atuais s\u00e3o de \u00faltima gera\u00e7\u00e3o e est\u00e3o dispon\u00edveis na rede p\u00fablica\u201d, esclarece Dr. Bassetti.<\/p>\n<p>PERIGOS<\/p>\n<p>A hepatite C \u00e9 a maior causa de cirrose, c\u00e2ncer e transplante de f\u00edgado no mundo. Al\u00e9m das complica\u00e7\u00f5es, ela pode desencadear doen\u00e7as sist\u00eamicas \u2010 disfun\u00e7\u00f5es que afetam uma s\u00e9rie de outros \u00f3rg\u00e3os ou tecidos. Exemplo disso \u00e9 o desenvolvimento de diabetes e do linfoma. O fato de 80% dos casos de a doen\u00e7a serem assintom\u00e1ticos faz dela um s\u00e9rio problema de sa\u00fade p\u00fablica, j\u00e1 que pode levar d\u00e9cadas para dar sinais e, normalmente, quando se manifesta, apresenta um est\u00e1gio avan\u00e7ado de comprometimento do f\u00edgado.<\/p>\n<p>foto: BIRF<\/p>\n","protected":false},"excerpt":{"rendered":"<p>Especialistas em hepatites virais falam sobre a import\u00e2ncia do tratamento e do controle da doen\u00e7a no Brasil Diante da pandemia do novo coronav\u00edrus, a recomenda\u00e7\u00e3o dos profissionais de sa\u00fade \u00e9 de evitar aglomera\u00e7\u00f5es e manter pr\u00e1ticas de higiene como forma de proteger a popula\u00e7\u00e3o de contrair a covid-19. No entanto, \u00e9 fundamental manter-se protegido contra [&hellip;]<\/p>\n","protected":false},"author":1,"featured_media":22951,"comment_status":"closed","ping_status":"closed","sticky":false,"template":"","format":"standard","meta":{"_acf_changed":false,"ngg_post_thumbnail":0,"_joinchat":[],"footnotes":""},"categories":[449,8],"tags":[525],"class_list":["post-22949","post","type-post","status-publish","format-standard","has-post-thumbnail","hentry","category-destaque-lateral","category-saude-e-beleza","tag-saude-e-beleza"],"acf":[],"yoast_head":"<!-- This site is optimized with the Yoast SEO plugin v27.4 - https:\/\/yoast.com\/product\/yoast-seo-wordpress\/ -->\n<title>\u201cJulho Amarelo\u201d refor\u00e7a controle das hepatites B e C - Revista Regional<\/title>\n<meta name=\"robots\" content=\"index, follow, max-snippet:-1, max-image-preview:large, max-video-preview:-1\" \/>\n<link rel=\"canonical\" href=\"https:\/\/revistaregional.com.br\/site\/2020\/07\/23\/julho-amarelo-reforca-controle-das-hepatites-b-e-c\/\" \/>\n<meta property=\"og:locale\" content=\"pt_BR\" \/>\n<meta property=\"og:type\" content=\"article\" \/>\n<meta property=\"og:title\" content=\"\u201cJulho Amarelo\u201d refor\u00e7a controle das hepatites B e C - Revista Regional\" \/>\n<meta property=\"og:description\" content=\"Especialistas em hepatites virais falam sobre a import\u00e2ncia do tratamento e do controle da doen\u00e7a no Brasil Diante da pandemia do novo coronav\u00edrus, a recomenda\u00e7\u00e3o dos profissionais de sa\u00fade \u00e9 de evitar aglomera\u00e7\u00f5es e manter pr\u00e1ticas de higiene como forma de proteger a popula\u00e7\u00e3o de contrair a covid-19. No entanto, \u00e9 fundamental manter-se protegido contra [&hellip;]\" \/>\n<meta property=\"og:url\" content=\"https:\/\/revistaregional.com.br\/site\/2020\/07\/23\/julho-amarelo-reforca-controle-das-hepatites-b-e-c\/\" \/>\n<meta property=\"og:site_name\" content=\"Revista Regional\" \/>\n<meta property=\"article:published_time\" content=\"2020-07-23T14:23:52+00:00\" \/>\n<meta property=\"article:modified_time\" content=\"2024-01-26T12:32:22+00:00\" \/>\n<meta property=\"og:image\" content=\"https:\/\/revistaregional.com.br\/site\/wp-content\/uploads\/2020\/07\/app-julho-amarelo.png\" \/>\n\t<meta property=\"og:image:width\" content=\"702\" \/>\n\t<meta property=\"og:image:height\" content=\"420\" \/>\n\t<meta property=\"og:image:type\" content=\"image\/png\" \/>\n<meta name=\"author\" content=\"contato@revistaregional.com.br\" \/>\n<meta name=\"twitter:card\" content=\"summary_large_image\" \/>\n<meta name=\"twitter:label1\" content=\"Escrito por\" \/>\n\t<meta name=\"twitter:data1\" content=\"contato@revistaregional.com.br\" \/>\n\t<meta name=\"twitter:label2\" content=\"Est. tempo de leitura\" \/>\n\t<meta name=\"twitter:data2\" content=\"4 minutos\" \/>\n<script type=\"application\/ld+json\" class=\"yoast-schema-graph\">{\"@context\":\"https:\\\/\\\/schema.org\",\"@graph\":[{\"@type\":\"Article\",\"@id\":\"https:\\\/\\\/revistaregional.com.br\\\/site\\\/2020\\\/07\\\/23\\\/julho-amarelo-reforca-controle-das-hepatites-b-e-c\\\/#article\",\"isPartOf\":{\"@id\":\"https:\\\/\\\/revistaregional.com.br\\\/site\\\/2020\\\/07\\\/23\\\/julho-amarelo-reforca-controle-das-hepatites-b-e-c\\\/\"},\"author\":{\"name\":\"contato@revistaregional.com.br\",\"@id\":\"https:\\\/\\\/revistaregional.com.br\\\/site\\\/#\\\/schema\\\/person\\\/382af97c580dc1b18f55107bc316010d\"},\"headline\":\"\u201cJulho Amarelo\u201d refor\u00e7a controle das hepatites B e C\",\"datePublished\":\"2020-07-23T14:23:52+00:00\",\"dateModified\":\"2024-01-26T12:32:22+00:00\",\"mainEntityOfPage\":{\"@id\":\"https:\\\/\\\/revistaregional.com.br\\\/site\\\/2020\\\/07\\\/23\\\/julho-amarelo-reforca-controle-das-hepatites-b-e-c\\\/\"},\"wordCount\":786,\"image\":{\"@id\":\"https:\\\/\\\/revistaregional.com.br\\\/site\\\/2020\\\/07\\\/23\\\/julho-amarelo-reforca-controle-das-hepatites-b-e-c\\\/#primaryimage\"},\"thumbnailUrl\":\"https:\\\/\\\/revistaregional.com.br\\\/site\\\/wp-content\\\/uploads\\\/2020\\\/07\\\/app-julho-amarelo.png\",\"keywords\":[\"Sa\u00fade e Beleza\"],\"articleSection\":[\"Destaque Lateral\",\"Sa\u00fade e Beleza\"],\"inLanguage\":\"pt-BR\"},{\"@type\":\"WebPage\",\"@id\":\"https:\\\/\\\/revistaregional.com.br\\\/site\\\/2020\\\/07\\\/23\\\/julho-amarelo-reforca-controle-das-hepatites-b-e-c\\\/\",\"url\":\"https:\\\/\\\/revistaregional.com.br\\\/site\\\/2020\\\/07\\\/23\\\/julho-amarelo-reforca-controle-das-hepatites-b-e-c\\\/\",\"name\":\"\u201cJulho Amarelo\u201d refor\u00e7a controle das hepatites B e C - Revista Regional\",\"isPartOf\":{\"@id\":\"https:\\\/\\\/revistaregional.com.br\\\/site\\\/#website\"},\"primaryImageOfPage\":{\"@id\":\"https:\\\/\\\/revistaregional.com.br\\\/site\\\/2020\\\/07\\\/23\\\/julho-amarelo-reforca-controle-das-hepatites-b-e-c\\\/#primaryimage\"},\"image\":{\"@id\":\"https:\\\/\\\/revistaregional.com.br\\\/site\\\/2020\\\/07\\\/23\\\/julho-amarelo-reforca-controle-das-hepatites-b-e-c\\\/#primaryimage\"},\"thumbnailUrl\":\"https:\\\/\\\/revistaregional.com.br\\\/site\\\/wp-content\\\/uploads\\\/2020\\\/07\\\/app-julho-amarelo.png\",\"datePublished\":\"2020-07-23T14:23:52+00:00\",\"dateModified\":\"2024-01-26T12:32:22+00:00\",\"author\":{\"@id\":\"https:\\\/\\\/revistaregional.com.br\\\/site\\\/#\\\/schema\\\/person\\\/382af97c580dc1b18f55107bc316010d\"},\"breadcrumb\":{\"@id\":\"https:\\\/\\\/revistaregional.com.br\\\/site\\\/2020\\\/07\\\/23\\\/julho-amarelo-reforca-controle-das-hepatites-b-e-c\\\/#breadcrumb\"},\"inLanguage\":\"pt-BR\",\"potentialAction\":[{\"@type\":\"ReadAction\",\"target\":[\"https:\\\/\\\/revistaregional.com.br\\\/site\\\/2020\\\/07\\\/23\\\/julho-amarelo-reforca-controle-das-hepatites-b-e-c\\\/\"]}]},{\"@type\":\"ImageObject\",\"inLanguage\":\"pt-BR\",\"@id\":\"https:\\\/\\\/revistaregional.com.br\\\/site\\\/2020\\\/07\\\/23\\\/julho-amarelo-reforca-controle-das-hepatites-b-e-c\\\/#primaryimage\",\"url\":\"https:\\\/\\\/revistaregional.com.br\\\/site\\\/wp-content\\\/uploads\\\/2020\\\/07\\\/app-julho-amarelo.png\",\"contentUrl\":\"https:\\\/\\\/revistaregional.com.br\\\/site\\\/wp-content\\\/uploads\\\/2020\\\/07\\\/app-julho-amarelo.png\",\"width\":702,\"height\":420},{\"@type\":\"BreadcrumbList\",\"@id\":\"https:\\\/\\\/revistaregional.com.br\\\/site\\\/2020\\\/07\\\/23\\\/julho-amarelo-reforca-controle-das-hepatites-b-e-c\\\/#breadcrumb\",\"itemListElement\":[{\"@type\":\"ListItem\",\"position\":1,\"name\":\"In\u00edcio\",\"item\":\"https:\\\/\\\/revistaregional.com.br\\\/site\\\/\"},{\"@type\":\"ListItem\",\"position\":2,\"name\":\"\u201cJulho Amarelo\u201d refor\u00e7a controle das hepatites B e C\"}]},{\"@type\":\"WebSite\",\"@id\":\"https:\\\/\\\/revistaregional.com.br\\\/site\\\/#website\",\"url\":\"https:\\\/\\\/revistaregional.com.br\\\/site\\\/\",\"name\":\"Revista Regional\",\"description\":\"Salto - Itu - Indaituba\",\"potentialAction\":[{\"@type\":\"SearchAction\",\"target\":{\"@type\":\"EntryPoint\",\"urlTemplate\":\"https:\\\/\\\/revistaregional.com.br\\\/site\\\/?s={search_term_string}\"},\"query-input\":{\"@type\":\"PropertyValueSpecification\",\"valueRequired\":true,\"valueName\":\"search_term_string\"}}],\"inLanguage\":\"pt-BR\"},{\"@type\":\"Person\",\"@id\":\"https:\\\/\\\/revistaregional.com.br\\\/site\\\/#\\\/schema\\\/person\\\/382af97c580dc1b18f55107bc316010d\",\"name\":\"contato@revistaregional.com.br\",\"image\":{\"@type\":\"ImageObject\",\"inLanguage\":\"pt-BR\",\"@id\":\"https:\\\/\\\/secure.gravatar.com\\\/avatar\\\/869822917e96b2e292d5827e4635855396934485e7c4a0af84e9a214e32ca0cd?s=96&d=mm&r=g\",\"url\":\"https:\\\/\\\/secure.gravatar.com\\\/avatar\\\/869822917e96b2e292d5827e4635855396934485e7c4a0af84e9a214e32ca0cd?s=96&d=mm&r=g\",\"contentUrl\":\"https:\\\/\\\/secure.gravatar.com\\\/avatar\\\/869822917e96b2e292d5827e4635855396934485e7c4a0af84e9a214e32ca0cd?s=96&d=mm&r=g\",\"caption\":\"contato@revistaregional.com.br\"},\"url\":\"https:\\\/\\\/revistaregional.com.br\\\/site\\\/author\\\/contato@revistaregional.com.br\\\/\"}]}<\/script>\n<!-- \/ Yoast SEO plugin. -->","yoast_head_json":{"title":"\u201cJulho Amarelo\u201d refor\u00e7a controle das hepatites B e C - Revista Regional","robots":{"index":"index","follow":"follow","max-snippet":"max-snippet:-1","max-image-preview":"max-image-preview:large","max-video-preview":"max-video-preview:-1"},"canonical":"https:\/\/revistaregional.com.br\/site\/2020\/07\/23\/julho-amarelo-reforca-controle-das-hepatites-b-e-c\/","og_locale":"pt_BR","og_type":"article","og_title":"\u201cJulho Amarelo\u201d refor\u00e7a controle das hepatites B e C - Revista Regional","og_description":"Especialistas em hepatites virais falam sobre a import\u00e2ncia do tratamento e do controle da doen\u00e7a no Brasil Diante da pandemia do novo coronav\u00edrus, a recomenda\u00e7\u00e3o dos profissionais de sa\u00fade \u00e9 de evitar aglomera\u00e7\u00f5es e manter pr\u00e1ticas de higiene como forma de proteger a popula\u00e7\u00e3o de contrair a covid-19. No entanto, \u00e9 fundamental manter-se protegido contra [&hellip;]","og_url":"https:\/\/revistaregional.com.br\/site\/2020\/07\/23\/julho-amarelo-reforca-controle-das-hepatites-b-e-c\/","og_site_name":"Revista Regional","article_published_time":"2020-07-23T14:23:52+00:00","article_modified_time":"2024-01-26T12:32:22+00:00","og_image":[{"width":702,"height":420,"url":"https:\/\/revistaregional.com.br\/site\/wp-content\/uploads\/2020\/07\/app-julho-amarelo.png","type":"image\/png"}],"author":"contato@revistaregional.com.br","twitter_card":"summary_large_image","twitter_misc":{"Escrito por":"contato@revistaregional.com.br","Est. tempo de leitura":"4 minutos"},"schema":{"@context":"https:\/\/schema.org","@graph":[{"@type":"Article","@id":"https:\/\/revistaregional.com.br\/site\/2020\/07\/23\/julho-amarelo-reforca-controle-das-hepatites-b-e-c\/#article","isPartOf":{"@id":"https:\/\/revistaregional.com.br\/site\/2020\/07\/23\/julho-amarelo-reforca-controle-das-hepatites-b-e-c\/"},"author":{"name":"contato@revistaregional.com.br","@id":"https:\/\/revistaregional.com.br\/site\/#\/schema\/person\/382af97c580dc1b18f55107bc316010d"},"headline":"\u201cJulho Amarelo\u201d refor\u00e7a controle das hepatites B e C","datePublished":"2020-07-23T14:23:52+00:00","dateModified":"2024-01-26T12:32:22+00:00","mainEntityOfPage":{"@id":"https:\/\/revistaregional.com.br\/site\/2020\/07\/23\/julho-amarelo-reforca-controle-das-hepatites-b-e-c\/"},"wordCount":786,"image":{"@id":"https:\/\/revistaregional.com.br\/site\/2020\/07\/23\/julho-amarelo-reforca-controle-das-hepatites-b-e-c\/#primaryimage"},"thumbnailUrl":"https:\/\/revistaregional.com.br\/site\/wp-content\/uploads\/2020\/07\/app-julho-amarelo.png","keywords":["Sa\u00fade e Beleza"],"articleSection":["Destaque Lateral","Sa\u00fade e Beleza"],"inLanguage":"pt-BR"},{"@type":"WebPage","@id":"https:\/\/revistaregional.com.br\/site\/2020\/07\/23\/julho-amarelo-reforca-controle-das-hepatites-b-e-c\/","url":"https:\/\/revistaregional.com.br\/site\/2020\/07\/23\/julho-amarelo-reforca-controle-das-hepatites-b-e-c\/","name":"\u201cJulho Amarelo\u201d refor\u00e7a controle das hepatites B e C - Revista Regional","isPartOf":{"@id":"https:\/\/revistaregional.com.br\/site\/#website"},"primaryImageOfPage":{"@id":"https:\/\/revistaregional.com.br\/site\/2020\/07\/23\/julho-amarelo-reforca-controle-das-hepatites-b-e-c\/#primaryimage"},"image":{"@id":"https:\/\/revistaregional.com.br\/site\/2020\/07\/23\/julho-amarelo-reforca-controle-das-hepatites-b-e-c\/#primaryimage"},"thumbnailUrl":"https:\/\/revistaregional.com.br\/site\/wp-content\/uploads\/2020\/07\/app-julho-amarelo.png","datePublished":"2020-07-23T14:23:52+00:00","dateModified":"2024-01-26T12:32:22+00:00","author":{"@id":"https:\/\/revistaregional.com.br\/site\/#\/schema\/person\/382af97c580dc1b18f55107bc316010d"},"breadcrumb":{"@id":"https:\/\/revistaregional.com.br\/site\/2020\/07\/23\/julho-amarelo-reforca-controle-das-hepatites-b-e-c\/#breadcrumb"},"inLanguage":"pt-BR","potentialAction":[{"@type":"ReadAction","target":["https:\/\/revistaregional.com.br\/site\/2020\/07\/23\/julho-amarelo-reforca-controle-das-hepatites-b-e-c\/"]}]},{"@type":"ImageObject","inLanguage":"pt-BR","@id":"https:\/\/revistaregional.com.br\/site\/2020\/07\/23\/julho-amarelo-reforca-controle-das-hepatites-b-e-c\/#primaryimage","url":"https:\/\/revistaregional.com.br\/site\/wp-content\/uploads\/2020\/07\/app-julho-amarelo.png","contentUrl":"https:\/\/revistaregional.com.br\/site\/wp-content\/uploads\/2020\/07\/app-julho-amarelo.png","width":702,"height":420},{"@type":"BreadcrumbList","@id":"https:\/\/revistaregional.com.br\/site\/2020\/07\/23\/julho-amarelo-reforca-controle-das-hepatites-b-e-c\/#breadcrumb","itemListElement":[{"@type":"ListItem","position":1,"name":"In\u00edcio","item":"https:\/\/revistaregional.com.br\/site\/"},{"@type":"ListItem","position":2,"name":"\u201cJulho Amarelo\u201d refor\u00e7a controle das hepatites B e C"}]},{"@type":"WebSite","@id":"https:\/\/revistaregional.com.br\/site\/#website","url":"https:\/\/revistaregional.com.br\/site\/","name":"Revista Regional","description":"Salto - Itu - Indaituba","potentialAction":[{"@type":"SearchAction","target":{"@type":"EntryPoint","urlTemplate":"https:\/\/revistaregional.com.br\/site\/?s={search_term_string}"},"query-input":{"@type":"PropertyValueSpecification","valueRequired":true,"valueName":"search_term_string"}}],"inLanguage":"pt-BR"},{"@type":"Person","@id":"https:\/\/revistaregional.com.br\/site\/#\/schema\/person\/382af97c580dc1b18f55107bc316010d","name":"contato@revistaregional.com.br","image":{"@type":"ImageObject","inLanguage":"pt-BR","@id":"https:\/\/secure.gravatar.com\/avatar\/869822917e96b2e292d5827e4635855396934485e7c4a0af84e9a214e32ca0cd?s=96&d=mm&r=g","url":"https:\/\/secure.gravatar.com\/avatar\/869822917e96b2e292d5827e4635855396934485e7c4a0af84e9a214e32ca0cd?s=96&d=mm&r=g","contentUrl":"https:\/\/secure.gravatar.com\/avatar\/869822917e96b2e292d5827e4635855396934485e7c4a0af84e9a214e32ca0cd?s=96&d=mm&r=g","caption":"contato@revistaregional.com.br"},"url":"https:\/\/revistaregional.com.br\/site\/author\/contato@revistaregional.com.br\/"}]}},"views":69,"_links":{"self":[{"href":"https:\/\/revistaregional.com.br\/site\/wp-json\/wp\/v2\/posts\/22949","targetHints":{"allow":["GET"]}}],"collection":[{"href":"https:\/\/revistaregional.com.br\/site\/wp-json\/wp\/v2\/posts"}],"about":[{"href":"https:\/\/revistaregional.com.br\/site\/wp-json\/wp\/v2\/types\/post"}],"author":[{"embeddable":true,"href":"https:\/\/revistaregional.com.br\/site\/wp-json\/wp\/v2\/users\/1"}],"replies":[{"embeddable":true,"href":"https:\/\/revistaregional.com.br\/site\/wp-json\/wp\/v2\/comments?post=22949"}],"version-history":[{"count":3,"href":"https:\/\/revistaregional.com.br\/site\/wp-json\/wp\/v2\/posts\/22949\/revisions"}],"predecessor-version":[{"id":22954,"href":"https:\/\/revistaregional.com.br\/site\/wp-json\/wp\/v2\/posts\/22949\/revisions\/22954"}],"wp:featuredmedia":[{"embeddable":true,"href":"https:\/\/revistaregional.com.br\/site\/wp-json\/wp\/v2\/media\/22951"}],"wp:attachment":[{"href":"https:\/\/revistaregional.com.br\/site\/wp-json\/wp\/v2\/media?parent=22949"}],"wp:term":[{"taxonomy":"category","embeddable":true,"href":"https:\/\/revistaregional.com.br\/site\/wp-json\/wp\/v2\/categories?post=22949"},{"taxonomy":"post_tag","embeddable":true,"href":"https:\/\/revistaregional.com.br\/site\/wp-json\/wp\/v2\/tags?post=22949"}],"curies":[{"name":"wp","href":"https:\/\/api.w.org\/{rel}","templated":true}]}}