{"id":22922,"date":"2020-07-21T18:23:13","date_gmt":"2020-07-21T21:23:13","guid":{"rendered":"https:\/\/revistaregional.com.br\/site\/?p=22922"},"modified":"2024-01-26T09:32:24","modified_gmt":"2024-01-26T12:32:24","slug":"em-24h-indaiatuba-tem-mais-4-mortes-por-covid","status":"publish","type":"post","link":"https:\/\/revistaregional.com.br\/site\/2020\/07\/21\/em-24h-indaiatuba-tem-mais-4-mortes-por-covid\/","title":{"rendered":"Em 24h, Indaiatuba tem mais 4 mortes por covid"},"content":{"rendered":"<figure id=\"attachment_22923\" aria-describedby=\"caption-attachment-22923\" style=\"width: 424px\" class=\"wp-caption alignright\"><img fetchpriority=\"high\" decoding=\"async\" class=\"wp-image-22923\" src=\"https:\/\/revistaregional.com.br\/site\/wp-content\/uploads\/2020\/07\/app-21-julho.jpg\" alt=\"\" width=\"424\" height=\"318\" data-id=\"22923\" srcset=\"https:\/\/revistaregional.com.br\/site\/wp-content\/uploads\/2020\/07\/app-21-julho.jpg 600w, https:\/\/revistaregional.com.br\/site\/wp-content\/uploads\/2020\/07\/app-21-julho-300x225.jpg 300w, https:\/\/revistaregional.com.br\/site\/wp-content\/uploads\/2020\/07\/app-21-julho-150x113.jpg 150w, https:\/\/revistaregional.com.br\/site\/wp-content\/uploads\/2020\/07\/app-21-julho-413x311.jpg 413w\" sizes=\"(max-width: 424px) 100vw, 424px\" \/><figcaption id=\"caption-attachment-22923\" class=\"wp-caption-text\">Indaiatuba voltou a registrar mortes por covid neste dia 21 de julho<\/figcaption><\/figure>\n<p><strong>Indaiatuba chega a 105 mortes por covid; Salto e Itu n\u00e3o registram \u00f3bitos nas \u00faltimas 24 horas, mas n\u00famero de casos confirmados ainda avan\u00e7a<\/strong><\/p>\n<p>Desde junho, Indaiatuba mant\u00e9m uma sequ\u00eancia quase que di\u00e1ria de mortes por covid-19. Nas \u00faltimas 24 horas, foram registrados mais 4 \u00f3bitos decorrentes da doen\u00e7a, totalizando agora 105 desde o in\u00edcio da pandemia.<\/p>\n<p>As mortes ocorreram no Haoc (Hospital Augusto de Oliveira Camargo) e no Hospital Santa Ign\u00eas: paciente de 35 anos, internado desde o dia 19 de julho, com quadros de hipertens\u00e3o e obesidade; mulher de 77 anos, hospitalizada em 14 de julho, era hipertensa, diab\u00e9tica, card\u00edaca e tabagista; outra paciente, 58 anos, tamb\u00e9m diab\u00e9tica e hipertensa; e um homem de 56 anos, internado desde o dia 02 de julho, tamb\u00e9m com hist\u00f3rico de hipertens\u00e3o e diabetes.<\/p>\n<p>Nesta ter\u00e7a-feira, 21, foram acrescentadas 458 notifica\u00e7\u00f5es, e outros 91 casos positivos de covid-19, al\u00e9m disso, foram descartados 228 suspeitos. Sendo assim, Indaiatuba soma 16.594 notifica\u00e7\u00f5es, 3.488 confirmados, sendo que 105 morreram, 3.338 s\u00e3o considerados curados ou ainda est\u00e3o em recupera\u00e7\u00e3o domiciliar (a Prefeitura de Indaiatuba n\u00e3o divulga o n\u00famero exato de curados) e 45 confirmados est\u00e3o internados. Ainda h\u00e1 outros 253 casos suspeitos aguardando resultado. Atualmente h\u00e1 40 pessoas internadas em leito cl\u00ednico e 30 em UTI (Unidade de Terapia Intensiva). A taxa de ocupa\u00e7\u00e3o das UTIs est\u00e1 em 79% no Haoc e 92% no Hospital Santa Ign\u00eas.<\/p>\n<p>Com o maior n\u00famero de casos de covid e mortes na regi\u00e3o de cobertura da Revista Regional, Indaiatuba est\u00e1 na Fase Vermelha da quarentena decretada pelo governo do Estado. Com isso, apenas os servi\u00e7os essenciais podem funcionar. Por\u00e9m, muitos estabelecimentos, inclusive restaurantes, est\u00e3o operando. No final de semana, uma churrascaria localizada numa rodovia de acesso \u00e0 cidade, estava lotada. A Prefeitura foi questionada a respeito da fiscaliza\u00e7\u00e3o quanto a esses tipos de aglomera\u00e7\u00f5es, que podem aumentar ainda mais a transmiss\u00e3o da doen\u00e7a, por\u00e9m n\u00e3o retornou a reportagem.<\/p>\n<p>Em Itu, foram registrados 36 novos infectados nas \u00faltimas 24 horas, contabilizando 1.180 confirmados, 960 casos de curas foram comunicados, 3.195 descartados (exames negativos) e 115 ainda aguardando resultados. H\u00e1 12 pacientes internados em leito cl\u00ednico e 7 em UTI. A cidade n\u00e3o tem mortes suspeitas e soma 50 \u00f3bitos. A taxa de ocupa\u00e7\u00e3o das UTIs est\u00e1 em 75% no Hospital Municipal e em 16,66% no Hospital de Campanha.<\/p>\n<p>Salto est\u00e1 com 494 casos confirmados, sendo 12 novos infectados nas \u00faltimas 24 horas. Deste total, 23 morreram, 443 se recuperaram, 14 seguem internados (sendo 5 em UTI) e 14 est\u00e3o em isolamento domiciliar. H\u00e1 32 testados esperando resultado de exames. Conforme boletim da Prefeitura, 12 suspeitos est\u00e3o hospitalizados (4 em UTI) e 12 fazem tratamento domiciliar. Os leitos para covid da UTI do Hospital Municipal continuam lotados; j\u00e1 a interna\u00e7\u00e3o cl\u00ednica est\u00e1 com 43% de ocupa\u00e7\u00e3o.<\/p>\n<p>Foto: BIRF<\/p>\n","protected":false},"excerpt":{"rendered":"<p>Indaiatuba chega a 105 mortes por covid; Salto e Itu n\u00e3o registram \u00f3bitos nas \u00faltimas 24 horas, mas n\u00famero de casos confirmados ainda avan\u00e7a Desde junho, Indaiatuba mant\u00e9m uma sequ\u00eancia quase que di\u00e1ria de mortes por covid-19. Nas \u00faltimas 24 horas, foram registrados mais 4 \u00f3bitos decorrentes da doen\u00e7a, totalizando agora 105 desde o in\u00edcio [&hellip;]<\/p>\n","protected":false},"author":1,"featured_media":22923,"comment_status":"closed","ping_status":"closed","sticky":false,"template":"","format":"standard","meta":{"_acf_changed":false,"ngg_post_thumbnail":0,"_joinchat":[],"footnotes":""},"categories":[449,8],"tags":[525],"class_list":["post-22922","post","type-post","status-publish","format-standard","has-post-thumbnail","hentry","category-destaque-lateral","category-saude-e-beleza","tag-saude-e-beleza"],"acf":[],"yoast_head":"<!-- This site is optimized with the Yoast SEO plugin v27.4 - https:\/\/yoast.com\/product\/yoast-seo-wordpress\/ -->\n<title>Em 24h, Indaiatuba tem mais 4 mortes por covid - Revista Regional<\/title>\n<meta name=\"robots\" content=\"index, follow, max-snippet:-1, max-image-preview:large, max-video-preview:-1\" \/>\n<link rel=\"canonical\" href=\"https:\/\/revistaregional.com.br\/site\/2020\/07\/21\/em-24h-indaiatuba-tem-mais-4-mortes-por-covid\/\" \/>\n<meta property=\"og:locale\" content=\"pt_BR\" \/>\n<meta property=\"og:type\" content=\"article\" \/>\n<meta property=\"og:title\" content=\"Em 24h, Indaiatuba tem mais 4 mortes por covid - Revista Regional\" \/>\n<meta property=\"og:description\" content=\"Indaiatuba chega a 105 mortes por covid; Salto e Itu n\u00e3o registram \u00f3bitos nas \u00faltimas 24 horas, mas n\u00famero de casos confirmados ainda avan\u00e7a Desde junho, Indaiatuba mant\u00e9m uma sequ\u00eancia quase que di\u00e1ria de mortes por covid-19. Nas \u00faltimas 24 horas, foram registrados mais 4 \u00f3bitos decorrentes da doen\u00e7a, totalizando agora 105 desde o in\u00edcio [&hellip;]\" \/>\n<meta property=\"og:url\" content=\"https:\/\/revistaregional.com.br\/site\/2020\/07\/21\/em-24h-indaiatuba-tem-mais-4-mortes-por-covid\/\" \/>\n<meta property=\"og:site_name\" content=\"Revista Regional\" \/>\n<meta property=\"article:published_time\" content=\"2020-07-21T21:23:13+00:00\" \/>\n<meta property=\"article:modified_time\" content=\"2024-01-26T12:32:24+00:00\" \/>\n<meta property=\"og:image\" content=\"https:\/\/revistaregional.com.br\/site\/wp-content\/uploads\/2020\/07\/app-21-julho.jpg\" \/>\n\t<meta property=\"og:image:width\" content=\"600\" \/>\n\t<meta property=\"og:image:height\" content=\"450\" \/>\n\t<meta property=\"og:image:type\" content=\"image\/jpeg\" \/>\n<meta name=\"author\" content=\"contato@revistaregional.com.br\" \/>\n<meta name=\"twitter:card\" content=\"summary_large_image\" \/>\n<meta name=\"twitter:label1\" content=\"Escrito por\" \/>\n\t<meta name=\"twitter:data1\" content=\"contato@revistaregional.com.br\" \/>\n\t<meta name=\"twitter:label2\" content=\"Est. tempo de leitura\" \/>\n\t<meta name=\"twitter:data2\" content=\"2 minutos\" \/>\n<script type=\"application\/ld+json\" class=\"yoast-schema-graph\">{\"@context\":\"https:\\\/\\\/schema.org\",\"@graph\":[{\"@type\":\"Article\",\"@id\":\"https:\\\/\\\/revistaregional.com.br\\\/site\\\/2020\\\/07\\\/21\\\/em-24h-indaiatuba-tem-mais-4-mortes-por-covid\\\/#article\",\"isPartOf\":{\"@id\":\"https:\\\/\\\/revistaregional.com.br\\\/site\\\/2020\\\/07\\\/21\\\/em-24h-indaiatuba-tem-mais-4-mortes-por-covid\\\/\"},\"author\":{\"name\":\"contato@revistaregional.com.br\",\"@id\":\"https:\\\/\\\/revistaregional.com.br\\\/site\\\/#\\\/schema\\\/person\\\/382af97c580dc1b18f55107bc316010d\"},\"headline\":\"Em 24h, Indaiatuba tem mais 4 mortes por covid\",\"datePublished\":\"2020-07-21T21:23:13+00:00\",\"dateModified\":\"2024-01-26T12:32:24+00:00\",\"mainEntityOfPage\":{\"@id\":\"https:\\\/\\\/revistaregional.com.br\\\/site\\\/2020\\\/07\\\/21\\\/em-24h-indaiatuba-tem-mais-4-mortes-por-covid\\\/\"},\"wordCount\":490,\"image\":{\"@id\":\"https:\\\/\\\/revistaregional.com.br\\\/site\\\/2020\\\/07\\\/21\\\/em-24h-indaiatuba-tem-mais-4-mortes-por-covid\\\/#primaryimage\"},\"thumbnailUrl\":\"https:\\\/\\\/revistaregional.com.br\\\/site\\\/wp-content\\\/uploads\\\/2020\\\/07\\\/app-21-julho.jpg\",\"keywords\":[\"Sa\u00fade e Beleza\"],\"articleSection\":[\"Destaque Lateral\",\"Sa\u00fade e Beleza\"],\"inLanguage\":\"pt-BR\"},{\"@type\":\"WebPage\",\"@id\":\"https:\\\/\\\/revistaregional.com.br\\\/site\\\/2020\\\/07\\\/21\\\/em-24h-indaiatuba-tem-mais-4-mortes-por-covid\\\/\",\"url\":\"https:\\\/\\\/revistaregional.com.br\\\/site\\\/2020\\\/07\\\/21\\\/em-24h-indaiatuba-tem-mais-4-mortes-por-covid\\\/\",\"name\":\"Em 24h, Indaiatuba tem mais 4 mortes por covid - Revista Regional\",\"isPartOf\":{\"@id\":\"https:\\\/\\\/revistaregional.com.br\\\/site\\\/#website\"},\"primaryImageOfPage\":{\"@id\":\"https:\\\/\\\/revistaregional.com.br\\\/site\\\/2020\\\/07\\\/21\\\/em-24h-indaiatuba-tem-mais-4-mortes-por-covid\\\/#primaryimage\"},\"image\":{\"@id\":\"https:\\\/\\\/revistaregional.com.br\\\/site\\\/2020\\\/07\\\/21\\\/em-24h-indaiatuba-tem-mais-4-mortes-por-covid\\\/#primaryimage\"},\"thumbnailUrl\":\"https:\\\/\\\/revistaregional.com.br\\\/site\\\/wp-content\\\/uploads\\\/2020\\\/07\\\/app-21-julho.jpg\",\"datePublished\":\"2020-07-21T21:23:13+00:00\",\"dateModified\":\"2024-01-26T12:32:24+00:00\",\"author\":{\"@id\":\"https:\\\/\\\/revistaregional.com.br\\\/site\\\/#\\\/schema\\\/person\\\/382af97c580dc1b18f55107bc316010d\"},\"breadcrumb\":{\"@id\":\"https:\\\/\\\/revistaregional.com.br\\\/site\\\/2020\\\/07\\\/21\\\/em-24h-indaiatuba-tem-mais-4-mortes-por-covid\\\/#breadcrumb\"},\"inLanguage\":\"pt-BR\",\"potentialAction\":[{\"@type\":\"ReadAction\",\"target\":[\"https:\\\/\\\/revistaregional.com.br\\\/site\\\/2020\\\/07\\\/21\\\/em-24h-indaiatuba-tem-mais-4-mortes-por-covid\\\/\"]}]},{\"@type\":\"ImageObject\",\"inLanguage\":\"pt-BR\",\"@id\":\"https:\\\/\\\/revistaregional.com.br\\\/site\\\/2020\\\/07\\\/21\\\/em-24h-indaiatuba-tem-mais-4-mortes-por-covid\\\/#primaryimage\",\"url\":\"https:\\\/\\\/revistaregional.com.br\\\/site\\\/wp-content\\\/uploads\\\/2020\\\/07\\\/app-21-julho.jpg\",\"contentUrl\":\"https:\\\/\\\/revistaregional.com.br\\\/site\\\/wp-content\\\/uploads\\\/2020\\\/07\\\/app-21-julho.jpg\",\"width\":600,\"height\":450},{\"@type\":\"BreadcrumbList\",\"@id\":\"https:\\\/\\\/revistaregional.com.br\\\/site\\\/2020\\\/07\\\/21\\\/em-24h-indaiatuba-tem-mais-4-mortes-por-covid\\\/#breadcrumb\",\"itemListElement\":[{\"@type\":\"ListItem\",\"position\":1,\"name\":\"In\u00edcio\",\"item\":\"https:\\\/\\\/revistaregional.com.br\\\/site\\\/\"},{\"@type\":\"ListItem\",\"position\":2,\"name\":\"Em 24h, Indaiatuba tem mais 4 mortes por covid\"}]},{\"@type\":\"WebSite\",\"@id\":\"https:\\\/\\\/revistaregional.com.br\\\/site\\\/#website\",\"url\":\"https:\\\/\\\/revistaregional.com.br\\\/site\\\/\",\"name\":\"Revista Regional\",\"description\":\"Salto - Itu - Indaituba\",\"potentialAction\":[{\"@type\":\"SearchAction\",\"target\":{\"@type\":\"EntryPoint\",\"urlTemplate\":\"https:\\\/\\\/revistaregional.com.br\\\/site\\\/?s={search_term_string}\"},\"query-input\":{\"@type\":\"PropertyValueSpecification\",\"valueRequired\":true,\"valueName\":\"search_term_string\"}}],\"inLanguage\":\"pt-BR\"},{\"@type\":\"Person\",\"@id\":\"https:\\\/\\\/revistaregional.com.br\\\/site\\\/#\\\/schema\\\/person\\\/382af97c580dc1b18f55107bc316010d\",\"name\":\"contato@revistaregional.com.br\",\"image\":{\"@type\":\"ImageObject\",\"inLanguage\":\"pt-BR\",\"@id\":\"https:\\\/\\\/secure.gravatar.com\\\/avatar\\\/869822917e96b2e292d5827e4635855396934485e7c4a0af84e9a214e32ca0cd?s=96&d=mm&r=g\",\"url\":\"https:\\\/\\\/secure.gravatar.com\\\/avatar\\\/869822917e96b2e292d5827e4635855396934485e7c4a0af84e9a214e32ca0cd?s=96&d=mm&r=g\",\"contentUrl\":\"https:\\\/\\\/secure.gravatar.com\\\/avatar\\\/869822917e96b2e292d5827e4635855396934485e7c4a0af84e9a214e32ca0cd?s=96&d=mm&r=g\",\"caption\":\"contato@revistaregional.com.br\"},\"url\":\"https:\\\/\\\/revistaregional.com.br\\\/site\\\/author\\\/contato@revistaregional.com.br\\\/\"}]}<\/script>\n<!-- \/ Yoast SEO plugin. -->","yoast_head_json":{"title":"Em 24h, Indaiatuba tem mais 4 mortes por covid - Revista Regional","robots":{"index":"index","follow":"follow","max-snippet":"max-snippet:-1","max-image-preview":"max-image-preview:large","max-video-preview":"max-video-preview:-1"},"canonical":"https:\/\/revistaregional.com.br\/site\/2020\/07\/21\/em-24h-indaiatuba-tem-mais-4-mortes-por-covid\/","og_locale":"pt_BR","og_type":"article","og_title":"Em 24h, Indaiatuba tem mais 4 mortes por covid - Revista Regional","og_description":"Indaiatuba chega a 105 mortes por covid; Salto e Itu n\u00e3o registram \u00f3bitos nas \u00faltimas 24 horas, mas n\u00famero de casos confirmados ainda avan\u00e7a Desde junho, Indaiatuba mant\u00e9m uma sequ\u00eancia quase que di\u00e1ria de mortes por covid-19. Nas \u00faltimas 24 horas, foram registrados mais 4 \u00f3bitos decorrentes da doen\u00e7a, totalizando agora 105 desde o in\u00edcio [&hellip;]","og_url":"https:\/\/revistaregional.com.br\/site\/2020\/07\/21\/em-24h-indaiatuba-tem-mais-4-mortes-por-covid\/","og_site_name":"Revista Regional","article_published_time":"2020-07-21T21:23:13+00:00","article_modified_time":"2024-01-26T12:32:24+00:00","og_image":[{"width":600,"height":450,"url":"https:\/\/revistaregional.com.br\/site\/wp-content\/uploads\/2020\/07\/app-21-julho.jpg","type":"image\/jpeg"}],"author":"contato@revistaregional.com.br","twitter_card":"summary_large_image","twitter_misc":{"Escrito por":"contato@revistaregional.com.br","Est. tempo de leitura":"2 minutos"},"schema":{"@context":"https:\/\/schema.org","@graph":[{"@type":"Article","@id":"https:\/\/revistaregional.com.br\/site\/2020\/07\/21\/em-24h-indaiatuba-tem-mais-4-mortes-por-covid\/#article","isPartOf":{"@id":"https:\/\/revistaregional.com.br\/site\/2020\/07\/21\/em-24h-indaiatuba-tem-mais-4-mortes-por-covid\/"},"author":{"name":"contato@revistaregional.com.br","@id":"https:\/\/revistaregional.com.br\/site\/#\/schema\/person\/382af97c580dc1b18f55107bc316010d"},"headline":"Em 24h, Indaiatuba tem mais 4 mortes por covid","datePublished":"2020-07-21T21:23:13+00:00","dateModified":"2024-01-26T12:32:24+00:00","mainEntityOfPage":{"@id":"https:\/\/revistaregional.com.br\/site\/2020\/07\/21\/em-24h-indaiatuba-tem-mais-4-mortes-por-covid\/"},"wordCount":490,"image":{"@id":"https:\/\/revistaregional.com.br\/site\/2020\/07\/21\/em-24h-indaiatuba-tem-mais-4-mortes-por-covid\/#primaryimage"},"thumbnailUrl":"https:\/\/revistaregional.com.br\/site\/wp-content\/uploads\/2020\/07\/app-21-julho.jpg","keywords":["Sa\u00fade e Beleza"],"articleSection":["Destaque Lateral","Sa\u00fade e Beleza"],"inLanguage":"pt-BR"},{"@type":"WebPage","@id":"https:\/\/revistaregional.com.br\/site\/2020\/07\/21\/em-24h-indaiatuba-tem-mais-4-mortes-por-covid\/","url":"https:\/\/revistaregional.com.br\/site\/2020\/07\/21\/em-24h-indaiatuba-tem-mais-4-mortes-por-covid\/","name":"Em 24h, Indaiatuba tem mais 4 mortes por covid - Revista Regional","isPartOf":{"@id":"https:\/\/revistaregional.com.br\/site\/#website"},"primaryImageOfPage":{"@id":"https:\/\/revistaregional.com.br\/site\/2020\/07\/21\/em-24h-indaiatuba-tem-mais-4-mortes-por-covid\/#primaryimage"},"image":{"@id":"https:\/\/revistaregional.com.br\/site\/2020\/07\/21\/em-24h-indaiatuba-tem-mais-4-mortes-por-covid\/#primaryimage"},"thumbnailUrl":"https:\/\/revistaregional.com.br\/site\/wp-content\/uploads\/2020\/07\/app-21-julho.jpg","datePublished":"2020-07-21T21:23:13+00:00","dateModified":"2024-01-26T12:32:24+00:00","author":{"@id":"https:\/\/revistaregional.com.br\/site\/#\/schema\/person\/382af97c580dc1b18f55107bc316010d"},"breadcrumb":{"@id":"https:\/\/revistaregional.com.br\/site\/2020\/07\/21\/em-24h-indaiatuba-tem-mais-4-mortes-por-covid\/#breadcrumb"},"inLanguage":"pt-BR","potentialAction":[{"@type":"ReadAction","target":["https:\/\/revistaregional.com.br\/site\/2020\/07\/21\/em-24h-indaiatuba-tem-mais-4-mortes-por-covid\/"]}]},{"@type":"ImageObject","inLanguage":"pt-BR","@id":"https:\/\/revistaregional.com.br\/site\/2020\/07\/21\/em-24h-indaiatuba-tem-mais-4-mortes-por-covid\/#primaryimage","url":"https:\/\/revistaregional.com.br\/site\/wp-content\/uploads\/2020\/07\/app-21-julho.jpg","contentUrl":"https:\/\/revistaregional.com.br\/site\/wp-content\/uploads\/2020\/07\/app-21-julho.jpg","width":600,"height":450},{"@type":"BreadcrumbList","@id":"https:\/\/revistaregional.com.br\/site\/2020\/07\/21\/em-24h-indaiatuba-tem-mais-4-mortes-por-covid\/#breadcrumb","itemListElement":[{"@type":"ListItem","position":1,"name":"In\u00edcio","item":"https:\/\/revistaregional.com.br\/site\/"},{"@type":"ListItem","position":2,"name":"Em 24h, Indaiatuba tem mais 4 mortes por covid"}]},{"@type":"WebSite","@id":"https:\/\/revistaregional.com.br\/site\/#website","url":"https:\/\/revistaregional.com.br\/site\/","name":"Revista Regional","description":"Salto - Itu - Indaituba","potentialAction":[{"@type":"SearchAction","target":{"@type":"EntryPoint","urlTemplate":"https:\/\/revistaregional.com.br\/site\/?s={search_term_string}"},"query-input":{"@type":"PropertyValueSpecification","valueRequired":true,"valueName":"search_term_string"}}],"inLanguage":"pt-BR"},{"@type":"Person","@id":"https:\/\/revistaregional.com.br\/site\/#\/schema\/person\/382af97c580dc1b18f55107bc316010d","name":"contato@revistaregional.com.br","image":{"@type":"ImageObject","inLanguage":"pt-BR","@id":"https:\/\/secure.gravatar.com\/avatar\/869822917e96b2e292d5827e4635855396934485e7c4a0af84e9a214e32ca0cd?s=96&d=mm&r=g","url":"https:\/\/secure.gravatar.com\/avatar\/869822917e96b2e292d5827e4635855396934485e7c4a0af84e9a214e32ca0cd?s=96&d=mm&r=g","contentUrl":"https:\/\/secure.gravatar.com\/avatar\/869822917e96b2e292d5827e4635855396934485e7c4a0af84e9a214e32ca0cd?s=96&d=mm&r=g","caption":"contato@revistaregional.com.br"},"url":"https:\/\/revistaregional.com.br\/site\/author\/contato@revistaregional.com.br\/"}]}},"views":69,"_links":{"self":[{"href":"https:\/\/revistaregional.com.br\/site\/wp-json\/wp\/v2\/posts\/22922","targetHints":{"allow":["GET"]}}],"collection":[{"href":"https:\/\/revistaregional.com.br\/site\/wp-json\/wp\/v2\/posts"}],"about":[{"href":"https:\/\/revistaregional.com.br\/site\/wp-json\/wp\/v2\/types\/post"}],"author":[{"embeddable":true,"href":"https:\/\/revistaregional.com.br\/site\/wp-json\/wp\/v2\/users\/1"}],"replies":[{"embeddable":true,"href":"https:\/\/revistaregional.com.br\/site\/wp-json\/wp\/v2\/comments?post=22922"}],"version-history":[{"count":2,"href":"https:\/\/revistaregional.com.br\/site\/wp-json\/wp\/v2\/posts\/22922\/revisions"}],"predecessor-version":[{"id":22925,"href":"https:\/\/revistaregional.com.br\/site\/wp-json\/wp\/v2\/posts\/22922\/revisions\/22925"}],"wp:featuredmedia":[{"embeddable":true,"href":"https:\/\/revistaregional.com.br\/site\/wp-json\/wp\/v2\/media\/22923"}],"wp:attachment":[{"href":"https:\/\/revistaregional.com.br\/site\/wp-json\/wp\/v2\/media?parent=22922"}],"wp:term":[{"taxonomy":"category","embeddable":true,"href":"https:\/\/revistaregional.com.br\/site\/wp-json\/wp\/v2\/categories?post=22922"},{"taxonomy":"post_tag","embeddable":true,"href":"https:\/\/revistaregional.com.br\/site\/wp-json\/wp\/v2\/tags?post=22922"}],"curies":[{"name":"wp","href":"https:\/\/api.w.org\/{rel}","templated":true}]}}