{"id":22902,"date":"2020-07-17T18:20:47","date_gmt":"2020-07-17T21:20:47","guid":{"rendered":"https:\/\/revistaregional.com.br\/site\/?p=22902"},"modified":"2024-01-26T09:32:26","modified_gmt":"2024-01-26T12:32:26","slug":"indaiatuba-chega-a-3-mil-casos-de-covid-itu-passa-de-1-mil","status":"publish","type":"post","link":"https:\/\/revistaregional.com.br\/site\/2020\/07\/17\/indaiatuba-chega-a-3-mil-casos-de-covid-itu-passa-de-1-mil\/","title":{"rendered":"Indaiatuba chega a 3 mil casos de covid; Itu passa de 1 mil"},"content":{"rendered":"<ul>\n<li><strong><em>A semana termina com n\u00fameros ainda em ascens\u00e3o da pandemia na regi\u00e3o, com Indaiatuba superando a marca de 3 mil casos e Itu, de 1 mil; <\/em><\/strong><\/li>\n<li><strong><em>Salto e Itu registraram novas mortes por covid; Salto, a 20\u00aa<\/em><\/strong><\/li>\n<li><strong><em>UTI do Hospital Municipal de Salto atingiu 100% de ocupa\u00e7\u00e3o; <\/em><\/strong><\/li>\n<li><strong><em>No Estado, governo mant\u00e9m expectativa de retomar as aulas presenciais em setembro<\/em><\/strong><\/li>\n<\/ul>\n<figure id=\"attachment_22799\" aria-describedby=\"caption-attachment-22799\" style=\"width: 525px\" class=\"wp-caption alignright\"><img fetchpriority=\"high\" decoding=\"async\" class=\" wp-image-22799\" src=\"https:\/\/revistaregional.com.br\/site\/wp-content\/uploads\/2020\/07\/ind.jpg\" alt=\"\" width=\"525\" height=\"352\" data-id=\"22799\" srcset=\"https:\/\/revistaregional.com.br\/site\/wp-content\/uploads\/2020\/07\/ind.jpg 800w, https:\/\/revistaregional.com.br\/site\/wp-content\/uploads\/2020\/07\/ind-300x201.jpg 300w, https:\/\/revistaregional.com.br\/site\/wp-content\/uploads\/2020\/07\/ind-150x101.jpg 150w, https:\/\/revistaregional.com.br\/site\/wp-content\/uploads\/2020\/07\/ind-272x182.jpg 272w\" sizes=\"(max-width: 525px) 100vw, 525px\" \/><figcaption id=\"caption-attachment-22799\" class=\"wp-caption-text\">Regi\u00e3o soma mais de 4,5 mil casos de covid<\/figcaption><\/figure>\n<p>A semana de 13 a 17 de julho termina com n\u00fameros ainda em ascens\u00e3o da pandemia nas cidades de Indaiatuba, Itu e Salto, regi\u00e3o de cobertura da Revista Regional. Indaiatuba, cidade que mais testa a popula\u00e7\u00e3o at\u00e9 este momento, mant\u00e9m n\u00fameros mais elevados, ultrapassando nesta sexta-feira, 17, os 3 mil infectados. J\u00e1 Itu superou a marca dos 1 mil casos nesta quinta-feira. Em Salto, a Prefeitura informou que a UTI do Hospital Municipal atingiu 100% dos leitos para covid. Veja a atualiza\u00e7\u00e3o da pandemia em cada cidade neste dia 17 de julho:<\/p>\n<p><strong>&#8211; INDAIATUBA<\/strong><\/p>\n<p>A Prefeitura de Indaiatuba, por meio da Secretaria de Sa\u00fade, confirmou mais 135 casos positivos de covid-19. Com isso, Indaiatuba soma 15.771 testados; 3.105 confirmados, sendo que 98 morreram; 2.959 s\u00e3o considerados curados ou ainda est\u00e3o em recupera\u00e7\u00e3o domiciliar e 48 confirmados est\u00e3o internados. H\u00e1 outros 541 casos suspeitos aguardando resultado.<\/p>\n<p>Atualmente a cidade tem 48 pessoas internadas em leito cl\u00ednico e 30 em UTI (Unidade de Terapia Intensiva). A taxa de ocupa\u00e7\u00e3o das UTIs continua em 83% tanto no Haoc (Hospital Augusto de Oliveira Camargo) como no Hospital Santa Ign\u00eas. Nesta sexta, dois \u00f3bitos suspeitos foram registrados no Haoc, mas ainda n\u00e3o h\u00e1 resultado do exame, conforme informou a Prefeitura local.<\/p>\n<p><strong>&#8211; ITU<\/strong><\/p>\n<p>Itu registrou mais uma morte nesta sexta: um homem de 82 anos, que tinha hist\u00f3rico de doen\u00e7as cr\u00f4nicas. Tamb\u00e9m foram confirmados mais 39 novos infectados, contabilizando agora 1.069 casos positivos, 48 mortes, 876 recuperados, 2.836 descartados (exames negativos) e 95 testados que esperam resultados. H\u00e1 21 pacientes internados em leito cl\u00ednico e 8 em UTI. A taxa de ocupa\u00e7\u00e3o das UTIs est\u00e1 em 75% no Hospital Municipal e 16,66% no Hospital de Campanha.<\/p>\n<p><strong>&#8211; SALTO<\/strong><\/p>\n<p>Salto registrou nesta sexta-feira o 20\u00ba \u00f3bito por covid: um homem de 68 anos que estava internado no Hospital Municipal. A cidade confirmou 18 novos infectados e o total foi a 459 casos, sendo que 20 morreram, 397 se recuperaram, 11 seguem internados (sendo 4 em UTI) e 31 est\u00e3o em isolamento domiciliar. H\u00e1 41 suspeitos \u00e0 espera de resultado de exames. Destes, 13 est\u00e3o se tratando em casa e 21 hospitalizados.<\/p>\n<p>A UTI do Hospital Municipal, segundo a Prefeitura, atingiu sua capacidade para covid, j\u00e1 a interna\u00e7\u00e3o cl\u00ednica est\u00e1 em 56%. Esta semana, Salto recebeu 11 respiradores enviados pelo governo do Estado. Com isso, a capacidade de interna\u00e7\u00e3o cl\u00ednica m\u00e9dica para doentes e suspeitos de covid passou de 12 para 23 leitos.<\/p>\n<p><strong>VOLTA \u00c0S AULAS<\/strong><\/p>\n<p>O governador Jo\u00e3o Doria e o secret\u00e1rio de Educa\u00e7\u00e3o Rossieli Soares confirmaram nesta sexta-feira que a previs\u00e3o para o retorno das aulas presenciais segue mantida para o dia 8 de setembro. A retomada, entretanto, est\u00e1 condicionada se todas as regi\u00f5es do Estado permanecerem na etapa amarela do Plano S\u00e3o Paulo \u2013 a terceira menos restritiva segundo crit\u00e9rios de capacidade hospitalar e progress\u00e3o da pandemia \u2013 por 28 dias consecutivos.<\/p>\n<p>A confirma\u00e7\u00e3o foi feita em coletiva no Pal\u00e1cio dos Bandeirantes com o esclarecimento sobre um equivoco na divulga\u00e7\u00e3o de um estudo realizado pelo professor Eduardo Massad, da Funda\u00e7\u00e3o Get\u00falio Vargas (FGV), nesta semana. Ao contr\u00e1rio do que foi divulgado, de que poderia haver 17 mil mortos, o correto \u00e9 uma estimativa dez vezes menor: 1.557. \u00c9 importante ressaltar que o indicador n\u00e3o se refere somente ao Estado de S\u00e3o Paulo, e sim ao Brasil todo. Tamb\u00e9m engloba todos os n\u00edveis da educa\u00e7\u00e3o, com alunos de 1 a 19 anos, e n\u00e3o \u00e9 exclusivo \u00e0 educa\u00e7\u00e3o infantil. Al\u00e9m disso, os resultados s\u00e3o apenas uma estimativa do que poderia ocorrer no Brasil. Estimativas locais poderiam ser feitas com resultados que poderiam diferir bastante dos relativos ao pa\u00eds.<\/p>\n<p>A corre\u00e7\u00e3o foi feita pelo pr\u00f3prio Eduardo Massad, em comunicado \u00e0 Secretaria Estadual da Educa\u00e7\u00e3o. \u201cMuito mais importante que a data \u00e9 termos as condi\u00e7\u00f5es obrigat\u00f3rias sendo cumpridas. Ou seja, s\u00f3 voltaremos em 8 de setembro se as condicionalidades determinadas pelo Centro de Conting\u00eancias forem cumpridas\u201d, afirma Rossieli Soares.<\/p>\n<p>O secret\u00e1rio ainda alertou que a an\u00e1lise foi feita com base nos dados epidemiol\u00f3gicos registrados hoje e n\u00e3o na data da eventual abertura, no m\u00eas de setembro. \u201cIsso \u00e9 muito importante. Se a condi\u00e7\u00e3o fosse hoje em 8 de setembro, n\u00f3s n\u00e3o voltar\u00edamos\u201d, explica Soares.<\/p>\n<p>Para o secret\u00e1rio, 1.557 \u00e9 um n\u00famero \u201cconsider\u00e1vel\u201d. \u201cPor isso que estamos alertando, n\u00f3s n\u00e3o aceitamos e vamos trabalhar com absoluta seguran\u00e7a nesse processo. S\u00f3 voltaremos com a \u00e1rea da sa\u00fade falando que \u00e9 poss\u00edvel retornar dadas as condi\u00e7\u00f5es que teremos l\u00e1 na frente. Nossos protocolos est\u00e3o mantidos.\u201d<\/p>\n<p>Um deles, por exemplo, \u00e9 n\u00e3o permitir que as pessoas que comp\u00f5em o grupo de risco retomem as atividades presencias, sejam funcion\u00e1rios ou alunos. Segundo Rossieli, nos dias 24 de julho e 7 de agosto haver\u00e1 novos boletins epidemiol\u00f3gicos que v\u00e3o nortear a decis\u00e3o da retomada em setembro.<\/p>\n<p><strong>FASE VERMELHA<\/strong><\/p>\n<p>Tamb\u00e9m nesta sexta-feira foi anunciado que a regi\u00e3o de Campinas, incluindo a cidade de Indaiatuba, permanecer\u00e1 na etapa vermelha do Plano SP, que prev\u00ea o funcionamento apenas das atividades essenciais. Itu e Salto est\u00e3o na etapa laranja, por pertencerem \u00e0 regi\u00e3o de Sorocaba.<\/p>\n<p>&nbsp;<\/p>\n<p>&nbsp;<\/p>\n<p>foto: BIRF<\/p>\n","protected":false},"excerpt":{"rendered":"<p>A semana termina com n\u00fameros ainda em ascens\u00e3o da pandemia na regi\u00e3o, com Indaiatuba superando a marca de 3 mil casos e Itu, de 1 mil; Salto e Itu registraram novas mortes por covid; Salto, a 20\u00aa UTI do Hospital Municipal de Salto atingiu 100% de ocupa\u00e7\u00e3o; No Estado, governo mant\u00e9m expectativa de retomar as [&hellip;]<\/p>\n","protected":false},"author":1,"featured_media":21940,"comment_status":"closed","ping_status":"closed","sticky":false,"template":"","format":"standard","meta":{"_acf_changed":false,"ngg_post_thumbnail":0,"_joinchat":[],"footnotes":""},"categories":[449,8],"tags":[525],"class_list":["post-22902","post","type-post","status-publish","format-standard","has-post-thumbnail","hentry","category-destaque-lateral","category-saude-e-beleza","tag-saude-e-beleza"],"acf":[],"yoast_head":"<!-- This site is optimized with the Yoast SEO plugin v27.4 - https:\/\/yoast.com\/product\/yoast-seo-wordpress\/ -->\n<title>Indaiatuba chega a 3 mil casos de covid; Itu passa de 1 mil - Revista Regional<\/title>\n<meta name=\"robots\" content=\"index, follow, max-snippet:-1, max-image-preview:large, max-video-preview:-1\" \/>\n<link rel=\"canonical\" href=\"https:\/\/revistaregional.com.br\/site\/2020\/07\/17\/indaiatuba-chega-a-3-mil-casos-de-covid-itu-passa-de-1-mil\/\" \/>\n<meta property=\"og:locale\" content=\"pt_BR\" \/>\n<meta property=\"og:type\" content=\"article\" \/>\n<meta property=\"og:title\" content=\"Indaiatuba chega a 3 mil casos de covid; Itu passa de 1 mil - Revista Regional\" \/>\n<meta property=\"og:description\" content=\"A semana termina com n\u00fameros ainda em ascens\u00e3o da pandemia na regi\u00e3o, com Indaiatuba superando a marca de 3 mil casos e Itu, de 1 mil; Salto e Itu registraram novas mortes por covid; Salto, a 20\u00aa UTI do Hospital Municipal de Salto atingiu 100% de ocupa\u00e7\u00e3o; No Estado, governo mant\u00e9m expectativa de retomar as [&hellip;]\" \/>\n<meta property=\"og:url\" content=\"https:\/\/revistaregional.com.br\/site\/2020\/07\/17\/indaiatuba-chega-a-3-mil-casos-de-covid-itu-passa-de-1-mil\/\" \/>\n<meta property=\"og:site_name\" content=\"Revista Regional\" \/>\n<meta property=\"article:published_time\" content=\"2020-07-17T21:20:47+00:00\" \/>\n<meta property=\"article:modified_time\" content=\"2024-01-26T12:32:26+00:00\" \/>\n<meta property=\"og:image\" content=\"https:\/\/revistaregional.com.br\/site\/wp-content\/uploads\/2020\/04\/covid-19-virus.jpeg\" \/>\n\t<meta property=\"og:image:width\" content=\"1400\" \/>\n\t<meta property=\"og:image:height\" content=\"450\" \/>\n\t<meta property=\"og:image:type\" content=\"image\/jpeg\" \/>\n<meta name=\"author\" content=\"contato@revistaregional.com.br\" \/>\n<meta name=\"twitter:card\" content=\"summary_large_image\" \/>\n<meta name=\"twitter:label1\" content=\"Escrito por\" \/>\n\t<meta name=\"twitter:data1\" content=\"contato@revistaregional.com.br\" \/>\n\t<meta name=\"twitter:label2\" content=\"Est. tempo de leitura\" \/>\n\t<meta name=\"twitter:data2\" content=\"5 minutos\" \/>\n<script type=\"application\/ld+json\" class=\"yoast-schema-graph\">{\"@context\":\"https:\\\/\\\/schema.org\",\"@graph\":[{\"@type\":\"Article\",\"@id\":\"https:\\\/\\\/revistaregional.com.br\\\/site\\\/2020\\\/07\\\/17\\\/indaiatuba-chega-a-3-mil-casos-de-covid-itu-passa-de-1-mil\\\/#article\",\"isPartOf\":{\"@id\":\"https:\\\/\\\/revistaregional.com.br\\\/site\\\/2020\\\/07\\\/17\\\/indaiatuba-chega-a-3-mil-casos-de-covid-itu-passa-de-1-mil\\\/\"},\"author\":{\"name\":\"contato@revistaregional.com.br\",\"@id\":\"https:\\\/\\\/revistaregional.com.br\\\/site\\\/#\\\/schema\\\/person\\\/382af97c580dc1b18f55107bc316010d\"},\"headline\":\"Indaiatuba chega a 3 mil casos de covid; Itu passa de 1 mil\",\"datePublished\":\"2020-07-17T21:20:47+00:00\",\"dateModified\":\"2024-01-26T12:32:26+00:00\",\"mainEntityOfPage\":{\"@id\":\"https:\\\/\\\/revistaregional.com.br\\\/site\\\/2020\\\/07\\\/17\\\/indaiatuba-chega-a-3-mil-casos-de-covid-itu-passa-de-1-mil\\\/\"},\"wordCount\":948,\"image\":{\"@id\":\"https:\\\/\\\/revistaregional.com.br\\\/site\\\/2020\\\/07\\\/17\\\/indaiatuba-chega-a-3-mil-casos-de-covid-itu-passa-de-1-mil\\\/#primaryimage\"},\"thumbnailUrl\":\"https:\\\/\\\/revistaregional.com.br\\\/site\\\/wp-content\\\/uploads\\\/2020\\\/04\\\/covid-19-virus.jpeg\",\"keywords\":[\"Sa\u00fade e Beleza\"],\"articleSection\":[\"Destaque Lateral\",\"Sa\u00fade e Beleza\"],\"inLanguage\":\"pt-BR\"},{\"@type\":\"WebPage\",\"@id\":\"https:\\\/\\\/revistaregional.com.br\\\/site\\\/2020\\\/07\\\/17\\\/indaiatuba-chega-a-3-mil-casos-de-covid-itu-passa-de-1-mil\\\/\",\"url\":\"https:\\\/\\\/revistaregional.com.br\\\/site\\\/2020\\\/07\\\/17\\\/indaiatuba-chega-a-3-mil-casos-de-covid-itu-passa-de-1-mil\\\/\",\"name\":\"Indaiatuba chega a 3 mil casos de covid; Itu passa de 1 mil - Revista Regional\",\"isPartOf\":{\"@id\":\"https:\\\/\\\/revistaregional.com.br\\\/site\\\/#website\"},\"primaryImageOfPage\":{\"@id\":\"https:\\\/\\\/revistaregional.com.br\\\/site\\\/2020\\\/07\\\/17\\\/indaiatuba-chega-a-3-mil-casos-de-covid-itu-passa-de-1-mil\\\/#primaryimage\"},\"image\":{\"@id\":\"https:\\\/\\\/revistaregional.com.br\\\/site\\\/2020\\\/07\\\/17\\\/indaiatuba-chega-a-3-mil-casos-de-covid-itu-passa-de-1-mil\\\/#primaryimage\"},\"thumbnailUrl\":\"https:\\\/\\\/revistaregional.com.br\\\/site\\\/wp-content\\\/uploads\\\/2020\\\/04\\\/covid-19-virus.jpeg\",\"datePublished\":\"2020-07-17T21:20:47+00:00\",\"dateModified\":\"2024-01-26T12:32:26+00:00\",\"author\":{\"@id\":\"https:\\\/\\\/revistaregional.com.br\\\/site\\\/#\\\/schema\\\/person\\\/382af97c580dc1b18f55107bc316010d\"},\"breadcrumb\":{\"@id\":\"https:\\\/\\\/revistaregional.com.br\\\/site\\\/2020\\\/07\\\/17\\\/indaiatuba-chega-a-3-mil-casos-de-covid-itu-passa-de-1-mil\\\/#breadcrumb\"},\"inLanguage\":\"pt-BR\",\"potentialAction\":[{\"@type\":\"ReadAction\",\"target\":[\"https:\\\/\\\/revistaregional.com.br\\\/site\\\/2020\\\/07\\\/17\\\/indaiatuba-chega-a-3-mil-casos-de-covid-itu-passa-de-1-mil\\\/\"]}]},{\"@type\":\"ImageObject\",\"inLanguage\":\"pt-BR\",\"@id\":\"https:\\\/\\\/revistaregional.com.br\\\/site\\\/2020\\\/07\\\/17\\\/indaiatuba-chega-a-3-mil-casos-de-covid-itu-passa-de-1-mil\\\/#primaryimage\",\"url\":\"https:\\\/\\\/revistaregional.com.br\\\/site\\\/wp-content\\\/uploads\\\/2020\\\/04\\\/covid-19-virus.jpeg\",\"contentUrl\":\"https:\\\/\\\/revistaregional.com.br\\\/site\\\/wp-content\\\/uploads\\\/2020\\\/04\\\/covid-19-virus.jpeg\",\"width\":1400,\"height\":450},{\"@type\":\"BreadcrumbList\",\"@id\":\"https:\\\/\\\/revistaregional.com.br\\\/site\\\/2020\\\/07\\\/17\\\/indaiatuba-chega-a-3-mil-casos-de-covid-itu-passa-de-1-mil\\\/#breadcrumb\",\"itemListElement\":[{\"@type\":\"ListItem\",\"position\":1,\"name\":\"In\u00edcio\",\"item\":\"https:\\\/\\\/revistaregional.com.br\\\/site\\\/\"},{\"@type\":\"ListItem\",\"position\":2,\"name\":\"Indaiatuba chega a 3 mil casos de covid; Itu passa de 1 mil\"}]},{\"@type\":\"WebSite\",\"@id\":\"https:\\\/\\\/revistaregional.com.br\\\/site\\\/#website\",\"url\":\"https:\\\/\\\/revistaregional.com.br\\\/site\\\/\",\"name\":\"Revista Regional\",\"description\":\"Salto - Itu - Indaituba\",\"potentialAction\":[{\"@type\":\"SearchAction\",\"target\":{\"@type\":\"EntryPoint\",\"urlTemplate\":\"https:\\\/\\\/revistaregional.com.br\\\/site\\\/?s={search_term_string}\"},\"query-input\":{\"@type\":\"PropertyValueSpecification\",\"valueRequired\":true,\"valueName\":\"search_term_string\"}}],\"inLanguage\":\"pt-BR\"},{\"@type\":\"Person\",\"@id\":\"https:\\\/\\\/revistaregional.com.br\\\/site\\\/#\\\/schema\\\/person\\\/382af97c580dc1b18f55107bc316010d\",\"name\":\"contato@revistaregional.com.br\",\"image\":{\"@type\":\"ImageObject\",\"inLanguage\":\"pt-BR\",\"@id\":\"https:\\\/\\\/secure.gravatar.com\\\/avatar\\\/869822917e96b2e292d5827e4635855396934485e7c4a0af84e9a214e32ca0cd?s=96&d=mm&r=g\",\"url\":\"https:\\\/\\\/secure.gravatar.com\\\/avatar\\\/869822917e96b2e292d5827e4635855396934485e7c4a0af84e9a214e32ca0cd?s=96&d=mm&r=g\",\"contentUrl\":\"https:\\\/\\\/secure.gravatar.com\\\/avatar\\\/869822917e96b2e292d5827e4635855396934485e7c4a0af84e9a214e32ca0cd?s=96&d=mm&r=g\",\"caption\":\"contato@revistaregional.com.br\"},\"url\":\"https:\\\/\\\/revistaregional.com.br\\\/site\\\/author\\\/contato@revistaregional.com.br\\\/\"}]}<\/script>\n<!-- \/ Yoast SEO plugin. -->","yoast_head_json":{"title":"Indaiatuba chega a 3 mil casos de covid; Itu passa de 1 mil - Revista Regional","robots":{"index":"index","follow":"follow","max-snippet":"max-snippet:-1","max-image-preview":"max-image-preview:large","max-video-preview":"max-video-preview:-1"},"canonical":"https:\/\/revistaregional.com.br\/site\/2020\/07\/17\/indaiatuba-chega-a-3-mil-casos-de-covid-itu-passa-de-1-mil\/","og_locale":"pt_BR","og_type":"article","og_title":"Indaiatuba chega a 3 mil casos de covid; Itu passa de 1 mil - Revista Regional","og_description":"A semana termina com n\u00fameros ainda em ascens\u00e3o da pandemia na regi\u00e3o, com Indaiatuba superando a marca de 3 mil casos e Itu, de 1 mil; Salto e Itu registraram novas mortes por covid; Salto, a 20\u00aa UTI do Hospital Municipal de Salto atingiu 100% de ocupa\u00e7\u00e3o; No Estado, governo mant\u00e9m expectativa de retomar as [&hellip;]","og_url":"https:\/\/revistaregional.com.br\/site\/2020\/07\/17\/indaiatuba-chega-a-3-mil-casos-de-covid-itu-passa-de-1-mil\/","og_site_name":"Revista Regional","article_published_time":"2020-07-17T21:20:47+00:00","article_modified_time":"2024-01-26T12:32:26+00:00","og_image":[{"width":1400,"height":450,"url":"https:\/\/revistaregional.com.br\/site\/wp-content\/uploads\/2020\/04\/covid-19-virus.jpeg","type":"image\/jpeg"}],"author":"contato@revistaregional.com.br","twitter_card":"summary_large_image","twitter_misc":{"Escrito por":"contato@revistaregional.com.br","Est. tempo de leitura":"5 minutos"},"schema":{"@context":"https:\/\/schema.org","@graph":[{"@type":"Article","@id":"https:\/\/revistaregional.com.br\/site\/2020\/07\/17\/indaiatuba-chega-a-3-mil-casos-de-covid-itu-passa-de-1-mil\/#article","isPartOf":{"@id":"https:\/\/revistaregional.com.br\/site\/2020\/07\/17\/indaiatuba-chega-a-3-mil-casos-de-covid-itu-passa-de-1-mil\/"},"author":{"name":"contato@revistaregional.com.br","@id":"https:\/\/revistaregional.com.br\/site\/#\/schema\/person\/382af97c580dc1b18f55107bc316010d"},"headline":"Indaiatuba chega a 3 mil casos de covid; Itu passa de 1 mil","datePublished":"2020-07-17T21:20:47+00:00","dateModified":"2024-01-26T12:32:26+00:00","mainEntityOfPage":{"@id":"https:\/\/revistaregional.com.br\/site\/2020\/07\/17\/indaiatuba-chega-a-3-mil-casos-de-covid-itu-passa-de-1-mil\/"},"wordCount":948,"image":{"@id":"https:\/\/revistaregional.com.br\/site\/2020\/07\/17\/indaiatuba-chega-a-3-mil-casos-de-covid-itu-passa-de-1-mil\/#primaryimage"},"thumbnailUrl":"https:\/\/revistaregional.com.br\/site\/wp-content\/uploads\/2020\/04\/covid-19-virus.jpeg","keywords":["Sa\u00fade e Beleza"],"articleSection":["Destaque Lateral","Sa\u00fade e Beleza"],"inLanguage":"pt-BR"},{"@type":"WebPage","@id":"https:\/\/revistaregional.com.br\/site\/2020\/07\/17\/indaiatuba-chega-a-3-mil-casos-de-covid-itu-passa-de-1-mil\/","url":"https:\/\/revistaregional.com.br\/site\/2020\/07\/17\/indaiatuba-chega-a-3-mil-casos-de-covid-itu-passa-de-1-mil\/","name":"Indaiatuba chega a 3 mil casos de covid; Itu passa de 1 mil - Revista Regional","isPartOf":{"@id":"https:\/\/revistaregional.com.br\/site\/#website"},"primaryImageOfPage":{"@id":"https:\/\/revistaregional.com.br\/site\/2020\/07\/17\/indaiatuba-chega-a-3-mil-casos-de-covid-itu-passa-de-1-mil\/#primaryimage"},"image":{"@id":"https:\/\/revistaregional.com.br\/site\/2020\/07\/17\/indaiatuba-chega-a-3-mil-casos-de-covid-itu-passa-de-1-mil\/#primaryimage"},"thumbnailUrl":"https:\/\/revistaregional.com.br\/site\/wp-content\/uploads\/2020\/04\/covid-19-virus.jpeg","datePublished":"2020-07-17T21:20:47+00:00","dateModified":"2024-01-26T12:32:26+00:00","author":{"@id":"https:\/\/revistaregional.com.br\/site\/#\/schema\/person\/382af97c580dc1b18f55107bc316010d"},"breadcrumb":{"@id":"https:\/\/revistaregional.com.br\/site\/2020\/07\/17\/indaiatuba-chega-a-3-mil-casos-de-covid-itu-passa-de-1-mil\/#breadcrumb"},"inLanguage":"pt-BR","potentialAction":[{"@type":"ReadAction","target":["https:\/\/revistaregional.com.br\/site\/2020\/07\/17\/indaiatuba-chega-a-3-mil-casos-de-covid-itu-passa-de-1-mil\/"]}]},{"@type":"ImageObject","inLanguage":"pt-BR","@id":"https:\/\/revistaregional.com.br\/site\/2020\/07\/17\/indaiatuba-chega-a-3-mil-casos-de-covid-itu-passa-de-1-mil\/#primaryimage","url":"https:\/\/revistaregional.com.br\/site\/wp-content\/uploads\/2020\/04\/covid-19-virus.jpeg","contentUrl":"https:\/\/revistaregional.com.br\/site\/wp-content\/uploads\/2020\/04\/covid-19-virus.jpeg","width":1400,"height":450},{"@type":"BreadcrumbList","@id":"https:\/\/revistaregional.com.br\/site\/2020\/07\/17\/indaiatuba-chega-a-3-mil-casos-de-covid-itu-passa-de-1-mil\/#breadcrumb","itemListElement":[{"@type":"ListItem","position":1,"name":"In\u00edcio","item":"https:\/\/revistaregional.com.br\/site\/"},{"@type":"ListItem","position":2,"name":"Indaiatuba chega a 3 mil casos de covid; Itu passa de 1 mil"}]},{"@type":"WebSite","@id":"https:\/\/revistaregional.com.br\/site\/#website","url":"https:\/\/revistaregional.com.br\/site\/","name":"Revista Regional","description":"Salto - Itu - Indaituba","potentialAction":[{"@type":"SearchAction","target":{"@type":"EntryPoint","urlTemplate":"https:\/\/revistaregional.com.br\/site\/?s={search_term_string}"},"query-input":{"@type":"PropertyValueSpecification","valueRequired":true,"valueName":"search_term_string"}}],"inLanguage":"pt-BR"},{"@type":"Person","@id":"https:\/\/revistaregional.com.br\/site\/#\/schema\/person\/382af97c580dc1b18f55107bc316010d","name":"contato@revistaregional.com.br","image":{"@type":"ImageObject","inLanguage":"pt-BR","@id":"https:\/\/secure.gravatar.com\/avatar\/869822917e96b2e292d5827e4635855396934485e7c4a0af84e9a214e32ca0cd?s=96&d=mm&r=g","url":"https:\/\/secure.gravatar.com\/avatar\/869822917e96b2e292d5827e4635855396934485e7c4a0af84e9a214e32ca0cd?s=96&d=mm&r=g","contentUrl":"https:\/\/secure.gravatar.com\/avatar\/869822917e96b2e292d5827e4635855396934485e7c4a0af84e9a214e32ca0cd?s=96&d=mm&r=g","caption":"contato@revistaregional.com.br"},"url":"https:\/\/revistaregional.com.br\/site\/author\/contato@revistaregional.com.br\/"}]}},"views":76,"_links":{"self":[{"href":"https:\/\/revistaregional.com.br\/site\/wp-json\/wp\/v2\/posts\/22902","targetHints":{"allow":["GET"]}}],"collection":[{"href":"https:\/\/revistaregional.com.br\/site\/wp-json\/wp\/v2\/posts"}],"about":[{"href":"https:\/\/revistaregional.com.br\/site\/wp-json\/wp\/v2\/types\/post"}],"author":[{"embeddable":true,"href":"https:\/\/revistaregional.com.br\/site\/wp-json\/wp\/v2\/users\/1"}],"replies":[{"embeddable":true,"href":"https:\/\/revistaregional.com.br\/site\/wp-json\/wp\/v2\/comments?post=22902"}],"version-history":[{"count":1,"href":"https:\/\/revistaregional.com.br\/site\/wp-json\/wp\/v2\/posts\/22902\/revisions"}],"predecessor-version":[{"id":22903,"href":"https:\/\/revistaregional.com.br\/site\/wp-json\/wp\/v2\/posts\/22902\/revisions\/22903"}],"wp:featuredmedia":[{"embeddable":true,"href":"https:\/\/revistaregional.com.br\/site\/wp-json\/wp\/v2\/media\/21940"}],"wp:attachment":[{"href":"https:\/\/revistaregional.com.br\/site\/wp-json\/wp\/v2\/media?parent=22902"}],"wp:term":[{"taxonomy":"category","embeddable":true,"href":"https:\/\/revistaregional.com.br\/site\/wp-json\/wp\/v2\/categories?post=22902"},{"taxonomy":"post_tag","embeddable":true,"href":"https:\/\/revistaregional.com.br\/site\/wp-json\/wp\/v2\/tags?post=22902"}],"curies":[{"name":"wp","href":"https:\/\/api.w.org\/{rel}","templated":true}]}}