{"id":22899,"date":"2020-07-17T13:41:21","date_gmt":"2020-07-17T16:41:21","guid":{"rendered":"https:\/\/revistaregional.com.br\/site\/?p=22899"},"modified":"2024-01-26T10:13:33","modified_gmt":"2024-01-26T13:13:33","slug":"urgente-indaiatuba-segue-na-fase-vermelha-da-flexibilizacao","status":"publish","type":"post","link":"https:\/\/revistaregional.com.br\/site\/2020\/07\/17\/urgente-indaiatuba-segue-na-fase-vermelha-da-flexibilizacao\/","title":{"rendered":"URGENTE: Indaiatuba segue na Fase Vermelha da flexibiliza\u00e7\u00e3o"},"content":{"rendered":"<figure id=\"attachment_22900\" aria-describedby=\"caption-attachment-22900\" style=\"width: 483px\" class=\"wp-caption alignright\"><a href=\"https:\/\/revistaregional.com.br\/site\/wp-content\/uploads\/2020\/07\/app-indaiatuba-1.jpg\"><img fetchpriority=\"high\" decoding=\"async\" class=\"wp-image-22900\" src=\"https:\/\/revistaregional.com.br\/site\/wp-content\/uploads\/2020\/07\/app-indaiatuba-1-1024x573.jpg\" alt=\"\" width=\"483\" height=\"270\" data-id=\"22900\" srcset=\"https:\/\/revistaregional.com.br\/site\/wp-content\/uploads\/2020\/07\/app-indaiatuba-1-1024x573.jpg 1024w, https:\/\/revistaregional.com.br\/site\/wp-content\/uploads\/2020\/07\/app-indaiatuba-1-300x168.jpg 300w, https:\/\/revistaregional.com.br\/site\/wp-content\/uploads\/2020\/07\/app-indaiatuba-1-150x84.jpg 150w, https:\/\/revistaregional.com.br\/site\/wp-content\/uploads\/2020\/07\/app-indaiatuba-1.jpg 1280w\" sizes=\"(max-width: 483px) 100vw, 483px\" \/><\/a><figcaption id=\"caption-attachment-22900\" class=\"wp-caption-text\">Atualiza\u00e7\u00e3o do Plano SP divulgada pelo governo do Estado neste dia 17 de julho<\/figcaption><\/figure>\n<p><strong>Com 98 mortes, 2,9 mil casos de covid e 83% da UTI ocupada, Indaiatuba permanecer\u00e1 na Fase Vermelha, com com\u00e9rcio fechado<\/strong><\/p>\n<p>Indaiatuba, que est\u00e1 na regi\u00e3o de Campinas, permanecer\u00e1, ao menos por mais uma semana, na Fase Vermelha do Plano S\u00e3o Paulo, que determina a reabertura da economia no Estado. A decis\u00e3o foi anunciada pelo governador Jo\u00e3o Doria no in\u00edcio da tarde desta sexta-feira, dia 17 de julho.<\/p>\n<p>A regi\u00e3o de Campinas retrocedeu da Fase Laranja para a Vermelha no dia 06 de julho. Com isso, apenas os servi\u00e7os considerados essenciais podem continuar funcionando. Indaiatuba tinha, at\u00e9 quinta-feira, 2.970 casos confirmados de covid, sendo que 98 morreram, 2.825 s\u00e3o considerados curados ou ainda est\u00e3o em recupera\u00e7\u00e3o domiciliar e 47 est\u00e3o internados. A taxa de ocupa\u00e7\u00e3o das UTIs estava em 83% no Haoc (Hospital Augusto de Oliveira Camargo) e no Santa Ign\u00eas.<\/p>\n<p>Itu e Salto, que pertencem \u00e0 regi\u00e3o de Sorocaba, continuam na Fase Laranja, que permite funcionamento de lojas, shopping centers e escrit\u00f3rios, por\u00e9m com hor\u00e1rio reduzido.<\/p>\n<p>foto: Divulga\u00e7\u00e3o<\/p>\n","protected":false},"excerpt":{"rendered":"<p>Com 98 mortes, 2,9 mil casos de covid e 83% da UTI ocupada, Indaiatuba permanecer\u00e1 na Fase Vermelha, com com\u00e9rcio fechado Indaiatuba, que est\u00e1 na regi\u00e3o de Campinas, permanecer\u00e1, ao menos por mais uma semana, na Fase Vermelha do Plano S\u00e3o Paulo, que determina a reabertura da economia no Estado. A decis\u00e3o foi anunciada pelo [&hellip;]<\/p>\n","protected":false},"author":1,"featured_media":22900,"comment_status":"closed","ping_status":"closed","sticky":false,"template":"","format":"standard","meta":{"_acf_changed":false,"ngg_post_thumbnail":0,"_joinchat":[],"footnotes":""},"categories":[449,12],"tags":[527],"class_list":["post-22899","post","type-post","status-publish","format-standard","has-post-thumbnail","hentry","category-destaque-lateral","category-regionais","tag-regionais"],"acf":[],"yoast_head":"<!-- This site is optimized with the Yoast SEO plugin v27.4 - https:\/\/yoast.com\/product\/yoast-seo-wordpress\/ -->\n<title>URGENTE: Indaiatuba segue na Fase Vermelha da flexibiliza\u00e7\u00e3o - Revista Regional<\/title>\n<meta name=\"robots\" content=\"index, follow, max-snippet:-1, max-image-preview:large, max-video-preview:-1\" \/>\n<link rel=\"canonical\" href=\"https:\/\/revistaregional.com.br\/site\/2020\/07\/17\/urgente-indaiatuba-segue-na-fase-vermelha-da-flexibilizacao\/\" \/>\n<meta property=\"og:locale\" content=\"pt_BR\" \/>\n<meta property=\"og:type\" content=\"article\" \/>\n<meta property=\"og:title\" content=\"URGENTE: Indaiatuba segue na Fase Vermelha da flexibiliza\u00e7\u00e3o - Revista Regional\" \/>\n<meta property=\"og:description\" content=\"Com 98 mortes, 2,9 mil casos de covid e 83% da UTI ocupada, Indaiatuba permanecer\u00e1 na Fase Vermelha, com com\u00e9rcio fechado Indaiatuba, que est\u00e1 na regi\u00e3o de Campinas, permanecer\u00e1, ao menos por mais uma semana, na Fase Vermelha do Plano S\u00e3o Paulo, que determina a reabertura da economia no Estado. A decis\u00e3o foi anunciada pelo [&hellip;]\" \/>\n<meta property=\"og:url\" content=\"https:\/\/revistaregional.com.br\/site\/2020\/07\/17\/urgente-indaiatuba-segue-na-fase-vermelha-da-flexibilizacao\/\" \/>\n<meta property=\"og:site_name\" content=\"Revista Regional\" \/>\n<meta property=\"article:published_time\" content=\"2020-07-17T16:41:21+00:00\" \/>\n<meta property=\"article:modified_time\" content=\"2024-01-26T13:13:33+00:00\" \/>\n<meta property=\"og:image\" content=\"https:\/\/revistaregional.com.br\/site\/wp-content\/uploads\/2020\/07\/app-indaiatuba-1.jpg\" \/>\n\t<meta property=\"og:image:width\" content=\"1280\" \/>\n\t<meta property=\"og:image:height\" content=\"716\" \/>\n\t<meta property=\"og:image:type\" content=\"image\/jpeg\" \/>\n<meta name=\"author\" content=\"contato@revistaregional.com.br\" \/>\n<meta name=\"twitter:card\" content=\"summary_large_image\" \/>\n<meta name=\"twitter:label1\" content=\"Escrito por\" \/>\n\t<meta name=\"twitter:data1\" content=\"contato@revistaregional.com.br\" \/>\n\t<meta name=\"twitter:label2\" content=\"Est. tempo de leitura\" \/>\n\t<meta name=\"twitter:data2\" content=\"1 minuto\" \/>\n<script type=\"application\/ld+json\" class=\"yoast-schema-graph\">{\"@context\":\"https:\\\/\\\/schema.org\",\"@graph\":[{\"@type\":\"Article\",\"@id\":\"https:\\\/\\\/revistaregional.com.br\\\/site\\\/2020\\\/07\\\/17\\\/urgente-indaiatuba-segue-na-fase-vermelha-da-flexibilizacao\\\/#article\",\"isPartOf\":{\"@id\":\"https:\\\/\\\/revistaregional.com.br\\\/site\\\/2020\\\/07\\\/17\\\/urgente-indaiatuba-segue-na-fase-vermelha-da-flexibilizacao\\\/\"},\"author\":{\"name\":\"contato@revistaregional.com.br\",\"@id\":\"https:\\\/\\\/revistaregional.com.br\\\/site\\\/#\\\/schema\\\/person\\\/382af97c580dc1b18f55107bc316010d\"},\"headline\":\"URGENTE: Indaiatuba segue na Fase Vermelha da flexibiliza\u00e7\u00e3o\",\"datePublished\":\"2020-07-17T16:41:21+00:00\",\"dateModified\":\"2024-01-26T13:13:33+00:00\",\"mainEntityOfPage\":{\"@id\":\"https:\\\/\\\/revistaregional.com.br\\\/site\\\/2020\\\/07\\\/17\\\/urgente-indaiatuba-segue-na-fase-vermelha-da-flexibilizacao\\\/\"},\"wordCount\":207,\"image\":{\"@id\":\"https:\\\/\\\/revistaregional.com.br\\\/site\\\/2020\\\/07\\\/17\\\/urgente-indaiatuba-segue-na-fase-vermelha-da-flexibilizacao\\\/#primaryimage\"},\"thumbnailUrl\":\"https:\\\/\\\/revistaregional.com.br\\\/site\\\/wp-content\\\/uploads\\\/2020\\\/07\\\/app-indaiatuba-1.jpg\",\"keywords\":[\"Regionais\"],\"articleSection\":[\"Destaque Lateral\",\"Regionais\"],\"inLanguage\":\"pt-BR\"},{\"@type\":\"WebPage\",\"@id\":\"https:\\\/\\\/revistaregional.com.br\\\/site\\\/2020\\\/07\\\/17\\\/urgente-indaiatuba-segue-na-fase-vermelha-da-flexibilizacao\\\/\",\"url\":\"https:\\\/\\\/revistaregional.com.br\\\/site\\\/2020\\\/07\\\/17\\\/urgente-indaiatuba-segue-na-fase-vermelha-da-flexibilizacao\\\/\",\"name\":\"URGENTE: Indaiatuba segue na Fase Vermelha da flexibiliza\u00e7\u00e3o - Revista Regional\",\"isPartOf\":{\"@id\":\"https:\\\/\\\/revistaregional.com.br\\\/site\\\/#website\"},\"primaryImageOfPage\":{\"@id\":\"https:\\\/\\\/revistaregional.com.br\\\/site\\\/2020\\\/07\\\/17\\\/urgente-indaiatuba-segue-na-fase-vermelha-da-flexibilizacao\\\/#primaryimage\"},\"image\":{\"@id\":\"https:\\\/\\\/revistaregional.com.br\\\/site\\\/2020\\\/07\\\/17\\\/urgente-indaiatuba-segue-na-fase-vermelha-da-flexibilizacao\\\/#primaryimage\"},\"thumbnailUrl\":\"https:\\\/\\\/revistaregional.com.br\\\/site\\\/wp-content\\\/uploads\\\/2020\\\/07\\\/app-indaiatuba-1.jpg\",\"datePublished\":\"2020-07-17T16:41:21+00:00\",\"dateModified\":\"2024-01-26T13:13:33+00:00\",\"author\":{\"@id\":\"https:\\\/\\\/revistaregional.com.br\\\/site\\\/#\\\/schema\\\/person\\\/382af97c580dc1b18f55107bc316010d\"},\"breadcrumb\":{\"@id\":\"https:\\\/\\\/revistaregional.com.br\\\/site\\\/2020\\\/07\\\/17\\\/urgente-indaiatuba-segue-na-fase-vermelha-da-flexibilizacao\\\/#breadcrumb\"},\"inLanguage\":\"pt-BR\",\"potentialAction\":[{\"@type\":\"ReadAction\",\"target\":[\"https:\\\/\\\/revistaregional.com.br\\\/site\\\/2020\\\/07\\\/17\\\/urgente-indaiatuba-segue-na-fase-vermelha-da-flexibilizacao\\\/\"]}]},{\"@type\":\"ImageObject\",\"inLanguage\":\"pt-BR\",\"@id\":\"https:\\\/\\\/revistaregional.com.br\\\/site\\\/2020\\\/07\\\/17\\\/urgente-indaiatuba-segue-na-fase-vermelha-da-flexibilizacao\\\/#primaryimage\",\"url\":\"https:\\\/\\\/revistaregional.com.br\\\/site\\\/wp-content\\\/uploads\\\/2020\\\/07\\\/app-indaiatuba-1.jpg\",\"contentUrl\":\"https:\\\/\\\/revistaregional.com.br\\\/site\\\/wp-content\\\/uploads\\\/2020\\\/07\\\/app-indaiatuba-1.jpg\",\"width\":1280,\"height\":716},{\"@type\":\"BreadcrumbList\",\"@id\":\"https:\\\/\\\/revistaregional.com.br\\\/site\\\/2020\\\/07\\\/17\\\/urgente-indaiatuba-segue-na-fase-vermelha-da-flexibilizacao\\\/#breadcrumb\",\"itemListElement\":[{\"@type\":\"ListItem\",\"position\":1,\"name\":\"In\u00edcio\",\"item\":\"https:\\\/\\\/revistaregional.com.br\\\/site\\\/\"},{\"@type\":\"ListItem\",\"position\":2,\"name\":\"URGENTE: Indaiatuba segue na Fase Vermelha da flexibiliza\u00e7\u00e3o\"}]},{\"@type\":\"WebSite\",\"@id\":\"https:\\\/\\\/revistaregional.com.br\\\/site\\\/#website\",\"url\":\"https:\\\/\\\/revistaregional.com.br\\\/site\\\/\",\"name\":\"Revista Regional\",\"description\":\"Salto - Itu - Indaituba\",\"potentialAction\":[{\"@type\":\"SearchAction\",\"target\":{\"@type\":\"EntryPoint\",\"urlTemplate\":\"https:\\\/\\\/revistaregional.com.br\\\/site\\\/?s={search_term_string}\"},\"query-input\":{\"@type\":\"PropertyValueSpecification\",\"valueRequired\":true,\"valueName\":\"search_term_string\"}}],\"inLanguage\":\"pt-BR\"},{\"@type\":\"Person\",\"@id\":\"https:\\\/\\\/revistaregional.com.br\\\/site\\\/#\\\/schema\\\/person\\\/382af97c580dc1b18f55107bc316010d\",\"name\":\"contato@revistaregional.com.br\",\"image\":{\"@type\":\"ImageObject\",\"inLanguage\":\"pt-BR\",\"@id\":\"https:\\\/\\\/secure.gravatar.com\\\/avatar\\\/869822917e96b2e292d5827e4635855396934485e7c4a0af84e9a214e32ca0cd?s=96&d=mm&r=g\",\"url\":\"https:\\\/\\\/secure.gravatar.com\\\/avatar\\\/869822917e96b2e292d5827e4635855396934485e7c4a0af84e9a214e32ca0cd?s=96&d=mm&r=g\",\"contentUrl\":\"https:\\\/\\\/secure.gravatar.com\\\/avatar\\\/869822917e96b2e292d5827e4635855396934485e7c4a0af84e9a214e32ca0cd?s=96&d=mm&r=g\",\"caption\":\"contato@revistaregional.com.br\"},\"url\":\"https:\\\/\\\/revistaregional.com.br\\\/site\\\/author\\\/contato@revistaregional.com.br\\\/\"}]}<\/script>\n<!-- \/ Yoast SEO plugin. -->","yoast_head_json":{"title":"URGENTE: Indaiatuba segue na Fase Vermelha da flexibiliza\u00e7\u00e3o - Revista Regional","robots":{"index":"index","follow":"follow","max-snippet":"max-snippet:-1","max-image-preview":"max-image-preview:large","max-video-preview":"max-video-preview:-1"},"canonical":"https:\/\/revistaregional.com.br\/site\/2020\/07\/17\/urgente-indaiatuba-segue-na-fase-vermelha-da-flexibilizacao\/","og_locale":"pt_BR","og_type":"article","og_title":"URGENTE: Indaiatuba segue na Fase Vermelha da flexibiliza\u00e7\u00e3o - Revista Regional","og_description":"Com 98 mortes, 2,9 mil casos de covid e 83% da UTI ocupada, Indaiatuba permanecer\u00e1 na Fase Vermelha, com com\u00e9rcio fechado Indaiatuba, que est\u00e1 na regi\u00e3o de Campinas, permanecer\u00e1, ao menos por mais uma semana, na Fase Vermelha do Plano S\u00e3o Paulo, que determina a reabertura da economia no Estado. A decis\u00e3o foi anunciada pelo [&hellip;]","og_url":"https:\/\/revistaregional.com.br\/site\/2020\/07\/17\/urgente-indaiatuba-segue-na-fase-vermelha-da-flexibilizacao\/","og_site_name":"Revista Regional","article_published_time":"2020-07-17T16:41:21+00:00","article_modified_time":"2024-01-26T13:13:33+00:00","og_image":[{"width":1280,"height":716,"url":"https:\/\/revistaregional.com.br\/site\/wp-content\/uploads\/2020\/07\/app-indaiatuba-1.jpg","type":"image\/jpeg"}],"author":"contato@revistaregional.com.br","twitter_card":"summary_large_image","twitter_misc":{"Escrito por":"contato@revistaregional.com.br","Est. tempo de leitura":"1 minuto"},"schema":{"@context":"https:\/\/schema.org","@graph":[{"@type":"Article","@id":"https:\/\/revistaregional.com.br\/site\/2020\/07\/17\/urgente-indaiatuba-segue-na-fase-vermelha-da-flexibilizacao\/#article","isPartOf":{"@id":"https:\/\/revistaregional.com.br\/site\/2020\/07\/17\/urgente-indaiatuba-segue-na-fase-vermelha-da-flexibilizacao\/"},"author":{"name":"contato@revistaregional.com.br","@id":"https:\/\/revistaregional.com.br\/site\/#\/schema\/person\/382af97c580dc1b18f55107bc316010d"},"headline":"URGENTE: Indaiatuba segue na Fase Vermelha da flexibiliza\u00e7\u00e3o","datePublished":"2020-07-17T16:41:21+00:00","dateModified":"2024-01-26T13:13:33+00:00","mainEntityOfPage":{"@id":"https:\/\/revistaregional.com.br\/site\/2020\/07\/17\/urgente-indaiatuba-segue-na-fase-vermelha-da-flexibilizacao\/"},"wordCount":207,"image":{"@id":"https:\/\/revistaregional.com.br\/site\/2020\/07\/17\/urgente-indaiatuba-segue-na-fase-vermelha-da-flexibilizacao\/#primaryimage"},"thumbnailUrl":"https:\/\/revistaregional.com.br\/site\/wp-content\/uploads\/2020\/07\/app-indaiatuba-1.jpg","keywords":["Regionais"],"articleSection":["Destaque Lateral","Regionais"],"inLanguage":"pt-BR"},{"@type":"WebPage","@id":"https:\/\/revistaregional.com.br\/site\/2020\/07\/17\/urgente-indaiatuba-segue-na-fase-vermelha-da-flexibilizacao\/","url":"https:\/\/revistaregional.com.br\/site\/2020\/07\/17\/urgente-indaiatuba-segue-na-fase-vermelha-da-flexibilizacao\/","name":"URGENTE: Indaiatuba segue na Fase Vermelha da flexibiliza\u00e7\u00e3o - Revista Regional","isPartOf":{"@id":"https:\/\/revistaregional.com.br\/site\/#website"},"primaryImageOfPage":{"@id":"https:\/\/revistaregional.com.br\/site\/2020\/07\/17\/urgente-indaiatuba-segue-na-fase-vermelha-da-flexibilizacao\/#primaryimage"},"image":{"@id":"https:\/\/revistaregional.com.br\/site\/2020\/07\/17\/urgente-indaiatuba-segue-na-fase-vermelha-da-flexibilizacao\/#primaryimage"},"thumbnailUrl":"https:\/\/revistaregional.com.br\/site\/wp-content\/uploads\/2020\/07\/app-indaiatuba-1.jpg","datePublished":"2020-07-17T16:41:21+00:00","dateModified":"2024-01-26T13:13:33+00:00","author":{"@id":"https:\/\/revistaregional.com.br\/site\/#\/schema\/person\/382af97c580dc1b18f55107bc316010d"},"breadcrumb":{"@id":"https:\/\/revistaregional.com.br\/site\/2020\/07\/17\/urgente-indaiatuba-segue-na-fase-vermelha-da-flexibilizacao\/#breadcrumb"},"inLanguage":"pt-BR","potentialAction":[{"@type":"ReadAction","target":["https:\/\/revistaregional.com.br\/site\/2020\/07\/17\/urgente-indaiatuba-segue-na-fase-vermelha-da-flexibilizacao\/"]}]},{"@type":"ImageObject","inLanguage":"pt-BR","@id":"https:\/\/revistaregional.com.br\/site\/2020\/07\/17\/urgente-indaiatuba-segue-na-fase-vermelha-da-flexibilizacao\/#primaryimage","url":"https:\/\/revistaregional.com.br\/site\/wp-content\/uploads\/2020\/07\/app-indaiatuba-1.jpg","contentUrl":"https:\/\/revistaregional.com.br\/site\/wp-content\/uploads\/2020\/07\/app-indaiatuba-1.jpg","width":1280,"height":716},{"@type":"BreadcrumbList","@id":"https:\/\/revistaregional.com.br\/site\/2020\/07\/17\/urgente-indaiatuba-segue-na-fase-vermelha-da-flexibilizacao\/#breadcrumb","itemListElement":[{"@type":"ListItem","position":1,"name":"In\u00edcio","item":"https:\/\/revistaregional.com.br\/site\/"},{"@type":"ListItem","position":2,"name":"URGENTE: Indaiatuba segue na Fase Vermelha da flexibiliza\u00e7\u00e3o"}]},{"@type":"WebSite","@id":"https:\/\/revistaregional.com.br\/site\/#website","url":"https:\/\/revistaregional.com.br\/site\/","name":"Revista Regional","description":"Salto - Itu - Indaituba","potentialAction":[{"@type":"SearchAction","target":{"@type":"EntryPoint","urlTemplate":"https:\/\/revistaregional.com.br\/site\/?s={search_term_string}"},"query-input":{"@type":"PropertyValueSpecification","valueRequired":true,"valueName":"search_term_string"}}],"inLanguage":"pt-BR"},{"@type":"Person","@id":"https:\/\/revistaregional.com.br\/site\/#\/schema\/person\/382af97c580dc1b18f55107bc316010d","name":"contato@revistaregional.com.br","image":{"@type":"ImageObject","inLanguage":"pt-BR","@id":"https:\/\/secure.gravatar.com\/avatar\/869822917e96b2e292d5827e4635855396934485e7c4a0af84e9a214e32ca0cd?s=96&d=mm&r=g","url":"https:\/\/secure.gravatar.com\/avatar\/869822917e96b2e292d5827e4635855396934485e7c4a0af84e9a214e32ca0cd?s=96&d=mm&r=g","contentUrl":"https:\/\/secure.gravatar.com\/avatar\/869822917e96b2e292d5827e4635855396934485e7c4a0af84e9a214e32ca0cd?s=96&d=mm&r=g","caption":"contato@revistaregional.com.br"},"url":"https:\/\/revistaregional.com.br\/site\/author\/contato@revistaregional.com.br\/"}]}},"views":133,"_links":{"self":[{"href":"https:\/\/revistaregional.com.br\/site\/wp-json\/wp\/v2\/posts\/22899","targetHints":{"allow":["GET"]}}],"collection":[{"href":"https:\/\/revistaregional.com.br\/site\/wp-json\/wp\/v2\/posts"}],"about":[{"href":"https:\/\/revistaregional.com.br\/site\/wp-json\/wp\/v2\/types\/post"}],"author":[{"embeddable":true,"href":"https:\/\/revistaregional.com.br\/site\/wp-json\/wp\/v2\/users\/1"}],"replies":[{"embeddable":true,"href":"https:\/\/revistaregional.com.br\/site\/wp-json\/wp\/v2\/comments?post=22899"}],"version-history":[{"count":1,"href":"https:\/\/revistaregional.com.br\/site\/wp-json\/wp\/v2\/posts\/22899\/revisions"}],"predecessor-version":[{"id":22901,"href":"https:\/\/revistaregional.com.br\/site\/wp-json\/wp\/v2\/posts\/22899\/revisions\/22901"}],"wp:featuredmedia":[{"embeddable":true,"href":"https:\/\/revistaregional.com.br\/site\/wp-json\/wp\/v2\/media\/22900"}],"wp:attachment":[{"href":"https:\/\/revistaregional.com.br\/site\/wp-json\/wp\/v2\/media?parent=22899"}],"wp:term":[{"taxonomy":"category","embeddable":true,"href":"https:\/\/revistaregional.com.br\/site\/wp-json\/wp\/v2\/categories?post=22899"},{"taxonomy":"post_tag","embeddable":true,"href":"https:\/\/revistaregional.com.br\/site\/wp-json\/wp\/v2\/tags?post=22899"}],"curies":[{"name":"wp","href":"https:\/\/api.w.org\/{rel}","templated":true}]}}