{"id":22882,"date":"2020-07-15T17:41:01","date_gmt":"2020-07-15T20:41:01","guid":{"rendered":"https:\/\/revistaregional.com.br\/site\/?p=22882"},"modified":"2024-01-26T09:32:27","modified_gmt":"2024-01-26T12:32:27","slug":"indaiatuba-itu-e-salto-somam-6-mortes-por-covid-em-24h","status":"publish","type":"post","link":"https:\/\/revistaregional.com.br\/site\/2020\/07\/15\/indaiatuba-itu-e-salto-somam-6-mortes-por-covid-em-24h\/","title":{"rendered":"Indaiatuba, Itu e Salto somam 6 mortes por covid em 24h"},"content":{"rendered":"<p><strong><em>Ap\u00f3s um dia sem mortes por covid, Indaiatuba tem 3 perdas em 24h; Salto, 2 e Itu, 1; Veja a atualiza\u00e7\u00e3o da pandemia na regi\u00e3o<\/em><\/strong><\/p>\n<p><strong><em>&nbsp;<\/em><\/strong><\/p>\n<p>Ap\u00f3s um dia sem mortes por covid, a Prefeitura de Indaiatuba confirmou nesta quarta-feira (15), mais 3 \u00f3bitos e o total foi a 95. Todas<\/p>\n<figure id=\"attachment_22590\" aria-describedby=\"caption-attachment-22590\" style=\"width: 578px\" class=\"wp-caption alignright\"><img fetchpriority=\"high\" decoding=\"async\" class=\" wp-image-22590\" src=\"https:\/\/revistaregional.com.br\/site\/wp-content\/uploads\/2020\/06\/app-8-junho-1024x683.jpg\" alt=\"\" width=\"578\" height=\"385\" data-id=\"22590\" srcset=\"https:\/\/revistaregional.com.br\/site\/wp-content\/uploads\/2020\/06\/app-8-junho.jpg 1024w, https:\/\/revistaregional.com.br\/site\/wp-content\/uploads\/2020\/06\/app-8-junho-300x200.jpg 300w, https:\/\/revistaregional.com.br\/site\/wp-content\/uploads\/2020\/06\/app-8-junho-150x100.jpg 150w, https:\/\/revistaregional.com.br\/site\/wp-content\/uploads\/2020\/06\/app-8-junho-272x182.jpg 272w\" sizes=\"(max-width: 578px) 100vw, 578px\" \/><figcaption id=\"caption-attachment-22590\" class=\"wp-caption-text\">Regi\u00e3o teve 6 mortes por covid nas \u00faltimas 24 horas<\/figcaption><\/figure>\n<p>ocorreram no Haoc (Hospital Augusto de Oliveira Camargo): um paciente de 79 anos, internado desde o dia 10, era hipertenso; uma mulher de 82 anos, hospitalizada em 26 de junho, tamb\u00e9m era hipertensa e diab\u00e9tica; e outro homem, 80 anos, internado dia 25 de junho, diab\u00e9tico, hipertenso e pneumopatia.<\/p>\n<p>Ainda nesta quarta, Indaiatuba registrou 90 novos infectados, contabilizando 2.800 confirmados, sendo que 95 morreram, 2.661 s\u00e3o considerados curados ou ainda est\u00e3o em recupera\u00e7\u00e3o domiciliar e 44 internados. Ainda h\u00e1 outros 518 casos suspeitos aguardando resultado. Atualmente h\u00e1 48 pessoas internadas em leito cl\u00ednico e 32 em UTI (Unidade de Terapia Intensiva). A taxa de ocupa\u00e7\u00e3o das UTIs est\u00e1 em 83% no Haoc e continua em 100% no Hospital Santa Ign\u00eas, da rede privada.<\/p>\n<p>Itu tamb\u00e9m teve nova morte, totalizando 46 \u00f3bitos por covid. Trata-se de um homem de 81 anos, sem hist\u00f3rico de doen\u00e7as cr\u00f4nicas. A Secretaria Municipal de Sa\u00fade informou ainda que foram acrescentados 16 novos infectados, somando 984 casos confirmados, 817 curados e 132 aguardando resultados. H\u00e1 23 pacientes internados em leito cl\u00ednico e 12 em UTI. A cidade ainda tem 2 mortes suspeitas. A taxa de ocupa\u00e7\u00e3o das UTIs est\u00e1 em 75% no Hospital Municipal e 33,33% no Hospital de Campanha.<\/p>\n<p>Salto registrou mais 2 mortes por covid nesta quarta-feira: um paciente de 73 anos, estava internado em S\u00e3o Paulo, mas era saltense; e uma mulher, 58 anos, hospitalizada na rede particular. Foram confirmados mais 11 casos positivos, totalizando 426, sendo que 18 morreram, 361 evolu\u00edram para cura, 13 seguem internados (sendo 2 em UTI) e 34 est\u00e3o em isolamento domiciliar. H\u00e1 36 casos que aguardam resultados. Destes, 13 est\u00e3o em isolamento domiciliar e 16 em interna\u00e7\u00e3o cl\u00ednica (sendo 3 em UTI). A taxa de ocupa\u00e7\u00e3o para os doentes de covid no Hospital Municipal est\u00e1 em 83% na UTI e 50% em leito cl\u00ednico. O governo do Estado anunciou na segunda-feira que Salto receber\u00e1 11 respiradores nos pr\u00f3ximos dias.<\/p>\n<p>&nbsp;<\/p>\n<p>foto: BIRF<\/p>\n","protected":false},"excerpt":{"rendered":"<p>Ap\u00f3s um dia sem mortes por covid, Indaiatuba tem 3 perdas em 24h; Salto, 2 e Itu, 1; Veja a atualiza\u00e7\u00e3o da pandemia na regi\u00e3o &nbsp; Ap\u00f3s um dia sem mortes por covid, a Prefeitura de Indaiatuba confirmou nesta quarta-feira (15), mais 3 \u00f3bitos e o total foi a 95. Todas ocorreram no Haoc (Hospital [&hellip;]<\/p>\n","protected":false},"author":1,"featured_media":22504,"comment_status":"closed","ping_status":"closed","sticky":false,"template":"","format":"standard","meta":{"_acf_changed":false,"ngg_post_thumbnail":0,"_joinchat":[],"footnotes":""},"categories":[449,8],"tags":[525],"class_list":["post-22882","post","type-post","status-publish","format-standard","has-post-thumbnail","hentry","category-destaque-lateral","category-saude-e-beleza","tag-saude-e-beleza"],"acf":[],"yoast_head":"<!-- This site is optimized with the Yoast SEO plugin v27.4 - https:\/\/yoast.com\/product\/yoast-seo-wordpress\/ -->\n<title>Indaiatuba, Itu e Salto somam 6 mortes por covid em 24h - Revista Regional<\/title>\n<meta name=\"robots\" content=\"index, follow, max-snippet:-1, max-image-preview:large, max-video-preview:-1\" \/>\n<link rel=\"canonical\" href=\"https:\/\/revistaregional.com.br\/site\/2020\/07\/15\/indaiatuba-itu-e-salto-somam-6-mortes-por-covid-em-24h\/\" \/>\n<meta property=\"og:locale\" content=\"pt_BR\" \/>\n<meta property=\"og:type\" content=\"article\" \/>\n<meta property=\"og:title\" content=\"Indaiatuba, Itu e Salto somam 6 mortes por covid em 24h - Revista Regional\" \/>\n<meta property=\"og:description\" content=\"Ap\u00f3s um dia sem mortes por covid, Indaiatuba tem 3 perdas em 24h; Salto, 2 e Itu, 1; Veja a atualiza\u00e7\u00e3o da pandemia na regi\u00e3o &nbsp; Ap\u00f3s um dia sem mortes por covid, a Prefeitura de Indaiatuba confirmou nesta quarta-feira (15), mais 3 \u00f3bitos e o total foi a 95. Todas ocorreram no Haoc (Hospital [&hellip;]\" \/>\n<meta property=\"og:url\" content=\"https:\/\/revistaregional.com.br\/site\/2020\/07\/15\/indaiatuba-itu-e-salto-somam-6-mortes-por-covid-em-24h\/\" \/>\n<meta property=\"og:site_name\" content=\"Revista Regional\" \/>\n<meta property=\"article:published_time\" content=\"2020-07-15T20:41:01+00:00\" \/>\n<meta property=\"article:modified_time\" content=\"2024-01-26T12:32:27+00:00\" \/>\n<meta property=\"og:image\" content=\"https:\/\/revistaregional.com.br\/site\/wp-content\/uploads\/2020\/05\/app-28.jpg\" \/>\n\t<meta property=\"og:image:width\" content=\"600\" \/>\n\t<meta property=\"og:image:height\" content=\"400\" \/>\n\t<meta property=\"og:image:type\" content=\"image\/jpeg\" \/>\n<meta name=\"author\" content=\"contato@revistaregional.com.br\" \/>\n<meta name=\"twitter:card\" content=\"summary_large_image\" \/>\n<meta name=\"twitter:label1\" content=\"Escrito por\" \/>\n\t<meta name=\"twitter:data1\" content=\"contato@revistaregional.com.br\" \/>\n\t<meta name=\"twitter:label2\" content=\"Est. tempo de leitura\" \/>\n\t<meta name=\"twitter:data2\" content=\"2 minutos\" \/>\n<script type=\"application\/ld+json\" class=\"yoast-schema-graph\">{\"@context\":\"https:\\\/\\\/schema.org\",\"@graph\":[{\"@type\":\"Article\",\"@id\":\"https:\\\/\\\/revistaregional.com.br\\\/site\\\/2020\\\/07\\\/15\\\/indaiatuba-itu-e-salto-somam-6-mortes-por-covid-em-24h\\\/#article\",\"isPartOf\":{\"@id\":\"https:\\\/\\\/revistaregional.com.br\\\/site\\\/2020\\\/07\\\/15\\\/indaiatuba-itu-e-salto-somam-6-mortes-por-covid-em-24h\\\/\"},\"author\":{\"name\":\"contato@revistaregional.com.br\",\"@id\":\"https:\\\/\\\/revistaregional.com.br\\\/site\\\/#\\\/schema\\\/person\\\/382af97c580dc1b18f55107bc316010d\"},\"headline\":\"Indaiatuba, Itu e Salto somam 6 mortes por covid em 24h\",\"datePublished\":\"2020-07-15T20:41:01+00:00\",\"dateModified\":\"2024-01-26T12:32:27+00:00\",\"mainEntityOfPage\":{\"@id\":\"https:\\\/\\\/revistaregional.com.br\\\/site\\\/2020\\\/07\\\/15\\\/indaiatuba-itu-e-salto-somam-6-mortes-por-covid-em-24h\\\/\"},\"wordCount\":381,\"image\":{\"@id\":\"https:\\\/\\\/revistaregional.com.br\\\/site\\\/2020\\\/07\\\/15\\\/indaiatuba-itu-e-salto-somam-6-mortes-por-covid-em-24h\\\/#primaryimage\"},\"thumbnailUrl\":\"https:\\\/\\\/revistaregional.com.br\\\/site\\\/wp-content\\\/uploads\\\/2020\\\/05\\\/app-28.jpg\",\"keywords\":[\"Sa\u00fade e Beleza\"],\"articleSection\":[\"Destaque Lateral\",\"Sa\u00fade e Beleza\"],\"inLanguage\":\"pt-BR\"},{\"@type\":\"WebPage\",\"@id\":\"https:\\\/\\\/revistaregional.com.br\\\/site\\\/2020\\\/07\\\/15\\\/indaiatuba-itu-e-salto-somam-6-mortes-por-covid-em-24h\\\/\",\"url\":\"https:\\\/\\\/revistaregional.com.br\\\/site\\\/2020\\\/07\\\/15\\\/indaiatuba-itu-e-salto-somam-6-mortes-por-covid-em-24h\\\/\",\"name\":\"Indaiatuba, Itu e Salto somam 6 mortes por covid em 24h - Revista Regional\",\"isPartOf\":{\"@id\":\"https:\\\/\\\/revistaregional.com.br\\\/site\\\/#website\"},\"primaryImageOfPage\":{\"@id\":\"https:\\\/\\\/revistaregional.com.br\\\/site\\\/2020\\\/07\\\/15\\\/indaiatuba-itu-e-salto-somam-6-mortes-por-covid-em-24h\\\/#primaryimage\"},\"image\":{\"@id\":\"https:\\\/\\\/revistaregional.com.br\\\/site\\\/2020\\\/07\\\/15\\\/indaiatuba-itu-e-salto-somam-6-mortes-por-covid-em-24h\\\/#primaryimage\"},\"thumbnailUrl\":\"https:\\\/\\\/revistaregional.com.br\\\/site\\\/wp-content\\\/uploads\\\/2020\\\/05\\\/app-28.jpg\",\"datePublished\":\"2020-07-15T20:41:01+00:00\",\"dateModified\":\"2024-01-26T12:32:27+00:00\",\"author\":{\"@id\":\"https:\\\/\\\/revistaregional.com.br\\\/site\\\/#\\\/schema\\\/person\\\/382af97c580dc1b18f55107bc316010d\"},\"breadcrumb\":{\"@id\":\"https:\\\/\\\/revistaregional.com.br\\\/site\\\/2020\\\/07\\\/15\\\/indaiatuba-itu-e-salto-somam-6-mortes-por-covid-em-24h\\\/#breadcrumb\"},\"inLanguage\":\"pt-BR\",\"potentialAction\":[{\"@type\":\"ReadAction\",\"target\":[\"https:\\\/\\\/revistaregional.com.br\\\/site\\\/2020\\\/07\\\/15\\\/indaiatuba-itu-e-salto-somam-6-mortes-por-covid-em-24h\\\/\"]}]},{\"@type\":\"ImageObject\",\"inLanguage\":\"pt-BR\",\"@id\":\"https:\\\/\\\/revistaregional.com.br\\\/site\\\/2020\\\/07\\\/15\\\/indaiatuba-itu-e-salto-somam-6-mortes-por-covid-em-24h\\\/#primaryimage\",\"url\":\"https:\\\/\\\/revistaregional.com.br\\\/site\\\/wp-content\\\/uploads\\\/2020\\\/05\\\/app-28.jpg\",\"contentUrl\":\"https:\\\/\\\/revistaregional.com.br\\\/site\\\/wp-content\\\/uploads\\\/2020\\\/05\\\/app-28.jpg\",\"width\":600,\"height\":400},{\"@type\":\"BreadcrumbList\",\"@id\":\"https:\\\/\\\/revistaregional.com.br\\\/site\\\/2020\\\/07\\\/15\\\/indaiatuba-itu-e-salto-somam-6-mortes-por-covid-em-24h\\\/#breadcrumb\",\"itemListElement\":[{\"@type\":\"ListItem\",\"position\":1,\"name\":\"In\u00edcio\",\"item\":\"https:\\\/\\\/revistaregional.com.br\\\/site\\\/\"},{\"@type\":\"ListItem\",\"position\":2,\"name\":\"Indaiatuba, Itu e Salto somam 6 mortes por covid em 24h\"}]},{\"@type\":\"WebSite\",\"@id\":\"https:\\\/\\\/revistaregional.com.br\\\/site\\\/#website\",\"url\":\"https:\\\/\\\/revistaregional.com.br\\\/site\\\/\",\"name\":\"Revista Regional\",\"description\":\"Salto - Itu - Indaituba\",\"potentialAction\":[{\"@type\":\"SearchAction\",\"target\":{\"@type\":\"EntryPoint\",\"urlTemplate\":\"https:\\\/\\\/revistaregional.com.br\\\/site\\\/?s={search_term_string}\"},\"query-input\":{\"@type\":\"PropertyValueSpecification\",\"valueRequired\":true,\"valueName\":\"search_term_string\"}}],\"inLanguage\":\"pt-BR\"},{\"@type\":\"Person\",\"@id\":\"https:\\\/\\\/revistaregional.com.br\\\/site\\\/#\\\/schema\\\/person\\\/382af97c580dc1b18f55107bc316010d\",\"name\":\"contato@revistaregional.com.br\",\"image\":{\"@type\":\"ImageObject\",\"inLanguage\":\"pt-BR\",\"@id\":\"https:\\\/\\\/secure.gravatar.com\\\/avatar\\\/869822917e96b2e292d5827e4635855396934485e7c4a0af84e9a214e32ca0cd?s=96&d=mm&r=g\",\"url\":\"https:\\\/\\\/secure.gravatar.com\\\/avatar\\\/869822917e96b2e292d5827e4635855396934485e7c4a0af84e9a214e32ca0cd?s=96&d=mm&r=g\",\"contentUrl\":\"https:\\\/\\\/secure.gravatar.com\\\/avatar\\\/869822917e96b2e292d5827e4635855396934485e7c4a0af84e9a214e32ca0cd?s=96&d=mm&r=g\",\"caption\":\"contato@revistaregional.com.br\"},\"url\":\"https:\\\/\\\/revistaregional.com.br\\\/site\\\/author\\\/contato@revistaregional.com.br\\\/\"}]}<\/script>\n<!-- \/ Yoast SEO plugin. -->","yoast_head_json":{"title":"Indaiatuba, Itu e Salto somam 6 mortes por covid em 24h - Revista Regional","robots":{"index":"index","follow":"follow","max-snippet":"max-snippet:-1","max-image-preview":"max-image-preview:large","max-video-preview":"max-video-preview:-1"},"canonical":"https:\/\/revistaregional.com.br\/site\/2020\/07\/15\/indaiatuba-itu-e-salto-somam-6-mortes-por-covid-em-24h\/","og_locale":"pt_BR","og_type":"article","og_title":"Indaiatuba, Itu e Salto somam 6 mortes por covid em 24h - Revista Regional","og_description":"Ap\u00f3s um dia sem mortes por covid, Indaiatuba tem 3 perdas em 24h; Salto, 2 e Itu, 1; Veja a atualiza\u00e7\u00e3o da pandemia na regi\u00e3o &nbsp; Ap\u00f3s um dia sem mortes por covid, a Prefeitura de Indaiatuba confirmou nesta quarta-feira (15), mais 3 \u00f3bitos e o total foi a 95. Todas ocorreram no Haoc (Hospital [&hellip;]","og_url":"https:\/\/revistaregional.com.br\/site\/2020\/07\/15\/indaiatuba-itu-e-salto-somam-6-mortes-por-covid-em-24h\/","og_site_name":"Revista Regional","article_published_time":"2020-07-15T20:41:01+00:00","article_modified_time":"2024-01-26T12:32:27+00:00","og_image":[{"width":600,"height":400,"url":"https:\/\/revistaregional.com.br\/site\/wp-content\/uploads\/2020\/05\/app-28.jpg","type":"image\/jpeg"}],"author":"contato@revistaregional.com.br","twitter_card":"summary_large_image","twitter_misc":{"Escrito por":"contato@revistaregional.com.br","Est. tempo de leitura":"2 minutos"},"schema":{"@context":"https:\/\/schema.org","@graph":[{"@type":"Article","@id":"https:\/\/revistaregional.com.br\/site\/2020\/07\/15\/indaiatuba-itu-e-salto-somam-6-mortes-por-covid-em-24h\/#article","isPartOf":{"@id":"https:\/\/revistaregional.com.br\/site\/2020\/07\/15\/indaiatuba-itu-e-salto-somam-6-mortes-por-covid-em-24h\/"},"author":{"name":"contato@revistaregional.com.br","@id":"https:\/\/revistaregional.com.br\/site\/#\/schema\/person\/382af97c580dc1b18f55107bc316010d"},"headline":"Indaiatuba, Itu e Salto somam 6 mortes por covid em 24h","datePublished":"2020-07-15T20:41:01+00:00","dateModified":"2024-01-26T12:32:27+00:00","mainEntityOfPage":{"@id":"https:\/\/revistaregional.com.br\/site\/2020\/07\/15\/indaiatuba-itu-e-salto-somam-6-mortes-por-covid-em-24h\/"},"wordCount":381,"image":{"@id":"https:\/\/revistaregional.com.br\/site\/2020\/07\/15\/indaiatuba-itu-e-salto-somam-6-mortes-por-covid-em-24h\/#primaryimage"},"thumbnailUrl":"https:\/\/revistaregional.com.br\/site\/wp-content\/uploads\/2020\/05\/app-28.jpg","keywords":["Sa\u00fade e Beleza"],"articleSection":["Destaque Lateral","Sa\u00fade e Beleza"],"inLanguage":"pt-BR"},{"@type":"WebPage","@id":"https:\/\/revistaregional.com.br\/site\/2020\/07\/15\/indaiatuba-itu-e-salto-somam-6-mortes-por-covid-em-24h\/","url":"https:\/\/revistaregional.com.br\/site\/2020\/07\/15\/indaiatuba-itu-e-salto-somam-6-mortes-por-covid-em-24h\/","name":"Indaiatuba, Itu e Salto somam 6 mortes por covid em 24h - Revista Regional","isPartOf":{"@id":"https:\/\/revistaregional.com.br\/site\/#website"},"primaryImageOfPage":{"@id":"https:\/\/revistaregional.com.br\/site\/2020\/07\/15\/indaiatuba-itu-e-salto-somam-6-mortes-por-covid-em-24h\/#primaryimage"},"image":{"@id":"https:\/\/revistaregional.com.br\/site\/2020\/07\/15\/indaiatuba-itu-e-salto-somam-6-mortes-por-covid-em-24h\/#primaryimage"},"thumbnailUrl":"https:\/\/revistaregional.com.br\/site\/wp-content\/uploads\/2020\/05\/app-28.jpg","datePublished":"2020-07-15T20:41:01+00:00","dateModified":"2024-01-26T12:32:27+00:00","author":{"@id":"https:\/\/revistaregional.com.br\/site\/#\/schema\/person\/382af97c580dc1b18f55107bc316010d"},"breadcrumb":{"@id":"https:\/\/revistaregional.com.br\/site\/2020\/07\/15\/indaiatuba-itu-e-salto-somam-6-mortes-por-covid-em-24h\/#breadcrumb"},"inLanguage":"pt-BR","potentialAction":[{"@type":"ReadAction","target":["https:\/\/revistaregional.com.br\/site\/2020\/07\/15\/indaiatuba-itu-e-salto-somam-6-mortes-por-covid-em-24h\/"]}]},{"@type":"ImageObject","inLanguage":"pt-BR","@id":"https:\/\/revistaregional.com.br\/site\/2020\/07\/15\/indaiatuba-itu-e-salto-somam-6-mortes-por-covid-em-24h\/#primaryimage","url":"https:\/\/revistaregional.com.br\/site\/wp-content\/uploads\/2020\/05\/app-28.jpg","contentUrl":"https:\/\/revistaregional.com.br\/site\/wp-content\/uploads\/2020\/05\/app-28.jpg","width":600,"height":400},{"@type":"BreadcrumbList","@id":"https:\/\/revistaregional.com.br\/site\/2020\/07\/15\/indaiatuba-itu-e-salto-somam-6-mortes-por-covid-em-24h\/#breadcrumb","itemListElement":[{"@type":"ListItem","position":1,"name":"In\u00edcio","item":"https:\/\/revistaregional.com.br\/site\/"},{"@type":"ListItem","position":2,"name":"Indaiatuba, Itu e Salto somam 6 mortes por covid em 24h"}]},{"@type":"WebSite","@id":"https:\/\/revistaregional.com.br\/site\/#website","url":"https:\/\/revistaregional.com.br\/site\/","name":"Revista Regional","description":"Salto - Itu - Indaituba","potentialAction":[{"@type":"SearchAction","target":{"@type":"EntryPoint","urlTemplate":"https:\/\/revistaregional.com.br\/site\/?s={search_term_string}"},"query-input":{"@type":"PropertyValueSpecification","valueRequired":true,"valueName":"search_term_string"}}],"inLanguage":"pt-BR"},{"@type":"Person","@id":"https:\/\/revistaregional.com.br\/site\/#\/schema\/person\/382af97c580dc1b18f55107bc316010d","name":"contato@revistaregional.com.br","image":{"@type":"ImageObject","inLanguage":"pt-BR","@id":"https:\/\/secure.gravatar.com\/avatar\/869822917e96b2e292d5827e4635855396934485e7c4a0af84e9a214e32ca0cd?s=96&d=mm&r=g","url":"https:\/\/secure.gravatar.com\/avatar\/869822917e96b2e292d5827e4635855396934485e7c4a0af84e9a214e32ca0cd?s=96&d=mm&r=g","contentUrl":"https:\/\/secure.gravatar.com\/avatar\/869822917e96b2e292d5827e4635855396934485e7c4a0af84e9a214e32ca0cd?s=96&d=mm&r=g","caption":"contato@revistaregional.com.br"},"url":"https:\/\/revistaregional.com.br\/site\/author\/contato@revistaregional.com.br\/"}]}},"views":98,"_links":{"self":[{"href":"https:\/\/revistaregional.com.br\/site\/wp-json\/wp\/v2\/posts\/22882","targetHints":{"allow":["GET"]}}],"collection":[{"href":"https:\/\/revistaregional.com.br\/site\/wp-json\/wp\/v2\/posts"}],"about":[{"href":"https:\/\/revistaregional.com.br\/site\/wp-json\/wp\/v2\/types\/post"}],"author":[{"embeddable":true,"href":"https:\/\/revistaregional.com.br\/site\/wp-json\/wp\/v2\/users\/1"}],"replies":[{"embeddable":true,"href":"https:\/\/revistaregional.com.br\/site\/wp-json\/wp\/v2\/comments?post=22882"}],"version-history":[{"count":1,"href":"https:\/\/revistaregional.com.br\/site\/wp-json\/wp\/v2\/posts\/22882\/revisions"}],"predecessor-version":[{"id":22883,"href":"https:\/\/revistaregional.com.br\/site\/wp-json\/wp\/v2\/posts\/22882\/revisions\/22883"}],"wp:featuredmedia":[{"embeddable":true,"href":"https:\/\/revistaregional.com.br\/site\/wp-json\/wp\/v2\/media\/22504"}],"wp:attachment":[{"href":"https:\/\/revistaregional.com.br\/site\/wp-json\/wp\/v2\/media?parent=22882"}],"wp:term":[{"taxonomy":"category","embeddable":true,"href":"https:\/\/revistaregional.com.br\/site\/wp-json\/wp\/v2\/categories?post=22882"},{"taxonomy":"post_tag","embeddable":true,"href":"https:\/\/revistaregional.com.br\/site\/wp-json\/wp\/v2\/tags?post=22882"}],"curies":[{"name":"wp","href":"https:\/\/api.w.org\/{rel}","templated":true}]}}