{"id":22864,"date":"2020-07-13T18:44:16","date_gmt":"2020-07-13T21:44:16","guid":{"rendered":"https:\/\/revistaregional.com.br\/site\/?p=22864"},"modified":"2024-01-26T09:29:31","modified_gmt":"2024-01-26T12:29:31","slug":"indaiatuba-tem-7-novas-mortes-por-covid-salto-2-itu-1-sp-seleciona-voluntarios-para-vacina","status":"publish","type":"post","link":"https:\/\/revistaregional.com.br\/site\/2020\/07\/13\/indaiatuba-tem-7-novas-mortes-por-covid-salto-2-itu-1-sp-seleciona-voluntarios-para-vacina\/","title":{"rendered":"Indaiatuba tem 7 novas mortes por covid; Salto, 2; Itu, 1; SP seleciona volunt\u00e1rios para vacina"},"content":{"rendered":"<figure id=\"attachment_22866\" aria-describedby=\"caption-attachment-22866\" style=\"width: 427px\" class=\"wp-caption alignright\"><img fetchpriority=\"high\" decoding=\"async\" class=\"wp-image-22866\" src=\"https:\/\/revistaregional.com.br\/site\/wp-content\/uploads\/2020\/07\/app-13-julho-1024x576.jpg\" alt=\"\" width=\"427\" height=\"240\" data-id=\"22866\" srcset=\"https:\/\/revistaregional.com.br\/site\/wp-content\/uploads\/2020\/07\/app-13-julho-1024x576.jpg 1024w, https:\/\/revistaregional.com.br\/site\/wp-content\/uploads\/2020\/07\/app-13-julho-300x169.jpg 300w, https:\/\/revistaregional.com.br\/site\/wp-content\/uploads\/2020\/07\/app-13-julho-1536x864.jpg 1536w, https:\/\/revistaregional.com.br\/site\/wp-content\/uploads\/2020\/07\/app-13-julho-150x84.jpg 150w, https:\/\/revistaregional.com.br\/site\/wp-content\/uploads\/2020\/07\/app-13-julho.jpg 1920w\" sizes=\"(max-width: 427px) 100vw, 427px\" \/><figcaption id=\"caption-attachment-22866\" class=\"wp-caption-text\">Pandemia ainda cresce no Interior, com novos casos e \u00f3bitos tamb\u00e9m na regi\u00e3o<\/figcaption><\/figure>\n<p><strong><em>Indaiatuba atingiu 92 \u00f3bitos e 2.623 casos; Salto teve 2 mortes no final de semana e Itu, 1; Em S\u00e3o Paulo, governo iniciar\u00e1 triagem de volunt\u00e1rios para teste de vacina contra o novo coronav\u00edrus<\/em><\/strong><\/p>\n<p>Todas as cidades da \u00e1rea de cobertura da Revista Regional registraram mortes por covid no final de semana. Indaiatuba, que desde junho vem, diariamente, relatando v\u00edtimas fatais da pandemia, somou mais 7 no per\u00edodo de s\u00e1bado at\u00e9 esta segunda, dia 13.<\/p>\n<p>No s\u00e1bado, 11, faleceu um paciente de 74 anos, internado desde o dia 26 de junho no Haoc (Hospital Augusto Oliveira de Camargo);aHaH H possu\u00eda neoplasia, hipertens\u00e3o e diabetes. No domingo, outras duas mortes, tamb\u00e9m no Haoc: uma paciente de 95 anos, internada desde o dia 03 na UPA (Unidade de Pronto Atendimento) e sendo transferida para o Haoc no dia 04, tinha comorbidades como hipertens\u00e3o e Alzheimer; e outra mulher, 77 anos, hospitalizada em 20 de junho, apresentava hipertens\u00e3o, doen\u00e7a respirat\u00f3ria e obesidade.<\/p>\n<p>Nesta segunda-feira, foram mais 4 \u00f3bitos: um homem de 92 anos, internado desde o dia 11 no Haoc, tinha hipertens\u00e3o e c\u00e2ncer; uma paciente de 79 anos, hospitalizada desde o dia 05, tamb\u00e9m com hist\u00f3rico de hipertens\u00e3o, al\u00e9m de diabetes; outro homem, este com 75 anos, internado em 08 de julho, tinha comorbidades; e mais uma mulher de 68, hospitalizada dia 07, possu\u00eda doen\u00e7a metab\u00f3lica cr\u00f4nica.<\/p>\n<p>De s\u00e1bado at\u00e9 esta segunda, a cidade confirmou 127 novos infectados, totalizando 2.623 casos, sendo que 92 morreram; 2.480 s\u00e3o considerados curados ou ainda est\u00e3o em tratamento domiciliar e 51 confirmados est\u00e3o internados. Ainda h\u00e1 outros 360 casos suspeitos aguardando resultado. Indaiatuba est\u00e1 \u00e0 frente de Itu e Salto na testagem da popula\u00e7\u00e3o. Foram aplicados 14.310 testes at\u00e9 agora. Atualmente h\u00e1 51 pessoas internadas em leito cl\u00ednico e 32 em UTI (Unidade de Terapia Intensiva). A taxa de ocupa\u00e7\u00e3o das UTIs continua alta, chegando ao seu limite no Hospital Santa Ign\u00eas, que \u00e9 da rede privada, e 83% no Haoc.<\/p>\n<p>Em Itu, de quinta-feira, data do \u00faltimo boletim enviado \u00e0 imprensa, at\u00e9 esta segunda-feira, foram confirmados 57 novos infectados, totalizando 935 casos confirmados. A cidade tamb\u00e9m teve uma morte no fim de semana: paciente de 85 anos com doen\u00e7as pr\u00e9-existentes. O total de \u00f3bitos foi a 44, com outros 3 sob suspeita. H\u00e1 752 recuperados e 100 testados que aguardam resultados. Itu possui 26 pacientes internados e 13 em UTI. A taxa de ocupa\u00e7\u00e3o das UTIs neste dia 13 de julho est\u00e1 em 75% no Hospital Municipal e 50% no Hospital de Campanha.<\/p>\n<p>Salto tamb\u00e9m teve novas mortes por covid no final de semana. Foram 2: um homem, de 87 anos, e uma mulher, de 82 anos;&nbsp;ambos estavam internados no Hospital Municipal Nossa Senhora do Monte Serrat. De sexta-feira at\u00e9 esta segunda, foram confirmados 14 novos infectados, sendo 3 crian\u00e7as de 2 a 4 anos. Com isso, a cidade contabiliza 393 casos positivos de covid-19; sendo que 15 morreram, 322 evolu\u00edram para cura, 14 seguem internados (sendo 3 em UTI) e 42 est\u00e3o em isolamento domiciliar. H\u00e1 outros 30 testados que aguardam resultados. Destes, 4 suspeitos est\u00e3o em isolamento domiciliar, 9 em interna\u00e7\u00e3o cl\u00ednica (sendo 3 em UTI) e h\u00e1 1 \u00f3bito suspeito de covid-19. A taxa de ocupa\u00e7\u00e3o da UTI do Hospital Municipal est\u00e1 em 66%.<\/p>\n<p><strong>VOLUNT\u00c1RIOS PARA TESTE DE VACINA<\/strong><\/p>\n<p>O governo do Estado anunciou nesta segunda-feira, 13, o lan\u00e7amento da plataforma, pelo Instituto Butantan, para a triagem de volunt\u00e1rios no estudo de efic\u00e1cia e seguran\u00e7a da vacina contra o coronav\u00edrus. A iniciativa \u00e9 resultado de parceria com a farmac\u00eautica chinesa Sinovac Life Science, parte do grupo Sinovac Biotech. Poder\u00e3o se candidatar profissionais de sa\u00fade que trabalhem no atendimento a pacientes com covid-19.<\/p>\n<p>Os testes ser\u00e3o realizados em cinco estados e no Distrito Federal. Por meio do portal <a href=\"https:\/\/www.saopaulo.sp.gov.br\/coronavirus\/vacina\">https:\/\/www.saopaulo.sp.gov.br\/coronavirus\/vacina<\/a> , ser\u00e1 poss\u00edvel acessar a plataforma de triagem para saber se o candidato corresponde aos crit\u00e9rios de recrutamento. O cadastramento nos centros de pesquisa participantes come\u00e7a a partir desta ter\u00e7a-feira, 14 de julho.<\/p>\n<p>A nova plataforma permite que o volunt\u00e1rio interessado responda a algumas perguntas iniciais para saber se tem o perfil necess\u00e1rio para participar dos testes. Ap\u00f3s esta etapa, ser\u00e3o informados os endere\u00e7os dos centros de pesquisa que devem ser procurados para, enfim, iniciarem todos os processos necess\u00e1rios para confirmar a participa\u00e7\u00e3o. Cada centro ficar\u00e1 respons\u00e1vel pelas informa\u00e7\u00f5es coletadas dos volunt\u00e1rios, que ser\u00e3o sigilosas.<\/p>\n<p>Dentre os crit\u00e9rios para a sele\u00e7\u00e3o dos volunt\u00e1rios, est\u00e3o tamb\u00e9m n\u00e3o ter sofrido infec\u00e7\u00e3o provocada pelo novo coronav\u00edrus, n\u00e3o ter participado de outros estudos e as mulheres n\u00e3o poder\u00e3o estar gr\u00e1vidas ou estarem planejando uma gravidez nos pr\u00f3ximos tr\u00eas meses. Outra restri\u00e7\u00e3o \u00e9 n\u00e3o ter doen\u00e7as inst\u00e1veis ou que precisem de medica\u00e7\u00f5es que alterem a resposta imune.<\/p>\n<p>O processo de testagem se inicia em 20 de julho nos centros de pesquisa. Na capital paulista, s\u00e3o tr\u00eas centros selecionados: o Hospital das Cl\u00ednicas da Faculdade de Medicina da Universidade de S\u00e3o Paul (HCFMUSP), o Instituto de Infectologia Em\u00edlio Ribas e o Hospital Israelita Albert Einstein. Ainda no Estado de S\u00e3o Paulo, participar\u00e3o a Universidade Municipal de S\u00e3o Caetano do Sul, o Hospital das Cl\u00ednicas da Unicamp (Campinas), a Faculdade de Medicina de S\u00e3o Jos\u00e9 do Rio Preto e o Hospital das Cl\u00ednicas da Faculdade de Medicina da USP de Ribeir\u00e3o Preto.<\/p>\n<p>As pesquisas ser\u00e3o realizadas, ainda, na Universidade de Bras\u00edlia (UnB); no Instituto Nacional de Infectologia Evandro Chagas, no Rio de Janeiro; no Centro de Pesquisa e Desenvolvimento de F\u00e1rmacos da Universidade Federal de Minas Gerais; no Hospital S\u00e3o Lucas da PUC do Rio Grande do Sul e no Hospital das Cl\u00ednicas da Universidade Federal do Paran\u00e1.<\/p>\n<p>&nbsp;<\/p>\n<p>&nbsp;<\/p>\n<p>Foto: BIRF<\/p>\n<p>&nbsp;<\/p>\n","protected":false},"excerpt":{"rendered":"<p>Indaiatuba atingiu 92 \u00f3bitos e 2.623 casos; Salto teve 2 mortes no final de semana e Itu, 1; Em S\u00e3o Paulo, governo iniciar\u00e1 triagem de volunt\u00e1rios para teste de vacina contra o novo coronav\u00edrus Todas as cidades da \u00e1rea de cobertura da Revista Regional registraram mortes por covid no final de semana. Indaiatuba, que desde [&hellip;]<\/p>\n","protected":false},"author":1,"featured_media":22866,"comment_status":"closed","ping_status":"closed","sticky":false,"template":"","format":"standard","meta":{"_acf_changed":false,"ngg_post_thumbnail":0,"_joinchat":[],"footnotes":""},"categories":[449,8],"tags":[525],"class_list":["post-22864","post","type-post","status-publish","format-standard","has-post-thumbnail","hentry","category-destaque-lateral","category-saude-e-beleza","tag-saude-e-beleza"],"acf":[],"yoast_head":"<!-- This site is optimized with the Yoast SEO plugin v27.4 - https:\/\/yoast.com\/product\/yoast-seo-wordpress\/ -->\n<title>Indaiatuba tem 7 novas mortes por covid; Salto, 2; Itu, 1; SP seleciona volunt\u00e1rios para vacina - Revista Regional<\/title>\n<meta name=\"robots\" content=\"index, follow, max-snippet:-1, max-image-preview:large, max-video-preview:-1\" \/>\n<link rel=\"canonical\" href=\"https:\/\/revistaregional.com.br\/site\/2020\/07\/13\/indaiatuba-tem-7-novas-mortes-por-covid-salto-2-itu-1-sp-seleciona-voluntarios-para-vacina\/\" \/>\n<meta property=\"og:locale\" content=\"pt_BR\" \/>\n<meta property=\"og:type\" content=\"article\" \/>\n<meta property=\"og:title\" content=\"Indaiatuba tem 7 novas mortes por covid; Salto, 2; Itu, 1; SP seleciona volunt\u00e1rios para vacina - Revista Regional\" \/>\n<meta property=\"og:description\" content=\"Indaiatuba atingiu 92 \u00f3bitos e 2.623 casos; Salto teve 2 mortes no final de semana e Itu, 1; Em S\u00e3o Paulo, governo iniciar\u00e1 triagem de volunt\u00e1rios para teste de vacina contra o novo coronav\u00edrus Todas as cidades da \u00e1rea de cobertura da Revista Regional registraram mortes por covid no final de semana. Indaiatuba, que desde [&hellip;]\" \/>\n<meta property=\"og:url\" content=\"https:\/\/revistaregional.com.br\/site\/2020\/07\/13\/indaiatuba-tem-7-novas-mortes-por-covid-salto-2-itu-1-sp-seleciona-voluntarios-para-vacina\/\" \/>\n<meta property=\"og:site_name\" content=\"Revista Regional\" \/>\n<meta property=\"article:published_time\" content=\"2020-07-13T21:44:16+00:00\" \/>\n<meta property=\"article:modified_time\" content=\"2024-01-26T12:29:31+00:00\" \/>\n<meta property=\"og:image\" content=\"https:\/\/revistaregional.com.br\/site\/wp-content\/uploads\/2020\/07\/app-13-julho.jpg\" \/>\n\t<meta property=\"og:image:width\" content=\"1920\" \/>\n\t<meta property=\"og:image:height\" content=\"1080\" \/>\n\t<meta property=\"og:image:type\" content=\"image\/jpeg\" \/>\n<meta name=\"author\" content=\"contato@revistaregional.com.br\" \/>\n<meta name=\"twitter:card\" content=\"summary_large_image\" \/>\n<meta name=\"twitter:label1\" content=\"Escrito por\" \/>\n\t<meta name=\"twitter:data1\" content=\"contato@revistaregional.com.br\" \/>\n\t<meta name=\"twitter:label2\" content=\"Est. tempo de leitura\" \/>\n\t<meta name=\"twitter:data2\" content=\"5 minutos\" \/>\n<script type=\"application\/ld+json\" class=\"yoast-schema-graph\">{\"@context\":\"https:\\\/\\\/schema.org\",\"@graph\":[{\"@type\":\"Article\",\"@id\":\"https:\\\/\\\/revistaregional.com.br\\\/site\\\/2020\\\/07\\\/13\\\/indaiatuba-tem-7-novas-mortes-por-covid-salto-2-itu-1-sp-seleciona-voluntarios-para-vacina\\\/#article\",\"isPartOf\":{\"@id\":\"https:\\\/\\\/revistaregional.com.br\\\/site\\\/2020\\\/07\\\/13\\\/indaiatuba-tem-7-novas-mortes-por-covid-salto-2-itu-1-sp-seleciona-voluntarios-para-vacina\\\/\"},\"author\":{\"name\":\"contato@revistaregional.com.br\",\"@id\":\"https:\\\/\\\/revistaregional.com.br\\\/site\\\/#\\\/schema\\\/person\\\/382af97c580dc1b18f55107bc316010d\"},\"headline\":\"Indaiatuba tem 7 novas mortes por covid; Salto, 2; Itu, 1; SP seleciona volunt\u00e1rios para vacina\",\"datePublished\":\"2020-07-13T21:44:16+00:00\",\"dateModified\":\"2024-01-26T12:29:31+00:00\",\"mainEntityOfPage\":{\"@id\":\"https:\\\/\\\/revistaregional.com.br\\\/site\\\/2020\\\/07\\\/13\\\/indaiatuba-tem-7-novas-mortes-por-covid-salto-2-itu-1-sp-seleciona-voluntarios-para-vacina\\\/\"},\"wordCount\":1010,\"image\":{\"@id\":\"https:\\\/\\\/revistaregional.com.br\\\/site\\\/2020\\\/07\\\/13\\\/indaiatuba-tem-7-novas-mortes-por-covid-salto-2-itu-1-sp-seleciona-voluntarios-para-vacina\\\/#primaryimage\"},\"thumbnailUrl\":\"https:\\\/\\\/revistaregional.com.br\\\/site\\\/wp-content\\\/uploads\\\/2020\\\/07\\\/app-13-julho.jpg\",\"keywords\":[\"Sa\u00fade e Beleza\"],\"articleSection\":[\"Destaque Lateral\",\"Sa\u00fade e Beleza\"],\"inLanguage\":\"pt-BR\"},{\"@type\":\"WebPage\",\"@id\":\"https:\\\/\\\/revistaregional.com.br\\\/site\\\/2020\\\/07\\\/13\\\/indaiatuba-tem-7-novas-mortes-por-covid-salto-2-itu-1-sp-seleciona-voluntarios-para-vacina\\\/\",\"url\":\"https:\\\/\\\/revistaregional.com.br\\\/site\\\/2020\\\/07\\\/13\\\/indaiatuba-tem-7-novas-mortes-por-covid-salto-2-itu-1-sp-seleciona-voluntarios-para-vacina\\\/\",\"name\":\"Indaiatuba tem 7 novas mortes por covid; Salto, 2; Itu, 1; SP seleciona volunt\u00e1rios para vacina - Revista Regional\",\"isPartOf\":{\"@id\":\"https:\\\/\\\/revistaregional.com.br\\\/site\\\/#website\"},\"primaryImageOfPage\":{\"@id\":\"https:\\\/\\\/revistaregional.com.br\\\/site\\\/2020\\\/07\\\/13\\\/indaiatuba-tem-7-novas-mortes-por-covid-salto-2-itu-1-sp-seleciona-voluntarios-para-vacina\\\/#primaryimage\"},\"image\":{\"@id\":\"https:\\\/\\\/revistaregional.com.br\\\/site\\\/2020\\\/07\\\/13\\\/indaiatuba-tem-7-novas-mortes-por-covid-salto-2-itu-1-sp-seleciona-voluntarios-para-vacina\\\/#primaryimage\"},\"thumbnailUrl\":\"https:\\\/\\\/revistaregional.com.br\\\/site\\\/wp-content\\\/uploads\\\/2020\\\/07\\\/app-13-julho.jpg\",\"datePublished\":\"2020-07-13T21:44:16+00:00\",\"dateModified\":\"2024-01-26T12:29:31+00:00\",\"author\":{\"@id\":\"https:\\\/\\\/revistaregional.com.br\\\/site\\\/#\\\/schema\\\/person\\\/382af97c580dc1b18f55107bc316010d\"},\"breadcrumb\":{\"@id\":\"https:\\\/\\\/revistaregional.com.br\\\/site\\\/2020\\\/07\\\/13\\\/indaiatuba-tem-7-novas-mortes-por-covid-salto-2-itu-1-sp-seleciona-voluntarios-para-vacina\\\/#breadcrumb\"},\"inLanguage\":\"pt-BR\",\"potentialAction\":[{\"@type\":\"ReadAction\",\"target\":[\"https:\\\/\\\/revistaregional.com.br\\\/site\\\/2020\\\/07\\\/13\\\/indaiatuba-tem-7-novas-mortes-por-covid-salto-2-itu-1-sp-seleciona-voluntarios-para-vacina\\\/\"]}]},{\"@type\":\"ImageObject\",\"inLanguage\":\"pt-BR\",\"@id\":\"https:\\\/\\\/revistaregional.com.br\\\/site\\\/2020\\\/07\\\/13\\\/indaiatuba-tem-7-novas-mortes-por-covid-salto-2-itu-1-sp-seleciona-voluntarios-para-vacina\\\/#primaryimage\",\"url\":\"https:\\\/\\\/revistaregional.com.br\\\/site\\\/wp-content\\\/uploads\\\/2020\\\/07\\\/app-13-julho.jpg\",\"contentUrl\":\"https:\\\/\\\/revistaregional.com.br\\\/site\\\/wp-content\\\/uploads\\\/2020\\\/07\\\/app-13-julho.jpg\",\"width\":1920,\"height\":1080},{\"@type\":\"BreadcrumbList\",\"@id\":\"https:\\\/\\\/revistaregional.com.br\\\/site\\\/2020\\\/07\\\/13\\\/indaiatuba-tem-7-novas-mortes-por-covid-salto-2-itu-1-sp-seleciona-voluntarios-para-vacina\\\/#breadcrumb\",\"itemListElement\":[{\"@type\":\"ListItem\",\"position\":1,\"name\":\"In\u00edcio\",\"item\":\"https:\\\/\\\/revistaregional.com.br\\\/site\\\/\"},{\"@type\":\"ListItem\",\"position\":2,\"name\":\"Indaiatuba tem 7 novas mortes por covid; Salto, 2; Itu, 1; SP seleciona volunt\u00e1rios para vacina\"}]},{\"@type\":\"WebSite\",\"@id\":\"https:\\\/\\\/revistaregional.com.br\\\/site\\\/#website\",\"url\":\"https:\\\/\\\/revistaregional.com.br\\\/site\\\/\",\"name\":\"Revista Regional\",\"description\":\"Salto - Itu - Indaituba\",\"potentialAction\":[{\"@type\":\"SearchAction\",\"target\":{\"@type\":\"EntryPoint\",\"urlTemplate\":\"https:\\\/\\\/revistaregional.com.br\\\/site\\\/?s={search_term_string}\"},\"query-input\":{\"@type\":\"PropertyValueSpecification\",\"valueRequired\":true,\"valueName\":\"search_term_string\"}}],\"inLanguage\":\"pt-BR\"},{\"@type\":\"Person\",\"@id\":\"https:\\\/\\\/revistaregional.com.br\\\/site\\\/#\\\/schema\\\/person\\\/382af97c580dc1b18f55107bc316010d\",\"name\":\"contato@revistaregional.com.br\",\"image\":{\"@type\":\"ImageObject\",\"inLanguage\":\"pt-BR\",\"@id\":\"https:\\\/\\\/secure.gravatar.com\\\/avatar\\\/869822917e96b2e292d5827e4635855396934485e7c4a0af84e9a214e32ca0cd?s=96&d=mm&r=g\",\"url\":\"https:\\\/\\\/secure.gravatar.com\\\/avatar\\\/869822917e96b2e292d5827e4635855396934485e7c4a0af84e9a214e32ca0cd?s=96&d=mm&r=g\",\"contentUrl\":\"https:\\\/\\\/secure.gravatar.com\\\/avatar\\\/869822917e96b2e292d5827e4635855396934485e7c4a0af84e9a214e32ca0cd?s=96&d=mm&r=g\",\"caption\":\"contato@revistaregional.com.br\"},\"url\":\"https:\\\/\\\/revistaregional.com.br\\\/site\\\/author\\\/contato@revistaregional.com.br\\\/\"}]}<\/script>\n<!-- \/ Yoast SEO plugin. -->","yoast_head_json":{"title":"Indaiatuba tem 7 novas mortes por covid; Salto, 2; Itu, 1; SP seleciona volunt\u00e1rios para vacina - Revista Regional","robots":{"index":"index","follow":"follow","max-snippet":"max-snippet:-1","max-image-preview":"max-image-preview:large","max-video-preview":"max-video-preview:-1"},"canonical":"https:\/\/revistaregional.com.br\/site\/2020\/07\/13\/indaiatuba-tem-7-novas-mortes-por-covid-salto-2-itu-1-sp-seleciona-voluntarios-para-vacina\/","og_locale":"pt_BR","og_type":"article","og_title":"Indaiatuba tem 7 novas mortes por covid; Salto, 2; Itu, 1; SP seleciona volunt\u00e1rios para vacina - Revista Regional","og_description":"Indaiatuba atingiu 92 \u00f3bitos e 2.623 casos; Salto teve 2 mortes no final de semana e Itu, 1; Em S\u00e3o Paulo, governo iniciar\u00e1 triagem de volunt\u00e1rios para teste de vacina contra o novo coronav\u00edrus Todas as cidades da \u00e1rea de cobertura da Revista Regional registraram mortes por covid no final de semana. Indaiatuba, que desde [&hellip;]","og_url":"https:\/\/revistaregional.com.br\/site\/2020\/07\/13\/indaiatuba-tem-7-novas-mortes-por-covid-salto-2-itu-1-sp-seleciona-voluntarios-para-vacina\/","og_site_name":"Revista Regional","article_published_time":"2020-07-13T21:44:16+00:00","article_modified_time":"2024-01-26T12:29:31+00:00","og_image":[{"width":1920,"height":1080,"url":"https:\/\/revistaregional.com.br\/site\/wp-content\/uploads\/2020\/07\/app-13-julho.jpg","type":"image\/jpeg"}],"author":"contato@revistaregional.com.br","twitter_card":"summary_large_image","twitter_misc":{"Escrito por":"contato@revistaregional.com.br","Est. tempo de leitura":"5 minutos"},"schema":{"@context":"https:\/\/schema.org","@graph":[{"@type":"Article","@id":"https:\/\/revistaregional.com.br\/site\/2020\/07\/13\/indaiatuba-tem-7-novas-mortes-por-covid-salto-2-itu-1-sp-seleciona-voluntarios-para-vacina\/#article","isPartOf":{"@id":"https:\/\/revistaregional.com.br\/site\/2020\/07\/13\/indaiatuba-tem-7-novas-mortes-por-covid-salto-2-itu-1-sp-seleciona-voluntarios-para-vacina\/"},"author":{"name":"contato@revistaregional.com.br","@id":"https:\/\/revistaregional.com.br\/site\/#\/schema\/person\/382af97c580dc1b18f55107bc316010d"},"headline":"Indaiatuba tem 7 novas mortes por covid; Salto, 2; Itu, 1; SP seleciona volunt\u00e1rios para vacina","datePublished":"2020-07-13T21:44:16+00:00","dateModified":"2024-01-26T12:29:31+00:00","mainEntityOfPage":{"@id":"https:\/\/revistaregional.com.br\/site\/2020\/07\/13\/indaiatuba-tem-7-novas-mortes-por-covid-salto-2-itu-1-sp-seleciona-voluntarios-para-vacina\/"},"wordCount":1010,"image":{"@id":"https:\/\/revistaregional.com.br\/site\/2020\/07\/13\/indaiatuba-tem-7-novas-mortes-por-covid-salto-2-itu-1-sp-seleciona-voluntarios-para-vacina\/#primaryimage"},"thumbnailUrl":"https:\/\/revistaregional.com.br\/site\/wp-content\/uploads\/2020\/07\/app-13-julho.jpg","keywords":["Sa\u00fade e Beleza"],"articleSection":["Destaque Lateral","Sa\u00fade e Beleza"],"inLanguage":"pt-BR"},{"@type":"WebPage","@id":"https:\/\/revistaregional.com.br\/site\/2020\/07\/13\/indaiatuba-tem-7-novas-mortes-por-covid-salto-2-itu-1-sp-seleciona-voluntarios-para-vacina\/","url":"https:\/\/revistaregional.com.br\/site\/2020\/07\/13\/indaiatuba-tem-7-novas-mortes-por-covid-salto-2-itu-1-sp-seleciona-voluntarios-para-vacina\/","name":"Indaiatuba tem 7 novas mortes por covid; Salto, 2; Itu, 1; SP seleciona volunt\u00e1rios para vacina - Revista Regional","isPartOf":{"@id":"https:\/\/revistaregional.com.br\/site\/#website"},"primaryImageOfPage":{"@id":"https:\/\/revistaregional.com.br\/site\/2020\/07\/13\/indaiatuba-tem-7-novas-mortes-por-covid-salto-2-itu-1-sp-seleciona-voluntarios-para-vacina\/#primaryimage"},"image":{"@id":"https:\/\/revistaregional.com.br\/site\/2020\/07\/13\/indaiatuba-tem-7-novas-mortes-por-covid-salto-2-itu-1-sp-seleciona-voluntarios-para-vacina\/#primaryimage"},"thumbnailUrl":"https:\/\/revistaregional.com.br\/site\/wp-content\/uploads\/2020\/07\/app-13-julho.jpg","datePublished":"2020-07-13T21:44:16+00:00","dateModified":"2024-01-26T12:29:31+00:00","author":{"@id":"https:\/\/revistaregional.com.br\/site\/#\/schema\/person\/382af97c580dc1b18f55107bc316010d"},"breadcrumb":{"@id":"https:\/\/revistaregional.com.br\/site\/2020\/07\/13\/indaiatuba-tem-7-novas-mortes-por-covid-salto-2-itu-1-sp-seleciona-voluntarios-para-vacina\/#breadcrumb"},"inLanguage":"pt-BR","potentialAction":[{"@type":"ReadAction","target":["https:\/\/revistaregional.com.br\/site\/2020\/07\/13\/indaiatuba-tem-7-novas-mortes-por-covid-salto-2-itu-1-sp-seleciona-voluntarios-para-vacina\/"]}]},{"@type":"ImageObject","inLanguage":"pt-BR","@id":"https:\/\/revistaregional.com.br\/site\/2020\/07\/13\/indaiatuba-tem-7-novas-mortes-por-covid-salto-2-itu-1-sp-seleciona-voluntarios-para-vacina\/#primaryimage","url":"https:\/\/revistaregional.com.br\/site\/wp-content\/uploads\/2020\/07\/app-13-julho.jpg","contentUrl":"https:\/\/revistaregional.com.br\/site\/wp-content\/uploads\/2020\/07\/app-13-julho.jpg","width":1920,"height":1080},{"@type":"BreadcrumbList","@id":"https:\/\/revistaregional.com.br\/site\/2020\/07\/13\/indaiatuba-tem-7-novas-mortes-por-covid-salto-2-itu-1-sp-seleciona-voluntarios-para-vacina\/#breadcrumb","itemListElement":[{"@type":"ListItem","position":1,"name":"In\u00edcio","item":"https:\/\/revistaregional.com.br\/site\/"},{"@type":"ListItem","position":2,"name":"Indaiatuba tem 7 novas mortes por covid; Salto, 2; Itu, 1; SP seleciona volunt\u00e1rios para vacina"}]},{"@type":"WebSite","@id":"https:\/\/revistaregional.com.br\/site\/#website","url":"https:\/\/revistaregional.com.br\/site\/","name":"Revista Regional","description":"Salto - Itu - Indaituba","potentialAction":[{"@type":"SearchAction","target":{"@type":"EntryPoint","urlTemplate":"https:\/\/revistaregional.com.br\/site\/?s={search_term_string}"},"query-input":{"@type":"PropertyValueSpecification","valueRequired":true,"valueName":"search_term_string"}}],"inLanguage":"pt-BR"},{"@type":"Person","@id":"https:\/\/revistaregional.com.br\/site\/#\/schema\/person\/382af97c580dc1b18f55107bc316010d","name":"contato@revistaregional.com.br","image":{"@type":"ImageObject","inLanguage":"pt-BR","@id":"https:\/\/secure.gravatar.com\/avatar\/869822917e96b2e292d5827e4635855396934485e7c4a0af84e9a214e32ca0cd?s=96&d=mm&r=g","url":"https:\/\/secure.gravatar.com\/avatar\/869822917e96b2e292d5827e4635855396934485e7c4a0af84e9a214e32ca0cd?s=96&d=mm&r=g","contentUrl":"https:\/\/secure.gravatar.com\/avatar\/869822917e96b2e292d5827e4635855396934485e7c4a0af84e9a214e32ca0cd?s=96&d=mm&r=g","caption":"contato@revistaregional.com.br"},"url":"https:\/\/revistaregional.com.br\/site\/author\/contato@revistaregional.com.br\/"}]}},"views":62,"_links":{"self":[{"href":"https:\/\/revistaregional.com.br\/site\/wp-json\/wp\/v2\/posts\/22864","targetHints":{"allow":["GET"]}}],"collection":[{"href":"https:\/\/revistaregional.com.br\/site\/wp-json\/wp\/v2\/posts"}],"about":[{"href":"https:\/\/revistaregional.com.br\/site\/wp-json\/wp\/v2\/types\/post"}],"author":[{"embeddable":true,"href":"https:\/\/revistaregional.com.br\/site\/wp-json\/wp\/v2\/users\/1"}],"replies":[{"embeddable":true,"href":"https:\/\/revistaregional.com.br\/site\/wp-json\/wp\/v2\/comments?post=22864"}],"version-history":[{"count":3,"href":"https:\/\/revistaregional.com.br\/site\/wp-json\/wp\/v2\/posts\/22864\/revisions"}],"predecessor-version":[{"id":22869,"href":"https:\/\/revistaregional.com.br\/site\/wp-json\/wp\/v2\/posts\/22864\/revisions\/22869"}],"wp:featuredmedia":[{"embeddable":true,"href":"https:\/\/revistaregional.com.br\/site\/wp-json\/wp\/v2\/media\/22866"}],"wp:attachment":[{"href":"https:\/\/revistaregional.com.br\/site\/wp-json\/wp\/v2\/media?parent=22864"}],"wp:term":[{"taxonomy":"category","embeddable":true,"href":"https:\/\/revistaregional.com.br\/site\/wp-json\/wp\/v2\/categories?post=22864"},{"taxonomy":"post_tag","embeddable":true,"href":"https:\/\/revistaregional.com.br\/site\/wp-json\/wp\/v2\/tags?post=22864"}],"curies":[{"name":"wp","href":"https:\/\/api.w.org\/{rel}","templated":true}]}}