{"id":22860,"date":"2020-07-10T18:37:08","date_gmt":"2020-07-10T21:37:08","guid":{"rendered":"https:\/\/revistaregional.com.br\/site\/?p=22860"},"modified":"2024-01-26T09:29:32","modified_gmt":"2024-01-26T12:29:32","slug":"indaiatuba-chega-a-85-mortes-por-covid-itu-e-salto-reabrem-comercio","status":"publish","type":"post","link":"https:\/\/revistaregional.com.br\/site\/2020\/07\/10\/indaiatuba-chega-a-85-mortes-por-covid-itu-e-salto-reabrem-comercio\/","title":{"rendered":"Indaiatuba chega a 85 mortes por covid; Itu e Salto reabrem com\u00e9rcio"},"content":{"rendered":"<figure id=\"attachment_22861\" aria-describedby=\"caption-attachment-22861\" style=\"width: 400px\" class=\"wp-caption alignright\"><a href=\"https:\/\/revistaregional.com.br\/site\/wp-content\/uploads\/2020\/07\/app-17-junho-2.jpg\"><img fetchpriority=\"high\" decoding=\"async\" class=\"wp-image-22861\" src=\"https:\/\/revistaregional.com.br\/site\/wp-content\/uploads\/2020\/07\/app-17-junho-2.jpg\" alt=\"\" width=\"400\" height=\"225\" data-id=\"22861\" srcset=\"https:\/\/revistaregional.com.br\/site\/wp-content\/uploads\/2020\/07\/app-17-junho-2.jpg 640w, https:\/\/revistaregional.com.br\/site\/wp-content\/uploads\/2020\/07\/app-17-junho-2-300x169.jpg 300w, https:\/\/revistaregional.com.br\/site\/wp-content\/uploads\/2020\/07\/app-17-junho-2-150x84.jpg 150w\" sizes=\"(max-width: 400px) 100vw, 400px\" \/><\/a><figcaption id=\"caption-attachment-22861\" class=\"wp-caption-text\">Casos de covid continuam aumentando na regi\u00e3o; Indaiatuba, que testa mais a popula\u00e7\u00e3o, teve 70 novos infectados em 24 horas<\/figcaption><\/figure>\n<p><strong>Com mais 1 \u00f3bito registrado nesta sexta-feira, 10, Indaiatuba chegou a 85 mortes pelo novo coronav\u00edrus; Com\u00e9rcio reabrir\u00e1 em Itu e Salto na segunda-feira, mas com restri\u00e7\u00f5es; Veja os novos hor\u00e1rios de funcionamento<\/strong><\/p>\n<p>A Prefeitura de Indaiatuba, por meio da Secretaria de Sa\u00fade, confirmou nesta sexta-feira, 10, mais 1 \u00f3bito decorrente da covid-19; total subiu para 85. O paciente estava internado no Haoc (Hospital Augusto de Oliveira Camargo) desde o dia 06 de julho, tinha 53 anos, possu\u00eda diabetes, obesidade e era tabagista. Desde junho, a cidade vem registrando diariamente mortes pela covid-19.<\/p>\n<p>O boletim epidemiol\u00f3gico desta sexta-feira mostra que a cidade aplicou 323 novos testes nas \u00faltimas 24 horas, com 70 positivos de covid e 249 descartados. Indaiatuba continua sendo a cidade da microrregi\u00e3o de cobertura da Revista Regional que mais tem testado sua popula\u00e7\u00e3o. J\u00e1 foram testadas 13.445 pessoas, com 2.496 positivos, sendo que 85 morreram; 2.364 s\u00e3o considerados curados ou ainda est\u00e3o em recupera\u00e7\u00e3o domiciliar e 47 seguem internados. Ainda h\u00e1 outros 110 casos suspeitos aguardando resultado. Atualmente h\u00e1 43 pessoas internadas em leito cl\u00ednico e 34 em UTI (Unidade de Terapia Intensiva). A taxa de ocupa\u00e7\u00e3o das UTIs continua alta, est\u00e1 em 92% no Haoc e chegou ao limite total no Hospital Santa Ign\u00eas.<\/p>\n<p>Em Salto, foram confirmados 35 novos infectados nas \u00faltimas 24 horas e o total de casos foi a 379, sendo que 13 pacientes morreram, 279 evolu\u00edram para cura, 19 seguem internados (sendo 8 em UTI) e 68 est\u00e3o em isolamento domiciliar. H\u00e1 26 casos que aguardam resultados. Destes, 13 est\u00e3o em isolamento domiciliar, 11 em interna\u00e7\u00e3o cl\u00ednica (sendo 4 em UTI) e h\u00e1 2 \u00f3bitos suspeitos de covid. A taxa de ocupa\u00e7\u00e3o do Hospital Municipal est\u00e1 em 83% na UTI e de 91% na interna\u00e7\u00e3o cl\u00ednica.<\/p>\n<p>Itu, ao contr\u00e1rio de todas as demais cidades da regi\u00e3o, n\u00e3o divulgou \u00e0 imprensa o boletim epidemiol\u00f3gico da covid-19 nesta sexta-feira, 10 de julho. At\u00e9 a quinta-feira, a cidade tinha registrado 878 casos. Desse total, 43 morreram e 698 se recuperaram. A cidade tinha 93 testados aguardando resultados e 2 \u00f3bitos sob suspeita, al\u00e9m de 24 internados em leito cl\u00ednico e 12 em UTI. A taxa de ocupa\u00e7\u00e3o das UTIs na quinta-feira, dia 09, estava em 75% no Hospital Municipal e 33,33% no Hospital de Campanha. A Revista Regional cobrou os n\u00fameros desta sexta-feira para divulga\u00e7\u00e3o no app de not\u00edcias e no site, como vem fazendo diariamente desde o in\u00edcio da pandemia, mas n\u00e3o obteve retorno do governo ituano.<\/p>\n<p>COM\u00c9RCIO REABERTO<\/p>\n<p>Itu e Salto voltam \u00e0 fase laranja do Plano S\u00e3o Paulo a partir de segunda-feira, dia 13. Indaiatuba, por estar na regi\u00e3o de Campinas, permanecer\u00e1 na fase vermelha, podendo funcionar apenas os servi\u00e7os essenciais.<\/p>\n<p>Em Itu, a Prefeitura informou que as lojas poder\u00e3o abrir todos os dias da semana, quatro horas por dia, de segunda a sexta-feira, das 13h \u00e0s 17h, e aos s\u00e1bados e domingos, das 9h \u00e0s 13h. J\u00e1 os shopping centers poder\u00e3o abrir todos os dias das 16h \u00e0s 20h. Em Salto, o com\u00e9rcio dever\u00e1 funcionar de segunda a sexta-feira, das 10h \u00e0s 14h, e aos s\u00e1bados, das 9h \u00e0s 13h, cumprindo a determina\u00e7\u00e3o de quatro horas di\u00e1rias.<\/p>\n<p>Todos os protocolos sanit\u00e1rios j\u00e1 estabelecidos devem ser seguidos, lembrando que a quarentena prossegue, apesar do relaxamento parcial. As recomenda\u00e7\u00f5es de isolamento social, uso de m\u00e1scaras e sa\u00eddas somente para atividades essenciais ainda s\u00e3o v\u00e1lidas. Os governos municipais ressaltam que a ades\u00e3o da popula\u00e7\u00e3o \u00e0s condutas preventivas dever\u00e3o colaborar para que as cidades possam chegar rapidamente \u00e0 fase amarela, que permitir\u00e1 abertura de outros setores importantes da economia.<\/p>\n<p>UNICAMP CRIA TELESSA\u00daDE<\/p>\n<p>A Unicamp (Universidade de Campinas) anunciou nesta sexta-feira que criou o &#8220;Orienta Covid&#8221;, programa de abrang\u00eancia nacional, que visa orientar pacientes sobre sintomas relacionados \u00e0 covid-19, como realizar a preven\u00e7\u00e3o individual e a higieniza\u00e7\u00e3o adequada aos pacientes. Os atendimentos s\u00e3o prestados por meio do servi\u00e7o de telessa\u00fade, pelo n\u00famero 0800 042 0506.<\/p>\n<p>Foto: BIRF<\/p>\n","protected":false},"excerpt":{"rendered":"<p>Com mais 1 \u00f3bito registrado nesta sexta-feira, 10, Indaiatuba chegou a 85 mortes pelo novo coronav\u00edrus; Com\u00e9rcio reabrir\u00e1 em Itu e Salto na segunda-feira, mas com restri\u00e7\u00f5es; Veja os novos hor\u00e1rios de funcionamento A Prefeitura de Indaiatuba, por meio da Secretaria de Sa\u00fade, confirmou nesta sexta-feira, 10, mais 1 \u00f3bito decorrente da covid-19; total subiu [&hellip;]<\/p>\n","protected":false},"author":1,"featured_media":22861,"comment_status":"closed","ping_status":"closed","sticky":false,"template":"","format":"standard","meta":{"_acf_changed":false,"ngg_post_thumbnail":0,"_joinchat":[],"footnotes":""},"categories":[449,8],"tags":[525],"class_list":["post-22860","post","type-post","status-publish","format-standard","has-post-thumbnail","hentry","category-destaque-lateral","category-saude-e-beleza","tag-saude-e-beleza"],"acf":[],"yoast_head":"<!-- This site is optimized with the Yoast SEO plugin v27.4 - https:\/\/yoast.com\/product\/yoast-seo-wordpress\/ -->\n<title>Indaiatuba chega a 85 mortes por covid; Itu e Salto reabrem com\u00e9rcio - Revista Regional<\/title>\n<meta name=\"robots\" content=\"index, follow, max-snippet:-1, max-image-preview:large, max-video-preview:-1\" \/>\n<link rel=\"canonical\" href=\"https:\/\/revistaregional.com.br\/site\/2020\/07\/10\/indaiatuba-chega-a-85-mortes-por-covid-itu-e-salto-reabrem-comercio\/\" \/>\n<meta property=\"og:locale\" content=\"pt_BR\" \/>\n<meta property=\"og:type\" content=\"article\" \/>\n<meta property=\"og:title\" content=\"Indaiatuba chega a 85 mortes por covid; Itu e Salto reabrem com\u00e9rcio - Revista Regional\" \/>\n<meta property=\"og:description\" content=\"Com mais 1 \u00f3bito registrado nesta sexta-feira, 10, Indaiatuba chegou a 85 mortes pelo novo coronav\u00edrus; Com\u00e9rcio reabrir\u00e1 em Itu e Salto na segunda-feira, mas com restri\u00e7\u00f5es; Veja os novos hor\u00e1rios de funcionamento A Prefeitura de Indaiatuba, por meio da Secretaria de Sa\u00fade, confirmou nesta sexta-feira, 10, mais 1 \u00f3bito decorrente da covid-19; total subiu [&hellip;]\" \/>\n<meta property=\"og:url\" content=\"https:\/\/revistaregional.com.br\/site\/2020\/07\/10\/indaiatuba-chega-a-85-mortes-por-covid-itu-e-salto-reabrem-comercio\/\" \/>\n<meta property=\"og:site_name\" content=\"Revista Regional\" \/>\n<meta property=\"article:published_time\" content=\"2020-07-10T21:37:08+00:00\" \/>\n<meta property=\"article:modified_time\" content=\"2024-01-26T12:29:32+00:00\" \/>\n<meta property=\"og:image\" content=\"https:\/\/revistaregional.com.br\/site\/wp-content\/uploads\/2020\/07\/app-17-junho-2.jpg\" \/>\n\t<meta property=\"og:image:width\" content=\"640\" \/>\n\t<meta property=\"og:image:height\" content=\"360\" \/>\n\t<meta property=\"og:image:type\" content=\"image\/jpeg\" \/>\n<meta name=\"author\" content=\"contato@revistaregional.com.br\" \/>\n<meta name=\"twitter:card\" content=\"summary_large_image\" \/>\n<meta name=\"twitter:label1\" content=\"Escrito por\" \/>\n\t<meta name=\"twitter:data1\" content=\"contato@revistaregional.com.br\" \/>\n\t<meta name=\"twitter:label2\" content=\"Est. tempo de leitura\" \/>\n\t<meta name=\"twitter:data2\" content=\"3 minutos\" \/>\n<script type=\"application\/ld+json\" class=\"yoast-schema-graph\">{\"@context\":\"https:\\\/\\\/schema.org\",\"@graph\":[{\"@type\":\"Article\",\"@id\":\"https:\\\/\\\/revistaregional.com.br\\\/site\\\/2020\\\/07\\\/10\\\/indaiatuba-chega-a-85-mortes-por-covid-itu-e-salto-reabrem-comercio\\\/#article\",\"isPartOf\":{\"@id\":\"https:\\\/\\\/revistaregional.com.br\\\/site\\\/2020\\\/07\\\/10\\\/indaiatuba-chega-a-85-mortes-por-covid-itu-e-salto-reabrem-comercio\\\/\"},\"author\":{\"name\":\"contato@revistaregional.com.br\",\"@id\":\"https:\\\/\\\/revistaregional.com.br\\\/site\\\/#\\\/schema\\\/person\\\/382af97c580dc1b18f55107bc316010d\"},\"headline\":\"Indaiatuba chega a 85 mortes por covid; Itu e Salto reabrem com\u00e9rcio\",\"datePublished\":\"2020-07-10T21:37:08+00:00\",\"dateModified\":\"2024-01-26T12:29:32+00:00\",\"mainEntityOfPage\":{\"@id\":\"https:\\\/\\\/revistaregional.com.br\\\/site\\\/2020\\\/07\\\/10\\\/indaiatuba-chega-a-85-mortes-por-covid-itu-e-salto-reabrem-comercio\\\/\"},\"wordCount\":698,\"image\":{\"@id\":\"https:\\\/\\\/revistaregional.com.br\\\/site\\\/2020\\\/07\\\/10\\\/indaiatuba-chega-a-85-mortes-por-covid-itu-e-salto-reabrem-comercio\\\/#primaryimage\"},\"thumbnailUrl\":\"https:\\\/\\\/revistaregional.com.br\\\/site\\\/wp-content\\\/uploads\\\/2020\\\/07\\\/app-17-junho-2.jpg\",\"keywords\":[\"Sa\u00fade e Beleza\"],\"articleSection\":[\"Destaque Lateral\",\"Sa\u00fade e Beleza\"],\"inLanguage\":\"pt-BR\"},{\"@type\":\"WebPage\",\"@id\":\"https:\\\/\\\/revistaregional.com.br\\\/site\\\/2020\\\/07\\\/10\\\/indaiatuba-chega-a-85-mortes-por-covid-itu-e-salto-reabrem-comercio\\\/\",\"url\":\"https:\\\/\\\/revistaregional.com.br\\\/site\\\/2020\\\/07\\\/10\\\/indaiatuba-chega-a-85-mortes-por-covid-itu-e-salto-reabrem-comercio\\\/\",\"name\":\"Indaiatuba chega a 85 mortes por covid; Itu e Salto reabrem com\u00e9rcio - Revista Regional\",\"isPartOf\":{\"@id\":\"https:\\\/\\\/revistaregional.com.br\\\/site\\\/#website\"},\"primaryImageOfPage\":{\"@id\":\"https:\\\/\\\/revistaregional.com.br\\\/site\\\/2020\\\/07\\\/10\\\/indaiatuba-chega-a-85-mortes-por-covid-itu-e-salto-reabrem-comercio\\\/#primaryimage\"},\"image\":{\"@id\":\"https:\\\/\\\/revistaregional.com.br\\\/site\\\/2020\\\/07\\\/10\\\/indaiatuba-chega-a-85-mortes-por-covid-itu-e-salto-reabrem-comercio\\\/#primaryimage\"},\"thumbnailUrl\":\"https:\\\/\\\/revistaregional.com.br\\\/site\\\/wp-content\\\/uploads\\\/2020\\\/07\\\/app-17-junho-2.jpg\",\"datePublished\":\"2020-07-10T21:37:08+00:00\",\"dateModified\":\"2024-01-26T12:29:32+00:00\",\"author\":{\"@id\":\"https:\\\/\\\/revistaregional.com.br\\\/site\\\/#\\\/schema\\\/person\\\/382af97c580dc1b18f55107bc316010d\"},\"breadcrumb\":{\"@id\":\"https:\\\/\\\/revistaregional.com.br\\\/site\\\/2020\\\/07\\\/10\\\/indaiatuba-chega-a-85-mortes-por-covid-itu-e-salto-reabrem-comercio\\\/#breadcrumb\"},\"inLanguage\":\"pt-BR\",\"potentialAction\":[{\"@type\":\"ReadAction\",\"target\":[\"https:\\\/\\\/revistaregional.com.br\\\/site\\\/2020\\\/07\\\/10\\\/indaiatuba-chega-a-85-mortes-por-covid-itu-e-salto-reabrem-comercio\\\/\"]}]},{\"@type\":\"ImageObject\",\"inLanguage\":\"pt-BR\",\"@id\":\"https:\\\/\\\/revistaregional.com.br\\\/site\\\/2020\\\/07\\\/10\\\/indaiatuba-chega-a-85-mortes-por-covid-itu-e-salto-reabrem-comercio\\\/#primaryimage\",\"url\":\"https:\\\/\\\/revistaregional.com.br\\\/site\\\/wp-content\\\/uploads\\\/2020\\\/07\\\/app-17-junho-2.jpg\",\"contentUrl\":\"https:\\\/\\\/revistaregional.com.br\\\/site\\\/wp-content\\\/uploads\\\/2020\\\/07\\\/app-17-junho-2.jpg\",\"width\":640,\"height\":360},{\"@type\":\"BreadcrumbList\",\"@id\":\"https:\\\/\\\/revistaregional.com.br\\\/site\\\/2020\\\/07\\\/10\\\/indaiatuba-chega-a-85-mortes-por-covid-itu-e-salto-reabrem-comercio\\\/#breadcrumb\",\"itemListElement\":[{\"@type\":\"ListItem\",\"position\":1,\"name\":\"In\u00edcio\",\"item\":\"https:\\\/\\\/revistaregional.com.br\\\/site\\\/\"},{\"@type\":\"ListItem\",\"position\":2,\"name\":\"Indaiatuba chega a 85 mortes por covid; Itu e Salto reabrem com\u00e9rcio\"}]},{\"@type\":\"WebSite\",\"@id\":\"https:\\\/\\\/revistaregional.com.br\\\/site\\\/#website\",\"url\":\"https:\\\/\\\/revistaregional.com.br\\\/site\\\/\",\"name\":\"Revista Regional\",\"description\":\"Salto - Itu - Indaituba\",\"potentialAction\":[{\"@type\":\"SearchAction\",\"target\":{\"@type\":\"EntryPoint\",\"urlTemplate\":\"https:\\\/\\\/revistaregional.com.br\\\/site\\\/?s={search_term_string}\"},\"query-input\":{\"@type\":\"PropertyValueSpecification\",\"valueRequired\":true,\"valueName\":\"search_term_string\"}}],\"inLanguage\":\"pt-BR\"},{\"@type\":\"Person\",\"@id\":\"https:\\\/\\\/revistaregional.com.br\\\/site\\\/#\\\/schema\\\/person\\\/382af97c580dc1b18f55107bc316010d\",\"name\":\"contato@revistaregional.com.br\",\"image\":{\"@type\":\"ImageObject\",\"inLanguage\":\"pt-BR\",\"@id\":\"https:\\\/\\\/secure.gravatar.com\\\/avatar\\\/869822917e96b2e292d5827e4635855396934485e7c4a0af84e9a214e32ca0cd?s=96&d=mm&r=g\",\"url\":\"https:\\\/\\\/secure.gravatar.com\\\/avatar\\\/869822917e96b2e292d5827e4635855396934485e7c4a0af84e9a214e32ca0cd?s=96&d=mm&r=g\",\"contentUrl\":\"https:\\\/\\\/secure.gravatar.com\\\/avatar\\\/869822917e96b2e292d5827e4635855396934485e7c4a0af84e9a214e32ca0cd?s=96&d=mm&r=g\",\"caption\":\"contato@revistaregional.com.br\"},\"url\":\"https:\\\/\\\/revistaregional.com.br\\\/site\\\/author\\\/contato@revistaregional.com.br\\\/\"}]}<\/script>\n<!-- \/ Yoast SEO plugin. -->","yoast_head_json":{"title":"Indaiatuba chega a 85 mortes por covid; Itu e Salto reabrem com\u00e9rcio - Revista Regional","robots":{"index":"index","follow":"follow","max-snippet":"max-snippet:-1","max-image-preview":"max-image-preview:large","max-video-preview":"max-video-preview:-1"},"canonical":"https:\/\/revistaregional.com.br\/site\/2020\/07\/10\/indaiatuba-chega-a-85-mortes-por-covid-itu-e-salto-reabrem-comercio\/","og_locale":"pt_BR","og_type":"article","og_title":"Indaiatuba chega a 85 mortes por covid; Itu e Salto reabrem com\u00e9rcio - Revista Regional","og_description":"Com mais 1 \u00f3bito registrado nesta sexta-feira, 10, Indaiatuba chegou a 85 mortes pelo novo coronav\u00edrus; Com\u00e9rcio reabrir\u00e1 em Itu e Salto na segunda-feira, mas com restri\u00e7\u00f5es; Veja os novos hor\u00e1rios de funcionamento A Prefeitura de Indaiatuba, por meio da Secretaria de Sa\u00fade, confirmou nesta sexta-feira, 10, mais 1 \u00f3bito decorrente da covid-19; total subiu [&hellip;]","og_url":"https:\/\/revistaregional.com.br\/site\/2020\/07\/10\/indaiatuba-chega-a-85-mortes-por-covid-itu-e-salto-reabrem-comercio\/","og_site_name":"Revista Regional","article_published_time":"2020-07-10T21:37:08+00:00","article_modified_time":"2024-01-26T12:29:32+00:00","og_image":[{"width":640,"height":360,"url":"https:\/\/revistaregional.com.br\/site\/wp-content\/uploads\/2020\/07\/app-17-junho-2.jpg","type":"image\/jpeg"}],"author":"contato@revistaregional.com.br","twitter_card":"summary_large_image","twitter_misc":{"Escrito por":"contato@revistaregional.com.br","Est. tempo de leitura":"3 minutos"},"schema":{"@context":"https:\/\/schema.org","@graph":[{"@type":"Article","@id":"https:\/\/revistaregional.com.br\/site\/2020\/07\/10\/indaiatuba-chega-a-85-mortes-por-covid-itu-e-salto-reabrem-comercio\/#article","isPartOf":{"@id":"https:\/\/revistaregional.com.br\/site\/2020\/07\/10\/indaiatuba-chega-a-85-mortes-por-covid-itu-e-salto-reabrem-comercio\/"},"author":{"name":"contato@revistaregional.com.br","@id":"https:\/\/revistaregional.com.br\/site\/#\/schema\/person\/382af97c580dc1b18f55107bc316010d"},"headline":"Indaiatuba chega a 85 mortes por covid; Itu e Salto reabrem com\u00e9rcio","datePublished":"2020-07-10T21:37:08+00:00","dateModified":"2024-01-26T12:29:32+00:00","mainEntityOfPage":{"@id":"https:\/\/revistaregional.com.br\/site\/2020\/07\/10\/indaiatuba-chega-a-85-mortes-por-covid-itu-e-salto-reabrem-comercio\/"},"wordCount":698,"image":{"@id":"https:\/\/revistaregional.com.br\/site\/2020\/07\/10\/indaiatuba-chega-a-85-mortes-por-covid-itu-e-salto-reabrem-comercio\/#primaryimage"},"thumbnailUrl":"https:\/\/revistaregional.com.br\/site\/wp-content\/uploads\/2020\/07\/app-17-junho-2.jpg","keywords":["Sa\u00fade e Beleza"],"articleSection":["Destaque Lateral","Sa\u00fade e Beleza"],"inLanguage":"pt-BR"},{"@type":"WebPage","@id":"https:\/\/revistaregional.com.br\/site\/2020\/07\/10\/indaiatuba-chega-a-85-mortes-por-covid-itu-e-salto-reabrem-comercio\/","url":"https:\/\/revistaregional.com.br\/site\/2020\/07\/10\/indaiatuba-chega-a-85-mortes-por-covid-itu-e-salto-reabrem-comercio\/","name":"Indaiatuba chega a 85 mortes por covid; Itu e Salto reabrem com\u00e9rcio - Revista Regional","isPartOf":{"@id":"https:\/\/revistaregional.com.br\/site\/#website"},"primaryImageOfPage":{"@id":"https:\/\/revistaregional.com.br\/site\/2020\/07\/10\/indaiatuba-chega-a-85-mortes-por-covid-itu-e-salto-reabrem-comercio\/#primaryimage"},"image":{"@id":"https:\/\/revistaregional.com.br\/site\/2020\/07\/10\/indaiatuba-chega-a-85-mortes-por-covid-itu-e-salto-reabrem-comercio\/#primaryimage"},"thumbnailUrl":"https:\/\/revistaregional.com.br\/site\/wp-content\/uploads\/2020\/07\/app-17-junho-2.jpg","datePublished":"2020-07-10T21:37:08+00:00","dateModified":"2024-01-26T12:29:32+00:00","author":{"@id":"https:\/\/revistaregional.com.br\/site\/#\/schema\/person\/382af97c580dc1b18f55107bc316010d"},"breadcrumb":{"@id":"https:\/\/revistaregional.com.br\/site\/2020\/07\/10\/indaiatuba-chega-a-85-mortes-por-covid-itu-e-salto-reabrem-comercio\/#breadcrumb"},"inLanguage":"pt-BR","potentialAction":[{"@type":"ReadAction","target":["https:\/\/revistaregional.com.br\/site\/2020\/07\/10\/indaiatuba-chega-a-85-mortes-por-covid-itu-e-salto-reabrem-comercio\/"]}]},{"@type":"ImageObject","inLanguage":"pt-BR","@id":"https:\/\/revistaregional.com.br\/site\/2020\/07\/10\/indaiatuba-chega-a-85-mortes-por-covid-itu-e-salto-reabrem-comercio\/#primaryimage","url":"https:\/\/revistaregional.com.br\/site\/wp-content\/uploads\/2020\/07\/app-17-junho-2.jpg","contentUrl":"https:\/\/revistaregional.com.br\/site\/wp-content\/uploads\/2020\/07\/app-17-junho-2.jpg","width":640,"height":360},{"@type":"BreadcrumbList","@id":"https:\/\/revistaregional.com.br\/site\/2020\/07\/10\/indaiatuba-chega-a-85-mortes-por-covid-itu-e-salto-reabrem-comercio\/#breadcrumb","itemListElement":[{"@type":"ListItem","position":1,"name":"In\u00edcio","item":"https:\/\/revistaregional.com.br\/site\/"},{"@type":"ListItem","position":2,"name":"Indaiatuba chega a 85 mortes por covid; Itu e Salto reabrem com\u00e9rcio"}]},{"@type":"WebSite","@id":"https:\/\/revistaregional.com.br\/site\/#website","url":"https:\/\/revistaregional.com.br\/site\/","name":"Revista Regional","description":"Salto - Itu - Indaituba","potentialAction":[{"@type":"SearchAction","target":{"@type":"EntryPoint","urlTemplate":"https:\/\/revistaregional.com.br\/site\/?s={search_term_string}"},"query-input":{"@type":"PropertyValueSpecification","valueRequired":true,"valueName":"search_term_string"}}],"inLanguage":"pt-BR"},{"@type":"Person","@id":"https:\/\/revistaregional.com.br\/site\/#\/schema\/person\/382af97c580dc1b18f55107bc316010d","name":"contato@revistaregional.com.br","image":{"@type":"ImageObject","inLanguage":"pt-BR","@id":"https:\/\/secure.gravatar.com\/avatar\/869822917e96b2e292d5827e4635855396934485e7c4a0af84e9a214e32ca0cd?s=96&d=mm&r=g","url":"https:\/\/secure.gravatar.com\/avatar\/869822917e96b2e292d5827e4635855396934485e7c4a0af84e9a214e32ca0cd?s=96&d=mm&r=g","contentUrl":"https:\/\/secure.gravatar.com\/avatar\/869822917e96b2e292d5827e4635855396934485e7c4a0af84e9a214e32ca0cd?s=96&d=mm&r=g","caption":"contato@revistaregional.com.br"},"url":"https:\/\/revistaregional.com.br\/site\/author\/contato@revistaregional.com.br\/"}]}},"views":59,"_links":{"self":[{"href":"https:\/\/revistaregional.com.br\/site\/wp-json\/wp\/v2\/posts\/22860","targetHints":{"allow":["GET"]}}],"collection":[{"href":"https:\/\/revistaregional.com.br\/site\/wp-json\/wp\/v2\/posts"}],"about":[{"href":"https:\/\/revistaregional.com.br\/site\/wp-json\/wp\/v2\/types\/post"}],"author":[{"embeddable":true,"href":"https:\/\/revistaregional.com.br\/site\/wp-json\/wp\/v2\/users\/1"}],"replies":[{"embeddable":true,"href":"https:\/\/revistaregional.com.br\/site\/wp-json\/wp\/v2\/comments?post=22860"}],"version-history":[{"count":1,"href":"https:\/\/revistaregional.com.br\/site\/wp-json\/wp\/v2\/posts\/22860\/revisions"}],"predecessor-version":[{"id":22862,"href":"https:\/\/revistaregional.com.br\/site\/wp-json\/wp\/v2\/posts\/22860\/revisions\/22862"}],"wp:featuredmedia":[{"embeddable":true,"href":"https:\/\/revistaregional.com.br\/site\/wp-json\/wp\/v2\/media\/22861"}],"wp:attachment":[{"href":"https:\/\/revistaregional.com.br\/site\/wp-json\/wp\/v2\/media?parent=22860"}],"wp:term":[{"taxonomy":"category","embeddable":true,"href":"https:\/\/revistaregional.com.br\/site\/wp-json\/wp\/v2\/categories?post=22860"},{"taxonomy":"post_tag","embeddable":true,"href":"https:\/\/revistaregional.com.br\/site\/wp-json\/wp\/v2\/tags?post=22860"}],"curies":[{"name":"wp","href":"https:\/\/api.w.org\/{rel}","templated":true}]}}