{"id":22842,"date":"2020-07-08T17:59:15","date_gmt":"2020-07-08T20:59:15","guid":{"rendered":"https:\/\/revistaregional.com.br\/site\/?p=22842"},"modified":"2024-01-26T09:29:34","modified_gmt":"2024-01-26T12:29:34","slug":"em-24h-mais-2-mortes-e-101-infectados-em-indaiatuba-hospital-de-sp-recebera-pacientes-do-interior","status":"publish","type":"post","link":"https:\/\/revistaregional.com.br\/site\/2020\/07\/08\/em-24h-mais-2-mortes-e-101-infectados-em-indaiatuba-hospital-de-sp-recebera-pacientes-do-interior\/","title":{"rendered":"Em 24h, mais 2 mortes e 101 infectados em Indaiatuba; Hospital de SP receber\u00e1 pacientes do Interior"},"content":{"rendered":"<ul>\n<li><strong><em><u>Itu tamb\u00e9m teve mais 1 \u00f3bito; <\/u><\/em><\/strong><\/li>\n<li><strong><em><u>Governo anunciou nesta quarta que o Hospital de Campanha do Ibirapuera passar\u00e1 a receber pacientes de Campinas e das demais regi\u00f5es do Estado, se necess\u00e1rio; <\/u><\/em><\/strong><\/li>\n<li><strong><em><u>Hospital Municipal de Salto amplia leitos para atender doentes de covid; <\/u><\/em><\/strong><\/li>\n<li><strong><em><u>Itu divulga nova lista de bairros com mais casos da doen\u00e7a<\/u><\/em><\/strong><\/li>\n<\/ul>\n<p>&nbsp;<\/p>\n<p>Indaiatuba mant\u00e9m os altos n\u00fameros di\u00e1rios de novos casos e mortes por covid-19 na regi\u00e3o. A Prefeitura afirma que o aumento se<\/p>\n<figure id=\"attachment_22843\" aria-describedby=\"caption-attachment-22843\" style=\"width: 483px\" class=\"wp-caption alignright\"><img fetchpriority=\"high\" decoding=\"async\" class=\" wp-image-22843\" src=\"https:\/\/revistaregional.com.br\/site\/wp-content\/uploads\/2020\/07\/app-covid-dia-04-1024x683.jpg\" alt=\"\" width=\"483\" height=\"322\" data-id=\"22843\" srcset=\"https:\/\/revistaregional.com.br\/site\/wp-content\/uploads\/2020\/07\/app-covid-dia-04-1024x683.jpg 1024w, https:\/\/revistaregional.com.br\/site\/wp-content\/uploads\/2020\/07\/app-covid-dia-04-300x200.jpg 300w, https:\/\/revistaregional.com.br\/site\/wp-content\/uploads\/2020\/07\/app-covid-dia-04-1536x1024.jpg 1536w, https:\/\/revistaregional.com.br\/site\/wp-content\/uploads\/2020\/07\/app-covid-dia-04-150x100.jpg 150w, https:\/\/revistaregional.com.br\/site\/wp-content\/uploads\/2020\/07\/app-covid-dia-04-272x182.jpg 272w, https:\/\/revistaregional.com.br\/site\/wp-content\/uploads\/2020\/07\/app-covid-dia-04.jpg 1920w\" sizes=\"(max-width: 483px) 100vw, 483px\" \/><figcaption id=\"caption-attachment-22843\" class=\"wp-caption-text\">Regi\u00e3o mant\u00e9m em alta os novos casos de covid, principalmente em Indaiatuba<\/figcaption><\/figure>\n<p>deve a uma maior testagem da popula\u00e7\u00e3o. A cidade tem aplicado cerca de 44 testes a cada 1 mil habitantes; em Salto, por exemplo, esse n\u00famero cai a 8 por 1 mil.<\/p>\n<p>&nbsp;<\/p>\n<p>Na ter\u00e7a-feira foram 140 casos confirmados e nesta quarta, dia 8, s\u00e3o novos 101 infectados, totalizando agora 2.327 registros positivos de covid. A cidade tamb\u00e9m teve mais 2 mortes e o total foi a 83. Os \u00f3bitos ocorreram no Haoc (Hospital Augusto de Oliveira Camargo): uma paciente de 84 anos, que estava internada desde o dia 03 de julho, tinha hipertens\u00e3o e diabetes; e outra mulher, 84 anos, que havia sido transferida da UPA para o Haoc no dia 03 de julho; ela possu\u00eda doen\u00e7a metab\u00f3lica cr\u00f4nica e hipertens\u00e3o.<\/p>\n<p>&nbsp;<\/p>\n<p>Dos 2.327 confirmados, 46 est\u00e3o internados e 2.198 s\u00e3o considerados curados ou ainda est\u00e3o se tratando da covid em casa, sem precisar de hospitaliza\u00e7\u00e3o. O n\u00famero exato de recuperados n\u00e3o \u00e9 divulgado pela Prefeitura de Indaiatuba. A cidade possui ainda outros 152 suspeitos aguardando resultado. Atualmente h\u00e1 49 pessoas internadas em leito cl\u00ednico e 30 em UTI (Unidade de Terapia Intensiva). A taxa de ocupa\u00e7\u00e3o de UTI est\u00e1 em 88% no Haoc e 75% no Hospital Santa Ign\u00eas.<\/p>\n<p>&nbsp;<\/p>\n<p>Itu teve 28 novos casos nas \u00faltimas 24 horas, indo a 836 confirmados, com 43 mortes, 662 curados e 109 \u00e0 espera de resultado de exames. O \u00f3bito recente \u00e9 de uma mulher de 66 anos que tinha hist\u00f3rico de doen\u00e7as cr\u00f4nicas. A cidade possui 26 pacientes internados em leito cl\u00ednico, 11 em UTI e investiga 1 morte suspeita de covid. A taxa de ocupa\u00e7\u00e3o de UTI est\u00e1 em 62,5% no Hospital Municipal e em 33,33% no Hospital de Campanha.<\/p>\n<p>&nbsp;<\/p>\n<p>A Prefeitura de Itu divulgou nesta quarta-feira, dia 8, uma nova lista com os bairros com maior incid\u00eancia de covid-19 na cidade e onde o risco de transmiss\u00e3o \u00e9 considerado extremamente alto. S\u00e3o eles: Cidade Nova (60 confirmados ativos e 11 suspeitos), Portal do \u00c9den (21 confirmados ativos e 4 suspeitos), Vila Martins (21 confirmados ativos e 3 suspeitos), Jardim Uni\u00e3o (15 casos confirmados ativos e 2 suspeitos), Potiguara (10 confirmados ativos e 4 suspeitos), Parque Industrial (10 confirmados ativos e 3 suspeitos) e Jardim Novo Mundo (9 confirmados ativos e 1 suspeito). H\u00e1 ainda o grupo de bairros em que o risco de cont\u00e1gio \u00e9 apontado como alto, sendo eles: Rancho Grande, S\u00e3o Judas, S\u00e3o Luiz, Parque Am\u00e9rica, Bom Viver, Vila Nova, Novo Centro, Itaim, Padre Bento, Aeroporto, Jardim Europa, Nossa Senhora da Candel\u00e1ria e Vila Cleto.<\/p>\n<p>&nbsp;<\/p>\n<p>Em Salto, foram 15 novos casos nas \u00faltimas 24 horas, totalizando 321, com 11 mortes e 254 curados. H\u00e1 15 pacientes que seguem internados, sendo 4 em UTI, e 41 em isolamento domiciliar. A cidade possui 21 testados \u00e0 espera de resultado. Destes, 17 em tratamento residencial e 2 em interna\u00e7\u00e3o cl\u00ednica (sendo 1 em UTI). H\u00e1 2 \u00f3bitos suspeitos de covid na cidade. A taxa de ocupa\u00e7\u00e3o da UTI do Hospital Municipal est\u00e1 em 66%.<\/p>\n<p>&nbsp;<\/p>\n<p>O Hospital Municipal Nossa Senhora do Monte Serrat, em Salto, administrado pelo Instituto Brasileiro de Desenvolvimento da Administra\u00e7\u00e3o Hospitalar (IBDAH), em parceria com a Prefeitura, deu in\u00edcio \u00e0 amplia\u00e7\u00e3o de leitos cl\u00ednicos para atendimento de pacientes de covid -19. Ser\u00e3o 11 novos leitos de isolamento que passar\u00e3o a atender exclusivamente os pacientes. O espa\u00e7o escolhido para receber estes novos leitos era ocupado pelo antigo Ambulat\u00f3rio de Especialidades, que foi transferido para um novo pr\u00e9dio, no complexo do Hospital Municipal.&nbsp;<\/p>\n<p>&nbsp;<\/p>\n<p>Os leitos ser\u00e3o equipados, segundo o governo local, com respiradores e todos os equipamentos necess\u00e1rios para atender esta demanda. Com esta melhoria, a rede municipal de sa\u00fade passar\u00e1 a contar com 23 leitos cl\u00ednicos exclusivos para o atendimento de casos de coronav\u00edrus, al\u00e9m dos 6 leitos de UTI.<\/p>\n<p>&nbsp;<\/p>\n<p>SP RECEBER\u00c1 CASOS DO INTERIOR<\/p>\n<p>&nbsp;<\/p>\n<p>O governo do Estado anunciou nesta quarta-feira (8) que, com a diminui\u00e7\u00e3o da propaga\u00e7\u00e3o do coronav\u00edrus na capital e o aumento de casos no Interior, o Hospital de Campanha do Ibirapuera ser\u00e1 referenciado a partir de agora para atender pacientes com covid-19 de Campinas, preferencialmente, e de outras regi\u00f5es do Estado de S\u00e3o Paulo, se necess\u00e1rio.<\/p>\n<p>&nbsp;<\/p>\n<p>&#8220;A a\u00e7\u00e3o permite o atendimento correto e efetivo, sem o aumento de custos. N\u00e3o h\u00e1 necessidade de montar um hospital de campanha em Campinas, por exemplo, se temos um hospital de campanha aqui operando em boas condi\u00e7\u00f5es. \u00c9 mais barato e eficiente providenciar o transporte por ambul\u00e2ncias com UTI&#8221;, disse o governador Jo\u00e3o Doria.<\/p>\n<p>&nbsp;<\/p>\n<p>O hospital de campanha, inaugurado pelo governo de S\u00e3o Paulo em 1\u00ba de maio no Complexo Esportivo do Ibirapuera, disp\u00f5e de 240 leitos de enfermaria e 28 de UTI, al\u00e9m de sala de descompress\u00e3o, consult\u00f3rios m\u00e9dicos e tomografia. A unidade \u00e9 referenciada e recebe pacientes encaminhados por outros servi\u00e7os, com apoio da Cross (Central de Regula\u00e7\u00e3o e Oferta de Servi\u00e7os de Sa\u00fade).<\/p>\n<p>&nbsp;<\/p>\n<p>&#8220;O hospital de campanha do Ibirapuera tem cerca de 55% de ocupa\u00e7\u00e3o hoje. O custo de mais de R$ 10 milh\u00f5es investidos por m\u00eas na unidade ser\u00e1 direcionado para o Interior do Estado e Campinas ter\u00e1 desafogada sua capacidade hospitalar, que j\u00e1 supera 80%&#8221;, afirmou o secret\u00e1rio de Desenvolvimento Regional, Marco Vinholi.<\/p>\n<p>&nbsp;<\/p>\n<p>Al\u00e9m da possibilidade de encaminhamento de pacientes ao hospital do Ibirapuera, moradores da regi\u00e3o de Campinas contam tamb\u00e9m com 662 novos leitos de UTI criados em servi\u00e7os de refer\u00eancia regionalizada, com foco no enfrentamento \u00e0 pandemia.<\/p>\n<p>&nbsp;<\/p>\n<p>&nbsp;<\/p>\n<p>Foto: BIRF<\/p>\n<p>&nbsp;<\/p>\n<p>&nbsp;<\/p>\n","protected":false},"excerpt":{"rendered":"<p>Itu tamb\u00e9m teve mais 1 \u00f3bito; Governo anunciou nesta quarta que o Hospital de Campanha do Ibirapuera passar\u00e1 a receber pacientes de Campinas e das demais regi\u00f5es do Estado, se necess\u00e1rio; Hospital Municipal de Salto amplia leitos para atender doentes de covid; Itu divulga nova lista de bairros com mais casos da doen\u00e7a &nbsp; Indaiatuba [&hellip;]<\/p>\n","protected":false},"author":1,"featured_media":22843,"comment_status":"closed","ping_status":"closed","sticky":false,"template":"","format":"standard","meta":{"_acf_changed":false,"ngg_post_thumbnail":0,"_joinchat":[],"footnotes":""},"categories":[449,8],"tags":[525],"class_list":["post-22842","post","type-post","status-publish","format-standard","has-post-thumbnail","hentry","category-destaque-lateral","category-saude-e-beleza","tag-saude-e-beleza"],"acf":[],"yoast_head":"<!-- This site is optimized with the Yoast SEO plugin v27.4 - https:\/\/yoast.com\/product\/yoast-seo-wordpress\/ -->\n<title>Em 24h, mais 2 mortes e 101 infectados em Indaiatuba; Hospital de SP receber\u00e1 pacientes do Interior - Revista Regional<\/title>\n<meta name=\"robots\" content=\"index, follow, max-snippet:-1, max-image-preview:large, max-video-preview:-1\" \/>\n<link rel=\"canonical\" href=\"https:\/\/revistaregional.com.br\/site\/2020\/07\/08\/em-24h-mais-2-mortes-e-101-infectados-em-indaiatuba-hospital-de-sp-recebera-pacientes-do-interior\/\" \/>\n<meta property=\"og:locale\" content=\"pt_BR\" \/>\n<meta property=\"og:type\" content=\"article\" \/>\n<meta property=\"og:title\" content=\"Em 24h, mais 2 mortes e 101 infectados em Indaiatuba; Hospital de SP receber\u00e1 pacientes do Interior - Revista Regional\" \/>\n<meta property=\"og:description\" content=\"Itu tamb\u00e9m teve mais 1 \u00f3bito; Governo anunciou nesta quarta que o Hospital de Campanha do Ibirapuera passar\u00e1 a receber pacientes de Campinas e das demais regi\u00f5es do Estado, se necess\u00e1rio; Hospital Municipal de Salto amplia leitos para atender doentes de covid; Itu divulga nova lista de bairros com mais casos da doen\u00e7a &nbsp; Indaiatuba [&hellip;]\" \/>\n<meta property=\"og:url\" content=\"https:\/\/revistaregional.com.br\/site\/2020\/07\/08\/em-24h-mais-2-mortes-e-101-infectados-em-indaiatuba-hospital-de-sp-recebera-pacientes-do-interior\/\" \/>\n<meta property=\"og:site_name\" content=\"Revista Regional\" \/>\n<meta property=\"article:published_time\" content=\"2020-07-08T20:59:15+00:00\" \/>\n<meta property=\"article:modified_time\" content=\"2024-01-26T12:29:34+00:00\" \/>\n<meta property=\"og:image\" content=\"https:\/\/revistaregional.com.br\/site\/wp-content\/uploads\/2020\/07\/app-covid-dia-04.jpg\" \/>\n\t<meta property=\"og:image:width\" content=\"1920\" \/>\n\t<meta property=\"og:image:height\" content=\"1280\" \/>\n\t<meta property=\"og:image:type\" content=\"image\/jpeg\" \/>\n<meta name=\"author\" content=\"contato@revistaregional.com.br\" \/>\n<meta name=\"twitter:card\" content=\"summary_large_image\" \/>\n<meta name=\"twitter:label1\" content=\"Escrito por\" \/>\n\t<meta name=\"twitter:data1\" content=\"contato@revistaregional.com.br\" \/>\n\t<meta name=\"twitter:label2\" content=\"Est. tempo de leitura\" \/>\n\t<meta name=\"twitter:data2\" content=\"5 minutos\" \/>\n<script type=\"application\/ld+json\" class=\"yoast-schema-graph\">{\"@context\":\"https:\\\/\\\/schema.org\",\"@graph\":[{\"@type\":\"Article\",\"@id\":\"https:\\\/\\\/revistaregional.com.br\\\/site\\\/2020\\\/07\\\/08\\\/em-24h-mais-2-mortes-e-101-infectados-em-indaiatuba-hospital-de-sp-recebera-pacientes-do-interior\\\/#article\",\"isPartOf\":{\"@id\":\"https:\\\/\\\/revistaregional.com.br\\\/site\\\/2020\\\/07\\\/08\\\/em-24h-mais-2-mortes-e-101-infectados-em-indaiatuba-hospital-de-sp-recebera-pacientes-do-interior\\\/\"},\"author\":{\"name\":\"contato@revistaregional.com.br\",\"@id\":\"https:\\\/\\\/revistaregional.com.br\\\/site\\\/#\\\/schema\\\/person\\\/382af97c580dc1b18f55107bc316010d\"},\"headline\":\"Em 24h, mais 2 mortes e 101 infectados em Indaiatuba; Hospital de SP receber\u00e1 pacientes do Interior\",\"datePublished\":\"2020-07-08T20:59:15+00:00\",\"dateModified\":\"2024-01-26T12:29:34+00:00\",\"mainEntityOfPage\":{\"@id\":\"https:\\\/\\\/revistaregional.com.br\\\/site\\\/2020\\\/07\\\/08\\\/em-24h-mais-2-mortes-e-101-infectados-em-indaiatuba-hospital-de-sp-recebera-pacientes-do-interior\\\/\"},\"wordCount\":1022,\"image\":{\"@id\":\"https:\\\/\\\/revistaregional.com.br\\\/site\\\/2020\\\/07\\\/08\\\/em-24h-mais-2-mortes-e-101-infectados-em-indaiatuba-hospital-de-sp-recebera-pacientes-do-interior\\\/#primaryimage\"},\"thumbnailUrl\":\"https:\\\/\\\/revistaregional.com.br\\\/site\\\/wp-content\\\/uploads\\\/2020\\\/07\\\/app-covid-dia-04.jpg\",\"keywords\":[\"Sa\u00fade e Beleza\"],\"articleSection\":[\"Destaque Lateral\",\"Sa\u00fade e Beleza\"],\"inLanguage\":\"pt-BR\"},{\"@type\":\"WebPage\",\"@id\":\"https:\\\/\\\/revistaregional.com.br\\\/site\\\/2020\\\/07\\\/08\\\/em-24h-mais-2-mortes-e-101-infectados-em-indaiatuba-hospital-de-sp-recebera-pacientes-do-interior\\\/\",\"url\":\"https:\\\/\\\/revistaregional.com.br\\\/site\\\/2020\\\/07\\\/08\\\/em-24h-mais-2-mortes-e-101-infectados-em-indaiatuba-hospital-de-sp-recebera-pacientes-do-interior\\\/\",\"name\":\"Em 24h, mais 2 mortes e 101 infectados em Indaiatuba; Hospital de SP receber\u00e1 pacientes do Interior - Revista Regional\",\"isPartOf\":{\"@id\":\"https:\\\/\\\/revistaregional.com.br\\\/site\\\/#website\"},\"primaryImageOfPage\":{\"@id\":\"https:\\\/\\\/revistaregional.com.br\\\/site\\\/2020\\\/07\\\/08\\\/em-24h-mais-2-mortes-e-101-infectados-em-indaiatuba-hospital-de-sp-recebera-pacientes-do-interior\\\/#primaryimage\"},\"image\":{\"@id\":\"https:\\\/\\\/revistaregional.com.br\\\/site\\\/2020\\\/07\\\/08\\\/em-24h-mais-2-mortes-e-101-infectados-em-indaiatuba-hospital-de-sp-recebera-pacientes-do-interior\\\/#primaryimage\"},\"thumbnailUrl\":\"https:\\\/\\\/revistaregional.com.br\\\/site\\\/wp-content\\\/uploads\\\/2020\\\/07\\\/app-covid-dia-04.jpg\",\"datePublished\":\"2020-07-08T20:59:15+00:00\",\"dateModified\":\"2024-01-26T12:29:34+00:00\",\"author\":{\"@id\":\"https:\\\/\\\/revistaregional.com.br\\\/site\\\/#\\\/schema\\\/person\\\/382af97c580dc1b18f55107bc316010d\"},\"breadcrumb\":{\"@id\":\"https:\\\/\\\/revistaregional.com.br\\\/site\\\/2020\\\/07\\\/08\\\/em-24h-mais-2-mortes-e-101-infectados-em-indaiatuba-hospital-de-sp-recebera-pacientes-do-interior\\\/#breadcrumb\"},\"inLanguage\":\"pt-BR\",\"potentialAction\":[{\"@type\":\"ReadAction\",\"target\":[\"https:\\\/\\\/revistaregional.com.br\\\/site\\\/2020\\\/07\\\/08\\\/em-24h-mais-2-mortes-e-101-infectados-em-indaiatuba-hospital-de-sp-recebera-pacientes-do-interior\\\/\"]}]},{\"@type\":\"ImageObject\",\"inLanguage\":\"pt-BR\",\"@id\":\"https:\\\/\\\/revistaregional.com.br\\\/site\\\/2020\\\/07\\\/08\\\/em-24h-mais-2-mortes-e-101-infectados-em-indaiatuba-hospital-de-sp-recebera-pacientes-do-interior\\\/#primaryimage\",\"url\":\"https:\\\/\\\/revistaregional.com.br\\\/site\\\/wp-content\\\/uploads\\\/2020\\\/07\\\/app-covid-dia-04.jpg\",\"contentUrl\":\"https:\\\/\\\/revistaregional.com.br\\\/site\\\/wp-content\\\/uploads\\\/2020\\\/07\\\/app-covid-dia-04.jpg\",\"width\":1920,\"height\":1280,\"caption\":\"Regi\u00e3o mant\u00e9m em alta os novos casos de covid, principalmente em Indaiatuba\"},{\"@type\":\"BreadcrumbList\",\"@id\":\"https:\\\/\\\/revistaregional.com.br\\\/site\\\/2020\\\/07\\\/08\\\/em-24h-mais-2-mortes-e-101-infectados-em-indaiatuba-hospital-de-sp-recebera-pacientes-do-interior\\\/#breadcrumb\",\"itemListElement\":[{\"@type\":\"ListItem\",\"position\":1,\"name\":\"In\u00edcio\",\"item\":\"https:\\\/\\\/revistaregional.com.br\\\/site\\\/\"},{\"@type\":\"ListItem\",\"position\":2,\"name\":\"Em 24h, mais 2 mortes e 101 infectados em Indaiatuba; Hospital de SP receber\u00e1 pacientes do Interior\"}]},{\"@type\":\"WebSite\",\"@id\":\"https:\\\/\\\/revistaregional.com.br\\\/site\\\/#website\",\"url\":\"https:\\\/\\\/revistaregional.com.br\\\/site\\\/\",\"name\":\"Revista Regional\",\"description\":\"Salto - Itu - Indaituba\",\"potentialAction\":[{\"@type\":\"SearchAction\",\"target\":{\"@type\":\"EntryPoint\",\"urlTemplate\":\"https:\\\/\\\/revistaregional.com.br\\\/site\\\/?s={search_term_string}\"},\"query-input\":{\"@type\":\"PropertyValueSpecification\",\"valueRequired\":true,\"valueName\":\"search_term_string\"}}],\"inLanguage\":\"pt-BR\"},{\"@type\":\"Person\",\"@id\":\"https:\\\/\\\/revistaregional.com.br\\\/site\\\/#\\\/schema\\\/person\\\/382af97c580dc1b18f55107bc316010d\",\"name\":\"contato@revistaregional.com.br\",\"image\":{\"@type\":\"ImageObject\",\"inLanguage\":\"pt-BR\",\"@id\":\"https:\\\/\\\/secure.gravatar.com\\\/avatar\\\/869822917e96b2e292d5827e4635855396934485e7c4a0af84e9a214e32ca0cd?s=96&d=mm&r=g\",\"url\":\"https:\\\/\\\/secure.gravatar.com\\\/avatar\\\/869822917e96b2e292d5827e4635855396934485e7c4a0af84e9a214e32ca0cd?s=96&d=mm&r=g\",\"contentUrl\":\"https:\\\/\\\/secure.gravatar.com\\\/avatar\\\/869822917e96b2e292d5827e4635855396934485e7c4a0af84e9a214e32ca0cd?s=96&d=mm&r=g\",\"caption\":\"contato@revistaregional.com.br\"},\"url\":\"https:\\\/\\\/revistaregional.com.br\\\/site\\\/author\\\/contato@revistaregional.com.br\\\/\"}]}<\/script>\n<!-- \/ Yoast SEO plugin. -->","yoast_head_json":{"title":"Em 24h, mais 2 mortes e 101 infectados em Indaiatuba; Hospital de SP receber\u00e1 pacientes do Interior - Revista Regional","robots":{"index":"index","follow":"follow","max-snippet":"max-snippet:-1","max-image-preview":"max-image-preview:large","max-video-preview":"max-video-preview:-1"},"canonical":"https:\/\/revistaregional.com.br\/site\/2020\/07\/08\/em-24h-mais-2-mortes-e-101-infectados-em-indaiatuba-hospital-de-sp-recebera-pacientes-do-interior\/","og_locale":"pt_BR","og_type":"article","og_title":"Em 24h, mais 2 mortes e 101 infectados em Indaiatuba; Hospital de SP receber\u00e1 pacientes do Interior - Revista Regional","og_description":"Itu tamb\u00e9m teve mais 1 \u00f3bito; Governo anunciou nesta quarta que o Hospital de Campanha do Ibirapuera passar\u00e1 a receber pacientes de Campinas e das demais regi\u00f5es do Estado, se necess\u00e1rio; Hospital Municipal de Salto amplia leitos para atender doentes de covid; Itu divulga nova lista de bairros com mais casos da doen\u00e7a &nbsp; Indaiatuba [&hellip;]","og_url":"https:\/\/revistaregional.com.br\/site\/2020\/07\/08\/em-24h-mais-2-mortes-e-101-infectados-em-indaiatuba-hospital-de-sp-recebera-pacientes-do-interior\/","og_site_name":"Revista Regional","article_published_time":"2020-07-08T20:59:15+00:00","article_modified_time":"2024-01-26T12:29:34+00:00","og_image":[{"width":1920,"height":1280,"url":"https:\/\/revistaregional.com.br\/site\/wp-content\/uploads\/2020\/07\/app-covid-dia-04.jpg","type":"image\/jpeg"}],"author":"contato@revistaregional.com.br","twitter_card":"summary_large_image","twitter_misc":{"Escrito por":"contato@revistaregional.com.br","Est. tempo de leitura":"5 minutos"},"schema":{"@context":"https:\/\/schema.org","@graph":[{"@type":"Article","@id":"https:\/\/revistaregional.com.br\/site\/2020\/07\/08\/em-24h-mais-2-mortes-e-101-infectados-em-indaiatuba-hospital-de-sp-recebera-pacientes-do-interior\/#article","isPartOf":{"@id":"https:\/\/revistaregional.com.br\/site\/2020\/07\/08\/em-24h-mais-2-mortes-e-101-infectados-em-indaiatuba-hospital-de-sp-recebera-pacientes-do-interior\/"},"author":{"name":"contato@revistaregional.com.br","@id":"https:\/\/revistaregional.com.br\/site\/#\/schema\/person\/382af97c580dc1b18f55107bc316010d"},"headline":"Em 24h, mais 2 mortes e 101 infectados em Indaiatuba; Hospital de SP receber\u00e1 pacientes do Interior","datePublished":"2020-07-08T20:59:15+00:00","dateModified":"2024-01-26T12:29:34+00:00","mainEntityOfPage":{"@id":"https:\/\/revistaregional.com.br\/site\/2020\/07\/08\/em-24h-mais-2-mortes-e-101-infectados-em-indaiatuba-hospital-de-sp-recebera-pacientes-do-interior\/"},"wordCount":1022,"image":{"@id":"https:\/\/revistaregional.com.br\/site\/2020\/07\/08\/em-24h-mais-2-mortes-e-101-infectados-em-indaiatuba-hospital-de-sp-recebera-pacientes-do-interior\/#primaryimage"},"thumbnailUrl":"https:\/\/revistaregional.com.br\/site\/wp-content\/uploads\/2020\/07\/app-covid-dia-04.jpg","keywords":["Sa\u00fade e Beleza"],"articleSection":["Destaque Lateral","Sa\u00fade e Beleza"],"inLanguage":"pt-BR"},{"@type":"WebPage","@id":"https:\/\/revistaregional.com.br\/site\/2020\/07\/08\/em-24h-mais-2-mortes-e-101-infectados-em-indaiatuba-hospital-de-sp-recebera-pacientes-do-interior\/","url":"https:\/\/revistaregional.com.br\/site\/2020\/07\/08\/em-24h-mais-2-mortes-e-101-infectados-em-indaiatuba-hospital-de-sp-recebera-pacientes-do-interior\/","name":"Em 24h, mais 2 mortes e 101 infectados em Indaiatuba; Hospital de SP receber\u00e1 pacientes do Interior - Revista Regional","isPartOf":{"@id":"https:\/\/revistaregional.com.br\/site\/#website"},"primaryImageOfPage":{"@id":"https:\/\/revistaregional.com.br\/site\/2020\/07\/08\/em-24h-mais-2-mortes-e-101-infectados-em-indaiatuba-hospital-de-sp-recebera-pacientes-do-interior\/#primaryimage"},"image":{"@id":"https:\/\/revistaregional.com.br\/site\/2020\/07\/08\/em-24h-mais-2-mortes-e-101-infectados-em-indaiatuba-hospital-de-sp-recebera-pacientes-do-interior\/#primaryimage"},"thumbnailUrl":"https:\/\/revistaregional.com.br\/site\/wp-content\/uploads\/2020\/07\/app-covid-dia-04.jpg","datePublished":"2020-07-08T20:59:15+00:00","dateModified":"2024-01-26T12:29:34+00:00","author":{"@id":"https:\/\/revistaregional.com.br\/site\/#\/schema\/person\/382af97c580dc1b18f55107bc316010d"},"breadcrumb":{"@id":"https:\/\/revistaregional.com.br\/site\/2020\/07\/08\/em-24h-mais-2-mortes-e-101-infectados-em-indaiatuba-hospital-de-sp-recebera-pacientes-do-interior\/#breadcrumb"},"inLanguage":"pt-BR","potentialAction":[{"@type":"ReadAction","target":["https:\/\/revistaregional.com.br\/site\/2020\/07\/08\/em-24h-mais-2-mortes-e-101-infectados-em-indaiatuba-hospital-de-sp-recebera-pacientes-do-interior\/"]}]},{"@type":"ImageObject","inLanguage":"pt-BR","@id":"https:\/\/revistaregional.com.br\/site\/2020\/07\/08\/em-24h-mais-2-mortes-e-101-infectados-em-indaiatuba-hospital-de-sp-recebera-pacientes-do-interior\/#primaryimage","url":"https:\/\/revistaregional.com.br\/site\/wp-content\/uploads\/2020\/07\/app-covid-dia-04.jpg","contentUrl":"https:\/\/revistaregional.com.br\/site\/wp-content\/uploads\/2020\/07\/app-covid-dia-04.jpg","width":1920,"height":1280,"caption":"Regi\u00e3o mant\u00e9m em alta os novos casos de covid, principalmente em Indaiatuba"},{"@type":"BreadcrumbList","@id":"https:\/\/revistaregional.com.br\/site\/2020\/07\/08\/em-24h-mais-2-mortes-e-101-infectados-em-indaiatuba-hospital-de-sp-recebera-pacientes-do-interior\/#breadcrumb","itemListElement":[{"@type":"ListItem","position":1,"name":"In\u00edcio","item":"https:\/\/revistaregional.com.br\/site\/"},{"@type":"ListItem","position":2,"name":"Em 24h, mais 2 mortes e 101 infectados em Indaiatuba; Hospital de SP receber\u00e1 pacientes do Interior"}]},{"@type":"WebSite","@id":"https:\/\/revistaregional.com.br\/site\/#website","url":"https:\/\/revistaregional.com.br\/site\/","name":"Revista Regional","description":"Salto - Itu - Indaituba","potentialAction":[{"@type":"SearchAction","target":{"@type":"EntryPoint","urlTemplate":"https:\/\/revistaregional.com.br\/site\/?s={search_term_string}"},"query-input":{"@type":"PropertyValueSpecification","valueRequired":true,"valueName":"search_term_string"}}],"inLanguage":"pt-BR"},{"@type":"Person","@id":"https:\/\/revistaregional.com.br\/site\/#\/schema\/person\/382af97c580dc1b18f55107bc316010d","name":"contato@revistaregional.com.br","image":{"@type":"ImageObject","inLanguage":"pt-BR","@id":"https:\/\/secure.gravatar.com\/avatar\/869822917e96b2e292d5827e4635855396934485e7c4a0af84e9a214e32ca0cd?s=96&d=mm&r=g","url":"https:\/\/secure.gravatar.com\/avatar\/869822917e96b2e292d5827e4635855396934485e7c4a0af84e9a214e32ca0cd?s=96&d=mm&r=g","contentUrl":"https:\/\/secure.gravatar.com\/avatar\/869822917e96b2e292d5827e4635855396934485e7c4a0af84e9a214e32ca0cd?s=96&d=mm&r=g","caption":"contato@revistaregional.com.br"},"url":"https:\/\/revistaregional.com.br\/site\/author\/contato@revistaregional.com.br\/"}]}},"views":120,"_links":{"self":[{"href":"https:\/\/revistaregional.com.br\/site\/wp-json\/wp\/v2\/posts\/22842","targetHints":{"allow":["GET"]}}],"collection":[{"href":"https:\/\/revistaregional.com.br\/site\/wp-json\/wp\/v2\/posts"}],"about":[{"href":"https:\/\/revistaregional.com.br\/site\/wp-json\/wp\/v2\/types\/post"}],"author":[{"embeddable":true,"href":"https:\/\/revistaregional.com.br\/site\/wp-json\/wp\/v2\/users\/1"}],"replies":[{"embeddable":true,"href":"https:\/\/revistaregional.com.br\/site\/wp-json\/wp\/v2\/comments?post=22842"}],"version-history":[{"count":2,"href":"https:\/\/revistaregional.com.br\/site\/wp-json\/wp\/v2\/posts\/22842\/revisions"}],"predecessor-version":[{"id":22845,"href":"https:\/\/revistaregional.com.br\/site\/wp-json\/wp\/v2\/posts\/22842\/revisions\/22845"}],"wp:featuredmedia":[{"embeddable":true,"href":"https:\/\/revistaregional.com.br\/site\/wp-json\/wp\/v2\/media\/22843"}],"wp:attachment":[{"href":"https:\/\/revistaregional.com.br\/site\/wp-json\/wp\/v2\/media?parent=22842"}],"wp:term":[{"taxonomy":"category","embeddable":true,"href":"https:\/\/revistaregional.com.br\/site\/wp-json\/wp\/v2\/categories?post=22842"},{"taxonomy":"post_tag","embeddable":true,"href":"https:\/\/revistaregional.com.br\/site\/wp-json\/wp\/v2\/tags?post=22842"}],"curies":[{"name":"wp","href":"https:\/\/api.w.org\/{rel}","templated":true}]}}