{"id":22798,"date":"2020-07-03T18:19:03","date_gmt":"2020-07-03T21:19:03","guid":{"rendered":"https:\/\/revistaregional.com.br\/site\/?p=22798"},"modified":"2024-01-26T09:29:38","modified_gmt":"2024-01-26T12:29:38","slug":"covid-salto-e-a-cidade-que-menos-testa-a-populacao-na-regiao-2","status":"publish","type":"post","link":"https:\/\/revistaregional.com.br\/site\/2020\/07\/03\/covid-salto-e-a-cidade-que-menos-testa-a-populacao-na-regiao-2\/","title":{"rendered":"Indaiatuba e Salto t\u00eam mais mortes por covid; Salto \u00e9 a que menos testa a popula\u00e7\u00e3o"},"content":{"rendered":"<figure id=\"attachment_22799\" aria-describedby=\"caption-attachment-22799\" style=\"width: 419px\" class=\"wp-caption alignright\"><img fetchpriority=\"high\" decoding=\"async\" class=\"wp-image-22799\" src=\"https:\/\/revistaregional.com.br\/site\/wp-content\/uploads\/2020\/07\/ind.jpg\" alt=\"\" width=\"419\" height=\"281\" data-id=\"22799\" srcset=\"https:\/\/revistaregional.com.br\/site\/wp-content\/uploads\/2020\/07\/ind.jpg 800w, https:\/\/revistaregional.com.br\/site\/wp-content\/uploads\/2020\/07\/ind-300x201.jpg 300w, https:\/\/revistaregional.com.br\/site\/wp-content\/uploads\/2020\/07\/ind-150x101.jpg 150w, https:\/\/revistaregional.com.br\/site\/wp-content\/uploads\/2020\/07\/ind-272x182.jpg 272w\" sizes=\"(max-width: 419px) 100vw, 419px\" \/><figcaption id=\"caption-attachment-22799\" class=\"wp-caption-text\">Salto e Indaiatuba tiveram mais mortes por covid-19<\/figcaption><\/figure>\n<p><strong>Indaiatuba registrou mais 3 mortes nas \u00faltimas 24 horas; Salto, mais 1; Desde o in\u00edcio da pandemia, Salto foi a cidade que menos testou sua popula\u00e7\u00e3o, foram apenas 886 pacientes at\u00e9 a quinta-feira, 02 de julho; Indaiatuba, nesta sexta, regrediu para a Fase Vermelha do Plano SP e ter\u00e1 de fechar novamente o com\u00e9rcio n\u00e3o-essencial<\/strong><\/p>\n<p>Foram mais 4 mortes por covid na regi\u00e3o nas \u00faltimas 24 horas: 3 em Indaiatuba e 1 em Salto. Os \u00f3bitos em Indaiatuba ocorreram no Haoc (Hospital Augusto de Oliveira Camargo) entre quinta-feira (2) e esta sexta (3): um paciente de 80 anos, internado desde o dia 23 de junho, com antecedentes de Alzheimer; outro de 60, hospitalizado desde o dia 26 de junho, hipertenso; e mais um homem, de 84 anos, internado em 26 de junho, com hist\u00f3rico de cardiopatia cr\u00f4nica e hipertens\u00e3o.<\/p>\n<p>Nesta sexta-feira (3) o governo do Estado, como noticiado pelo app de not\u00edcias da Revista Regional, regrediu a RMC (Regi\u00e3o Metropolitana de Campinas), a qual Indaiatuba pertence, para a Fase Vermelha do Plano S\u00e3o Paulo de flexibiliza\u00e7\u00e3o da quarentena, podendo funcionar apenas os com\u00e9rcios essenciais.<\/p>\n<p>A situa\u00e7\u00e3o da pandemia em Indaiatuba at\u00e9 esta sexta-feira \u00e9 de novos 116 casos positivos, totalizando 1.983 confirmados, sendo que 72 morreram e 35 confirmados est\u00e3o internados. Ainda h\u00e1 outros 13 casos suspeitos aguardando resultado. Atualmente h\u00e1 40 pessoas internadas em leito cl\u00ednico e 31 em UTI (Unidade de Terapia Intensiva). A taxa de ocupa\u00e7\u00e3o das UTIs est\u00e1 em 92% no Haoc e em 75% no Hospital Santa Ign\u00eas. A Prefeitura de Indaiatuba n\u00e3o divulga um n\u00famero exato de recuperados, mas soma os casos de cura com pacientes ainda em tratamento domiciliar, totalizando, assim, 1.876 pessoas.<\/p>\n<p>Em Salto, houve mais 1 morte, totalizando, oficialmente, 11, desde o come\u00e7o da pandemia. Trata-se de um paciente de 44 anos, que estava internado no Hospital Municipal. A cidade possui 279 casos registrados, sendo que 215 evolu\u00edram para cura; 9 seguem internados (sendo 3 em UTI) e 44 est\u00e3o em isolamento domiciliar. H\u00e1 50 pacientes aguardando resultados de exames. Destes, 48 est\u00e3o em isolamento domiciliar e 2 em interna\u00e7\u00e3o cl\u00ednica.<\/p>\n<p>Itu contabiliza 695 casos de infectados, com 39 mortes, 528 curados e mais 120 pacientes testados \u00e0 espera de resultados. H\u00e1 18 internados em leito cl\u00ednico e 10 em UTI. O munic\u00edpio tem ainda 1 \u00f3bito. A taxa de ocupa\u00e7\u00e3o das UTIs est\u00e1 em 75% no Hospital Municipal e em 33% no Hospital de Campanha.<\/p>\n<p>SALTO APLICA MENOS TESTES<\/p>\n<p>Como j\u00e1 divulgado nesta tarde pelo app de not\u00edcias da Revista Regional, Salto \u00e9 a cidade da regi\u00e3o que menos testa sua popula\u00e7\u00e3o. A informa\u00e7\u00e3o foi confirmada na manh\u00e3 desta sexta-feira pela Prefeitura da cidade. O governo afirma que aplicou apenas 886 testes de covid desde o in\u00edcio da pandemia, em mar\u00e7o, at\u00e9 a quinta-feira, dia 02 de julho. A popula\u00e7\u00e3o de Salto \u00e9 de aproximadamente 100 mil habitantes. O n\u00famero de testagem, neste caso, equivale a 8,5 testes a cada 1 mil habitantes.<\/p>\n<p>Como compara\u00e7\u00e3o, Indaiatuba \u00e9 o munic\u00edpio da regi\u00e3o que mais tem testado seus residentes, cerca de 42 testes para cada 1 mil indaiatubanos. Foram pouco mais de 11 mil pessoas, cerca de 4% da cidade, desde o in\u00edcio do surto de coronav\u00edrus, com cerca de 1,9 mil positivos. Itu, tamb\u00e9m com pouca testagem, aplicou 2.717 at\u00e9 o dia 1\u00ba de julho, cerca de 16 testes por 1 mil ituanos. Maior cidade do Interior, Campinas foi orientada pelo Minist\u00e9rio P\u00fablico a criar um protocolo para testagem em massa da popula\u00e7\u00e3o, incluindo moradores que apresentaram sintomas leves, graves ou morreram por complica\u00e7\u00f5es da doen\u00e7a; e pessoas assintom\u00e1ticas, que tiveram contato com sintom\u00e1ticos, e atuem em servi\u00e7os considerados essenciais ou estejam em grupos de risco ou vulnerabilidade.<\/p>\n<p>A principal recomenda\u00e7\u00e3o da OMS (Organiza\u00e7\u00e3o Mundial da Sa\u00fade) \u00e9 para que os governos testem sua popula\u00e7\u00e3o ao m\u00e1ximo, como a melhor maneira de retardar o avan\u00e7o da pandemia. &#8220;Temos uma mensagem simples para todos: teste, teste, teste&#8221;, disse o diretor-geral da OMS, Tedros Adhanom Ghebreyesus, logo no come\u00e7o da crise sanit\u00e1ria mundial. Sem testes, os casos n\u00e3o podem ser isolados e a cadeia de infec\u00e7\u00e3o n\u00e3o ser\u00e1 interrompida, acrescentou na ocasi\u00e3o.<\/p>\n<p>Em Salto, pacientes com sintomas gripais t\u00eam reclamado da falta de testagem nas unidades de sa\u00fade da cidade. At\u00e9 mesmo familiares de pessoas infectadas n\u00e3o est\u00e3o sendo testados, ao contr\u00e1rio dos crit\u00e9rios adotados pelos demais governos. Em resposta \u00e0 Revista Regional, a Prefeitura saltense afirmou que a administra\u00e7\u00e3o municipal \u201csegue as recomenda\u00e7\u00f5es conforme orienta\u00e7\u00e3o da Vigil\u00e2ncia Epidemiol\u00f3gica e que os testes devem ser somente para sintom\u00e1ticos que se enquadrem nas seguintes categorias: profissionais de sa\u00fade em atividade; profissionais de seguran\u00e7a p\u00fablica em atividade; pessoas com 60 anos ou mais, residentes em institui\u00e7\u00f5es de longa perman\u00eancia de idosos (ILPI); pessoas com 60 anos ou mais, portadores de comorbidades de risco para complica\u00e7\u00e3o de covid-19; demais pessoas sintom\u00e1ticas com idade igual ou superior a 60 anos (numa primeira etapa o exame ser\u00e1 realizado na popula\u00e7\u00e3o possivelmente vetora e popula\u00e7\u00e3o com condi\u00e7\u00f5es de risco sintom\u00e1ticas); profissionais da limpeza p\u00fablica; profissionais dos transportes p\u00fablicos; cardiopatas graves ou descompensados (insufici\u00eancia card\u00edaca, infartados, revascularizados, portadores de arritmias, hipertens\u00e3o arterial sist\u00eamica descompensada); pneumopatias graves ou descompensados (dependentes de oxig\u00eanio, portadores de asma moderada\/grave, DPOC); imunodeprimidos; doentes renais cr\u00f4nicos em est\u00e1gio avan\u00e7ado (graus 3, 4 e 5); diab\u00e9ticos, conforme ju\u00edzo cl\u00ednico; gestantes de alto risco; popula\u00e7\u00e3o em situa\u00e7\u00e3o de vulnerabilidade social (popula\u00e7\u00e3o em situa\u00e7\u00e3o de rua, quilombolas, povos ind\u00edgenas); e casos suspeitos em institui\u00e7\u00f5es fechadas.\u201d<\/p>\n<p>Foto: BIRF<\/p>\n","protected":false},"excerpt":{"rendered":"<p>Indaiatuba registrou mais 3 mortes nas \u00faltimas 24 horas; Salto, mais 1; Desde o in\u00edcio da pandemia, Salto foi a cidade que menos testou sua popula\u00e7\u00e3o, foram apenas 886 pacientes at\u00e9 a quinta-feira, 02 de julho; Indaiatuba, nesta sexta, regrediu para a Fase Vermelha do Plano SP e ter\u00e1 de fechar novamente o com\u00e9rcio n\u00e3o-essencial [&hellip;]<\/p>\n","protected":false},"author":1,"featured_media":22799,"comment_status":"closed","ping_status":"closed","sticky":false,"template":"","format":"standard","meta":{"_acf_changed":false,"ngg_post_thumbnail":0,"_joinchat":[],"footnotes":""},"categories":[449,8],"tags":[525],"class_list":["post-22798","post","type-post","status-publish","format-standard","has-post-thumbnail","hentry","category-destaque-lateral","category-saude-e-beleza","tag-saude-e-beleza"],"acf":[],"yoast_head":"<!-- This site is optimized with the Yoast SEO plugin v27.4 - https:\/\/yoast.com\/product\/yoast-seo-wordpress\/ -->\n<title>Indaiatuba e Salto t\u00eam mais mortes por covid; Salto \u00e9 a que menos testa a popula\u00e7\u00e3o - Revista Regional<\/title>\n<meta name=\"robots\" content=\"index, follow, max-snippet:-1, max-image-preview:large, max-video-preview:-1\" \/>\n<link rel=\"canonical\" href=\"https:\/\/revistaregional.com.br\/site\/2020\/07\/03\/covid-salto-e-a-cidade-que-menos-testa-a-populacao-na-regiao-2\/\" \/>\n<meta property=\"og:locale\" content=\"pt_BR\" \/>\n<meta property=\"og:type\" content=\"article\" \/>\n<meta property=\"og:title\" content=\"Indaiatuba e Salto t\u00eam mais mortes por covid; Salto \u00e9 a que menos testa a popula\u00e7\u00e3o - Revista Regional\" \/>\n<meta property=\"og:description\" content=\"Indaiatuba registrou mais 3 mortes nas \u00faltimas 24 horas; Salto, mais 1; Desde o in\u00edcio da pandemia, Salto foi a cidade que menos testou sua popula\u00e7\u00e3o, foram apenas 886 pacientes at\u00e9 a quinta-feira, 02 de julho; Indaiatuba, nesta sexta, regrediu para a Fase Vermelha do Plano SP e ter\u00e1 de fechar novamente o com\u00e9rcio n\u00e3o-essencial [&hellip;]\" \/>\n<meta property=\"og:url\" content=\"https:\/\/revistaregional.com.br\/site\/2020\/07\/03\/covid-salto-e-a-cidade-que-menos-testa-a-populacao-na-regiao-2\/\" \/>\n<meta property=\"og:site_name\" content=\"Revista Regional\" \/>\n<meta property=\"article:published_time\" content=\"2020-07-03T21:19:03+00:00\" \/>\n<meta property=\"article:modified_time\" content=\"2024-01-26T12:29:38+00:00\" \/>\n<meta property=\"og:image\" content=\"https:\/\/revistaregional.com.br\/site\/wp-content\/uploads\/2020\/07\/ind.jpg\" \/>\n\t<meta property=\"og:image:width\" content=\"800\" \/>\n\t<meta property=\"og:image:height\" content=\"536\" \/>\n\t<meta property=\"og:image:type\" content=\"image\/jpeg\" \/>\n<meta name=\"author\" content=\"contato@revistaregional.com.br\" \/>\n<meta name=\"twitter:card\" content=\"summary_large_image\" \/>\n<meta name=\"twitter:label1\" content=\"Escrito por\" \/>\n\t<meta name=\"twitter:data1\" content=\"contato@revistaregional.com.br\" \/>\n\t<meta name=\"twitter:label2\" content=\"Est. tempo de leitura\" \/>\n\t<meta name=\"twitter:data2\" content=\"5 minutos\" \/>\n<script type=\"application\/ld+json\" class=\"yoast-schema-graph\">{\"@context\":\"https:\\\/\\\/schema.org\",\"@graph\":[{\"@type\":\"Article\",\"@id\":\"https:\\\/\\\/revistaregional.com.br\\\/site\\\/2020\\\/07\\\/03\\\/covid-salto-e-a-cidade-que-menos-testa-a-populacao-na-regiao-2\\\/#article\",\"isPartOf\":{\"@id\":\"https:\\\/\\\/revistaregional.com.br\\\/site\\\/2020\\\/07\\\/03\\\/covid-salto-e-a-cidade-que-menos-testa-a-populacao-na-regiao-2\\\/\"},\"author\":{\"name\":\"contato@revistaregional.com.br\",\"@id\":\"https:\\\/\\\/revistaregional.com.br\\\/site\\\/#\\\/schema\\\/person\\\/382af97c580dc1b18f55107bc316010d\"},\"headline\":\"Indaiatuba e Salto t\u00eam mais mortes por covid; Salto \u00e9 a que menos testa a popula\u00e7\u00e3o\",\"datePublished\":\"2020-07-03T21:19:03+00:00\",\"dateModified\":\"2024-01-26T12:29:38+00:00\",\"mainEntityOfPage\":{\"@id\":\"https:\\\/\\\/revistaregional.com.br\\\/site\\\/2020\\\/07\\\/03\\\/covid-salto-e-a-cidade-que-menos-testa-a-populacao-na-regiao-2\\\/\"},\"wordCount\":971,\"image\":{\"@id\":\"https:\\\/\\\/revistaregional.com.br\\\/site\\\/2020\\\/07\\\/03\\\/covid-salto-e-a-cidade-que-menos-testa-a-populacao-na-regiao-2\\\/#primaryimage\"},\"thumbnailUrl\":\"https:\\\/\\\/revistaregional.com.br\\\/site\\\/wp-content\\\/uploads\\\/2020\\\/07\\\/ind.jpg\",\"keywords\":[\"Sa\u00fade e Beleza\"],\"articleSection\":[\"Destaque Lateral\",\"Sa\u00fade e Beleza\"],\"inLanguage\":\"pt-BR\"},{\"@type\":\"WebPage\",\"@id\":\"https:\\\/\\\/revistaregional.com.br\\\/site\\\/2020\\\/07\\\/03\\\/covid-salto-e-a-cidade-que-menos-testa-a-populacao-na-regiao-2\\\/\",\"url\":\"https:\\\/\\\/revistaregional.com.br\\\/site\\\/2020\\\/07\\\/03\\\/covid-salto-e-a-cidade-que-menos-testa-a-populacao-na-regiao-2\\\/\",\"name\":\"Indaiatuba e Salto t\u00eam mais mortes por covid; Salto \u00e9 a que menos testa a popula\u00e7\u00e3o - Revista Regional\",\"isPartOf\":{\"@id\":\"https:\\\/\\\/revistaregional.com.br\\\/site\\\/#website\"},\"primaryImageOfPage\":{\"@id\":\"https:\\\/\\\/revistaregional.com.br\\\/site\\\/2020\\\/07\\\/03\\\/covid-salto-e-a-cidade-que-menos-testa-a-populacao-na-regiao-2\\\/#primaryimage\"},\"image\":{\"@id\":\"https:\\\/\\\/revistaregional.com.br\\\/site\\\/2020\\\/07\\\/03\\\/covid-salto-e-a-cidade-que-menos-testa-a-populacao-na-regiao-2\\\/#primaryimage\"},\"thumbnailUrl\":\"https:\\\/\\\/revistaregional.com.br\\\/site\\\/wp-content\\\/uploads\\\/2020\\\/07\\\/ind.jpg\",\"datePublished\":\"2020-07-03T21:19:03+00:00\",\"dateModified\":\"2024-01-26T12:29:38+00:00\",\"author\":{\"@id\":\"https:\\\/\\\/revistaregional.com.br\\\/site\\\/#\\\/schema\\\/person\\\/382af97c580dc1b18f55107bc316010d\"},\"breadcrumb\":{\"@id\":\"https:\\\/\\\/revistaregional.com.br\\\/site\\\/2020\\\/07\\\/03\\\/covid-salto-e-a-cidade-que-menos-testa-a-populacao-na-regiao-2\\\/#breadcrumb\"},\"inLanguage\":\"pt-BR\",\"potentialAction\":[{\"@type\":\"ReadAction\",\"target\":[\"https:\\\/\\\/revistaregional.com.br\\\/site\\\/2020\\\/07\\\/03\\\/covid-salto-e-a-cidade-que-menos-testa-a-populacao-na-regiao-2\\\/\"]}]},{\"@type\":\"ImageObject\",\"inLanguage\":\"pt-BR\",\"@id\":\"https:\\\/\\\/revistaregional.com.br\\\/site\\\/2020\\\/07\\\/03\\\/covid-salto-e-a-cidade-que-menos-testa-a-populacao-na-regiao-2\\\/#primaryimage\",\"url\":\"https:\\\/\\\/revistaregional.com.br\\\/site\\\/wp-content\\\/uploads\\\/2020\\\/07\\\/ind.jpg\",\"contentUrl\":\"https:\\\/\\\/revistaregional.com.br\\\/site\\\/wp-content\\\/uploads\\\/2020\\\/07\\\/ind.jpg\",\"width\":800,\"height\":536,\"caption\":\"Regi\u00e3o soma mais de 4,5 mil casos de covid\"},{\"@type\":\"BreadcrumbList\",\"@id\":\"https:\\\/\\\/revistaregional.com.br\\\/site\\\/2020\\\/07\\\/03\\\/covid-salto-e-a-cidade-que-menos-testa-a-populacao-na-regiao-2\\\/#breadcrumb\",\"itemListElement\":[{\"@type\":\"ListItem\",\"position\":1,\"name\":\"In\u00edcio\",\"item\":\"https:\\\/\\\/revistaregional.com.br\\\/site\\\/\"},{\"@type\":\"ListItem\",\"position\":2,\"name\":\"Indaiatuba e Salto t\u00eam mais mortes por covid; Salto \u00e9 a que menos testa a popula\u00e7\u00e3o\"}]},{\"@type\":\"WebSite\",\"@id\":\"https:\\\/\\\/revistaregional.com.br\\\/site\\\/#website\",\"url\":\"https:\\\/\\\/revistaregional.com.br\\\/site\\\/\",\"name\":\"Revista Regional\",\"description\":\"Salto - Itu - Indaituba\",\"potentialAction\":[{\"@type\":\"SearchAction\",\"target\":{\"@type\":\"EntryPoint\",\"urlTemplate\":\"https:\\\/\\\/revistaregional.com.br\\\/site\\\/?s={search_term_string}\"},\"query-input\":{\"@type\":\"PropertyValueSpecification\",\"valueRequired\":true,\"valueName\":\"search_term_string\"}}],\"inLanguage\":\"pt-BR\"},{\"@type\":\"Person\",\"@id\":\"https:\\\/\\\/revistaregional.com.br\\\/site\\\/#\\\/schema\\\/person\\\/382af97c580dc1b18f55107bc316010d\",\"name\":\"contato@revistaregional.com.br\",\"image\":{\"@type\":\"ImageObject\",\"inLanguage\":\"pt-BR\",\"@id\":\"https:\\\/\\\/secure.gravatar.com\\\/avatar\\\/869822917e96b2e292d5827e4635855396934485e7c4a0af84e9a214e32ca0cd?s=96&d=mm&r=g\",\"url\":\"https:\\\/\\\/secure.gravatar.com\\\/avatar\\\/869822917e96b2e292d5827e4635855396934485e7c4a0af84e9a214e32ca0cd?s=96&d=mm&r=g\",\"contentUrl\":\"https:\\\/\\\/secure.gravatar.com\\\/avatar\\\/869822917e96b2e292d5827e4635855396934485e7c4a0af84e9a214e32ca0cd?s=96&d=mm&r=g\",\"caption\":\"contato@revistaregional.com.br\"},\"url\":\"https:\\\/\\\/revistaregional.com.br\\\/site\\\/author\\\/contato@revistaregional.com.br\\\/\"}]}<\/script>\n<!-- \/ Yoast SEO plugin. -->","yoast_head_json":{"title":"Indaiatuba e Salto t\u00eam mais mortes por covid; Salto \u00e9 a que menos testa a popula\u00e7\u00e3o - Revista Regional","robots":{"index":"index","follow":"follow","max-snippet":"max-snippet:-1","max-image-preview":"max-image-preview:large","max-video-preview":"max-video-preview:-1"},"canonical":"https:\/\/revistaregional.com.br\/site\/2020\/07\/03\/covid-salto-e-a-cidade-que-menos-testa-a-populacao-na-regiao-2\/","og_locale":"pt_BR","og_type":"article","og_title":"Indaiatuba e Salto t\u00eam mais mortes por covid; Salto \u00e9 a que menos testa a popula\u00e7\u00e3o - Revista Regional","og_description":"Indaiatuba registrou mais 3 mortes nas \u00faltimas 24 horas; Salto, mais 1; Desde o in\u00edcio da pandemia, Salto foi a cidade que menos testou sua popula\u00e7\u00e3o, foram apenas 886 pacientes at\u00e9 a quinta-feira, 02 de julho; Indaiatuba, nesta sexta, regrediu para a Fase Vermelha do Plano SP e ter\u00e1 de fechar novamente o com\u00e9rcio n\u00e3o-essencial [&hellip;]","og_url":"https:\/\/revistaregional.com.br\/site\/2020\/07\/03\/covid-salto-e-a-cidade-que-menos-testa-a-populacao-na-regiao-2\/","og_site_name":"Revista Regional","article_published_time":"2020-07-03T21:19:03+00:00","article_modified_time":"2024-01-26T12:29:38+00:00","og_image":[{"width":800,"height":536,"url":"https:\/\/revistaregional.com.br\/site\/wp-content\/uploads\/2020\/07\/ind.jpg","type":"image\/jpeg"}],"author":"contato@revistaregional.com.br","twitter_card":"summary_large_image","twitter_misc":{"Escrito por":"contato@revistaregional.com.br","Est. tempo de leitura":"5 minutos"},"schema":{"@context":"https:\/\/schema.org","@graph":[{"@type":"Article","@id":"https:\/\/revistaregional.com.br\/site\/2020\/07\/03\/covid-salto-e-a-cidade-que-menos-testa-a-populacao-na-regiao-2\/#article","isPartOf":{"@id":"https:\/\/revistaregional.com.br\/site\/2020\/07\/03\/covid-salto-e-a-cidade-que-menos-testa-a-populacao-na-regiao-2\/"},"author":{"name":"contato@revistaregional.com.br","@id":"https:\/\/revistaregional.com.br\/site\/#\/schema\/person\/382af97c580dc1b18f55107bc316010d"},"headline":"Indaiatuba e Salto t\u00eam mais mortes por covid; Salto \u00e9 a que menos testa a popula\u00e7\u00e3o","datePublished":"2020-07-03T21:19:03+00:00","dateModified":"2024-01-26T12:29:38+00:00","mainEntityOfPage":{"@id":"https:\/\/revistaregional.com.br\/site\/2020\/07\/03\/covid-salto-e-a-cidade-que-menos-testa-a-populacao-na-regiao-2\/"},"wordCount":971,"image":{"@id":"https:\/\/revistaregional.com.br\/site\/2020\/07\/03\/covid-salto-e-a-cidade-que-menos-testa-a-populacao-na-regiao-2\/#primaryimage"},"thumbnailUrl":"https:\/\/revistaregional.com.br\/site\/wp-content\/uploads\/2020\/07\/ind.jpg","keywords":["Sa\u00fade e Beleza"],"articleSection":["Destaque Lateral","Sa\u00fade e Beleza"],"inLanguage":"pt-BR"},{"@type":"WebPage","@id":"https:\/\/revistaregional.com.br\/site\/2020\/07\/03\/covid-salto-e-a-cidade-que-menos-testa-a-populacao-na-regiao-2\/","url":"https:\/\/revistaregional.com.br\/site\/2020\/07\/03\/covid-salto-e-a-cidade-que-menos-testa-a-populacao-na-regiao-2\/","name":"Indaiatuba e Salto t\u00eam mais mortes por covid; Salto \u00e9 a que menos testa a popula\u00e7\u00e3o - Revista Regional","isPartOf":{"@id":"https:\/\/revistaregional.com.br\/site\/#website"},"primaryImageOfPage":{"@id":"https:\/\/revistaregional.com.br\/site\/2020\/07\/03\/covid-salto-e-a-cidade-que-menos-testa-a-populacao-na-regiao-2\/#primaryimage"},"image":{"@id":"https:\/\/revistaregional.com.br\/site\/2020\/07\/03\/covid-salto-e-a-cidade-que-menos-testa-a-populacao-na-regiao-2\/#primaryimage"},"thumbnailUrl":"https:\/\/revistaregional.com.br\/site\/wp-content\/uploads\/2020\/07\/ind.jpg","datePublished":"2020-07-03T21:19:03+00:00","dateModified":"2024-01-26T12:29:38+00:00","author":{"@id":"https:\/\/revistaregional.com.br\/site\/#\/schema\/person\/382af97c580dc1b18f55107bc316010d"},"breadcrumb":{"@id":"https:\/\/revistaregional.com.br\/site\/2020\/07\/03\/covid-salto-e-a-cidade-que-menos-testa-a-populacao-na-regiao-2\/#breadcrumb"},"inLanguage":"pt-BR","potentialAction":[{"@type":"ReadAction","target":["https:\/\/revistaregional.com.br\/site\/2020\/07\/03\/covid-salto-e-a-cidade-que-menos-testa-a-populacao-na-regiao-2\/"]}]},{"@type":"ImageObject","inLanguage":"pt-BR","@id":"https:\/\/revistaregional.com.br\/site\/2020\/07\/03\/covid-salto-e-a-cidade-que-menos-testa-a-populacao-na-regiao-2\/#primaryimage","url":"https:\/\/revistaregional.com.br\/site\/wp-content\/uploads\/2020\/07\/ind.jpg","contentUrl":"https:\/\/revistaregional.com.br\/site\/wp-content\/uploads\/2020\/07\/ind.jpg","width":800,"height":536,"caption":"Regi\u00e3o soma mais de 4,5 mil casos de covid"},{"@type":"BreadcrumbList","@id":"https:\/\/revistaregional.com.br\/site\/2020\/07\/03\/covid-salto-e-a-cidade-que-menos-testa-a-populacao-na-regiao-2\/#breadcrumb","itemListElement":[{"@type":"ListItem","position":1,"name":"In\u00edcio","item":"https:\/\/revistaregional.com.br\/site\/"},{"@type":"ListItem","position":2,"name":"Indaiatuba e Salto t\u00eam mais mortes por covid; Salto \u00e9 a que menos testa a popula\u00e7\u00e3o"}]},{"@type":"WebSite","@id":"https:\/\/revistaregional.com.br\/site\/#website","url":"https:\/\/revistaregional.com.br\/site\/","name":"Revista Regional","description":"Salto - Itu - Indaituba","potentialAction":[{"@type":"SearchAction","target":{"@type":"EntryPoint","urlTemplate":"https:\/\/revistaregional.com.br\/site\/?s={search_term_string}"},"query-input":{"@type":"PropertyValueSpecification","valueRequired":true,"valueName":"search_term_string"}}],"inLanguage":"pt-BR"},{"@type":"Person","@id":"https:\/\/revistaregional.com.br\/site\/#\/schema\/person\/382af97c580dc1b18f55107bc316010d","name":"contato@revistaregional.com.br","image":{"@type":"ImageObject","inLanguage":"pt-BR","@id":"https:\/\/secure.gravatar.com\/avatar\/869822917e96b2e292d5827e4635855396934485e7c4a0af84e9a214e32ca0cd?s=96&d=mm&r=g","url":"https:\/\/secure.gravatar.com\/avatar\/869822917e96b2e292d5827e4635855396934485e7c4a0af84e9a214e32ca0cd?s=96&d=mm&r=g","contentUrl":"https:\/\/secure.gravatar.com\/avatar\/869822917e96b2e292d5827e4635855396934485e7c4a0af84e9a214e32ca0cd?s=96&d=mm&r=g","caption":"contato@revistaregional.com.br"},"url":"https:\/\/revistaregional.com.br\/site\/author\/contato@revistaregional.com.br\/"}]}},"views":159,"_links":{"self":[{"href":"https:\/\/revistaregional.com.br\/site\/wp-json\/wp\/v2\/posts\/22798","targetHints":{"allow":["GET"]}}],"collection":[{"href":"https:\/\/revistaregional.com.br\/site\/wp-json\/wp\/v2\/posts"}],"about":[{"href":"https:\/\/revistaregional.com.br\/site\/wp-json\/wp\/v2\/types\/post"}],"author":[{"embeddable":true,"href":"https:\/\/revistaregional.com.br\/site\/wp-json\/wp\/v2\/users\/1"}],"replies":[{"embeddable":true,"href":"https:\/\/revistaregional.com.br\/site\/wp-json\/wp\/v2\/comments?post=22798"}],"version-history":[{"count":3,"href":"https:\/\/revistaregional.com.br\/site\/wp-json\/wp\/v2\/posts\/22798\/revisions"}],"predecessor-version":[{"id":22802,"href":"https:\/\/revistaregional.com.br\/site\/wp-json\/wp\/v2\/posts\/22798\/revisions\/22802"}],"wp:featuredmedia":[{"embeddable":true,"href":"https:\/\/revistaregional.com.br\/site\/wp-json\/wp\/v2\/media\/22799"}],"wp:attachment":[{"href":"https:\/\/revistaregional.com.br\/site\/wp-json\/wp\/v2\/media?parent=22798"}],"wp:term":[{"taxonomy":"category","embeddable":true,"href":"https:\/\/revistaregional.com.br\/site\/wp-json\/wp\/v2\/categories?post=22798"},{"taxonomy":"post_tag","embeddable":true,"href":"https:\/\/revistaregional.com.br\/site\/wp-json\/wp\/v2\/tags?post=22798"}],"curies":[{"name":"wp","href":"https:\/\/api.w.org\/{rel}","templated":true}]}}