{"id":22794,"date":"2020-07-03T15:45:12","date_gmt":"2020-07-03T18:45:12","guid":{"rendered":"https:\/\/revistaregional.com.br\/site\/?p=22794"},"modified":"2024-01-26T09:29:39","modified_gmt":"2024-01-26T12:29:39","slug":"covid-salto-e-a-cidade-que-menos-testa-a-populacao-na-regiao","status":"publish","type":"post","link":"https:\/\/revistaregional.com.br\/site\/2020\/07\/03\/covid-salto-e-a-cidade-que-menos-testa-a-populacao-na-regiao\/","title":{"rendered":"Covid: Salto \u00e9 a cidade que menos testa a popula\u00e7\u00e3o na regi\u00e3o"},"content":{"rendered":"<figure id=\"attachment_22795\" aria-describedby=\"caption-attachment-22795\" style=\"width: 346px\" class=\"wp-caption alignright\"><a href=\"https:\/\/revistaregional.com.br\/site\/wp-content\/uploads\/2020\/07\/app-3-julho.jpg\"><img fetchpriority=\"high\" decoding=\"async\" class=\"wp-image-22795\" src=\"https:\/\/revistaregional.com.br\/site\/wp-content\/uploads\/2020\/07\/app-3-julho.jpg\" alt=\"\" width=\"346\" height=\"247\" data-id=\"22795\" srcset=\"https:\/\/revistaregional.com.br\/site\/wp-content\/uploads\/2020\/07\/app-3-julho.jpg 626w, https:\/\/revistaregional.com.br\/site\/wp-content\/uploads\/2020\/07\/app-3-julho-300x214.jpg 300w, https:\/\/revistaregional.com.br\/site\/wp-content\/uploads\/2020\/07\/app-3-julho-150x107.jpg 150w\" sizes=\"(max-width: 346px) 100vw, 346px\" \/><\/a><figcaption id=\"caption-attachment-22795\" class=\"wp-caption-text\">Salto \u00e9 a cidade que menos testa sua popula\u00e7\u00e3o na pandemia de covid-19<\/figcaption><\/figure>\n<p><strong>Indaiatuba \u00e9 a cidade da regi\u00e3o que mais aplica os testes de covid, com mais de 10 mil exames, quase 4% dos moradores; Salto, desde o in\u00edcio da pandemia, testou 886 pacientes at\u00e9 a quinta-feira, 02 de julho<\/strong><\/p>\n<p>A Prefeitura de Salto confirmou \u00e0 Revista Regional na manh\u00e3 desta sexta-feira, 03 de julho, que aplicou apenas 886 testes de covid desde o in\u00edcio da pandemia, em mar\u00e7o. Sua popula\u00e7\u00e3o \u00e9 de aproximadamente 100 mil habitantes. O n\u00famero equivale a 8,5 testes a cada 1 mil habitantes.<\/p>\n<p>Como compara\u00e7\u00e3o, Indaiatuba \u00e9 o munic\u00edpio da regi\u00e3o que mais tem testado seus residentes, cerca de 42 testes para cada 1 mil indaiatubanos. Foram pouco mais de 10 mil pessoas, cerca de 4% da cidade, desde o in\u00edcio do surto de coronav\u00edrus, com cerca de 1,8 mil positivos. Itu, tamb\u00e9m com pouca testagem, aplicou 2.717 at\u00e9 o dia 1\u00ba de julho, cerca de 16 testes por 1 mil ituanos. Maior cidade do Interior, Campinas foi orientada pelo Minist\u00e9rio P\u00fablico a criar um protocolo para testagem em massa da popula\u00e7\u00e3o, incluindo moradores que apresentaram sintomas leves, graves ou morreram por complica\u00e7\u00f5es da doen\u00e7a; e pessoas assintom\u00e1ticas, que tiveram contato com sintom\u00e1ticos, e atuem em servi\u00e7os considerados essenciais ou estejam em grupos de risco ou vulnerabilidade.<\/p>\n<p>A principal recomenda\u00e7\u00e3o da OMS (Organiza\u00e7\u00e3o Mundial da Sa\u00fade) \u00e9 para que os governos testem sua popula\u00e7\u00e3o ao m\u00e1ximo, como a melhor maneira de retardar o avan\u00e7o da pandemia. &#8220;Temos uma mensagem simples para todos: teste, teste, teste&#8221;, disse o diretor-geral da OMS, Tedros Adhanom Ghebreyesus, logo no come\u00e7o da crise sanit\u00e1ria mundial. Sem testes, os casos n\u00e3o podem ser isolados e a cadeia de infec\u00e7\u00e3o n\u00e3o ser\u00e1 interrompida, acrescentou na ocasi\u00e3o.<\/p>\n<p>Em Salto, pacientes com sintomas gripais t\u00eam reclamado da falta de testagem nas unidades de sa\u00fade da cidade. At\u00e9 mesmo familiares de pessoas infectadas n\u00e3o est\u00e3o sendo testados, ao contr\u00e1rio dos crit\u00e9rios adotados pelos demais governos. Em resposta \u00e0 Revista Regional, a Prefeitura saltense afirmou que a administra\u00e7\u00e3o municipal \u201csegue as recomenda\u00e7\u00f5es conforme orienta\u00e7\u00e3o da Vigil\u00e2ncia Epidemiol\u00f3gica e que os testes devem ser somente para sintom\u00e1ticos que se enquadrem nas seguintes categorias: profissionais de sa\u00fade em atividade; profissionais de seguran\u00e7a p\u00fablica em atividade; pessoas com 60 anos ou mais, residentes em institui\u00e7\u00f5es de longa perman\u00eancia de idosos (ILPI); pessoas com 60 anos ou mais, portadores de comorbidades de risco para complica\u00e7\u00e3o de covid-19; demais pessoas sintom\u00e1ticas com idade igual ou superior a 60 anos (numa primeira etapa o exame ser\u00e1 realizado na popula\u00e7\u00e3o possivelmente vetora e popula\u00e7\u00e3o com condi\u00e7\u00f5es de risco sintom\u00e1ticas); profissionais da limpeza p\u00fablica; profissionais dos transportes p\u00fablicos; cardiopatas graves ou descompensados (insufici\u00eancia card\u00edaca, infartados, revascularizados, portadores de arritmias, hipertens\u00e3o arterial sist\u00eamica descompensada); pneumopatias graves ou descompensados (dependentes de oxig\u00eanio, portadores de asma moderada\/grave, DPOC); imunodeprimidos; doentes renais cr\u00f4nicos em est\u00e1gio avan\u00e7ado (graus 3, 4 e 5); diab\u00e9ticos, conforme ju\u00edzo cl\u00ednico; gestantes de alto risco; popula\u00e7\u00e3o em situa\u00e7\u00e3o de vulnerabilidade social (popula\u00e7\u00e3o em situa\u00e7\u00e3o de rua, quilombolas, povos ind\u00edgenas); e casos suspeitos em institui\u00e7\u00f5es fechadas.\u201d<\/p>\n<p>Salto, at\u00e9 a quinta-feira, 02 de julho, tinha registrado 256 casos de covid, sendo que 10 morreram, 205 se recuperaram e 8 seguem internados (sendo 5 em UTI). H\u00e1 33 em isolamento domiciliar e 71 casos que aguardam resultado de exames. Destes suspeitos, 65 est\u00e3o em isolamento domiciliar, 6 em interna\u00e7\u00e3o cl\u00ednica.<\/p>\n<p>Foto: BIRF<\/p>\n","protected":false},"excerpt":{"rendered":"<p>Indaiatuba \u00e9 a cidade da regi\u00e3o que mais aplica os testes de covid, com mais de 10 mil exames, quase 4% dos moradores; Salto, desde o in\u00edcio da pandemia, testou 886 pacientes at\u00e9 a quinta-feira, 02 de julho A Prefeitura de Salto confirmou \u00e0 Revista Regional na manh\u00e3 desta sexta-feira, 03 de julho, que aplicou [&hellip;]<\/p>\n","protected":false},"author":1,"featured_media":22795,"comment_status":"closed","ping_status":"closed","sticky":false,"template":"","format":"standard","meta":{"_acf_changed":false,"ngg_post_thumbnail":0,"_joinchat":[],"footnotes":""},"categories":[449,8],"tags":[525],"class_list":["post-22794","post","type-post","status-publish","format-standard","has-post-thumbnail","hentry","category-destaque-lateral","category-saude-e-beleza","tag-saude-e-beleza"],"acf":[],"yoast_head":"<!-- This site is optimized with the Yoast SEO plugin v27.4 - https:\/\/yoast.com\/product\/yoast-seo-wordpress\/ -->\n<title>Covid: Salto \u00e9 a cidade que menos testa a popula\u00e7\u00e3o na regi\u00e3o - Revista Regional<\/title>\n<meta name=\"robots\" content=\"index, follow, max-snippet:-1, max-image-preview:large, max-video-preview:-1\" \/>\n<link rel=\"canonical\" href=\"https:\/\/revistaregional.com.br\/site\/2020\/07\/03\/covid-salto-e-a-cidade-que-menos-testa-a-populacao-na-regiao\/\" \/>\n<meta property=\"og:locale\" content=\"pt_BR\" \/>\n<meta property=\"og:type\" content=\"article\" \/>\n<meta property=\"og:title\" content=\"Covid: Salto \u00e9 a cidade que menos testa a popula\u00e7\u00e3o na regi\u00e3o - Revista Regional\" \/>\n<meta property=\"og:description\" content=\"Indaiatuba \u00e9 a cidade da regi\u00e3o que mais aplica os testes de covid, com mais de 10 mil exames, quase 4% dos moradores; Salto, desde o in\u00edcio da pandemia, testou 886 pacientes at\u00e9 a quinta-feira, 02 de julho A Prefeitura de Salto confirmou \u00e0 Revista Regional na manh\u00e3 desta sexta-feira, 03 de julho, que aplicou [&hellip;]\" \/>\n<meta property=\"og:url\" content=\"https:\/\/revistaregional.com.br\/site\/2020\/07\/03\/covid-salto-e-a-cidade-que-menos-testa-a-populacao-na-regiao\/\" \/>\n<meta property=\"og:site_name\" content=\"Revista Regional\" \/>\n<meta property=\"article:published_time\" content=\"2020-07-03T18:45:12+00:00\" \/>\n<meta property=\"article:modified_time\" content=\"2024-01-26T12:29:39+00:00\" \/>\n<meta property=\"og:image\" content=\"https:\/\/revistaregional.com.br\/site\/wp-content\/uploads\/2020\/07\/app-3-julho.jpg\" \/>\n\t<meta property=\"og:image:width\" content=\"626\" \/>\n\t<meta property=\"og:image:height\" content=\"447\" \/>\n\t<meta property=\"og:image:type\" content=\"image\/jpeg\" \/>\n<meta name=\"author\" content=\"contato@revistaregional.com.br\" \/>\n<meta name=\"twitter:card\" content=\"summary_large_image\" \/>\n<meta name=\"twitter:label1\" content=\"Escrito por\" \/>\n\t<meta name=\"twitter:data1\" content=\"contato@revistaregional.com.br\" \/>\n\t<meta name=\"twitter:label2\" content=\"Est. tempo de leitura\" \/>\n\t<meta name=\"twitter:data2\" content=\"3 minutos\" \/>\n<script type=\"application\/ld+json\" class=\"yoast-schema-graph\">{\"@context\":\"https:\\\/\\\/schema.org\",\"@graph\":[{\"@type\":\"Article\",\"@id\":\"https:\\\/\\\/revistaregional.com.br\\\/site\\\/2020\\\/07\\\/03\\\/covid-salto-e-a-cidade-que-menos-testa-a-populacao-na-regiao\\\/#article\",\"isPartOf\":{\"@id\":\"https:\\\/\\\/revistaregional.com.br\\\/site\\\/2020\\\/07\\\/03\\\/covid-salto-e-a-cidade-que-menos-testa-a-populacao-na-regiao\\\/\"},\"author\":{\"name\":\"contato@revistaregional.com.br\",\"@id\":\"https:\\\/\\\/revistaregional.com.br\\\/site\\\/#\\\/schema\\\/person\\\/382af97c580dc1b18f55107bc316010d\"},\"headline\":\"Covid: Salto \u00e9 a cidade que menos testa a popula\u00e7\u00e3o na regi\u00e3o\",\"datePublished\":\"2020-07-03T18:45:12+00:00\",\"dateModified\":\"2024-01-26T12:29:39+00:00\",\"mainEntityOfPage\":{\"@id\":\"https:\\\/\\\/revistaregional.com.br\\\/site\\\/2020\\\/07\\\/03\\\/covid-salto-e-a-cidade-que-menos-testa-a-populacao-na-regiao\\\/\"},\"wordCount\":624,\"image\":{\"@id\":\"https:\\\/\\\/revistaregional.com.br\\\/site\\\/2020\\\/07\\\/03\\\/covid-salto-e-a-cidade-que-menos-testa-a-populacao-na-regiao\\\/#primaryimage\"},\"thumbnailUrl\":\"https:\\\/\\\/revistaregional.com.br\\\/site\\\/wp-content\\\/uploads\\\/2020\\\/07\\\/app-3-julho.jpg\",\"keywords\":[\"Sa\u00fade e Beleza\"],\"articleSection\":[\"Destaque Lateral\",\"Sa\u00fade e Beleza\"],\"inLanguage\":\"pt-BR\"},{\"@type\":\"WebPage\",\"@id\":\"https:\\\/\\\/revistaregional.com.br\\\/site\\\/2020\\\/07\\\/03\\\/covid-salto-e-a-cidade-que-menos-testa-a-populacao-na-regiao\\\/\",\"url\":\"https:\\\/\\\/revistaregional.com.br\\\/site\\\/2020\\\/07\\\/03\\\/covid-salto-e-a-cidade-que-menos-testa-a-populacao-na-regiao\\\/\",\"name\":\"Covid: Salto \u00e9 a cidade que menos testa a popula\u00e7\u00e3o na regi\u00e3o - Revista Regional\",\"isPartOf\":{\"@id\":\"https:\\\/\\\/revistaregional.com.br\\\/site\\\/#website\"},\"primaryImageOfPage\":{\"@id\":\"https:\\\/\\\/revistaregional.com.br\\\/site\\\/2020\\\/07\\\/03\\\/covid-salto-e-a-cidade-que-menos-testa-a-populacao-na-regiao\\\/#primaryimage\"},\"image\":{\"@id\":\"https:\\\/\\\/revistaregional.com.br\\\/site\\\/2020\\\/07\\\/03\\\/covid-salto-e-a-cidade-que-menos-testa-a-populacao-na-regiao\\\/#primaryimage\"},\"thumbnailUrl\":\"https:\\\/\\\/revistaregional.com.br\\\/site\\\/wp-content\\\/uploads\\\/2020\\\/07\\\/app-3-julho.jpg\",\"datePublished\":\"2020-07-03T18:45:12+00:00\",\"dateModified\":\"2024-01-26T12:29:39+00:00\",\"author\":{\"@id\":\"https:\\\/\\\/revistaregional.com.br\\\/site\\\/#\\\/schema\\\/person\\\/382af97c580dc1b18f55107bc316010d\"},\"breadcrumb\":{\"@id\":\"https:\\\/\\\/revistaregional.com.br\\\/site\\\/2020\\\/07\\\/03\\\/covid-salto-e-a-cidade-que-menos-testa-a-populacao-na-regiao\\\/#breadcrumb\"},\"inLanguage\":\"pt-BR\",\"potentialAction\":[{\"@type\":\"ReadAction\",\"target\":[\"https:\\\/\\\/revistaregional.com.br\\\/site\\\/2020\\\/07\\\/03\\\/covid-salto-e-a-cidade-que-menos-testa-a-populacao-na-regiao\\\/\"]}]},{\"@type\":\"ImageObject\",\"inLanguage\":\"pt-BR\",\"@id\":\"https:\\\/\\\/revistaregional.com.br\\\/site\\\/2020\\\/07\\\/03\\\/covid-salto-e-a-cidade-que-menos-testa-a-populacao-na-regiao\\\/#primaryimage\",\"url\":\"https:\\\/\\\/revistaregional.com.br\\\/site\\\/wp-content\\\/uploads\\\/2020\\\/07\\\/app-3-julho.jpg\",\"contentUrl\":\"https:\\\/\\\/revistaregional.com.br\\\/site\\\/wp-content\\\/uploads\\\/2020\\\/07\\\/app-3-julho.jpg\",\"width\":626,\"height\":447},{\"@type\":\"BreadcrumbList\",\"@id\":\"https:\\\/\\\/revistaregional.com.br\\\/site\\\/2020\\\/07\\\/03\\\/covid-salto-e-a-cidade-que-menos-testa-a-populacao-na-regiao\\\/#breadcrumb\",\"itemListElement\":[{\"@type\":\"ListItem\",\"position\":1,\"name\":\"In\u00edcio\",\"item\":\"https:\\\/\\\/revistaregional.com.br\\\/site\\\/\"},{\"@type\":\"ListItem\",\"position\":2,\"name\":\"Covid: Salto \u00e9 a cidade que menos testa a popula\u00e7\u00e3o na regi\u00e3o\"}]},{\"@type\":\"WebSite\",\"@id\":\"https:\\\/\\\/revistaregional.com.br\\\/site\\\/#website\",\"url\":\"https:\\\/\\\/revistaregional.com.br\\\/site\\\/\",\"name\":\"Revista Regional\",\"description\":\"Salto - Itu - Indaituba\",\"potentialAction\":[{\"@type\":\"SearchAction\",\"target\":{\"@type\":\"EntryPoint\",\"urlTemplate\":\"https:\\\/\\\/revistaregional.com.br\\\/site\\\/?s={search_term_string}\"},\"query-input\":{\"@type\":\"PropertyValueSpecification\",\"valueRequired\":true,\"valueName\":\"search_term_string\"}}],\"inLanguage\":\"pt-BR\"},{\"@type\":\"Person\",\"@id\":\"https:\\\/\\\/revistaregional.com.br\\\/site\\\/#\\\/schema\\\/person\\\/382af97c580dc1b18f55107bc316010d\",\"name\":\"contato@revistaregional.com.br\",\"image\":{\"@type\":\"ImageObject\",\"inLanguage\":\"pt-BR\",\"@id\":\"https:\\\/\\\/secure.gravatar.com\\\/avatar\\\/869822917e96b2e292d5827e4635855396934485e7c4a0af84e9a214e32ca0cd?s=96&d=mm&r=g\",\"url\":\"https:\\\/\\\/secure.gravatar.com\\\/avatar\\\/869822917e96b2e292d5827e4635855396934485e7c4a0af84e9a214e32ca0cd?s=96&d=mm&r=g\",\"contentUrl\":\"https:\\\/\\\/secure.gravatar.com\\\/avatar\\\/869822917e96b2e292d5827e4635855396934485e7c4a0af84e9a214e32ca0cd?s=96&d=mm&r=g\",\"caption\":\"contato@revistaregional.com.br\"},\"url\":\"https:\\\/\\\/revistaregional.com.br\\\/site\\\/author\\\/contato@revistaregional.com.br\\\/\"}]}<\/script>\n<!-- \/ Yoast SEO plugin. -->","yoast_head_json":{"title":"Covid: Salto \u00e9 a cidade que menos testa a popula\u00e7\u00e3o na regi\u00e3o - Revista Regional","robots":{"index":"index","follow":"follow","max-snippet":"max-snippet:-1","max-image-preview":"max-image-preview:large","max-video-preview":"max-video-preview:-1"},"canonical":"https:\/\/revistaregional.com.br\/site\/2020\/07\/03\/covid-salto-e-a-cidade-que-menos-testa-a-populacao-na-regiao\/","og_locale":"pt_BR","og_type":"article","og_title":"Covid: Salto \u00e9 a cidade que menos testa a popula\u00e7\u00e3o na regi\u00e3o - Revista Regional","og_description":"Indaiatuba \u00e9 a cidade da regi\u00e3o que mais aplica os testes de covid, com mais de 10 mil exames, quase 4% dos moradores; Salto, desde o in\u00edcio da pandemia, testou 886 pacientes at\u00e9 a quinta-feira, 02 de julho A Prefeitura de Salto confirmou \u00e0 Revista Regional na manh\u00e3 desta sexta-feira, 03 de julho, que aplicou [&hellip;]","og_url":"https:\/\/revistaregional.com.br\/site\/2020\/07\/03\/covid-salto-e-a-cidade-que-menos-testa-a-populacao-na-regiao\/","og_site_name":"Revista Regional","article_published_time":"2020-07-03T18:45:12+00:00","article_modified_time":"2024-01-26T12:29:39+00:00","og_image":[{"width":626,"height":447,"url":"https:\/\/revistaregional.com.br\/site\/wp-content\/uploads\/2020\/07\/app-3-julho.jpg","type":"image\/jpeg"}],"author":"contato@revistaregional.com.br","twitter_card":"summary_large_image","twitter_misc":{"Escrito por":"contato@revistaregional.com.br","Est. tempo de leitura":"3 minutos"},"schema":{"@context":"https:\/\/schema.org","@graph":[{"@type":"Article","@id":"https:\/\/revistaregional.com.br\/site\/2020\/07\/03\/covid-salto-e-a-cidade-que-menos-testa-a-populacao-na-regiao\/#article","isPartOf":{"@id":"https:\/\/revistaregional.com.br\/site\/2020\/07\/03\/covid-salto-e-a-cidade-que-menos-testa-a-populacao-na-regiao\/"},"author":{"name":"contato@revistaregional.com.br","@id":"https:\/\/revistaregional.com.br\/site\/#\/schema\/person\/382af97c580dc1b18f55107bc316010d"},"headline":"Covid: Salto \u00e9 a cidade que menos testa a popula\u00e7\u00e3o na regi\u00e3o","datePublished":"2020-07-03T18:45:12+00:00","dateModified":"2024-01-26T12:29:39+00:00","mainEntityOfPage":{"@id":"https:\/\/revistaregional.com.br\/site\/2020\/07\/03\/covid-salto-e-a-cidade-que-menos-testa-a-populacao-na-regiao\/"},"wordCount":624,"image":{"@id":"https:\/\/revistaregional.com.br\/site\/2020\/07\/03\/covid-salto-e-a-cidade-que-menos-testa-a-populacao-na-regiao\/#primaryimage"},"thumbnailUrl":"https:\/\/revistaregional.com.br\/site\/wp-content\/uploads\/2020\/07\/app-3-julho.jpg","keywords":["Sa\u00fade e Beleza"],"articleSection":["Destaque Lateral","Sa\u00fade e Beleza"],"inLanguage":"pt-BR"},{"@type":"WebPage","@id":"https:\/\/revistaregional.com.br\/site\/2020\/07\/03\/covid-salto-e-a-cidade-que-menos-testa-a-populacao-na-regiao\/","url":"https:\/\/revistaregional.com.br\/site\/2020\/07\/03\/covid-salto-e-a-cidade-que-menos-testa-a-populacao-na-regiao\/","name":"Covid: Salto \u00e9 a cidade que menos testa a popula\u00e7\u00e3o na regi\u00e3o - Revista Regional","isPartOf":{"@id":"https:\/\/revistaregional.com.br\/site\/#website"},"primaryImageOfPage":{"@id":"https:\/\/revistaregional.com.br\/site\/2020\/07\/03\/covid-salto-e-a-cidade-que-menos-testa-a-populacao-na-regiao\/#primaryimage"},"image":{"@id":"https:\/\/revistaregional.com.br\/site\/2020\/07\/03\/covid-salto-e-a-cidade-que-menos-testa-a-populacao-na-regiao\/#primaryimage"},"thumbnailUrl":"https:\/\/revistaregional.com.br\/site\/wp-content\/uploads\/2020\/07\/app-3-julho.jpg","datePublished":"2020-07-03T18:45:12+00:00","dateModified":"2024-01-26T12:29:39+00:00","author":{"@id":"https:\/\/revistaregional.com.br\/site\/#\/schema\/person\/382af97c580dc1b18f55107bc316010d"},"breadcrumb":{"@id":"https:\/\/revistaregional.com.br\/site\/2020\/07\/03\/covid-salto-e-a-cidade-que-menos-testa-a-populacao-na-regiao\/#breadcrumb"},"inLanguage":"pt-BR","potentialAction":[{"@type":"ReadAction","target":["https:\/\/revistaregional.com.br\/site\/2020\/07\/03\/covid-salto-e-a-cidade-que-menos-testa-a-populacao-na-regiao\/"]}]},{"@type":"ImageObject","inLanguage":"pt-BR","@id":"https:\/\/revistaregional.com.br\/site\/2020\/07\/03\/covid-salto-e-a-cidade-que-menos-testa-a-populacao-na-regiao\/#primaryimage","url":"https:\/\/revistaregional.com.br\/site\/wp-content\/uploads\/2020\/07\/app-3-julho.jpg","contentUrl":"https:\/\/revistaregional.com.br\/site\/wp-content\/uploads\/2020\/07\/app-3-julho.jpg","width":626,"height":447},{"@type":"BreadcrumbList","@id":"https:\/\/revistaregional.com.br\/site\/2020\/07\/03\/covid-salto-e-a-cidade-que-menos-testa-a-populacao-na-regiao\/#breadcrumb","itemListElement":[{"@type":"ListItem","position":1,"name":"In\u00edcio","item":"https:\/\/revistaregional.com.br\/site\/"},{"@type":"ListItem","position":2,"name":"Covid: Salto \u00e9 a cidade que menos testa a popula\u00e7\u00e3o na regi\u00e3o"}]},{"@type":"WebSite","@id":"https:\/\/revistaregional.com.br\/site\/#website","url":"https:\/\/revistaregional.com.br\/site\/","name":"Revista Regional","description":"Salto - Itu - Indaituba","potentialAction":[{"@type":"SearchAction","target":{"@type":"EntryPoint","urlTemplate":"https:\/\/revistaregional.com.br\/site\/?s={search_term_string}"},"query-input":{"@type":"PropertyValueSpecification","valueRequired":true,"valueName":"search_term_string"}}],"inLanguage":"pt-BR"},{"@type":"Person","@id":"https:\/\/revistaregional.com.br\/site\/#\/schema\/person\/382af97c580dc1b18f55107bc316010d","name":"contato@revistaregional.com.br","image":{"@type":"ImageObject","inLanguage":"pt-BR","@id":"https:\/\/secure.gravatar.com\/avatar\/869822917e96b2e292d5827e4635855396934485e7c4a0af84e9a214e32ca0cd?s=96&d=mm&r=g","url":"https:\/\/secure.gravatar.com\/avatar\/869822917e96b2e292d5827e4635855396934485e7c4a0af84e9a214e32ca0cd?s=96&d=mm&r=g","contentUrl":"https:\/\/secure.gravatar.com\/avatar\/869822917e96b2e292d5827e4635855396934485e7c4a0af84e9a214e32ca0cd?s=96&d=mm&r=g","caption":"contato@revistaregional.com.br"},"url":"https:\/\/revistaregional.com.br\/site\/author\/contato@revistaregional.com.br\/"}]}},"views":112,"_links":{"self":[{"href":"https:\/\/revistaregional.com.br\/site\/wp-json\/wp\/v2\/posts\/22794","targetHints":{"allow":["GET"]}}],"collection":[{"href":"https:\/\/revistaregional.com.br\/site\/wp-json\/wp\/v2\/posts"}],"about":[{"href":"https:\/\/revistaregional.com.br\/site\/wp-json\/wp\/v2\/types\/post"}],"author":[{"embeddable":true,"href":"https:\/\/revistaregional.com.br\/site\/wp-json\/wp\/v2\/users\/1"}],"replies":[{"embeddable":true,"href":"https:\/\/revistaregional.com.br\/site\/wp-json\/wp\/v2\/comments?post=22794"}],"version-history":[{"count":2,"href":"https:\/\/revistaregional.com.br\/site\/wp-json\/wp\/v2\/posts\/22794\/revisions"}],"predecessor-version":[{"id":22797,"href":"https:\/\/revistaregional.com.br\/site\/wp-json\/wp\/v2\/posts\/22794\/revisions\/22797"}],"wp:featuredmedia":[{"embeddable":true,"href":"https:\/\/revistaregional.com.br\/site\/wp-json\/wp\/v2\/media\/22795"}],"wp:attachment":[{"href":"https:\/\/revistaregional.com.br\/site\/wp-json\/wp\/v2\/media?parent=22794"}],"wp:term":[{"taxonomy":"category","embeddable":true,"href":"https:\/\/revistaregional.com.br\/site\/wp-json\/wp\/v2\/categories?post=22794"},{"taxonomy":"post_tag","embeddable":true,"href":"https:\/\/revistaregional.com.br\/site\/wp-json\/wp\/v2\/tags?post=22794"}],"curies":[{"name":"wp","href":"https:\/\/api.w.org\/{rel}","templated":true}]}}