{"id":22786,"date":"2020-07-02T18:24:03","date_gmt":"2020-07-02T21:24:03","guid":{"rendered":"https:\/\/revistaregional.com.br\/site\/?p=22786"},"modified":"2024-01-26T09:29:40","modified_gmt":"2024-01-26T12:29:40","slug":"em-24h-itu-salto-e-indaiatuba-tem-6-mortes-por-covid","status":"publish","type":"post","link":"https:\/\/revistaregional.com.br\/site\/2020\/07\/02\/em-24h-itu-salto-e-indaiatuba-tem-6-mortes-por-covid\/","title":{"rendered":"Em 24h, Itu, Salto e Indaiatuba t\u00eam 6 mortes por covid"},"content":{"rendered":"<figure id=\"attachment_22787\" aria-describedby=\"caption-attachment-22787\" style=\"width: 596px\" class=\"wp-caption alignleft\"><img fetchpriority=\"high\" decoding=\"async\" class=\" wp-image-22787\" src=\"https:\/\/revistaregional.com.br\/site\/wp-content\/uploads\/2020\/07\/app-4-julho-1024x576.jpeg\" alt=\"\" width=\"596\" height=\"335\" data-id=\"22787\" srcset=\"https:\/\/revistaregional.com.br\/site\/wp-content\/uploads\/2020\/07\/app-4-julho-1024x576.jpeg 1024w, https:\/\/revistaregional.com.br\/site\/wp-content\/uploads\/2020\/07\/app-4-julho-300x169.jpeg 300w, https:\/\/revistaregional.com.br\/site\/wp-content\/uploads\/2020\/07\/app-4-julho-1536x864.jpeg 1536w, https:\/\/revistaregional.com.br\/site\/wp-content\/uploads\/2020\/07\/app-4-julho-150x84.jpeg 150w, https:\/\/revistaregional.com.br\/site\/wp-content\/uploads\/2020\/07\/app-4-julho.jpeg 1778w\" sizes=\"(max-width: 596px) 100vw, 596px\" \/><figcaption id=\"caption-attachment-22787\" class=\"wp-caption-text\">Regi\u00e3o registra mais mortes pelo coronav\u00edrus nas \u00faltimas 24 horas<\/figcaption><\/figure>\n<p><strong><em><u>Com mais 134 contaminados em 24 horas, Indaiatuba atinge 1.867 casos confirmados da doen\u00e7a; Prefeitura afirma que Indaiatuba \u00e9 a cidade da regi\u00e3o que mais testa a popula\u00e7\u00e3o, com mais de 10 mil exames, quase 4% dos moradores; Salto e Itu tamb\u00e9m registraram mais infectados nas \u00faltimas 24 horas<\/u><\/em><\/strong><\/p>\n<p>Nas \u00faltimas 24 horas, as cidades de Itu, Salto e Indaiatuba voltaram a registrar mortes por covid-19. Foram 2 \u00f3bitos em cada munic\u00edpio. Todas tiveram novos infectados. Apenas em Indaiatuba foram 134 contaminados a mais na estat\u00edstica da pandemia. \u00c9 a cidade com maior n\u00famero de casos e tamb\u00e9m de mortes da microrregi\u00e3o de cobertura da Revista Regional, e a segunda, ao lado de Limeira, na Regi\u00e3o Metropolitana de Campinas.<\/p>\n<p>O governo de Indaiatuba afirma que o alto \u00edndice se deve a uma maior testagem e que \u00e9 a cidade que mais testa os moradores. Desde o in\u00edcio da pandemia foram quase 4% da popula\u00e7\u00e3o, ou 10 mil pessoas. Como comparativo, Itu, no mesmo per\u00edodo, testou 2.717 pacientes, e em Salto, conforme a soma de descartados e confirmados, foram apenas 815 pessoas com teste de covid. O governo saltense foi questionado sobre o \u00edndice de saltenses testados, mas n\u00e3o respondeu.<\/p>\n<p>Os \u00f3bitos em Indaiatuba ocorreram no Haoc (Hospital Augusto de Oliveira Camargo): um paciente de 89 anos, hipertenso, internado desde o dia 25 de junho; e uma mulher de 58 anos, internada desde o dia 17 de junho, tamb\u00e9m com hist\u00f3rico de hipertens\u00e3o e diabetes. Com esses dois casos, Indaiatuba totaliza 69 mortes por covid.<\/p>\n<p>A cidade tem nesta quinta-feira, 02 de julho, 1.867 confirmados, 34 internados e 13 suspeitos \u00e0 espera de resultado de exames. A Prefeitura de Indaiatuba n\u00e3o divulga um n\u00famero exato de recuperados, mas soma os casos de cura com pacientes ainda em tratamento domiciliar, totalizando, assim, 1.764 pessoas. Atualmente h\u00e1 40 pacientes internados em leito cl\u00ednico e 28 em UTI (Unidade de Terapia Intensiva). A taxa de ocupa\u00e7\u00e3o das UTIs est\u00e1 em 88% para o Haoc e 67% para o Hospital Santa Ign\u00eas 67%. Questionada pela Revista Regional, a Prefeitura informou que est\u00e1 acompanhando diariamente a taxa de ocupa\u00e7\u00e3o dos leitos de UTI e de Enfermaria do Haoc e que existe estrutura para amplia\u00e7\u00e3o. \u201cConforme a necessidade, os leitos ser\u00e3o ampliados, assim como j\u00e1 aconteceu, passando de 8 leitos de UTI para 24, e de 12 de Enfermaria para 42\u201d, ressaltou a assessoria de imprensa.<\/p>\n<p>Itu registrou mais 2 mortes neste dia 02 de julho: uma mulher, de 69 anos e um homem, de 72, ambos com doen\u00e7as pr\u00e9-existentes. A Secretaria Municipal de Sa\u00fade informou que a cidade possui 646 casos confirmados, 500 recuperados e 2.094 casos descartados (exames negativos). H\u00e1 160 aguardando resultados de exames. Itu tem 17 pacientes internados com covid em leito cl\u00ednico e 11 em UTI. O munic\u00edpio investiga ainda 1 \u00f3bito suspeito e totaliza 39 mortes pela doen\u00e7a. A taxa de ocupa\u00e7\u00e3o das UTIs est\u00e1 em 75% no Hospital Municipal e de 16,6% no Hospital de Campanha.<\/p>\n<p>A outra cidade que confirmou mortes por covid nesta quinta foi Salto, totalizando 10 \u00f3bitos: um paciente, de 63 anos, com hist\u00f3rico de hipertens\u00e3o, e uma paciente, de 82 anos, tamb\u00e9m hipertensa e diab\u00e9tica. Ambos estavam internados no Hospital Municipal. Desde o come\u00e7o da epidemia, foram 256 casos de covid, sendo que 10 morreram, 205 se recuperaram e 8 seguem internados (sendo 5 em UTI). H\u00e1 33 em isolamento domiciliar e 71 casos que aguardam resultado de exames. Destes suspeitos, 65 est\u00e3o em isolamento domiciliar, 6 em interna\u00e7\u00e3o cl\u00ednica.<\/p>\n<p>Questionado esta semana sobre a n\u00e3o-testagem de todos os pacientes com sintomas de covid nas unidades de sa\u00fade, o governo de Salto respondeu nesta quinta-feira \u00e0 Revista Regional. Afirmou que a Prefeitura \u201csegue as recomenda\u00e7\u00f5es conforme orienta\u00e7\u00e3o da Vigil\u00e2ncia Epidemiol\u00f3gica e que os testes devem ser somente para sintom\u00e1ticos que se enquadrem nas seguintes categorias: profissionais de sa\u00fade em atividade; profissionais de seguran\u00e7a p\u00fablica em atividade; pessoas com 60 anos ou mais, residentes em institui\u00e7\u00f5es de longa perman\u00eancia de idosos (ILPI); pessoas com 60 anos ou mais, portadores de comorbidades de risco para complica\u00e7\u00e3o de covid-19; demais pessoas sintom\u00e1ticas com idade igual ou superior a 60 anos (numa primeira etapa o exame ser\u00e1 realizado na popula\u00e7\u00e3o possivelmente vetora e popula\u00e7\u00e3o com condi\u00e7\u00f5es de risco sintom\u00e1ticas); profissionais da Limpeza P\u00fablica; profissionais dos Transportes P\u00fablicos; cardiopatas graves ou descompensados (insufici\u00eancia card\u00edaca, infartados, revascularizados, portadores de arritmias, hipertens\u00e3o arterial sist\u00eamica descompensada); pneumopatias graves ou descompensados (dependentes de oxig\u00eanio, portadores de asma moderada\/grave, DPOC); imunodeprimidos; doentes renais cr\u00f4nicos em est\u00e1gio avan\u00e7ado (graus 3, 4 e 5); diab\u00e9ticos, conforme ju\u00edzo cl\u00ednico; gestantes de alto risco; popula\u00e7\u00e3o em situa\u00e7\u00e3o de vulnerabilidade social (popula\u00e7\u00e3o em situa\u00e7\u00e3o de rua, quilombolas, povos ind\u00edgenas); casos suspeitos em institui\u00e7\u00f5es fechadas.\u201d<\/p>\n<p>foto: BIRF<\/p>\n","protected":false},"excerpt":{"rendered":"<p>Com mais 134 contaminados em 24 horas, Indaiatuba atinge 1.867 casos confirmados da doen\u00e7a; Prefeitura afirma que Indaiatuba \u00e9 a cidade da regi\u00e3o que mais testa a popula\u00e7\u00e3o, com mais de 10 mil exames, quase 4% dos moradores; Salto e Itu tamb\u00e9m registraram mais infectados nas \u00faltimas 24 horas Nas \u00faltimas 24 horas, as cidades [&hellip;]<\/p>\n","protected":false},"author":1,"featured_media":22787,"comment_status":"closed","ping_status":"closed","sticky":false,"template":"","format":"standard","meta":{"_acf_changed":false,"ngg_post_thumbnail":0,"_joinchat":[],"footnotes":""},"categories":[449,8],"tags":[525],"class_list":["post-22786","post","type-post","status-publish","format-standard","has-post-thumbnail","hentry","category-destaque-lateral","category-saude-e-beleza","tag-saude-e-beleza"],"acf":[],"yoast_head":"<!-- This site is optimized with the Yoast SEO plugin v27.4 - https:\/\/yoast.com\/product\/yoast-seo-wordpress\/ -->\n<title>Em 24h, Itu, Salto e Indaiatuba t\u00eam 6 mortes por covid - Revista Regional<\/title>\n<meta name=\"robots\" content=\"index, follow, max-snippet:-1, max-image-preview:large, max-video-preview:-1\" \/>\n<link rel=\"canonical\" href=\"https:\/\/revistaregional.com.br\/site\/2020\/07\/02\/em-24h-itu-salto-e-indaiatuba-tem-6-mortes-por-covid\/\" \/>\n<meta property=\"og:locale\" content=\"pt_BR\" \/>\n<meta property=\"og:type\" content=\"article\" \/>\n<meta property=\"og:title\" content=\"Em 24h, Itu, Salto e Indaiatuba t\u00eam 6 mortes por covid - Revista Regional\" \/>\n<meta property=\"og:description\" content=\"Com mais 134 contaminados em 24 horas, Indaiatuba atinge 1.867 casos confirmados da doen\u00e7a; Prefeitura afirma que Indaiatuba \u00e9 a cidade da regi\u00e3o que mais testa a popula\u00e7\u00e3o, com mais de 10 mil exames, quase 4% dos moradores; Salto e Itu tamb\u00e9m registraram mais infectados nas \u00faltimas 24 horas Nas \u00faltimas 24 horas, as cidades [&hellip;]\" \/>\n<meta property=\"og:url\" content=\"https:\/\/revistaregional.com.br\/site\/2020\/07\/02\/em-24h-itu-salto-e-indaiatuba-tem-6-mortes-por-covid\/\" \/>\n<meta property=\"og:site_name\" content=\"Revista Regional\" \/>\n<meta property=\"article:published_time\" content=\"2020-07-02T21:24:03+00:00\" \/>\n<meta property=\"article:modified_time\" content=\"2024-01-26T12:29:40+00:00\" \/>\n<meta property=\"og:image\" content=\"https:\/\/revistaregional.com.br\/site\/wp-content\/uploads\/2020\/07\/app-4-julho.jpeg\" \/>\n\t<meta property=\"og:image:width\" content=\"1778\" \/>\n\t<meta property=\"og:image:height\" content=\"1000\" \/>\n\t<meta property=\"og:image:type\" content=\"image\/jpeg\" \/>\n<meta name=\"author\" content=\"contato@revistaregional.com.br\" \/>\n<meta name=\"twitter:card\" content=\"summary_large_image\" \/>\n<meta name=\"twitter:label1\" content=\"Escrito por\" \/>\n\t<meta name=\"twitter:data1\" content=\"contato@revistaregional.com.br\" \/>\n\t<meta name=\"twitter:label2\" content=\"Est. tempo de leitura\" \/>\n\t<meta name=\"twitter:data2\" content=\"4 minutos\" \/>\n<script type=\"application\/ld+json\" class=\"yoast-schema-graph\">{\"@context\":\"https:\\\/\\\/schema.org\",\"@graph\":[{\"@type\":\"Article\",\"@id\":\"https:\\\/\\\/revistaregional.com.br\\\/site\\\/2020\\\/07\\\/02\\\/em-24h-itu-salto-e-indaiatuba-tem-6-mortes-por-covid\\\/#article\",\"isPartOf\":{\"@id\":\"https:\\\/\\\/revistaregional.com.br\\\/site\\\/2020\\\/07\\\/02\\\/em-24h-itu-salto-e-indaiatuba-tem-6-mortes-por-covid\\\/\"},\"author\":{\"name\":\"contato@revistaregional.com.br\",\"@id\":\"https:\\\/\\\/revistaregional.com.br\\\/site\\\/#\\\/schema\\\/person\\\/382af97c580dc1b18f55107bc316010d\"},\"headline\":\"Em 24h, Itu, Salto e Indaiatuba t\u00eam 6 mortes por covid\",\"datePublished\":\"2020-07-02T21:24:03+00:00\",\"dateModified\":\"2024-01-26T12:29:40+00:00\",\"mainEntityOfPage\":{\"@id\":\"https:\\\/\\\/revistaregional.com.br\\\/site\\\/2020\\\/07\\\/02\\\/em-24h-itu-salto-e-indaiatuba-tem-6-mortes-por-covid\\\/\"},\"wordCount\":824,\"image\":{\"@id\":\"https:\\\/\\\/revistaregional.com.br\\\/site\\\/2020\\\/07\\\/02\\\/em-24h-itu-salto-e-indaiatuba-tem-6-mortes-por-covid\\\/#primaryimage\"},\"thumbnailUrl\":\"https:\\\/\\\/revistaregional.com.br\\\/site\\\/wp-content\\\/uploads\\\/2020\\\/07\\\/app-4-julho.jpeg\",\"keywords\":[\"Sa\u00fade e Beleza\"],\"articleSection\":[\"Destaque Lateral\",\"Sa\u00fade e Beleza\"],\"inLanguage\":\"pt-BR\"},{\"@type\":\"WebPage\",\"@id\":\"https:\\\/\\\/revistaregional.com.br\\\/site\\\/2020\\\/07\\\/02\\\/em-24h-itu-salto-e-indaiatuba-tem-6-mortes-por-covid\\\/\",\"url\":\"https:\\\/\\\/revistaregional.com.br\\\/site\\\/2020\\\/07\\\/02\\\/em-24h-itu-salto-e-indaiatuba-tem-6-mortes-por-covid\\\/\",\"name\":\"Em 24h, Itu, Salto e Indaiatuba t\u00eam 6 mortes por covid - Revista Regional\",\"isPartOf\":{\"@id\":\"https:\\\/\\\/revistaregional.com.br\\\/site\\\/#website\"},\"primaryImageOfPage\":{\"@id\":\"https:\\\/\\\/revistaregional.com.br\\\/site\\\/2020\\\/07\\\/02\\\/em-24h-itu-salto-e-indaiatuba-tem-6-mortes-por-covid\\\/#primaryimage\"},\"image\":{\"@id\":\"https:\\\/\\\/revistaregional.com.br\\\/site\\\/2020\\\/07\\\/02\\\/em-24h-itu-salto-e-indaiatuba-tem-6-mortes-por-covid\\\/#primaryimage\"},\"thumbnailUrl\":\"https:\\\/\\\/revistaregional.com.br\\\/site\\\/wp-content\\\/uploads\\\/2020\\\/07\\\/app-4-julho.jpeg\",\"datePublished\":\"2020-07-02T21:24:03+00:00\",\"dateModified\":\"2024-01-26T12:29:40+00:00\",\"author\":{\"@id\":\"https:\\\/\\\/revistaregional.com.br\\\/site\\\/#\\\/schema\\\/person\\\/382af97c580dc1b18f55107bc316010d\"},\"breadcrumb\":{\"@id\":\"https:\\\/\\\/revistaregional.com.br\\\/site\\\/2020\\\/07\\\/02\\\/em-24h-itu-salto-e-indaiatuba-tem-6-mortes-por-covid\\\/#breadcrumb\"},\"inLanguage\":\"pt-BR\",\"potentialAction\":[{\"@type\":\"ReadAction\",\"target\":[\"https:\\\/\\\/revistaregional.com.br\\\/site\\\/2020\\\/07\\\/02\\\/em-24h-itu-salto-e-indaiatuba-tem-6-mortes-por-covid\\\/\"]}]},{\"@type\":\"ImageObject\",\"inLanguage\":\"pt-BR\",\"@id\":\"https:\\\/\\\/revistaregional.com.br\\\/site\\\/2020\\\/07\\\/02\\\/em-24h-itu-salto-e-indaiatuba-tem-6-mortes-por-covid\\\/#primaryimage\",\"url\":\"https:\\\/\\\/revistaregional.com.br\\\/site\\\/wp-content\\\/uploads\\\/2020\\\/07\\\/app-4-julho.jpeg\",\"contentUrl\":\"https:\\\/\\\/revistaregional.com.br\\\/site\\\/wp-content\\\/uploads\\\/2020\\\/07\\\/app-4-julho.jpeg\",\"width\":1778,\"height\":1000,\"caption\":\"Regi\u00e3o registra mais mortes pelo coronav\u00edrus nas \u00faltimas 24 horas\"},{\"@type\":\"BreadcrumbList\",\"@id\":\"https:\\\/\\\/revistaregional.com.br\\\/site\\\/2020\\\/07\\\/02\\\/em-24h-itu-salto-e-indaiatuba-tem-6-mortes-por-covid\\\/#breadcrumb\",\"itemListElement\":[{\"@type\":\"ListItem\",\"position\":1,\"name\":\"In\u00edcio\",\"item\":\"https:\\\/\\\/revistaregional.com.br\\\/site\\\/\"},{\"@type\":\"ListItem\",\"position\":2,\"name\":\"Em 24h, Itu, Salto e Indaiatuba t\u00eam 6 mortes por covid\"}]},{\"@type\":\"WebSite\",\"@id\":\"https:\\\/\\\/revistaregional.com.br\\\/site\\\/#website\",\"url\":\"https:\\\/\\\/revistaregional.com.br\\\/site\\\/\",\"name\":\"Revista Regional\",\"description\":\"Salto - Itu - Indaituba\",\"potentialAction\":[{\"@type\":\"SearchAction\",\"target\":{\"@type\":\"EntryPoint\",\"urlTemplate\":\"https:\\\/\\\/revistaregional.com.br\\\/site\\\/?s={search_term_string}\"},\"query-input\":{\"@type\":\"PropertyValueSpecification\",\"valueRequired\":true,\"valueName\":\"search_term_string\"}}],\"inLanguage\":\"pt-BR\"},{\"@type\":\"Person\",\"@id\":\"https:\\\/\\\/revistaregional.com.br\\\/site\\\/#\\\/schema\\\/person\\\/382af97c580dc1b18f55107bc316010d\",\"name\":\"contato@revistaregional.com.br\",\"image\":{\"@type\":\"ImageObject\",\"inLanguage\":\"pt-BR\",\"@id\":\"https:\\\/\\\/secure.gravatar.com\\\/avatar\\\/869822917e96b2e292d5827e4635855396934485e7c4a0af84e9a214e32ca0cd?s=96&d=mm&r=g\",\"url\":\"https:\\\/\\\/secure.gravatar.com\\\/avatar\\\/869822917e96b2e292d5827e4635855396934485e7c4a0af84e9a214e32ca0cd?s=96&d=mm&r=g\",\"contentUrl\":\"https:\\\/\\\/secure.gravatar.com\\\/avatar\\\/869822917e96b2e292d5827e4635855396934485e7c4a0af84e9a214e32ca0cd?s=96&d=mm&r=g\",\"caption\":\"contato@revistaregional.com.br\"},\"url\":\"https:\\\/\\\/revistaregional.com.br\\\/site\\\/author\\\/contato@revistaregional.com.br\\\/\"}]}<\/script>\n<!-- \/ Yoast SEO plugin. -->","yoast_head_json":{"title":"Em 24h, Itu, Salto e Indaiatuba t\u00eam 6 mortes por covid - Revista Regional","robots":{"index":"index","follow":"follow","max-snippet":"max-snippet:-1","max-image-preview":"max-image-preview:large","max-video-preview":"max-video-preview:-1"},"canonical":"https:\/\/revistaregional.com.br\/site\/2020\/07\/02\/em-24h-itu-salto-e-indaiatuba-tem-6-mortes-por-covid\/","og_locale":"pt_BR","og_type":"article","og_title":"Em 24h, Itu, Salto e Indaiatuba t\u00eam 6 mortes por covid - Revista Regional","og_description":"Com mais 134 contaminados em 24 horas, Indaiatuba atinge 1.867 casos confirmados da doen\u00e7a; Prefeitura afirma que Indaiatuba \u00e9 a cidade da regi\u00e3o que mais testa a popula\u00e7\u00e3o, com mais de 10 mil exames, quase 4% dos moradores; Salto e Itu tamb\u00e9m registraram mais infectados nas \u00faltimas 24 horas Nas \u00faltimas 24 horas, as cidades [&hellip;]","og_url":"https:\/\/revistaregional.com.br\/site\/2020\/07\/02\/em-24h-itu-salto-e-indaiatuba-tem-6-mortes-por-covid\/","og_site_name":"Revista Regional","article_published_time":"2020-07-02T21:24:03+00:00","article_modified_time":"2024-01-26T12:29:40+00:00","og_image":[{"width":1778,"height":1000,"url":"https:\/\/revistaregional.com.br\/site\/wp-content\/uploads\/2020\/07\/app-4-julho.jpeg","type":"image\/jpeg"}],"author":"contato@revistaregional.com.br","twitter_card":"summary_large_image","twitter_misc":{"Escrito por":"contato@revistaregional.com.br","Est. tempo de leitura":"4 minutos"},"schema":{"@context":"https:\/\/schema.org","@graph":[{"@type":"Article","@id":"https:\/\/revistaregional.com.br\/site\/2020\/07\/02\/em-24h-itu-salto-e-indaiatuba-tem-6-mortes-por-covid\/#article","isPartOf":{"@id":"https:\/\/revistaregional.com.br\/site\/2020\/07\/02\/em-24h-itu-salto-e-indaiatuba-tem-6-mortes-por-covid\/"},"author":{"name":"contato@revistaregional.com.br","@id":"https:\/\/revistaregional.com.br\/site\/#\/schema\/person\/382af97c580dc1b18f55107bc316010d"},"headline":"Em 24h, Itu, Salto e Indaiatuba t\u00eam 6 mortes por covid","datePublished":"2020-07-02T21:24:03+00:00","dateModified":"2024-01-26T12:29:40+00:00","mainEntityOfPage":{"@id":"https:\/\/revistaregional.com.br\/site\/2020\/07\/02\/em-24h-itu-salto-e-indaiatuba-tem-6-mortes-por-covid\/"},"wordCount":824,"image":{"@id":"https:\/\/revistaregional.com.br\/site\/2020\/07\/02\/em-24h-itu-salto-e-indaiatuba-tem-6-mortes-por-covid\/#primaryimage"},"thumbnailUrl":"https:\/\/revistaregional.com.br\/site\/wp-content\/uploads\/2020\/07\/app-4-julho.jpeg","keywords":["Sa\u00fade e Beleza"],"articleSection":["Destaque Lateral","Sa\u00fade e Beleza"],"inLanguage":"pt-BR"},{"@type":"WebPage","@id":"https:\/\/revistaregional.com.br\/site\/2020\/07\/02\/em-24h-itu-salto-e-indaiatuba-tem-6-mortes-por-covid\/","url":"https:\/\/revistaregional.com.br\/site\/2020\/07\/02\/em-24h-itu-salto-e-indaiatuba-tem-6-mortes-por-covid\/","name":"Em 24h, Itu, Salto e Indaiatuba t\u00eam 6 mortes por covid - Revista Regional","isPartOf":{"@id":"https:\/\/revistaregional.com.br\/site\/#website"},"primaryImageOfPage":{"@id":"https:\/\/revistaregional.com.br\/site\/2020\/07\/02\/em-24h-itu-salto-e-indaiatuba-tem-6-mortes-por-covid\/#primaryimage"},"image":{"@id":"https:\/\/revistaregional.com.br\/site\/2020\/07\/02\/em-24h-itu-salto-e-indaiatuba-tem-6-mortes-por-covid\/#primaryimage"},"thumbnailUrl":"https:\/\/revistaregional.com.br\/site\/wp-content\/uploads\/2020\/07\/app-4-julho.jpeg","datePublished":"2020-07-02T21:24:03+00:00","dateModified":"2024-01-26T12:29:40+00:00","author":{"@id":"https:\/\/revistaregional.com.br\/site\/#\/schema\/person\/382af97c580dc1b18f55107bc316010d"},"breadcrumb":{"@id":"https:\/\/revistaregional.com.br\/site\/2020\/07\/02\/em-24h-itu-salto-e-indaiatuba-tem-6-mortes-por-covid\/#breadcrumb"},"inLanguage":"pt-BR","potentialAction":[{"@type":"ReadAction","target":["https:\/\/revistaregional.com.br\/site\/2020\/07\/02\/em-24h-itu-salto-e-indaiatuba-tem-6-mortes-por-covid\/"]}]},{"@type":"ImageObject","inLanguage":"pt-BR","@id":"https:\/\/revistaregional.com.br\/site\/2020\/07\/02\/em-24h-itu-salto-e-indaiatuba-tem-6-mortes-por-covid\/#primaryimage","url":"https:\/\/revistaregional.com.br\/site\/wp-content\/uploads\/2020\/07\/app-4-julho.jpeg","contentUrl":"https:\/\/revistaregional.com.br\/site\/wp-content\/uploads\/2020\/07\/app-4-julho.jpeg","width":1778,"height":1000,"caption":"Regi\u00e3o registra mais mortes pelo coronav\u00edrus nas \u00faltimas 24 horas"},{"@type":"BreadcrumbList","@id":"https:\/\/revistaregional.com.br\/site\/2020\/07\/02\/em-24h-itu-salto-e-indaiatuba-tem-6-mortes-por-covid\/#breadcrumb","itemListElement":[{"@type":"ListItem","position":1,"name":"In\u00edcio","item":"https:\/\/revistaregional.com.br\/site\/"},{"@type":"ListItem","position":2,"name":"Em 24h, Itu, Salto e Indaiatuba t\u00eam 6 mortes por covid"}]},{"@type":"WebSite","@id":"https:\/\/revistaregional.com.br\/site\/#website","url":"https:\/\/revistaregional.com.br\/site\/","name":"Revista Regional","description":"Salto - Itu - Indaituba","potentialAction":[{"@type":"SearchAction","target":{"@type":"EntryPoint","urlTemplate":"https:\/\/revistaregional.com.br\/site\/?s={search_term_string}"},"query-input":{"@type":"PropertyValueSpecification","valueRequired":true,"valueName":"search_term_string"}}],"inLanguage":"pt-BR"},{"@type":"Person","@id":"https:\/\/revistaregional.com.br\/site\/#\/schema\/person\/382af97c580dc1b18f55107bc316010d","name":"contato@revistaregional.com.br","image":{"@type":"ImageObject","inLanguage":"pt-BR","@id":"https:\/\/secure.gravatar.com\/avatar\/869822917e96b2e292d5827e4635855396934485e7c4a0af84e9a214e32ca0cd?s=96&d=mm&r=g","url":"https:\/\/secure.gravatar.com\/avatar\/869822917e96b2e292d5827e4635855396934485e7c4a0af84e9a214e32ca0cd?s=96&d=mm&r=g","contentUrl":"https:\/\/secure.gravatar.com\/avatar\/869822917e96b2e292d5827e4635855396934485e7c4a0af84e9a214e32ca0cd?s=96&d=mm&r=g","caption":"contato@revistaregional.com.br"},"url":"https:\/\/revistaregional.com.br\/site\/author\/contato@revistaregional.com.br\/"}]}},"views":91,"_links":{"self":[{"href":"https:\/\/revistaregional.com.br\/site\/wp-json\/wp\/v2\/posts\/22786","targetHints":{"allow":["GET"]}}],"collection":[{"href":"https:\/\/revistaregional.com.br\/site\/wp-json\/wp\/v2\/posts"}],"about":[{"href":"https:\/\/revistaregional.com.br\/site\/wp-json\/wp\/v2\/types\/post"}],"author":[{"embeddable":true,"href":"https:\/\/revistaregional.com.br\/site\/wp-json\/wp\/v2\/users\/1"}],"replies":[{"embeddable":true,"href":"https:\/\/revistaregional.com.br\/site\/wp-json\/wp\/v2\/comments?post=22786"}],"version-history":[{"count":1,"href":"https:\/\/revistaregional.com.br\/site\/wp-json\/wp\/v2\/posts\/22786\/revisions"}],"predecessor-version":[{"id":22788,"href":"https:\/\/revistaregional.com.br\/site\/wp-json\/wp\/v2\/posts\/22786\/revisions\/22788"}],"wp:featuredmedia":[{"embeddable":true,"href":"https:\/\/revistaregional.com.br\/site\/wp-json\/wp\/v2\/media\/22787"}],"wp:attachment":[{"href":"https:\/\/revistaregional.com.br\/site\/wp-json\/wp\/v2\/media?parent=22786"}],"wp:term":[{"taxonomy":"category","embeddable":true,"href":"https:\/\/revistaregional.com.br\/site\/wp-json\/wp\/v2\/categories?post=22786"},{"taxonomy":"post_tag","embeddable":true,"href":"https:\/\/revistaregional.com.br\/site\/wp-json\/wp\/v2\/tags?post=22786"}],"curies":[{"name":"wp","href":"https:\/\/api.w.org\/{rel}","templated":true}]}}