{"id":22778,"date":"2020-07-01T18:09:29","date_gmt":"2020-07-01T21:09:29","guid":{"rendered":"https:\/\/revistaregional.com.br\/site\/?p=22778"},"modified":"2024-01-26T09:29:41","modified_gmt":"2024-01-26T12:29:41","slug":"em-24h-indaiatuba-registra-5-mortes-por-covid-salto-1-estado-anuncia-157-mil-recuperados","status":"publish","type":"post","link":"https:\/\/revistaregional.com.br\/site\/2020\/07\/01\/em-24h-indaiatuba-registra-5-mortes-por-covid-salto-1-estado-anuncia-157-mil-recuperados\/","title":{"rendered":"Em 24h, Indaiatuba registra 5 mortes por covid; Salto, 1; Estado anuncia 157 mil recuperados"},"content":{"rendered":"<figure id=\"attachment_22779\" aria-describedby=\"caption-attachment-22779\" style=\"width: 402px\" class=\"wp-caption alignright\"><img fetchpriority=\"high\" decoding=\"async\" class=\"wp-image-22779\" src=\"https:\/\/revistaregional.com.br\/site\/wp-content\/uploads\/2020\/07\/app-1-julho.jpg\" alt=\"\" width=\"402\" height=\"268\" data-id=\"22779\" srcset=\"https:\/\/revistaregional.com.br\/site\/wp-content\/uploads\/2020\/07\/app-1-julho.jpg 740w, https:\/\/revistaregional.com.br\/site\/wp-content\/uploads\/2020\/07\/app-1-julho-300x200.jpg 300w, https:\/\/revistaregional.com.br\/site\/wp-content\/uploads\/2020\/07\/app-1-julho-150x100.jpg 150w, https:\/\/revistaregional.com.br\/site\/wp-content\/uploads\/2020\/07\/app-1-julho-272x182.jpg 272w\" sizes=\"(max-width: 402px) 100vw, 402px\" \/><figcaption id=\"caption-attachment-22779\" class=\"wp-caption-text\">Mais mortes e novos infectados pelo coronav\u00edrus em toda a regi\u00e3o<\/figcaption><\/figure>\n<p><strong>Indaiatuba tem o maior n\u00famero de \u00f3bitos e infectados da regi\u00e3o; Em 24 horas, foram mais 104 contaminados; Salto tamb\u00e9m registrou mais 1 morte neste 1\u00ba de julho<\/strong><\/p>\n<p>&nbsp;<\/p>\n<p>A Prefeitura de Indaiatuba confirmou nesta quarta-feira, 1\u00ba de julho, mais 5 mortes causadas pela covid, totalizando 67. A cidade tamb\u00e9m registrou mais 104 novos infectados, elevando para 1.733 o n\u00famero total de testados positivamente para o novo coronav\u00edrus. \u00c9 o maior n\u00famero de casos entre os munic\u00edpios de cobertura da Revista Regional e o segundo na Regi\u00e3o Metropolitana de Campinas, ficando atr\u00e1s apenas da metr\u00f3pole.<\/p>\n<p>&nbsp;<\/p>\n<p>As mortes ocorreram no Haoc (Hospital Augusto de Oliveira Camargo), no Hospital Santa Ign\u00eas e na UPA (Unidade de Pronto Atendimento). Na ter\u00e7a-feira (30), morreu um paciente de 78 anos, internado no Haoc desde o dia 25 de junho, com hist\u00f3rico de hipertens\u00e3o. Ainda no Haoc, mas nesta quarta (1\u00ba), outro homem, este de 43 anos, com hipertens\u00e3o e obesidade, faleceu v\u00edtima da covid-19; estava internado desde o dia 24 de junho. O Departamento de Vigil\u00e2ncia Epidemiol\u00f3gica recebeu, tamb\u00e9m nesta quarta, resultado positivo de uma morte que ocorreu no Haoc no dia 10 de junho: paciente hipertenso, masculino, de 64 anos. No Hospital Santa Ign\u00eas, ocorreu o \u00f3bito de uma mulher de 74 anos, com antecedente de neoplasia; estava internada desde o dia 27 de junho.<\/p>\n<p>&nbsp;<\/p>\n<p>Na UPA, na ter\u00e7a-feira (30), deu entrada para atendimento uma paciente de 90 anos, com antecedentes de hipertens\u00e3o e Alzheimer, e que j\u00e1 possu\u00eda resultado positivo para covid-19. Ela n\u00e3o resistiu e morreu. A administra\u00e7\u00e3o de Indaiatuba informou que a idosa tinha resultado de exame desde maio, mas que \u201cestava na remiss\u00e3o da doen\u00e7a e apresentou piora\u201d.<\/p>\n<p>&nbsp;<\/p>\n<p>Ainda nesta quarta, Indaiatuba contabilizou mais 104 infectados e o total foi a 1.733 confirmados, sendo que 67 morreram e 32 est\u00e3o internados. A Prefeitura de Indaiatuba n\u00e3o divulga um n\u00famero exato de recuperados, mas soma os casos de cura com pacientes ainda em tratamento domiciliar, totalizando, assim, 1.634 pessoas. M\u00e9dicos ouvidos anteriormente pela Revista Regional consideram essa soma errada, pois pacientes em tratamento domiciliar podem apresentar piora e precisar de ajuda m\u00e9dica ou interna\u00e7\u00e3o. Caso semelhante ao da idosa de 90 anos que faleceu na UPA nesta ter\u00e7a-feira, ao apresentar piora durante a remiss\u00e3o da doen\u00e7a, como informou a pr\u00f3pria administra\u00e7\u00e3o municipal.<\/p>\n<p>&nbsp;<\/p>\n<p>Indaiatuba ainda tem outros 13 casos suspeitos aguardando resultado. Atualmente h\u00e1 36 internados em leito cl\u00ednico e 32 em UTI (Unidade de Terapia Intensiva). A taxa de ocupa\u00e7\u00e3o das UTIs continua alta, est\u00e1 em 92% no Haoc e 83% no Hospital Santa Ign\u00eas.<\/p>\n<p>&nbsp;<\/p>\n<p>Salto registrou a 8\u00aa morte por covid nesta quarta-feira. Trata-se de uma paciente de 61 anos, com hist\u00f3rico de diabetes e hipertens\u00e3o; estava internada na UTI do Hospital Monte Serrat. A cidade contabiliza 247 casos confirmados de covid-19; sendo que 8 morreram, 196 evolu\u00edram para cura; 6 seguem internados (sendo 2 em UTI) e 37 est\u00e3o em isolamento domiciliar. H\u00e1 ainda 75 pacientes aguardando resultados de exames. Destes, 66 suspeitos est\u00e3o em isolamento domiciliar, 8 em interna\u00e7\u00e3o cl\u00ednica (1 em UTI).<\/p>\n<p>&nbsp;<\/p>\n<p>Como algumas cidades n\u00e3o est\u00e3o testando todos os suspeitos que apresentam sintomas, mas apenas os casos graves ou de interna\u00e7\u00e3o, o n\u00famero real de infectados pode ser maior do que o oficial divulgado pelos governos locais. Pacientes com sintomas que procuraram servi\u00e7os de sa\u00fade em Salto, por exemplo, t\u00eam reclamado da falta de testes. A Prefeitura de Salto foi questionada a respeito, mas n\u00e3o respondeu.<\/p>\n<p>&nbsp;<\/p>\n<p>Em Itu, nesta quarta-feira, 1\u00ba de julho, s\u00e3o 613 confirmados, 464 recuperados e 161 suspeitos testados \u00e0 espera de resultados. H\u00e1 19 pacientes internados e 11 em UTI. O munic\u00edpio tem 1 \u00f3bito suspeito e totaliza 37 mortes pela doen\u00e7a. A taxa de ocupa\u00e7\u00e3o das UTIs est\u00e1 em 75% no Hospital Municipal e 0% no Hospital de Campanha.<\/p>\n<p>&nbsp;<\/p>\n<p>ESTADO ANUNCIA 157 MIL CURADOS<\/p>\n<p>&nbsp;<\/p>\n<p>O governador Jo\u00e3o Doria informou nesta quarta-feira (1\u00ba) que o Estado de S\u00e3o Paulo registrou a recupera\u00e7\u00e3o de 157 mil pacientes que apresentaram sintomas do novo coronav\u00edrus desde o in\u00edcio da pandemia, h\u00e1 pouco mais de tr\u00eas meses. O n\u00famero de pessoas curadas nos 645 munic\u00edpios paulistas representa um a cada cinco de todos os brasileiros que j\u00e1 superaram a doen\u00e7a. &#8220;Segundo balan\u00e7o da respeitada universidade John Hopkins, dos EUA, o Brasil se tornou l\u00edder mundial com 790 mil pacientes recuperados, dos quais 157 mil aqui em S\u00e3o Paulo. 20% de todos os pacientes recuperados no Brasil foram no Estado de S\u00e3o Paulo&#8221;, declarou o governador.<\/p>\n<p>&nbsp;<\/p>\n<p>Foto: BIRF<\/p>\n","protected":false},"excerpt":{"rendered":"<p>Indaiatuba tem o maior n\u00famero de \u00f3bitos e infectados da regi\u00e3o; Em 24 horas, foram mais 104 contaminados; Salto tamb\u00e9m registrou mais 1 morte neste 1\u00ba de julho &nbsp; A Prefeitura de Indaiatuba confirmou nesta quarta-feira, 1\u00ba de julho, mais 5 mortes causadas pela covid, totalizando 67. A cidade tamb\u00e9m registrou mais 104 novos infectados, [&hellip;]<\/p>\n","protected":false},"author":1,"featured_media":22779,"comment_status":"closed","ping_status":"closed","sticky":false,"template":"","format":"standard","meta":{"_acf_changed":false,"ngg_post_thumbnail":0,"_joinchat":[],"footnotes":""},"categories":[449,8],"tags":[525],"class_list":["post-22778","post","type-post","status-publish","format-standard","has-post-thumbnail","hentry","category-destaque-lateral","category-saude-e-beleza","tag-saude-e-beleza"],"acf":[],"yoast_head":"<!-- This site is optimized with the Yoast SEO plugin v27.4 - https:\/\/yoast.com\/product\/yoast-seo-wordpress\/ -->\n<title>Em 24h, Indaiatuba registra 5 mortes por covid; Salto, 1; Estado anuncia 157 mil recuperados - Revista Regional<\/title>\n<meta name=\"robots\" content=\"index, follow, max-snippet:-1, max-image-preview:large, max-video-preview:-1\" \/>\n<link rel=\"canonical\" href=\"https:\/\/revistaregional.com.br\/site\/2020\/07\/01\/em-24h-indaiatuba-registra-5-mortes-por-covid-salto-1-estado-anuncia-157-mil-recuperados\/\" \/>\n<meta property=\"og:locale\" content=\"pt_BR\" \/>\n<meta property=\"og:type\" content=\"article\" \/>\n<meta property=\"og:title\" content=\"Em 24h, Indaiatuba registra 5 mortes por covid; Salto, 1; Estado anuncia 157 mil recuperados - Revista Regional\" \/>\n<meta property=\"og:description\" content=\"Indaiatuba tem o maior n\u00famero de \u00f3bitos e infectados da regi\u00e3o; Em 24 horas, foram mais 104 contaminados; Salto tamb\u00e9m registrou mais 1 morte neste 1\u00ba de julho &nbsp; A Prefeitura de Indaiatuba confirmou nesta quarta-feira, 1\u00ba de julho, mais 5 mortes causadas pela covid, totalizando 67. A cidade tamb\u00e9m registrou mais 104 novos infectados, [&hellip;]\" \/>\n<meta property=\"og:url\" content=\"https:\/\/revistaregional.com.br\/site\/2020\/07\/01\/em-24h-indaiatuba-registra-5-mortes-por-covid-salto-1-estado-anuncia-157-mil-recuperados\/\" \/>\n<meta property=\"og:site_name\" content=\"Revista Regional\" \/>\n<meta property=\"article:published_time\" content=\"2020-07-01T21:09:29+00:00\" \/>\n<meta property=\"article:modified_time\" content=\"2024-01-26T12:29:41+00:00\" \/>\n<meta property=\"og:image\" content=\"https:\/\/revistaregional.com.br\/site\/wp-content\/uploads\/2020\/07\/app-1-julho.jpg\" \/>\n\t<meta property=\"og:image:width\" content=\"740\" \/>\n\t<meta property=\"og:image:height\" content=\"494\" \/>\n\t<meta property=\"og:image:type\" content=\"image\/jpeg\" \/>\n<meta name=\"author\" content=\"contato@revistaregional.com.br\" \/>\n<meta name=\"twitter:card\" content=\"summary_large_image\" \/>\n<meta name=\"twitter:label1\" content=\"Escrito por\" \/>\n\t<meta name=\"twitter:data1\" content=\"contato@revistaregional.com.br\" \/>\n\t<meta name=\"twitter:label2\" content=\"Est. tempo de leitura\" \/>\n\t<meta name=\"twitter:data2\" content=\"4 minutos\" \/>\n<script type=\"application\/ld+json\" class=\"yoast-schema-graph\">{\"@context\":\"https:\\\/\\\/schema.org\",\"@graph\":[{\"@type\":\"Article\",\"@id\":\"https:\\\/\\\/revistaregional.com.br\\\/site\\\/2020\\\/07\\\/01\\\/em-24h-indaiatuba-registra-5-mortes-por-covid-salto-1-estado-anuncia-157-mil-recuperados\\\/#article\",\"isPartOf\":{\"@id\":\"https:\\\/\\\/revistaregional.com.br\\\/site\\\/2020\\\/07\\\/01\\\/em-24h-indaiatuba-registra-5-mortes-por-covid-salto-1-estado-anuncia-157-mil-recuperados\\\/\"},\"author\":{\"name\":\"contato@revistaregional.com.br\",\"@id\":\"https:\\\/\\\/revistaregional.com.br\\\/site\\\/#\\\/schema\\\/person\\\/382af97c580dc1b18f55107bc316010d\"},\"headline\":\"Em 24h, Indaiatuba registra 5 mortes por covid; Salto, 1; Estado anuncia 157 mil recuperados\",\"datePublished\":\"2020-07-01T21:09:29+00:00\",\"dateModified\":\"2024-01-26T12:29:41+00:00\",\"mainEntityOfPage\":{\"@id\":\"https:\\\/\\\/revistaregional.com.br\\\/site\\\/2020\\\/07\\\/01\\\/em-24h-indaiatuba-registra-5-mortes-por-covid-salto-1-estado-anuncia-157-mil-recuperados\\\/\"},\"wordCount\":794,\"image\":{\"@id\":\"https:\\\/\\\/revistaregional.com.br\\\/site\\\/2020\\\/07\\\/01\\\/em-24h-indaiatuba-registra-5-mortes-por-covid-salto-1-estado-anuncia-157-mil-recuperados\\\/#primaryimage\"},\"thumbnailUrl\":\"https:\\\/\\\/revistaregional.com.br\\\/site\\\/wp-content\\\/uploads\\\/2020\\\/07\\\/app-1-julho.jpg\",\"keywords\":[\"Sa\u00fade e Beleza\"],\"articleSection\":[\"Destaque Lateral\",\"Sa\u00fade e Beleza\"],\"inLanguage\":\"pt-BR\"},{\"@type\":\"WebPage\",\"@id\":\"https:\\\/\\\/revistaregional.com.br\\\/site\\\/2020\\\/07\\\/01\\\/em-24h-indaiatuba-registra-5-mortes-por-covid-salto-1-estado-anuncia-157-mil-recuperados\\\/\",\"url\":\"https:\\\/\\\/revistaregional.com.br\\\/site\\\/2020\\\/07\\\/01\\\/em-24h-indaiatuba-registra-5-mortes-por-covid-salto-1-estado-anuncia-157-mil-recuperados\\\/\",\"name\":\"Em 24h, Indaiatuba registra 5 mortes por covid; Salto, 1; Estado anuncia 157 mil recuperados - Revista Regional\",\"isPartOf\":{\"@id\":\"https:\\\/\\\/revistaregional.com.br\\\/site\\\/#website\"},\"primaryImageOfPage\":{\"@id\":\"https:\\\/\\\/revistaregional.com.br\\\/site\\\/2020\\\/07\\\/01\\\/em-24h-indaiatuba-registra-5-mortes-por-covid-salto-1-estado-anuncia-157-mil-recuperados\\\/#primaryimage\"},\"image\":{\"@id\":\"https:\\\/\\\/revistaregional.com.br\\\/site\\\/2020\\\/07\\\/01\\\/em-24h-indaiatuba-registra-5-mortes-por-covid-salto-1-estado-anuncia-157-mil-recuperados\\\/#primaryimage\"},\"thumbnailUrl\":\"https:\\\/\\\/revistaregional.com.br\\\/site\\\/wp-content\\\/uploads\\\/2020\\\/07\\\/app-1-julho.jpg\",\"datePublished\":\"2020-07-01T21:09:29+00:00\",\"dateModified\":\"2024-01-26T12:29:41+00:00\",\"author\":{\"@id\":\"https:\\\/\\\/revistaregional.com.br\\\/site\\\/#\\\/schema\\\/person\\\/382af97c580dc1b18f55107bc316010d\"},\"breadcrumb\":{\"@id\":\"https:\\\/\\\/revistaregional.com.br\\\/site\\\/2020\\\/07\\\/01\\\/em-24h-indaiatuba-registra-5-mortes-por-covid-salto-1-estado-anuncia-157-mil-recuperados\\\/#breadcrumb\"},\"inLanguage\":\"pt-BR\",\"potentialAction\":[{\"@type\":\"ReadAction\",\"target\":[\"https:\\\/\\\/revistaregional.com.br\\\/site\\\/2020\\\/07\\\/01\\\/em-24h-indaiatuba-registra-5-mortes-por-covid-salto-1-estado-anuncia-157-mil-recuperados\\\/\"]}]},{\"@type\":\"ImageObject\",\"inLanguage\":\"pt-BR\",\"@id\":\"https:\\\/\\\/revistaregional.com.br\\\/site\\\/2020\\\/07\\\/01\\\/em-24h-indaiatuba-registra-5-mortes-por-covid-salto-1-estado-anuncia-157-mil-recuperados\\\/#primaryimage\",\"url\":\"https:\\\/\\\/revistaregional.com.br\\\/site\\\/wp-content\\\/uploads\\\/2020\\\/07\\\/app-1-julho.jpg\",\"contentUrl\":\"https:\\\/\\\/revistaregional.com.br\\\/site\\\/wp-content\\\/uploads\\\/2020\\\/07\\\/app-1-julho.jpg\",\"width\":740,\"height\":494},{\"@type\":\"BreadcrumbList\",\"@id\":\"https:\\\/\\\/revistaregional.com.br\\\/site\\\/2020\\\/07\\\/01\\\/em-24h-indaiatuba-registra-5-mortes-por-covid-salto-1-estado-anuncia-157-mil-recuperados\\\/#breadcrumb\",\"itemListElement\":[{\"@type\":\"ListItem\",\"position\":1,\"name\":\"In\u00edcio\",\"item\":\"https:\\\/\\\/revistaregional.com.br\\\/site\\\/\"},{\"@type\":\"ListItem\",\"position\":2,\"name\":\"Em 24h, Indaiatuba registra 5 mortes por covid; Salto, 1; Estado anuncia 157 mil recuperados\"}]},{\"@type\":\"WebSite\",\"@id\":\"https:\\\/\\\/revistaregional.com.br\\\/site\\\/#website\",\"url\":\"https:\\\/\\\/revistaregional.com.br\\\/site\\\/\",\"name\":\"Revista Regional\",\"description\":\"Salto - Itu - Indaituba\",\"potentialAction\":[{\"@type\":\"SearchAction\",\"target\":{\"@type\":\"EntryPoint\",\"urlTemplate\":\"https:\\\/\\\/revistaregional.com.br\\\/site\\\/?s={search_term_string}\"},\"query-input\":{\"@type\":\"PropertyValueSpecification\",\"valueRequired\":true,\"valueName\":\"search_term_string\"}}],\"inLanguage\":\"pt-BR\"},{\"@type\":\"Person\",\"@id\":\"https:\\\/\\\/revistaregional.com.br\\\/site\\\/#\\\/schema\\\/person\\\/382af97c580dc1b18f55107bc316010d\",\"name\":\"contato@revistaregional.com.br\",\"image\":{\"@type\":\"ImageObject\",\"inLanguage\":\"pt-BR\",\"@id\":\"https:\\\/\\\/secure.gravatar.com\\\/avatar\\\/869822917e96b2e292d5827e4635855396934485e7c4a0af84e9a214e32ca0cd?s=96&d=mm&r=g\",\"url\":\"https:\\\/\\\/secure.gravatar.com\\\/avatar\\\/869822917e96b2e292d5827e4635855396934485e7c4a0af84e9a214e32ca0cd?s=96&d=mm&r=g\",\"contentUrl\":\"https:\\\/\\\/secure.gravatar.com\\\/avatar\\\/869822917e96b2e292d5827e4635855396934485e7c4a0af84e9a214e32ca0cd?s=96&d=mm&r=g\",\"caption\":\"contato@revistaregional.com.br\"},\"url\":\"https:\\\/\\\/revistaregional.com.br\\\/site\\\/author\\\/contato@revistaregional.com.br\\\/\"}]}<\/script>\n<!-- \/ Yoast SEO plugin. -->","yoast_head_json":{"title":"Em 24h, Indaiatuba registra 5 mortes por covid; Salto, 1; Estado anuncia 157 mil recuperados - Revista Regional","robots":{"index":"index","follow":"follow","max-snippet":"max-snippet:-1","max-image-preview":"max-image-preview:large","max-video-preview":"max-video-preview:-1"},"canonical":"https:\/\/revistaregional.com.br\/site\/2020\/07\/01\/em-24h-indaiatuba-registra-5-mortes-por-covid-salto-1-estado-anuncia-157-mil-recuperados\/","og_locale":"pt_BR","og_type":"article","og_title":"Em 24h, Indaiatuba registra 5 mortes por covid; Salto, 1; Estado anuncia 157 mil recuperados - Revista Regional","og_description":"Indaiatuba tem o maior n\u00famero de \u00f3bitos e infectados da regi\u00e3o; Em 24 horas, foram mais 104 contaminados; Salto tamb\u00e9m registrou mais 1 morte neste 1\u00ba de julho &nbsp; A Prefeitura de Indaiatuba confirmou nesta quarta-feira, 1\u00ba de julho, mais 5 mortes causadas pela covid, totalizando 67. A cidade tamb\u00e9m registrou mais 104 novos infectados, [&hellip;]","og_url":"https:\/\/revistaregional.com.br\/site\/2020\/07\/01\/em-24h-indaiatuba-registra-5-mortes-por-covid-salto-1-estado-anuncia-157-mil-recuperados\/","og_site_name":"Revista Regional","article_published_time":"2020-07-01T21:09:29+00:00","article_modified_time":"2024-01-26T12:29:41+00:00","og_image":[{"width":740,"height":494,"url":"https:\/\/revistaregional.com.br\/site\/wp-content\/uploads\/2020\/07\/app-1-julho.jpg","type":"image\/jpeg"}],"author":"contato@revistaregional.com.br","twitter_card":"summary_large_image","twitter_misc":{"Escrito por":"contato@revistaregional.com.br","Est. tempo de leitura":"4 minutos"},"schema":{"@context":"https:\/\/schema.org","@graph":[{"@type":"Article","@id":"https:\/\/revistaregional.com.br\/site\/2020\/07\/01\/em-24h-indaiatuba-registra-5-mortes-por-covid-salto-1-estado-anuncia-157-mil-recuperados\/#article","isPartOf":{"@id":"https:\/\/revistaregional.com.br\/site\/2020\/07\/01\/em-24h-indaiatuba-registra-5-mortes-por-covid-salto-1-estado-anuncia-157-mil-recuperados\/"},"author":{"name":"contato@revistaregional.com.br","@id":"https:\/\/revistaregional.com.br\/site\/#\/schema\/person\/382af97c580dc1b18f55107bc316010d"},"headline":"Em 24h, Indaiatuba registra 5 mortes por covid; Salto, 1; Estado anuncia 157 mil recuperados","datePublished":"2020-07-01T21:09:29+00:00","dateModified":"2024-01-26T12:29:41+00:00","mainEntityOfPage":{"@id":"https:\/\/revistaregional.com.br\/site\/2020\/07\/01\/em-24h-indaiatuba-registra-5-mortes-por-covid-salto-1-estado-anuncia-157-mil-recuperados\/"},"wordCount":794,"image":{"@id":"https:\/\/revistaregional.com.br\/site\/2020\/07\/01\/em-24h-indaiatuba-registra-5-mortes-por-covid-salto-1-estado-anuncia-157-mil-recuperados\/#primaryimage"},"thumbnailUrl":"https:\/\/revistaregional.com.br\/site\/wp-content\/uploads\/2020\/07\/app-1-julho.jpg","keywords":["Sa\u00fade e Beleza"],"articleSection":["Destaque Lateral","Sa\u00fade e Beleza"],"inLanguage":"pt-BR"},{"@type":"WebPage","@id":"https:\/\/revistaregional.com.br\/site\/2020\/07\/01\/em-24h-indaiatuba-registra-5-mortes-por-covid-salto-1-estado-anuncia-157-mil-recuperados\/","url":"https:\/\/revistaregional.com.br\/site\/2020\/07\/01\/em-24h-indaiatuba-registra-5-mortes-por-covid-salto-1-estado-anuncia-157-mil-recuperados\/","name":"Em 24h, Indaiatuba registra 5 mortes por covid; Salto, 1; Estado anuncia 157 mil recuperados - Revista Regional","isPartOf":{"@id":"https:\/\/revistaregional.com.br\/site\/#website"},"primaryImageOfPage":{"@id":"https:\/\/revistaregional.com.br\/site\/2020\/07\/01\/em-24h-indaiatuba-registra-5-mortes-por-covid-salto-1-estado-anuncia-157-mil-recuperados\/#primaryimage"},"image":{"@id":"https:\/\/revistaregional.com.br\/site\/2020\/07\/01\/em-24h-indaiatuba-registra-5-mortes-por-covid-salto-1-estado-anuncia-157-mil-recuperados\/#primaryimage"},"thumbnailUrl":"https:\/\/revistaregional.com.br\/site\/wp-content\/uploads\/2020\/07\/app-1-julho.jpg","datePublished":"2020-07-01T21:09:29+00:00","dateModified":"2024-01-26T12:29:41+00:00","author":{"@id":"https:\/\/revistaregional.com.br\/site\/#\/schema\/person\/382af97c580dc1b18f55107bc316010d"},"breadcrumb":{"@id":"https:\/\/revistaregional.com.br\/site\/2020\/07\/01\/em-24h-indaiatuba-registra-5-mortes-por-covid-salto-1-estado-anuncia-157-mil-recuperados\/#breadcrumb"},"inLanguage":"pt-BR","potentialAction":[{"@type":"ReadAction","target":["https:\/\/revistaregional.com.br\/site\/2020\/07\/01\/em-24h-indaiatuba-registra-5-mortes-por-covid-salto-1-estado-anuncia-157-mil-recuperados\/"]}]},{"@type":"ImageObject","inLanguage":"pt-BR","@id":"https:\/\/revistaregional.com.br\/site\/2020\/07\/01\/em-24h-indaiatuba-registra-5-mortes-por-covid-salto-1-estado-anuncia-157-mil-recuperados\/#primaryimage","url":"https:\/\/revistaregional.com.br\/site\/wp-content\/uploads\/2020\/07\/app-1-julho.jpg","contentUrl":"https:\/\/revistaregional.com.br\/site\/wp-content\/uploads\/2020\/07\/app-1-julho.jpg","width":740,"height":494},{"@type":"BreadcrumbList","@id":"https:\/\/revistaregional.com.br\/site\/2020\/07\/01\/em-24h-indaiatuba-registra-5-mortes-por-covid-salto-1-estado-anuncia-157-mil-recuperados\/#breadcrumb","itemListElement":[{"@type":"ListItem","position":1,"name":"In\u00edcio","item":"https:\/\/revistaregional.com.br\/site\/"},{"@type":"ListItem","position":2,"name":"Em 24h, Indaiatuba registra 5 mortes por covid; Salto, 1; Estado anuncia 157 mil recuperados"}]},{"@type":"WebSite","@id":"https:\/\/revistaregional.com.br\/site\/#website","url":"https:\/\/revistaregional.com.br\/site\/","name":"Revista Regional","description":"Salto - Itu - Indaituba","potentialAction":[{"@type":"SearchAction","target":{"@type":"EntryPoint","urlTemplate":"https:\/\/revistaregional.com.br\/site\/?s={search_term_string}"},"query-input":{"@type":"PropertyValueSpecification","valueRequired":true,"valueName":"search_term_string"}}],"inLanguage":"pt-BR"},{"@type":"Person","@id":"https:\/\/revistaregional.com.br\/site\/#\/schema\/person\/382af97c580dc1b18f55107bc316010d","name":"contato@revistaregional.com.br","image":{"@type":"ImageObject","inLanguage":"pt-BR","@id":"https:\/\/secure.gravatar.com\/avatar\/869822917e96b2e292d5827e4635855396934485e7c4a0af84e9a214e32ca0cd?s=96&d=mm&r=g","url":"https:\/\/secure.gravatar.com\/avatar\/869822917e96b2e292d5827e4635855396934485e7c4a0af84e9a214e32ca0cd?s=96&d=mm&r=g","contentUrl":"https:\/\/secure.gravatar.com\/avatar\/869822917e96b2e292d5827e4635855396934485e7c4a0af84e9a214e32ca0cd?s=96&d=mm&r=g","caption":"contato@revistaregional.com.br"},"url":"https:\/\/revistaregional.com.br\/site\/author\/contato@revistaregional.com.br\/"}]}},"views":71,"_links":{"self":[{"href":"https:\/\/revistaregional.com.br\/site\/wp-json\/wp\/v2\/posts\/22778","targetHints":{"allow":["GET"]}}],"collection":[{"href":"https:\/\/revistaregional.com.br\/site\/wp-json\/wp\/v2\/posts"}],"about":[{"href":"https:\/\/revistaregional.com.br\/site\/wp-json\/wp\/v2\/types\/post"}],"author":[{"embeddable":true,"href":"https:\/\/revistaregional.com.br\/site\/wp-json\/wp\/v2\/users\/1"}],"replies":[{"embeddable":true,"href":"https:\/\/revistaregional.com.br\/site\/wp-json\/wp\/v2\/comments?post=22778"}],"version-history":[{"count":2,"href":"https:\/\/revistaregional.com.br\/site\/wp-json\/wp\/v2\/posts\/22778\/revisions"}],"predecessor-version":[{"id":22781,"href":"https:\/\/revistaregional.com.br\/site\/wp-json\/wp\/v2\/posts\/22778\/revisions\/22781"}],"wp:featuredmedia":[{"embeddable":true,"href":"https:\/\/revistaregional.com.br\/site\/wp-json\/wp\/v2\/media\/22779"}],"wp:attachment":[{"href":"https:\/\/revistaregional.com.br\/site\/wp-json\/wp\/v2\/media?parent=22778"}],"wp:term":[{"taxonomy":"category","embeddable":true,"href":"https:\/\/revistaregional.com.br\/site\/wp-json\/wp\/v2\/categories?post=22778"},{"taxonomy":"post_tag","embeddable":true,"href":"https:\/\/revistaregional.com.br\/site\/wp-json\/wp\/v2\/tags?post=22778"}],"curies":[{"name":"wp","href":"https:\/\/api.w.org\/{rel}","templated":true}]}}