{"id":22770,"date":"2020-06-30T19:15:11","date_gmt":"2020-06-30T22:15:11","guid":{"rendered":"https:\/\/revistaregional.com.br\/site\/?p=22770"},"modified":"2024-01-26T09:29:42","modified_gmt":"2024-01-26T12:29:42","slug":"junho-tem-numero-recorde-de-covid-na-regiao","status":"publish","type":"post","link":"https:\/\/revistaregional.com.br\/site\/2020\/06\/30\/junho-tem-numero-recorde-de-covid-na-regiao\/","title":{"rendered":"Junho tem n\u00famero recorde de covid na regi\u00e3o"},"content":{"rendered":"<figure id=\"attachment_22771\" aria-describedby=\"caption-attachment-22771\" style=\"width: 416px\" class=\"wp-caption alignright\"><img fetchpriority=\"high\" decoding=\"async\" class=\"wp-image-22771\" src=\"https:\/\/revistaregional.com.br\/site\/wp-content\/uploads\/2020\/06\/app-30-junho-2-791x1024.jpg\" alt=\"\" width=\"416\" height=\"538\" data-id=\"22771\" srcset=\"https:\/\/revistaregional.com.br\/site\/wp-content\/uploads\/2020\/06\/app-30-junho-2-791x1024.jpg 791w, https:\/\/revistaregional.com.br\/site\/wp-content\/uploads\/2020\/06\/app-30-junho-2-232x300.jpg 232w, https:\/\/revistaregional.com.br\/site\/wp-content\/uploads\/2020\/06\/app-30-junho-2-1187x1536.jpg 1187w, https:\/\/revistaregional.com.br\/site\/wp-content\/uploads\/2020\/06\/app-30-junho-2-116x150.jpg 116w, https:\/\/revistaregional.com.br\/site\/wp-content\/uploads\/2020\/06\/app-30-junho-2.jpg 1484w\" sizes=\"(max-width: 416px) 100vw, 416px\" \/><figcaption id=\"caption-attachment-22771\" class=\"wp-caption-text\">Junho teve o maior n\u00famero de infectados pelo novo coronav\u00edrus na regi\u00e3o<\/figcaption><\/figure>\n<p><strong>Desde o come\u00e7o da pandemia, o m\u00eas foi recordista em n\u00famero de infectados e mortes pela covid-19; Somando Itu, Indaiatuba e Salto, foram 1.925 casos e 59 mortes, sendo 1.353 infectados apenas em Indaiatuba; Governo ituano revela os bairros com maior incid\u00eancia de casos; Em 24 horas, Indaiatuba tem 130 novos contaminados<\/strong><\/p>\n<p>&nbsp;<\/p>\n<p>Todas as cidades da regi\u00e3o de cobertura da Revista Regional registraram novos casos de covid-19 nas \u00faltimas 24 horas, como vem ocorrendo diariamente desde o in\u00edcio de junho, revelando a curva ascendente da pandemia. Esse m\u00eas foi recordista em n\u00famero de infectados e tamb\u00e9m de mortes pelo novo coronav\u00edrus desde o come\u00e7o da pandemia, em mar\u00e7o passado.<\/p>\n<p>&nbsp;<\/p>\n<p>Ao todo, somando Indaiatuba, Itu e Salto, foram 1.925 casos e 59 mortes em 30 dias. At\u00e9 31 de maio, eram 501 infectados e 47 \u00f3bitos. Indaiatuba, com maior incid\u00eancia de casos registrados, viu a pandemia avan\u00e7ar de forma r\u00e1pida, sendo 1.353 infectados e 37 mortos em apenas um m\u00eas.<\/p>\n<p>&nbsp;<\/p>\n<p>Compare os n\u00fameros:<\/p>\n<p>&nbsp;<\/p>\n<p>INDAIATUBA:<\/p>\n<p>&nbsp;<\/p>\n<p>&#8211; 1\u00ba de junho: 276 infectados e 25 mortes;<\/p>\n<p>&#8211; 30 de junho: 1.629 positivos e 62 \u00f3bitos.<\/p>\n<p>&nbsp;<\/p>\n<p>ITU:<\/p>\n<p>&#8211; 1\u00ba de junho: 172 infectados e 21 mortes;<\/p>\n<p>&#8211; 30 de junho: 572 infectados e 37 mortes.<\/p>\n<p>&nbsp;<\/p>\n<p>SALTO:<\/p>\n<p>&#8211; 1\u00ba de junho: 53 infectados e 1 morte;<\/p>\n<p>&#8211; 30 de junho: 235 casos confirmados e 7 \u00f3bitos.<\/p>\n<p>&nbsp;<\/p>\n<p>O m\u00eas de junho foi marcado ainda pela reabertura da economia, com lojas e shopping centers voltando a funcionar, de forma restrita, em toda a regi\u00e3o. Os estabelecimentos poderiam funcionar por quatro horas di\u00e1rias, por\u00e9m algumas cidades, por conta pr\u00f3pria, optaram por uma jornada maior. Com o avan\u00e7o dos casos, o governo estadual fechou novamente a regi\u00e3o de Sorocaba, que inclui Itu e Salto, mas manteve aberta a de Campinas, onde est\u00e1 Indaiatuba. Entretanto, por decis\u00e3o da Justi\u00e7a, Indaiatuba foi obrigada, em 23 de junho, a cumprir decreto do Estado e o com\u00e9rcio passou a funcionar pelo per\u00edodo de quatro horas por dia, das 12h \u00e0s 16h; antes, era das 9h \u00e0s 18h.<\/p>\n<p>&nbsp;<\/p>\n<p>\u00daLTIMO DIA DE JUNHO<\/p>\n<p>&nbsp;<\/p>\n<p>Nesta ter\u00e7a-feira, 30 de junho, em Indaiatuba foram registrados mais 130 casos positivos, totalizando 1.629 confirmados de covid-19, sendo que 62 morreram e 31 continuam internados. A Prefeitura de Indaiatuba n\u00e3o divulga um n\u00famero exato de recuperados, mas soma os casos de cura com pacientes ainda em tratamento domiciliar, totalizando, assim, 1.536 pessoas. Ainda h\u00e1 outros 60 casos suspeitos aguardando resultado de exame. Atualmente h\u00e1 37 internados em leito cl\u00ednico e 30 em UTI (Unidade de Terapia Intensiva). A taxa de ocupa\u00e7\u00e3o das UTIs continua alta, em 92% no Haoc e 67% no Hospital Santa Ign\u00eas.<\/p>\n<p>&nbsp;<\/p>\n<p>Salto, conforme o boletim epidemiol\u00f3gico divulgado nesta ter\u00e7a-feira, tem, oficialmente, 235 casos de covid-19; sendo que 7 morreram, 185 evolu\u00edram para cura; 6 casos seguem internados (sendo 4 em UTI) e 37 est\u00e3o em isolamento domiciliar. H\u00e1 63 pacientes testados que aguardam resultados de exames. Destes, 57 est\u00e3o em isolamento domiciliar e 6 em interna\u00e7\u00e3o cl\u00ednica (1 em UTI). A Prefeitura n\u00e3o divulgou a taxa de ocupa\u00e7\u00e3o dos hospitais. Dos novos casos registrados nesta ter\u00e7a, h\u00e1 3 crian\u00e7as de 1 a 5 anos. Ao contr\u00e1rio do que divulgou a Prefeitura na segunda-feira, o beb\u00ea infectado pelo coronav\u00edrus na cidade tem 1 ano e n\u00e3o 14 dias. A Secretaria de Sa\u00fade local informou que houve um erro na compila\u00e7\u00e3o das idades dos casos confirmados, que a crian\u00e7a est\u00e1 em isolamento domiciliar e segue monitorada pela Vigil\u00e2ncia Epidemiol\u00f3gica.<\/p>\n<p>&nbsp;<\/p>\n<p>Itu confirmou, nesta ter\u00e7a-feira, 30, mais 1 \u00f3bito: um homem de 78 anos, com doen\u00e7as pr\u00e9-existentes. Foi a 37\u00aa morte por covid-19 na cidade e h\u00e1 ainda 1 suspeita. Itu totaliza agora 572 casos confirmados, 456 recuperados e 157 aguardando resultados de exames. H\u00e1 21 pacientes internados em leito cl\u00ednico e 11 em UTI. A taxa de ocupa\u00e7\u00e3o de UTI est\u00e1 em 75% no Hospital Municipal e de 50% no Hospital de Campanha.<\/p>\n<p>&nbsp;<\/p>\n<p>BAIRROS COM MAIOR INCID\u00caNCIA EM ITU<\/p>\n<p>&nbsp;<\/p>\n<p>A Prefeitura de Itu divulgou nesta ter\u00e7a-feira a lista dos bairros com maior incid\u00eancia de contamina\u00e7\u00e3o pelo novo coronav\u00edrus, com intensifica\u00e7\u00e3o de a\u00e7\u00f5es de fiscais nesses pontos. O objetivo \u00e9 aumentar a ades\u00e3o da popula\u00e7\u00e3o ao isolamento social e \u00e0s medidas preventivas contra a doen\u00e7a, que j\u00e1 matou 37 pessoas na cidade e soma 572 casos confirmados, de acordo com o boletim divulgado deste 30 de junho.<\/p>\n<p>&nbsp;<\/p>\n<p>De acordo com o levantamento da Vigil\u00e2ncia Epidemiol\u00f3gica de Itu, os bairros onde o risco de transmiss\u00e3o \u00e9 considerado extremamente alto s\u00e3o Cidade Nova (28 casos confirmados ativos e 24 casos suspeitos), Jardim Uni\u00e3o (16 casos confirmados ativos e 6 casos suspeitos), Vila Martins (16 casos confirmados ativos e 5 casos suspeitos), Parque Am\u00e9rica (7 casos confirmados ativos e 1 caso suspeito) e Jardim Aeroporto (7 casos confirmados ativos e 0 caso suspeito).<\/p>\n<p>&nbsp;<\/p>\n<p>H\u00e1 ainda o grupo de bairros em que o risco de cont\u00e1gio \u00e9 apontado como alto, sendo eles: Portal do \u00c9den, Potiguara, Parque Industrial, Vila Nova, Jardim Europa, Rancho Grande, Jardim das Rosas, S\u00e3o Luiz, Novo Mundo, Residencial Itaim, Vila Gabbai, S\u00e3o Camilo e Jardim Alberto Gomes.<\/p>\n<p>&nbsp;<\/p>\n<p>Esses dados s\u00e3o atualizados com n\u00fameros de segunda-feira, 29, e mudam diariamente. Al\u00e9m desses pontos cr\u00edticos, a Prefeitura de Itu informa que monitora demais os bairros do munic\u00edpio e afirma haver casos em todas as regi\u00f5es da cidade. O rigor da fiscaliza\u00e7\u00e3o e as medidas restritivas podem ser relaxados ou acentuados dependendo dos \u00edndices locais da pandemia.<\/p>\n<p>&nbsp;<\/p>\n<p>Os fiscais ter\u00e3o como foco o funcionamento restrito do com\u00e9rcio essencial, ou seja, somente podem estar abertos farm\u00e1cias, supermercados, postos de combust\u00edveis, oficinas mec\u00e2nicas e estabelecimentos aliment\u00edcios (sem consumo no local). Al\u00e9m disso, o com\u00e9rcios e servi\u00e7os que se encaixam nessa categoria ter\u00e3o que seguir as normas sanit\u00e1rias exigidas no momento, como disponibiliza\u00e7\u00e3o de \u00e1lcool gel aos clientes, distanciamento f\u00edsico e capacidade reduzida de pessoas no local.<\/p>\n<p>&nbsp;<\/p>\n<p>O uso obrigat\u00f3rio de m\u00e1scaras em espa\u00e7os p\u00fablicos \u00e9 outro foco da fiscaliza\u00e7\u00e3o. O descumprimento dessa regra agora \u00e9 pass\u00edvel de multa de R$ 100, segundo lei municipal de autoria do Executivo. Em caso de reincid\u00eancia, o cidad\u00e3o pagar\u00e1 o dobro pela infra\u00e7\u00e3o.<\/p>\n<p>&nbsp;<\/p>\n<p>Foto: BIRF<\/p>\n","protected":false},"excerpt":{"rendered":"<p>Desde o come\u00e7o da pandemia, o m\u00eas foi recordista em n\u00famero de infectados e mortes pela covid-19; Somando Itu, Indaiatuba e Salto, foram 1.925 casos e 59 mortes, sendo 1.353 infectados apenas em Indaiatuba; Governo ituano revela os bairros com maior incid\u00eancia de casos; Em 24 horas, Indaiatuba tem 130 novos contaminados &nbsp; Todas as [&hellip;]<\/p>\n","protected":false},"author":1,"featured_media":22771,"comment_status":"closed","ping_status":"closed","sticky":false,"template":"","format":"standard","meta":{"_acf_changed":false,"ngg_post_thumbnail":0,"_joinchat":[],"footnotes":""},"categories":[449,8],"tags":[525],"class_list":["post-22770","post","type-post","status-publish","format-standard","has-post-thumbnail","hentry","category-destaque-lateral","category-saude-e-beleza","tag-saude-e-beleza"],"acf":[],"yoast_head":"<!-- This site is optimized with the Yoast SEO plugin v27.4 - https:\/\/yoast.com\/product\/yoast-seo-wordpress\/ -->\n<title>Junho tem n\u00famero recorde de covid na regi\u00e3o - Revista Regional<\/title>\n<meta name=\"robots\" content=\"index, follow, max-snippet:-1, max-image-preview:large, max-video-preview:-1\" \/>\n<link rel=\"canonical\" href=\"https:\/\/revistaregional.com.br\/site\/2020\/06\/30\/junho-tem-numero-recorde-de-covid-na-regiao\/\" \/>\n<meta property=\"og:locale\" content=\"pt_BR\" \/>\n<meta property=\"og:type\" content=\"article\" \/>\n<meta property=\"og:title\" content=\"Junho tem n\u00famero recorde de covid na regi\u00e3o - Revista Regional\" \/>\n<meta property=\"og:description\" content=\"Desde o come\u00e7o da pandemia, o m\u00eas foi recordista em n\u00famero de infectados e mortes pela covid-19; Somando Itu, Indaiatuba e Salto, foram 1.925 casos e 59 mortes, sendo 1.353 infectados apenas em Indaiatuba; Governo ituano revela os bairros com maior incid\u00eancia de casos; Em 24 horas, Indaiatuba tem 130 novos contaminados &nbsp; Todas as [&hellip;]\" \/>\n<meta property=\"og:url\" content=\"https:\/\/revistaregional.com.br\/site\/2020\/06\/30\/junho-tem-numero-recorde-de-covid-na-regiao\/\" \/>\n<meta property=\"og:site_name\" content=\"Revista Regional\" \/>\n<meta property=\"article:published_time\" content=\"2020-06-30T22:15:11+00:00\" \/>\n<meta property=\"article:modified_time\" content=\"2024-01-26T12:29:42+00:00\" \/>\n<meta property=\"og:image\" content=\"https:\/\/revistaregional.com.br\/site\/wp-content\/uploads\/2020\/06\/app-30-junho-2.jpg\" \/>\n\t<meta property=\"og:image:width\" content=\"1484\" \/>\n\t<meta property=\"og:image:height\" content=\"1920\" \/>\n\t<meta property=\"og:image:type\" content=\"image\/jpeg\" \/>\n<meta name=\"author\" content=\"contato@revistaregional.com.br\" \/>\n<meta name=\"twitter:card\" content=\"summary_large_image\" \/>\n<meta name=\"twitter:label1\" content=\"Escrito por\" \/>\n\t<meta name=\"twitter:data1\" content=\"contato@revistaregional.com.br\" \/>\n\t<meta name=\"twitter:label2\" content=\"Est. tempo de leitura\" \/>\n\t<meta name=\"twitter:data2\" content=\"5 minutos\" \/>\n<script type=\"application\/ld+json\" class=\"yoast-schema-graph\">{\"@context\":\"https:\\\/\\\/schema.org\",\"@graph\":[{\"@type\":\"Article\",\"@id\":\"https:\\\/\\\/revistaregional.com.br\\\/site\\\/2020\\\/06\\\/30\\\/junho-tem-numero-recorde-de-covid-na-regiao\\\/#article\",\"isPartOf\":{\"@id\":\"https:\\\/\\\/revistaregional.com.br\\\/site\\\/2020\\\/06\\\/30\\\/junho-tem-numero-recorde-de-covid-na-regiao\\\/\"},\"author\":{\"name\":\"contato@revistaregional.com.br\",\"@id\":\"https:\\\/\\\/revistaregional.com.br\\\/site\\\/#\\\/schema\\\/person\\\/382af97c580dc1b18f55107bc316010d\"},\"headline\":\"Junho tem n\u00famero recorde de covid na regi\u00e3o\",\"datePublished\":\"2020-06-30T22:15:11+00:00\",\"dateModified\":\"2024-01-26T12:29:42+00:00\",\"mainEntityOfPage\":{\"@id\":\"https:\\\/\\\/revistaregional.com.br\\\/site\\\/2020\\\/06\\\/30\\\/junho-tem-numero-recorde-de-covid-na-regiao\\\/\"},\"wordCount\":1071,\"image\":{\"@id\":\"https:\\\/\\\/revistaregional.com.br\\\/site\\\/2020\\\/06\\\/30\\\/junho-tem-numero-recorde-de-covid-na-regiao\\\/#primaryimage\"},\"thumbnailUrl\":\"https:\\\/\\\/revistaregional.com.br\\\/site\\\/wp-content\\\/uploads\\\/2020\\\/06\\\/app-30-junho-2.jpg\",\"keywords\":[\"Sa\u00fade e Beleza\"],\"articleSection\":[\"Destaque Lateral\",\"Sa\u00fade e Beleza\"],\"inLanguage\":\"pt-BR\"},{\"@type\":\"WebPage\",\"@id\":\"https:\\\/\\\/revistaregional.com.br\\\/site\\\/2020\\\/06\\\/30\\\/junho-tem-numero-recorde-de-covid-na-regiao\\\/\",\"url\":\"https:\\\/\\\/revistaregional.com.br\\\/site\\\/2020\\\/06\\\/30\\\/junho-tem-numero-recorde-de-covid-na-regiao\\\/\",\"name\":\"Junho tem n\u00famero recorde de covid na regi\u00e3o - Revista Regional\",\"isPartOf\":{\"@id\":\"https:\\\/\\\/revistaregional.com.br\\\/site\\\/#website\"},\"primaryImageOfPage\":{\"@id\":\"https:\\\/\\\/revistaregional.com.br\\\/site\\\/2020\\\/06\\\/30\\\/junho-tem-numero-recorde-de-covid-na-regiao\\\/#primaryimage\"},\"image\":{\"@id\":\"https:\\\/\\\/revistaregional.com.br\\\/site\\\/2020\\\/06\\\/30\\\/junho-tem-numero-recorde-de-covid-na-regiao\\\/#primaryimage\"},\"thumbnailUrl\":\"https:\\\/\\\/revistaregional.com.br\\\/site\\\/wp-content\\\/uploads\\\/2020\\\/06\\\/app-30-junho-2.jpg\",\"datePublished\":\"2020-06-30T22:15:11+00:00\",\"dateModified\":\"2024-01-26T12:29:42+00:00\",\"author\":{\"@id\":\"https:\\\/\\\/revistaregional.com.br\\\/site\\\/#\\\/schema\\\/person\\\/382af97c580dc1b18f55107bc316010d\"},\"breadcrumb\":{\"@id\":\"https:\\\/\\\/revistaregional.com.br\\\/site\\\/2020\\\/06\\\/30\\\/junho-tem-numero-recorde-de-covid-na-regiao\\\/#breadcrumb\"},\"inLanguage\":\"pt-BR\",\"potentialAction\":[{\"@type\":\"ReadAction\",\"target\":[\"https:\\\/\\\/revistaregional.com.br\\\/site\\\/2020\\\/06\\\/30\\\/junho-tem-numero-recorde-de-covid-na-regiao\\\/\"]}]},{\"@type\":\"ImageObject\",\"inLanguage\":\"pt-BR\",\"@id\":\"https:\\\/\\\/revistaregional.com.br\\\/site\\\/2020\\\/06\\\/30\\\/junho-tem-numero-recorde-de-covid-na-regiao\\\/#primaryimage\",\"url\":\"https:\\\/\\\/revistaregional.com.br\\\/site\\\/wp-content\\\/uploads\\\/2020\\\/06\\\/app-30-junho-2.jpg\",\"contentUrl\":\"https:\\\/\\\/revistaregional.com.br\\\/site\\\/wp-content\\\/uploads\\\/2020\\\/06\\\/app-30-junho-2.jpg\",\"width\":1484,\"height\":1920,\"caption\":\"Novas mortes por covid foram registradas em Itu e Salto\"},{\"@type\":\"BreadcrumbList\",\"@id\":\"https:\\\/\\\/revistaregional.com.br\\\/site\\\/2020\\\/06\\\/30\\\/junho-tem-numero-recorde-de-covid-na-regiao\\\/#breadcrumb\",\"itemListElement\":[{\"@type\":\"ListItem\",\"position\":1,\"name\":\"In\u00edcio\",\"item\":\"https:\\\/\\\/revistaregional.com.br\\\/site\\\/\"},{\"@type\":\"ListItem\",\"position\":2,\"name\":\"Junho tem n\u00famero recorde de covid na regi\u00e3o\"}]},{\"@type\":\"WebSite\",\"@id\":\"https:\\\/\\\/revistaregional.com.br\\\/site\\\/#website\",\"url\":\"https:\\\/\\\/revistaregional.com.br\\\/site\\\/\",\"name\":\"Revista Regional\",\"description\":\"Salto - Itu - Indaituba\",\"potentialAction\":[{\"@type\":\"SearchAction\",\"target\":{\"@type\":\"EntryPoint\",\"urlTemplate\":\"https:\\\/\\\/revistaregional.com.br\\\/site\\\/?s={search_term_string}\"},\"query-input\":{\"@type\":\"PropertyValueSpecification\",\"valueRequired\":true,\"valueName\":\"search_term_string\"}}],\"inLanguage\":\"pt-BR\"},{\"@type\":\"Person\",\"@id\":\"https:\\\/\\\/revistaregional.com.br\\\/site\\\/#\\\/schema\\\/person\\\/382af97c580dc1b18f55107bc316010d\",\"name\":\"contato@revistaregional.com.br\",\"image\":{\"@type\":\"ImageObject\",\"inLanguage\":\"pt-BR\",\"@id\":\"https:\\\/\\\/secure.gravatar.com\\\/avatar\\\/869822917e96b2e292d5827e4635855396934485e7c4a0af84e9a214e32ca0cd?s=96&d=mm&r=g\",\"url\":\"https:\\\/\\\/secure.gravatar.com\\\/avatar\\\/869822917e96b2e292d5827e4635855396934485e7c4a0af84e9a214e32ca0cd?s=96&d=mm&r=g\",\"contentUrl\":\"https:\\\/\\\/secure.gravatar.com\\\/avatar\\\/869822917e96b2e292d5827e4635855396934485e7c4a0af84e9a214e32ca0cd?s=96&d=mm&r=g\",\"caption\":\"contato@revistaregional.com.br\"},\"url\":\"https:\\\/\\\/revistaregional.com.br\\\/site\\\/author\\\/contato@revistaregional.com.br\\\/\"}]}<\/script>\n<!-- \/ Yoast SEO plugin. -->","yoast_head_json":{"title":"Junho tem n\u00famero recorde de covid na regi\u00e3o - Revista Regional","robots":{"index":"index","follow":"follow","max-snippet":"max-snippet:-1","max-image-preview":"max-image-preview:large","max-video-preview":"max-video-preview:-1"},"canonical":"https:\/\/revistaregional.com.br\/site\/2020\/06\/30\/junho-tem-numero-recorde-de-covid-na-regiao\/","og_locale":"pt_BR","og_type":"article","og_title":"Junho tem n\u00famero recorde de covid na regi\u00e3o - Revista Regional","og_description":"Desde o come\u00e7o da pandemia, o m\u00eas foi recordista em n\u00famero de infectados e mortes pela covid-19; Somando Itu, Indaiatuba e Salto, foram 1.925 casos e 59 mortes, sendo 1.353 infectados apenas em Indaiatuba; Governo ituano revela os bairros com maior incid\u00eancia de casos; Em 24 horas, Indaiatuba tem 130 novos contaminados &nbsp; Todas as [&hellip;]","og_url":"https:\/\/revistaregional.com.br\/site\/2020\/06\/30\/junho-tem-numero-recorde-de-covid-na-regiao\/","og_site_name":"Revista Regional","article_published_time":"2020-06-30T22:15:11+00:00","article_modified_time":"2024-01-26T12:29:42+00:00","og_image":[{"width":1484,"height":1920,"url":"https:\/\/revistaregional.com.br\/site\/wp-content\/uploads\/2020\/06\/app-30-junho-2.jpg","type":"image\/jpeg"}],"author":"contato@revistaregional.com.br","twitter_card":"summary_large_image","twitter_misc":{"Escrito por":"contato@revistaregional.com.br","Est. tempo de leitura":"5 minutos"},"schema":{"@context":"https:\/\/schema.org","@graph":[{"@type":"Article","@id":"https:\/\/revistaregional.com.br\/site\/2020\/06\/30\/junho-tem-numero-recorde-de-covid-na-regiao\/#article","isPartOf":{"@id":"https:\/\/revistaregional.com.br\/site\/2020\/06\/30\/junho-tem-numero-recorde-de-covid-na-regiao\/"},"author":{"name":"contato@revistaregional.com.br","@id":"https:\/\/revistaregional.com.br\/site\/#\/schema\/person\/382af97c580dc1b18f55107bc316010d"},"headline":"Junho tem n\u00famero recorde de covid na regi\u00e3o","datePublished":"2020-06-30T22:15:11+00:00","dateModified":"2024-01-26T12:29:42+00:00","mainEntityOfPage":{"@id":"https:\/\/revistaregional.com.br\/site\/2020\/06\/30\/junho-tem-numero-recorde-de-covid-na-regiao\/"},"wordCount":1071,"image":{"@id":"https:\/\/revistaregional.com.br\/site\/2020\/06\/30\/junho-tem-numero-recorde-de-covid-na-regiao\/#primaryimage"},"thumbnailUrl":"https:\/\/revistaregional.com.br\/site\/wp-content\/uploads\/2020\/06\/app-30-junho-2.jpg","keywords":["Sa\u00fade e Beleza"],"articleSection":["Destaque Lateral","Sa\u00fade e Beleza"],"inLanguage":"pt-BR"},{"@type":"WebPage","@id":"https:\/\/revistaregional.com.br\/site\/2020\/06\/30\/junho-tem-numero-recorde-de-covid-na-regiao\/","url":"https:\/\/revistaregional.com.br\/site\/2020\/06\/30\/junho-tem-numero-recorde-de-covid-na-regiao\/","name":"Junho tem n\u00famero recorde de covid na regi\u00e3o - Revista Regional","isPartOf":{"@id":"https:\/\/revistaregional.com.br\/site\/#website"},"primaryImageOfPage":{"@id":"https:\/\/revistaregional.com.br\/site\/2020\/06\/30\/junho-tem-numero-recorde-de-covid-na-regiao\/#primaryimage"},"image":{"@id":"https:\/\/revistaregional.com.br\/site\/2020\/06\/30\/junho-tem-numero-recorde-de-covid-na-regiao\/#primaryimage"},"thumbnailUrl":"https:\/\/revistaregional.com.br\/site\/wp-content\/uploads\/2020\/06\/app-30-junho-2.jpg","datePublished":"2020-06-30T22:15:11+00:00","dateModified":"2024-01-26T12:29:42+00:00","author":{"@id":"https:\/\/revistaregional.com.br\/site\/#\/schema\/person\/382af97c580dc1b18f55107bc316010d"},"breadcrumb":{"@id":"https:\/\/revistaregional.com.br\/site\/2020\/06\/30\/junho-tem-numero-recorde-de-covid-na-regiao\/#breadcrumb"},"inLanguage":"pt-BR","potentialAction":[{"@type":"ReadAction","target":["https:\/\/revistaregional.com.br\/site\/2020\/06\/30\/junho-tem-numero-recorde-de-covid-na-regiao\/"]}]},{"@type":"ImageObject","inLanguage":"pt-BR","@id":"https:\/\/revistaregional.com.br\/site\/2020\/06\/30\/junho-tem-numero-recorde-de-covid-na-regiao\/#primaryimage","url":"https:\/\/revistaregional.com.br\/site\/wp-content\/uploads\/2020\/06\/app-30-junho-2.jpg","contentUrl":"https:\/\/revistaregional.com.br\/site\/wp-content\/uploads\/2020\/06\/app-30-junho-2.jpg","width":1484,"height":1920,"caption":"Novas mortes por covid foram registradas em Itu e Salto"},{"@type":"BreadcrumbList","@id":"https:\/\/revistaregional.com.br\/site\/2020\/06\/30\/junho-tem-numero-recorde-de-covid-na-regiao\/#breadcrumb","itemListElement":[{"@type":"ListItem","position":1,"name":"In\u00edcio","item":"https:\/\/revistaregional.com.br\/site\/"},{"@type":"ListItem","position":2,"name":"Junho tem n\u00famero recorde de covid na regi\u00e3o"}]},{"@type":"WebSite","@id":"https:\/\/revistaregional.com.br\/site\/#website","url":"https:\/\/revistaregional.com.br\/site\/","name":"Revista Regional","description":"Salto - Itu - Indaituba","potentialAction":[{"@type":"SearchAction","target":{"@type":"EntryPoint","urlTemplate":"https:\/\/revistaregional.com.br\/site\/?s={search_term_string}"},"query-input":{"@type":"PropertyValueSpecification","valueRequired":true,"valueName":"search_term_string"}}],"inLanguage":"pt-BR"},{"@type":"Person","@id":"https:\/\/revistaregional.com.br\/site\/#\/schema\/person\/382af97c580dc1b18f55107bc316010d","name":"contato@revistaregional.com.br","image":{"@type":"ImageObject","inLanguage":"pt-BR","@id":"https:\/\/secure.gravatar.com\/avatar\/869822917e96b2e292d5827e4635855396934485e7c4a0af84e9a214e32ca0cd?s=96&d=mm&r=g","url":"https:\/\/secure.gravatar.com\/avatar\/869822917e96b2e292d5827e4635855396934485e7c4a0af84e9a214e32ca0cd?s=96&d=mm&r=g","contentUrl":"https:\/\/secure.gravatar.com\/avatar\/869822917e96b2e292d5827e4635855396934485e7c4a0af84e9a214e32ca0cd?s=96&d=mm&r=g","caption":"contato@revistaregional.com.br"},"url":"https:\/\/revistaregional.com.br\/site\/author\/contato@revistaregional.com.br\/"}]}},"views":98,"_links":{"self":[{"href":"https:\/\/revistaregional.com.br\/site\/wp-json\/wp\/v2\/posts\/22770","targetHints":{"allow":["GET"]}}],"collection":[{"href":"https:\/\/revistaregional.com.br\/site\/wp-json\/wp\/v2\/posts"}],"about":[{"href":"https:\/\/revistaregional.com.br\/site\/wp-json\/wp\/v2\/types\/post"}],"author":[{"embeddable":true,"href":"https:\/\/revistaregional.com.br\/site\/wp-json\/wp\/v2\/users\/1"}],"replies":[{"embeddable":true,"href":"https:\/\/revistaregional.com.br\/site\/wp-json\/wp\/v2\/comments?post=22770"}],"version-history":[{"count":2,"href":"https:\/\/revistaregional.com.br\/site\/wp-json\/wp\/v2\/posts\/22770\/revisions"}],"predecessor-version":[{"id":22773,"href":"https:\/\/revistaregional.com.br\/site\/wp-json\/wp\/v2\/posts\/22770\/revisions\/22773"}],"wp:featuredmedia":[{"embeddable":true,"href":"https:\/\/revistaregional.com.br\/site\/wp-json\/wp\/v2\/media\/22771"}],"wp:attachment":[{"href":"https:\/\/revistaregional.com.br\/site\/wp-json\/wp\/v2\/media?parent=22770"}],"wp:term":[{"taxonomy":"category","embeddable":true,"href":"https:\/\/revistaregional.com.br\/site\/wp-json\/wp\/v2\/categories?post=22770"},{"taxonomy":"post_tag","embeddable":true,"href":"https:\/\/revistaregional.com.br\/site\/wp-json\/wp\/v2\/tags?post=22770"}],"curies":[{"name":"wp","href":"https:\/\/api.w.org\/{rel}","templated":true}]}}