{"id":22725,"date":"2020-06-25T17:59:35","date_gmt":"2020-06-25T20:59:35","guid":{"rendered":"https:\/\/revistaregional.com.br\/site\/?p=22725"},"modified":"2024-01-26T09:29:44","modified_gmt":"2024-01-26T12:29:44","slug":"avanco-da-covid-no-interior-dobra-em-relacao-a-capital","status":"publish","type":"post","link":"https:\/\/revistaregional.com.br\/site\/2020\/06\/25\/avanco-da-covid-no-interior-dobra-em-relacao-a-capital\/","title":{"rendered":"Avan\u00e7o da covid no Interior dobra em rela\u00e7\u00e3o \u00e0 capital"},"content":{"rendered":"<figure id=\"attachment_22726\" aria-describedby=\"caption-attachment-22726\" style=\"width: 409px\" class=\"wp-caption alignright\"><img fetchpriority=\"high\" decoding=\"async\" class=\"wp-image-22726\" src=\"https:\/\/revistaregional.com.br\/site\/wp-content\/uploads\/2020\/06\/app-covid-25-junho.jpg\" alt=\"\" width=\"409\" height=\"218\" data-id=\"22726\" srcset=\"https:\/\/revistaregional.com.br\/site\/wp-content\/uploads\/2020\/06\/app-covid-25-junho.jpg 640w, https:\/\/revistaregional.com.br\/site\/wp-content\/uploads\/2020\/06\/app-covid-25-junho-300x160.jpg 300w, https:\/\/revistaregional.com.br\/site\/wp-content\/uploads\/2020\/06\/app-covid-25-junho-150x80.jpg 150w\" sizes=\"(max-width: 409px) 100vw, 409px\" \/><figcaption id=\"caption-attachment-22726\" class=\"wp-caption-text\">Interior, pela primeira vez, registrou mais mortes pelo coronav\u00edrus<\/figcaption><\/figure>\n<p><strong>Em apenas 4 dias, a pandemia avan\u00e7ou 28,7% a mais fora da cidade de S\u00e3o Paulo; Pela 1\u00aa vez, n\u00famero de mortos no Interior foi superior ao da capital; Na regi\u00e3o, houve mais 1 \u00f3bito em Indaiatuba, que atingiu 1.250 infectados<\/strong><\/p>\n<p>&nbsp;<\/p>\n<p>O r\u00e1pido avan\u00e7o do coronav\u00edrus no Interior refor\u00e7ou o alerta do governo do Estado em rela\u00e7\u00e3o a casos e mortes por covid-19. Em apenas 4 dias, o percentual de novos contaminados fora da capital praticamente dobrou em rela\u00e7\u00e3o ao mesmo \u00edndice da semana anterior.<\/p>\n<p>&nbsp;<\/p>\n<p>De acordo com dados da Secretaria de Estado da Sa\u00fade e do Centro de Conting\u00eancia do coronav\u00edrus, entre os dias 14 e 20 de junho, o Interior registrou 17.932 novas contamina\u00e7\u00f5es por coronav\u00edrus, enquanto que na capital o total foi de 15.342. Assim, o avan\u00e7o da pandemia fora da capital foi 14,5% maior.<\/p>\n<p>&nbsp;<\/p>\n<p>J\u00e1 nesta semana, apenas no intervalo entre domingo (21) e quarta-feira (24), o Interior viu 10.752 novas confirma\u00e7\u00f5es de casos, ante 7.670 na capital. Em apenas 4 dias, a pandemia avan\u00e7ou 28,7% a mais fora da cidade de S\u00e3o Paulo. Tamb\u00e9m pela primeira vez, o n\u00famero absoluto de mortes por covid no Interior (6.677) superou o da capital (6.675) ao longo da pandemia.<\/p>\n<p>&nbsp;<\/p>\n<p>&#8220;A diferen\u00e7a \u00e9 muito grande nessa taxa de incid\u00eancia de casos. Isso nos leva a projetar o aumento significativo que teremos no Interior do Estado&#8221;, afirmou Jo\u00e3o Gabbardo, secret\u00e1rio executivo do Centro de Conting\u00eancia. &#8220;A taxa de transmissibilidade tende a reduzir bastante na capital e aumentar no Interior do Estado&#8221;, acrescentou.<\/p>\n<p>&nbsp;<\/p>\n<p>O secret\u00e1rio de Desenvolvimento Regional, Marco Vinholi, tamb\u00e9m refor\u00e7ou a preocupa\u00e7\u00e3o com o agravamento da pandemia fora da capital. &#8220;A acelera\u00e7\u00e3o tem se dado em novos casos e tamb\u00e9m em \u00f3bitos. N\u00f3s temos alertado o Interior e apoiado com aumento da capacidade hospitalar em todo o territ\u00f3rio do Estado&#8221;, disse.<\/p>\n<p>&nbsp;<\/p>\n<p>At\u00e9 agora, o governo de S\u00e3o Paulo j\u00e1 distribuiu 2.266 respiradores a hospitais p\u00fablicos e filantr\u00f3picos na capital, Interior e litoral para ampliar a oferta de leitos de terapia intensiva para pacientes graves de covid. Na regi\u00e3o, Itu e Indaiatuba receberam respiradores. Tamb\u00e9m houve investimento de R$ 60 milh\u00f5es em EPIs (Equipamentos de Prote\u00e7\u00e3o Individual) para profissionais de sa\u00fade.<\/p>\n<p>&nbsp;<\/p>\n<p>PANDEMIA NA REGI\u00c3O<\/p>\n<p>&nbsp;<\/p>\n<p>Na regi\u00e3o, Indaiatuba confirmou novos casos e o total oficial atingiu 1.250 infectados, com 57 mortes, a \u00faltima delas registrada nesta quinta-feira. O paciente tinha 65 anos, era diab\u00e9tico, e estava internado no Haoc (Hospital Augusto de Oliveira Camargo). A Prefeitura de Indaiatuba n\u00e3o possui um n\u00famero exato de pacientes recuperados, mas calcula em 1.161, considerando tamb\u00e9m os casos que continuam em tratamento domiciliar. Este c\u00e1lculo \u00e9 questionado por m\u00e9dicos ouvidos pela Revista Regional, pois os pacientes que est\u00e3o em casa podem precisar, em algum momento do tratamento que dura cerca de duas semanas, de ajuda m\u00e9dica e at\u00e9 mesmo de interna\u00e7\u00e3o, caso o quadro evolua para uma pneumonia ou outra condi\u00e7\u00e3o grave.<\/p>\n<p>&nbsp;<\/p>\n<p>A cidade possui ainda 32 confirmados internados e outros 124 casos suspeitos aguardando resultado de exame. Atualmente h\u00e1 35 internados em leito cl\u00ednico e 28 em UTI (Unidade de Terapia Intensiva). A taxa de ocupa\u00e7\u00e3o das UTIs est\u00e1 em 83% no Haoc e 67% no Hospital Santa Ign\u00eas.<\/p>\n<p>&nbsp;<\/p>\n<p>Em Itu, a Secretaria Municipal de Sa\u00fade informa que a cidade conta com 483 casos confirmados, 366 recuperados e 85 aguardando resultados de exames. H\u00e1 9 pacientes internados em leito cl\u00ednico e 13 em UTI. A cidade totaliza no momento 34 mortes pela doen\u00e7a. H\u00e1 ainda 1 \u00f3bito suspeito por covid-19. A taxa de ocupa\u00e7\u00e3o das UTIs est\u00e1 em 62% no Hospital Municipal e 33% no Hospital de Campanha.<\/p>\n<p>&nbsp;<\/p>\n<p>Salto est\u00e1 com 182 registros de covid, sendo que 6 morreram, 138 evolu\u00edram para cura e 6 casos seguem internados (sendo 3 em UTI); h\u00e1 ainda 32 casos em isolamento domiciliar. A cidade tem 65 casos suspeitos que aguardam resultados. Destes, 56 est\u00e3o em isolamento domiciliar e 9 em interna\u00e7\u00e3o cl\u00ednica. A Prefeitura da cidade n\u00e3o divulga a taxa de ocupa\u00e7\u00e3o dos hospitais.<\/p>\n<p>&nbsp;<\/p>\n<p>Foto: BIRF<\/p>\n<p>&nbsp;<\/p>\n","protected":false},"excerpt":{"rendered":"<p>Em apenas 4 dias, a pandemia avan\u00e7ou 28,7% a mais fora da cidade de S\u00e3o Paulo; Pela 1\u00aa vez, n\u00famero de mortos no Interior foi superior ao da capital; Na regi\u00e3o, houve mais 1 \u00f3bito em Indaiatuba, que atingiu 1.250 infectados &nbsp; O r\u00e1pido avan\u00e7o do coronav\u00edrus no Interior refor\u00e7ou o alerta do governo do [&hellip;]<\/p>\n","protected":false},"author":1,"featured_media":22726,"comment_status":"closed","ping_status":"closed","sticky":false,"template":"","format":"standard","meta":{"_acf_changed":false,"ngg_post_thumbnail":0,"_joinchat":[],"footnotes":""},"categories":[449,8],"tags":[525],"class_list":["post-22725","post","type-post","status-publish","format-standard","has-post-thumbnail","hentry","category-destaque-lateral","category-saude-e-beleza","tag-saude-e-beleza"],"acf":[],"yoast_head":"<!-- This site is optimized with the Yoast SEO plugin v27.4 - https:\/\/yoast.com\/product\/yoast-seo-wordpress\/ -->\n<title>Avan\u00e7o da covid no Interior dobra em rela\u00e7\u00e3o \u00e0 capital - Revista Regional<\/title>\n<meta name=\"robots\" content=\"index, follow, max-snippet:-1, max-image-preview:large, max-video-preview:-1\" \/>\n<link rel=\"canonical\" href=\"https:\/\/revistaregional.com.br\/site\/2020\/06\/25\/avanco-da-covid-no-interior-dobra-em-relacao-a-capital\/\" \/>\n<meta property=\"og:locale\" content=\"pt_BR\" \/>\n<meta property=\"og:type\" content=\"article\" \/>\n<meta property=\"og:title\" content=\"Avan\u00e7o da covid no Interior dobra em rela\u00e7\u00e3o \u00e0 capital - Revista Regional\" \/>\n<meta property=\"og:description\" content=\"Em apenas 4 dias, a pandemia avan\u00e7ou 28,7% a mais fora da cidade de S\u00e3o Paulo; Pela 1\u00aa vez, n\u00famero de mortos no Interior foi superior ao da capital; Na regi\u00e3o, houve mais 1 \u00f3bito em Indaiatuba, que atingiu 1.250 infectados &nbsp; O r\u00e1pido avan\u00e7o do coronav\u00edrus no Interior refor\u00e7ou o alerta do governo do [&hellip;]\" \/>\n<meta property=\"og:url\" content=\"https:\/\/revistaregional.com.br\/site\/2020\/06\/25\/avanco-da-covid-no-interior-dobra-em-relacao-a-capital\/\" \/>\n<meta property=\"og:site_name\" content=\"Revista Regional\" \/>\n<meta property=\"article:published_time\" content=\"2020-06-25T20:59:35+00:00\" \/>\n<meta property=\"article:modified_time\" content=\"2024-01-26T12:29:44+00:00\" \/>\n<meta property=\"og:image\" content=\"https:\/\/revistaregional.com.br\/site\/wp-content\/uploads\/2020\/06\/app-covid-25-junho.jpg\" \/>\n\t<meta property=\"og:image:width\" content=\"640\" \/>\n\t<meta property=\"og:image:height\" content=\"342\" \/>\n\t<meta property=\"og:image:type\" content=\"image\/jpeg\" \/>\n<meta name=\"author\" content=\"contato@revistaregional.com.br\" \/>\n<meta name=\"twitter:card\" content=\"summary_large_image\" \/>\n<meta name=\"twitter:label1\" content=\"Escrito por\" \/>\n\t<meta name=\"twitter:data1\" content=\"contato@revistaregional.com.br\" \/>\n\t<meta name=\"twitter:label2\" content=\"Est. tempo de leitura\" \/>\n\t<meta name=\"twitter:data2\" content=\"4 minutos\" \/>\n<script type=\"application\/ld+json\" class=\"yoast-schema-graph\">{\"@context\":\"https:\\\/\\\/schema.org\",\"@graph\":[{\"@type\":\"Article\",\"@id\":\"https:\\\/\\\/revistaregional.com.br\\\/site\\\/2020\\\/06\\\/25\\\/avanco-da-covid-no-interior-dobra-em-relacao-a-capital\\\/#article\",\"isPartOf\":{\"@id\":\"https:\\\/\\\/revistaregional.com.br\\\/site\\\/2020\\\/06\\\/25\\\/avanco-da-covid-no-interior-dobra-em-relacao-a-capital\\\/\"},\"author\":{\"name\":\"contato@revistaregional.com.br\",\"@id\":\"https:\\\/\\\/revistaregional.com.br\\\/site\\\/#\\\/schema\\\/person\\\/382af97c580dc1b18f55107bc316010d\"},\"headline\":\"Avan\u00e7o da covid no Interior dobra em rela\u00e7\u00e3o \u00e0 capital\",\"datePublished\":\"2020-06-25T20:59:35+00:00\",\"dateModified\":\"2024-01-26T12:29:44+00:00\",\"mainEntityOfPage\":{\"@id\":\"https:\\\/\\\/revistaregional.com.br\\\/site\\\/2020\\\/06\\\/25\\\/avanco-da-covid-no-interior-dobra-em-relacao-a-capital\\\/\"},\"wordCount\":716,\"image\":{\"@id\":\"https:\\\/\\\/revistaregional.com.br\\\/site\\\/2020\\\/06\\\/25\\\/avanco-da-covid-no-interior-dobra-em-relacao-a-capital\\\/#primaryimage\"},\"thumbnailUrl\":\"https:\\\/\\\/revistaregional.com.br\\\/site\\\/wp-content\\\/uploads\\\/2020\\\/06\\\/app-covid-25-junho.jpg\",\"keywords\":[\"Sa\u00fade e Beleza\"],\"articleSection\":[\"Destaque Lateral\",\"Sa\u00fade e Beleza\"],\"inLanguage\":\"pt-BR\"},{\"@type\":\"WebPage\",\"@id\":\"https:\\\/\\\/revistaregional.com.br\\\/site\\\/2020\\\/06\\\/25\\\/avanco-da-covid-no-interior-dobra-em-relacao-a-capital\\\/\",\"url\":\"https:\\\/\\\/revistaregional.com.br\\\/site\\\/2020\\\/06\\\/25\\\/avanco-da-covid-no-interior-dobra-em-relacao-a-capital\\\/\",\"name\":\"Avan\u00e7o da covid no Interior dobra em rela\u00e7\u00e3o \u00e0 capital - Revista Regional\",\"isPartOf\":{\"@id\":\"https:\\\/\\\/revistaregional.com.br\\\/site\\\/#website\"},\"primaryImageOfPage\":{\"@id\":\"https:\\\/\\\/revistaregional.com.br\\\/site\\\/2020\\\/06\\\/25\\\/avanco-da-covid-no-interior-dobra-em-relacao-a-capital\\\/#primaryimage\"},\"image\":{\"@id\":\"https:\\\/\\\/revistaregional.com.br\\\/site\\\/2020\\\/06\\\/25\\\/avanco-da-covid-no-interior-dobra-em-relacao-a-capital\\\/#primaryimage\"},\"thumbnailUrl\":\"https:\\\/\\\/revistaregional.com.br\\\/site\\\/wp-content\\\/uploads\\\/2020\\\/06\\\/app-covid-25-junho.jpg\",\"datePublished\":\"2020-06-25T20:59:35+00:00\",\"dateModified\":\"2024-01-26T12:29:44+00:00\",\"author\":{\"@id\":\"https:\\\/\\\/revistaregional.com.br\\\/site\\\/#\\\/schema\\\/person\\\/382af97c580dc1b18f55107bc316010d\"},\"breadcrumb\":{\"@id\":\"https:\\\/\\\/revistaregional.com.br\\\/site\\\/2020\\\/06\\\/25\\\/avanco-da-covid-no-interior-dobra-em-relacao-a-capital\\\/#breadcrumb\"},\"inLanguage\":\"pt-BR\",\"potentialAction\":[{\"@type\":\"ReadAction\",\"target\":[\"https:\\\/\\\/revistaregional.com.br\\\/site\\\/2020\\\/06\\\/25\\\/avanco-da-covid-no-interior-dobra-em-relacao-a-capital\\\/\"]}]},{\"@type\":\"ImageObject\",\"inLanguage\":\"pt-BR\",\"@id\":\"https:\\\/\\\/revistaregional.com.br\\\/site\\\/2020\\\/06\\\/25\\\/avanco-da-covid-no-interior-dobra-em-relacao-a-capital\\\/#primaryimage\",\"url\":\"https:\\\/\\\/revistaregional.com.br\\\/site\\\/wp-content\\\/uploads\\\/2020\\\/06\\\/app-covid-25-junho.jpg\",\"contentUrl\":\"https:\\\/\\\/revistaregional.com.br\\\/site\\\/wp-content\\\/uploads\\\/2020\\\/06\\\/app-covid-25-junho.jpg\",\"width\":640,\"height\":342},{\"@type\":\"BreadcrumbList\",\"@id\":\"https:\\\/\\\/revistaregional.com.br\\\/site\\\/2020\\\/06\\\/25\\\/avanco-da-covid-no-interior-dobra-em-relacao-a-capital\\\/#breadcrumb\",\"itemListElement\":[{\"@type\":\"ListItem\",\"position\":1,\"name\":\"In\u00edcio\",\"item\":\"https:\\\/\\\/revistaregional.com.br\\\/site\\\/\"},{\"@type\":\"ListItem\",\"position\":2,\"name\":\"Avan\u00e7o da covid no Interior dobra em rela\u00e7\u00e3o \u00e0 capital\"}]},{\"@type\":\"WebSite\",\"@id\":\"https:\\\/\\\/revistaregional.com.br\\\/site\\\/#website\",\"url\":\"https:\\\/\\\/revistaregional.com.br\\\/site\\\/\",\"name\":\"Revista Regional\",\"description\":\"Salto - Itu - Indaituba\",\"potentialAction\":[{\"@type\":\"SearchAction\",\"target\":{\"@type\":\"EntryPoint\",\"urlTemplate\":\"https:\\\/\\\/revistaregional.com.br\\\/site\\\/?s={search_term_string}\"},\"query-input\":{\"@type\":\"PropertyValueSpecification\",\"valueRequired\":true,\"valueName\":\"search_term_string\"}}],\"inLanguage\":\"pt-BR\"},{\"@type\":\"Person\",\"@id\":\"https:\\\/\\\/revistaregional.com.br\\\/site\\\/#\\\/schema\\\/person\\\/382af97c580dc1b18f55107bc316010d\",\"name\":\"contato@revistaregional.com.br\",\"image\":{\"@type\":\"ImageObject\",\"inLanguage\":\"pt-BR\",\"@id\":\"https:\\\/\\\/secure.gravatar.com\\\/avatar\\\/869822917e96b2e292d5827e4635855396934485e7c4a0af84e9a214e32ca0cd?s=96&d=mm&r=g\",\"url\":\"https:\\\/\\\/secure.gravatar.com\\\/avatar\\\/869822917e96b2e292d5827e4635855396934485e7c4a0af84e9a214e32ca0cd?s=96&d=mm&r=g\",\"contentUrl\":\"https:\\\/\\\/secure.gravatar.com\\\/avatar\\\/869822917e96b2e292d5827e4635855396934485e7c4a0af84e9a214e32ca0cd?s=96&d=mm&r=g\",\"caption\":\"contato@revistaregional.com.br\"},\"url\":\"https:\\\/\\\/revistaregional.com.br\\\/site\\\/author\\\/contato@revistaregional.com.br\\\/\"}]}<\/script>\n<!-- \/ Yoast SEO plugin. -->","yoast_head_json":{"title":"Avan\u00e7o da covid no Interior dobra em rela\u00e7\u00e3o \u00e0 capital - Revista Regional","robots":{"index":"index","follow":"follow","max-snippet":"max-snippet:-1","max-image-preview":"max-image-preview:large","max-video-preview":"max-video-preview:-1"},"canonical":"https:\/\/revistaregional.com.br\/site\/2020\/06\/25\/avanco-da-covid-no-interior-dobra-em-relacao-a-capital\/","og_locale":"pt_BR","og_type":"article","og_title":"Avan\u00e7o da covid no Interior dobra em rela\u00e7\u00e3o \u00e0 capital - Revista Regional","og_description":"Em apenas 4 dias, a pandemia avan\u00e7ou 28,7% a mais fora da cidade de S\u00e3o Paulo; Pela 1\u00aa vez, n\u00famero de mortos no Interior foi superior ao da capital; Na regi\u00e3o, houve mais 1 \u00f3bito em Indaiatuba, que atingiu 1.250 infectados &nbsp; O r\u00e1pido avan\u00e7o do coronav\u00edrus no Interior refor\u00e7ou o alerta do governo do [&hellip;]","og_url":"https:\/\/revistaregional.com.br\/site\/2020\/06\/25\/avanco-da-covid-no-interior-dobra-em-relacao-a-capital\/","og_site_name":"Revista Regional","article_published_time":"2020-06-25T20:59:35+00:00","article_modified_time":"2024-01-26T12:29:44+00:00","og_image":[{"width":640,"height":342,"url":"https:\/\/revistaregional.com.br\/site\/wp-content\/uploads\/2020\/06\/app-covid-25-junho.jpg","type":"image\/jpeg"}],"author":"contato@revistaregional.com.br","twitter_card":"summary_large_image","twitter_misc":{"Escrito por":"contato@revistaregional.com.br","Est. tempo de leitura":"4 minutos"},"schema":{"@context":"https:\/\/schema.org","@graph":[{"@type":"Article","@id":"https:\/\/revistaregional.com.br\/site\/2020\/06\/25\/avanco-da-covid-no-interior-dobra-em-relacao-a-capital\/#article","isPartOf":{"@id":"https:\/\/revistaregional.com.br\/site\/2020\/06\/25\/avanco-da-covid-no-interior-dobra-em-relacao-a-capital\/"},"author":{"name":"contato@revistaregional.com.br","@id":"https:\/\/revistaregional.com.br\/site\/#\/schema\/person\/382af97c580dc1b18f55107bc316010d"},"headline":"Avan\u00e7o da covid no Interior dobra em rela\u00e7\u00e3o \u00e0 capital","datePublished":"2020-06-25T20:59:35+00:00","dateModified":"2024-01-26T12:29:44+00:00","mainEntityOfPage":{"@id":"https:\/\/revistaregional.com.br\/site\/2020\/06\/25\/avanco-da-covid-no-interior-dobra-em-relacao-a-capital\/"},"wordCount":716,"image":{"@id":"https:\/\/revistaregional.com.br\/site\/2020\/06\/25\/avanco-da-covid-no-interior-dobra-em-relacao-a-capital\/#primaryimage"},"thumbnailUrl":"https:\/\/revistaregional.com.br\/site\/wp-content\/uploads\/2020\/06\/app-covid-25-junho.jpg","keywords":["Sa\u00fade e Beleza"],"articleSection":["Destaque Lateral","Sa\u00fade e Beleza"],"inLanguage":"pt-BR"},{"@type":"WebPage","@id":"https:\/\/revistaregional.com.br\/site\/2020\/06\/25\/avanco-da-covid-no-interior-dobra-em-relacao-a-capital\/","url":"https:\/\/revistaregional.com.br\/site\/2020\/06\/25\/avanco-da-covid-no-interior-dobra-em-relacao-a-capital\/","name":"Avan\u00e7o da covid no Interior dobra em rela\u00e7\u00e3o \u00e0 capital - Revista Regional","isPartOf":{"@id":"https:\/\/revistaregional.com.br\/site\/#website"},"primaryImageOfPage":{"@id":"https:\/\/revistaregional.com.br\/site\/2020\/06\/25\/avanco-da-covid-no-interior-dobra-em-relacao-a-capital\/#primaryimage"},"image":{"@id":"https:\/\/revistaregional.com.br\/site\/2020\/06\/25\/avanco-da-covid-no-interior-dobra-em-relacao-a-capital\/#primaryimage"},"thumbnailUrl":"https:\/\/revistaregional.com.br\/site\/wp-content\/uploads\/2020\/06\/app-covid-25-junho.jpg","datePublished":"2020-06-25T20:59:35+00:00","dateModified":"2024-01-26T12:29:44+00:00","author":{"@id":"https:\/\/revistaregional.com.br\/site\/#\/schema\/person\/382af97c580dc1b18f55107bc316010d"},"breadcrumb":{"@id":"https:\/\/revistaregional.com.br\/site\/2020\/06\/25\/avanco-da-covid-no-interior-dobra-em-relacao-a-capital\/#breadcrumb"},"inLanguage":"pt-BR","potentialAction":[{"@type":"ReadAction","target":["https:\/\/revistaregional.com.br\/site\/2020\/06\/25\/avanco-da-covid-no-interior-dobra-em-relacao-a-capital\/"]}]},{"@type":"ImageObject","inLanguage":"pt-BR","@id":"https:\/\/revistaregional.com.br\/site\/2020\/06\/25\/avanco-da-covid-no-interior-dobra-em-relacao-a-capital\/#primaryimage","url":"https:\/\/revistaregional.com.br\/site\/wp-content\/uploads\/2020\/06\/app-covid-25-junho.jpg","contentUrl":"https:\/\/revistaregional.com.br\/site\/wp-content\/uploads\/2020\/06\/app-covid-25-junho.jpg","width":640,"height":342},{"@type":"BreadcrumbList","@id":"https:\/\/revistaregional.com.br\/site\/2020\/06\/25\/avanco-da-covid-no-interior-dobra-em-relacao-a-capital\/#breadcrumb","itemListElement":[{"@type":"ListItem","position":1,"name":"In\u00edcio","item":"https:\/\/revistaregional.com.br\/site\/"},{"@type":"ListItem","position":2,"name":"Avan\u00e7o da covid no Interior dobra em rela\u00e7\u00e3o \u00e0 capital"}]},{"@type":"WebSite","@id":"https:\/\/revistaregional.com.br\/site\/#website","url":"https:\/\/revistaregional.com.br\/site\/","name":"Revista Regional","description":"Salto - Itu - Indaituba","potentialAction":[{"@type":"SearchAction","target":{"@type":"EntryPoint","urlTemplate":"https:\/\/revistaregional.com.br\/site\/?s={search_term_string}"},"query-input":{"@type":"PropertyValueSpecification","valueRequired":true,"valueName":"search_term_string"}}],"inLanguage":"pt-BR"},{"@type":"Person","@id":"https:\/\/revistaregional.com.br\/site\/#\/schema\/person\/382af97c580dc1b18f55107bc316010d","name":"contato@revistaregional.com.br","image":{"@type":"ImageObject","inLanguage":"pt-BR","@id":"https:\/\/secure.gravatar.com\/avatar\/869822917e96b2e292d5827e4635855396934485e7c4a0af84e9a214e32ca0cd?s=96&d=mm&r=g","url":"https:\/\/secure.gravatar.com\/avatar\/869822917e96b2e292d5827e4635855396934485e7c4a0af84e9a214e32ca0cd?s=96&d=mm&r=g","contentUrl":"https:\/\/secure.gravatar.com\/avatar\/869822917e96b2e292d5827e4635855396934485e7c4a0af84e9a214e32ca0cd?s=96&d=mm&r=g","caption":"contato@revistaregional.com.br"},"url":"https:\/\/revistaregional.com.br\/site\/author\/contato@revistaregional.com.br\/"}]}},"views":48,"_links":{"self":[{"href":"https:\/\/revistaregional.com.br\/site\/wp-json\/wp\/v2\/posts\/22725","targetHints":{"allow":["GET"]}}],"collection":[{"href":"https:\/\/revistaregional.com.br\/site\/wp-json\/wp\/v2\/posts"}],"about":[{"href":"https:\/\/revistaregional.com.br\/site\/wp-json\/wp\/v2\/types\/post"}],"author":[{"embeddable":true,"href":"https:\/\/revistaregional.com.br\/site\/wp-json\/wp\/v2\/users\/1"}],"replies":[{"embeddable":true,"href":"https:\/\/revistaregional.com.br\/site\/wp-json\/wp\/v2\/comments?post=22725"}],"version-history":[{"count":2,"href":"https:\/\/revistaregional.com.br\/site\/wp-json\/wp\/v2\/posts\/22725\/revisions"}],"predecessor-version":[{"id":22728,"href":"https:\/\/revistaregional.com.br\/site\/wp-json\/wp\/v2\/posts\/22725\/revisions\/22728"}],"wp:featuredmedia":[{"embeddable":true,"href":"https:\/\/revistaregional.com.br\/site\/wp-json\/wp\/v2\/media\/22726"}],"wp:attachment":[{"href":"https:\/\/revistaregional.com.br\/site\/wp-json\/wp\/v2\/media?parent=22725"}],"wp:term":[{"taxonomy":"category","embeddable":true,"href":"https:\/\/revistaregional.com.br\/site\/wp-json\/wp\/v2\/categories?post=22725"},{"taxonomy":"post_tag","embeddable":true,"href":"https:\/\/revistaregional.com.br\/site\/wp-json\/wp\/v2\/tags?post=22725"}],"curies":[{"name":"wp","href":"https:\/\/api.w.org\/{rel}","templated":true}]}}