{"id":22721,"date":"2020-06-24T18:03:58","date_gmt":"2020-06-24T21:03:58","guid":{"rendered":"https:\/\/revistaregional.com.br\/site\/?p=22721"},"modified":"2024-01-26T09:29:45","modified_gmt":"2024-01-26T12:29:45","slug":"indaiatuba-ja-tem-5-mil-habitantes-imunes-ao-coronavirus-aponta-estudo","status":"publish","type":"post","link":"https:\/\/revistaregional.com.br\/site\/2020\/06\/24\/indaiatuba-ja-tem-5-mil-habitantes-imunes-ao-coronavirus-aponta-estudo\/","title":{"rendered":"Indaiatuba j\u00e1 tem 5 mil habitantes imunes ao coronav\u00edrus, aponta estudo"},"content":{"rendered":"<p><strong><em><u>Estudo soroepidemiol\u00f3gico feito pela Prefeitura, com a participa\u00e7\u00e3o de 768 pessoas, seguindo protocolo da OMS<\/u><\/em><\/strong><\/p>\n<figure id=\"attachment_22722\" aria-describedby=\"caption-attachment-22722\" style=\"width: 516px\" class=\"wp-caption alignright\"><img fetchpriority=\"high\" decoding=\"async\" class=\" wp-image-22722\" src=\"https:\/\/revistaregional.com.br\/site\/wp-content\/uploads\/2020\/06\/ind-1-1024x693.jpg\" alt=\"\" width=\"516\" height=\"349\" data-id=\"22722\" srcset=\"https:\/\/revistaregional.com.br\/site\/wp-content\/uploads\/2020\/06\/ind-1-1024x693.jpg 1024w, https:\/\/revistaregional.com.br\/site\/wp-content\/uploads\/2020\/06\/ind-1-300x203.jpg 300w, https:\/\/revistaregional.com.br\/site\/wp-content\/uploads\/2020\/06\/ind-1-150x101.jpg 150w, https:\/\/revistaregional.com.br\/site\/wp-content\/uploads\/2020\/06\/ind-1.jpg 1239w\" sizes=\"(max-width: 516px) 100vw, 516px\" \/><figcaption id=\"caption-attachment-22722\" class=\"wp-caption-text\">Testagem para estudo soroepidemiol\u00f3gico realizado em Indaiatuba<\/figcaption><\/figure>\n<p><strong><em><u>(Organiza\u00e7\u00e3o Mundial de Sa\u00fade), foi para determinar o alcance da infec\u00e7\u00e3o na popula\u00e7\u00e3o geral e a incid\u00eancia cumulativa da infec\u00e7\u00e3o com base na soropositividade; Regi\u00e3o teve mais mortes por covid nesta quarta, dia 24<\/u><\/em><\/strong><\/p>\n<p>&nbsp;<\/p>\n<p>&nbsp;<\/p>\n<p>A Prefeitura de Indaiatuba, por meio da Secretaria de Sa\u00fade, realizou no dia 6 de junho um estudo soroepidemiol\u00f3gico com a participa\u00e7\u00e3o de 768 pessoas, seguindo protocolo da OMS (Organiza\u00e7\u00e3o Mundial de Sa\u00fade) para determinar o alcance da infec\u00e7\u00e3o na popula\u00e7\u00e3o geral e a incid\u00eancia cumulativa da infec\u00e7\u00e3o com base na soropositividade.<\/p>\n<p>&nbsp;<\/p>\n<p>A a\u00e7\u00e3o foi realizada na FIEC (Funda\u00e7\u00e3o Indaiatubana de Educa\u00e7\u00e3o e Cultura) durante todo dia, e cerca de 50 profissionais de sa\u00fade participaram da testagem. A popula\u00e7\u00e3o testada foi escolhida a partir de um estudo randomizado, que \u00e9 a escolha aleat\u00f3ria dentro popula\u00e7\u00e3o conforme sexo, idade e regi\u00e3o de resid\u00eancia. As pessoas foram escolhidas de acordo com os territ\u00f3rios de atendimento das unidades de sa\u00fade, abrangendo assim todo munic\u00edpio.<\/p>\n<p>&nbsp;<\/p>\n<p>Foram selecionados homens e mulheres com idade igual ou superior a 2 anos e o exame colhido foi a sorologia IgG. A cidade \u00e9 uma das primeiras da regi\u00e3o a adotar esse m\u00e9todo autorizado recentemente pela Anvisa (Ag\u00eancia Nacional de Vigil\u00e2ncia Sanit\u00e1ria), por j\u00e1 possuir o equipamento laboratorial Abbott Architect\u00ae. De acordo com a secret\u00e1ria de Sa\u00fade, Graziela Garcia, esse \u00e9 um grande passo para a cidade. \u201cEsse estudo nos deu a possibilidade de saber a parcela da popula\u00e7\u00e3o que j\u00e1 entrou em contato com o v\u00edrus e assim podemos nortear a gest\u00e3o municipal na estrat\u00e9gia de combate ao Coronav\u00edrus. Al\u00e9m de visualizar o alcance, esse estudo tamb\u00e9m determina a fra\u00e7\u00e3o de infec\u00e7\u00f5es dos assintom\u00e1ticos permitindo avaliar os fatores de risco de infec\u00e7\u00e3o, comparando a exposi\u00e7\u00e3o de indiv\u00edduos infectados e n\u00e3o infectados, assim como avaliar a nossa taxa de letalidade\u201d, explica.<\/p>\n<p>&nbsp;<\/p>\n<p>Ap\u00f3s a coleta dos exames a equipe de gest\u00e3o da Secretaria de Sa\u00fade constatou que 2% foram positivos, o que corresponde a cerca de 5.000 pessoas\/habitantes de Indaiatuba imunes ao v\u00edrus. Dos positivos, 25% foram da Morada do Sol e 18,75% do Jardim Oliveira Camargo. A\u00e7\u00f5es como essa permitem orientar a gest\u00e3o municipal para priorizar regi\u00f5es com maior circula\u00e7\u00e3o do v\u00edrus.<\/p>\n<p>Com base nesse primeiro resultado foi realizada uma a\u00e7\u00e3o de testagem no bairro Jardim Oliveira Camargo, como desdobramento do estudo. A a\u00e7\u00e3o aconteceu no s\u00e1bado (13), onde durante todo dia uma equipe da sa\u00fade com 36 pessoas, incluindo m\u00e9dicos, atuou no bairro junto ao consult\u00f3rio m\u00f3vel para atender e testar aquela popula\u00e7\u00e3o. A equipe da Secretaria de Sa\u00fade passou nas resid\u00eancias para monitoramento e coleta de exames de sorologia IgG e PCR-RT. Foram testadas 267 pessoas em aproximadamente 90 casas, tamb\u00e9m foram distribu\u00eddas m\u00e1scaras de prote\u00e7\u00e3o. At\u00e9 o momento foram detectados 33 RT-PCR positivos e 28 sorologias IgG positivas. O pr\u00f3ximo bairro a receber essa a\u00e7\u00e3o ser\u00e1 o Jardim Morada do Sol.<\/p>\n<p>&nbsp;<\/p>\n<p>AVAN\u00c7O DOS N\u00daMEROS<\/p>\n<p>&nbsp;<\/p>\n<p>Nesta quarta-feira, dia 24, Indaiatuba registrou mais 2 \u00f3bitos por covid e o total foi a 56. O Departamento de Vigil\u00e2ncia Epidemiol\u00f3gica tamb\u00e9m confirmou mais 92 casos positivos na cidade e o total foi a 1.194. Um \u00f3bito ocorreu no Haoc (Hospital Augusto de Oliveira Camargo), de uma paciente de 56 anos, sem comorbidades relatadas, que estava internada desde o dia 08 de junho. Outra morte foi no Hospital Santa Ign\u00eas, sendo de um homem de 54 anos, internado desde o dia 10 de junho, era ex-tabagista.<\/p>\n<p>&nbsp;<\/p>\n<p>Dos 1.194 confirmados, 56 morreram; 1.106 s\u00e3o considerados curados ou est\u00e3o em recupera\u00e7\u00e3o domiciliar (a Prefeitura n\u00e3o divulga o n\u00famero exato de curados na cidade) e h\u00e1 32 internados. Outros 106 pacientes testados est\u00e3o \u00e0 espera de resultado. Atualmente h\u00e1 31 internados em leito cl\u00ednico e 29 em UTI (Unidade de Terapia Intensiva). A taxa de ocupa\u00e7\u00e3o da UTI do Haoc est\u00e1 em 92% e do Hospital Santa Ign\u00eas em 58%.<\/p>\n<p>&nbsp;<\/p>\n<p>Em Itu tamb\u00e9m houve mais 1 morte e o total subiu para 34. A paciente tinha 70 anos e hist\u00f3rico de doen\u00e7as cr\u00f4nicas. A cidade tem 436 casos confirmados, 336 recuperados e 74 aguardando resultados. H\u00e1 14 pacientes internados e 12 em UTI. A taxa de ocupa\u00e7\u00e3o da UTI do Hospital Municipal est\u00e1 em 62% e do Hospital de Campanha em 66,64%.<\/p>\n<p>&nbsp;<\/p>\n<p>Salto registrou o 6\u00ba \u00f3bito por covid nesta quarta-feira. O paciente tinha 62 anos, era hipertenso, e estava internado no Hospital Municipal. At\u00e9 esta quarta, a cidade contabiliza 171 casos confirmados de covid-19, sendo que 6 morreram, 135 evolu\u00edram para cura; 6 seguem internados (2 em UTI) e 24 est\u00e3o em isolamento domiciliar. H\u00e1 59 casos que aguardam resultados. Destes, 51 est\u00e3o em isolamento domiciliar e 8 em interna\u00e7\u00e3o cl\u00ednica (1 em UTI).<\/p>\n<p>&nbsp;<\/p>\n<p>Foto: Pref. Indaiatuba<\/p>\n<p>Legenda: Testagem realizada para estudo soroepidemiol\u00f3gico em Indaiatuba<\/p>\n","protected":false},"excerpt":{"rendered":"<p>Estudo soroepidemiol\u00f3gico feito pela Prefeitura, com a participa\u00e7\u00e3o de 768 pessoas, seguindo protocolo da OMS (Organiza\u00e7\u00e3o Mundial de Sa\u00fade), foi para determinar o alcance da infec\u00e7\u00e3o na popula\u00e7\u00e3o geral e a incid\u00eancia cumulativa da infec\u00e7\u00e3o com base na soropositividade; Regi\u00e3o teve mais mortes por covid nesta quarta, dia 24 &nbsp; &nbsp; A Prefeitura de Indaiatuba, [&hellip;]<\/p>\n","protected":false},"author":1,"featured_media":22722,"comment_status":"closed","ping_status":"closed","sticky":false,"template":"","format":"standard","meta":{"_acf_changed":false,"ngg_post_thumbnail":0,"_joinchat":[],"footnotes":""},"categories":[449,8],"tags":[525],"class_list":["post-22721","post","type-post","status-publish","format-standard","has-post-thumbnail","hentry","category-destaque-lateral","category-saude-e-beleza","tag-saude-e-beleza"],"acf":[],"yoast_head":"<!-- This site is optimized with the Yoast SEO plugin v27.4 - https:\/\/yoast.com\/product\/yoast-seo-wordpress\/ -->\n<title>Indaiatuba j\u00e1 tem 5 mil habitantes imunes ao coronav\u00edrus, aponta estudo - Revista Regional<\/title>\n<meta name=\"robots\" content=\"index, follow, max-snippet:-1, max-image-preview:large, max-video-preview:-1\" \/>\n<link rel=\"canonical\" href=\"https:\/\/revistaregional.com.br\/site\/2020\/06\/24\/indaiatuba-ja-tem-5-mil-habitantes-imunes-ao-coronavirus-aponta-estudo\/\" \/>\n<meta property=\"og:locale\" content=\"pt_BR\" \/>\n<meta property=\"og:type\" content=\"article\" \/>\n<meta property=\"og:title\" content=\"Indaiatuba j\u00e1 tem 5 mil habitantes imunes ao coronav\u00edrus, aponta estudo - Revista Regional\" \/>\n<meta property=\"og:description\" content=\"Estudo soroepidemiol\u00f3gico feito pela Prefeitura, com a participa\u00e7\u00e3o de 768 pessoas, seguindo protocolo da OMS (Organiza\u00e7\u00e3o Mundial de Sa\u00fade), foi para determinar o alcance da infec\u00e7\u00e3o na popula\u00e7\u00e3o geral e a incid\u00eancia cumulativa da infec\u00e7\u00e3o com base na soropositividade; Regi\u00e3o teve mais mortes por covid nesta quarta, dia 24 &nbsp; &nbsp; A Prefeitura de Indaiatuba, [&hellip;]\" \/>\n<meta property=\"og:url\" content=\"https:\/\/revistaregional.com.br\/site\/2020\/06\/24\/indaiatuba-ja-tem-5-mil-habitantes-imunes-ao-coronavirus-aponta-estudo\/\" \/>\n<meta property=\"og:site_name\" content=\"Revista Regional\" \/>\n<meta property=\"article:published_time\" content=\"2020-06-24T21:03:58+00:00\" \/>\n<meta property=\"article:modified_time\" content=\"2024-01-26T12:29:45+00:00\" \/>\n<meta property=\"og:image\" content=\"https:\/\/revistaregional.com.br\/site\/wp-content\/uploads\/2020\/06\/ind-1.jpg\" \/>\n\t<meta property=\"og:image:width\" content=\"1239\" \/>\n\t<meta property=\"og:image:height\" content=\"838\" \/>\n\t<meta property=\"og:image:type\" content=\"image\/jpeg\" \/>\n<meta name=\"author\" content=\"contato@revistaregional.com.br\" \/>\n<meta name=\"twitter:card\" content=\"summary_large_image\" \/>\n<meta name=\"twitter:label1\" content=\"Escrito por\" \/>\n\t<meta name=\"twitter:data1\" content=\"contato@revistaregional.com.br\" \/>\n\t<meta name=\"twitter:label2\" content=\"Est. tempo de leitura\" \/>\n\t<meta name=\"twitter:data2\" content=\"4 minutos\" \/>\n<script type=\"application\/ld+json\" class=\"yoast-schema-graph\">{\"@context\":\"https:\\\/\\\/schema.org\",\"@graph\":[{\"@type\":\"Article\",\"@id\":\"https:\\\/\\\/revistaregional.com.br\\\/site\\\/2020\\\/06\\\/24\\\/indaiatuba-ja-tem-5-mil-habitantes-imunes-ao-coronavirus-aponta-estudo\\\/#article\",\"isPartOf\":{\"@id\":\"https:\\\/\\\/revistaregional.com.br\\\/site\\\/2020\\\/06\\\/24\\\/indaiatuba-ja-tem-5-mil-habitantes-imunes-ao-coronavirus-aponta-estudo\\\/\"},\"author\":{\"name\":\"contato@revistaregional.com.br\",\"@id\":\"https:\\\/\\\/revistaregional.com.br\\\/site\\\/#\\\/schema\\\/person\\\/382af97c580dc1b18f55107bc316010d\"},\"headline\":\"Indaiatuba j\u00e1 tem 5 mil habitantes imunes ao coronav\u00edrus, aponta estudo\",\"datePublished\":\"2020-06-24T21:03:58+00:00\",\"dateModified\":\"2024-01-26T12:29:45+00:00\",\"mainEntityOfPage\":{\"@id\":\"https:\\\/\\\/revistaregional.com.br\\\/site\\\/2020\\\/06\\\/24\\\/indaiatuba-ja-tem-5-mil-habitantes-imunes-ao-coronavirus-aponta-estudo\\\/\"},\"wordCount\":871,\"image\":{\"@id\":\"https:\\\/\\\/revistaregional.com.br\\\/site\\\/2020\\\/06\\\/24\\\/indaiatuba-ja-tem-5-mil-habitantes-imunes-ao-coronavirus-aponta-estudo\\\/#primaryimage\"},\"thumbnailUrl\":\"https:\\\/\\\/revistaregional.com.br\\\/site\\\/wp-content\\\/uploads\\\/2020\\\/06\\\/ind-1.jpg\",\"keywords\":[\"Sa\u00fade e Beleza\"],\"articleSection\":[\"Destaque Lateral\",\"Sa\u00fade e Beleza\"],\"inLanguage\":\"pt-BR\"},{\"@type\":\"WebPage\",\"@id\":\"https:\\\/\\\/revistaregional.com.br\\\/site\\\/2020\\\/06\\\/24\\\/indaiatuba-ja-tem-5-mil-habitantes-imunes-ao-coronavirus-aponta-estudo\\\/\",\"url\":\"https:\\\/\\\/revistaregional.com.br\\\/site\\\/2020\\\/06\\\/24\\\/indaiatuba-ja-tem-5-mil-habitantes-imunes-ao-coronavirus-aponta-estudo\\\/\",\"name\":\"Indaiatuba j\u00e1 tem 5 mil habitantes imunes ao coronav\u00edrus, aponta estudo - Revista Regional\",\"isPartOf\":{\"@id\":\"https:\\\/\\\/revistaregional.com.br\\\/site\\\/#website\"},\"primaryImageOfPage\":{\"@id\":\"https:\\\/\\\/revistaregional.com.br\\\/site\\\/2020\\\/06\\\/24\\\/indaiatuba-ja-tem-5-mil-habitantes-imunes-ao-coronavirus-aponta-estudo\\\/#primaryimage\"},\"image\":{\"@id\":\"https:\\\/\\\/revistaregional.com.br\\\/site\\\/2020\\\/06\\\/24\\\/indaiatuba-ja-tem-5-mil-habitantes-imunes-ao-coronavirus-aponta-estudo\\\/#primaryimage\"},\"thumbnailUrl\":\"https:\\\/\\\/revistaregional.com.br\\\/site\\\/wp-content\\\/uploads\\\/2020\\\/06\\\/ind-1.jpg\",\"datePublished\":\"2020-06-24T21:03:58+00:00\",\"dateModified\":\"2024-01-26T12:29:45+00:00\",\"author\":{\"@id\":\"https:\\\/\\\/revistaregional.com.br\\\/site\\\/#\\\/schema\\\/person\\\/382af97c580dc1b18f55107bc316010d\"},\"breadcrumb\":{\"@id\":\"https:\\\/\\\/revistaregional.com.br\\\/site\\\/2020\\\/06\\\/24\\\/indaiatuba-ja-tem-5-mil-habitantes-imunes-ao-coronavirus-aponta-estudo\\\/#breadcrumb\"},\"inLanguage\":\"pt-BR\",\"potentialAction\":[{\"@type\":\"ReadAction\",\"target\":[\"https:\\\/\\\/revistaregional.com.br\\\/site\\\/2020\\\/06\\\/24\\\/indaiatuba-ja-tem-5-mil-habitantes-imunes-ao-coronavirus-aponta-estudo\\\/\"]}]},{\"@type\":\"ImageObject\",\"inLanguage\":\"pt-BR\",\"@id\":\"https:\\\/\\\/revistaregional.com.br\\\/site\\\/2020\\\/06\\\/24\\\/indaiatuba-ja-tem-5-mil-habitantes-imunes-ao-coronavirus-aponta-estudo\\\/#primaryimage\",\"url\":\"https:\\\/\\\/revistaregional.com.br\\\/site\\\/wp-content\\\/uploads\\\/2020\\\/06\\\/ind-1.jpg\",\"contentUrl\":\"https:\\\/\\\/revistaregional.com.br\\\/site\\\/wp-content\\\/uploads\\\/2020\\\/06\\\/ind-1.jpg\",\"width\":1239,\"height\":838,\"caption\":\"Testagem para estudo soroepidemiol\u00f3gico realizado em Indaiatuba\"},{\"@type\":\"BreadcrumbList\",\"@id\":\"https:\\\/\\\/revistaregional.com.br\\\/site\\\/2020\\\/06\\\/24\\\/indaiatuba-ja-tem-5-mil-habitantes-imunes-ao-coronavirus-aponta-estudo\\\/#breadcrumb\",\"itemListElement\":[{\"@type\":\"ListItem\",\"position\":1,\"name\":\"In\u00edcio\",\"item\":\"https:\\\/\\\/revistaregional.com.br\\\/site\\\/\"},{\"@type\":\"ListItem\",\"position\":2,\"name\":\"Indaiatuba j\u00e1 tem 5 mil habitantes imunes ao coronav\u00edrus, aponta estudo\"}]},{\"@type\":\"WebSite\",\"@id\":\"https:\\\/\\\/revistaregional.com.br\\\/site\\\/#website\",\"url\":\"https:\\\/\\\/revistaregional.com.br\\\/site\\\/\",\"name\":\"Revista Regional\",\"description\":\"Salto - Itu - Indaituba\",\"potentialAction\":[{\"@type\":\"SearchAction\",\"target\":{\"@type\":\"EntryPoint\",\"urlTemplate\":\"https:\\\/\\\/revistaregional.com.br\\\/site\\\/?s={search_term_string}\"},\"query-input\":{\"@type\":\"PropertyValueSpecification\",\"valueRequired\":true,\"valueName\":\"search_term_string\"}}],\"inLanguage\":\"pt-BR\"},{\"@type\":\"Person\",\"@id\":\"https:\\\/\\\/revistaregional.com.br\\\/site\\\/#\\\/schema\\\/person\\\/382af97c580dc1b18f55107bc316010d\",\"name\":\"contato@revistaregional.com.br\",\"image\":{\"@type\":\"ImageObject\",\"inLanguage\":\"pt-BR\",\"@id\":\"https:\\\/\\\/secure.gravatar.com\\\/avatar\\\/869822917e96b2e292d5827e4635855396934485e7c4a0af84e9a214e32ca0cd?s=96&d=mm&r=g\",\"url\":\"https:\\\/\\\/secure.gravatar.com\\\/avatar\\\/869822917e96b2e292d5827e4635855396934485e7c4a0af84e9a214e32ca0cd?s=96&d=mm&r=g\",\"contentUrl\":\"https:\\\/\\\/secure.gravatar.com\\\/avatar\\\/869822917e96b2e292d5827e4635855396934485e7c4a0af84e9a214e32ca0cd?s=96&d=mm&r=g\",\"caption\":\"contato@revistaregional.com.br\"},\"url\":\"https:\\\/\\\/revistaregional.com.br\\\/site\\\/author\\\/contato@revistaregional.com.br\\\/\"}]}<\/script>\n<!-- \/ Yoast SEO plugin. -->","yoast_head_json":{"title":"Indaiatuba j\u00e1 tem 5 mil habitantes imunes ao coronav\u00edrus, aponta estudo - Revista Regional","robots":{"index":"index","follow":"follow","max-snippet":"max-snippet:-1","max-image-preview":"max-image-preview:large","max-video-preview":"max-video-preview:-1"},"canonical":"https:\/\/revistaregional.com.br\/site\/2020\/06\/24\/indaiatuba-ja-tem-5-mil-habitantes-imunes-ao-coronavirus-aponta-estudo\/","og_locale":"pt_BR","og_type":"article","og_title":"Indaiatuba j\u00e1 tem 5 mil habitantes imunes ao coronav\u00edrus, aponta estudo - Revista Regional","og_description":"Estudo soroepidemiol\u00f3gico feito pela Prefeitura, com a participa\u00e7\u00e3o de 768 pessoas, seguindo protocolo da OMS (Organiza\u00e7\u00e3o Mundial de Sa\u00fade), foi para determinar o alcance da infec\u00e7\u00e3o na popula\u00e7\u00e3o geral e a incid\u00eancia cumulativa da infec\u00e7\u00e3o com base na soropositividade; Regi\u00e3o teve mais mortes por covid nesta quarta, dia 24 &nbsp; &nbsp; A Prefeitura de Indaiatuba, [&hellip;]","og_url":"https:\/\/revistaregional.com.br\/site\/2020\/06\/24\/indaiatuba-ja-tem-5-mil-habitantes-imunes-ao-coronavirus-aponta-estudo\/","og_site_name":"Revista Regional","article_published_time":"2020-06-24T21:03:58+00:00","article_modified_time":"2024-01-26T12:29:45+00:00","og_image":[{"width":1239,"height":838,"url":"https:\/\/revistaregional.com.br\/site\/wp-content\/uploads\/2020\/06\/ind-1.jpg","type":"image\/jpeg"}],"author":"contato@revistaregional.com.br","twitter_card":"summary_large_image","twitter_misc":{"Escrito por":"contato@revistaregional.com.br","Est. tempo de leitura":"4 minutos"},"schema":{"@context":"https:\/\/schema.org","@graph":[{"@type":"Article","@id":"https:\/\/revistaregional.com.br\/site\/2020\/06\/24\/indaiatuba-ja-tem-5-mil-habitantes-imunes-ao-coronavirus-aponta-estudo\/#article","isPartOf":{"@id":"https:\/\/revistaregional.com.br\/site\/2020\/06\/24\/indaiatuba-ja-tem-5-mil-habitantes-imunes-ao-coronavirus-aponta-estudo\/"},"author":{"name":"contato@revistaregional.com.br","@id":"https:\/\/revistaregional.com.br\/site\/#\/schema\/person\/382af97c580dc1b18f55107bc316010d"},"headline":"Indaiatuba j\u00e1 tem 5 mil habitantes imunes ao coronav\u00edrus, aponta estudo","datePublished":"2020-06-24T21:03:58+00:00","dateModified":"2024-01-26T12:29:45+00:00","mainEntityOfPage":{"@id":"https:\/\/revistaregional.com.br\/site\/2020\/06\/24\/indaiatuba-ja-tem-5-mil-habitantes-imunes-ao-coronavirus-aponta-estudo\/"},"wordCount":871,"image":{"@id":"https:\/\/revistaregional.com.br\/site\/2020\/06\/24\/indaiatuba-ja-tem-5-mil-habitantes-imunes-ao-coronavirus-aponta-estudo\/#primaryimage"},"thumbnailUrl":"https:\/\/revistaregional.com.br\/site\/wp-content\/uploads\/2020\/06\/ind-1.jpg","keywords":["Sa\u00fade e Beleza"],"articleSection":["Destaque Lateral","Sa\u00fade e Beleza"],"inLanguage":"pt-BR"},{"@type":"WebPage","@id":"https:\/\/revistaregional.com.br\/site\/2020\/06\/24\/indaiatuba-ja-tem-5-mil-habitantes-imunes-ao-coronavirus-aponta-estudo\/","url":"https:\/\/revistaregional.com.br\/site\/2020\/06\/24\/indaiatuba-ja-tem-5-mil-habitantes-imunes-ao-coronavirus-aponta-estudo\/","name":"Indaiatuba j\u00e1 tem 5 mil habitantes imunes ao coronav\u00edrus, aponta estudo - Revista Regional","isPartOf":{"@id":"https:\/\/revistaregional.com.br\/site\/#website"},"primaryImageOfPage":{"@id":"https:\/\/revistaregional.com.br\/site\/2020\/06\/24\/indaiatuba-ja-tem-5-mil-habitantes-imunes-ao-coronavirus-aponta-estudo\/#primaryimage"},"image":{"@id":"https:\/\/revistaregional.com.br\/site\/2020\/06\/24\/indaiatuba-ja-tem-5-mil-habitantes-imunes-ao-coronavirus-aponta-estudo\/#primaryimage"},"thumbnailUrl":"https:\/\/revistaregional.com.br\/site\/wp-content\/uploads\/2020\/06\/ind-1.jpg","datePublished":"2020-06-24T21:03:58+00:00","dateModified":"2024-01-26T12:29:45+00:00","author":{"@id":"https:\/\/revistaregional.com.br\/site\/#\/schema\/person\/382af97c580dc1b18f55107bc316010d"},"breadcrumb":{"@id":"https:\/\/revistaregional.com.br\/site\/2020\/06\/24\/indaiatuba-ja-tem-5-mil-habitantes-imunes-ao-coronavirus-aponta-estudo\/#breadcrumb"},"inLanguage":"pt-BR","potentialAction":[{"@type":"ReadAction","target":["https:\/\/revistaregional.com.br\/site\/2020\/06\/24\/indaiatuba-ja-tem-5-mil-habitantes-imunes-ao-coronavirus-aponta-estudo\/"]}]},{"@type":"ImageObject","inLanguage":"pt-BR","@id":"https:\/\/revistaregional.com.br\/site\/2020\/06\/24\/indaiatuba-ja-tem-5-mil-habitantes-imunes-ao-coronavirus-aponta-estudo\/#primaryimage","url":"https:\/\/revistaregional.com.br\/site\/wp-content\/uploads\/2020\/06\/ind-1.jpg","contentUrl":"https:\/\/revistaregional.com.br\/site\/wp-content\/uploads\/2020\/06\/ind-1.jpg","width":1239,"height":838,"caption":"Testagem para estudo soroepidemiol\u00f3gico realizado em Indaiatuba"},{"@type":"BreadcrumbList","@id":"https:\/\/revistaregional.com.br\/site\/2020\/06\/24\/indaiatuba-ja-tem-5-mil-habitantes-imunes-ao-coronavirus-aponta-estudo\/#breadcrumb","itemListElement":[{"@type":"ListItem","position":1,"name":"In\u00edcio","item":"https:\/\/revistaregional.com.br\/site\/"},{"@type":"ListItem","position":2,"name":"Indaiatuba j\u00e1 tem 5 mil habitantes imunes ao coronav\u00edrus, aponta estudo"}]},{"@type":"WebSite","@id":"https:\/\/revistaregional.com.br\/site\/#website","url":"https:\/\/revistaregional.com.br\/site\/","name":"Revista Regional","description":"Salto - Itu - Indaituba","potentialAction":[{"@type":"SearchAction","target":{"@type":"EntryPoint","urlTemplate":"https:\/\/revistaregional.com.br\/site\/?s={search_term_string}"},"query-input":{"@type":"PropertyValueSpecification","valueRequired":true,"valueName":"search_term_string"}}],"inLanguage":"pt-BR"},{"@type":"Person","@id":"https:\/\/revistaregional.com.br\/site\/#\/schema\/person\/382af97c580dc1b18f55107bc316010d","name":"contato@revistaregional.com.br","image":{"@type":"ImageObject","inLanguage":"pt-BR","@id":"https:\/\/secure.gravatar.com\/avatar\/869822917e96b2e292d5827e4635855396934485e7c4a0af84e9a214e32ca0cd?s=96&d=mm&r=g","url":"https:\/\/secure.gravatar.com\/avatar\/869822917e96b2e292d5827e4635855396934485e7c4a0af84e9a214e32ca0cd?s=96&d=mm&r=g","contentUrl":"https:\/\/secure.gravatar.com\/avatar\/869822917e96b2e292d5827e4635855396934485e7c4a0af84e9a214e32ca0cd?s=96&d=mm&r=g","caption":"contato@revistaregional.com.br"},"url":"https:\/\/revistaregional.com.br\/site\/author\/contato@revistaregional.com.br\/"}]}},"views":155,"_links":{"self":[{"href":"https:\/\/revistaregional.com.br\/site\/wp-json\/wp\/v2\/posts\/22721","targetHints":{"allow":["GET"]}}],"collection":[{"href":"https:\/\/revistaregional.com.br\/site\/wp-json\/wp\/v2\/posts"}],"about":[{"href":"https:\/\/revistaregional.com.br\/site\/wp-json\/wp\/v2\/types\/post"}],"author":[{"embeddable":true,"href":"https:\/\/revistaregional.com.br\/site\/wp-json\/wp\/v2\/users\/1"}],"replies":[{"embeddable":true,"href":"https:\/\/revistaregional.com.br\/site\/wp-json\/wp\/v2\/comments?post=22721"}],"version-history":[{"count":1,"href":"https:\/\/revistaregional.com.br\/site\/wp-json\/wp\/v2\/posts\/22721\/revisions"}],"predecessor-version":[{"id":22723,"href":"https:\/\/revistaregional.com.br\/site\/wp-json\/wp\/v2\/posts\/22721\/revisions\/22723"}],"wp:featuredmedia":[{"embeddable":true,"href":"https:\/\/revistaregional.com.br\/site\/wp-json\/wp\/v2\/media\/22722"}],"wp:attachment":[{"href":"https:\/\/revistaregional.com.br\/site\/wp-json\/wp\/v2\/media?parent=22721"}],"wp:term":[{"taxonomy":"category","embeddable":true,"href":"https:\/\/revistaregional.com.br\/site\/wp-json\/wp\/v2\/categories?post=22721"},{"taxonomy":"post_tag","embeddable":true,"href":"https:\/\/revistaregional.com.br\/site\/wp-json\/wp\/v2\/tags?post=22721"}],"curies":[{"name":"wp","href":"https:\/\/api.w.org\/{rel}","templated":true}]}}