{"id":22707,"date":"2020-06-23T18:21:19","date_gmt":"2020-06-23T21:21:19","guid":{"rendered":"https:\/\/revistaregional.com.br\/site\/?p=22707"},"modified":"2024-01-26T09:29:46","modified_gmt":"2024-01-26T12:29:46","slug":"em-24h-indaiatuba-itu-e-salto-somam-6-mortes-por-covid-uti-de-indaiatuba-ja-tem-92-de-ocupacao","status":"publish","type":"post","link":"https:\/\/revistaregional.com.br\/site\/2020\/06\/23\/em-24h-indaiatuba-itu-e-salto-somam-6-mortes-por-covid-uti-de-indaiatuba-ja-tem-92-de-ocupacao\/","title":{"rendered":"Em 24h, Indaiatuba, Itu e Salto somam 6 mortes por covid; UTI de Indaiatuba j\u00e1 tem 92% de ocupa\u00e7\u00e3o"},"content":{"rendered":"<figure id=\"attachment_22708\" aria-describedby=\"caption-attachment-22708\" style=\"width: 401px\" class=\"wp-caption alignright\"><img fetchpriority=\"high\" decoding=\"async\" class=\"wp-image-22708\" src=\"https:\/\/revistaregional.com.br\/site\/wp-content\/uploads\/2020\/06\/app-covid-23-de-junho-1024x538.jpg\" alt=\"\" width=\"401\" height=\"210\" data-id=\"22708\" srcset=\"https:\/\/revistaregional.com.br\/site\/wp-content\/uploads\/2020\/06\/app-covid-23-de-junho-1024x538.jpg 1024w, https:\/\/revistaregional.com.br\/site\/wp-content\/uploads\/2020\/06\/app-covid-23-de-junho-300x158.jpg 300w, https:\/\/revistaregional.com.br\/site\/wp-content\/uploads\/2020\/06\/app-covid-23-de-junho-150x79.jpg 150w, https:\/\/revistaregional.com.br\/site\/wp-content\/uploads\/2020\/06\/app-covid-23-de-junho.jpg 1200w\" sizes=\"(max-width: 401px) 100vw, 401px\" \/><figcaption id=\"caption-attachment-22708\" class=\"wp-caption-text\">Mais 6 mortes por covid foram confirmadas na regi\u00e3o<\/figcaption><\/figure>\n<p><strong>N\u00fameros disparam em Indaiatuba, chegam a 1.102 casos e mais 4 mortes confirmadas em 24 horas; UTI do Haoc est\u00e1 com taxa de ocupa\u00e7\u00e3o em 92%; Itu e Salto tamb\u00e9m registraram mais v\u00edtimas da doen\u00e7a<\/strong><\/p>\n<p>&nbsp;<\/p>\n<p>Os n\u00fameros da pandemia em Indaiatuba continuam aumentando. O m\u00eas de junho \u00e9 at\u00e9 agora o que teve maior n\u00famero de infectados e tamb\u00e9m de mortes pelo novo coronav\u00edrus, coincidindo com a reabertura das atividades comerciais no dia 1\u00ba. S\u00f3 nas \u00faltimas 24 horas, a cidade confirmou mais 115 casos positivos da doen\u00e7a e teve mais 4 mortes. A taxa de ocupa\u00e7\u00e3o da UTI do Haoc (Hospital Augusto de Oliveira Camargo) chegou a 92%, no particular Santa Ign\u00eas foi a 75% nesta ter\u00e7a-feira, 23 de junho.<\/p>\n<p>&nbsp;<\/p>\n<p>De acordo com o boletim epidemiol\u00f3gico divulgado nesta ter\u00e7a, os 4 \u00f3bitos ocorreram no Haoc (Hospital Augusto de Oliveira Camargo): um paciente de 65 anos, que estava internado desde o dia 29 de maio e possu\u00eda diabetes; outro homem, 72 anos, hospitalizado no dia 18 de junho, tinha diabetes, hipertens\u00e3o, doen\u00e7as cardiovasculares e obesidade; e duas confirma\u00e7\u00f5es de mortes ocorridas em 17 e 18 de junho, sendo de um homem de 53 anos, que tinha hist\u00f3rico de diabetes e hipertens\u00e3o, e de uma mulher de 87 anos, sem comorbidades relatadas.<\/p>\n<p>&nbsp;<\/p>\n<p>Nesta ter\u00e7a-feira, Indaiatuba confirmou mais 115 casos positivos de covid-19, totalizando 1.102 registros, sendo que 54 morreram e 1.016 s\u00e3o considerados curados ou est\u00e3o em recupera\u00e7\u00e3o domiciliar. O n\u00famero exato de curados n\u00e3o \u00e9 informado pela Prefeitura. M\u00e9dicos ouvidos pela Revista Regional dizem que essa soma (recuperados e pacientes em isolamento domiciliar) n\u00e3o \u00e9 correta, pois um infectado em tratamento domiciliar pode, em algum momento, apresentar piora no quadro, j\u00e1 que cada organismo reage de uma forma, e precisar de ajuda m\u00e9dica e at\u00e9 mesmo de hospitaliza\u00e7\u00e3o. Questionada, a administra\u00e7\u00e3o disse que possui uma equipe de rastreio para acompanhar os casos positivos leves e conta com o teleatendimento espec\u00edfico para covid-19. Tamb\u00e9m ressaltou que todas as unidades de sa\u00fade est\u00e3o preparadas para atender os casos suspeitos e confirmados. \u201cEstamos adaptando toda estrutura de sa\u00fade para essa pandemia e repassando informa\u00e7\u00f5es seguras e transparentes, conforme os levantamentos s\u00e3o feitos\u201d, completa a nota encaminhada \u00e0 Revista Regional.<\/p>\n<p>&nbsp;<\/p>\n<p>A cidade ainda tem outros 100 casos suspeitos aguardando resultado de exames. Atualmente h\u00e1 31 internados em leito cl\u00ednico e 30 em UTI (Unidade de Terapia Intensiva). A taxa de ocupa\u00e7\u00e3o dos leitos cl\u00ednicos tamb\u00e9m aumentou: est\u00e1 em 52% no Haoc e 75% no Hospital Santa Ign\u00eas; referente aos leitos de UTI, est\u00e1 em 92% no Haoc e 75% no Santa Ign\u00eas.<\/p>\n<p>&nbsp;<\/p>\n<p>Itu tamb\u00e9m registrou mais 1 morte nesta ter\u00e7a-feira, totalizando 33. O paciente tinha 72 anos e era portador de doen\u00e7a cr\u00f4nica. A cidade est\u00e1 agora com 414 casos confirmados, 318 recuperados e 69 testados esperando por resultado. H\u00e1 16 pacientes internados em leito cl\u00ednico e 12 em UTI. A taxa de ocupa\u00e7\u00e3o de leitos est\u00e1 em 93% para enfermaria no Hospital Municipal e 62% na UTI; al\u00e9m de 14,3% na enfermaria do Hospital de Campanha e 33% na UTI.<\/p>\n<p>&nbsp;<\/p>\n<p>Em Salto, tamb\u00e9m foi confirmado mais 1 \u00f3bito pela covid-19, totalizando 5. A paciente tinha 48 anos e estava internada no Hospital Municipal desde o dia 21, ela tinha hist\u00f3rico de hipertens\u00e3o e hipotireoidismo. Nesta ter\u00e7a-feira foram registrados mais casos de infectados, totalizando 164, sendo que 88 evolu\u00edram para cura e 7 seguem internados (2 em UTI) e 64 est\u00e3o em isolamento domiciliar. H\u00e1 30 casos que aguardam resultados. Destes, 27 casos suspeitos est\u00e3o em isolamento domiciliar e 3 em interna\u00e7\u00e3o cl\u00ednica (1 em UTI).<\/p>\n<p>&nbsp;<\/p>\n<p>ITU RECEBE RESPIRADORES<\/p>\n<p>&nbsp;<\/p>\n<p>O governo de S\u00e3o Paulo vai distribuir mais 62 respiradores para hospitais localizados em 12 cidades do Interior e da Grande S\u00e3o Paulo. Nesta quarta-feira (24), os novos equipamentos sair\u00e3o da capital em dire\u00e7\u00e3o aos hospitais de destino, e permitir\u00e3o a amplia\u00e7\u00e3o de UTIs (Unidades de Terapia Intensiva) para garantir atendimento a pacientes contaminados pelo coronav\u00edrus que est\u00e3o em estado grave. Na regi\u00e3o de Sorocaba, Itu receber\u00e1 10 ventiladores pulmonares para implanta\u00e7\u00e3o no Hospital de Campanha municipal.<\/p>\n<p>&nbsp;<\/p>\n<p>Foto: BIRF<\/p>\n","protected":false},"excerpt":{"rendered":"<p>N\u00fameros disparam em Indaiatuba, chegam a 1.102 casos e mais 4 mortes confirmadas em 24 horas; UTI do Haoc est\u00e1 com taxa de ocupa\u00e7\u00e3o em 92%; Itu e Salto tamb\u00e9m registraram mais v\u00edtimas da doen\u00e7a &nbsp; Os n\u00fameros da pandemia em Indaiatuba continuam aumentando. O m\u00eas de junho \u00e9 at\u00e9 agora o que teve maior [&hellip;]<\/p>\n","protected":false},"author":1,"featured_media":22708,"comment_status":"closed","ping_status":"closed","sticky":false,"template":"","format":"standard","meta":{"_acf_changed":false,"ngg_post_thumbnail":0,"_joinchat":[],"footnotes":""},"categories":[449,8],"tags":[525],"class_list":["post-22707","post","type-post","status-publish","format-standard","has-post-thumbnail","hentry","category-destaque-lateral","category-saude-e-beleza","tag-saude-e-beleza"],"acf":[],"yoast_head":"<!-- This site is optimized with the Yoast SEO plugin v27.4 - https:\/\/yoast.com\/product\/yoast-seo-wordpress\/ -->\n<title>Em 24h, Indaiatuba, Itu e Salto somam 6 mortes por covid; UTI de Indaiatuba j\u00e1 tem 92% de ocupa\u00e7\u00e3o - Revista Regional<\/title>\n<meta name=\"robots\" content=\"index, follow, max-snippet:-1, max-image-preview:large, max-video-preview:-1\" \/>\n<link rel=\"canonical\" href=\"https:\/\/revistaregional.com.br\/site\/2020\/06\/23\/em-24h-indaiatuba-itu-e-salto-somam-6-mortes-por-covid-uti-de-indaiatuba-ja-tem-92-de-ocupacao\/\" \/>\n<meta property=\"og:locale\" content=\"pt_BR\" \/>\n<meta property=\"og:type\" content=\"article\" \/>\n<meta property=\"og:title\" content=\"Em 24h, Indaiatuba, Itu e Salto somam 6 mortes por covid; UTI de Indaiatuba j\u00e1 tem 92% de ocupa\u00e7\u00e3o - Revista Regional\" \/>\n<meta property=\"og:description\" content=\"N\u00fameros disparam em Indaiatuba, chegam a 1.102 casos e mais 4 mortes confirmadas em 24 horas; UTI do Haoc est\u00e1 com taxa de ocupa\u00e7\u00e3o em 92%; Itu e Salto tamb\u00e9m registraram mais v\u00edtimas da doen\u00e7a &nbsp; Os n\u00fameros da pandemia em Indaiatuba continuam aumentando. O m\u00eas de junho \u00e9 at\u00e9 agora o que teve maior [&hellip;]\" \/>\n<meta property=\"og:url\" content=\"https:\/\/revistaregional.com.br\/site\/2020\/06\/23\/em-24h-indaiatuba-itu-e-salto-somam-6-mortes-por-covid-uti-de-indaiatuba-ja-tem-92-de-ocupacao\/\" \/>\n<meta property=\"og:site_name\" content=\"Revista Regional\" \/>\n<meta property=\"article:published_time\" content=\"2020-06-23T21:21:19+00:00\" \/>\n<meta property=\"article:modified_time\" content=\"2024-01-26T12:29:46+00:00\" \/>\n<meta property=\"og:image\" content=\"https:\/\/revistaregional.com.br\/site\/wp-content\/uploads\/2020\/06\/app-covid-23-de-junho.jpg\" \/>\n\t<meta property=\"og:image:width\" content=\"1200\" \/>\n\t<meta property=\"og:image:height\" content=\"630\" \/>\n\t<meta property=\"og:image:type\" content=\"image\/jpeg\" \/>\n<meta name=\"author\" content=\"contato@revistaregional.com.br\" \/>\n<meta name=\"twitter:card\" content=\"summary_large_image\" \/>\n<meta name=\"twitter:label1\" content=\"Escrito por\" \/>\n\t<meta name=\"twitter:data1\" content=\"contato@revistaregional.com.br\" \/>\n\t<meta name=\"twitter:label2\" content=\"Est. tempo de leitura\" \/>\n\t<meta name=\"twitter:data2\" content=\"4 minutos\" \/>\n<script type=\"application\/ld+json\" class=\"yoast-schema-graph\">{\"@context\":\"https:\\\/\\\/schema.org\",\"@graph\":[{\"@type\":\"Article\",\"@id\":\"https:\\\/\\\/revistaregional.com.br\\\/site\\\/2020\\\/06\\\/23\\\/em-24h-indaiatuba-itu-e-salto-somam-6-mortes-por-covid-uti-de-indaiatuba-ja-tem-92-de-ocupacao\\\/#article\",\"isPartOf\":{\"@id\":\"https:\\\/\\\/revistaregional.com.br\\\/site\\\/2020\\\/06\\\/23\\\/em-24h-indaiatuba-itu-e-salto-somam-6-mortes-por-covid-uti-de-indaiatuba-ja-tem-92-de-ocupacao\\\/\"},\"author\":{\"name\":\"contato@revistaregional.com.br\",\"@id\":\"https:\\\/\\\/revistaregional.com.br\\\/site\\\/#\\\/schema\\\/person\\\/382af97c580dc1b18f55107bc316010d\"},\"headline\":\"Em 24h, Indaiatuba, Itu e Salto somam 6 mortes por covid; UTI de Indaiatuba j\u00e1 tem 92% de ocupa\u00e7\u00e3o\",\"datePublished\":\"2020-06-23T21:21:19+00:00\",\"dateModified\":\"2024-01-26T12:29:46+00:00\",\"mainEntityOfPage\":{\"@id\":\"https:\\\/\\\/revistaregional.com.br\\\/site\\\/2020\\\/06\\\/23\\\/em-24h-indaiatuba-itu-e-salto-somam-6-mortes-por-covid-uti-de-indaiatuba-ja-tem-92-de-ocupacao\\\/\"},\"wordCount\":725,\"image\":{\"@id\":\"https:\\\/\\\/revistaregional.com.br\\\/site\\\/2020\\\/06\\\/23\\\/em-24h-indaiatuba-itu-e-salto-somam-6-mortes-por-covid-uti-de-indaiatuba-ja-tem-92-de-ocupacao\\\/#primaryimage\"},\"thumbnailUrl\":\"https:\\\/\\\/revistaregional.com.br\\\/site\\\/wp-content\\\/uploads\\\/2020\\\/06\\\/app-covid-23-de-junho.jpg\",\"keywords\":[\"Sa\u00fade e Beleza\"],\"articleSection\":[\"Destaque Lateral\",\"Sa\u00fade e Beleza\"],\"inLanguage\":\"pt-BR\"},{\"@type\":\"WebPage\",\"@id\":\"https:\\\/\\\/revistaregional.com.br\\\/site\\\/2020\\\/06\\\/23\\\/em-24h-indaiatuba-itu-e-salto-somam-6-mortes-por-covid-uti-de-indaiatuba-ja-tem-92-de-ocupacao\\\/\",\"url\":\"https:\\\/\\\/revistaregional.com.br\\\/site\\\/2020\\\/06\\\/23\\\/em-24h-indaiatuba-itu-e-salto-somam-6-mortes-por-covid-uti-de-indaiatuba-ja-tem-92-de-ocupacao\\\/\",\"name\":\"Em 24h, Indaiatuba, Itu e Salto somam 6 mortes por covid; UTI de Indaiatuba j\u00e1 tem 92% de ocupa\u00e7\u00e3o - Revista Regional\",\"isPartOf\":{\"@id\":\"https:\\\/\\\/revistaregional.com.br\\\/site\\\/#website\"},\"primaryImageOfPage\":{\"@id\":\"https:\\\/\\\/revistaregional.com.br\\\/site\\\/2020\\\/06\\\/23\\\/em-24h-indaiatuba-itu-e-salto-somam-6-mortes-por-covid-uti-de-indaiatuba-ja-tem-92-de-ocupacao\\\/#primaryimage\"},\"image\":{\"@id\":\"https:\\\/\\\/revistaregional.com.br\\\/site\\\/2020\\\/06\\\/23\\\/em-24h-indaiatuba-itu-e-salto-somam-6-mortes-por-covid-uti-de-indaiatuba-ja-tem-92-de-ocupacao\\\/#primaryimage\"},\"thumbnailUrl\":\"https:\\\/\\\/revistaregional.com.br\\\/site\\\/wp-content\\\/uploads\\\/2020\\\/06\\\/app-covid-23-de-junho.jpg\",\"datePublished\":\"2020-06-23T21:21:19+00:00\",\"dateModified\":\"2024-01-26T12:29:46+00:00\",\"author\":{\"@id\":\"https:\\\/\\\/revistaregional.com.br\\\/site\\\/#\\\/schema\\\/person\\\/382af97c580dc1b18f55107bc316010d\"},\"breadcrumb\":{\"@id\":\"https:\\\/\\\/revistaregional.com.br\\\/site\\\/2020\\\/06\\\/23\\\/em-24h-indaiatuba-itu-e-salto-somam-6-mortes-por-covid-uti-de-indaiatuba-ja-tem-92-de-ocupacao\\\/#breadcrumb\"},\"inLanguage\":\"pt-BR\",\"potentialAction\":[{\"@type\":\"ReadAction\",\"target\":[\"https:\\\/\\\/revistaregional.com.br\\\/site\\\/2020\\\/06\\\/23\\\/em-24h-indaiatuba-itu-e-salto-somam-6-mortes-por-covid-uti-de-indaiatuba-ja-tem-92-de-ocupacao\\\/\"]}]},{\"@type\":\"ImageObject\",\"inLanguage\":\"pt-BR\",\"@id\":\"https:\\\/\\\/revistaregional.com.br\\\/site\\\/2020\\\/06\\\/23\\\/em-24h-indaiatuba-itu-e-salto-somam-6-mortes-por-covid-uti-de-indaiatuba-ja-tem-92-de-ocupacao\\\/#primaryimage\",\"url\":\"https:\\\/\\\/revistaregional.com.br\\\/site\\\/wp-content\\\/uploads\\\/2020\\\/06\\\/app-covid-23-de-junho.jpg\",\"contentUrl\":\"https:\\\/\\\/revistaregional.com.br\\\/site\\\/wp-content\\\/uploads\\\/2020\\\/06\\\/app-covid-23-de-junho.jpg\",\"width\":1200,\"height\":630},{\"@type\":\"BreadcrumbList\",\"@id\":\"https:\\\/\\\/revistaregional.com.br\\\/site\\\/2020\\\/06\\\/23\\\/em-24h-indaiatuba-itu-e-salto-somam-6-mortes-por-covid-uti-de-indaiatuba-ja-tem-92-de-ocupacao\\\/#breadcrumb\",\"itemListElement\":[{\"@type\":\"ListItem\",\"position\":1,\"name\":\"In\u00edcio\",\"item\":\"https:\\\/\\\/revistaregional.com.br\\\/site\\\/\"},{\"@type\":\"ListItem\",\"position\":2,\"name\":\"Em 24h, Indaiatuba, Itu e Salto somam 6 mortes por covid; UTI de Indaiatuba j\u00e1 tem 92% de ocupa\u00e7\u00e3o\"}]},{\"@type\":\"WebSite\",\"@id\":\"https:\\\/\\\/revistaregional.com.br\\\/site\\\/#website\",\"url\":\"https:\\\/\\\/revistaregional.com.br\\\/site\\\/\",\"name\":\"Revista Regional\",\"description\":\"Salto - Itu - Indaituba\",\"potentialAction\":[{\"@type\":\"SearchAction\",\"target\":{\"@type\":\"EntryPoint\",\"urlTemplate\":\"https:\\\/\\\/revistaregional.com.br\\\/site\\\/?s={search_term_string}\"},\"query-input\":{\"@type\":\"PropertyValueSpecification\",\"valueRequired\":true,\"valueName\":\"search_term_string\"}}],\"inLanguage\":\"pt-BR\"},{\"@type\":\"Person\",\"@id\":\"https:\\\/\\\/revistaregional.com.br\\\/site\\\/#\\\/schema\\\/person\\\/382af97c580dc1b18f55107bc316010d\",\"name\":\"contato@revistaregional.com.br\",\"image\":{\"@type\":\"ImageObject\",\"inLanguage\":\"pt-BR\",\"@id\":\"https:\\\/\\\/secure.gravatar.com\\\/avatar\\\/869822917e96b2e292d5827e4635855396934485e7c4a0af84e9a214e32ca0cd?s=96&d=mm&r=g\",\"url\":\"https:\\\/\\\/secure.gravatar.com\\\/avatar\\\/869822917e96b2e292d5827e4635855396934485e7c4a0af84e9a214e32ca0cd?s=96&d=mm&r=g\",\"contentUrl\":\"https:\\\/\\\/secure.gravatar.com\\\/avatar\\\/869822917e96b2e292d5827e4635855396934485e7c4a0af84e9a214e32ca0cd?s=96&d=mm&r=g\",\"caption\":\"contato@revistaregional.com.br\"},\"url\":\"https:\\\/\\\/revistaregional.com.br\\\/site\\\/author\\\/contato@revistaregional.com.br\\\/\"}]}<\/script>\n<!-- \/ Yoast SEO plugin. -->","yoast_head_json":{"title":"Em 24h, Indaiatuba, Itu e Salto somam 6 mortes por covid; UTI de Indaiatuba j\u00e1 tem 92% de ocupa\u00e7\u00e3o - Revista Regional","robots":{"index":"index","follow":"follow","max-snippet":"max-snippet:-1","max-image-preview":"max-image-preview:large","max-video-preview":"max-video-preview:-1"},"canonical":"https:\/\/revistaregional.com.br\/site\/2020\/06\/23\/em-24h-indaiatuba-itu-e-salto-somam-6-mortes-por-covid-uti-de-indaiatuba-ja-tem-92-de-ocupacao\/","og_locale":"pt_BR","og_type":"article","og_title":"Em 24h, Indaiatuba, Itu e Salto somam 6 mortes por covid; UTI de Indaiatuba j\u00e1 tem 92% de ocupa\u00e7\u00e3o - Revista Regional","og_description":"N\u00fameros disparam em Indaiatuba, chegam a 1.102 casos e mais 4 mortes confirmadas em 24 horas; UTI do Haoc est\u00e1 com taxa de ocupa\u00e7\u00e3o em 92%; Itu e Salto tamb\u00e9m registraram mais v\u00edtimas da doen\u00e7a &nbsp; Os n\u00fameros da pandemia em Indaiatuba continuam aumentando. O m\u00eas de junho \u00e9 at\u00e9 agora o que teve maior [&hellip;]","og_url":"https:\/\/revistaregional.com.br\/site\/2020\/06\/23\/em-24h-indaiatuba-itu-e-salto-somam-6-mortes-por-covid-uti-de-indaiatuba-ja-tem-92-de-ocupacao\/","og_site_name":"Revista Regional","article_published_time":"2020-06-23T21:21:19+00:00","article_modified_time":"2024-01-26T12:29:46+00:00","og_image":[{"width":1200,"height":630,"url":"https:\/\/revistaregional.com.br\/site\/wp-content\/uploads\/2020\/06\/app-covid-23-de-junho.jpg","type":"image\/jpeg"}],"author":"contato@revistaregional.com.br","twitter_card":"summary_large_image","twitter_misc":{"Escrito por":"contato@revistaregional.com.br","Est. tempo de leitura":"4 minutos"},"schema":{"@context":"https:\/\/schema.org","@graph":[{"@type":"Article","@id":"https:\/\/revistaregional.com.br\/site\/2020\/06\/23\/em-24h-indaiatuba-itu-e-salto-somam-6-mortes-por-covid-uti-de-indaiatuba-ja-tem-92-de-ocupacao\/#article","isPartOf":{"@id":"https:\/\/revistaregional.com.br\/site\/2020\/06\/23\/em-24h-indaiatuba-itu-e-salto-somam-6-mortes-por-covid-uti-de-indaiatuba-ja-tem-92-de-ocupacao\/"},"author":{"name":"contato@revistaregional.com.br","@id":"https:\/\/revistaregional.com.br\/site\/#\/schema\/person\/382af97c580dc1b18f55107bc316010d"},"headline":"Em 24h, Indaiatuba, Itu e Salto somam 6 mortes por covid; UTI de Indaiatuba j\u00e1 tem 92% de ocupa\u00e7\u00e3o","datePublished":"2020-06-23T21:21:19+00:00","dateModified":"2024-01-26T12:29:46+00:00","mainEntityOfPage":{"@id":"https:\/\/revistaregional.com.br\/site\/2020\/06\/23\/em-24h-indaiatuba-itu-e-salto-somam-6-mortes-por-covid-uti-de-indaiatuba-ja-tem-92-de-ocupacao\/"},"wordCount":725,"image":{"@id":"https:\/\/revistaregional.com.br\/site\/2020\/06\/23\/em-24h-indaiatuba-itu-e-salto-somam-6-mortes-por-covid-uti-de-indaiatuba-ja-tem-92-de-ocupacao\/#primaryimage"},"thumbnailUrl":"https:\/\/revistaregional.com.br\/site\/wp-content\/uploads\/2020\/06\/app-covid-23-de-junho.jpg","keywords":["Sa\u00fade e Beleza"],"articleSection":["Destaque Lateral","Sa\u00fade e Beleza"],"inLanguage":"pt-BR"},{"@type":"WebPage","@id":"https:\/\/revistaregional.com.br\/site\/2020\/06\/23\/em-24h-indaiatuba-itu-e-salto-somam-6-mortes-por-covid-uti-de-indaiatuba-ja-tem-92-de-ocupacao\/","url":"https:\/\/revistaregional.com.br\/site\/2020\/06\/23\/em-24h-indaiatuba-itu-e-salto-somam-6-mortes-por-covid-uti-de-indaiatuba-ja-tem-92-de-ocupacao\/","name":"Em 24h, Indaiatuba, Itu e Salto somam 6 mortes por covid; UTI de Indaiatuba j\u00e1 tem 92% de ocupa\u00e7\u00e3o - Revista Regional","isPartOf":{"@id":"https:\/\/revistaregional.com.br\/site\/#website"},"primaryImageOfPage":{"@id":"https:\/\/revistaregional.com.br\/site\/2020\/06\/23\/em-24h-indaiatuba-itu-e-salto-somam-6-mortes-por-covid-uti-de-indaiatuba-ja-tem-92-de-ocupacao\/#primaryimage"},"image":{"@id":"https:\/\/revistaregional.com.br\/site\/2020\/06\/23\/em-24h-indaiatuba-itu-e-salto-somam-6-mortes-por-covid-uti-de-indaiatuba-ja-tem-92-de-ocupacao\/#primaryimage"},"thumbnailUrl":"https:\/\/revistaregional.com.br\/site\/wp-content\/uploads\/2020\/06\/app-covid-23-de-junho.jpg","datePublished":"2020-06-23T21:21:19+00:00","dateModified":"2024-01-26T12:29:46+00:00","author":{"@id":"https:\/\/revistaregional.com.br\/site\/#\/schema\/person\/382af97c580dc1b18f55107bc316010d"},"breadcrumb":{"@id":"https:\/\/revistaregional.com.br\/site\/2020\/06\/23\/em-24h-indaiatuba-itu-e-salto-somam-6-mortes-por-covid-uti-de-indaiatuba-ja-tem-92-de-ocupacao\/#breadcrumb"},"inLanguage":"pt-BR","potentialAction":[{"@type":"ReadAction","target":["https:\/\/revistaregional.com.br\/site\/2020\/06\/23\/em-24h-indaiatuba-itu-e-salto-somam-6-mortes-por-covid-uti-de-indaiatuba-ja-tem-92-de-ocupacao\/"]}]},{"@type":"ImageObject","inLanguage":"pt-BR","@id":"https:\/\/revistaregional.com.br\/site\/2020\/06\/23\/em-24h-indaiatuba-itu-e-salto-somam-6-mortes-por-covid-uti-de-indaiatuba-ja-tem-92-de-ocupacao\/#primaryimage","url":"https:\/\/revistaregional.com.br\/site\/wp-content\/uploads\/2020\/06\/app-covid-23-de-junho.jpg","contentUrl":"https:\/\/revistaregional.com.br\/site\/wp-content\/uploads\/2020\/06\/app-covid-23-de-junho.jpg","width":1200,"height":630},{"@type":"BreadcrumbList","@id":"https:\/\/revistaregional.com.br\/site\/2020\/06\/23\/em-24h-indaiatuba-itu-e-salto-somam-6-mortes-por-covid-uti-de-indaiatuba-ja-tem-92-de-ocupacao\/#breadcrumb","itemListElement":[{"@type":"ListItem","position":1,"name":"In\u00edcio","item":"https:\/\/revistaregional.com.br\/site\/"},{"@type":"ListItem","position":2,"name":"Em 24h, Indaiatuba, Itu e Salto somam 6 mortes por covid; UTI de Indaiatuba j\u00e1 tem 92% de ocupa\u00e7\u00e3o"}]},{"@type":"WebSite","@id":"https:\/\/revistaregional.com.br\/site\/#website","url":"https:\/\/revistaregional.com.br\/site\/","name":"Revista Regional","description":"Salto - Itu - Indaituba","potentialAction":[{"@type":"SearchAction","target":{"@type":"EntryPoint","urlTemplate":"https:\/\/revistaregional.com.br\/site\/?s={search_term_string}"},"query-input":{"@type":"PropertyValueSpecification","valueRequired":true,"valueName":"search_term_string"}}],"inLanguage":"pt-BR"},{"@type":"Person","@id":"https:\/\/revistaregional.com.br\/site\/#\/schema\/person\/382af97c580dc1b18f55107bc316010d","name":"contato@revistaregional.com.br","image":{"@type":"ImageObject","inLanguage":"pt-BR","@id":"https:\/\/secure.gravatar.com\/avatar\/869822917e96b2e292d5827e4635855396934485e7c4a0af84e9a214e32ca0cd?s=96&d=mm&r=g","url":"https:\/\/secure.gravatar.com\/avatar\/869822917e96b2e292d5827e4635855396934485e7c4a0af84e9a214e32ca0cd?s=96&d=mm&r=g","contentUrl":"https:\/\/secure.gravatar.com\/avatar\/869822917e96b2e292d5827e4635855396934485e7c4a0af84e9a214e32ca0cd?s=96&d=mm&r=g","caption":"contato@revistaregional.com.br"},"url":"https:\/\/revistaregional.com.br\/site\/author\/contato@revistaregional.com.br\/"}]}},"views":99,"_links":{"self":[{"href":"https:\/\/revistaregional.com.br\/site\/wp-json\/wp\/v2\/posts\/22707","targetHints":{"allow":["GET"]}}],"collection":[{"href":"https:\/\/revistaregional.com.br\/site\/wp-json\/wp\/v2\/posts"}],"about":[{"href":"https:\/\/revistaregional.com.br\/site\/wp-json\/wp\/v2\/types\/post"}],"author":[{"embeddable":true,"href":"https:\/\/revistaregional.com.br\/site\/wp-json\/wp\/v2\/users\/1"}],"replies":[{"embeddable":true,"href":"https:\/\/revistaregional.com.br\/site\/wp-json\/wp\/v2\/comments?post=22707"}],"version-history":[{"count":2,"href":"https:\/\/revistaregional.com.br\/site\/wp-json\/wp\/v2\/posts\/22707\/revisions"}],"predecessor-version":[{"id":22710,"href":"https:\/\/revistaregional.com.br\/site\/wp-json\/wp\/v2\/posts\/22707\/revisions\/22710"}],"wp:featuredmedia":[{"embeddable":true,"href":"https:\/\/revistaregional.com.br\/site\/wp-json\/wp\/v2\/media\/22708"}],"wp:attachment":[{"href":"https:\/\/revistaregional.com.br\/site\/wp-json\/wp\/v2\/media?parent=22707"}],"wp:term":[{"taxonomy":"category","embeddable":true,"href":"https:\/\/revistaregional.com.br\/site\/wp-json\/wp\/v2\/categories?post=22707"},{"taxonomy":"post_tag","embeddable":true,"href":"https:\/\/revistaregional.com.br\/site\/wp-json\/wp\/v2\/tags?post=22707"}],"curies":[{"name":"wp","href":"https:\/\/api.w.org\/{rel}","templated":true}]}}