{"id":2253,"date":"2012-03-01T10:20:01","date_gmt":"2012-03-01T13:20:01","guid":{"rendered":"http:\/\/revistaregional.com.br\/site\/?p=2253"},"modified":"2024-01-26T09:58:12","modified_gmt":"2024-01-26T12:58:12","slug":"itu-tem-pedalada-das-meninas","status":"publish","type":"post","link":"https:\/\/revistaregional.com.br\/site\/2012\/03\/01\/itu-tem-pedalada-das-meninas\/","title":{"rendered":"Itu tem &#8216;Pedalada das Meninas&#8217;"},"content":{"rendered":"<figure id=\"attachment_2254\" aria-describedby=\"caption-attachment-2254\" style=\"width: 384px\" class=\"wp-caption alignleft\"><a rel=\"attachment wp-att-2254\" href=\"http:\/\/revistaregional.com.br\/site\/wp-content\/uploads\/2012\/03\/regionais-pedalada-das-meninas-foto-de-AlexTommesani-640x480.jpg\"><img fetchpriority=\"high\" decoding=\"async\" class=\"size-full wp-image-2254 \" src=\"http:\/\/revistaregional.com.br\/site\/wp-content\/uploads\/2012\/03\/regionais-pedalada-das-meninas-foto-de-AlexTommesani-640x480.jpg\" alt=\"\" width=\"384\" height=\"256\" srcset=\"https:\/\/revistaregional.com.br\/site\/wp-content\/uploads\/2012\/03\/regionais-pedalada-das-meninas-foto-de-AlexTommesani-640x480.jpg 640w, https:\/\/revistaregional.com.br\/site\/wp-content\/uploads\/2012\/03\/regionais-pedalada-das-meninas-foto-de-AlexTommesani-640x480-300x199.jpg 300w\" sizes=\"(max-width: 384px) 100vw, 384px\" \/><\/a><figcaption id=\"caption-attachment-2254\" class=\"wp-caption-text\">Evento comemora Dia Internacional da Mulher<\/figcaption><\/figure>\n<p>Idealizado para celebrar o Dia Internacional da Mulher, a Pedalada das Meninas \u00e9 um projeto de cunho esportivo com o objetivo de promover sa\u00fade e qualidade de vida por meio da pr\u00e1tica do <em>mountain bike<\/em>. Al\u00e9m de motivar mulheres a pedalar, o evento estimula seus acompanhantes (namorados, maridos, amigos) a participar dessa experi\u00eancia. O projeto, que est\u00e1 em sua oitava edi\u00e7\u00e3o, acontece anualmente em Itu e vem conquistando cada vez mais sucesso de p\u00fablico, espa\u00e7o na m\u00eddia e credibilidade entre seus parceiros. Este ano, o evento ser\u00e1 no dia 11 de mar\u00e7o, no <a href=\"http:\/\/www.campingcabreuva.com.br\/\">Camping Cabre\u00fava<\/a>, proporcionando aos participantes uma infraestrutura a mais de lazer, al\u00e9m de hospedagem, estacionamento e restaurante. O percurso foi criado com o objetivo de mostrar um pouco de cada terreno e sensa\u00e7\u00f5es que o <em>mountain bike<\/em> pode proporcionar. Com 26 quil\u00f4metros, o objetivo \u00e9 combinar um misto de estradas de terra, asfalto, subidas e descidas, sem muitas dificuldades t\u00e9cnicas, mas garantindo paisagens de grande beleza natural, hist\u00f3ria regional e um pouco de adrenalina. Repetindo a a\u00e7\u00e3o do ano anterior, os participantes inscritos dever\u00e3o contribuir com dois litros de leite para a Campanha Solid\u00e1ria do Mais Vida. Para participar, basta se inscrever atrav\u00e9s do site at\u00e9 06 de mar\u00e7o. As vagas s\u00e3o limitadas em 150 participantes e a participa\u00e7\u00e3o masculina s\u00f3 \u00e9 permitida se acompanhado de uma mulher.<\/p>\n<p><strong>LINK:<\/strong> Mais informa\u00e7\u00f5es: <a href=\"http:\/\/www.pedaladadasmeninas.com.br\/\">www.pedaladadasmeninas.com.br<\/a><\/p>\n<p><em>foto: AlexTommesani<\/em><\/p>\n","protected":false},"excerpt":{"rendered":"<p>Idealizado para celebrar o Dia Internacional da Mulher, a Pedalada das Meninas \u00e9 um projeto de cunho esportivo com o objetivo de promover sa\u00fade e qualidade de vida por meio da pr\u00e1tica do mountain bike. Al\u00e9m de motivar mulheres a pedalar, o evento estimula seus acompanhantes (namorados, maridos, amigos) a participar dessa experi\u00eancia. O projeto, [&hellip;]<\/p>\n","protected":false},"author":1,"featured_media":2254,"comment_status":"open","ping_status":"open","sticky":false,"template":"","format":"standard","meta":{"_acf_changed":false,"ngg_post_thumbnail":0,"_joinchat":[],"footnotes":""},"categories":[12],"tags":[527],"class_list":["post-2253","post","type-post","status-publish","format-standard","has-post-thumbnail","hentry","category-regionais","tag-regionais"],"acf":[],"yoast_head":"<!-- This site is optimized with the Yoast SEO plugin v27.4 - https:\/\/yoast.com\/product\/yoast-seo-wordpress\/ -->\n<title>Itu tem &#039;Pedalada das Meninas&#039; - Revista Regional<\/title>\n<meta name=\"robots\" content=\"index, follow, max-snippet:-1, max-image-preview:large, max-video-preview:-1\" \/>\n<link rel=\"canonical\" href=\"https:\/\/revistaregional.com.br\/site\/2012\/03\/01\/itu-tem-pedalada-das-meninas\/\" \/>\n<meta property=\"og:locale\" content=\"pt_BR\" \/>\n<meta property=\"og:type\" content=\"article\" \/>\n<meta property=\"og:title\" content=\"Itu tem &#039;Pedalada das Meninas&#039; - Revista Regional\" \/>\n<meta property=\"og:description\" content=\"Idealizado para celebrar o Dia Internacional da Mulher, a Pedalada das Meninas \u00e9 um projeto de cunho esportivo com o objetivo de promover sa\u00fade e qualidade de vida por meio da pr\u00e1tica do mountain bike. Al\u00e9m de motivar mulheres a pedalar, o evento estimula seus acompanhantes (namorados, maridos, amigos) a participar dessa experi\u00eancia. O projeto, [&hellip;]\" \/>\n<meta property=\"og:url\" content=\"https:\/\/revistaregional.com.br\/site\/2012\/03\/01\/itu-tem-pedalada-das-meninas\/\" \/>\n<meta property=\"og:site_name\" content=\"Revista Regional\" \/>\n<meta property=\"article:published_time\" content=\"2012-03-01T13:20:01+00:00\" \/>\n<meta property=\"article:modified_time\" content=\"2024-01-26T12:58:12+00:00\" \/>\n<meta property=\"og:image\" content=\"https:\/\/revistaregional.com.br\/site\/wp-content\/uploads\/2012\/03\/regionais-pedalada-das-meninas-foto-de-AlexTommesani-640x480.jpg\" \/>\n\t<meta property=\"og:image:width\" content=\"640\" \/>\n\t<meta property=\"og:image:height\" content=\"426\" \/>\n\t<meta property=\"og:image:type\" content=\"image\/jpeg\" \/>\n<meta name=\"author\" content=\"contato@revistaregional.com.br\" \/>\n<meta name=\"twitter:card\" content=\"summary_large_image\" \/>\n<meta name=\"twitter:label1\" content=\"Escrito por\" \/>\n\t<meta name=\"twitter:data1\" content=\"contato@revistaregional.com.br\" \/>\n\t<meta name=\"twitter:label2\" content=\"Est. tempo de leitura\" \/>\n\t<meta name=\"twitter:data2\" content=\"1 minuto\" \/>\n<script type=\"application\/ld+json\" class=\"yoast-schema-graph\">{\"@context\":\"https:\\\/\\\/schema.org\",\"@graph\":[{\"@type\":\"Article\",\"@id\":\"https:\\\/\\\/revistaregional.com.br\\\/site\\\/2012\\\/03\\\/01\\\/itu-tem-pedalada-das-meninas\\\/#article\",\"isPartOf\":{\"@id\":\"https:\\\/\\\/revistaregional.com.br\\\/site\\\/2012\\\/03\\\/01\\\/itu-tem-pedalada-das-meninas\\\/\"},\"author\":{\"name\":\"contato@revistaregional.com.br\",\"@id\":\"https:\\\/\\\/revistaregional.com.br\\\/site\\\/#\\\/schema\\\/person\\\/382af97c580dc1b18f55107bc316010d\"},\"headline\":\"Itu tem &#8216;Pedalada das Meninas&#8217;\",\"datePublished\":\"2012-03-01T13:20:01+00:00\",\"dateModified\":\"2024-01-26T12:58:12+00:00\",\"mainEntityOfPage\":{\"@id\":\"https:\\\/\\\/revistaregional.com.br\\\/site\\\/2012\\\/03\\\/01\\\/itu-tem-pedalada-das-meninas\\\/\"},\"wordCount\":265,\"commentCount\":0,\"image\":{\"@id\":\"https:\\\/\\\/revistaregional.com.br\\\/site\\\/2012\\\/03\\\/01\\\/itu-tem-pedalada-das-meninas\\\/#primaryimage\"},\"thumbnailUrl\":\"https:\\\/\\\/revistaregional.com.br\\\/site\\\/wp-content\\\/uploads\\\/2012\\\/03\\\/regionais-pedalada-das-meninas-foto-de-AlexTommesani-640x480.jpg\",\"keywords\":[\"Regionais\"],\"articleSection\":[\"Regionais\"],\"inLanguage\":\"pt-BR\",\"potentialAction\":[{\"@type\":\"CommentAction\",\"name\":\"Comment\",\"target\":[\"https:\\\/\\\/revistaregional.com.br\\\/site\\\/2012\\\/03\\\/01\\\/itu-tem-pedalada-das-meninas\\\/#respond\"]}]},{\"@type\":\"WebPage\",\"@id\":\"https:\\\/\\\/revistaregional.com.br\\\/site\\\/2012\\\/03\\\/01\\\/itu-tem-pedalada-das-meninas\\\/\",\"url\":\"https:\\\/\\\/revistaregional.com.br\\\/site\\\/2012\\\/03\\\/01\\\/itu-tem-pedalada-das-meninas\\\/\",\"name\":\"Itu tem 'Pedalada das Meninas' - Revista Regional\",\"isPartOf\":{\"@id\":\"https:\\\/\\\/revistaregional.com.br\\\/site\\\/#website\"},\"primaryImageOfPage\":{\"@id\":\"https:\\\/\\\/revistaregional.com.br\\\/site\\\/2012\\\/03\\\/01\\\/itu-tem-pedalada-das-meninas\\\/#primaryimage\"},\"image\":{\"@id\":\"https:\\\/\\\/revistaregional.com.br\\\/site\\\/2012\\\/03\\\/01\\\/itu-tem-pedalada-das-meninas\\\/#primaryimage\"},\"thumbnailUrl\":\"https:\\\/\\\/revistaregional.com.br\\\/site\\\/wp-content\\\/uploads\\\/2012\\\/03\\\/regionais-pedalada-das-meninas-foto-de-AlexTommesani-640x480.jpg\",\"datePublished\":\"2012-03-01T13:20:01+00:00\",\"dateModified\":\"2024-01-26T12:58:12+00:00\",\"author\":{\"@id\":\"https:\\\/\\\/revistaregional.com.br\\\/site\\\/#\\\/schema\\\/person\\\/382af97c580dc1b18f55107bc316010d\"},\"breadcrumb\":{\"@id\":\"https:\\\/\\\/revistaregional.com.br\\\/site\\\/2012\\\/03\\\/01\\\/itu-tem-pedalada-das-meninas\\\/#breadcrumb\"},\"inLanguage\":\"pt-BR\",\"potentialAction\":[{\"@type\":\"ReadAction\",\"target\":[\"https:\\\/\\\/revistaregional.com.br\\\/site\\\/2012\\\/03\\\/01\\\/itu-tem-pedalada-das-meninas\\\/\"]}]},{\"@type\":\"ImageObject\",\"inLanguage\":\"pt-BR\",\"@id\":\"https:\\\/\\\/revistaregional.com.br\\\/site\\\/2012\\\/03\\\/01\\\/itu-tem-pedalada-das-meninas\\\/#primaryimage\",\"url\":\"https:\\\/\\\/revistaregional.com.br\\\/site\\\/wp-content\\\/uploads\\\/2012\\\/03\\\/regionais-pedalada-das-meninas-foto-de-AlexTommesani-640x480.jpg\",\"contentUrl\":\"https:\\\/\\\/revistaregional.com.br\\\/site\\\/wp-content\\\/uploads\\\/2012\\\/03\\\/regionais-pedalada-das-meninas-foto-de-AlexTommesani-640x480.jpg\",\"width\":\"640\",\"height\":\"426\",\"caption\":\"Evento comemora Dia Internacional da Mulher\"},{\"@type\":\"BreadcrumbList\",\"@id\":\"https:\\\/\\\/revistaregional.com.br\\\/site\\\/2012\\\/03\\\/01\\\/itu-tem-pedalada-das-meninas\\\/#breadcrumb\",\"itemListElement\":[{\"@type\":\"ListItem\",\"position\":1,\"name\":\"In\u00edcio\",\"item\":\"https:\\\/\\\/revistaregional.com.br\\\/site\\\/\"},{\"@type\":\"ListItem\",\"position\":2,\"name\":\"Itu tem &#8216;Pedalada das Meninas&#8217;\"}]},{\"@type\":\"WebSite\",\"@id\":\"https:\\\/\\\/revistaregional.com.br\\\/site\\\/#website\",\"url\":\"https:\\\/\\\/revistaregional.com.br\\\/site\\\/\",\"name\":\"Revista Regional\",\"description\":\"Salto - Itu - Indaituba\",\"potentialAction\":[{\"@type\":\"SearchAction\",\"target\":{\"@type\":\"EntryPoint\",\"urlTemplate\":\"https:\\\/\\\/revistaregional.com.br\\\/site\\\/?s={search_term_string}\"},\"query-input\":{\"@type\":\"PropertyValueSpecification\",\"valueRequired\":true,\"valueName\":\"search_term_string\"}}],\"inLanguage\":\"pt-BR\"},{\"@type\":\"Person\",\"@id\":\"https:\\\/\\\/revistaregional.com.br\\\/site\\\/#\\\/schema\\\/person\\\/382af97c580dc1b18f55107bc316010d\",\"name\":\"contato@revistaregional.com.br\",\"image\":{\"@type\":\"ImageObject\",\"inLanguage\":\"pt-BR\",\"@id\":\"https:\\\/\\\/secure.gravatar.com\\\/avatar\\\/869822917e96b2e292d5827e4635855396934485e7c4a0af84e9a214e32ca0cd?s=96&d=mm&r=g\",\"url\":\"https:\\\/\\\/secure.gravatar.com\\\/avatar\\\/869822917e96b2e292d5827e4635855396934485e7c4a0af84e9a214e32ca0cd?s=96&d=mm&r=g\",\"contentUrl\":\"https:\\\/\\\/secure.gravatar.com\\\/avatar\\\/869822917e96b2e292d5827e4635855396934485e7c4a0af84e9a214e32ca0cd?s=96&d=mm&r=g\",\"caption\":\"contato@revistaregional.com.br\"},\"url\":\"https:\\\/\\\/revistaregional.com.br\\\/site\\\/author\\\/contato@revistaregional.com.br\\\/\"}]}<\/script>\n<!-- \/ Yoast SEO plugin. -->","yoast_head_json":{"title":"Itu tem 'Pedalada das Meninas' - Revista Regional","robots":{"index":"index","follow":"follow","max-snippet":"max-snippet:-1","max-image-preview":"max-image-preview:large","max-video-preview":"max-video-preview:-1"},"canonical":"https:\/\/revistaregional.com.br\/site\/2012\/03\/01\/itu-tem-pedalada-das-meninas\/","og_locale":"pt_BR","og_type":"article","og_title":"Itu tem 'Pedalada das Meninas' - Revista Regional","og_description":"Idealizado para celebrar o Dia Internacional da Mulher, a Pedalada das Meninas \u00e9 um projeto de cunho esportivo com o objetivo de promover sa\u00fade e qualidade de vida por meio da pr\u00e1tica do mountain bike. Al\u00e9m de motivar mulheres a pedalar, o evento estimula seus acompanhantes (namorados, maridos, amigos) a participar dessa experi\u00eancia. O projeto, [&hellip;]","og_url":"https:\/\/revistaregional.com.br\/site\/2012\/03\/01\/itu-tem-pedalada-das-meninas\/","og_site_name":"Revista Regional","article_published_time":"2012-03-01T13:20:01+00:00","article_modified_time":"2024-01-26T12:58:12+00:00","og_image":[{"width":640,"height":426,"url":"https:\/\/revistaregional.com.br\/site\/wp-content\/uploads\/2012\/03\/regionais-pedalada-das-meninas-foto-de-AlexTommesani-640x480.jpg","type":"image\/jpeg"}],"author":"contato@revistaregional.com.br","twitter_card":"summary_large_image","twitter_misc":{"Escrito por":"contato@revistaregional.com.br","Est. tempo de leitura":"1 minuto"},"schema":{"@context":"https:\/\/schema.org","@graph":[{"@type":"Article","@id":"https:\/\/revistaregional.com.br\/site\/2012\/03\/01\/itu-tem-pedalada-das-meninas\/#article","isPartOf":{"@id":"https:\/\/revistaregional.com.br\/site\/2012\/03\/01\/itu-tem-pedalada-das-meninas\/"},"author":{"name":"contato@revistaregional.com.br","@id":"https:\/\/revistaregional.com.br\/site\/#\/schema\/person\/382af97c580dc1b18f55107bc316010d"},"headline":"Itu tem &#8216;Pedalada das Meninas&#8217;","datePublished":"2012-03-01T13:20:01+00:00","dateModified":"2024-01-26T12:58:12+00:00","mainEntityOfPage":{"@id":"https:\/\/revistaregional.com.br\/site\/2012\/03\/01\/itu-tem-pedalada-das-meninas\/"},"wordCount":265,"commentCount":0,"image":{"@id":"https:\/\/revistaregional.com.br\/site\/2012\/03\/01\/itu-tem-pedalada-das-meninas\/#primaryimage"},"thumbnailUrl":"https:\/\/revistaregional.com.br\/site\/wp-content\/uploads\/2012\/03\/regionais-pedalada-das-meninas-foto-de-AlexTommesani-640x480.jpg","keywords":["Regionais"],"articleSection":["Regionais"],"inLanguage":"pt-BR","potentialAction":[{"@type":"CommentAction","name":"Comment","target":["https:\/\/revistaregional.com.br\/site\/2012\/03\/01\/itu-tem-pedalada-das-meninas\/#respond"]}]},{"@type":"WebPage","@id":"https:\/\/revistaregional.com.br\/site\/2012\/03\/01\/itu-tem-pedalada-das-meninas\/","url":"https:\/\/revistaregional.com.br\/site\/2012\/03\/01\/itu-tem-pedalada-das-meninas\/","name":"Itu tem 'Pedalada das Meninas' - Revista Regional","isPartOf":{"@id":"https:\/\/revistaregional.com.br\/site\/#website"},"primaryImageOfPage":{"@id":"https:\/\/revistaregional.com.br\/site\/2012\/03\/01\/itu-tem-pedalada-das-meninas\/#primaryimage"},"image":{"@id":"https:\/\/revistaregional.com.br\/site\/2012\/03\/01\/itu-tem-pedalada-das-meninas\/#primaryimage"},"thumbnailUrl":"https:\/\/revistaregional.com.br\/site\/wp-content\/uploads\/2012\/03\/regionais-pedalada-das-meninas-foto-de-AlexTommesani-640x480.jpg","datePublished":"2012-03-01T13:20:01+00:00","dateModified":"2024-01-26T12:58:12+00:00","author":{"@id":"https:\/\/revistaregional.com.br\/site\/#\/schema\/person\/382af97c580dc1b18f55107bc316010d"},"breadcrumb":{"@id":"https:\/\/revistaregional.com.br\/site\/2012\/03\/01\/itu-tem-pedalada-das-meninas\/#breadcrumb"},"inLanguage":"pt-BR","potentialAction":[{"@type":"ReadAction","target":["https:\/\/revistaregional.com.br\/site\/2012\/03\/01\/itu-tem-pedalada-das-meninas\/"]}]},{"@type":"ImageObject","inLanguage":"pt-BR","@id":"https:\/\/revistaregional.com.br\/site\/2012\/03\/01\/itu-tem-pedalada-das-meninas\/#primaryimage","url":"https:\/\/revistaregional.com.br\/site\/wp-content\/uploads\/2012\/03\/regionais-pedalada-das-meninas-foto-de-AlexTommesani-640x480.jpg","contentUrl":"https:\/\/revistaregional.com.br\/site\/wp-content\/uploads\/2012\/03\/regionais-pedalada-das-meninas-foto-de-AlexTommesani-640x480.jpg","width":"640","height":"426","caption":"Evento comemora Dia Internacional da Mulher"},{"@type":"BreadcrumbList","@id":"https:\/\/revistaregional.com.br\/site\/2012\/03\/01\/itu-tem-pedalada-das-meninas\/#breadcrumb","itemListElement":[{"@type":"ListItem","position":1,"name":"In\u00edcio","item":"https:\/\/revistaregional.com.br\/site\/"},{"@type":"ListItem","position":2,"name":"Itu tem &#8216;Pedalada das Meninas&#8217;"}]},{"@type":"WebSite","@id":"https:\/\/revistaregional.com.br\/site\/#website","url":"https:\/\/revistaregional.com.br\/site\/","name":"Revista Regional","description":"Salto - Itu - Indaituba","potentialAction":[{"@type":"SearchAction","target":{"@type":"EntryPoint","urlTemplate":"https:\/\/revistaregional.com.br\/site\/?s={search_term_string}"},"query-input":{"@type":"PropertyValueSpecification","valueRequired":true,"valueName":"search_term_string"}}],"inLanguage":"pt-BR"},{"@type":"Person","@id":"https:\/\/revistaregional.com.br\/site\/#\/schema\/person\/382af97c580dc1b18f55107bc316010d","name":"contato@revistaregional.com.br","image":{"@type":"ImageObject","inLanguage":"pt-BR","@id":"https:\/\/secure.gravatar.com\/avatar\/869822917e96b2e292d5827e4635855396934485e7c4a0af84e9a214e32ca0cd?s=96&d=mm&r=g","url":"https:\/\/secure.gravatar.com\/avatar\/869822917e96b2e292d5827e4635855396934485e7c4a0af84e9a214e32ca0cd?s=96&d=mm&r=g","contentUrl":"https:\/\/secure.gravatar.com\/avatar\/869822917e96b2e292d5827e4635855396934485e7c4a0af84e9a214e32ca0cd?s=96&d=mm&r=g","caption":"contato@revistaregional.com.br"},"url":"https:\/\/revistaregional.com.br\/site\/author\/contato@revistaregional.com.br\/"}]}},"views":130,"_links":{"self":[{"href":"https:\/\/revistaregional.com.br\/site\/wp-json\/wp\/v2\/posts\/2253","targetHints":{"allow":["GET"]}}],"collection":[{"href":"https:\/\/revistaregional.com.br\/site\/wp-json\/wp\/v2\/posts"}],"about":[{"href":"https:\/\/revistaregional.com.br\/site\/wp-json\/wp\/v2\/types\/post"}],"author":[{"embeddable":true,"href":"https:\/\/revistaregional.com.br\/site\/wp-json\/wp\/v2\/users\/1"}],"replies":[{"embeddable":true,"href":"https:\/\/revistaregional.com.br\/site\/wp-json\/wp\/v2\/comments?post=2253"}],"version-history":[{"count":4,"href":"https:\/\/revistaregional.com.br\/site\/wp-json\/wp\/v2\/posts\/2253\/revisions"}],"predecessor-version":[{"id":2258,"href":"https:\/\/revistaregional.com.br\/site\/wp-json\/wp\/v2\/posts\/2253\/revisions\/2258"}],"wp:featuredmedia":[{"embeddable":true,"href":"https:\/\/revistaregional.com.br\/site\/wp-json\/wp\/v2\/media\/2254"}],"wp:attachment":[{"href":"https:\/\/revistaregional.com.br\/site\/wp-json\/wp\/v2\/media?parent=2253"}],"wp:term":[{"taxonomy":"category","embeddable":true,"href":"https:\/\/revistaregional.com.br\/site\/wp-json\/wp\/v2\/categories?post=2253"},{"taxonomy":"post_tag","embeddable":true,"href":"https:\/\/revistaregional.com.br\/site\/wp-json\/wp\/v2\/tags?post=2253"}],"curies":[{"name":"wp","href":"https:\/\/api.w.org\/{rel}","templated":true}]}}