{"id":18947,"date":"2019-04-12T14:15:57","date_gmt":"2019-04-12T14:15:57","guid":{"rendered":"https:\/\/revistaregional.com.br\/site\/?p=18947"},"modified":"2024-01-26T11:01:15","modified_gmt":"2024-01-26T14:01:15","slug":"banda-sinfonica-de-sp-no-teatro-de-salto","status":"publish","type":"post","link":"https:\/\/revistaregional.com.br\/site\/2019\/04\/12\/banda-sinfonica-de-sp-no-teatro-de-salto\/","title":{"rendered":"Banda Sinf\u00f4nica de SP no teatro de Salto"},"content":{"rendered":"<figure id=\"attachment_18948\" aria-describedby=\"caption-attachment-18948\" style=\"width: 394px\" class=\"wp-caption alignright\"><a href=\"https:\/\/revistaregional.com.br\/site\/wp-content\/uploads\/2019\/04\/site-cultura-salto.jpg\"><img fetchpriority=\"high\" decoding=\"async\" class=\"wp-image-18948\" src=\"https:\/\/revistaregional.com.br\/site\/wp-content\/uploads\/2019\/04\/site-cultura-salto.jpg\" alt=\"\" width=\"394\" height=\"263\" data-id=\"18948\" srcset=\"https:\/\/revistaregional.com.br\/site\/wp-content\/uploads\/2019\/04\/site-cultura-salto.jpg 1000w, https:\/\/revistaregional.com.br\/site\/wp-content\/uploads\/2019\/04\/site-cultura-salto-300x200.jpg 300w, https:\/\/revistaregional.com.br\/site\/wp-content\/uploads\/2019\/04\/site-cultura-salto-150x100.jpg 150w, https:\/\/revistaregional.com.br\/site\/wp-content\/uploads\/2019\/04\/site-cultura-salto-272x182.jpg 272w\" sizes=\"(max-width: 394px) 100vw, 394px\" \/><\/a><figcaption id=\"caption-attachment-18948\" class=\"wp-caption-text\">Banda Sinf\u00f4nica Jovem do Estado de S\u00e3o Paulo \u00e9 atra\u00e7\u00e3o do dia 20 em Salto<\/figcaption><\/figure>\n<p>Evento ser\u00e1 no pr\u00f3ximo dia 20; saiba como assistir ao espet\u00e1culo<\/p>\n<p>Dia 20 de abril, s\u00e1bado, \u00e0s 20h, a Sala Palma de Ouro, em Salto, recebe o concerto da Banda Sinf\u00f4nica Jovem do Estado de S\u00e3o Paulo, com reg\u00eancia de M\u00f4nica Giardini.<\/p>\n<p>Com 25 anos de atividades, a Banda Sinf\u00f4nica Jovem do Estado de S\u00e3o Paulo equilibra<\/p>\n<p>em seus programas o repert\u00f3rio tradicional de banda sinf\u00f4nica com arranjos de pe\u00e7as eruditas, composi\u00e7\u00f5es populares e concertos tem\u00e1ticos. Com uma proposta que proporciona viv\u00eancia pedag\u00f3gica e pr\u00e1tica art\u00edstica vers\u00e1til aos bolsistas, a Banda os prepara para a rotina profissional, por meio de ensaios intensivos e concertos de grande apelo popular.<\/p>\n<p>A entrada para a apresenta\u00e7\u00e3o em Salto \u00e9 gratuita, mas com n\u00famero limitados de cadeiras, por isso a retirada de ingressos pode ser feita uma hora antes do evento, na bilheteria do teatro, na rua Prudente de Moraes, 580, Centro de Salto.<\/p>\n<p>Foto: Divulga\u00e7\u00e3o<\/p>\n","protected":false},"excerpt":{"rendered":"<p>Evento ser\u00e1 no pr\u00f3ximo dia 20; saiba como assistir ao espet\u00e1culo Dia 20 de abril, s\u00e1bado, \u00e0s 20h, a Sala Palma de Ouro, em Salto, recebe o concerto da Banda Sinf\u00f4nica Jovem do Estado de S\u00e3o Paulo, com reg\u00eancia de M\u00f4nica Giardini. Com 25 anos de atividades, a Banda Sinf\u00f4nica Jovem do Estado de S\u00e3o [&hellip;]<\/p>\n","protected":false},"author":1,"featured_media":18948,"comment_status":"closed","ping_status":"closed","sticky":false,"template":"","format":"standard","meta":{"_acf_changed":false,"ngg_post_thumbnail":0,"_joinchat":[],"footnotes":""},"categories":[4],"tags":[533],"class_list":["post-18947","post","type-post","status-publish","format-standard","has-post-thumbnail","hentry","category-cultura","tag-cultura"],"acf":[],"yoast_head":"<!-- This site is optimized with the Yoast SEO plugin v27.4 - https:\/\/yoast.com\/product\/yoast-seo-wordpress\/ -->\n<title>Banda Sinf\u00f4nica de SP no teatro de Salto - Revista Regional<\/title>\n<meta name=\"robots\" content=\"index, follow, max-snippet:-1, max-image-preview:large, max-video-preview:-1\" \/>\n<link rel=\"canonical\" href=\"https:\/\/revistaregional.com.br\/site\/2019\/04\/12\/banda-sinfonica-de-sp-no-teatro-de-salto\/\" \/>\n<meta property=\"og:locale\" content=\"pt_BR\" \/>\n<meta property=\"og:type\" content=\"article\" \/>\n<meta property=\"og:title\" content=\"Banda Sinf\u00f4nica de SP no teatro de Salto - Revista Regional\" \/>\n<meta property=\"og:description\" content=\"Evento ser\u00e1 no pr\u00f3ximo dia 20; saiba como assistir ao espet\u00e1culo Dia 20 de abril, s\u00e1bado, \u00e0s 20h, a Sala Palma de Ouro, em Salto, recebe o concerto da Banda Sinf\u00f4nica Jovem do Estado de S\u00e3o Paulo, com reg\u00eancia de M\u00f4nica Giardini. Com 25 anos de atividades, a Banda Sinf\u00f4nica Jovem do Estado de S\u00e3o [&hellip;]\" \/>\n<meta property=\"og:url\" content=\"https:\/\/revistaregional.com.br\/site\/2019\/04\/12\/banda-sinfonica-de-sp-no-teatro-de-salto\/\" \/>\n<meta property=\"og:site_name\" content=\"Revista Regional\" \/>\n<meta property=\"article:published_time\" content=\"2019-04-12T14:15:57+00:00\" \/>\n<meta property=\"article:modified_time\" content=\"2024-01-26T14:01:15+00:00\" \/>\n<meta property=\"og:image\" content=\"https:\/\/revistaregional.com.br\/site\/wp-content\/uploads\/2019\/04\/site-cultura-salto.jpg\" \/>\n\t<meta property=\"og:image:width\" content=\"1000\" \/>\n\t<meta property=\"og:image:height\" content=\"667\" \/>\n\t<meta property=\"og:image:type\" content=\"image\/jpeg\" \/>\n<meta name=\"author\" content=\"contato@revistaregional.com.br\" \/>\n<meta name=\"twitter:card\" content=\"summary_large_image\" \/>\n<meta name=\"twitter:label1\" content=\"Escrito por\" \/>\n\t<meta name=\"twitter:data1\" content=\"contato@revistaregional.com.br\" \/>\n\t<meta name=\"twitter:label2\" content=\"Est. tempo de leitura\" \/>\n\t<meta name=\"twitter:data2\" content=\"1 minuto\" \/>\n<script type=\"application\/ld+json\" class=\"yoast-schema-graph\">{\"@context\":\"https:\\\/\\\/schema.org\",\"@graph\":[{\"@type\":\"Article\",\"@id\":\"https:\\\/\\\/revistaregional.com.br\\\/site\\\/2019\\\/04\\\/12\\\/banda-sinfonica-de-sp-no-teatro-de-salto\\\/#article\",\"isPartOf\":{\"@id\":\"https:\\\/\\\/revistaregional.com.br\\\/site\\\/2019\\\/04\\\/12\\\/banda-sinfonica-de-sp-no-teatro-de-salto\\\/\"},\"author\":{\"name\":\"contato@revistaregional.com.br\",\"@id\":\"https:\\\/\\\/revistaregional.com.br\\\/site\\\/#\\\/schema\\\/person\\\/382af97c580dc1b18f55107bc316010d\"},\"headline\":\"Banda Sinf\u00f4nica de SP no teatro de Salto\",\"datePublished\":\"2019-04-12T14:15:57+00:00\",\"dateModified\":\"2024-01-26T14:01:15+00:00\",\"mainEntityOfPage\":{\"@id\":\"https:\\\/\\\/revistaregional.com.br\\\/site\\\/2019\\\/04\\\/12\\\/banda-sinfonica-de-sp-no-teatro-de-salto\\\/\"},\"wordCount\":201,\"image\":{\"@id\":\"https:\\\/\\\/revistaregional.com.br\\\/site\\\/2019\\\/04\\\/12\\\/banda-sinfonica-de-sp-no-teatro-de-salto\\\/#primaryimage\"},\"thumbnailUrl\":\"https:\\\/\\\/revistaregional.com.br\\\/site\\\/wp-content\\\/uploads\\\/2019\\\/04\\\/site-cultura-salto.jpg\",\"keywords\":[\"Cultura\"],\"articleSection\":[\"Cultura\"],\"inLanguage\":\"pt-BR\"},{\"@type\":\"WebPage\",\"@id\":\"https:\\\/\\\/revistaregional.com.br\\\/site\\\/2019\\\/04\\\/12\\\/banda-sinfonica-de-sp-no-teatro-de-salto\\\/\",\"url\":\"https:\\\/\\\/revistaregional.com.br\\\/site\\\/2019\\\/04\\\/12\\\/banda-sinfonica-de-sp-no-teatro-de-salto\\\/\",\"name\":\"Banda Sinf\u00f4nica de SP no teatro de Salto - Revista Regional\",\"isPartOf\":{\"@id\":\"https:\\\/\\\/revistaregional.com.br\\\/site\\\/#website\"},\"primaryImageOfPage\":{\"@id\":\"https:\\\/\\\/revistaregional.com.br\\\/site\\\/2019\\\/04\\\/12\\\/banda-sinfonica-de-sp-no-teatro-de-salto\\\/#primaryimage\"},\"image\":{\"@id\":\"https:\\\/\\\/revistaregional.com.br\\\/site\\\/2019\\\/04\\\/12\\\/banda-sinfonica-de-sp-no-teatro-de-salto\\\/#primaryimage\"},\"thumbnailUrl\":\"https:\\\/\\\/revistaregional.com.br\\\/site\\\/wp-content\\\/uploads\\\/2019\\\/04\\\/site-cultura-salto.jpg\",\"datePublished\":\"2019-04-12T14:15:57+00:00\",\"dateModified\":\"2024-01-26T14:01:15+00:00\",\"author\":{\"@id\":\"https:\\\/\\\/revistaregional.com.br\\\/site\\\/#\\\/schema\\\/person\\\/382af97c580dc1b18f55107bc316010d\"},\"breadcrumb\":{\"@id\":\"https:\\\/\\\/revistaregional.com.br\\\/site\\\/2019\\\/04\\\/12\\\/banda-sinfonica-de-sp-no-teatro-de-salto\\\/#breadcrumb\"},\"inLanguage\":\"pt-BR\",\"potentialAction\":[{\"@type\":\"ReadAction\",\"target\":[\"https:\\\/\\\/revistaregional.com.br\\\/site\\\/2019\\\/04\\\/12\\\/banda-sinfonica-de-sp-no-teatro-de-salto\\\/\"]}]},{\"@type\":\"ImageObject\",\"inLanguage\":\"pt-BR\",\"@id\":\"https:\\\/\\\/revistaregional.com.br\\\/site\\\/2019\\\/04\\\/12\\\/banda-sinfonica-de-sp-no-teatro-de-salto\\\/#primaryimage\",\"url\":\"https:\\\/\\\/revistaregional.com.br\\\/site\\\/wp-content\\\/uploads\\\/2019\\\/04\\\/site-cultura-salto.jpg\",\"contentUrl\":\"https:\\\/\\\/revistaregional.com.br\\\/site\\\/wp-content\\\/uploads\\\/2019\\\/04\\\/site-cultura-salto.jpg\",\"width\":1000,\"height\":667},{\"@type\":\"BreadcrumbList\",\"@id\":\"https:\\\/\\\/revistaregional.com.br\\\/site\\\/2019\\\/04\\\/12\\\/banda-sinfonica-de-sp-no-teatro-de-salto\\\/#breadcrumb\",\"itemListElement\":[{\"@type\":\"ListItem\",\"position\":1,\"name\":\"In\u00edcio\",\"item\":\"https:\\\/\\\/revistaregional.com.br\\\/site\\\/\"},{\"@type\":\"ListItem\",\"position\":2,\"name\":\"Banda Sinf\u00f4nica de SP no teatro de Salto\"}]},{\"@type\":\"WebSite\",\"@id\":\"https:\\\/\\\/revistaregional.com.br\\\/site\\\/#website\",\"url\":\"https:\\\/\\\/revistaregional.com.br\\\/site\\\/\",\"name\":\"Revista Regional\",\"description\":\"Salto - Itu - Indaituba\",\"potentialAction\":[{\"@type\":\"SearchAction\",\"target\":{\"@type\":\"EntryPoint\",\"urlTemplate\":\"https:\\\/\\\/revistaregional.com.br\\\/site\\\/?s={search_term_string}\"},\"query-input\":{\"@type\":\"PropertyValueSpecification\",\"valueRequired\":true,\"valueName\":\"search_term_string\"}}],\"inLanguage\":\"pt-BR\"},{\"@type\":\"Person\",\"@id\":\"https:\\\/\\\/revistaregional.com.br\\\/site\\\/#\\\/schema\\\/person\\\/382af97c580dc1b18f55107bc316010d\",\"name\":\"contato@revistaregional.com.br\",\"image\":{\"@type\":\"ImageObject\",\"inLanguage\":\"pt-BR\",\"@id\":\"https:\\\/\\\/secure.gravatar.com\\\/avatar\\\/869822917e96b2e292d5827e4635855396934485e7c4a0af84e9a214e32ca0cd?s=96&d=mm&r=g\",\"url\":\"https:\\\/\\\/secure.gravatar.com\\\/avatar\\\/869822917e96b2e292d5827e4635855396934485e7c4a0af84e9a214e32ca0cd?s=96&d=mm&r=g\",\"contentUrl\":\"https:\\\/\\\/secure.gravatar.com\\\/avatar\\\/869822917e96b2e292d5827e4635855396934485e7c4a0af84e9a214e32ca0cd?s=96&d=mm&r=g\",\"caption\":\"contato@revistaregional.com.br\"},\"url\":\"https:\\\/\\\/revistaregional.com.br\\\/site\\\/author\\\/contato@revistaregional.com.br\\\/\"}]}<\/script>\n<!-- \/ Yoast SEO plugin. -->","yoast_head_json":{"title":"Banda Sinf\u00f4nica de SP no teatro de Salto - Revista Regional","robots":{"index":"index","follow":"follow","max-snippet":"max-snippet:-1","max-image-preview":"max-image-preview:large","max-video-preview":"max-video-preview:-1"},"canonical":"https:\/\/revistaregional.com.br\/site\/2019\/04\/12\/banda-sinfonica-de-sp-no-teatro-de-salto\/","og_locale":"pt_BR","og_type":"article","og_title":"Banda Sinf\u00f4nica de SP no teatro de Salto - Revista Regional","og_description":"Evento ser\u00e1 no pr\u00f3ximo dia 20; saiba como assistir ao espet\u00e1culo Dia 20 de abril, s\u00e1bado, \u00e0s 20h, a Sala Palma de Ouro, em Salto, recebe o concerto da Banda Sinf\u00f4nica Jovem do Estado de S\u00e3o Paulo, com reg\u00eancia de M\u00f4nica Giardini. Com 25 anos de atividades, a Banda Sinf\u00f4nica Jovem do Estado de S\u00e3o [&hellip;]","og_url":"https:\/\/revistaregional.com.br\/site\/2019\/04\/12\/banda-sinfonica-de-sp-no-teatro-de-salto\/","og_site_name":"Revista Regional","article_published_time":"2019-04-12T14:15:57+00:00","article_modified_time":"2024-01-26T14:01:15+00:00","og_image":[{"width":1000,"height":667,"url":"https:\/\/revistaregional.com.br\/site\/wp-content\/uploads\/2019\/04\/site-cultura-salto.jpg","type":"image\/jpeg"}],"author":"contato@revistaregional.com.br","twitter_card":"summary_large_image","twitter_misc":{"Escrito por":"contato@revistaregional.com.br","Est. tempo de leitura":"1 minuto"},"schema":{"@context":"https:\/\/schema.org","@graph":[{"@type":"Article","@id":"https:\/\/revistaregional.com.br\/site\/2019\/04\/12\/banda-sinfonica-de-sp-no-teatro-de-salto\/#article","isPartOf":{"@id":"https:\/\/revistaregional.com.br\/site\/2019\/04\/12\/banda-sinfonica-de-sp-no-teatro-de-salto\/"},"author":{"name":"contato@revistaregional.com.br","@id":"https:\/\/revistaregional.com.br\/site\/#\/schema\/person\/382af97c580dc1b18f55107bc316010d"},"headline":"Banda Sinf\u00f4nica de SP no teatro de Salto","datePublished":"2019-04-12T14:15:57+00:00","dateModified":"2024-01-26T14:01:15+00:00","mainEntityOfPage":{"@id":"https:\/\/revistaregional.com.br\/site\/2019\/04\/12\/banda-sinfonica-de-sp-no-teatro-de-salto\/"},"wordCount":201,"image":{"@id":"https:\/\/revistaregional.com.br\/site\/2019\/04\/12\/banda-sinfonica-de-sp-no-teatro-de-salto\/#primaryimage"},"thumbnailUrl":"https:\/\/revistaregional.com.br\/site\/wp-content\/uploads\/2019\/04\/site-cultura-salto.jpg","keywords":["Cultura"],"articleSection":["Cultura"],"inLanguage":"pt-BR"},{"@type":"WebPage","@id":"https:\/\/revistaregional.com.br\/site\/2019\/04\/12\/banda-sinfonica-de-sp-no-teatro-de-salto\/","url":"https:\/\/revistaregional.com.br\/site\/2019\/04\/12\/banda-sinfonica-de-sp-no-teatro-de-salto\/","name":"Banda Sinf\u00f4nica de SP no teatro de Salto - Revista Regional","isPartOf":{"@id":"https:\/\/revistaregional.com.br\/site\/#website"},"primaryImageOfPage":{"@id":"https:\/\/revistaregional.com.br\/site\/2019\/04\/12\/banda-sinfonica-de-sp-no-teatro-de-salto\/#primaryimage"},"image":{"@id":"https:\/\/revistaregional.com.br\/site\/2019\/04\/12\/banda-sinfonica-de-sp-no-teatro-de-salto\/#primaryimage"},"thumbnailUrl":"https:\/\/revistaregional.com.br\/site\/wp-content\/uploads\/2019\/04\/site-cultura-salto.jpg","datePublished":"2019-04-12T14:15:57+00:00","dateModified":"2024-01-26T14:01:15+00:00","author":{"@id":"https:\/\/revistaregional.com.br\/site\/#\/schema\/person\/382af97c580dc1b18f55107bc316010d"},"breadcrumb":{"@id":"https:\/\/revistaregional.com.br\/site\/2019\/04\/12\/banda-sinfonica-de-sp-no-teatro-de-salto\/#breadcrumb"},"inLanguage":"pt-BR","potentialAction":[{"@type":"ReadAction","target":["https:\/\/revistaregional.com.br\/site\/2019\/04\/12\/banda-sinfonica-de-sp-no-teatro-de-salto\/"]}]},{"@type":"ImageObject","inLanguage":"pt-BR","@id":"https:\/\/revistaregional.com.br\/site\/2019\/04\/12\/banda-sinfonica-de-sp-no-teatro-de-salto\/#primaryimage","url":"https:\/\/revistaregional.com.br\/site\/wp-content\/uploads\/2019\/04\/site-cultura-salto.jpg","contentUrl":"https:\/\/revistaregional.com.br\/site\/wp-content\/uploads\/2019\/04\/site-cultura-salto.jpg","width":1000,"height":667},{"@type":"BreadcrumbList","@id":"https:\/\/revistaregional.com.br\/site\/2019\/04\/12\/banda-sinfonica-de-sp-no-teatro-de-salto\/#breadcrumb","itemListElement":[{"@type":"ListItem","position":1,"name":"In\u00edcio","item":"https:\/\/revistaregional.com.br\/site\/"},{"@type":"ListItem","position":2,"name":"Banda Sinf\u00f4nica de SP no teatro de Salto"}]},{"@type":"WebSite","@id":"https:\/\/revistaregional.com.br\/site\/#website","url":"https:\/\/revistaregional.com.br\/site\/","name":"Revista Regional","description":"Salto - Itu - Indaituba","potentialAction":[{"@type":"SearchAction","target":{"@type":"EntryPoint","urlTemplate":"https:\/\/revistaregional.com.br\/site\/?s={search_term_string}"},"query-input":{"@type":"PropertyValueSpecification","valueRequired":true,"valueName":"search_term_string"}}],"inLanguage":"pt-BR"},{"@type":"Person","@id":"https:\/\/revistaregional.com.br\/site\/#\/schema\/person\/382af97c580dc1b18f55107bc316010d","name":"contato@revistaregional.com.br","image":{"@type":"ImageObject","inLanguage":"pt-BR","@id":"https:\/\/secure.gravatar.com\/avatar\/869822917e96b2e292d5827e4635855396934485e7c4a0af84e9a214e32ca0cd?s=96&d=mm&r=g","url":"https:\/\/secure.gravatar.com\/avatar\/869822917e96b2e292d5827e4635855396934485e7c4a0af84e9a214e32ca0cd?s=96&d=mm&r=g","contentUrl":"https:\/\/secure.gravatar.com\/avatar\/869822917e96b2e292d5827e4635855396934485e7c4a0af84e9a214e32ca0cd?s=96&d=mm&r=g","caption":"contato@revistaregional.com.br"},"url":"https:\/\/revistaregional.com.br\/site\/author\/contato@revistaregional.com.br\/"}]}},"views":90,"_links":{"self":[{"href":"https:\/\/revistaregional.com.br\/site\/wp-json\/wp\/v2\/posts\/18947","targetHints":{"allow":["GET"]}}],"collection":[{"href":"https:\/\/revistaregional.com.br\/site\/wp-json\/wp\/v2\/posts"}],"about":[{"href":"https:\/\/revistaregional.com.br\/site\/wp-json\/wp\/v2\/types\/post"}],"author":[{"embeddable":true,"href":"https:\/\/revistaregional.com.br\/site\/wp-json\/wp\/v2\/users\/1"}],"replies":[{"embeddable":true,"href":"https:\/\/revistaregional.com.br\/site\/wp-json\/wp\/v2\/comments?post=18947"}],"version-history":[{"count":1,"href":"https:\/\/revistaregional.com.br\/site\/wp-json\/wp\/v2\/posts\/18947\/revisions"}],"predecessor-version":[{"id":18949,"href":"https:\/\/revistaregional.com.br\/site\/wp-json\/wp\/v2\/posts\/18947\/revisions\/18949"}],"wp:featuredmedia":[{"embeddable":true,"href":"https:\/\/revistaregional.com.br\/site\/wp-json\/wp\/v2\/media\/18948"}],"wp:attachment":[{"href":"https:\/\/revistaregional.com.br\/site\/wp-json\/wp\/v2\/media?parent=18947"}],"wp:term":[{"taxonomy":"category","embeddable":true,"href":"https:\/\/revistaregional.com.br\/site\/wp-json\/wp\/v2\/categories?post=18947"},{"taxonomy":"post_tag","embeddable":true,"href":"https:\/\/revistaregional.com.br\/site\/wp-json\/wp\/v2\/tags?post=18947"}],"curies":[{"name":"wp","href":"https:\/\/api.w.org\/{rel}","templated":true}]}}