{"id":18915,"date":"2019-04-01T14:34:17","date_gmt":"2019-04-01T14:34:17","guid":{"rendered":"https:\/\/revistaregional.com.br\/site\/?p=18915"},"modified":"2024-01-26T10:11:52","modified_gmt":"2024-01-26T13:11:52","slug":"maior-reservatorio-dos-ultimos-30-anos-e-inaugurado-em-itu","status":"publish","type":"post","link":"https:\/\/revistaregional.com.br\/site\/2019\/04\/01\/maior-reservatorio-dos-ultimos-30-anos-e-inaugurado-em-itu\/","title":{"rendered":"Maior reservat\u00f3rio dos \u00faltimos 30 anos \u00e9 inaugurado em Itu"},"content":{"rendered":"<p align=\"center\"><i>Com capacidade para tr\u00eas milh\u00f5es de litros&nbsp;de \u00e1gua, obra localizada na Esta\u00e7\u00e3o de Tratamento do Rancho Grande aumenta reserva\u00e7\u00e3o de \u00e1gua em quase 50%.<\/i><\/p>\n<figure id=\"attachment_18916\" aria-describedby=\"caption-attachment-18916\" style=\"width: 354px\" class=\"wp-caption alignright\"><a href=\"https:\/\/revistaregional.com.br\/site\/wp-content\/uploads\/2019\/04\/5523.jpg\"><img fetchpriority=\"high\" decoding=\"async\" class=\"wp-image-18916\" src=\"https:\/\/revistaregional.com.br\/site\/wp-content\/uploads\/2019\/04\/5523.jpg\" alt=\"\" width=\"354\" height=\"265\" data-id=\"18916\" srcset=\"https:\/\/revistaregional.com.br\/site\/wp-content\/uploads\/2019\/04\/5523.jpg 4608w, https:\/\/revistaregional.com.br\/site\/wp-content\/uploads\/2019\/04\/5523-300x225.jpg 300w, https:\/\/revistaregional.com.br\/site\/wp-content\/uploads\/2019\/04\/5523-1024x768.jpg 1024w, https:\/\/revistaregional.com.br\/site\/wp-content\/uploads\/2019\/04\/5523-150x113.jpg 150w\" sizes=\"(max-width: 354px) 100vw, 354px\" \/><\/a><figcaption id=\"caption-attachment-18916\" class=\"wp-caption-text\">Novo reservat\u00f3rio com capacidade para tr\u00eas milh\u00f5es de litros<\/figcaption><\/figure>\n<p>Para celebrar o Dia Mundial da \u00c1gua,&nbsp;em 22 de mar\u00e7o,&nbsp;a CIS &#8211; Companhia Ituana de Saneamento inaugurou um novo reservat\u00f3rio apoiado de \u00e1gua tratada. Com capacidade para armazenar tr\u00eas milh\u00f5es de litros, este \u00e9 o maior reservat\u00f3rio constru\u00eddo em Itu em mais de 30 anos.&nbsp; A conclus\u00e3o desta obra aumenta em quase 50% a capacidade de reserva\u00e7\u00e3o de \u00e1gua dentro da Esta\u00e7\u00e3o de Tratamento do Rancho Grande. Ou seja, a popula\u00e7\u00e3o ter\u00e1 mais regularidade no abastecimento durante per\u00edodos de maior consumo e a press\u00e3o da \u00e1gua deve melhorar em alguns pontos mais altos da cidade.<\/p>\n<p>&nbsp;\u201cConstru\u00edmos o maior reservat\u00f3rio de \u00e1gua dos \u00faltimos tempos, j\u00e1 com estrutura t\u00e9cnica para constru\u00e7\u00e3o de mais dois reservat\u00f3rios similares no futuro. A CIS seguir\u00e1 com os investimentos que j\u00e1 est\u00e3o mudando, de forma definitiva, a gest\u00e3o h\u00eddrica do munic\u00edpio\u201d, afirma o prefeito de Itu, Guilherme Gazzola.<\/p>\n<p>Vincent Menu, superintendente da CIS, destaca que em dois anos de investimentos a autarquia&nbsp; manteve um cronograma constante de obras e inaugura\u00e7\u00f5es que melhoraram de forma significativa a distribui\u00e7\u00e3o de \u00e1gua em toda a cidade.&nbsp; \u201cAmpliamos nossas capta\u00e7\u00f5es de \u00e1gua com o Sistema Momba\u00e7a e a ativa\u00e7\u00e3o de po\u00e7os. Melhoramos a distribui\u00e7\u00e3o com trocas de redes e estamos aumentando a nossa capacidade de reserva\u00e7\u00e3o. O trabalho continua, vamos dar andamento em projetos especiais para o Distrito do Pirapitingui e para a Vila Ianni\u201d, pontua. &nbsp;<\/p>\n","protected":false},"excerpt":{"rendered":"<p>Com capacidade para tr\u00eas milh\u00f5es de litros&nbsp;de \u00e1gua, obra localizada na Esta\u00e7\u00e3o de Tratamento do Rancho Grande aumenta reserva\u00e7\u00e3o de \u00e1gua em quase 50%. Para celebrar o Dia Mundial da \u00c1gua,&nbsp;em 22 de mar\u00e7o,&nbsp;a CIS &#8211; Companhia Ituana de Saneamento inaugurou um novo reservat\u00f3rio apoiado de \u00e1gua tratada. Com capacidade para armazenar tr\u00eas milh\u00f5es de [&hellip;]<\/p>\n","protected":false},"author":1,"featured_media":18916,"comment_status":"closed","ping_status":"closed","sticky":false,"template":"","format":"standard","meta":{"_acf_changed":false,"ngg_post_thumbnail":0,"_joinchat":[],"footnotes":""},"categories":[12],"tags":[527],"class_list":["post-18915","post","type-post","status-publish","format-standard","has-post-thumbnail","hentry","category-regionais","tag-regionais"],"acf":[],"yoast_head":"<!-- This site is optimized with the Yoast SEO plugin v27.4 - https:\/\/yoast.com\/product\/yoast-seo-wordpress\/ -->\n<title>Maior reservat\u00f3rio dos \u00faltimos 30 anos \u00e9 inaugurado em Itu - Revista Regional<\/title>\n<meta name=\"robots\" content=\"index, follow, max-snippet:-1, max-image-preview:large, max-video-preview:-1\" \/>\n<link rel=\"canonical\" href=\"https:\/\/revistaregional.com.br\/site\/2019\/04\/01\/maior-reservatorio-dos-ultimos-30-anos-e-inaugurado-em-itu\/\" \/>\n<meta property=\"og:locale\" content=\"pt_BR\" \/>\n<meta property=\"og:type\" content=\"article\" \/>\n<meta property=\"og:title\" content=\"Maior reservat\u00f3rio dos \u00faltimos 30 anos \u00e9 inaugurado em Itu - Revista Regional\" \/>\n<meta property=\"og:description\" content=\"Com capacidade para tr\u00eas milh\u00f5es de litros&nbsp;de \u00e1gua, obra localizada na Esta\u00e7\u00e3o de Tratamento do Rancho Grande aumenta reserva\u00e7\u00e3o de \u00e1gua em quase 50%. Para celebrar o Dia Mundial da \u00c1gua,&nbsp;em 22 de mar\u00e7o,&nbsp;a CIS &#8211; Companhia Ituana de Saneamento inaugurou um novo reservat\u00f3rio apoiado de \u00e1gua tratada. Com capacidade para armazenar tr\u00eas milh\u00f5es de [&hellip;]\" \/>\n<meta property=\"og:url\" content=\"https:\/\/revistaregional.com.br\/site\/2019\/04\/01\/maior-reservatorio-dos-ultimos-30-anos-e-inaugurado-em-itu\/\" \/>\n<meta property=\"og:site_name\" content=\"Revista Regional\" \/>\n<meta property=\"article:published_time\" content=\"2019-04-01T14:34:17+00:00\" \/>\n<meta property=\"article:modified_time\" content=\"2024-01-26T13:11:52+00:00\" \/>\n<meta property=\"og:image\" content=\"https:\/\/revistaregional.com.br\/site\/wp-content\/uploads\/2019\/04\/5523-1024x768.jpg\" \/>\n\t<meta property=\"og:image:width\" content=\"1024\" \/>\n\t<meta property=\"og:image:height\" content=\"768\" \/>\n\t<meta property=\"og:image:type\" content=\"image\/jpeg\" \/>\n<meta name=\"author\" content=\"contato@revistaregional.com.br\" \/>\n<meta name=\"twitter:card\" content=\"summary_large_image\" \/>\n<meta name=\"twitter:label1\" content=\"Escrito por\" \/>\n\t<meta name=\"twitter:data1\" content=\"contato@revistaregional.com.br\" \/>\n\t<meta name=\"twitter:label2\" content=\"Est. tempo de leitura\" \/>\n\t<meta name=\"twitter:data2\" content=\"2 minutos\" \/>\n<script type=\"application\/ld+json\" class=\"yoast-schema-graph\">{\"@context\":\"https:\\\/\\\/schema.org\",\"@graph\":[{\"@type\":\"Article\",\"@id\":\"https:\\\/\\\/revistaregional.com.br\\\/site\\\/2019\\\/04\\\/01\\\/maior-reservatorio-dos-ultimos-30-anos-e-inaugurado-em-itu\\\/#article\",\"isPartOf\":{\"@id\":\"https:\\\/\\\/revistaregional.com.br\\\/site\\\/2019\\\/04\\\/01\\\/maior-reservatorio-dos-ultimos-30-anos-e-inaugurado-em-itu\\\/\"},\"author\":{\"name\":\"contato@revistaregional.com.br\",\"@id\":\"https:\\\/\\\/revistaregional.com.br\\\/site\\\/#\\\/schema\\\/person\\\/382af97c580dc1b18f55107bc316010d\"},\"headline\":\"Maior reservat\u00f3rio dos \u00faltimos 30 anos \u00e9 inaugurado em Itu\",\"datePublished\":\"2019-04-01T14:34:17+00:00\",\"dateModified\":\"2024-01-26T13:11:52+00:00\",\"mainEntityOfPage\":{\"@id\":\"https:\\\/\\\/revistaregional.com.br\\\/site\\\/2019\\\/04\\\/01\\\/maior-reservatorio-dos-ultimos-30-anos-e-inaugurado-em-itu\\\/\"},\"wordCount\":317,\"image\":{\"@id\":\"https:\\\/\\\/revistaregional.com.br\\\/site\\\/2019\\\/04\\\/01\\\/maior-reservatorio-dos-ultimos-30-anos-e-inaugurado-em-itu\\\/#primaryimage\"},\"thumbnailUrl\":\"https:\\\/\\\/revistaregional.com.br\\\/site\\\/wp-content\\\/uploads\\\/2019\\\/04\\\/5523.jpg\",\"keywords\":[\"Regionais\"],\"articleSection\":[\"Regionais\"],\"inLanguage\":\"pt-BR\"},{\"@type\":\"WebPage\",\"@id\":\"https:\\\/\\\/revistaregional.com.br\\\/site\\\/2019\\\/04\\\/01\\\/maior-reservatorio-dos-ultimos-30-anos-e-inaugurado-em-itu\\\/\",\"url\":\"https:\\\/\\\/revistaregional.com.br\\\/site\\\/2019\\\/04\\\/01\\\/maior-reservatorio-dos-ultimos-30-anos-e-inaugurado-em-itu\\\/\",\"name\":\"Maior reservat\u00f3rio dos \u00faltimos 30 anos \u00e9 inaugurado em Itu - Revista Regional\",\"isPartOf\":{\"@id\":\"https:\\\/\\\/revistaregional.com.br\\\/site\\\/#website\"},\"primaryImageOfPage\":{\"@id\":\"https:\\\/\\\/revistaregional.com.br\\\/site\\\/2019\\\/04\\\/01\\\/maior-reservatorio-dos-ultimos-30-anos-e-inaugurado-em-itu\\\/#primaryimage\"},\"image\":{\"@id\":\"https:\\\/\\\/revistaregional.com.br\\\/site\\\/2019\\\/04\\\/01\\\/maior-reservatorio-dos-ultimos-30-anos-e-inaugurado-em-itu\\\/#primaryimage\"},\"thumbnailUrl\":\"https:\\\/\\\/revistaregional.com.br\\\/site\\\/wp-content\\\/uploads\\\/2019\\\/04\\\/5523.jpg\",\"datePublished\":\"2019-04-01T14:34:17+00:00\",\"dateModified\":\"2024-01-26T13:11:52+00:00\",\"author\":{\"@id\":\"https:\\\/\\\/revistaregional.com.br\\\/site\\\/#\\\/schema\\\/person\\\/382af97c580dc1b18f55107bc316010d\"},\"breadcrumb\":{\"@id\":\"https:\\\/\\\/revistaregional.com.br\\\/site\\\/2019\\\/04\\\/01\\\/maior-reservatorio-dos-ultimos-30-anos-e-inaugurado-em-itu\\\/#breadcrumb\"},\"inLanguage\":\"pt-BR\",\"potentialAction\":[{\"@type\":\"ReadAction\",\"target\":[\"https:\\\/\\\/revistaregional.com.br\\\/site\\\/2019\\\/04\\\/01\\\/maior-reservatorio-dos-ultimos-30-anos-e-inaugurado-em-itu\\\/\"]}]},{\"@type\":\"ImageObject\",\"inLanguage\":\"pt-BR\",\"@id\":\"https:\\\/\\\/revistaregional.com.br\\\/site\\\/2019\\\/04\\\/01\\\/maior-reservatorio-dos-ultimos-30-anos-e-inaugurado-em-itu\\\/#primaryimage\",\"url\":\"https:\\\/\\\/revistaregional.com.br\\\/site\\\/wp-content\\\/uploads\\\/2019\\\/04\\\/5523.jpg\",\"contentUrl\":\"https:\\\/\\\/revistaregional.com.br\\\/site\\\/wp-content\\\/uploads\\\/2019\\\/04\\\/5523.jpg\",\"width\":4608,\"height\":3456},{\"@type\":\"BreadcrumbList\",\"@id\":\"https:\\\/\\\/revistaregional.com.br\\\/site\\\/2019\\\/04\\\/01\\\/maior-reservatorio-dos-ultimos-30-anos-e-inaugurado-em-itu\\\/#breadcrumb\",\"itemListElement\":[{\"@type\":\"ListItem\",\"position\":1,\"name\":\"In\u00edcio\",\"item\":\"https:\\\/\\\/revistaregional.com.br\\\/site\\\/\"},{\"@type\":\"ListItem\",\"position\":2,\"name\":\"Maior reservat\u00f3rio dos \u00faltimos 30 anos \u00e9 inaugurado em Itu\"}]},{\"@type\":\"WebSite\",\"@id\":\"https:\\\/\\\/revistaregional.com.br\\\/site\\\/#website\",\"url\":\"https:\\\/\\\/revistaregional.com.br\\\/site\\\/\",\"name\":\"Revista Regional\",\"description\":\"Salto - Itu - Indaituba\",\"potentialAction\":[{\"@type\":\"SearchAction\",\"target\":{\"@type\":\"EntryPoint\",\"urlTemplate\":\"https:\\\/\\\/revistaregional.com.br\\\/site\\\/?s={search_term_string}\"},\"query-input\":{\"@type\":\"PropertyValueSpecification\",\"valueRequired\":true,\"valueName\":\"search_term_string\"}}],\"inLanguage\":\"pt-BR\"},{\"@type\":\"Person\",\"@id\":\"https:\\\/\\\/revistaregional.com.br\\\/site\\\/#\\\/schema\\\/person\\\/382af97c580dc1b18f55107bc316010d\",\"name\":\"contato@revistaregional.com.br\",\"image\":{\"@type\":\"ImageObject\",\"inLanguage\":\"pt-BR\",\"@id\":\"https:\\\/\\\/secure.gravatar.com\\\/avatar\\\/869822917e96b2e292d5827e4635855396934485e7c4a0af84e9a214e32ca0cd?s=96&d=mm&r=g\",\"url\":\"https:\\\/\\\/secure.gravatar.com\\\/avatar\\\/869822917e96b2e292d5827e4635855396934485e7c4a0af84e9a214e32ca0cd?s=96&d=mm&r=g\",\"contentUrl\":\"https:\\\/\\\/secure.gravatar.com\\\/avatar\\\/869822917e96b2e292d5827e4635855396934485e7c4a0af84e9a214e32ca0cd?s=96&d=mm&r=g\",\"caption\":\"contato@revistaregional.com.br\"},\"url\":\"https:\\\/\\\/revistaregional.com.br\\\/site\\\/author\\\/contato@revistaregional.com.br\\\/\"}]}<\/script>\n<!-- \/ Yoast SEO plugin. -->","yoast_head_json":{"title":"Maior reservat\u00f3rio dos \u00faltimos 30 anos \u00e9 inaugurado em Itu - Revista Regional","robots":{"index":"index","follow":"follow","max-snippet":"max-snippet:-1","max-image-preview":"max-image-preview:large","max-video-preview":"max-video-preview:-1"},"canonical":"https:\/\/revistaregional.com.br\/site\/2019\/04\/01\/maior-reservatorio-dos-ultimos-30-anos-e-inaugurado-em-itu\/","og_locale":"pt_BR","og_type":"article","og_title":"Maior reservat\u00f3rio dos \u00faltimos 30 anos \u00e9 inaugurado em Itu - Revista Regional","og_description":"Com capacidade para tr\u00eas milh\u00f5es de litros&nbsp;de \u00e1gua, obra localizada na Esta\u00e7\u00e3o de Tratamento do Rancho Grande aumenta reserva\u00e7\u00e3o de \u00e1gua em quase 50%. Para celebrar o Dia Mundial da \u00c1gua,&nbsp;em 22 de mar\u00e7o,&nbsp;a CIS &#8211; Companhia Ituana de Saneamento inaugurou um novo reservat\u00f3rio apoiado de \u00e1gua tratada. Com capacidade para armazenar tr\u00eas milh\u00f5es de [&hellip;]","og_url":"https:\/\/revistaregional.com.br\/site\/2019\/04\/01\/maior-reservatorio-dos-ultimos-30-anos-e-inaugurado-em-itu\/","og_site_name":"Revista Regional","article_published_time":"2019-04-01T14:34:17+00:00","article_modified_time":"2024-01-26T13:11:52+00:00","og_image":[{"width":1024,"height":768,"url":"https:\/\/revistaregional.com.br\/site\/wp-content\/uploads\/2019\/04\/5523-1024x768.jpg","type":"image\/jpeg"}],"author":"contato@revistaregional.com.br","twitter_card":"summary_large_image","twitter_misc":{"Escrito por":"contato@revistaregional.com.br","Est. tempo de leitura":"2 minutos"},"schema":{"@context":"https:\/\/schema.org","@graph":[{"@type":"Article","@id":"https:\/\/revistaregional.com.br\/site\/2019\/04\/01\/maior-reservatorio-dos-ultimos-30-anos-e-inaugurado-em-itu\/#article","isPartOf":{"@id":"https:\/\/revistaregional.com.br\/site\/2019\/04\/01\/maior-reservatorio-dos-ultimos-30-anos-e-inaugurado-em-itu\/"},"author":{"name":"contato@revistaregional.com.br","@id":"https:\/\/revistaregional.com.br\/site\/#\/schema\/person\/382af97c580dc1b18f55107bc316010d"},"headline":"Maior reservat\u00f3rio dos \u00faltimos 30 anos \u00e9 inaugurado em Itu","datePublished":"2019-04-01T14:34:17+00:00","dateModified":"2024-01-26T13:11:52+00:00","mainEntityOfPage":{"@id":"https:\/\/revistaregional.com.br\/site\/2019\/04\/01\/maior-reservatorio-dos-ultimos-30-anos-e-inaugurado-em-itu\/"},"wordCount":317,"image":{"@id":"https:\/\/revistaregional.com.br\/site\/2019\/04\/01\/maior-reservatorio-dos-ultimos-30-anos-e-inaugurado-em-itu\/#primaryimage"},"thumbnailUrl":"https:\/\/revistaregional.com.br\/site\/wp-content\/uploads\/2019\/04\/5523.jpg","keywords":["Regionais"],"articleSection":["Regionais"],"inLanguage":"pt-BR"},{"@type":"WebPage","@id":"https:\/\/revistaregional.com.br\/site\/2019\/04\/01\/maior-reservatorio-dos-ultimos-30-anos-e-inaugurado-em-itu\/","url":"https:\/\/revistaregional.com.br\/site\/2019\/04\/01\/maior-reservatorio-dos-ultimos-30-anos-e-inaugurado-em-itu\/","name":"Maior reservat\u00f3rio dos \u00faltimos 30 anos \u00e9 inaugurado em Itu - Revista Regional","isPartOf":{"@id":"https:\/\/revistaregional.com.br\/site\/#website"},"primaryImageOfPage":{"@id":"https:\/\/revistaregional.com.br\/site\/2019\/04\/01\/maior-reservatorio-dos-ultimos-30-anos-e-inaugurado-em-itu\/#primaryimage"},"image":{"@id":"https:\/\/revistaregional.com.br\/site\/2019\/04\/01\/maior-reservatorio-dos-ultimos-30-anos-e-inaugurado-em-itu\/#primaryimage"},"thumbnailUrl":"https:\/\/revistaregional.com.br\/site\/wp-content\/uploads\/2019\/04\/5523.jpg","datePublished":"2019-04-01T14:34:17+00:00","dateModified":"2024-01-26T13:11:52+00:00","author":{"@id":"https:\/\/revistaregional.com.br\/site\/#\/schema\/person\/382af97c580dc1b18f55107bc316010d"},"breadcrumb":{"@id":"https:\/\/revistaregional.com.br\/site\/2019\/04\/01\/maior-reservatorio-dos-ultimos-30-anos-e-inaugurado-em-itu\/#breadcrumb"},"inLanguage":"pt-BR","potentialAction":[{"@type":"ReadAction","target":["https:\/\/revistaregional.com.br\/site\/2019\/04\/01\/maior-reservatorio-dos-ultimos-30-anos-e-inaugurado-em-itu\/"]}]},{"@type":"ImageObject","inLanguage":"pt-BR","@id":"https:\/\/revistaregional.com.br\/site\/2019\/04\/01\/maior-reservatorio-dos-ultimos-30-anos-e-inaugurado-em-itu\/#primaryimage","url":"https:\/\/revistaregional.com.br\/site\/wp-content\/uploads\/2019\/04\/5523.jpg","contentUrl":"https:\/\/revistaregional.com.br\/site\/wp-content\/uploads\/2019\/04\/5523.jpg","width":4608,"height":3456},{"@type":"BreadcrumbList","@id":"https:\/\/revistaregional.com.br\/site\/2019\/04\/01\/maior-reservatorio-dos-ultimos-30-anos-e-inaugurado-em-itu\/#breadcrumb","itemListElement":[{"@type":"ListItem","position":1,"name":"In\u00edcio","item":"https:\/\/revistaregional.com.br\/site\/"},{"@type":"ListItem","position":2,"name":"Maior reservat\u00f3rio dos \u00faltimos 30 anos \u00e9 inaugurado em Itu"}]},{"@type":"WebSite","@id":"https:\/\/revistaregional.com.br\/site\/#website","url":"https:\/\/revistaregional.com.br\/site\/","name":"Revista Regional","description":"Salto - Itu - Indaituba","potentialAction":[{"@type":"SearchAction","target":{"@type":"EntryPoint","urlTemplate":"https:\/\/revistaregional.com.br\/site\/?s={search_term_string}"},"query-input":{"@type":"PropertyValueSpecification","valueRequired":true,"valueName":"search_term_string"}}],"inLanguage":"pt-BR"},{"@type":"Person","@id":"https:\/\/revistaregional.com.br\/site\/#\/schema\/person\/382af97c580dc1b18f55107bc316010d","name":"contato@revistaregional.com.br","image":{"@type":"ImageObject","inLanguage":"pt-BR","@id":"https:\/\/secure.gravatar.com\/avatar\/869822917e96b2e292d5827e4635855396934485e7c4a0af84e9a214e32ca0cd?s=96&d=mm&r=g","url":"https:\/\/secure.gravatar.com\/avatar\/869822917e96b2e292d5827e4635855396934485e7c4a0af84e9a214e32ca0cd?s=96&d=mm&r=g","contentUrl":"https:\/\/secure.gravatar.com\/avatar\/869822917e96b2e292d5827e4635855396934485e7c4a0af84e9a214e32ca0cd?s=96&d=mm&r=g","caption":"contato@revistaregional.com.br"},"url":"https:\/\/revistaregional.com.br\/site\/author\/contato@revistaregional.com.br\/"}]}},"views":164,"_links":{"self":[{"href":"https:\/\/revistaregional.com.br\/site\/wp-json\/wp\/v2\/posts\/18915","targetHints":{"allow":["GET"]}}],"collection":[{"href":"https:\/\/revistaregional.com.br\/site\/wp-json\/wp\/v2\/posts"}],"about":[{"href":"https:\/\/revistaregional.com.br\/site\/wp-json\/wp\/v2\/types\/post"}],"author":[{"embeddable":true,"href":"https:\/\/revistaregional.com.br\/site\/wp-json\/wp\/v2\/users\/1"}],"replies":[{"embeddable":true,"href":"https:\/\/revistaregional.com.br\/site\/wp-json\/wp\/v2\/comments?post=18915"}],"version-history":[{"count":1,"href":"https:\/\/revistaregional.com.br\/site\/wp-json\/wp\/v2\/posts\/18915\/revisions"}],"predecessor-version":[{"id":18917,"href":"https:\/\/revistaregional.com.br\/site\/wp-json\/wp\/v2\/posts\/18915\/revisions\/18917"}],"wp:featuredmedia":[{"embeddable":true,"href":"https:\/\/revistaregional.com.br\/site\/wp-json\/wp\/v2\/media\/18916"}],"wp:attachment":[{"href":"https:\/\/revistaregional.com.br\/site\/wp-json\/wp\/v2\/media?parent=18915"}],"wp:term":[{"taxonomy":"category","embeddable":true,"href":"https:\/\/revistaregional.com.br\/site\/wp-json\/wp\/v2\/categories?post=18915"},{"taxonomy":"post_tag","embeddable":true,"href":"https:\/\/revistaregional.com.br\/site\/wp-json\/wp\/v2\/tags?post=18915"}],"curies":[{"name":"wp","href":"https:\/\/api.w.org\/{rel}","templated":true}]}}