{"id":18913,"date":"2019-04-01T14:32:31","date_gmt":"2019-04-01T14:32:31","guid":{"rendered":"https:\/\/revistaregional.com.br\/site\/?p=18913"},"modified":"2024-01-26T11:01:16","modified_gmt":"2024-01-26T14:01:16","slug":"orquestra-sinfonica-de-indaiatuba-apresenta-alma-brasileira","status":"publish","type":"post","link":"https:\/\/revistaregional.com.br\/site\/2019\/04\/01\/orquestra-sinfonica-de-indaiatuba-apresenta-alma-brasileira\/","title":{"rendered":"Orquestra Sinf\u00f4nica de Indaiatuba apresenta \u2018Alma Brasileira\u2019"},"content":{"rendered":"<figure id=\"attachment_18908\" aria-describedby=\"caption-attachment-18908\" style=\"width: 383px\" class=\"wp-caption alignright\"><a href=\"https:\/\/revistaregional.com.br\/site\/wp-content\/uploads\/2019\/04\/2-foto.jpg\"><img fetchpriority=\"high\" decoding=\"async\" class=\"wp-image-18908\" src=\"https:\/\/revistaregional.com.br\/site\/wp-content\/uploads\/2019\/04\/2-foto.jpg\" alt=\"\" width=\"383\" height=\"255\" data-id=\"18908\" srcset=\"https:\/\/revistaregional.com.br\/site\/wp-content\/uploads\/2019\/04\/2-foto.jpg 1024w, https:\/\/revistaregional.com.br\/site\/wp-content\/uploads\/2019\/04\/2-foto-300x200.jpg 300w, https:\/\/revistaregional.com.br\/site\/wp-content\/uploads\/2019\/04\/2-foto-150x100.jpg 150w, https:\/\/revistaregional.com.br\/site\/wp-content\/uploads\/2019\/04\/2-foto-272x182.jpg 272w\" sizes=\"(max-width: 383px) 100vw, 383px\" \/><\/a><figcaption id=\"caption-attachment-18908\" class=\"wp-caption-text\">Sinf\u00f4nica de Indaiatuba durante apresenta\u00e7\u00e3o no teatro da cidade<\/figcaption><\/figure>\n<p class=\"x_MsoNormal\"><b><i>Apresenta\u00e7\u00e3o ocorre dia 13 de abril, com participa\u00e7\u00e3o do violinista Felipe Oliveira<\/i><\/b><\/p>\n<p class=\"x_MsoNormal\">A Secretaria Municipal de Cultura e a Associa\u00e7\u00e3o da Orquestra de Indaiatuba promovem uma nova apresenta\u00e7\u00e3o da Orquestra Sinf\u00f4nica de Indaiatuba no Ciaei (Centro Integrado de Apoio \u00e0 Educa\u00e7\u00e3o de Indaiatuba). O concerto Alma Brasileira, uma homenagem ao Movimento Armorial, acontecer\u00e1 no dia 13 de abril, \u00e0s 20h. O programa tamb\u00e9m contar\u00e1 com a participa\u00e7\u00e3o especial do violinista indaiatubano Felipe Oliveira, que interpretar\u00e1 o Concertino para Violino, de C\u00e9sar Guerra-Peixe. O evento \u00e9 gratuito, com entrada controlada por ordem de chegada.<\/p>\n<p class=\"x_MsoNormal\">O Movimento Armorial foi lan\u00e7ado no in\u00edcio dos anos de 1970 e tinha como objetivo valorizar a cultura popular nordestina, criando uma arte brasileira erudita com ra\u00edzes nas manifesta\u00e7\u00f5es populares do pa\u00eds. Seu principal mentor foi o escritor Ariano Suassuna e sua influ\u00eancia se estende a diversas manifesta\u00e7\u00f5es art\u00edsticas como pintura, m\u00fasica, literatura, cer\u00e2mica, dan\u00e7a, escultura, tape\u00e7aria, arquitetura, teatro, gravura e cinema.<\/p>\n<p class=\"x_MsoNormal\">A m\u00fasica foi um importante eixo do movimento. Logo de in\u00edcio foi criada a Orquestra Armorial, sob lideran\u00e7a do violinista Cussy de Almeida e que era composta por cordas, tradicionais em toda orquestra, e por um grupo de instrumentos que visavam imitar os grupos t\u00edpicos populares: flautas (como p\u00edfanos), percuss\u00e3o (zabumba, tri\u00e2ngulo) e a viola nordestina. Dessa mistura \u00fanica de timbres dos instrumentos chamados \u201ceruditos\u201d com outros populares vem a m\u00fasica chamada Armorial.<\/p>\n<p class=\"x_MsoNormal\"><b>&nbsp;<\/b><\/p>\n<p class=\"x_MsoNormal\"><b>Inspira\u00e7\u00e3o<\/b><\/p>\n<p class=\"x_MsoNormal\">A inspira\u00e7\u00e3o popular fica clara j\u00e1 pelos t\u00edtulos das pe\u00e7as que muitas vezes fazem refer\u00eancia a elementos t\u00edpicos da paisagem nordestina. Aboio, de Cussy de Almeida, se baseia no canto t\u00edpico do vaqueiro, assim como Mandacaru, de Benny Wolkoff e Henrique Annes, uma alus\u00e3o clara \u00e0 planta s\u00edmbolo do sert\u00e3o. J\u00e1 Galope de Cavalhada e Chamada n\u00ba 2 fazem refer\u00eancia \u00e0s cantorias e festas, sendo o galope um tipo de desafio de violeiros e as chamadas uma esp\u00e9cie de entrada para festas. A literatura regional tamb\u00e9m est\u00e1 presente com&nbsp;<i>Sem Lei<\/i>,&nbsp;<i>Nem Rei<\/i>, pe\u00e7a inspirada no livro de mesmo nome do escritor pernambucano Maximiano Campos, e que tem como mote as lutas entre cangaceiros e coron\u00e9is no sert\u00e3o.<\/p>\n<p class=\"x_MsoNormal\">J\u00e1 o Concertino para Violino e Orquestra de Guerra-Peixe foi escrito para a Orquestra Armorial e dedicada ao violinista Cussy de Almeida. A influ\u00eancia de Guerra-Peixe sobre os compositores que formaram o Movimento Armorial foi enorme, a come\u00e7ar pelo fato dele ter sido professor de grande parte desses compositores no per\u00edodo em que esteve em Recife pesquisando a m\u00fasica popular nordestina nos anos de 1950.<\/p>\n<p class=\"x_MsoNormal\">&nbsp;<\/p>\n<p class=\"x_MsoNormal\"><b>MAIS:<\/b><\/p>\n<p class=\"x_MsoNormal\">Alma Brasileira, com a Orquestra Sinf\u00f4nica de Indaiatuba<\/p>\n<p class=\"x_MsoNormal\">Solista: Felipe Oliveira (violino)<\/p>\n<p class=\"x_MsoNormal\">Dia: 13 de abril<\/p>\n<p class=\"x_MsoNormal\">Hor\u00e1rio: 20h<\/p>\n<p class=\"x_MsoNormal\">Local: Sala Acr\u00edsio de Camargo, no Ciaei<\/p>\n<p class=\"x_MsoNormal\">Endere\u00e7o: av. Eng. F\u00e1bio Roberto Barnab\u00e9, 3.665, Jardim Regina, Indaiatuba<\/p>\n<p class=\"x_MsoNormal\">Entrada gratuita e por ordem de chegada<\/p>\n<p class=\"x_MsoNormal\">&nbsp;<\/p>\n<p class=\"x_MsoNormal\">Foto: Divulga\u00e7\u00e3oV<\/p>\n","protected":false},"excerpt":{"rendered":"<p>Apresenta\u00e7\u00e3o ocorre dia 13 de abril, com participa\u00e7\u00e3o do violinista Felipe Oliveira A Secretaria Municipal de Cultura e a Associa\u00e7\u00e3o da Orquestra de Indaiatuba promovem uma nova apresenta\u00e7\u00e3o da Orquestra Sinf\u00f4nica de Indaiatuba no Ciaei (Centro Integrado de Apoio \u00e0 Educa\u00e7\u00e3o de Indaiatuba). O concerto Alma Brasileira, uma homenagem ao Movimento Armorial, acontecer\u00e1 no dia [&hellip;]<\/p>\n","protected":false},"author":1,"featured_media":18908,"comment_status":"closed","ping_status":"closed","sticky":false,"template":"","format":"standard","meta":{"_acf_changed":false,"ngg_post_thumbnail":0,"_joinchat":[],"footnotes":""},"categories":[4],"tags":[533],"class_list":["post-18913","post","type-post","status-publish","format-standard","has-post-thumbnail","hentry","category-cultura","tag-cultura"],"acf":[],"yoast_head":"<!-- This site is optimized with the Yoast SEO plugin v27.4 - https:\/\/yoast.com\/product\/yoast-seo-wordpress\/ -->\n<title>Orquestra Sinf\u00f4nica de Indaiatuba apresenta \u2018Alma Brasileira\u2019 - Revista Regional<\/title>\n<meta name=\"robots\" content=\"index, follow, max-snippet:-1, max-image-preview:large, max-video-preview:-1\" \/>\n<link rel=\"canonical\" href=\"https:\/\/revistaregional.com.br\/site\/2019\/04\/01\/orquestra-sinfonica-de-indaiatuba-apresenta-alma-brasileira\/\" \/>\n<meta property=\"og:locale\" content=\"pt_BR\" \/>\n<meta property=\"og:type\" content=\"article\" \/>\n<meta property=\"og:title\" content=\"Orquestra Sinf\u00f4nica de Indaiatuba apresenta \u2018Alma Brasileira\u2019 - Revista Regional\" \/>\n<meta property=\"og:description\" content=\"Apresenta\u00e7\u00e3o ocorre dia 13 de abril, com participa\u00e7\u00e3o do violinista Felipe Oliveira A Secretaria Municipal de Cultura e a Associa\u00e7\u00e3o da Orquestra de Indaiatuba promovem uma nova apresenta\u00e7\u00e3o da Orquestra Sinf\u00f4nica de Indaiatuba no Ciaei (Centro Integrado de Apoio \u00e0 Educa\u00e7\u00e3o de Indaiatuba). O concerto Alma Brasileira, uma homenagem ao Movimento Armorial, acontecer\u00e1 no dia [&hellip;]\" \/>\n<meta property=\"og:url\" content=\"https:\/\/revistaregional.com.br\/site\/2019\/04\/01\/orquestra-sinfonica-de-indaiatuba-apresenta-alma-brasileira\/\" \/>\n<meta property=\"og:site_name\" content=\"Revista Regional\" \/>\n<meta property=\"article:published_time\" content=\"2019-04-01T14:32:31+00:00\" \/>\n<meta property=\"article:modified_time\" content=\"2024-01-26T14:01:16+00:00\" \/>\n<meta property=\"og:image\" content=\"https:\/\/revistaregional.com.br\/site\/wp-content\/uploads\/2019\/04\/2-foto.jpg\" \/>\n\t<meta property=\"og:image:width\" content=\"1024\" \/>\n\t<meta property=\"og:image:height\" content=\"681\" \/>\n\t<meta property=\"og:image:type\" content=\"image\/jpeg\" \/>\n<meta name=\"author\" content=\"contato@revistaregional.com.br\" \/>\n<meta name=\"twitter:card\" content=\"summary_large_image\" \/>\n<meta name=\"twitter:label1\" content=\"Escrito por\" \/>\n\t<meta name=\"twitter:data1\" content=\"contato@revistaregional.com.br\" \/>\n\t<meta name=\"twitter:label2\" content=\"Est. tempo de leitura\" \/>\n\t<meta name=\"twitter:data2\" content=\"3 minutos\" \/>\n<script type=\"application\/ld+json\" class=\"yoast-schema-graph\">{\"@context\":\"https:\\\/\\\/schema.org\",\"@graph\":[{\"@type\":\"Article\",\"@id\":\"https:\\\/\\\/revistaregional.com.br\\\/site\\\/2019\\\/04\\\/01\\\/orquestra-sinfonica-de-indaiatuba-apresenta-alma-brasileira\\\/#article\",\"isPartOf\":{\"@id\":\"https:\\\/\\\/revistaregional.com.br\\\/site\\\/2019\\\/04\\\/01\\\/orquestra-sinfonica-de-indaiatuba-apresenta-alma-brasileira\\\/\"},\"author\":{\"name\":\"contato@revistaregional.com.br\",\"@id\":\"https:\\\/\\\/revistaregional.com.br\\\/site\\\/#\\\/schema\\\/person\\\/382af97c580dc1b18f55107bc316010d\"},\"headline\":\"Orquestra Sinf\u00f4nica de Indaiatuba apresenta \u2018Alma Brasileira\u2019\",\"datePublished\":\"2019-04-01T14:32:31+00:00\",\"dateModified\":\"2024-01-26T14:01:16+00:00\",\"mainEntityOfPage\":{\"@id\":\"https:\\\/\\\/revistaregional.com.br\\\/site\\\/2019\\\/04\\\/01\\\/orquestra-sinfonica-de-indaiatuba-apresenta-alma-brasileira\\\/\"},\"wordCount\":533,\"image\":{\"@id\":\"https:\\\/\\\/revistaregional.com.br\\\/site\\\/2019\\\/04\\\/01\\\/orquestra-sinfonica-de-indaiatuba-apresenta-alma-brasileira\\\/#primaryimage\"},\"thumbnailUrl\":\"https:\\\/\\\/revistaregional.com.br\\\/site\\\/wp-content\\\/uploads\\\/2019\\\/04\\\/2-foto.jpg\",\"keywords\":[\"Cultura\"],\"articleSection\":[\"Cultura\"],\"inLanguage\":\"pt-BR\"},{\"@type\":\"WebPage\",\"@id\":\"https:\\\/\\\/revistaregional.com.br\\\/site\\\/2019\\\/04\\\/01\\\/orquestra-sinfonica-de-indaiatuba-apresenta-alma-brasileira\\\/\",\"url\":\"https:\\\/\\\/revistaregional.com.br\\\/site\\\/2019\\\/04\\\/01\\\/orquestra-sinfonica-de-indaiatuba-apresenta-alma-brasileira\\\/\",\"name\":\"Orquestra Sinf\u00f4nica de Indaiatuba apresenta \u2018Alma Brasileira\u2019 - Revista Regional\",\"isPartOf\":{\"@id\":\"https:\\\/\\\/revistaregional.com.br\\\/site\\\/#website\"},\"primaryImageOfPage\":{\"@id\":\"https:\\\/\\\/revistaregional.com.br\\\/site\\\/2019\\\/04\\\/01\\\/orquestra-sinfonica-de-indaiatuba-apresenta-alma-brasileira\\\/#primaryimage\"},\"image\":{\"@id\":\"https:\\\/\\\/revistaregional.com.br\\\/site\\\/2019\\\/04\\\/01\\\/orquestra-sinfonica-de-indaiatuba-apresenta-alma-brasileira\\\/#primaryimage\"},\"thumbnailUrl\":\"https:\\\/\\\/revistaregional.com.br\\\/site\\\/wp-content\\\/uploads\\\/2019\\\/04\\\/2-foto.jpg\",\"datePublished\":\"2019-04-01T14:32:31+00:00\",\"dateModified\":\"2024-01-26T14:01:16+00:00\",\"author\":{\"@id\":\"https:\\\/\\\/revistaregional.com.br\\\/site\\\/#\\\/schema\\\/person\\\/382af97c580dc1b18f55107bc316010d\"},\"breadcrumb\":{\"@id\":\"https:\\\/\\\/revistaregional.com.br\\\/site\\\/2019\\\/04\\\/01\\\/orquestra-sinfonica-de-indaiatuba-apresenta-alma-brasileira\\\/#breadcrumb\"},\"inLanguage\":\"pt-BR\",\"potentialAction\":[{\"@type\":\"ReadAction\",\"target\":[\"https:\\\/\\\/revistaregional.com.br\\\/site\\\/2019\\\/04\\\/01\\\/orquestra-sinfonica-de-indaiatuba-apresenta-alma-brasileira\\\/\"]}]},{\"@type\":\"ImageObject\",\"inLanguage\":\"pt-BR\",\"@id\":\"https:\\\/\\\/revistaregional.com.br\\\/site\\\/2019\\\/04\\\/01\\\/orquestra-sinfonica-de-indaiatuba-apresenta-alma-brasileira\\\/#primaryimage\",\"url\":\"https:\\\/\\\/revistaregional.com.br\\\/site\\\/wp-content\\\/uploads\\\/2019\\\/04\\\/2-foto.jpg\",\"contentUrl\":\"https:\\\/\\\/revistaregional.com.br\\\/site\\\/wp-content\\\/uploads\\\/2019\\\/04\\\/2-foto.jpg\",\"width\":1024,\"height\":681,\"caption\":\"????????????????????????????????????\"},{\"@type\":\"BreadcrumbList\",\"@id\":\"https:\\\/\\\/revistaregional.com.br\\\/site\\\/2019\\\/04\\\/01\\\/orquestra-sinfonica-de-indaiatuba-apresenta-alma-brasileira\\\/#breadcrumb\",\"itemListElement\":[{\"@type\":\"ListItem\",\"position\":1,\"name\":\"In\u00edcio\",\"item\":\"https:\\\/\\\/revistaregional.com.br\\\/site\\\/\"},{\"@type\":\"ListItem\",\"position\":2,\"name\":\"Orquestra Sinf\u00f4nica de Indaiatuba apresenta \u2018Alma Brasileira\u2019\"}]},{\"@type\":\"WebSite\",\"@id\":\"https:\\\/\\\/revistaregional.com.br\\\/site\\\/#website\",\"url\":\"https:\\\/\\\/revistaregional.com.br\\\/site\\\/\",\"name\":\"Revista Regional\",\"description\":\"Salto - Itu - Indaituba\",\"potentialAction\":[{\"@type\":\"SearchAction\",\"target\":{\"@type\":\"EntryPoint\",\"urlTemplate\":\"https:\\\/\\\/revistaregional.com.br\\\/site\\\/?s={search_term_string}\"},\"query-input\":{\"@type\":\"PropertyValueSpecification\",\"valueRequired\":true,\"valueName\":\"search_term_string\"}}],\"inLanguage\":\"pt-BR\"},{\"@type\":\"Person\",\"@id\":\"https:\\\/\\\/revistaregional.com.br\\\/site\\\/#\\\/schema\\\/person\\\/382af97c580dc1b18f55107bc316010d\",\"name\":\"contato@revistaregional.com.br\",\"image\":{\"@type\":\"ImageObject\",\"inLanguage\":\"pt-BR\",\"@id\":\"https:\\\/\\\/secure.gravatar.com\\\/avatar\\\/869822917e96b2e292d5827e4635855396934485e7c4a0af84e9a214e32ca0cd?s=96&d=mm&r=g\",\"url\":\"https:\\\/\\\/secure.gravatar.com\\\/avatar\\\/869822917e96b2e292d5827e4635855396934485e7c4a0af84e9a214e32ca0cd?s=96&d=mm&r=g\",\"contentUrl\":\"https:\\\/\\\/secure.gravatar.com\\\/avatar\\\/869822917e96b2e292d5827e4635855396934485e7c4a0af84e9a214e32ca0cd?s=96&d=mm&r=g\",\"caption\":\"contato@revistaregional.com.br\"},\"url\":\"https:\\\/\\\/revistaregional.com.br\\\/site\\\/author\\\/contato@revistaregional.com.br\\\/\"}]}<\/script>\n<!-- \/ Yoast SEO plugin. -->","yoast_head_json":{"title":"Orquestra Sinf\u00f4nica de Indaiatuba apresenta \u2018Alma Brasileira\u2019 - Revista Regional","robots":{"index":"index","follow":"follow","max-snippet":"max-snippet:-1","max-image-preview":"max-image-preview:large","max-video-preview":"max-video-preview:-1"},"canonical":"https:\/\/revistaregional.com.br\/site\/2019\/04\/01\/orquestra-sinfonica-de-indaiatuba-apresenta-alma-brasileira\/","og_locale":"pt_BR","og_type":"article","og_title":"Orquestra Sinf\u00f4nica de Indaiatuba apresenta \u2018Alma Brasileira\u2019 - Revista Regional","og_description":"Apresenta\u00e7\u00e3o ocorre dia 13 de abril, com participa\u00e7\u00e3o do violinista Felipe Oliveira A Secretaria Municipal de Cultura e a Associa\u00e7\u00e3o da Orquestra de Indaiatuba promovem uma nova apresenta\u00e7\u00e3o da Orquestra Sinf\u00f4nica de Indaiatuba no Ciaei (Centro Integrado de Apoio \u00e0 Educa\u00e7\u00e3o de Indaiatuba). O concerto Alma Brasileira, uma homenagem ao Movimento Armorial, acontecer\u00e1 no dia [&hellip;]","og_url":"https:\/\/revistaregional.com.br\/site\/2019\/04\/01\/orquestra-sinfonica-de-indaiatuba-apresenta-alma-brasileira\/","og_site_name":"Revista Regional","article_published_time":"2019-04-01T14:32:31+00:00","article_modified_time":"2024-01-26T14:01:16+00:00","og_image":[{"width":1024,"height":681,"url":"https:\/\/revistaregional.com.br\/site\/wp-content\/uploads\/2019\/04\/2-foto.jpg","type":"image\/jpeg"}],"author":"contato@revistaregional.com.br","twitter_card":"summary_large_image","twitter_misc":{"Escrito por":"contato@revistaregional.com.br","Est. tempo de leitura":"3 minutos"},"schema":{"@context":"https:\/\/schema.org","@graph":[{"@type":"Article","@id":"https:\/\/revistaregional.com.br\/site\/2019\/04\/01\/orquestra-sinfonica-de-indaiatuba-apresenta-alma-brasileira\/#article","isPartOf":{"@id":"https:\/\/revistaregional.com.br\/site\/2019\/04\/01\/orquestra-sinfonica-de-indaiatuba-apresenta-alma-brasileira\/"},"author":{"name":"contato@revistaregional.com.br","@id":"https:\/\/revistaregional.com.br\/site\/#\/schema\/person\/382af97c580dc1b18f55107bc316010d"},"headline":"Orquestra Sinf\u00f4nica de Indaiatuba apresenta \u2018Alma Brasileira\u2019","datePublished":"2019-04-01T14:32:31+00:00","dateModified":"2024-01-26T14:01:16+00:00","mainEntityOfPage":{"@id":"https:\/\/revistaregional.com.br\/site\/2019\/04\/01\/orquestra-sinfonica-de-indaiatuba-apresenta-alma-brasileira\/"},"wordCount":533,"image":{"@id":"https:\/\/revistaregional.com.br\/site\/2019\/04\/01\/orquestra-sinfonica-de-indaiatuba-apresenta-alma-brasileira\/#primaryimage"},"thumbnailUrl":"https:\/\/revistaregional.com.br\/site\/wp-content\/uploads\/2019\/04\/2-foto.jpg","keywords":["Cultura"],"articleSection":["Cultura"],"inLanguage":"pt-BR"},{"@type":"WebPage","@id":"https:\/\/revistaregional.com.br\/site\/2019\/04\/01\/orquestra-sinfonica-de-indaiatuba-apresenta-alma-brasileira\/","url":"https:\/\/revistaregional.com.br\/site\/2019\/04\/01\/orquestra-sinfonica-de-indaiatuba-apresenta-alma-brasileira\/","name":"Orquestra Sinf\u00f4nica de Indaiatuba apresenta \u2018Alma Brasileira\u2019 - Revista Regional","isPartOf":{"@id":"https:\/\/revistaregional.com.br\/site\/#website"},"primaryImageOfPage":{"@id":"https:\/\/revistaregional.com.br\/site\/2019\/04\/01\/orquestra-sinfonica-de-indaiatuba-apresenta-alma-brasileira\/#primaryimage"},"image":{"@id":"https:\/\/revistaregional.com.br\/site\/2019\/04\/01\/orquestra-sinfonica-de-indaiatuba-apresenta-alma-brasileira\/#primaryimage"},"thumbnailUrl":"https:\/\/revistaregional.com.br\/site\/wp-content\/uploads\/2019\/04\/2-foto.jpg","datePublished":"2019-04-01T14:32:31+00:00","dateModified":"2024-01-26T14:01:16+00:00","author":{"@id":"https:\/\/revistaregional.com.br\/site\/#\/schema\/person\/382af97c580dc1b18f55107bc316010d"},"breadcrumb":{"@id":"https:\/\/revistaregional.com.br\/site\/2019\/04\/01\/orquestra-sinfonica-de-indaiatuba-apresenta-alma-brasileira\/#breadcrumb"},"inLanguage":"pt-BR","potentialAction":[{"@type":"ReadAction","target":["https:\/\/revistaregional.com.br\/site\/2019\/04\/01\/orquestra-sinfonica-de-indaiatuba-apresenta-alma-brasileira\/"]}]},{"@type":"ImageObject","inLanguage":"pt-BR","@id":"https:\/\/revistaregional.com.br\/site\/2019\/04\/01\/orquestra-sinfonica-de-indaiatuba-apresenta-alma-brasileira\/#primaryimage","url":"https:\/\/revistaregional.com.br\/site\/wp-content\/uploads\/2019\/04\/2-foto.jpg","contentUrl":"https:\/\/revistaregional.com.br\/site\/wp-content\/uploads\/2019\/04\/2-foto.jpg","width":1024,"height":681,"caption":"????????????????????????????????????"},{"@type":"BreadcrumbList","@id":"https:\/\/revistaregional.com.br\/site\/2019\/04\/01\/orquestra-sinfonica-de-indaiatuba-apresenta-alma-brasileira\/#breadcrumb","itemListElement":[{"@type":"ListItem","position":1,"name":"In\u00edcio","item":"https:\/\/revistaregional.com.br\/site\/"},{"@type":"ListItem","position":2,"name":"Orquestra Sinf\u00f4nica de Indaiatuba apresenta \u2018Alma Brasileira\u2019"}]},{"@type":"WebSite","@id":"https:\/\/revistaregional.com.br\/site\/#website","url":"https:\/\/revistaregional.com.br\/site\/","name":"Revista Regional","description":"Salto - Itu - Indaituba","potentialAction":[{"@type":"SearchAction","target":{"@type":"EntryPoint","urlTemplate":"https:\/\/revistaregional.com.br\/site\/?s={search_term_string}"},"query-input":{"@type":"PropertyValueSpecification","valueRequired":true,"valueName":"search_term_string"}}],"inLanguage":"pt-BR"},{"@type":"Person","@id":"https:\/\/revistaregional.com.br\/site\/#\/schema\/person\/382af97c580dc1b18f55107bc316010d","name":"contato@revistaregional.com.br","image":{"@type":"ImageObject","inLanguage":"pt-BR","@id":"https:\/\/secure.gravatar.com\/avatar\/869822917e96b2e292d5827e4635855396934485e7c4a0af84e9a214e32ca0cd?s=96&d=mm&r=g","url":"https:\/\/secure.gravatar.com\/avatar\/869822917e96b2e292d5827e4635855396934485e7c4a0af84e9a214e32ca0cd?s=96&d=mm&r=g","contentUrl":"https:\/\/secure.gravatar.com\/avatar\/869822917e96b2e292d5827e4635855396934485e7c4a0af84e9a214e32ca0cd?s=96&d=mm&r=g","caption":"contato@revistaregional.com.br"},"url":"https:\/\/revistaregional.com.br\/site\/author\/contato@revistaregional.com.br\/"}]}},"views":99,"_links":{"self":[{"href":"https:\/\/revistaregional.com.br\/site\/wp-json\/wp\/v2\/posts\/18913","targetHints":{"allow":["GET"]}}],"collection":[{"href":"https:\/\/revistaregional.com.br\/site\/wp-json\/wp\/v2\/posts"}],"about":[{"href":"https:\/\/revistaregional.com.br\/site\/wp-json\/wp\/v2\/types\/post"}],"author":[{"embeddable":true,"href":"https:\/\/revistaregional.com.br\/site\/wp-json\/wp\/v2\/users\/1"}],"replies":[{"embeddable":true,"href":"https:\/\/revistaregional.com.br\/site\/wp-json\/wp\/v2\/comments?post=18913"}],"version-history":[{"count":1,"href":"https:\/\/revistaregional.com.br\/site\/wp-json\/wp\/v2\/posts\/18913\/revisions"}],"predecessor-version":[{"id":18914,"href":"https:\/\/revistaregional.com.br\/site\/wp-json\/wp\/v2\/posts\/18913\/revisions\/18914"}],"wp:featuredmedia":[{"embeddable":true,"href":"https:\/\/revistaregional.com.br\/site\/wp-json\/wp\/v2\/media\/18908"}],"wp:attachment":[{"href":"https:\/\/revistaregional.com.br\/site\/wp-json\/wp\/v2\/media?parent=18913"}],"wp:term":[{"taxonomy":"category","embeddable":true,"href":"https:\/\/revistaregional.com.br\/site\/wp-json\/wp\/v2\/categories?post=18913"},{"taxonomy":"post_tag","embeddable":true,"href":"https:\/\/revistaregional.com.br\/site\/wp-json\/wp\/v2\/tags?post=18913"}],"curies":[{"name":"wp","href":"https:\/\/api.w.org\/{rel}","templated":true}]}}