{"id":18764,"date":"2019-03-20T16:32:54","date_gmt":"2019-03-20T16:32:54","guid":{"rendered":"https:\/\/revistaregional.com.br\/site\/?p=18764"},"modified":"2024-01-26T11:01:17","modified_gmt":"2024-01-26T14:01:17","slug":"confira-a-programacao-da-semana-ettore-2019","status":"publish","type":"post","link":"https:\/\/revistaregional.com.br\/site\/2019\/03\/20\/confira-a-programacao-da-semana-ettore-2019\/","title":{"rendered":"Confira a programa\u00e7\u00e3o da Semana Ettore 2019"},"content":{"rendered":"<figure id=\"attachment_18765\" aria-describedby=\"caption-attachment-18765\" style=\"width: 254px\" class=\"wp-caption alignright\"><a href=\"https:\/\/revistaregional.com.br\/site\/wp-content\/uploads\/2019\/03\/semana.jpg\"><img fetchpriority=\"high\" decoding=\"async\" class=\"wp-image-18765\" src=\"https:\/\/revistaregional.com.br\/site\/wp-content\/uploads\/2019\/03\/semana.jpg\" alt=\"\" width=\"254\" height=\"446\" data-id=\"18765\" srcset=\"https:\/\/revistaregional.com.br\/site\/wp-content\/uploads\/2019\/03\/semana.jpg 700w, https:\/\/revistaregional.com.br\/site\/wp-content\/uploads\/2019\/03\/semana-171x300.jpg 171w, https:\/\/revistaregional.com.br\/site\/wp-content\/uploads\/2019\/03\/semana-584x1024.jpg 584w, https:\/\/revistaregional.com.br\/site\/wp-content\/uploads\/2019\/03\/semana-86x150.jpg 86w\" sizes=\"(max-width: 254px) 100vw, 254px\" \/><\/a><figcaption id=\"caption-attachment-18765\" class=\"wp-caption-text\">Laurentino Gomes \u00e9 uma das atra\u00e7\u00f5es da Semana Ettore em Salto<\/figcaption><\/figure>\n<p>Academia Saltense de Letras definiu os eventos que fazem parte da Semana, de 25 a 29 de mar\u00e7o<\/p>\n<p>A Academia Saltense de Letras realizar\u00e1, de 25 a 29 de mar\u00e7o, sempre \u00e0s 19h30, a terceira edi\u00e7\u00e3o da Semana Cultural Ettore Liberalesso. Com o tema \u201c\u00c0 luz da Hist\u00f3ria\u201d, o evento pretende valorizar os registros do passado, os historiadores saltenses e o patrim\u00f4nio cultural de Salto. A programa\u00e7\u00e3o, gratuita e aberta ao p\u00fablico em geral, inclui palestras, debate, exposi\u00e7\u00e3o, feira de livros e apresenta\u00e7\u00f5es art\u00edsticas.<\/p>\n<p>Criada em 2017 para homenagear o escritor, jornalista e historiador saltense Ettore Liberalesso, a Semana Ettore deste ano tem a colabora\u00e7\u00e3o da Prefeitura da Est\u00e2ncia Tur\u00edstica de Salto, por interm\u00e9dio da Secretaria da Cultura, e do Centro Universit\u00e1rio Nossa Senhora do Patroc\u00ednio (Ceunsp). Confira abaixo a programa\u00e7\u00e3o completa.<\/p>\n<p>&#8211; 25\/03 \u00e0s 19h30, na Biblioteca Municipal de Salto (Pra\u00e7a Paula Souza, 30, Salto)<\/p>\n<p>Sess\u00e3o Solene de Abertura; apresenta\u00e7\u00e3o de m\u00fasicos e bailarinas do Conservat\u00f3rio Municipal Maestro Henrique Castellari; inaugura\u00e7\u00e3o do stand itinerante para venda de livros a pre\u00e7os promocionais.<\/p>\n<p>&#8211; 26\/03 \u00e0s 19h30, no Audit\u00f3rio Brasital do Ceunsp (Pra\u00e7a Ant\u00f4nio Vieira Tavares, 73, Salto)<\/p>\n<p>Palestra \u201cA contribui\u00e7\u00e3o da Literatura para o estudo da Hist\u00f3ria\u201d, pelo jornalista e escritor Laurentino Gomes, seis vezes ganhador do Pr\u00eamio Jabuti de Literatura. Laurentino \u00e9 autor da celebrada trilogia \u201c1808\u201d, sobre a fuga da fam\u00edlia real portuguesa para o Rio de Janeiro; \u201c1822\u201d, sobre a Independ\u00eancia do Brasil e \u201c1889\u201d, sobre a Proclama\u00e7\u00e3o da Rep\u00fablica.<\/p>\n<p>&#8211; 27\/03 \u00e0s 19h30, no Audit\u00f3rio Brasital do Ceunsp (Pra\u00e7a Ant\u00f4nio Vieira Tavares, 73, Salto)<\/p>\n<p>Painel \u201cO futuro de Salto \u00e0 luz da hist\u00f3ria &#8211; o que fomos e o que seremos\u201d. Entrevista ao vivo com o prefeito de Salto, Geraldo Garcia; o empres\u00e1rio Weber Dalla Vacchia (Lojas Cem) e os professores do Ceunsp Estevam Vanale Otero (Arquiteto e Urbanista, Doutor em Planejamento Urbano e Regional pela USP) e Renata Segalla (Arquiteta e Urbanista, Ge\u00f3grafa, Mestre em Engenharia Urbana pela Ufscar). A media\u00e7\u00e3o ser\u00e1 da jornalista Mirna Bicalho.<\/p>\n<p>&#8211; 28\/03 \u00e0s 19h30, na Sala Giuseppe Verdi (Rua Jos\u00e9 Galv\u00e3o, 104, Salto)<\/p>\n<p>Palestra \u201cA Hist\u00f3ria de Salto nos escritos do passado\u201d, pela pesquisadora e documentarista Anicleide Zequini (Mestre em Hist\u00f3ria pela Unicamp e Doutora em Arqueologia Hist\u00f3rica pela USP); abertura de exposi\u00e7\u00e3o tempor\u00e1ria em homenagem aos historiadores saltenses j\u00e1 falecidos: Adriano Randi, Ettore Liberalesso, Jo\u00e3o Mateus Bombana, Jos\u00e9 Dias da Silva, Luiz Castellari e Valderez Antonio Bergamo Silva; premia\u00e7\u00e3o do 1\u00ba Concurso de Contos da ASLe; performance com a participa\u00e7\u00e3o de m\u00fasicos e bailarinas do Conservat\u00f3rio Municipal Maestro Henrique Castellari.<\/p>\n<p>&#8211; 29\/03 \u00e0s 19h30, na Biblioteca Municipal de Salto (Pra\u00e7a Paula Souza, 30, Salto)<\/p>\n<p>Encerramento Solene da Semana; palestra \u201cA presen\u00e7a negra na hist\u00f3ria de Salto\u201d pela cineasta, produtora cultural e professora Lilian Sol\u00e1 Santiago (Mestre em Integra\u00e7\u00e3o da Am\u00e9rica Latina pela USP); Posse Acad\u00eamica do advogado e cronista Bernardo Jer\u00f4nimo de Campos na cadeira n\u00ba 30 (patrono Jorge Amado); apresenta\u00e7\u00e3o do Coral Vozes Afro, sob reg\u00eancia do maestro Marcos de Oliveira.<\/p>\n<p>Cr\u00e9dito: Arquivo<\/p>\n","protected":false},"excerpt":{"rendered":"<p>Academia Saltense de Letras definiu os eventos que fazem parte da Semana, de 25 a 29 de mar\u00e7o A Academia Saltense de Letras realizar\u00e1, de 25 a 29 de mar\u00e7o, sempre \u00e0s 19h30, a terceira edi\u00e7\u00e3o da Semana Cultural Ettore Liberalesso. Com o tema \u201c\u00c0 luz da Hist\u00f3ria\u201d, o evento pretende valorizar os registros do [&hellip;]<\/p>\n","protected":false},"author":1,"featured_media":18632,"comment_status":"closed","ping_status":"closed","sticky":false,"template":"","format":"standard","meta":{"_acf_changed":false,"ngg_post_thumbnail":0,"_joinchat":[],"footnotes":""},"categories":[4],"tags":[533],"class_list":["post-18764","post","type-post","status-publish","format-standard","has-post-thumbnail","hentry","category-cultura","tag-cultura"],"acf":[],"yoast_head":"<!-- This site is optimized with the Yoast SEO plugin v27.4 - https:\/\/yoast.com\/product\/yoast-seo-wordpress\/ -->\n<title>Confira a programa\u00e7\u00e3o da Semana Ettore 2019 - Revista Regional<\/title>\n<meta name=\"robots\" content=\"index, follow, max-snippet:-1, max-image-preview:large, max-video-preview:-1\" \/>\n<link rel=\"canonical\" href=\"https:\/\/revistaregional.com.br\/site\/2019\/03\/20\/confira-a-programacao-da-semana-ettore-2019\/\" \/>\n<meta property=\"og:locale\" content=\"pt_BR\" \/>\n<meta property=\"og:type\" content=\"article\" \/>\n<meta property=\"og:title\" content=\"Confira a programa\u00e7\u00e3o da Semana Ettore 2019 - Revista Regional\" \/>\n<meta property=\"og:description\" content=\"Academia Saltense de Letras definiu os eventos que fazem parte da Semana, de 25 a 29 de mar\u00e7o A Academia Saltense de Letras realizar\u00e1, de 25 a 29 de mar\u00e7o, sempre \u00e0s 19h30, a terceira edi\u00e7\u00e3o da Semana Cultural Ettore Liberalesso. Com o tema \u201c\u00c0 luz da Hist\u00f3ria\u201d, o evento pretende valorizar os registros do [&hellip;]\" \/>\n<meta property=\"og:url\" content=\"https:\/\/revistaregional.com.br\/site\/2019\/03\/20\/confira-a-programacao-da-semana-ettore-2019\/\" \/>\n<meta property=\"og:site_name\" content=\"Revista Regional\" \/>\n<meta property=\"article:published_time\" content=\"2019-03-20T16:32:54+00:00\" \/>\n<meta property=\"article:modified_time\" content=\"2024-01-26T14:01:17+00:00\" \/>\n<meta property=\"og:image\" content=\"https:\/\/revistaregional.com.br\/site\/wp-content\/uploads\/2019\/03\/FOTO_LAURENTINO_1889-1.jpg\" \/>\n\t<meta property=\"og:image:width\" content=\"1424\" \/>\n\t<meta property=\"og:image:height\" content=\"1486\" \/>\n\t<meta property=\"og:image:type\" content=\"image\/jpeg\" \/>\n<meta name=\"author\" content=\"contato@revistaregional.com.br\" \/>\n<meta name=\"twitter:card\" content=\"summary_large_image\" \/>\n<meta name=\"twitter:label1\" content=\"Escrito por\" \/>\n\t<meta name=\"twitter:data1\" content=\"contato@revistaregional.com.br\" \/>\n\t<meta name=\"twitter:label2\" content=\"Est. tempo de leitura\" \/>\n\t<meta name=\"twitter:data2\" content=\"3 minutos\" \/>\n<script type=\"application\/ld+json\" class=\"yoast-schema-graph\">{\"@context\":\"https:\\\/\\\/schema.org\",\"@graph\":[{\"@type\":\"Article\",\"@id\":\"https:\\\/\\\/revistaregional.com.br\\\/site\\\/2019\\\/03\\\/20\\\/confira-a-programacao-da-semana-ettore-2019\\\/#article\",\"isPartOf\":{\"@id\":\"https:\\\/\\\/revistaregional.com.br\\\/site\\\/2019\\\/03\\\/20\\\/confira-a-programacao-da-semana-ettore-2019\\\/\"},\"author\":{\"name\":\"contato@revistaregional.com.br\",\"@id\":\"https:\\\/\\\/revistaregional.com.br\\\/site\\\/#\\\/schema\\\/person\\\/382af97c580dc1b18f55107bc316010d\"},\"headline\":\"Confira a programa\u00e7\u00e3o da Semana Ettore 2019\",\"datePublished\":\"2019-03-20T16:32:54+00:00\",\"dateModified\":\"2024-01-26T14:01:17+00:00\",\"mainEntityOfPage\":{\"@id\":\"https:\\\/\\\/revistaregional.com.br\\\/site\\\/2019\\\/03\\\/20\\\/confira-a-programacao-da-semana-ettore-2019\\\/\"},\"wordCount\":560,\"image\":{\"@id\":\"https:\\\/\\\/revistaregional.com.br\\\/site\\\/2019\\\/03\\\/20\\\/confira-a-programacao-da-semana-ettore-2019\\\/#primaryimage\"},\"thumbnailUrl\":\"https:\\\/\\\/revistaregional.com.br\\\/site\\\/wp-content\\\/uploads\\\/2019\\\/03\\\/FOTO_LAURENTINO_1889-1.jpg\",\"keywords\":[\"Cultura\"],\"articleSection\":[\"Cultura\"],\"inLanguage\":\"pt-BR\"},{\"@type\":\"WebPage\",\"@id\":\"https:\\\/\\\/revistaregional.com.br\\\/site\\\/2019\\\/03\\\/20\\\/confira-a-programacao-da-semana-ettore-2019\\\/\",\"url\":\"https:\\\/\\\/revistaregional.com.br\\\/site\\\/2019\\\/03\\\/20\\\/confira-a-programacao-da-semana-ettore-2019\\\/\",\"name\":\"Confira a programa\u00e7\u00e3o da Semana Ettore 2019 - Revista Regional\",\"isPartOf\":{\"@id\":\"https:\\\/\\\/revistaregional.com.br\\\/site\\\/#website\"},\"primaryImageOfPage\":{\"@id\":\"https:\\\/\\\/revistaregional.com.br\\\/site\\\/2019\\\/03\\\/20\\\/confira-a-programacao-da-semana-ettore-2019\\\/#primaryimage\"},\"image\":{\"@id\":\"https:\\\/\\\/revistaregional.com.br\\\/site\\\/2019\\\/03\\\/20\\\/confira-a-programacao-da-semana-ettore-2019\\\/#primaryimage\"},\"thumbnailUrl\":\"https:\\\/\\\/revistaregional.com.br\\\/site\\\/wp-content\\\/uploads\\\/2019\\\/03\\\/FOTO_LAURENTINO_1889-1.jpg\",\"datePublished\":\"2019-03-20T16:32:54+00:00\",\"dateModified\":\"2024-01-26T14:01:17+00:00\",\"author\":{\"@id\":\"https:\\\/\\\/revistaregional.com.br\\\/site\\\/#\\\/schema\\\/person\\\/382af97c580dc1b18f55107bc316010d\"},\"breadcrumb\":{\"@id\":\"https:\\\/\\\/revistaregional.com.br\\\/site\\\/2019\\\/03\\\/20\\\/confira-a-programacao-da-semana-ettore-2019\\\/#breadcrumb\"},\"inLanguage\":\"pt-BR\",\"potentialAction\":[{\"@type\":\"ReadAction\",\"target\":[\"https:\\\/\\\/revistaregional.com.br\\\/site\\\/2019\\\/03\\\/20\\\/confira-a-programacao-da-semana-ettore-2019\\\/\"]}]},{\"@type\":\"ImageObject\",\"inLanguage\":\"pt-BR\",\"@id\":\"https:\\\/\\\/revistaregional.com.br\\\/site\\\/2019\\\/03\\\/20\\\/confira-a-programacao-da-semana-ettore-2019\\\/#primaryimage\",\"url\":\"https:\\\/\\\/revistaregional.com.br\\\/site\\\/wp-content\\\/uploads\\\/2019\\\/03\\\/FOTO_LAURENTINO_1889-1.jpg\",\"contentUrl\":\"https:\\\/\\\/revistaregional.com.br\\\/site\\\/wp-content\\\/uploads\\\/2019\\\/03\\\/FOTO_LAURENTINO_1889-1.jpg\",\"width\":1424,\"height\":1486},{\"@type\":\"BreadcrumbList\",\"@id\":\"https:\\\/\\\/revistaregional.com.br\\\/site\\\/2019\\\/03\\\/20\\\/confira-a-programacao-da-semana-ettore-2019\\\/#breadcrumb\",\"itemListElement\":[{\"@type\":\"ListItem\",\"position\":1,\"name\":\"In\u00edcio\",\"item\":\"https:\\\/\\\/revistaregional.com.br\\\/site\\\/\"},{\"@type\":\"ListItem\",\"position\":2,\"name\":\"Confira a programa\u00e7\u00e3o da Semana Ettore 2019\"}]},{\"@type\":\"WebSite\",\"@id\":\"https:\\\/\\\/revistaregional.com.br\\\/site\\\/#website\",\"url\":\"https:\\\/\\\/revistaregional.com.br\\\/site\\\/\",\"name\":\"Revista Regional\",\"description\":\"Salto - Itu - Indaituba\",\"potentialAction\":[{\"@type\":\"SearchAction\",\"target\":{\"@type\":\"EntryPoint\",\"urlTemplate\":\"https:\\\/\\\/revistaregional.com.br\\\/site\\\/?s={search_term_string}\"},\"query-input\":{\"@type\":\"PropertyValueSpecification\",\"valueRequired\":true,\"valueName\":\"search_term_string\"}}],\"inLanguage\":\"pt-BR\"},{\"@type\":\"Person\",\"@id\":\"https:\\\/\\\/revistaregional.com.br\\\/site\\\/#\\\/schema\\\/person\\\/382af97c580dc1b18f55107bc316010d\",\"name\":\"contato@revistaregional.com.br\",\"image\":{\"@type\":\"ImageObject\",\"inLanguage\":\"pt-BR\",\"@id\":\"https:\\\/\\\/secure.gravatar.com\\\/avatar\\\/869822917e96b2e292d5827e4635855396934485e7c4a0af84e9a214e32ca0cd?s=96&d=mm&r=g\",\"url\":\"https:\\\/\\\/secure.gravatar.com\\\/avatar\\\/869822917e96b2e292d5827e4635855396934485e7c4a0af84e9a214e32ca0cd?s=96&d=mm&r=g\",\"contentUrl\":\"https:\\\/\\\/secure.gravatar.com\\\/avatar\\\/869822917e96b2e292d5827e4635855396934485e7c4a0af84e9a214e32ca0cd?s=96&d=mm&r=g\",\"caption\":\"contato@revistaregional.com.br\"},\"url\":\"https:\\\/\\\/revistaregional.com.br\\\/site\\\/author\\\/contato@revistaregional.com.br\\\/\"}]}<\/script>\n<!-- \/ Yoast SEO plugin. -->","yoast_head_json":{"title":"Confira a programa\u00e7\u00e3o da Semana Ettore 2019 - Revista Regional","robots":{"index":"index","follow":"follow","max-snippet":"max-snippet:-1","max-image-preview":"max-image-preview:large","max-video-preview":"max-video-preview:-1"},"canonical":"https:\/\/revistaregional.com.br\/site\/2019\/03\/20\/confira-a-programacao-da-semana-ettore-2019\/","og_locale":"pt_BR","og_type":"article","og_title":"Confira a programa\u00e7\u00e3o da Semana Ettore 2019 - Revista Regional","og_description":"Academia Saltense de Letras definiu os eventos que fazem parte da Semana, de 25 a 29 de mar\u00e7o A Academia Saltense de Letras realizar\u00e1, de 25 a 29 de mar\u00e7o, sempre \u00e0s 19h30, a terceira edi\u00e7\u00e3o da Semana Cultural Ettore Liberalesso. Com o tema \u201c\u00c0 luz da Hist\u00f3ria\u201d, o evento pretende valorizar os registros do [&hellip;]","og_url":"https:\/\/revistaregional.com.br\/site\/2019\/03\/20\/confira-a-programacao-da-semana-ettore-2019\/","og_site_name":"Revista Regional","article_published_time":"2019-03-20T16:32:54+00:00","article_modified_time":"2024-01-26T14:01:17+00:00","og_image":[{"width":1424,"height":1486,"url":"https:\/\/revistaregional.com.br\/site\/wp-content\/uploads\/2019\/03\/FOTO_LAURENTINO_1889-1.jpg","type":"image\/jpeg"}],"author":"contato@revistaregional.com.br","twitter_card":"summary_large_image","twitter_misc":{"Escrito por":"contato@revistaregional.com.br","Est. tempo de leitura":"3 minutos"},"schema":{"@context":"https:\/\/schema.org","@graph":[{"@type":"Article","@id":"https:\/\/revistaregional.com.br\/site\/2019\/03\/20\/confira-a-programacao-da-semana-ettore-2019\/#article","isPartOf":{"@id":"https:\/\/revistaregional.com.br\/site\/2019\/03\/20\/confira-a-programacao-da-semana-ettore-2019\/"},"author":{"name":"contato@revistaregional.com.br","@id":"https:\/\/revistaregional.com.br\/site\/#\/schema\/person\/382af97c580dc1b18f55107bc316010d"},"headline":"Confira a programa\u00e7\u00e3o da Semana Ettore 2019","datePublished":"2019-03-20T16:32:54+00:00","dateModified":"2024-01-26T14:01:17+00:00","mainEntityOfPage":{"@id":"https:\/\/revistaregional.com.br\/site\/2019\/03\/20\/confira-a-programacao-da-semana-ettore-2019\/"},"wordCount":560,"image":{"@id":"https:\/\/revistaregional.com.br\/site\/2019\/03\/20\/confira-a-programacao-da-semana-ettore-2019\/#primaryimage"},"thumbnailUrl":"https:\/\/revistaregional.com.br\/site\/wp-content\/uploads\/2019\/03\/FOTO_LAURENTINO_1889-1.jpg","keywords":["Cultura"],"articleSection":["Cultura"],"inLanguage":"pt-BR"},{"@type":"WebPage","@id":"https:\/\/revistaregional.com.br\/site\/2019\/03\/20\/confira-a-programacao-da-semana-ettore-2019\/","url":"https:\/\/revistaregional.com.br\/site\/2019\/03\/20\/confira-a-programacao-da-semana-ettore-2019\/","name":"Confira a programa\u00e7\u00e3o da Semana Ettore 2019 - Revista Regional","isPartOf":{"@id":"https:\/\/revistaregional.com.br\/site\/#website"},"primaryImageOfPage":{"@id":"https:\/\/revistaregional.com.br\/site\/2019\/03\/20\/confira-a-programacao-da-semana-ettore-2019\/#primaryimage"},"image":{"@id":"https:\/\/revistaregional.com.br\/site\/2019\/03\/20\/confira-a-programacao-da-semana-ettore-2019\/#primaryimage"},"thumbnailUrl":"https:\/\/revistaregional.com.br\/site\/wp-content\/uploads\/2019\/03\/FOTO_LAURENTINO_1889-1.jpg","datePublished":"2019-03-20T16:32:54+00:00","dateModified":"2024-01-26T14:01:17+00:00","author":{"@id":"https:\/\/revistaregional.com.br\/site\/#\/schema\/person\/382af97c580dc1b18f55107bc316010d"},"breadcrumb":{"@id":"https:\/\/revistaregional.com.br\/site\/2019\/03\/20\/confira-a-programacao-da-semana-ettore-2019\/#breadcrumb"},"inLanguage":"pt-BR","potentialAction":[{"@type":"ReadAction","target":["https:\/\/revistaregional.com.br\/site\/2019\/03\/20\/confira-a-programacao-da-semana-ettore-2019\/"]}]},{"@type":"ImageObject","inLanguage":"pt-BR","@id":"https:\/\/revistaregional.com.br\/site\/2019\/03\/20\/confira-a-programacao-da-semana-ettore-2019\/#primaryimage","url":"https:\/\/revistaregional.com.br\/site\/wp-content\/uploads\/2019\/03\/FOTO_LAURENTINO_1889-1.jpg","contentUrl":"https:\/\/revistaregional.com.br\/site\/wp-content\/uploads\/2019\/03\/FOTO_LAURENTINO_1889-1.jpg","width":1424,"height":1486},{"@type":"BreadcrumbList","@id":"https:\/\/revistaregional.com.br\/site\/2019\/03\/20\/confira-a-programacao-da-semana-ettore-2019\/#breadcrumb","itemListElement":[{"@type":"ListItem","position":1,"name":"In\u00edcio","item":"https:\/\/revistaregional.com.br\/site\/"},{"@type":"ListItem","position":2,"name":"Confira a programa\u00e7\u00e3o da Semana Ettore 2019"}]},{"@type":"WebSite","@id":"https:\/\/revistaregional.com.br\/site\/#website","url":"https:\/\/revistaregional.com.br\/site\/","name":"Revista Regional","description":"Salto - Itu - Indaituba","potentialAction":[{"@type":"SearchAction","target":{"@type":"EntryPoint","urlTemplate":"https:\/\/revistaregional.com.br\/site\/?s={search_term_string}"},"query-input":{"@type":"PropertyValueSpecification","valueRequired":true,"valueName":"search_term_string"}}],"inLanguage":"pt-BR"},{"@type":"Person","@id":"https:\/\/revistaregional.com.br\/site\/#\/schema\/person\/382af97c580dc1b18f55107bc316010d","name":"contato@revistaregional.com.br","image":{"@type":"ImageObject","inLanguage":"pt-BR","@id":"https:\/\/secure.gravatar.com\/avatar\/869822917e96b2e292d5827e4635855396934485e7c4a0af84e9a214e32ca0cd?s=96&d=mm&r=g","url":"https:\/\/secure.gravatar.com\/avatar\/869822917e96b2e292d5827e4635855396934485e7c4a0af84e9a214e32ca0cd?s=96&d=mm&r=g","contentUrl":"https:\/\/secure.gravatar.com\/avatar\/869822917e96b2e292d5827e4635855396934485e7c4a0af84e9a214e32ca0cd?s=96&d=mm&r=g","caption":"contato@revistaregional.com.br"},"url":"https:\/\/revistaregional.com.br\/site\/author\/contato@revistaregional.com.br\/"}]}},"views":63,"_links":{"self":[{"href":"https:\/\/revistaregional.com.br\/site\/wp-json\/wp\/v2\/posts\/18764","targetHints":{"allow":["GET"]}}],"collection":[{"href":"https:\/\/revistaregional.com.br\/site\/wp-json\/wp\/v2\/posts"}],"about":[{"href":"https:\/\/revistaregional.com.br\/site\/wp-json\/wp\/v2\/types\/post"}],"author":[{"embeddable":true,"href":"https:\/\/revistaregional.com.br\/site\/wp-json\/wp\/v2\/users\/1"}],"replies":[{"embeddable":true,"href":"https:\/\/revistaregional.com.br\/site\/wp-json\/wp\/v2\/comments?post=18764"}],"version-history":[{"count":1,"href":"https:\/\/revistaregional.com.br\/site\/wp-json\/wp\/v2\/posts\/18764\/revisions"}],"predecessor-version":[{"id":18766,"href":"https:\/\/revistaregional.com.br\/site\/wp-json\/wp\/v2\/posts\/18764\/revisions\/18766"}],"wp:featuredmedia":[{"embeddable":true,"href":"https:\/\/revistaregional.com.br\/site\/wp-json\/wp\/v2\/media\/18632"}],"wp:attachment":[{"href":"https:\/\/revistaregional.com.br\/site\/wp-json\/wp\/v2\/media?parent=18764"}],"wp:term":[{"taxonomy":"category","embeddable":true,"href":"https:\/\/revistaregional.com.br\/site\/wp-json\/wp\/v2\/categories?post=18764"},{"taxonomy":"post_tag","embeddable":true,"href":"https:\/\/revistaregional.com.br\/site\/wp-json\/wp\/v2\/tags?post=18764"}],"curies":[{"name":"wp","href":"https:\/\/api.w.org\/{rel}","templated":true}]}}