{"id":1871,"date":"2011-12-12T14:17:18","date_gmt":"2011-12-12T17:17:18","guid":{"rendered":"http:\/\/revistaregional.com.br\/site\/?p=1871"},"modified":"2024-01-26T10:52:37","modified_gmt":"2024-01-26T13:52:37","slug":"poetisa-de-itatiba-ganha-o-moutonnee-2011","status":"publish","type":"post","link":"https:\/\/revistaregional.com.br\/site\/2011\/12\/12\/poetisa-de-itatiba-ganha-o-moutonnee-2011\/","title":{"rendered":"Poetisa de Itatiba ganha o Moutonn\u00e9e 2011"},"content":{"rendered":"<figure id=\"attachment_1873\" aria-describedby=\"caption-attachment-1873\" style=\"width: 384px\" class=\"wp-caption alignleft\"><a rel=\"attachment wp-att-1873\" href=\"http:\/\/revistaregional.com.br\/site\/wp-content\/uploads\/2011\/12\/site-poetisa.jpg\"><img fetchpriority=\"high\" decoding=\"async\" class=\"size-full wp-image-1873 \" src=\"http:\/\/revistaregional.com.br\/site\/wp-content\/uploads\/2011\/12\/site-poetisa.jpg\" alt=\"\" width=\"384\" height=\"288\" srcset=\"https:\/\/revistaregional.com.br\/site\/wp-content\/uploads\/2011\/12\/site-poetisa.jpg 640w, https:\/\/revistaregional.com.br\/site\/wp-content\/uploads\/2011\/12\/site-poetisa-300x225.jpg 300w\" sizes=\"(max-width: 384px) 100vw, 384px\" \/><\/a><figcaption id=\"caption-attachment-1873\" class=\"wp-caption-text\">Entrega do pr\u00eamio na categoria principal<\/figcaption><\/figure>\n<p>A poetisa Maria Jos\u00e9 Federigu Nisgoski de Itatiba foi a grande vencedora na categoria adulto, da 21\u00aa edi\u00e7\u00e3o do Pr\u00eamio Moutonn\u00e9e de Poesia de Salto, com o poema \u201cO Poeta An\u00f4nimo\u201d. A segunda coloca\u00e7\u00e3o ficou para a poetisa de Tabo\u00e3o da Serra, Luci Teixeira da Silva, com o poema \u201cCom Ci\u00eancia Negra\u201d; e terceira, para Silvia Aparecida Caetano Alves, de Santa Cruz das Palmeiras, com a poesia \u201cPaz na Terra\u201d. Na categoria poema tem\u00e1tico, criada devido ao grande n\u00famero de poemas recebidos durantes as edi\u00e7\u00f5es e que se esmeraram em descrever e homenagear a Rocha Moutonn\u00e9e, a grande vencedora foi a poetisa Tais Vela Cruz, de Rancharia, com o poema \u201cTudo o que sou: Moutonn\u00e9e\u201d. J\u00e1 na categoria juvenil sagraram-se vencedores: 1\u00ba lugar para Jo\u00e3o Paulo Saconi de Itu, com a poesia \u201cAl\u00e9m dos Sonhos\u201d, 2\u00ba para Vinicius de Alvarenga Andrade de S\u00e3o Paulo, com o poema \u201cUma Manh\u00e3 Qualquer\u201d, e 3\u00ba lugar para Renata Barbosa de Souza, tamb\u00e9m de S\u00e3o Paulo, com \u201cViver, Amar, Sonhar\u201d. Pela categoria infantil receberam men\u00e7\u00f5es honrosas: o campineiro Alexandre de Aguiar Maria e os saltenses Gabriel Rodrigues da Silva e Bruno Henrique de Paiva de Fontes. A solenidade de premia\u00e7\u00e3o aconteceu no dia 05 de novembro, nas depend\u00eancias da Sala Palma de Ouro \u2013 Centro de Educa\u00e7\u00e3o e Cultura Anselmo Duarte, em Salto. A cerim\u00f4nia contou com a participa\u00e7\u00e3o especial do quarteto de cordas do Conservat\u00f3rio Municipal \u201cMaestro Henrique Castellari\u201d e dos bailarinos da Faces Ocultas Cia de Dan\u00e7a. Os primeiros poemas classificados em cada categoria foram declamados pelos atores saltenses: Paulo Batista, Evelyn Marcondes, Carolina Rossini, Charles Ferreira, Renato Bispo, Marco Steffano e Adilson Silva, acompanhados pela musicista C\u00e9lia Trettel.<\/p>\n<p><strong>POEMA VENCEDOR &#8211; Categoria Adulto \u2013 Maria Jos\u00e9 Federigu Nisgoski \u2013 Itatiba\/SP<\/strong><\/p>\n<p><strong> <\/strong><\/p>\n<p><strong>O Poeta An\u00f4nimo<\/strong><\/p>\n<p>&nbsp;<\/p>\n<p>I<\/p>\n<p>Z\u00e9 Bento, pessoa simples,<\/p>\n<p>N\u00e3o era muito letrado<\/p>\n<p>O pouco que aprendeu<\/p>\n<p>Foi na escolinha do povoado.<\/p>\n<p>II<\/p>\n<p>\u00c0 tardinha, depois da lida,<\/p>\n<p>No aconchego de seu lar<\/p>\n<p>L\u00e1pis e papel na m\u00e3o:<\/p>\n<p>Queria seus versos rascunhar..<\/p>\n<p>III<\/p>\n<p>Sob a luz do lampi\u00e3o<\/p>\n<p>Ele ficava a meditar:<\/p>\n<p>\u201cQue obra da natureza<\/p>\n<p>Iria em seus versos homenagear?\u201d<\/p>\n<p>IV<\/p>\n<p>Hoje talvez a Lua cheia<\/p>\n<p>Com seus raios prateados,<\/p>\n<p>Ou quem sabe as estrelas<\/p>\n<p>Que deixam o c\u00e9u todo enfeitado.<\/p>\n<p>V<\/p>\n<p>Pensou em falar das matas,<\/p>\n<p>De suas \u00e1rvores frondosas,<\/p>\n<p>Do alvo l\u00edrio do p\u00e2ntano<\/p>\n<p>Ou das cachoeiras esplendorosas.<\/p>\n<p>VI<\/p>\n<p>Ficava assim indeciso<\/p>\n<p>Diante de tanta beleza<\/p>\n<p>E perguntava : \u00d3 meu Deus!<\/p>\n<p>Porque destroem a natureza?\u201d<\/p>\n<p>VII<\/p>\n<p>J\u00e1 tinha feito versos<\/p>\n<p>Para a faceira Maria Rita,<\/p>\n<p>Que ficava t\u00e3o formosa<\/p>\n<p>Em seu vestido de chita.<\/p>\n<p>VIII<\/p>\n<p>Ela foi seu grande amor<\/p>\n<p>L\u00e1 no longiquo passado,<\/p>\n<p>Agora s\u00f3 restam lembran\u00e7as<\/p>\n<p>IX<\/p>\n<p>Que permanecem ao seu lado.<\/p>\n<p>N\u00e3o queria ficar triste<\/p>\n<p>Nessa noite especial<\/p>\n<p>Os sinos anunciavam<\/p>\n<p>A chegada do Natal.<\/p>\n<p>X<\/p>\n<p>Vestiu sua melhor roupa:<\/p>\n<p>Um palet\u00f3 j\u00e1 bem desbotado,<\/p>\n<p>A cal\u00e7a rustida nos joelhos<\/p>\n<p>E uma camisa que tinham lhe dado.<\/p>\n<p>XI<\/p>\n<p>N\u00e3o tinha a preocupa\u00e7\u00e3o<\/p>\n<p>De no espelho se olhar.<\/p>\n<p>Quando atravessasse o riacho<\/p>\n<p>Poderia em suas \u00e1guas se mirar,<\/p>\n<p>XII<\/p>\n<p>Mas Z\u00e9 Bento n\u00e3o tinha vaidade.<\/p>\n<p>S\u00f3 queria a Deus agradecer<\/p>\n<p>Por essa d\u00e1diva preciosa<\/p>\n<p>De seus versos poder fazer.<\/p>\n<p>XIII<\/p>\n<p>Fechou sua casinha,<\/p>\n<p>Deixou o lampi\u00e3o apagado<\/p>\n<p>E come\u00e7ou a caminhar<\/p>\n<p>Em dire\u00e7\u00e3o ao povoado.<\/p>\n<p>XIV<\/p>\n<p>Ao chegar \u00e0 capela<\/p>\n<p>Ele ficou a contemplar<\/p>\n<p>A imagem de Cristo na cruz<\/p>\n<p>E lagrimas deixou derramar.<\/p>\n<p>XV<\/p>\n<p>Z\u00e9 Bento n\u00e3o entendia<\/p>\n<p>Como p\u00f4de acontecer:<\/p>\n<p>Cristo, para nos salvar,<\/p>\n<p>Teve que na cruz pregado morrer.<\/p>\n<p>XVI<\/p>\n<p>Depois da cerim\u00f4nia,<\/p>\n<p>Ajoelhou-se aos p\u00e9s do altar.<\/p>\n<p>Precisava falar com Deus<\/p>\n<p>E uns versos recitar.<\/p>\n<p>XVII<\/p>\n<p>\u201cSenhor, meu\u00a0 Criador,<\/p>\n<p>Estou aqui ajoelhado<\/p>\n<p>Implorando teu perd\u00e3o<\/p>\n<p>Para os meus, os nossos pecados.\u201d<\/p>\n<p>XVIII<\/p>\n<p>No dia seguinte, Z\u00e9 Bento<\/p>\n<p>Permanecia no mesmo lugar.<\/p>\n<p>Deus o tinha chamado<\/p>\n<p>Para outra miss\u00e3o realizar.<\/p>\n<p>XIX<\/p>\n<p>N\u00e3o deu tempo de agradecer<\/p>\n<p>Por ter sido um iluminado.<\/p>\n<p>Foi poeta sem fama e sem gl\u00f3ria,<\/p>\n<p>Mas se sentia aben\u00e7oado.<\/p>\n<p>XX<\/p>\n<p>E assim o Poeta An\u00f4nimo<\/p>\n<p>Partiu sem avisar,<\/p>\n<p>Mas os seus \u00faltimos versos<\/p>\n<p>Pode ao Criador dedicar!<\/p>\n<p>&nbsp;<\/p>\n<p><em><strong>fotos: AI Pref. Salto<\/strong><\/em><\/p>\n<p>&nbsp;<\/p>\n","protected":false},"excerpt":{"rendered":"<p>A poetisa Maria Jos\u00e9 Federigu Nisgoski de Itatiba foi a grande vencedora na categoria adulto, da 21\u00aa edi\u00e7\u00e3o do Pr\u00eamio Moutonn\u00e9e de Poesia de Salto, com o poema \u201cO Poeta An\u00f4nimo\u201d. A segunda coloca\u00e7\u00e3o ficou para a poetisa de Tabo\u00e3o da Serra, Luci Teixeira da Silva, com o poema \u201cCom Ci\u00eancia Negra\u201d; e terceira, para [&hellip;]<\/p>\n","protected":false},"author":1,"featured_media":1873,"comment_status":"open","ping_status":"open","sticky":false,"template":"","format":"standard","meta":{"_acf_changed":false,"ngg_post_thumbnail":0,"_joinchat":[],"footnotes":""},"categories":[4],"tags":[533],"class_list":["post-1871","post","type-post","status-publish","format-standard","has-post-thumbnail","hentry","category-cultura","tag-cultura"],"acf":[],"yoast_head":"<!-- This site is optimized with the Yoast SEO plugin v27.4 - https:\/\/yoast.com\/product\/yoast-seo-wordpress\/ -->\n<title>Poetisa de Itatiba ganha o Moutonn\u00e9e 2011 - Revista Regional<\/title>\n<meta name=\"robots\" content=\"index, follow, max-snippet:-1, max-image-preview:large, max-video-preview:-1\" \/>\n<link rel=\"canonical\" href=\"https:\/\/revistaregional.com.br\/site\/2011\/12\/12\/poetisa-de-itatiba-ganha-o-moutonnee-2011\/\" \/>\n<meta property=\"og:locale\" content=\"pt_BR\" \/>\n<meta property=\"og:type\" content=\"article\" \/>\n<meta property=\"og:title\" content=\"Poetisa de Itatiba ganha o Moutonn\u00e9e 2011 - Revista Regional\" \/>\n<meta property=\"og:description\" content=\"A poetisa Maria Jos\u00e9 Federigu Nisgoski de Itatiba foi a grande vencedora na categoria adulto, da 21\u00aa edi\u00e7\u00e3o do Pr\u00eamio Moutonn\u00e9e de Poesia de Salto, com o poema \u201cO Poeta An\u00f4nimo\u201d. A segunda coloca\u00e7\u00e3o ficou para a poetisa de Tabo\u00e3o da Serra, Luci Teixeira da Silva, com o poema \u201cCom Ci\u00eancia Negra\u201d; e terceira, para [&hellip;]\" \/>\n<meta property=\"og:url\" content=\"https:\/\/revistaregional.com.br\/site\/2011\/12\/12\/poetisa-de-itatiba-ganha-o-moutonnee-2011\/\" \/>\n<meta property=\"og:site_name\" content=\"Revista Regional\" \/>\n<meta property=\"article:published_time\" content=\"2011-12-12T17:17:18+00:00\" \/>\n<meta property=\"article:modified_time\" content=\"2024-01-26T13:52:37+00:00\" \/>\n<meta property=\"og:image\" content=\"https:\/\/revistaregional.com.br\/site\/wp-content\/uploads\/2011\/12\/site-poetisa.jpg\" \/>\n\t<meta property=\"og:image:width\" content=\"640\" \/>\n\t<meta property=\"og:image:height\" content=\"480\" \/>\n\t<meta property=\"og:image:type\" content=\"image\/jpeg\" \/>\n<meta name=\"author\" content=\"contato@revistaregional.com.br\" \/>\n<meta name=\"twitter:card\" content=\"summary_large_image\" \/>\n<meta name=\"twitter:label1\" content=\"Escrito por\" \/>\n\t<meta name=\"twitter:data1\" content=\"contato@revistaregional.com.br\" \/>\n\t<meta name=\"twitter:label2\" content=\"Est. tempo de leitura\" \/>\n\t<meta name=\"twitter:data2\" content=\"4 minutos\" \/>\n<script type=\"application\/ld+json\" class=\"yoast-schema-graph\">{\"@context\":\"https:\\\/\\\/schema.org\",\"@graph\":[{\"@type\":\"Article\",\"@id\":\"https:\\\/\\\/revistaregional.com.br\\\/site\\\/2011\\\/12\\\/12\\\/poetisa-de-itatiba-ganha-o-moutonnee-2011\\\/#article\",\"isPartOf\":{\"@id\":\"https:\\\/\\\/revistaregional.com.br\\\/site\\\/2011\\\/12\\\/12\\\/poetisa-de-itatiba-ganha-o-moutonnee-2011\\\/\"},\"author\":{\"name\":\"contato@revistaregional.com.br\",\"@id\":\"https:\\\/\\\/revistaregional.com.br\\\/site\\\/#\\\/schema\\\/person\\\/382af97c580dc1b18f55107bc316010d\"},\"headline\":\"Poetisa de Itatiba ganha o Moutonn\u00e9e 2011\",\"datePublished\":\"2011-12-12T17:17:18+00:00\",\"dateModified\":\"2024-01-26T13:52:37+00:00\",\"mainEntityOfPage\":{\"@id\":\"https:\\\/\\\/revistaregional.com.br\\\/site\\\/2011\\\/12\\\/12\\\/poetisa-de-itatiba-ganha-o-moutonnee-2011\\\/\"},\"wordCount\":740,\"commentCount\":0,\"image\":{\"@id\":\"https:\\\/\\\/revistaregional.com.br\\\/site\\\/2011\\\/12\\\/12\\\/poetisa-de-itatiba-ganha-o-moutonnee-2011\\\/#primaryimage\"},\"thumbnailUrl\":\"https:\\\/\\\/revistaregional.com.br\\\/site\\\/wp-content\\\/uploads\\\/2011\\\/12\\\/site-poetisa.jpg\",\"keywords\":[\"Cultura\"],\"articleSection\":[\"Cultura\"],\"inLanguage\":\"pt-BR\",\"potentialAction\":[{\"@type\":\"CommentAction\",\"name\":\"Comment\",\"target\":[\"https:\\\/\\\/revistaregional.com.br\\\/site\\\/2011\\\/12\\\/12\\\/poetisa-de-itatiba-ganha-o-moutonnee-2011\\\/#respond\"]}]},{\"@type\":\"WebPage\",\"@id\":\"https:\\\/\\\/revistaregional.com.br\\\/site\\\/2011\\\/12\\\/12\\\/poetisa-de-itatiba-ganha-o-moutonnee-2011\\\/\",\"url\":\"https:\\\/\\\/revistaregional.com.br\\\/site\\\/2011\\\/12\\\/12\\\/poetisa-de-itatiba-ganha-o-moutonnee-2011\\\/\",\"name\":\"Poetisa de Itatiba ganha o Moutonn\u00e9e 2011 - Revista Regional\",\"isPartOf\":{\"@id\":\"https:\\\/\\\/revistaregional.com.br\\\/site\\\/#website\"},\"primaryImageOfPage\":{\"@id\":\"https:\\\/\\\/revistaregional.com.br\\\/site\\\/2011\\\/12\\\/12\\\/poetisa-de-itatiba-ganha-o-moutonnee-2011\\\/#primaryimage\"},\"image\":{\"@id\":\"https:\\\/\\\/revistaregional.com.br\\\/site\\\/2011\\\/12\\\/12\\\/poetisa-de-itatiba-ganha-o-moutonnee-2011\\\/#primaryimage\"},\"thumbnailUrl\":\"https:\\\/\\\/revistaregional.com.br\\\/site\\\/wp-content\\\/uploads\\\/2011\\\/12\\\/site-poetisa.jpg\",\"datePublished\":\"2011-12-12T17:17:18+00:00\",\"dateModified\":\"2024-01-26T13:52:37+00:00\",\"author\":{\"@id\":\"https:\\\/\\\/revistaregional.com.br\\\/site\\\/#\\\/schema\\\/person\\\/382af97c580dc1b18f55107bc316010d\"},\"breadcrumb\":{\"@id\":\"https:\\\/\\\/revistaregional.com.br\\\/site\\\/2011\\\/12\\\/12\\\/poetisa-de-itatiba-ganha-o-moutonnee-2011\\\/#breadcrumb\"},\"inLanguage\":\"pt-BR\",\"potentialAction\":[{\"@type\":\"ReadAction\",\"target\":[\"https:\\\/\\\/revistaregional.com.br\\\/site\\\/2011\\\/12\\\/12\\\/poetisa-de-itatiba-ganha-o-moutonnee-2011\\\/\"]}]},{\"@type\":\"ImageObject\",\"inLanguage\":\"pt-BR\",\"@id\":\"https:\\\/\\\/revistaregional.com.br\\\/site\\\/2011\\\/12\\\/12\\\/poetisa-de-itatiba-ganha-o-moutonnee-2011\\\/#primaryimage\",\"url\":\"https:\\\/\\\/revistaregional.com.br\\\/site\\\/wp-content\\\/uploads\\\/2011\\\/12\\\/site-poetisa.jpg\",\"contentUrl\":\"https:\\\/\\\/revistaregional.com.br\\\/site\\\/wp-content\\\/uploads\\\/2011\\\/12\\\/site-poetisa.jpg\",\"width\":\"640\",\"height\":\"480\",\"caption\":\"Entrega do pr\u00eamio na categoria principal\"},{\"@type\":\"BreadcrumbList\",\"@id\":\"https:\\\/\\\/revistaregional.com.br\\\/site\\\/2011\\\/12\\\/12\\\/poetisa-de-itatiba-ganha-o-moutonnee-2011\\\/#breadcrumb\",\"itemListElement\":[{\"@type\":\"ListItem\",\"position\":1,\"name\":\"In\u00edcio\",\"item\":\"https:\\\/\\\/revistaregional.com.br\\\/site\\\/\"},{\"@type\":\"ListItem\",\"position\":2,\"name\":\"Poetisa de Itatiba ganha o Moutonn\u00e9e 2011\"}]},{\"@type\":\"WebSite\",\"@id\":\"https:\\\/\\\/revistaregional.com.br\\\/site\\\/#website\",\"url\":\"https:\\\/\\\/revistaregional.com.br\\\/site\\\/\",\"name\":\"Revista Regional\",\"description\":\"Salto - Itu - Indaituba\",\"potentialAction\":[{\"@type\":\"SearchAction\",\"target\":{\"@type\":\"EntryPoint\",\"urlTemplate\":\"https:\\\/\\\/revistaregional.com.br\\\/site\\\/?s={search_term_string}\"},\"query-input\":{\"@type\":\"PropertyValueSpecification\",\"valueRequired\":true,\"valueName\":\"search_term_string\"}}],\"inLanguage\":\"pt-BR\"},{\"@type\":\"Person\",\"@id\":\"https:\\\/\\\/revistaregional.com.br\\\/site\\\/#\\\/schema\\\/person\\\/382af97c580dc1b18f55107bc316010d\",\"name\":\"contato@revistaregional.com.br\",\"image\":{\"@type\":\"ImageObject\",\"inLanguage\":\"pt-BR\",\"@id\":\"https:\\\/\\\/secure.gravatar.com\\\/avatar\\\/869822917e96b2e292d5827e4635855396934485e7c4a0af84e9a214e32ca0cd?s=96&d=mm&r=g\",\"url\":\"https:\\\/\\\/secure.gravatar.com\\\/avatar\\\/869822917e96b2e292d5827e4635855396934485e7c4a0af84e9a214e32ca0cd?s=96&d=mm&r=g\",\"contentUrl\":\"https:\\\/\\\/secure.gravatar.com\\\/avatar\\\/869822917e96b2e292d5827e4635855396934485e7c4a0af84e9a214e32ca0cd?s=96&d=mm&r=g\",\"caption\":\"contato@revistaregional.com.br\"},\"url\":\"https:\\\/\\\/revistaregional.com.br\\\/site\\\/author\\\/contato@revistaregional.com.br\\\/\"}]}<\/script>\n<!-- \/ Yoast SEO plugin. -->","yoast_head_json":{"title":"Poetisa de Itatiba ganha o Moutonn\u00e9e 2011 - Revista Regional","robots":{"index":"index","follow":"follow","max-snippet":"max-snippet:-1","max-image-preview":"max-image-preview:large","max-video-preview":"max-video-preview:-1"},"canonical":"https:\/\/revistaregional.com.br\/site\/2011\/12\/12\/poetisa-de-itatiba-ganha-o-moutonnee-2011\/","og_locale":"pt_BR","og_type":"article","og_title":"Poetisa de Itatiba ganha o Moutonn\u00e9e 2011 - Revista Regional","og_description":"A poetisa Maria Jos\u00e9 Federigu Nisgoski de Itatiba foi a grande vencedora na categoria adulto, da 21\u00aa edi\u00e7\u00e3o do Pr\u00eamio Moutonn\u00e9e de Poesia de Salto, com o poema \u201cO Poeta An\u00f4nimo\u201d. A segunda coloca\u00e7\u00e3o ficou para a poetisa de Tabo\u00e3o da Serra, Luci Teixeira da Silva, com o poema \u201cCom Ci\u00eancia Negra\u201d; e terceira, para [&hellip;]","og_url":"https:\/\/revistaregional.com.br\/site\/2011\/12\/12\/poetisa-de-itatiba-ganha-o-moutonnee-2011\/","og_site_name":"Revista Regional","article_published_time":"2011-12-12T17:17:18+00:00","article_modified_time":"2024-01-26T13:52:37+00:00","og_image":[{"width":640,"height":480,"url":"https:\/\/revistaregional.com.br\/site\/wp-content\/uploads\/2011\/12\/site-poetisa.jpg","type":"image\/jpeg"}],"author":"contato@revistaregional.com.br","twitter_card":"summary_large_image","twitter_misc":{"Escrito por":"contato@revistaregional.com.br","Est. tempo de leitura":"4 minutos"},"schema":{"@context":"https:\/\/schema.org","@graph":[{"@type":"Article","@id":"https:\/\/revistaregional.com.br\/site\/2011\/12\/12\/poetisa-de-itatiba-ganha-o-moutonnee-2011\/#article","isPartOf":{"@id":"https:\/\/revistaregional.com.br\/site\/2011\/12\/12\/poetisa-de-itatiba-ganha-o-moutonnee-2011\/"},"author":{"name":"contato@revistaregional.com.br","@id":"https:\/\/revistaregional.com.br\/site\/#\/schema\/person\/382af97c580dc1b18f55107bc316010d"},"headline":"Poetisa de Itatiba ganha o Moutonn\u00e9e 2011","datePublished":"2011-12-12T17:17:18+00:00","dateModified":"2024-01-26T13:52:37+00:00","mainEntityOfPage":{"@id":"https:\/\/revistaregional.com.br\/site\/2011\/12\/12\/poetisa-de-itatiba-ganha-o-moutonnee-2011\/"},"wordCount":740,"commentCount":0,"image":{"@id":"https:\/\/revistaregional.com.br\/site\/2011\/12\/12\/poetisa-de-itatiba-ganha-o-moutonnee-2011\/#primaryimage"},"thumbnailUrl":"https:\/\/revistaregional.com.br\/site\/wp-content\/uploads\/2011\/12\/site-poetisa.jpg","keywords":["Cultura"],"articleSection":["Cultura"],"inLanguage":"pt-BR","potentialAction":[{"@type":"CommentAction","name":"Comment","target":["https:\/\/revistaregional.com.br\/site\/2011\/12\/12\/poetisa-de-itatiba-ganha-o-moutonnee-2011\/#respond"]}]},{"@type":"WebPage","@id":"https:\/\/revistaregional.com.br\/site\/2011\/12\/12\/poetisa-de-itatiba-ganha-o-moutonnee-2011\/","url":"https:\/\/revistaregional.com.br\/site\/2011\/12\/12\/poetisa-de-itatiba-ganha-o-moutonnee-2011\/","name":"Poetisa de Itatiba ganha o Moutonn\u00e9e 2011 - Revista Regional","isPartOf":{"@id":"https:\/\/revistaregional.com.br\/site\/#website"},"primaryImageOfPage":{"@id":"https:\/\/revistaregional.com.br\/site\/2011\/12\/12\/poetisa-de-itatiba-ganha-o-moutonnee-2011\/#primaryimage"},"image":{"@id":"https:\/\/revistaregional.com.br\/site\/2011\/12\/12\/poetisa-de-itatiba-ganha-o-moutonnee-2011\/#primaryimage"},"thumbnailUrl":"https:\/\/revistaregional.com.br\/site\/wp-content\/uploads\/2011\/12\/site-poetisa.jpg","datePublished":"2011-12-12T17:17:18+00:00","dateModified":"2024-01-26T13:52:37+00:00","author":{"@id":"https:\/\/revistaregional.com.br\/site\/#\/schema\/person\/382af97c580dc1b18f55107bc316010d"},"breadcrumb":{"@id":"https:\/\/revistaregional.com.br\/site\/2011\/12\/12\/poetisa-de-itatiba-ganha-o-moutonnee-2011\/#breadcrumb"},"inLanguage":"pt-BR","potentialAction":[{"@type":"ReadAction","target":["https:\/\/revistaregional.com.br\/site\/2011\/12\/12\/poetisa-de-itatiba-ganha-o-moutonnee-2011\/"]}]},{"@type":"ImageObject","inLanguage":"pt-BR","@id":"https:\/\/revistaregional.com.br\/site\/2011\/12\/12\/poetisa-de-itatiba-ganha-o-moutonnee-2011\/#primaryimage","url":"https:\/\/revistaregional.com.br\/site\/wp-content\/uploads\/2011\/12\/site-poetisa.jpg","contentUrl":"https:\/\/revistaregional.com.br\/site\/wp-content\/uploads\/2011\/12\/site-poetisa.jpg","width":"640","height":"480","caption":"Entrega do pr\u00eamio na categoria principal"},{"@type":"BreadcrumbList","@id":"https:\/\/revistaregional.com.br\/site\/2011\/12\/12\/poetisa-de-itatiba-ganha-o-moutonnee-2011\/#breadcrumb","itemListElement":[{"@type":"ListItem","position":1,"name":"In\u00edcio","item":"https:\/\/revistaregional.com.br\/site\/"},{"@type":"ListItem","position":2,"name":"Poetisa de Itatiba ganha o Moutonn\u00e9e 2011"}]},{"@type":"WebSite","@id":"https:\/\/revistaregional.com.br\/site\/#website","url":"https:\/\/revistaregional.com.br\/site\/","name":"Revista Regional","description":"Salto - Itu - Indaituba","potentialAction":[{"@type":"SearchAction","target":{"@type":"EntryPoint","urlTemplate":"https:\/\/revistaregional.com.br\/site\/?s={search_term_string}"},"query-input":{"@type":"PropertyValueSpecification","valueRequired":true,"valueName":"search_term_string"}}],"inLanguage":"pt-BR"},{"@type":"Person","@id":"https:\/\/revistaregional.com.br\/site\/#\/schema\/person\/382af97c580dc1b18f55107bc316010d","name":"contato@revistaregional.com.br","image":{"@type":"ImageObject","inLanguage":"pt-BR","@id":"https:\/\/secure.gravatar.com\/avatar\/869822917e96b2e292d5827e4635855396934485e7c4a0af84e9a214e32ca0cd?s=96&d=mm&r=g","url":"https:\/\/secure.gravatar.com\/avatar\/869822917e96b2e292d5827e4635855396934485e7c4a0af84e9a214e32ca0cd?s=96&d=mm&r=g","contentUrl":"https:\/\/secure.gravatar.com\/avatar\/869822917e96b2e292d5827e4635855396934485e7c4a0af84e9a214e32ca0cd?s=96&d=mm&r=g","caption":"contato@revistaregional.com.br"},"url":"https:\/\/revistaregional.com.br\/site\/author\/contato@revistaregional.com.br\/"}]}},"views":142,"_links":{"self":[{"href":"https:\/\/revistaregional.com.br\/site\/wp-json\/wp\/v2\/posts\/1871","targetHints":{"allow":["GET"]}}],"collection":[{"href":"https:\/\/revistaregional.com.br\/site\/wp-json\/wp\/v2\/posts"}],"about":[{"href":"https:\/\/revistaregional.com.br\/site\/wp-json\/wp\/v2\/types\/post"}],"author":[{"embeddable":true,"href":"https:\/\/revistaregional.com.br\/site\/wp-json\/wp\/v2\/users\/1"}],"replies":[{"embeddable":true,"href":"https:\/\/revistaregional.com.br\/site\/wp-json\/wp\/v2\/comments?post=1871"}],"version-history":[{"count":5,"href":"https:\/\/revistaregional.com.br\/site\/wp-json\/wp\/v2\/posts\/1871\/revisions"}],"predecessor-version":[{"id":1876,"href":"https:\/\/revistaregional.com.br\/site\/wp-json\/wp\/v2\/posts\/1871\/revisions\/1876"}],"wp:featuredmedia":[{"embeddable":true,"href":"https:\/\/revistaregional.com.br\/site\/wp-json\/wp\/v2\/media\/1873"}],"wp:attachment":[{"href":"https:\/\/revistaregional.com.br\/site\/wp-json\/wp\/v2\/media?parent=1871"}],"wp:term":[{"taxonomy":"category","embeddable":true,"href":"https:\/\/revistaregional.com.br\/site\/wp-json\/wp\/v2\/categories?post=1871"},{"taxonomy":"post_tag","embeddable":true,"href":"https:\/\/revistaregional.com.br\/site\/wp-json\/wp\/v2\/tags?post=1871"}],"curies":[{"name":"wp","href":"https:\/\/api.w.org\/{rel}","templated":true}]}}