{"id":18511,"date":"2019-02-27T18:10:14","date_gmt":"2019-02-27T18:10:14","guid":{"rendered":"http:\/\/revistaregional.com.br\/site\/?p=18511"},"modified":"2024-01-26T11:01:19","modified_gmt":"2024-01-26T14:01:19","slug":"museu-da-energia-de-itu-tem-especial-de-carnaval","status":"publish","type":"post","link":"https:\/\/revistaregional.com.br\/site\/2019\/02\/27\/museu-da-energia-de-itu-tem-especial-de-carnaval\/","title":{"rendered":"Museu da Energia de Itu tem especial de Carnaval"},"content":{"rendered":"<figure id=\"attachment_18512\" aria-describedby=\"caption-attachment-18512\" style=\"width: 448px\" class=\"wp-caption alignright\"><a href=\"http:\/\/revistaregional.com.br\/site\/wp-content\/uploads\/2019\/02\/2-Carnaval_Museu-da-Energia-de-Itu.jpg\"><img fetchpriority=\"high\" decoding=\"async\" class=\"wp-image-18512\" src=\"http:\/\/revistaregional.com.br\/site\/wp-content\/uploads\/2019\/02\/2-Carnaval_Museu-da-Energia-de-Itu.jpg\" alt=\"Foto: Divulga\u00e7\u00e3o\" width=\"448\" height=\"336\" data-id=\"18512\" srcset=\"https:\/\/revistaregional.com.br\/site\/wp-content\/uploads\/2019\/02\/2-Carnaval_Museu-da-Energia-de-Itu.jpg 3264w, https:\/\/revistaregional.com.br\/site\/wp-content\/uploads\/2019\/02\/2-Carnaval_Museu-da-Energia-de-Itu-300x225.jpg 300w, https:\/\/revistaregional.com.br\/site\/wp-content\/uploads\/2019\/02\/2-Carnaval_Museu-da-Energia-de-Itu-1024x768.jpg 1024w, https:\/\/revistaregional.com.br\/site\/wp-content\/uploads\/2019\/02\/2-Carnaval_Museu-da-Energia-de-Itu-150x113.jpg 150w, https:\/\/revistaregional.com.br\/site\/wp-content\/uploads\/2019\/02\/2-Carnaval_Museu-da-Energia-de-Itu-413x311.jpg 413w\" sizes=\"(max-width: 448px) 100vw, 448px\" \/><\/a><figcaption id=\"caption-attachment-18512\" class=\"wp-caption-text\">Atividade de Carnaval no Museu da Energia de Itu<\/figcaption><\/figure>\n<p style=\"margin: 0cm 0cm 0.0001pt; font-size: 12pt; font-family: 'Times New Roman', serif; color: #212121; text-align: left;\" align=\"center\"><i><span style=\"margin: 0px; padding: 0px; border: 0px; font-style: inherit; font-variant: inherit; font-weight: inherit; font-stretch: inherit; font-size: inherit; line-height: inherit; font-family: Arial, sans-serif, serif, EmojiFont; vertical-align: baseline; color: black;\">Atra\u00e7\u00f5es especiais e gratuitas t\u00eam como foco o p\u00fablico infantil<\/span><\/i><\/p>\n<p style=\"margin: 0cm 0cm 0.0001pt; font-size: 12pt; font-family: 'Times New Roman', serif; color: #212121; text-align: left;\" align=\"center\">&nbsp;<\/p>\n<p style=\"margin: 0cm 0cm 0.0001pt; font-size: 12pt; font-family: 'Times New Roman', serif; color: #212121; text-align: left;\">&nbsp;<span style=\"margin: 0px; padding: 0px; border: 0px; font-style: inherit; font-variant: inherit; font-weight: inherit; font-stretch: inherit; font-size: inherit; line-height: inherit; font-family: Arial, sans-serif, serif, EmojiFont; vertical-align: baseline; color: black;\">A partir deste s\u00e1bado, dia 02, o Museu da Energia de Itu inicia a programa\u00e7\u00e3o especial durante o per\u00edodo de Carnaval. Nos dias 02, 03 e 04 de mar\u00e7o acontece a oficina de confec\u00e7\u00e3o de m\u00e1scaras e tiaras, e tamb\u00e9m pinturas art\u00edsticas no rosto para as crian\u00e7as.<\/span><\/p>\n<p style=\"margin: 0cm 0cm 0.0001pt; font-size: 12pt; font-family: 'Times New Roman', serif; color: #212121; text-align: left;\"><span style=\"margin: 0px; padding: 0px; border: 0px; font: inherit; vertical-align: baseline; color: #1f497d;\">&nbsp;&nbsp;&nbsp;&nbsp;&nbsp;&nbsp;&nbsp;&nbsp;&nbsp;&nbsp;&nbsp;&nbsp;<\/span><span style=\"margin: 0px; padding: 0px; border: 0px; font-style: inherit; font-variant: inherit; font-weight: inherit; font-stretch: inherit; font-size: inherit; line-height: inherit; font-family: Arial, sans-serif, serif, EmojiFont; vertical-align: baseline; color: black;\">A a\u00e7\u00e3o \u00e9 totalmente gratuita e acontece no andar t\u00e9rreo do Museu, que ser\u00e1 musicado ao som de marchinhas de Carnaval. No s\u00e1bado (02\/03) e domingo (03\/03), a programa\u00e7\u00e3o especial ocorre das 14<\/span><span style=\"margin: 0px; padding: 0px; border: 0px; font-style: inherit; font-variant: inherit; font-weight: inherit; font-stretch: inherit; font-size: inherit; line-height: inherit; font-family: Arial, sans-serif, serif, EmojiFont; vertical-align: baseline; color: #1f497d;\">h<\/span><span style=\"margin: 0px; padding: 0px; border: 0px; font-style: inherit; font-variant: inherit; font-weight: inherit; font-stretch: inherit; font-size: inherit; line-height: inherit; font-family: Arial, sans-serif, serif, EmojiFont; vertical-align: baseline; color: black;\">&nbsp;\u00e0s 16h. J\u00e1 na segunda (04\/03), ser\u00e1 realizada ao longo do dia, das 10h30 \u00e0s 16h30.<\/span><\/p>\n<p style=\"margin: 0cm 0cm 0.0001pt; font-size: 12pt; font-family: 'Times New Roman', serif; color: #212121; text-indent: 35.4pt; text-align: left;\"><span style=\"margin: 0px; padding: 0px; border: 0px; font-style: inherit; font-variant: inherit; font-weight: inherit; font-stretch: inherit; font-size: inherit; line-height: inherit; font-family: Arial, sans-serif, serif, EmojiFont; vertical-align: baseline; color: black;\">Mais informa\u00e7\u00f5es no telefone (11) 4022 6832 ou e-mail&nbsp;<a style=\"margin: 0px; padding: 0px; border: 0px; font: inherit; vertical-align: baseline; color: purple;\" href=\"mailto:itu@museudaenergia.org.br\" target=\"_blank\" rel=\"noopener noreferrer\" data-auth=\"NotApplicable\">itu@museudaenergia.org.br<\/a>.<\/span><\/p>\n<p class=\"x_MsoNormal\" style=\"margin: 0cm 0cm 0.0001pt; font-size: 12pt; font-family: 'Times New Roman', serif; color: #212121; text-align: left;\">&nbsp;&nbsp;<\/p>\n<p style=\"margin: 0cm 0cm 0.0001pt; font-size: 12pt; font-family: 'Times New Roman', serif; color: #212121; text-align: left;\"><b><span style=\"margin: 0px; padding: 0px; border: 0px; font-style: inherit; font-variant: inherit; font-weight: inherit; font-stretch: inherit; font-size: inherit; line-height: inherit; font-family: Arial, sans-serif, serif, EmojiFont; vertical-align: baseline; color: black;\">SERVI\u00c7O<\/span><\/b><\/p>\n<p style=\"margin: 0cm 0cm 0.0001pt; font-size: 12pt; font-family: 'Times New Roman', serif; color: #212121; text-align: left;\"><span style=\"margin: 0px; padding: 0px; border: 0px; font-style: inherit; font-variant: inherit; font-weight: inherit; font-stretch: inherit; font-size: inherit; line-height: inherit; font-family: Arial, sans-serif, serif, EmojiFont; vertical-align: baseline; color: black;\">Local: Museu da Energia de Itu<\/span><\/p>\n<p style=\"margin: 0cm 0cm 0.0001pt; font-size: 12pt; font-family: 'Times New Roman', serif; color: #212121; text-align: left;\"><span style=\"margin: 0px; padding: 0px; border: 0px; font-style: inherit; font-variant: inherit; font-weight: inherit; font-stretch: inherit; font-size: inherit; line-height: inherit; font-family: Arial, sans-serif, serif, EmojiFont; vertical-align: baseline; color: black;\">Data: 02\/03 a 04\/03<\/span><\/p>\n<p style=\"margin: 0cm 0cm 0.0001pt; font-size: 12pt; font-family: 'Times New Roman', serif; color: #212121; text-align: left;\"><span style=\"margin: 0px; padding: 0px; border: 0px; font-style: inherit; font-variant: inherit; font-weight: inherit; font-stretch: inherit; font-size: inherit; line-height: inherit; font-family: Arial, sans-serif, serif, EmojiFont; vertical-align: baseline; color: black;\">Hor\u00e1rios: Dias 02 e 03\/03, das 14<\/span><span style=\"margin: 0px; padding: 0px; border: 0px; font-style: inherit; font-variant: inherit; font-weight: inherit; font-stretch: inherit; font-size: inherit; line-height: inherit; font-family: Arial, sans-serif, serif, EmojiFont; vertical-align: baseline; color: #1f497d;\">h<\/span><span style=\"margin: 0px; padding: 0px; border: 0px; font-style: inherit; font-variant: inherit; font-weight: inherit; font-stretch: inherit; font-size: inherit; line-height: inherit; font-family: Arial, sans-serif, serif, EmojiFont; vertical-align: baseline; color: black;\">&nbsp;\u00e0s 16h; dia 04\/03, das 10h30 \u00e0s 16h30<\/span><\/p>\n<p style=\"margin: 0cm 0cm 0.0001pt; font-size: 12pt; font-family: 'Times New Roman', serif; color: #212121; text-align: left;\"><span style=\"margin: 0px; padding: 0px; border: 0px; font-style: inherit; font-variant: inherit; font-weight: inherit; font-stretch: inherit; font-size: inherit; line-height: inherit; font-family: Arial, sans-serif, serif, EmojiFont; vertical-align: baseline; color: black;\">Endere\u00e7o: Rua Paula Souza, 669, Centro<\/span><span style=\"margin: 0px; padding: 0px; border: 0px; font-style: inherit; font-variant: inherit; font-weight: inherit; font-stretch: inherit; font-size: inherit; line-height: inherit; font-family: Arial, sans-serif, serif, EmojiFont; vertical-align: baseline; color: #1f497d;\">&nbsp;de Itu<\/span><\/p>\n<p style=\"margin: 0cm 0cm 0.0001pt; font-size: 12pt; font-family: 'Times New Roman', serif; color: #212121; text-align: left;\"><span style=\"margin: 0px; padding: 0px; border: 0px; font-style: inherit; font-variant: inherit; font-weight: inherit; font-stretch: inherit; font-size: inherit; line-height: inherit; font-family: Arial, sans-serif, serif, EmojiFont; vertical-align: baseline; color: black;\">Mais Informa\u00e7\u00f5es: (11) 4022 6832<\/span><\/p>\n<p style=\"margin: 0cm 0cm 0.0001pt; font-size: 12pt; font-family: 'Times New Roman', serif; color: #212121; text-align: left;\"><a style=\"margin: 0px; padding: 0px; border: 0px; font: inherit; vertical-align: baseline; color: purple;\" href=\"http:\/\/www.museudaenergia.org.br\/programa%C3%A7%C3%A3o.aspx\" target=\"_blank\" rel=\"noopener noreferrer\" data-auth=\"NotApplicable\"><span style=\"margin: 0px; padding: 0px; border: 0px; font-style: inherit; font-variant: inherit; font-weight: inherit; font-stretch: inherit; font-size: inherit; line-height: inherit; font-family: Arial, sans-serif, serif, EmojiFont; vertical-align: baseline; color: inherit;\">http:\/\/www.museudaenergia.org.br\/programa%C3%A7%C3%A3o.aspx<\/span><\/a><\/p>\n<p class=\"x_MsoNormal\" style=\"margin: 0cm 0cm 12pt; font-size: 12pt; font-family: 'Times New Roman', serif; color: #212121;\"><span style=\"margin: 0px; padding: 0px; border: 0px; font: inherit; vertical-align: baseline; color: #1f497d;\">&nbsp;<\/span><\/p>\n","protected":false},"excerpt":{"rendered":"<p>Atra\u00e7\u00f5es especiais e gratuitas t\u00eam como foco o p\u00fablico infantil &nbsp; &nbsp;A partir deste s\u00e1bado, dia 02, o Museu da Energia de Itu inicia a programa\u00e7\u00e3o especial durante o per\u00edodo de Carnaval. Nos dias 02, 03 e 04 de mar\u00e7o acontece a oficina de confec\u00e7\u00e3o de m\u00e1scaras e tiaras, e tamb\u00e9m pinturas art\u00edsticas no rosto [&hellip;]<\/p>\n","protected":false},"author":1,"featured_media":18512,"comment_status":"open","ping_status":"open","sticky":false,"template":"","format":"standard","meta":{"_acf_changed":false,"ngg_post_thumbnail":0,"_joinchat":[],"footnotes":""},"categories":[4],"tags":[533],"class_list":["post-18511","post","type-post","status-publish","format-standard","has-post-thumbnail","hentry","category-cultura","tag-cultura"],"acf":[],"yoast_head":"<!-- This site is optimized with the Yoast SEO plugin v27.4 - https:\/\/yoast.com\/product\/yoast-seo-wordpress\/ -->\n<title>Museu da Energia de Itu tem especial de Carnaval - Revista Regional<\/title>\n<meta name=\"robots\" content=\"index, follow, max-snippet:-1, max-image-preview:large, max-video-preview:-1\" \/>\n<link rel=\"canonical\" href=\"https:\/\/revistaregional.com.br\/site\/2019\/02\/27\/museu-da-energia-de-itu-tem-especial-de-carnaval\/\" \/>\n<meta property=\"og:locale\" content=\"pt_BR\" \/>\n<meta property=\"og:type\" content=\"article\" \/>\n<meta property=\"og:title\" content=\"Museu da Energia de Itu tem especial de Carnaval - Revista Regional\" \/>\n<meta property=\"og:description\" content=\"Atra\u00e7\u00f5es especiais e gratuitas t\u00eam como foco o p\u00fablico infantil &nbsp; &nbsp;A partir deste s\u00e1bado, dia 02, o Museu da Energia de Itu inicia a programa\u00e7\u00e3o especial durante o per\u00edodo de Carnaval. Nos dias 02, 03 e 04 de mar\u00e7o acontece a oficina de confec\u00e7\u00e3o de m\u00e1scaras e tiaras, e tamb\u00e9m pinturas art\u00edsticas no rosto [&hellip;]\" \/>\n<meta property=\"og:url\" content=\"https:\/\/revistaregional.com.br\/site\/2019\/02\/27\/museu-da-energia-de-itu-tem-especial-de-carnaval\/\" \/>\n<meta property=\"og:site_name\" content=\"Revista Regional\" \/>\n<meta property=\"article:published_time\" content=\"2019-02-27T18:10:14+00:00\" \/>\n<meta property=\"article:modified_time\" content=\"2024-01-26T14:01:19+00:00\" \/>\n<meta property=\"og:image\" content=\"https:\/\/revistaregional.com.br\/site\/wp-content\/uploads\/2019\/02\/2-Carnaval_Museu-da-Energia-de-Itu.jpg\" \/>\n\t<meta property=\"og:image:width\" content=\"3264\" \/>\n\t<meta property=\"og:image:height\" content=\"2448\" \/>\n\t<meta property=\"og:image:type\" content=\"image\/jpeg\" \/>\n<meta name=\"author\" content=\"contato@revistaregional.com.br\" \/>\n<meta name=\"twitter:card\" content=\"summary_large_image\" \/>\n<meta name=\"twitter:label1\" content=\"Escrito por\" \/>\n\t<meta name=\"twitter:data1\" content=\"contato@revistaregional.com.br\" \/>\n\t<meta name=\"twitter:label2\" content=\"Est. tempo de leitura\" \/>\n\t<meta name=\"twitter:data2\" content=\"1 minuto\" \/>\n<script type=\"application\/ld+json\" class=\"yoast-schema-graph\">{\"@context\":\"https:\\\/\\\/schema.org\",\"@graph\":[{\"@type\":\"Article\",\"@id\":\"https:\\\/\\\/revistaregional.com.br\\\/site\\\/2019\\\/02\\\/27\\\/museu-da-energia-de-itu-tem-especial-de-carnaval\\\/#article\",\"isPartOf\":{\"@id\":\"https:\\\/\\\/revistaregional.com.br\\\/site\\\/2019\\\/02\\\/27\\\/museu-da-energia-de-itu-tem-especial-de-carnaval\\\/\"},\"author\":{\"name\":\"contato@revistaregional.com.br\",\"@id\":\"https:\\\/\\\/revistaregional.com.br\\\/site\\\/#\\\/schema\\\/person\\\/382af97c580dc1b18f55107bc316010d\"},\"headline\":\"Museu da Energia de Itu tem especial de Carnaval\",\"datePublished\":\"2019-02-27T18:10:14+00:00\",\"dateModified\":\"2024-01-26T14:01:19+00:00\",\"mainEntityOfPage\":{\"@id\":\"https:\\\/\\\/revistaregional.com.br\\\/site\\\/2019\\\/02\\\/27\\\/museu-da-energia-de-itu-tem-especial-de-carnaval\\\/\"},\"wordCount\":217,\"commentCount\":0,\"image\":{\"@id\":\"https:\\\/\\\/revistaregional.com.br\\\/site\\\/2019\\\/02\\\/27\\\/museu-da-energia-de-itu-tem-especial-de-carnaval\\\/#primaryimage\"},\"thumbnailUrl\":\"https:\\\/\\\/revistaregional.com.br\\\/site\\\/wp-content\\\/uploads\\\/2019\\\/02\\\/2-Carnaval_Museu-da-Energia-de-Itu.jpg\",\"keywords\":[\"Cultura\"],\"articleSection\":[\"Cultura\"],\"inLanguage\":\"pt-BR\",\"potentialAction\":[{\"@type\":\"CommentAction\",\"name\":\"Comment\",\"target\":[\"https:\\\/\\\/revistaregional.com.br\\\/site\\\/2019\\\/02\\\/27\\\/museu-da-energia-de-itu-tem-especial-de-carnaval\\\/#respond\"]}]},{\"@type\":\"WebPage\",\"@id\":\"https:\\\/\\\/revistaregional.com.br\\\/site\\\/2019\\\/02\\\/27\\\/museu-da-energia-de-itu-tem-especial-de-carnaval\\\/\",\"url\":\"https:\\\/\\\/revistaregional.com.br\\\/site\\\/2019\\\/02\\\/27\\\/museu-da-energia-de-itu-tem-especial-de-carnaval\\\/\",\"name\":\"Museu da Energia de Itu tem especial de Carnaval - Revista Regional\",\"isPartOf\":{\"@id\":\"https:\\\/\\\/revistaregional.com.br\\\/site\\\/#website\"},\"primaryImageOfPage\":{\"@id\":\"https:\\\/\\\/revistaregional.com.br\\\/site\\\/2019\\\/02\\\/27\\\/museu-da-energia-de-itu-tem-especial-de-carnaval\\\/#primaryimage\"},\"image\":{\"@id\":\"https:\\\/\\\/revistaregional.com.br\\\/site\\\/2019\\\/02\\\/27\\\/museu-da-energia-de-itu-tem-especial-de-carnaval\\\/#primaryimage\"},\"thumbnailUrl\":\"https:\\\/\\\/revistaregional.com.br\\\/site\\\/wp-content\\\/uploads\\\/2019\\\/02\\\/2-Carnaval_Museu-da-Energia-de-Itu.jpg\",\"datePublished\":\"2019-02-27T18:10:14+00:00\",\"dateModified\":\"2024-01-26T14:01:19+00:00\",\"author\":{\"@id\":\"https:\\\/\\\/revistaregional.com.br\\\/site\\\/#\\\/schema\\\/person\\\/382af97c580dc1b18f55107bc316010d\"},\"breadcrumb\":{\"@id\":\"https:\\\/\\\/revistaregional.com.br\\\/site\\\/2019\\\/02\\\/27\\\/museu-da-energia-de-itu-tem-especial-de-carnaval\\\/#breadcrumb\"},\"inLanguage\":\"pt-BR\",\"potentialAction\":[{\"@type\":\"ReadAction\",\"target\":[\"https:\\\/\\\/revistaregional.com.br\\\/site\\\/2019\\\/02\\\/27\\\/museu-da-energia-de-itu-tem-especial-de-carnaval\\\/\"]}]},{\"@type\":\"ImageObject\",\"inLanguage\":\"pt-BR\",\"@id\":\"https:\\\/\\\/revistaregional.com.br\\\/site\\\/2019\\\/02\\\/27\\\/museu-da-energia-de-itu-tem-especial-de-carnaval\\\/#primaryimage\",\"url\":\"https:\\\/\\\/revistaregional.com.br\\\/site\\\/wp-content\\\/uploads\\\/2019\\\/02\\\/2-Carnaval_Museu-da-Energia-de-Itu.jpg\",\"contentUrl\":\"https:\\\/\\\/revistaregional.com.br\\\/site\\\/wp-content\\\/uploads\\\/2019\\\/02\\\/2-Carnaval_Museu-da-Energia-de-Itu.jpg\",\"width\":3264,\"height\":2448},{\"@type\":\"BreadcrumbList\",\"@id\":\"https:\\\/\\\/revistaregional.com.br\\\/site\\\/2019\\\/02\\\/27\\\/museu-da-energia-de-itu-tem-especial-de-carnaval\\\/#breadcrumb\",\"itemListElement\":[{\"@type\":\"ListItem\",\"position\":1,\"name\":\"In\u00edcio\",\"item\":\"https:\\\/\\\/revistaregional.com.br\\\/site\\\/\"},{\"@type\":\"ListItem\",\"position\":2,\"name\":\"Museu da Energia de Itu tem especial de Carnaval\"}]},{\"@type\":\"WebSite\",\"@id\":\"https:\\\/\\\/revistaregional.com.br\\\/site\\\/#website\",\"url\":\"https:\\\/\\\/revistaregional.com.br\\\/site\\\/\",\"name\":\"Revista Regional\",\"description\":\"Salto - Itu - Indaituba\",\"potentialAction\":[{\"@type\":\"SearchAction\",\"target\":{\"@type\":\"EntryPoint\",\"urlTemplate\":\"https:\\\/\\\/revistaregional.com.br\\\/site\\\/?s={search_term_string}\"},\"query-input\":{\"@type\":\"PropertyValueSpecification\",\"valueRequired\":true,\"valueName\":\"search_term_string\"}}],\"inLanguage\":\"pt-BR\"},{\"@type\":\"Person\",\"@id\":\"https:\\\/\\\/revistaregional.com.br\\\/site\\\/#\\\/schema\\\/person\\\/382af97c580dc1b18f55107bc316010d\",\"name\":\"contato@revistaregional.com.br\",\"image\":{\"@type\":\"ImageObject\",\"inLanguage\":\"pt-BR\",\"@id\":\"https:\\\/\\\/secure.gravatar.com\\\/avatar\\\/869822917e96b2e292d5827e4635855396934485e7c4a0af84e9a214e32ca0cd?s=96&d=mm&r=g\",\"url\":\"https:\\\/\\\/secure.gravatar.com\\\/avatar\\\/869822917e96b2e292d5827e4635855396934485e7c4a0af84e9a214e32ca0cd?s=96&d=mm&r=g\",\"contentUrl\":\"https:\\\/\\\/secure.gravatar.com\\\/avatar\\\/869822917e96b2e292d5827e4635855396934485e7c4a0af84e9a214e32ca0cd?s=96&d=mm&r=g\",\"caption\":\"contato@revistaregional.com.br\"},\"url\":\"https:\\\/\\\/revistaregional.com.br\\\/site\\\/author\\\/contato@revistaregional.com.br\\\/\"}]}<\/script>\n<!-- \/ Yoast SEO plugin. -->","yoast_head_json":{"title":"Museu da Energia de Itu tem especial de Carnaval - Revista Regional","robots":{"index":"index","follow":"follow","max-snippet":"max-snippet:-1","max-image-preview":"max-image-preview:large","max-video-preview":"max-video-preview:-1"},"canonical":"https:\/\/revistaregional.com.br\/site\/2019\/02\/27\/museu-da-energia-de-itu-tem-especial-de-carnaval\/","og_locale":"pt_BR","og_type":"article","og_title":"Museu da Energia de Itu tem especial de Carnaval - Revista Regional","og_description":"Atra\u00e7\u00f5es especiais e gratuitas t\u00eam como foco o p\u00fablico infantil &nbsp; &nbsp;A partir deste s\u00e1bado, dia 02, o Museu da Energia de Itu inicia a programa\u00e7\u00e3o especial durante o per\u00edodo de Carnaval. Nos dias 02, 03 e 04 de mar\u00e7o acontece a oficina de confec\u00e7\u00e3o de m\u00e1scaras e tiaras, e tamb\u00e9m pinturas art\u00edsticas no rosto [&hellip;]","og_url":"https:\/\/revistaregional.com.br\/site\/2019\/02\/27\/museu-da-energia-de-itu-tem-especial-de-carnaval\/","og_site_name":"Revista Regional","article_published_time":"2019-02-27T18:10:14+00:00","article_modified_time":"2024-01-26T14:01:19+00:00","og_image":[{"width":3264,"height":2448,"url":"https:\/\/revistaregional.com.br\/site\/wp-content\/uploads\/2019\/02\/2-Carnaval_Museu-da-Energia-de-Itu.jpg","type":"image\/jpeg"}],"author":"contato@revistaregional.com.br","twitter_card":"summary_large_image","twitter_misc":{"Escrito por":"contato@revistaregional.com.br","Est. tempo de leitura":"1 minuto"},"schema":{"@context":"https:\/\/schema.org","@graph":[{"@type":"Article","@id":"https:\/\/revistaregional.com.br\/site\/2019\/02\/27\/museu-da-energia-de-itu-tem-especial-de-carnaval\/#article","isPartOf":{"@id":"https:\/\/revistaregional.com.br\/site\/2019\/02\/27\/museu-da-energia-de-itu-tem-especial-de-carnaval\/"},"author":{"name":"contato@revistaregional.com.br","@id":"https:\/\/revistaregional.com.br\/site\/#\/schema\/person\/382af97c580dc1b18f55107bc316010d"},"headline":"Museu da Energia de Itu tem especial de Carnaval","datePublished":"2019-02-27T18:10:14+00:00","dateModified":"2024-01-26T14:01:19+00:00","mainEntityOfPage":{"@id":"https:\/\/revistaregional.com.br\/site\/2019\/02\/27\/museu-da-energia-de-itu-tem-especial-de-carnaval\/"},"wordCount":217,"commentCount":0,"image":{"@id":"https:\/\/revistaregional.com.br\/site\/2019\/02\/27\/museu-da-energia-de-itu-tem-especial-de-carnaval\/#primaryimage"},"thumbnailUrl":"https:\/\/revistaregional.com.br\/site\/wp-content\/uploads\/2019\/02\/2-Carnaval_Museu-da-Energia-de-Itu.jpg","keywords":["Cultura"],"articleSection":["Cultura"],"inLanguage":"pt-BR","potentialAction":[{"@type":"CommentAction","name":"Comment","target":["https:\/\/revistaregional.com.br\/site\/2019\/02\/27\/museu-da-energia-de-itu-tem-especial-de-carnaval\/#respond"]}]},{"@type":"WebPage","@id":"https:\/\/revistaregional.com.br\/site\/2019\/02\/27\/museu-da-energia-de-itu-tem-especial-de-carnaval\/","url":"https:\/\/revistaregional.com.br\/site\/2019\/02\/27\/museu-da-energia-de-itu-tem-especial-de-carnaval\/","name":"Museu da Energia de Itu tem especial de Carnaval - Revista Regional","isPartOf":{"@id":"https:\/\/revistaregional.com.br\/site\/#website"},"primaryImageOfPage":{"@id":"https:\/\/revistaregional.com.br\/site\/2019\/02\/27\/museu-da-energia-de-itu-tem-especial-de-carnaval\/#primaryimage"},"image":{"@id":"https:\/\/revistaregional.com.br\/site\/2019\/02\/27\/museu-da-energia-de-itu-tem-especial-de-carnaval\/#primaryimage"},"thumbnailUrl":"https:\/\/revistaregional.com.br\/site\/wp-content\/uploads\/2019\/02\/2-Carnaval_Museu-da-Energia-de-Itu.jpg","datePublished":"2019-02-27T18:10:14+00:00","dateModified":"2024-01-26T14:01:19+00:00","author":{"@id":"https:\/\/revistaregional.com.br\/site\/#\/schema\/person\/382af97c580dc1b18f55107bc316010d"},"breadcrumb":{"@id":"https:\/\/revistaregional.com.br\/site\/2019\/02\/27\/museu-da-energia-de-itu-tem-especial-de-carnaval\/#breadcrumb"},"inLanguage":"pt-BR","potentialAction":[{"@type":"ReadAction","target":["https:\/\/revistaregional.com.br\/site\/2019\/02\/27\/museu-da-energia-de-itu-tem-especial-de-carnaval\/"]}]},{"@type":"ImageObject","inLanguage":"pt-BR","@id":"https:\/\/revistaregional.com.br\/site\/2019\/02\/27\/museu-da-energia-de-itu-tem-especial-de-carnaval\/#primaryimage","url":"https:\/\/revistaregional.com.br\/site\/wp-content\/uploads\/2019\/02\/2-Carnaval_Museu-da-Energia-de-Itu.jpg","contentUrl":"https:\/\/revistaregional.com.br\/site\/wp-content\/uploads\/2019\/02\/2-Carnaval_Museu-da-Energia-de-Itu.jpg","width":3264,"height":2448},{"@type":"BreadcrumbList","@id":"https:\/\/revistaregional.com.br\/site\/2019\/02\/27\/museu-da-energia-de-itu-tem-especial-de-carnaval\/#breadcrumb","itemListElement":[{"@type":"ListItem","position":1,"name":"In\u00edcio","item":"https:\/\/revistaregional.com.br\/site\/"},{"@type":"ListItem","position":2,"name":"Museu da Energia de Itu tem especial de Carnaval"}]},{"@type":"WebSite","@id":"https:\/\/revistaregional.com.br\/site\/#website","url":"https:\/\/revistaregional.com.br\/site\/","name":"Revista Regional","description":"Salto - Itu - Indaituba","potentialAction":[{"@type":"SearchAction","target":{"@type":"EntryPoint","urlTemplate":"https:\/\/revistaregional.com.br\/site\/?s={search_term_string}"},"query-input":{"@type":"PropertyValueSpecification","valueRequired":true,"valueName":"search_term_string"}}],"inLanguage":"pt-BR"},{"@type":"Person","@id":"https:\/\/revistaregional.com.br\/site\/#\/schema\/person\/382af97c580dc1b18f55107bc316010d","name":"contato@revistaregional.com.br","image":{"@type":"ImageObject","inLanguage":"pt-BR","@id":"https:\/\/secure.gravatar.com\/avatar\/869822917e96b2e292d5827e4635855396934485e7c4a0af84e9a214e32ca0cd?s=96&d=mm&r=g","url":"https:\/\/secure.gravatar.com\/avatar\/869822917e96b2e292d5827e4635855396934485e7c4a0af84e9a214e32ca0cd?s=96&d=mm&r=g","contentUrl":"https:\/\/secure.gravatar.com\/avatar\/869822917e96b2e292d5827e4635855396934485e7c4a0af84e9a214e32ca0cd?s=96&d=mm&r=g","caption":"contato@revistaregional.com.br"},"url":"https:\/\/revistaregional.com.br\/site\/author\/contato@revistaregional.com.br\/"}]}},"views":70,"_links":{"self":[{"href":"https:\/\/revistaregional.com.br\/site\/wp-json\/wp\/v2\/posts\/18511","targetHints":{"allow":["GET"]}}],"collection":[{"href":"https:\/\/revistaregional.com.br\/site\/wp-json\/wp\/v2\/posts"}],"about":[{"href":"https:\/\/revistaregional.com.br\/site\/wp-json\/wp\/v2\/types\/post"}],"author":[{"embeddable":true,"href":"https:\/\/revistaregional.com.br\/site\/wp-json\/wp\/v2\/users\/1"}],"replies":[{"embeddable":true,"href":"https:\/\/revistaregional.com.br\/site\/wp-json\/wp\/v2\/comments?post=18511"}],"version-history":[{"count":1,"href":"https:\/\/revistaregional.com.br\/site\/wp-json\/wp\/v2\/posts\/18511\/revisions"}],"predecessor-version":[{"id":18513,"href":"https:\/\/revistaregional.com.br\/site\/wp-json\/wp\/v2\/posts\/18511\/revisions\/18513"}],"wp:featuredmedia":[{"embeddable":true,"href":"https:\/\/revistaregional.com.br\/site\/wp-json\/wp\/v2\/media\/18512"}],"wp:attachment":[{"href":"https:\/\/revistaregional.com.br\/site\/wp-json\/wp\/v2\/media?parent=18511"}],"wp:term":[{"taxonomy":"category","embeddable":true,"href":"https:\/\/revistaregional.com.br\/site\/wp-json\/wp\/v2\/categories?post=18511"},{"taxonomy":"post_tag","embeddable":true,"href":"https:\/\/revistaregional.com.br\/site\/wp-json\/wp\/v2\/tags?post=18511"}],"curies":[{"name":"wp","href":"https:\/\/api.w.org\/{rel}","templated":true}]}}