{"id":18399,"date":"2019-02-20T17:23:10","date_gmt":"2019-02-20T17:23:10","guid":{"rendered":"http:\/\/revistaregional.com.br\/site\/?p=18399"},"modified":"2024-01-26T10:11:58","modified_gmt":"2024-01-26T13:11:58","slug":"em-itu-carnaval-na-praca-tera-banda-de-marchinhas-no-carmo","status":"publish","type":"post","link":"https:\/\/revistaregional.com.br\/site\/2019\/02\/20\/em-itu-carnaval-na-praca-tera-banda-de-marchinhas-no-carmo\/","title":{"rendered":"Carnaval de Itu ser\u00e1 no Largo do Carmo"},"content":{"rendered":"<figure id=\"attachment_18401\" aria-describedby=\"caption-attachment-18401\" style=\"width: 461px\" class=\"wp-caption alignright\"><a href=\"http:\/\/revistaregional.com.br\/site\/wp-content\/uploads\/2019\/02\/88.jpg\"><img fetchpriority=\"high\" decoding=\"async\" class=\"wp-image-18401 \" src=\"http:\/\/revistaregional.com.br\/site\/wp-content\/uploads\/2019\/02\/88.jpg\" alt=\"cr\u00e9dito: Juca Ferreira\/Prefeitura de Itu \" width=\"461\" height=\"307\" data-id=\"18401\" srcset=\"https:\/\/revistaregional.com.br\/site\/wp-content\/uploads\/2019\/02\/88.jpg 1772w, https:\/\/revistaregional.com.br\/site\/wp-content\/uploads\/2019\/02\/88-300x200.jpg 300w, https:\/\/revistaregional.com.br\/site\/wp-content\/uploads\/2019\/02\/88-1024x682.jpg 1024w, https:\/\/revistaregional.com.br\/site\/wp-content\/uploads\/2019\/02\/88-150x100.jpg 150w, https:\/\/revistaregional.com.br\/site\/wp-content\/uploads\/2019\/02\/88-272x182.jpg 272w\" sizes=\"(max-width: 461px) 100vw, 461px\" \/><\/a><figcaption id=\"caption-attachment-18401\" class=\"wp-caption-text\">Ap\u00f3s o sucesso das celebra\u00e7\u00f5es de 409 anos da cidade, a Pra\u00e7a do Carmo ter\u00e1 quatro dias de folia<\/figcaption><\/figure>\n<p style=\"text-align: left;\" align=\"center\"><i>A folia contar\u00e1 ainda com as participa\u00e7\u00f5es do Bloco do R, Bloco Acad\u00eamicos do Vale do Sol e do Grupo da Melhor Idade; confira a programa\u00e7\u00e3o<\/i><\/p>\n<p style=\"text-align: left;\">&nbsp;A Prefeitura de Itu, por meio de sua Secretaria de Turismo, Lazer e Eventos, promove o Carnaval na Pra\u00e7a com uma programa\u00e7\u00e3o voltada para a fam\u00edlia, agradando p\u00fablicos de todas as idades. Nos quatros dias de folia, a Pra\u00e7a do Carmo ter\u00e1 banda de marchinhas, que animar\u00e3o a festa e trar\u00e3o de volta o esp\u00edrito de divers\u00e3o dos antigos carnavais de rua.<\/p>\n<p style=\"text-align: left;\">&nbsp;O Carnaval na Pra\u00e7a contar\u00e1 ainda com as participa\u00e7\u00f5es do Bloco do R, Bloco Acad\u00eamicos do Vale do Sol e do Grupo da Melhor Idade<\/p>\n<p style=\"text-align: left;\">&nbsp;Devido \u00e0 boa aceita\u00e7\u00e3o da popula\u00e7\u00e3o durante as celebra\u00e7\u00f5es do Anivers\u00e1rio de 409 Anos da Cidade, os organizadores escolheram a Pra\u00e7a do Carmo para abrigar o evento, que deve atrair turistas da regi\u00e3o e aquecer o movimento do com\u00e9rcio.<\/p>\n<p style=\"text-align: left;\">&nbsp;A Pra\u00e7a Padre Miguel (Matriz), cen\u00e1rio tradicional da folia, est\u00e1 passando por reformas e ser\u00e1 entregue no segundo semestre deste ano, j\u00e1 revitalizada.<\/p>\n<p><b><u>Confira a programa\u00e7\u00e3o completa:<\/u><\/b><\/p>\n<p>S\u00e1bado (02\/03)<\/p>\n<p>13h30 \u00e0s 15h30 \u2013 Som Mec\u00e2nico<\/p>\n<p>15h30 \u00e0s 18h \u2013 Banda Matrix<\/p>\n<p>18h \u00e0s 19h \u2013 Intervalo<\/p>\n<p>19h \u00e0s 20h30 \u2013 Banda Matrix<\/p>\n<p>20h30 \u00e0s 21h30 \u2013 Bloco Acad\u00eamicos do Vale do Sol<\/p>\n<p>21h30 \u00e0s 22h \u2013 Banda Matrix<\/p>\n<p>&nbsp;<\/p>\n<p>Domingo (03\/03)<\/p>\n<p>13h30 \u00e0s 15h30 \u2013 Som Mec\u00e2nico<\/p>\n<p>15h30 \u00e0s 17h \u2013 Banda Matrix<\/p>\n<p>17h \u00e0s 18h \u2013 Coral Melhor Idade e Bloco da Melhor Idade<\/p>\n<p>18h \u00e0s 19h \u2013 Intervalo<\/p>\n<p>19h \u00e0s 20h30 \u2013 Banda Matrix<\/p>\n<p>20h30min \u00e0s 21h30min \u2013 Bloco do R<\/p>\n<p>21h30min \u00e0s 22h \u2013 Banda Matrix<\/p>\n<p>&nbsp;<\/p>\n<p>Segunda-feira (04\/03)<\/p>\n<p>13h30 \u00e0s 15h30 \u2013 Som Mec\u00e2nico<\/p>\n<p>15h30 \u00e0s 17h \u2013 Banda Matrix<\/p>\n<p>17h \u00e0s 18h \u2013 Coral Melhor Idade e Bloco da Melhor Idade<\/p>\n<p>18h \u00e0s 19h \u2013 Intervalo<\/p>\n<p>19h \u00e0s 20h30 \u2013 Banda Matrix<\/p>\n<p>20h30 \u00e0s 21h30 \u2013 Bloco Acad\u00eamicos do Vale do Sol<\/p>\n<p>21h30 \u00e0s 22h \u2013 Banda Matrix<\/p>\n<p>&nbsp;<\/p>\n<p>Ter\u00e7a-feira (05\/03)<\/p>\n<p>13h30 \u00e0s 15h30 \u2013 Som Mec\u00e2nico<\/p>\n<p>15h30 \u00e0s 18h \u2013 Banda Matrix<\/p>\n<p>18h \u00e0s 19h \u2013 Intervalo<\/p>\n<p>19h \u00e0s 20h30 \u2013 Banda Matrix<\/p>\n<p>20h30 \u00e0s 21h30 \u2013 Bloco do R<\/p>\n<p>21h30 \u00e0s 22h \u2013 Banda Matrix<\/p>\n","protected":false},"excerpt":{"rendered":"<p>A folia contar\u00e1 ainda com as participa\u00e7\u00f5es do Bloco do R, Bloco Acad\u00eamicos do Vale do Sol e do Grupo da Melhor Idade; confira a programa\u00e7\u00e3o &nbsp;A Prefeitura de Itu, por meio de sua Secretaria de Turismo, Lazer e Eventos, promove o Carnaval na Pra\u00e7a com uma programa\u00e7\u00e3o voltada para a fam\u00edlia, agradando p\u00fablicos de [&hellip;]<\/p>\n","protected":false},"author":1,"featured_media":18410,"comment_status":"open","ping_status":"open","sticky":false,"template":"","format":"standard","meta":{"_acf_changed":false,"ngg_post_thumbnail":0,"_joinchat":[],"footnotes":""},"categories":[12],"tags":[527],"class_list":["post-18399","post","type-post","status-publish","format-standard","has-post-thumbnail","hentry","category-regionais","tag-regionais"],"acf":[],"yoast_head":"<!-- This site is optimized with the Yoast SEO plugin v27.4 - https:\/\/yoast.com\/product\/yoast-seo-wordpress\/ -->\n<title>Carnaval de Itu ser\u00e1 no Largo do Carmo - Revista Regional<\/title>\n<meta name=\"robots\" content=\"index, follow, max-snippet:-1, max-image-preview:large, max-video-preview:-1\" \/>\n<link rel=\"canonical\" href=\"https:\/\/revistaregional.com.br\/site\/2019\/02\/20\/em-itu-carnaval-na-praca-tera-banda-de-marchinhas-no-carmo\/\" \/>\n<meta property=\"og:locale\" content=\"pt_BR\" \/>\n<meta property=\"og:type\" content=\"article\" \/>\n<meta property=\"og:title\" content=\"Carnaval de Itu ser\u00e1 no Largo do Carmo - Revista Regional\" \/>\n<meta property=\"og:description\" content=\"A folia contar\u00e1 ainda com as participa\u00e7\u00f5es do Bloco do R, Bloco Acad\u00eamicos do Vale do Sol e do Grupo da Melhor Idade; confira a programa\u00e7\u00e3o &nbsp;A Prefeitura de Itu, por meio de sua Secretaria de Turismo, Lazer e Eventos, promove o Carnaval na Pra\u00e7a com uma programa\u00e7\u00e3o voltada para a fam\u00edlia, agradando p\u00fablicos de [&hellip;]\" \/>\n<meta property=\"og:url\" content=\"https:\/\/revistaregional.com.br\/site\/2019\/02\/20\/em-itu-carnaval-na-praca-tera-banda-de-marchinhas-no-carmo\/\" \/>\n<meta property=\"og:site_name\" content=\"Revista Regional\" \/>\n<meta property=\"article:published_time\" content=\"2019-02-20T17:23:10+00:00\" \/>\n<meta property=\"article:modified_time\" content=\"2024-01-26T13:11:58+00:00\" \/>\n<meta property=\"og:image\" content=\"https:\/\/revistaregional.com.br\/site\/wp-content\/uploads\/2019\/02\/site.jpeg\" \/>\n\t<meta property=\"og:image:width\" content=\"2560\" \/>\n\t<meta property=\"og:image:height\" content=\"1687\" \/>\n\t<meta property=\"og:image:type\" content=\"image\/jpeg\" \/>\n<meta name=\"author\" content=\"contato@revistaregional.com.br\" \/>\n<meta name=\"twitter:card\" content=\"summary_large_image\" \/>\n<meta name=\"twitter:label1\" content=\"Escrito por\" \/>\n\t<meta name=\"twitter:data1\" content=\"contato@revistaregional.com.br\" \/>\n\t<meta name=\"twitter:label2\" content=\"Est. tempo de leitura\" \/>\n\t<meta name=\"twitter:data2\" content=\"2 minutos\" \/>\n<script type=\"application\/ld+json\" class=\"yoast-schema-graph\">{\"@context\":\"https:\\\/\\\/schema.org\",\"@graph\":[{\"@type\":\"Article\",\"@id\":\"https:\\\/\\\/revistaregional.com.br\\\/site\\\/2019\\\/02\\\/20\\\/em-itu-carnaval-na-praca-tera-banda-de-marchinhas-no-carmo\\\/#article\",\"isPartOf\":{\"@id\":\"https:\\\/\\\/revistaregional.com.br\\\/site\\\/2019\\\/02\\\/20\\\/em-itu-carnaval-na-praca-tera-banda-de-marchinhas-no-carmo\\\/\"},\"author\":{\"name\":\"contato@revistaregional.com.br\",\"@id\":\"https:\\\/\\\/revistaregional.com.br\\\/site\\\/#\\\/schema\\\/person\\\/382af97c580dc1b18f55107bc316010d\"},\"headline\":\"Carnaval de Itu ser\u00e1 no Largo do Carmo\",\"datePublished\":\"2019-02-20T17:23:10+00:00\",\"dateModified\":\"2024-01-26T13:11:58+00:00\",\"mainEntityOfPage\":{\"@id\":\"https:\\\/\\\/revistaregional.com.br\\\/site\\\/2019\\\/02\\\/20\\\/em-itu-carnaval-na-praca-tera-banda-de-marchinhas-no-carmo\\\/\"},\"wordCount\":408,\"commentCount\":0,\"image\":{\"@id\":\"https:\\\/\\\/revistaregional.com.br\\\/site\\\/2019\\\/02\\\/20\\\/em-itu-carnaval-na-praca-tera-banda-de-marchinhas-no-carmo\\\/#primaryimage\"},\"thumbnailUrl\":\"https:\\\/\\\/revistaregional.com.br\\\/site\\\/wp-content\\\/uploads\\\/2019\\\/02\\\/site.jpeg\",\"keywords\":[\"Regionais\"],\"articleSection\":[\"Regionais\"],\"inLanguage\":\"pt-BR\",\"potentialAction\":[{\"@type\":\"CommentAction\",\"name\":\"Comment\",\"target\":[\"https:\\\/\\\/revistaregional.com.br\\\/site\\\/2019\\\/02\\\/20\\\/em-itu-carnaval-na-praca-tera-banda-de-marchinhas-no-carmo\\\/#respond\"]}]},{\"@type\":\"WebPage\",\"@id\":\"https:\\\/\\\/revistaregional.com.br\\\/site\\\/2019\\\/02\\\/20\\\/em-itu-carnaval-na-praca-tera-banda-de-marchinhas-no-carmo\\\/\",\"url\":\"https:\\\/\\\/revistaregional.com.br\\\/site\\\/2019\\\/02\\\/20\\\/em-itu-carnaval-na-praca-tera-banda-de-marchinhas-no-carmo\\\/\",\"name\":\"Carnaval de Itu ser\u00e1 no Largo do Carmo - Revista Regional\",\"isPartOf\":{\"@id\":\"https:\\\/\\\/revistaregional.com.br\\\/site\\\/#website\"},\"primaryImageOfPage\":{\"@id\":\"https:\\\/\\\/revistaregional.com.br\\\/site\\\/2019\\\/02\\\/20\\\/em-itu-carnaval-na-praca-tera-banda-de-marchinhas-no-carmo\\\/#primaryimage\"},\"image\":{\"@id\":\"https:\\\/\\\/revistaregional.com.br\\\/site\\\/2019\\\/02\\\/20\\\/em-itu-carnaval-na-praca-tera-banda-de-marchinhas-no-carmo\\\/#primaryimage\"},\"thumbnailUrl\":\"https:\\\/\\\/revistaregional.com.br\\\/site\\\/wp-content\\\/uploads\\\/2019\\\/02\\\/site.jpeg\",\"datePublished\":\"2019-02-20T17:23:10+00:00\",\"dateModified\":\"2024-01-26T13:11:58+00:00\",\"author\":{\"@id\":\"https:\\\/\\\/revistaregional.com.br\\\/site\\\/#\\\/schema\\\/person\\\/382af97c580dc1b18f55107bc316010d\"},\"breadcrumb\":{\"@id\":\"https:\\\/\\\/revistaregional.com.br\\\/site\\\/2019\\\/02\\\/20\\\/em-itu-carnaval-na-praca-tera-banda-de-marchinhas-no-carmo\\\/#breadcrumb\"},\"inLanguage\":\"pt-BR\",\"potentialAction\":[{\"@type\":\"ReadAction\",\"target\":[\"https:\\\/\\\/revistaregional.com.br\\\/site\\\/2019\\\/02\\\/20\\\/em-itu-carnaval-na-praca-tera-banda-de-marchinhas-no-carmo\\\/\"]}]},{\"@type\":\"ImageObject\",\"inLanguage\":\"pt-BR\",\"@id\":\"https:\\\/\\\/revistaregional.com.br\\\/site\\\/2019\\\/02\\\/20\\\/em-itu-carnaval-na-praca-tera-banda-de-marchinhas-no-carmo\\\/#primaryimage\",\"url\":\"https:\\\/\\\/revistaregional.com.br\\\/site\\\/wp-content\\\/uploads\\\/2019\\\/02\\\/site.jpeg\",\"contentUrl\":\"https:\\\/\\\/revistaregional.com.br\\\/site\\\/wp-content\\\/uploads\\\/2019\\\/02\\\/site.jpeg\",\"width\":2560,\"height\":1687,\"caption\":\"Funny kid clown playing indoor\"},{\"@type\":\"BreadcrumbList\",\"@id\":\"https:\\\/\\\/revistaregional.com.br\\\/site\\\/2019\\\/02\\\/20\\\/em-itu-carnaval-na-praca-tera-banda-de-marchinhas-no-carmo\\\/#breadcrumb\",\"itemListElement\":[{\"@type\":\"ListItem\",\"position\":1,\"name\":\"In\u00edcio\",\"item\":\"https:\\\/\\\/revistaregional.com.br\\\/site\\\/\"},{\"@type\":\"ListItem\",\"position\":2,\"name\":\"Carnaval de Itu ser\u00e1 no Largo do Carmo\"}]},{\"@type\":\"WebSite\",\"@id\":\"https:\\\/\\\/revistaregional.com.br\\\/site\\\/#website\",\"url\":\"https:\\\/\\\/revistaregional.com.br\\\/site\\\/\",\"name\":\"Revista Regional\",\"description\":\"Salto - Itu - Indaituba\",\"potentialAction\":[{\"@type\":\"SearchAction\",\"target\":{\"@type\":\"EntryPoint\",\"urlTemplate\":\"https:\\\/\\\/revistaregional.com.br\\\/site\\\/?s={search_term_string}\"},\"query-input\":{\"@type\":\"PropertyValueSpecification\",\"valueRequired\":true,\"valueName\":\"search_term_string\"}}],\"inLanguage\":\"pt-BR\"},{\"@type\":\"Person\",\"@id\":\"https:\\\/\\\/revistaregional.com.br\\\/site\\\/#\\\/schema\\\/person\\\/382af97c580dc1b18f55107bc316010d\",\"name\":\"contato@revistaregional.com.br\",\"image\":{\"@type\":\"ImageObject\",\"inLanguage\":\"pt-BR\",\"@id\":\"https:\\\/\\\/secure.gravatar.com\\\/avatar\\\/869822917e96b2e292d5827e4635855396934485e7c4a0af84e9a214e32ca0cd?s=96&d=mm&r=g\",\"url\":\"https:\\\/\\\/secure.gravatar.com\\\/avatar\\\/869822917e96b2e292d5827e4635855396934485e7c4a0af84e9a214e32ca0cd?s=96&d=mm&r=g\",\"contentUrl\":\"https:\\\/\\\/secure.gravatar.com\\\/avatar\\\/869822917e96b2e292d5827e4635855396934485e7c4a0af84e9a214e32ca0cd?s=96&d=mm&r=g\",\"caption\":\"contato@revistaregional.com.br\"},\"url\":\"https:\\\/\\\/revistaregional.com.br\\\/site\\\/author\\\/contato@revistaregional.com.br\\\/\"}]}<\/script>\n<!-- \/ Yoast SEO plugin. -->","yoast_head_json":{"title":"Carnaval de Itu ser\u00e1 no Largo do Carmo - Revista Regional","robots":{"index":"index","follow":"follow","max-snippet":"max-snippet:-1","max-image-preview":"max-image-preview:large","max-video-preview":"max-video-preview:-1"},"canonical":"https:\/\/revistaregional.com.br\/site\/2019\/02\/20\/em-itu-carnaval-na-praca-tera-banda-de-marchinhas-no-carmo\/","og_locale":"pt_BR","og_type":"article","og_title":"Carnaval de Itu ser\u00e1 no Largo do Carmo - Revista Regional","og_description":"A folia contar\u00e1 ainda com as participa\u00e7\u00f5es do Bloco do R, Bloco Acad\u00eamicos do Vale do Sol e do Grupo da Melhor Idade; confira a programa\u00e7\u00e3o &nbsp;A Prefeitura de Itu, por meio de sua Secretaria de Turismo, Lazer e Eventos, promove o Carnaval na Pra\u00e7a com uma programa\u00e7\u00e3o voltada para a fam\u00edlia, agradando p\u00fablicos de [&hellip;]","og_url":"https:\/\/revistaregional.com.br\/site\/2019\/02\/20\/em-itu-carnaval-na-praca-tera-banda-de-marchinhas-no-carmo\/","og_site_name":"Revista Regional","article_published_time":"2019-02-20T17:23:10+00:00","article_modified_time":"2024-01-26T13:11:58+00:00","og_image":[{"width":2560,"height":1687,"url":"https:\/\/revistaregional.com.br\/site\/wp-content\/uploads\/2019\/02\/site.jpeg","type":"image\/jpeg"}],"author":"contato@revistaregional.com.br","twitter_card":"summary_large_image","twitter_misc":{"Escrito por":"contato@revistaregional.com.br","Est. tempo de leitura":"2 minutos"},"schema":{"@context":"https:\/\/schema.org","@graph":[{"@type":"Article","@id":"https:\/\/revistaregional.com.br\/site\/2019\/02\/20\/em-itu-carnaval-na-praca-tera-banda-de-marchinhas-no-carmo\/#article","isPartOf":{"@id":"https:\/\/revistaregional.com.br\/site\/2019\/02\/20\/em-itu-carnaval-na-praca-tera-banda-de-marchinhas-no-carmo\/"},"author":{"name":"contato@revistaregional.com.br","@id":"https:\/\/revistaregional.com.br\/site\/#\/schema\/person\/382af97c580dc1b18f55107bc316010d"},"headline":"Carnaval de Itu ser\u00e1 no Largo do Carmo","datePublished":"2019-02-20T17:23:10+00:00","dateModified":"2024-01-26T13:11:58+00:00","mainEntityOfPage":{"@id":"https:\/\/revistaregional.com.br\/site\/2019\/02\/20\/em-itu-carnaval-na-praca-tera-banda-de-marchinhas-no-carmo\/"},"wordCount":408,"commentCount":0,"image":{"@id":"https:\/\/revistaregional.com.br\/site\/2019\/02\/20\/em-itu-carnaval-na-praca-tera-banda-de-marchinhas-no-carmo\/#primaryimage"},"thumbnailUrl":"https:\/\/revistaregional.com.br\/site\/wp-content\/uploads\/2019\/02\/site.jpeg","keywords":["Regionais"],"articleSection":["Regionais"],"inLanguage":"pt-BR","potentialAction":[{"@type":"CommentAction","name":"Comment","target":["https:\/\/revistaregional.com.br\/site\/2019\/02\/20\/em-itu-carnaval-na-praca-tera-banda-de-marchinhas-no-carmo\/#respond"]}]},{"@type":"WebPage","@id":"https:\/\/revistaregional.com.br\/site\/2019\/02\/20\/em-itu-carnaval-na-praca-tera-banda-de-marchinhas-no-carmo\/","url":"https:\/\/revistaregional.com.br\/site\/2019\/02\/20\/em-itu-carnaval-na-praca-tera-banda-de-marchinhas-no-carmo\/","name":"Carnaval de Itu ser\u00e1 no Largo do Carmo - Revista Regional","isPartOf":{"@id":"https:\/\/revistaregional.com.br\/site\/#website"},"primaryImageOfPage":{"@id":"https:\/\/revistaregional.com.br\/site\/2019\/02\/20\/em-itu-carnaval-na-praca-tera-banda-de-marchinhas-no-carmo\/#primaryimage"},"image":{"@id":"https:\/\/revistaregional.com.br\/site\/2019\/02\/20\/em-itu-carnaval-na-praca-tera-banda-de-marchinhas-no-carmo\/#primaryimage"},"thumbnailUrl":"https:\/\/revistaregional.com.br\/site\/wp-content\/uploads\/2019\/02\/site.jpeg","datePublished":"2019-02-20T17:23:10+00:00","dateModified":"2024-01-26T13:11:58+00:00","author":{"@id":"https:\/\/revistaregional.com.br\/site\/#\/schema\/person\/382af97c580dc1b18f55107bc316010d"},"breadcrumb":{"@id":"https:\/\/revistaregional.com.br\/site\/2019\/02\/20\/em-itu-carnaval-na-praca-tera-banda-de-marchinhas-no-carmo\/#breadcrumb"},"inLanguage":"pt-BR","potentialAction":[{"@type":"ReadAction","target":["https:\/\/revistaregional.com.br\/site\/2019\/02\/20\/em-itu-carnaval-na-praca-tera-banda-de-marchinhas-no-carmo\/"]}]},{"@type":"ImageObject","inLanguage":"pt-BR","@id":"https:\/\/revistaregional.com.br\/site\/2019\/02\/20\/em-itu-carnaval-na-praca-tera-banda-de-marchinhas-no-carmo\/#primaryimage","url":"https:\/\/revistaregional.com.br\/site\/wp-content\/uploads\/2019\/02\/site.jpeg","contentUrl":"https:\/\/revistaregional.com.br\/site\/wp-content\/uploads\/2019\/02\/site.jpeg","width":2560,"height":1687,"caption":"Funny kid clown playing indoor"},{"@type":"BreadcrumbList","@id":"https:\/\/revistaregional.com.br\/site\/2019\/02\/20\/em-itu-carnaval-na-praca-tera-banda-de-marchinhas-no-carmo\/#breadcrumb","itemListElement":[{"@type":"ListItem","position":1,"name":"In\u00edcio","item":"https:\/\/revistaregional.com.br\/site\/"},{"@type":"ListItem","position":2,"name":"Carnaval de Itu ser\u00e1 no Largo do Carmo"}]},{"@type":"WebSite","@id":"https:\/\/revistaregional.com.br\/site\/#website","url":"https:\/\/revistaregional.com.br\/site\/","name":"Revista Regional","description":"Salto - Itu - Indaituba","potentialAction":[{"@type":"SearchAction","target":{"@type":"EntryPoint","urlTemplate":"https:\/\/revistaregional.com.br\/site\/?s={search_term_string}"},"query-input":{"@type":"PropertyValueSpecification","valueRequired":true,"valueName":"search_term_string"}}],"inLanguage":"pt-BR"},{"@type":"Person","@id":"https:\/\/revistaregional.com.br\/site\/#\/schema\/person\/382af97c580dc1b18f55107bc316010d","name":"contato@revistaregional.com.br","image":{"@type":"ImageObject","inLanguage":"pt-BR","@id":"https:\/\/secure.gravatar.com\/avatar\/869822917e96b2e292d5827e4635855396934485e7c4a0af84e9a214e32ca0cd?s=96&d=mm&r=g","url":"https:\/\/secure.gravatar.com\/avatar\/869822917e96b2e292d5827e4635855396934485e7c4a0af84e9a214e32ca0cd?s=96&d=mm&r=g","contentUrl":"https:\/\/secure.gravatar.com\/avatar\/869822917e96b2e292d5827e4635855396934485e7c4a0af84e9a214e32ca0cd?s=96&d=mm&r=g","caption":"contato@revistaregional.com.br"},"url":"https:\/\/revistaregional.com.br\/site\/author\/contato@revistaregional.com.br\/"}]}},"views":107,"_links":{"self":[{"href":"https:\/\/revistaregional.com.br\/site\/wp-json\/wp\/v2\/posts\/18399","targetHints":{"allow":["GET"]}}],"collection":[{"href":"https:\/\/revistaregional.com.br\/site\/wp-json\/wp\/v2\/posts"}],"about":[{"href":"https:\/\/revistaregional.com.br\/site\/wp-json\/wp\/v2\/types\/post"}],"author":[{"embeddable":true,"href":"https:\/\/revistaregional.com.br\/site\/wp-json\/wp\/v2\/users\/1"}],"replies":[{"embeddable":true,"href":"https:\/\/revistaregional.com.br\/site\/wp-json\/wp\/v2\/comments?post=18399"}],"version-history":[{"count":3,"href":"https:\/\/revistaregional.com.br\/site\/wp-json\/wp\/v2\/posts\/18399\/revisions"}],"predecessor-version":[{"id":18411,"href":"https:\/\/revistaregional.com.br\/site\/wp-json\/wp\/v2\/posts\/18399\/revisions\/18411"}],"wp:featuredmedia":[{"embeddable":true,"href":"https:\/\/revistaregional.com.br\/site\/wp-json\/wp\/v2\/media\/18410"}],"wp:attachment":[{"href":"https:\/\/revistaregional.com.br\/site\/wp-json\/wp\/v2\/media?parent=18399"}],"wp:term":[{"taxonomy":"category","embeddable":true,"href":"https:\/\/revistaregional.com.br\/site\/wp-json\/wp\/v2\/categories?post=18399"},{"taxonomy":"post_tag","embeddable":true,"href":"https:\/\/revistaregional.com.br\/site\/wp-json\/wp\/v2\/tags?post=18399"}],"curies":[{"name":"wp","href":"https:\/\/api.w.org\/{rel}","templated":true}]}}