{"id":18392,"date":"2019-02-15T15:31:31","date_gmt":"2019-02-15T15:31:31","guid":{"rendered":"http:\/\/revistaregional.com.br\/site\/?p=18392"},"modified":"2024-01-26T11:01:20","modified_gmt":"2024-01-26T14:01:20","slug":"eventos-em-itu-celebram-matriz-e-padre-jesuino","status":"publish","type":"post","link":"https:\/\/revistaregional.com.br\/site\/2019\/02\/15\/eventos-em-itu-celebram-matriz-e-padre-jesuino\/","title":{"rendered":"Eventos em Itu celebram Matriz e Padre Jesu\u00edno"},"content":{"rendered":"<figure id=\"attachment_18393\" aria-describedby=\"caption-attachment-18393\" style=\"width: 374px\" class=\"wp-caption alignleft\"><a href=\"http:\/\/revistaregional.com.br\/site\/wp-content\/uploads\/2019\/02\/44.jpg\"><img fetchpriority=\"high\" decoding=\"async\" class=\"wp-image-18393\" src=\"http:\/\/revistaregional.com.br\/site\/wp-content\/uploads\/2019\/02\/44.jpg\" alt=\"Juca Ferreira\/Prefeitura de Itu\" width=\"374\" height=\"249\" data-id=\"18393\" srcset=\"https:\/\/revistaregional.com.br\/site\/wp-content\/uploads\/2019\/02\/44.jpg 1701w, https:\/\/revistaregional.com.br\/site\/wp-content\/uploads\/2019\/02\/44-300x200.jpg 300w, https:\/\/revistaregional.com.br\/site\/wp-content\/uploads\/2019\/02\/44-1024x683.jpg 1024w, https:\/\/revistaregional.com.br\/site\/wp-content\/uploads\/2019\/02\/44-150x100.jpg 150w, https:\/\/revistaregional.com.br\/site\/wp-content\/uploads\/2019\/02\/44-272x182.jpg 272w\" sizes=\"(max-width: 374px) 100vw, 374px\" \/><\/a><figcaption id=\"caption-attachment-18393\" class=\"wp-caption-text\">Evento celebra os 80 anos do tombamento da Matriz, datado de 1938<\/figcaption><\/figure>\n<p>&nbsp;Em raz\u00e3o dos 80 anos de tombamento da Igreja Matriz Nossa Senhora da Candel\u00e1ria de Itu como Patrim\u00f4nio Nacional e do bicenten\u00e1rio do falecimento do Padre Jesu\u00edno do Monte Carmelo, a cidade de Itu contar\u00e1 com uma programa\u00e7\u00e3o especial no pr\u00f3ximo dia 23. A s\u00e9rie de eventos ser\u00e1 composta por semin\u00e1rio, visita t\u00e9cnica \u00e0 Igreja Matriz e um concerto musical. Os dois assuntos foram temas de cadernos especiais publicados pela REVISTA REGIONAL nas edi\u00e7\u00f5es de fevereiro de 2018 e de fevereiro deste ano, ambas em homenagem ao anivers\u00e1rio de Itu.<\/p>\n<p>&nbsp;&nbsp;&nbsp;&nbsp;&nbsp;&nbsp;&nbsp;&nbsp; A realiza\u00e7\u00e3o \u00e9 do Museu de Arte Religiosa e M\u00fasica Sacra Padre Jesu\u00edno do Monte Carmelo que pertence \u00e0 Secretaria de Cultura e do Patrim\u00f4nio Hist\u00f3rico da Prefeitura da Est\u00e2ncia Tur\u00edstica de Itu. As celebra\u00e7\u00f5es contam com o apoio do Programa de P\u00f3s Gradua\u00e7\u00e3o em Museologia e Patrim\u00f4nio &#8211; PPG PMUS da Universidade Federal do Estado do Rio de Janeiro &#8211; UNIRIO\/ Museu de Astronomia e Ci\u00eancias Afins &#8211; MAST e do Sincom\u00e9rcio.<\/p>\n<p>&nbsp;&nbsp;&nbsp;&nbsp;&nbsp;&nbsp;&nbsp;&nbsp; \u00c0s 9h, ter\u00e1 in\u00edcio o semin\u00e1rio 80 anos de tombamento da Igreja Matriz Nossa Senhora da Candel\u00e1ria de Itu como Patrim\u00f4nio Nacional. Contando com palestras, debates e homenagens, o semin\u00e1rio ocorrer\u00e1 no Audit\u00f3rio do Sincom\u00e9rcio (rua Maestro Jos\u00e9 Vit\u00f3rio, 137). A palestra de abertura do semin\u00e1rio ser\u00e1 proferida pela professora doutora Myrian Ribeiro especialista nos estilos do Barroco Brasileiro. A entrada livre at\u00e9 lota\u00e7\u00e3o do audit\u00f3rio, n\u00e3o havendo necessidade de inscri\u00e7\u00e3o.<\/p>\n<p>&nbsp;&nbsp;&nbsp;&nbsp;&nbsp;&nbsp;&nbsp;&nbsp; J\u00e1 \u00e0s 14h, ser\u00e1 promovida uma visita t\u00e9cnica \u00e0 Igreja Matriz Nossa Senhora da Candel\u00e1ria, conduzida pelo professor doutor Percival Tirapeli. Para participar da visita t\u00e9cnica \u00e9 obrigat\u00f3ria a inscri\u00e7\u00e3o, que deve ser realizada exclusivamente pelo e-mail:<a href=\"mailto:emerson.castilho@itu.sp.gov.br\" target=\"_blank\" rel=\"noopener noreferrer\" data-auth=\"NotApplicable\">emerson.castilho@itu.sp.gov.br<\/a>.<\/p>\n<p>&nbsp;&nbsp;&nbsp;&nbsp;&nbsp;&nbsp;&nbsp;&nbsp; Durante a noite, a partir das 20h, com apoio da Igreja Matriz Nossa Senhora da Candel\u00e1ria de Itu e do Coral Vozes de Itu e do Museu da M\u00fasica Itu ocorre a Cerim\u00f4nia de Homenagem ao Bicenten\u00e1rio de falecimento do Padre Jesu\u00edno do Monte Carmelo e aos 80 Anos de Tombamento da Igreja Matriz Nossa Senhora da Candel\u00e1ria de Itu como Patrim\u00f4nio Nacional. Este \u00faltimo evento, com entrada franca e livre, tamb\u00e9m ser\u00e1 na pr\u00f3pria Igreja Matriz.<\/p>\n<p>&nbsp;&nbsp;&nbsp;&nbsp;&nbsp;&nbsp;&nbsp;&nbsp; A cerim\u00f4nia ser\u00e1 dividida em duas partes, sendo a primeira formada por homenagens a personalidades ligadas \u00e0 preserva\u00e7\u00e3o patrimonial. O segundo momento da solenidade contar\u00e1 com uma apresenta\u00e7\u00e3o musical do Coral Vozes de Itu, sob a reg\u00eancia dos Maestros Lu\u00eds Roberto de Francisco e Paulo Zeppini, trazendo obras de compositores mineiros e ituanos.<\/p>\n<p class=\"x_MsoNormal\" align=\"center\">&nbsp;<\/p>\n","protected":false},"excerpt":{"rendered":"<p>&nbsp;Em raz\u00e3o dos 80 anos de tombamento da Igreja Matriz Nossa Senhora da Candel\u00e1ria de Itu como Patrim\u00f4nio Nacional e do bicenten\u00e1rio do falecimento do Padre Jesu\u00edno do Monte Carmelo, a cidade de Itu contar\u00e1 com uma programa\u00e7\u00e3o especial no pr\u00f3ximo dia 23. A s\u00e9rie de eventos ser\u00e1 composta por semin\u00e1rio, visita t\u00e9cnica \u00e0 Igreja [&hellip;]<\/p>\n","protected":false},"author":1,"featured_media":18393,"comment_status":"open","ping_status":"open","sticky":false,"template":"","format":"standard","meta":{"_acf_changed":false,"ngg_post_thumbnail":0,"_joinchat":[],"footnotes":""},"categories":[4],"tags":[533],"class_list":["post-18392","post","type-post","status-publish","format-standard","has-post-thumbnail","hentry","category-cultura","tag-cultura"],"acf":[],"yoast_head":"<!-- This site is optimized with the Yoast SEO plugin v27.4 - https:\/\/yoast.com\/product\/yoast-seo-wordpress\/ -->\n<title>Eventos em Itu celebram Matriz e Padre Jesu\u00edno - Revista Regional<\/title>\n<meta name=\"robots\" content=\"index, follow, max-snippet:-1, max-image-preview:large, max-video-preview:-1\" \/>\n<link rel=\"canonical\" href=\"https:\/\/revistaregional.com.br\/site\/2019\/02\/15\/eventos-em-itu-celebram-matriz-e-padre-jesuino\/\" \/>\n<meta property=\"og:locale\" content=\"pt_BR\" \/>\n<meta property=\"og:type\" content=\"article\" \/>\n<meta property=\"og:title\" content=\"Eventos em Itu celebram Matriz e Padre Jesu\u00edno - Revista Regional\" \/>\n<meta property=\"og:description\" content=\"&nbsp;Em raz\u00e3o dos 80 anos de tombamento da Igreja Matriz Nossa Senhora da Candel\u00e1ria de Itu como Patrim\u00f4nio Nacional e do bicenten\u00e1rio do falecimento do Padre Jesu\u00edno do Monte Carmelo, a cidade de Itu contar\u00e1 com uma programa\u00e7\u00e3o especial no pr\u00f3ximo dia 23. A s\u00e9rie de eventos ser\u00e1 composta por semin\u00e1rio, visita t\u00e9cnica \u00e0 Igreja [&hellip;]\" \/>\n<meta property=\"og:url\" content=\"https:\/\/revistaregional.com.br\/site\/2019\/02\/15\/eventos-em-itu-celebram-matriz-e-padre-jesuino\/\" \/>\n<meta property=\"og:site_name\" content=\"Revista Regional\" \/>\n<meta property=\"article:published_time\" content=\"2019-02-15T15:31:31+00:00\" \/>\n<meta property=\"article:modified_time\" content=\"2024-01-26T14:01:20+00:00\" \/>\n<meta property=\"og:image\" content=\"https:\/\/revistaregional.com.br\/site\/wp-content\/uploads\/2019\/02\/44.jpg\" \/>\n\t<meta property=\"og:image:width\" content=\"1701\" \/>\n\t<meta property=\"og:image:height\" content=\"1134\" \/>\n\t<meta property=\"og:image:type\" content=\"image\/jpeg\" \/>\n<meta name=\"author\" content=\"contato@revistaregional.com.br\" \/>\n<meta name=\"twitter:card\" content=\"summary_large_image\" \/>\n<meta name=\"twitter:label1\" content=\"Escrito por\" \/>\n\t<meta name=\"twitter:data1\" content=\"contato@revistaregional.com.br\" \/>\n\t<meta name=\"twitter:label2\" content=\"Est. tempo de leitura\" \/>\n\t<meta name=\"twitter:data2\" content=\"3 minutos\" \/>\n<script type=\"application\/ld+json\" class=\"yoast-schema-graph\">{\"@context\":\"https:\\\/\\\/schema.org\",\"@graph\":[{\"@type\":\"Article\",\"@id\":\"https:\\\/\\\/revistaregional.com.br\\\/site\\\/2019\\\/02\\\/15\\\/eventos-em-itu-celebram-matriz-e-padre-jesuino\\\/#article\",\"isPartOf\":{\"@id\":\"https:\\\/\\\/revistaregional.com.br\\\/site\\\/2019\\\/02\\\/15\\\/eventos-em-itu-celebram-matriz-e-padre-jesuino\\\/\"},\"author\":{\"name\":\"contato@revistaregional.com.br\",\"@id\":\"https:\\\/\\\/revistaregional.com.br\\\/site\\\/#\\\/schema\\\/person\\\/382af97c580dc1b18f55107bc316010d\"},\"headline\":\"Eventos em Itu celebram Matriz e Padre Jesu\u00edno\",\"datePublished\":\"2019-02-15T15:31:31+00:00\",\"dateModified\":\"2024-01-26T14:01:20+00:00\",\"mainEntityOfPage\":{\"@id\":\"https:\\\/\\\/revistaregional.com.br\\\/site\\\/2019\\\/02\\\/15\\\/eventos-em-itu-celebram-matriz-e-padre-jesuino\\\/\"},\"wordCount\":520,\"commentCount\":0,\"image\":{\"@id\":\"https:\\\/\\\/revistaregional.com.br\\\/site\\\/2019\\\/02\\\/15\\\/eventos-em-itu-celebram-matriz-e-padre-jesuino\\\/#primaryimage\"},\"thumbnailUrl\":\"https:\\\/\\\/revistaregional.com.br\\\/site\\\/wp-content\\\/uploads\\\/2019\\\/02\\\/44.jpg\",\"keywords\":[\"Cultura\"],\"articleSection\":[\"Cultura\"],\"inLanguage\":\"pt-BR\",\"potentialAction\":[{\"@type\":\"CommentAction\",\"name\":\"Comment\",\"target\":[\"https:\\\/\\\/revistaregional.com.br\\\/site\\\/2019\\\/02\\\/15\\\/eventos-em-itu-celebram-matriz-e-padre-jesuino\\\/#respond\"]}]},{\"@type\":\"WebPage\",\"@id\":\"https:\\\/\\\/revistaregional.com.br\\\/site\\\/2019\\\/02\\\/15\\\/eventos-em-itu-celebram-matriz-e-padre-jesuino\\\/\",\"url\":\"https:\\\/\\\/revistaregional.com.br\\\/site\\\/2019\\\/02\\\/15\\\/eventos-em-itu-celebram-matriz-e-padre-jesuino\\\/\",\"name\":\"Eventos em Itu celebram Matriz e Padre Jesu\u00edno - Revista Regional\",\"isPartOf\":{\"@id\":\"https:\\\/\\\/revistaregional.com.br\\\/site\\\/#website\"},\"primaryImageOfPage\":{\"@id\":\"https:\\\/\\\/revistaregional.com.br\\\/site\\\/2019\\\/02\\\/15\\\/eventos-em-itu-celebram-matriz-e-padre-jesuino\\\/#primaryimage\"},\"image\":{\"@id\":\"https:\\\/\\\/revistaregional.com.br\\\/site\\\/2019\\\/02\\\/15\\\/eventos-em-itu-celebram-matriz-e-padre-jesuino\\\/#primaryimage\"},\"thumbnailUrl\":\"https:\\\/\\\/revistaregional.com.br\\\/site\\\/wp-content\\\/uploads\\\/2019\\\/02\\\/44.jpg\",\"datePublished\":\"2019-02-15T15:31:31+00:00\",\"dateModified\":\"2024-01-26T14:01:20+00:00\",\"author\":{\"@id\":\"https:\\\/\\\/revistaregional.com.br\\\/site\\\/#\\\/schema\\\/person\\\/382af97c580dc1b18f55107bc316010d\"},\"breadcrumb\":{\"@id\":\"https:\\\/\\\/revistaregional.com.br\\\/site\\\/2019\\\/02\\\/15\\\/eventos-em-itu-celebram-matriz-e-padre-jesuino\\\/#breadcrumb\"},\"inLanguage\":\"pt-BR\",\"potentialAction\":[{\"@type\":\"ReadAction\",\"target\":[\"https:\\\/\\\/revistaregional.com.br\\\/site\\\/2019\\\/02\\\/15\\\/eventos-em-itu-celebram-matriz-e-padre-jesuino\\\/\"]}]},{\"@type\":\"ImageObject\",\"inLanguage\":\"pt-BR\",\"@id\":\"https:\\\/\\\/revistaregional.com.br\\\/site\\\/2019\\\/02\\\/15\\\/eventos-em-itu-celebram-matriz-e-padre-jesuino\\\/#primaryimage\",\"url\":\"https:\\\/\\\/revistaregional.com.br\\\/site\\\/wp-content\\\/uploads\\\/2019\\\/02\\\/44.jpg\",\"contentUrl\":\"https:\\\/\\\/revistaregional.com.br\\\/site\\\/wp-content\\\/uploads\\\/2019\\\/02\\\/44.jpg\",\"width\":1701,\"height\":1134},{\"@type\":\"BreadcrumbList\",\"@id\":\"https:\\\/\\\/revistaregional.com.br\\\/site\\\/2019\\\/02\\\/15\\\/eventos-em-itu-celebram-matriz-e-padre-jesuino\\\/#breadcrumb\",\"itemListElement\":[{\"@type\":\"ListItem\",\"position\":1,\"name\":\"In\u00edcio\",\"item\":\"https:\\\/\\\/revistaregional.com.br\\\/site\\\/\"},{\"@type\":\"ListItem\",\"position\":2,\"name\":\"Eventos em Itu celebram Matriz e Padre Jesu\u00edno\"}]},{\"@type\":\"WebSite\",\"@id\":\"https:\\\/\\\/revistaregional.com.br\\\/site\\\/#website\",\"url\":\"https:\\\/\\\/revistaregional.com.br\\\/site\\\/\",\"name\":\"Revista Regional\",\"description\":\"Salto - Itu - Indaituba\",\"potentialAction\":[{\"@type\":\"SearchAction\",\"target\":{\"@type\":\"EntryPoint\",\"urlTemplate\":\"https:\\\/\\\/revistaregional.com.br\\\/site\\\/?s={search_term_string}\"},\"query-input\":{\"@type\":\"PropertyValueSpecification\",\"valueRequired\":true,\"valueName\":\"search_term_string\"}}],\"inLanguage\":\"pt-BR\"},{\"@type\":\"Person\",\"@id\":\"https:\\\/\\\/revistaregional.com.br\\\/site\\\/#\\\/schema\\\/person\\\/382af97c580dc1b18f55107bc316010d\",\"name\":\"contato@revistaregional.com.br\",\"image\":{\"@type\":\"ImageObject\",\"inLanguage\":\"pt-BR\",\"@id\":\"https:\\\/\\\/secure.gravatar.com\\\/avatar\\\/869822917e96b2e292d5827e4635855396934485e7c4a0af84e9a214e32ca0cd?s=96&d=mm&r=g\",\"url\":\"https:\\\/\\\/secure.gravatar.com\\\/avatar\\\/869822917e96b2e292d5827e4635855396934485e7c4a0af84e9a214e32ca0cd?s=96&d=mm&r=g\",\"contentUrl\":\"https:\\\/\\\/secure.gravatar.com\\\/avatar\\\/869822917e96b2e292d5827e4635855396934485e7c4a0af84e9a214e32ca0cd?s=96&d=mm&r=g\",\"caption\":\"contato@revistaregional.com.br\"},\"url\":\"https:\\\/\\\/revistaregional.com.br\\\/site\\\/author\\\/contato@revistaregional.com.br\\\/\"}]}<\/script>\n<!-- \/ Yoast SEO plugin. -->","yoast_head_json":{"title":"Eventos em Itu celebram Matriz e Padre Jesu\u00edno - Revista Regional","robots":{"index":"index","follow":"follow","max-snippet":"max-snippet:-1","max-image-preview":"max-image-preview:large","max-video-preview":"max-video-preview:-1"},"canonical":"https:\/\/revistaregional.com.br\/site\/2019\/02\/15\/eventos-em-itu-celebram-matriz-e-padre-jesuino\/","og_locale":"pt_BR","og_type":"article","og_title":"Eventos em Itu celebram Matriz e Padre Jesu\u00edno - Revista Regional","og_description":"&nbsp;Em raz\u00e3o dos 80 anos de tombamento da Igreja Matriz Nossa Senhora da Candel\u00e1ria de Itu como Patrim\u00f4nio Nacional e do bicenten\u00e1rio do falecimento do Padre Jesu\u00edno do Monte Carmelo, a cidade de Itu contar\u00e1 com uma programa\u00e7\u00e3o especial no pr\u00f3ximo dia 23. A s\u00e9rie de eventos ser\u00e1 composta por semin\u00e1rio, visita t\u00e9cnica \u00e0 Igreja [&hellip;]","og_url":"https:\/\/revistaregional.com.br\/site\/2019\/02\/15\/eventos-em-itu-celebram-matriz-e-padre-jesuino\/","og_site_name":"Revista Regional","article_published_time":"2019-02-15T15:31:31+00:00","article_modified_time":"2024-01-26T14:01:20+00:00","og_image":[{"width":1701,"height":1134,"url":"https:\/\/revistaregional.com.br\/site\/wp-content\/uploads\/2019\/02\/44.jpg","type":"image\/jpeg"}],"author":"contato@revistaregional.com.br","twitter_card":"summary_large_image","twitter_misc":{"Escrito por":"contato@revistaregional.com.br","Est. tempo de leitura":"3 minutos"},"schema":{"@context":"https:\/\/schema.org","@graph":[{"@type":"Article","@id":"https:\/\/revistaregional.com.br\/site\/2019\/02\/15\/eventos-em-itu-celebram-matriz-e-padre-jesuino\/#article","isPartOf":{"@id":"https:\/\/revistaregional.com.br\/site\/2019\/02\/15\/eventos-em-itu-celebram-matriz-e-padre-jesuino\/"},"author":{"name":"contato@revistaregional.com.br","@id":"https:\/\/revistaregional.com.br\/site\/#\/schema\/person\/382af97c580dc1b18f55107bc316010d"},"headline":"Eventos em Itu celebram Matriz e Padre Jesu\u00edno","datePublished":"2019-02-15T15:31:31+00:00","dateModified":"2024-01-26T14:01:20+00:00","mainEntityOfPage":{"@id":"https:\/\/revistaregional.com.br\/site\/2019\/02\/15\/eventos-em-itu-celebram-matriz-e-padre-jesuino\/"},"wordCount":520,"commentCount":0,"image":{"@id":"https:\/\/revistaregional.com.br\/site\/2019\/02\/15\/eventos-em-itu-celebram-matriz-e-padre-jesuino\/#primaryimage"},"thumbnailUrl":"https:\/\/revistaregional.com.br\/site\/wp-content\/uploads\/2019\/02\/44.jpg","keywords":["Cultura"],"articleSection":["Cultura"],"inLanguage":"pt-BR","potentialAction":[{"@type":"CommentAction","name":"Comment","target":["https:\/\/revistaregional.com.br\/site\/2019\/02\/15\/eventos-em-itu-celebram-matriz-e-padre-jesuino\/#respond"]}]},{"@type":"WebPage","@id":"https:\/\/revistaregional.com.br\/site\/2019\/02\/15\/eventos-em-itu-celebram-matriz-e-padre-jesuino\/","url":"https:\/\/revistaregional.com.br\/site\/2019\/02\/15\/eventos-em-itu-celebram-matriz-e-padre-jesuino\/","name":"Eventos em Itu celebram Matriz e Padre Jesu\u00edno - Revista Regional","isPartOf":{"@id":"https:\/\/revistaregional.com.br\/site\/#website"},"primaryImageOfPage":{"@id":"https:\/\/revistaregional.com.br\/site\/2019\/02\/15\/eventos-em-itu-celebram-matriz-e-padre-jesuino\/#primaryimage"},"image":{"@id":"https:\/\/revistaregional.com.br\/site\/2019\/02\/15\/eventos-em-itu-celebram-matriz-e-padre-jesuino\/#primaryimage"},"thumbnailUrl":"https:\/\/revistaregional.com.br\/site\/wp-content\/uploads\/2019\/02\/44.jpg","datePublished":"2019-02-15T15:31:31+00:00","dateModified":"2024-01-26T14:01:20+00:00","author":{"@id":"https:\/\/revistaregional.com.br\/site\/#\/schema\/person\/382af97c580dc1b18f55107bc316010d"},"breadcrumb":{"@id":"https:\/\/revistaregional.com.br\/site\/2019\/02\/15\/eventos-em-itu-celebram-matriz-e-padre-jesuino\/#breadcrumb"},"inLanguage":"pt-BR","potentialAction":[{"@type":"ReadAction","target":["https:\/\/revistaregional.com.br\/site\/2019\/02\/15\/eventos-em-itu-celebram-matriz-e-padre-jesuino\/"]}]},{"@type":"ImageObject","inLanguage":"pt-BR","@id":"https:\/\/revistaregional.com.br\/site\/2019\/02\/15\/eventos-em-itu-celebram-matriz-e-padre-jesuino\/#primaryimage","url":"https:\/\/revistaregional.com.br\/site\/wp-content\/uploads\/2019\/02\/44.jpg","contentUrl":"https:\/\/revistaregional.com.br\/site\/wp-content\/uploads\/2019\/02\/44.jpg","width":1701,"height":1134},{"@type":"BreadcrumbList","@id":"https:\/\/revistaregional.com.br\/site\/2019\/02\/15\/eventos-em-itu-celebram-matriz-e-padre-jesuino\/#breadcrumb","itemListElement":[{"@type":"ListItem","position":1,"name":"In\u00edcio","item":"https:\/\/revistaregional.com.br\/site\/"},{"@type":"ListItem","position":2,"name":"Eventos em Itu celebram Matriz e Padre Jesu\u00edno"}]},{"@type":"WebSite","@id":"https:\/\/revistaregional.com.br\/site\/#website","url":"https:\/\/revistaregional.com.br\/site\/","name":"Revista Regional","description":"Salto - Itu - Indaituba","potentialAction":[{"@type":"SearchAction","target":{"@type":"EntryPoint","urlTemplate":"https:\/\/revistaregional.com.br\/site\/?s={search_term_string}"},"query-input":{"@type":"PropertyValueSpecification","valueRequired":true,"valueName":"search_term_string"}}],"inLanguage":"pt-BR"},{"@type":"Person","@id":"https:\/\/revistaregional.com.br\/site\/#\/schema\/person\/382af97c580dc1b18f55107bc316010d","name":"contato@revistaregional.com.br","image":{"@type":"ImageObject","inLanguage":"pt-BR","@id":"https:\/\/secure.gravatar.com\/avatar\/869822917e96b2e292d5827e4635855396934485e7c4a0af84e9a214e32ca0cd?s=96&d=mm&r=g","url":"https:\/\/secure.gravatar.com\/avatar\/869822917e96b2e292d5827e4635855396934485e7c4a0af84e9a214e32ca0cd?s=96&d=mm&r=g","contentUrl":"https:\/\/secure.gravatar.com\/avatar\/869822917e96b2e292d5827e4635855396934485e7c4a0af84e9a214e32ca0cd?s=96&d=mm&r=g","caption":"contato@revistaregional.com.br"},"url":"https:\/\/revistaregional.com.br\/site\/author\/contato@revistaregional.com.br\/"}]}},"views":60,"_links":{"self":[{"href":"https:\/\/revistaregional.com.br\/site\/wp-json\/wp\/v2\/posts\/18392","targetHints":{"allow":["GET"]}}],"collection":[{"href":"https:\/\/revistaregional.com.br\/site\/wp-json\/wp\/v2\/posts"}],"about":[{"href":"https:\/\/revistaregional.com.br\/site\/wp-json\/wp\/v2\/types\/post"}],"author":[{"embeddable":true,"href":"https:\/\/revistaregional.com.br\/site\/wp-json\/wp\/v2\/users\/1"}],"replies":[{"embeddable":true,"href":"https:\/\/revistaregional.com.br\/site\/wp-json\/wp\/v2\/comments?post=18392"}],"version-history":[{"count":1,"href":"https:\/\/revistaregional.com.br\/site\/wp-json\/wp\/v2\/posts\/18392\/revisions"}],"predecessor-version":[{"id":18394,"href":"https:\/\/revistaregional.com.br\/site\/wp-json\/wp\/v2\/posts\/18392\/revisions\/18394"}],"wp:featuredmedia":[{"embeddable":true,"href":"https:\/\/revistaregional.com.br\/site\/wp-json\/wp\/v2\/media\/18393"}],"wp:attachment":[{"href":"https:\/\/revistaregional.com.br\/site\/wp-json\/wp\/v2\/media?parent=18392"}],"wp:term":[{"taxonomy":"category","embeddable":true,"href":"https:\/\/revistaregional.com.br\/site\/wp-json\/wp\/v2\/categories?post=18392"},{"taxonomy":"post_tag","embeddable":true,"href":"https:\/\/revistaregional.com.br\/site\/wp-json\/wp\/v2\/tags?post=18392"}],"curies":[{"name":"wp","href":"https:\/\/api.w.org\/{rel}","templated":true}]}}