{"id":18378,"date":"2019-02-08T12:21:54","date_gmt":"2019-02-08T12:21:54","guid":{"rendered":"http:\/\/revistaregional.com.br\/site\/?p=18378"},"modified":"2024-01-26T11:01:21","modified_gmt":"2024-01-26T14:01:21","slug":"festival-vai-reunir-as-mais-belas-vozes-da-regiao","status":"publish","type":"post","link":"https:\/\/revistaregional.com.br\/site\/2019\/02\/08\/festival-vai-reunir-as-mais-belas-vozes-da-regiao\/","title":{"rendered":"Festival vai reunir as mais belas vozes da regi\u00e3o"},"content":{"rendered":"<figure id=\"attachment_18379\" aria-describedby=\"caption-attachment-18379\" style=\"width: 351px\" class=\"wp-caption alignleft\"><a href=\"http:\/\/revistaregional.com.br\/site\/wp-content\/uploads\/2019\/02\/festival-de-canto.jpg\"><img fetchpriority=\"high\" decoding=\"async\" class=\"wp-image-18379\" src=\"http:\/\/revistaregional.com.br\/site\/wp-content\/uploads\/2019\/02\/festival-de-canto.jpg\" alt=\"\" width=\"351\" height=\"233\" data-id=\"18379\" srcset=\"https:\/\/revistaregional.com.br\/site\/wp-content\/uploads\/2019\/02\/festival-de-canto.jpg 2899w, https:\/\/revistaregional.com.br\/site\/wp-content\/uploads\/2019\/02\/festival-de-canto-300x199.jpg 300w, https:\/\/revistaregional.com.br\/site\/wp-content\/uploads\/2019\/02\/festival-de-canto-1024x681.jpg 1024w, https:\/\/revistaregional.com.br\/site\/wp-content\/uploads\/2019\/02\/festival-de-canto-150x100.jpg 150w, https:\/\/revistaregional.com.br\/site\/wp-content\/uploads\/2019\/02\/festival-de-canto-272x182.jpg 272w\" sizes=\"(max-width: 351px) 100vw, 351px\" \/><\/a><figcaption id=\"caption-attachment-18379\" class=\"wp-caption-text\">Momento do concurso realizado ano passado<\/figcaption><\/figure>\n<p><em>Inscri\u00e7\u00e3o para o 2\u00ba Pr\u00eamio de M\u00fasica \u201cCanto do Taper\u00e1\u201d inicia na pr\u00f3xima semana <\/em><\/p>\n<p><strong>&nbsp;<\/strong><\/p>\n<p>Neste ano, a Prefeitura de Salto, por meio da Secretaria da Cultura realiza o 2\u00ba Pr\u00eamio de M\u00fasica \u201cCanto do Taper\u00e1\u201d. O festival re\u00fane as mais belas vozes do Interior paulista, em audi\u00e7\u00f5es que acontecem em abril. O objetivo \u00e9 incentivar a troca de experi\u00eancias entre cantores amadores ou profissionais.<\/p>\n<p>As inscri\u00e7\u00f5es para o 2\u00ba Pr\u00eamio de M\u00fasica \u201cCanto do Taper\u00e1\u201d se iniciam no dia 11 de fevereiro (segunda-feira) at\u00e9 dia 12 de mar\u00e7o. Os interessados em participar devem realizar a inscri\u00e7\u00e3o somente via Internet, atrav\u00e9s do e-mail: <a href=\"mailto:premiocantodotapera@gmail.com\">premiocantodotapera@gmail.com<\/a>; ao qual o candidato dever\u00e1 enviar os documentos dispon\u00edveis no regulamento.<\/p>\n<p>O vencedor do pr\u00eamio receber\u00e1 a import\u00e2ncia de R$ 2 mil, al\u00e9m de trof\u00e9u. O segundo e o terceiro lugar tamb\u00e9m recebem trof\u00e9u. O 2\u00ba Pr\u00eamio de M\u00fasica Canto do Taper\u00e1 ser\u00e1 realizado nos dias 02 e 03 de abril, quando acontecem as audi\u00e7\u00f5es, e dia 04 de maio, data da grande final, que ser\u00e1 na Sala Palma de Ouro.<\/p>\n<p>A idade m\u00ednima para participa\u00e7\u00e3o \u00e9 de 14 anos para artista solo; e em caso de duplas, \u00e9 necess\u00e1rio que um dos candidatos tenha a idade m\u00ednima exigida. O regulamento, a ficha de inscri\u00e7\u00e3o e a autoriza\u00e7\u00e3o (caso o candidato seja menor), podem ser acessadas no site da Prefeitura de Salto, por meio do link: <a href=\"https:\/\/salto.sp.gov.br\/wp-content\/uploads\/2019\/02\/regulamento_2_premio_musica_canto_tapera.pdf\">https:\/\/salto.sp.gov.br\/wp-content\/uploads\/2019\/02\/regulamento_2_premio_musica_canto_tapera.pdf<\/a><\/p>\n<p>&nbsp;<\/p>\n<p>foto: AI Pref. Salto<\/p>\n","protected":false},"excerpt":{"rendered":"<p>Inscri\u00e7\u00e3o para o 2\u00ba Pr\u00eamio de M\u00fasica \u201cCanto do Taper\u00e1\u201d inicia na pr\u00f3xima semana &nbsp; Neste ano, a Prefeitura de Salto, por meio da Secretaria da Cultura realiza o 2\u00ba Pr\u00eamio de M\u00fasica \u201cCanto do Taper\u00e1\u201d. O festival re\u00fane as mais belas vozes do Interior paulista, em audi\u00e7\u00f5es que acontecem em abril. O objetivo \u00e9 [&hellip;]<\/p>\n","protected":false},"author":1,"featured_media":18379,"comment_status":"open","ping_status":"open","sticky":false,"template":"","format":"standard","meta":{"_acf_changed":false,"ngg_post_thumbnail":0,"_joinchat":[],"footnotes":""},"categories":[4],"tags":[533],"class_list":["post-18378","post","type-post","status-publish","format-standard","has-post-thumbnail","hentry","category-cultura","tag-cultura"],"acf":[],"yoast_head":"<!-- This site is optimized with the Yoast SEO plugin v27.4 - https:\/\/yoast.com\/product\/yoast-seo-wordpress\/ -->\n<title>Festival vai reunir as mais belas vozes da regi\u00e3o - Revista Regional<\/title>\n<meta name=\"robots\" content=\"index, follow, max-snippet:-1, max-image-preview:large, max-video-preview:-1\" \/>\n<link rel=\"canonical\" href=\"https:\/\/revistaregional.com.br\/site\/2019\/02\/08\/festival-vai-reunir-as-mais-belas-vozes-da-regiao\/\" \/>\n<meta property=\"og:locale\" content=\"pt_BR\" \/>\n<meta property=\"og:type\" content=\"article\" \/>\n<meta property=\"og:title\" content=\"Festival vai reunir as mais belas vozes da regi\u00e3o - Revista Regional\" \/>\n<meta property=\"og:description\" content=\"Inscri\u00e7\u00e3o para o 2\u00ba Pr\u00eamio de M\u00fasica \u201cCanto do Taper\u00e1\u201d inicia na pr\u00f3xima semana &nbsp; Neste ano, a Prefeitura de Salto, por meio da Secretaria da Cultura realiza o 2\u00ba Pr\u00eamio de M\u00fasica \u201cCanto do Taper\u00e1\u201d. O festival re\u00fane as mais belas vozes do Interior paulista, em audi\u00e7\u00f5es que acontecem em abril. O objetivo \u00e9 [&hellip;]\" \/>\n<meta property=\"og:url\" content=\"https:\/\/revistaregional.com.br\/site\/2019\/02\/08\/festival-vai-reunir-as-mais-belas-vozes-da-regiao\/\" \/>\n<meta property=\"og:site_name\" content=\"Revista Regional\" \/>\n<meta property=\"article:published_time\" content=\"2019-02-08T12:21:54+00:00\" \/>\n<meta property=\"article:modified_time\" content=\"2024-01-26T14:01:21+00:00\" \/>\n<meta property=\"og:image\" content=\"https:\/\/revistaregional.com.br\/site\/wp-content\/uploads\/2019\/02\/festival-de-canto.jpg\" \/>\n\t<meta property=\"og:image:width\" content=\"2899\" \/>\n\t<meta property=\"og:image:height\" content=\"1927\" \/>\n\t<meta property=\"og:image:type\" content=\"image\/jpeg\" \/>\n<meta name=\"author\" content=\"contato@revistaregional.com.br\" \/>\n<meta name=\"twitter:card\" content=\"summary_large_image\" \/>\n<meta name=\"twitter:label1\" content=\"Escrito por\" \/>\n\t<meta name=\"twitter:data1\" content=\"contato@revistaregional.com.br\" \/>\n\t<meta name=\"twitter:label2\" content=\"Est. tempo de leitura\" \/>\n\t<meta name=\"twitter:data2\" content=\"1 minuto\" \/>\n<script type=\"application\/ld+json\" class=\"yoast-schema-graph\">{\"@context\":\"https:\\\/\\\/schema.org\",\"@graph\":[{\"@type\":\"Article\",\"@id\":\"https:\\\/\\\/revistaregional.com.br\\\/site\\\/2019\\\/02\\\/08\\\/festival-vai-reunir-as-mais-belas-vozes-da-regiao\\\/#article\",\"isPartOf\":{\"@id\":\"https:\\\/\\\/revistaregional.com.br\\\/site\\\/2019\\\/02\\\/08\\\/festival-vai-reunir-as-mais-belas-vozes-da-regiao\\\/\"},\"author\":{\"name\":\"contato@revistaregional.com.br\",\"@id\":\"https:\\\/\\\/revistaregional.com.br\\\/site\\\/#\\\/schema\\\/person\\\/382af97c580dc1b18f55107bc316010d\"},\"headline\":\"Festival vai reunir as mais belas vozes da regi\u00e3o\",\"datePublished\":\"2019-02-08T12:21:54+00:00\",\"dateModified\":\"2024-01-26T14:01:21+00:00\",\"mainEntityOfPage\":{\"@id\":\"https:\\\/\\\/revistaregional.com.br\\\/site\\\/2019\\\/02\\\/08\\\/festival-vai-reunir-as-mais-belas-vozes-da-regiao\\\/\"},\"wordCount\":290,\"commentCount\":0,\"image\":{\"@id\":\"https:\\\/\\\/revistaregional.com.br\\\/site\\\/2019\\\/02\\\/08\\\/festival-vai-reunir-as-mais-belas-vozes-da-regiao\\\/#primaryimage\"},\"thumbnailUrl\":\"https:\\\/\\\/revistaregional.com.br\\\/site\\\/wp-content\\\/uploads\\\/2019\\\/02\\\/festival-de-canto.jpg\",\"keywords\":[\"Cultura\"],\"articleSection\":[\"Cultura\"],\"inLanguage\":\"pt-BR\",\"potentialAction\":[{\"@type\":\"CommentAction\",\"name\":\"Comment\",\"target\":[\"https:\\\/\\\/revistaregional.com.br\\\/site\\\/2019\\\/02\\\/08\\\/festival-vai-reunir-as-mais-belas-vozes-da-regiao\\\/#respond\"]}]},{\"@type\":\"WebPage\",\"@id\":\"https:\\\/\\\/revistaregional.com.br\\\/site\\\/2019\\\/02\\\/08\\\/festival-vai-reunir-as-mais-belas-vozes-da-regiao\\\/\",\"url\":\"https:\\\/\\\/revistaregional.com.br\\\/site\\\/2019\\\/02\\\/08\\\/festival-vai-reunir-as-mais-belas-vozes-da-regiao\\\/\",\"name\":\"Festival vai reunir as mais belas vozes da regi\u00e3o - Revista Regional\",\"isPartOf\":{\"@id\":\"https:\\\/\\\/revistaregional.com.br\\\/site\\\/#website\"},\"primaryImageOfPage\":{\"@id\":\"https:\\\/\\\/revistaregional.com.br\\\/site\\\/2019\\\/02\\\/08\\\/festival-vai-reunir-as-mais-belas-vozes-da-regiao\\\/#primaryimage\"},\"image\":{\"@id\":\"https:\\\/\\\/revistaregional.com.br\\\/site\\\/2019\\\/02\\\/08\\\/festival-vai-reunir-as-mais-belas-vozes-da-regiao\\\/#primaryimage\"},\"thumbnailUrl\":\"https:\\\/\\\/revistaregional.com.br\\\/site\\\/wp-content\\\/uploads\\\/2019\\\/02\\\/festival-de-canto.jpg\",\"datePublished\":\"2019-02-08T12:21:54+00:00\",\"dateModified\":\"2024-01-26T14:01:21+00:00\",\"author\":{\"@id\":\"https:\\\/\\\/revistaregional.com.br\\\/site\\\/#\\\/schema\\\/person\\\/382af97c580dc1b18f55107bc316010d\"},\"breadcrumb\":{\"@id\":\"https:\\\/\\\/revistaregional.com.br\\\/site\\\/2019\\\/02\\\/08\\\/festival-vai-reunir-as-mais-belas-vozes-da-regiao\\\/#breadcrumb\"},\"inLanguage\":\"pt-BR\",\"potentialAction\":[{\"@type\":\"ReadAction\",\"target\":[\"https:\\\/\\\/revistaregional.com.br\\\/site\\\/2019\\\/02\\\/08\\\/festival-vai-reunir-as-mais-belas-vozes-da-regiao\\\/\"]}]},{\"@type\":\"ImageObject\",\"inLanguage\":\"pt-BR\",\"@id\":\"https:\\\/\\\/revistaregional.com.br\\\/site\\\/2019\\\/02\\\/08\\\/festival-vai-reunir-as-mais-belas-vozes-da-regiao\\\/#primaryimage\",\"url\":\"https:\\\/\\\/revistaregional.com.br\\\/site\\\/wp-content\\\/uploads\\\/2019\\\/02\\\/festival-de-canto.jpg\",\"contentUrl\":\"https:\\\/\\\/revistaregional.com.br\\\/site\\\/wp-content\\\/uploads\\\/2019\\\/02\\\/festival-de-canto.jpg\",\"width\":2899,\"height\":1927},{\"@type\":\"BreadcrumbList\",\"@id\":\"https:\\\/\\\/revistaregional.com.br\\\/site\\\/2019\\\/02\\\/08\\\/festival-vai-reunir-as-mais-belas-vozes-da-regiao\\\/#breadcrumb\",\"itemListElement\":[{\"@type\":\"ListItem\",\"position\":1,\"name\":\"In\u00edcio\",\"item\":\"https:\\\/\\\/revistaregional.com.br\\\/site\\\/\"},{\"@type\":\"ListItem\",\"position\":2,\"name\":\"Festival vai reunir as mais belas vozes da regi\u00e3o\"}]},{\"@type\":\"WebSite\",\"@id\":\"https:\\\/\\\/revistaregional.com.br\\\/site\\\/#website\",\"url\":\"https:\\\/\\\/revistaregional.com.br\\\/site\\\/\",\"name\":\"Revista Regional\",\"description\":\"Salto - Itu - Indaituba\",\"potentialAction\":[{\"@type\":\"SearchAction\",\"target\":{\"@type\":\"EntryPoint\",\"urlTemplate\":\"https:\\\/\\\/revistaregional.com.br\\\/site\\\/?s={search_term_string}\"},\"query-input\":{\"@type\":\"PropertyValueSpecification\",\"valueRequired\":true,\"valueName\":\"search_term_string\"}}],\"inLanguage\":\"pt-BR\"},{\"@type\":\"Person\",\"@id\":\"https:\\\/\\\/revistaregional.com.br\\\/site\\\/#\\\/schema\\\/person\\\/382af97c580dc1b18f55107bc316010d\",\"name\":\"contato@revistaregional.com.br\",\"image\":{\"@type\":\"ImageObject\",\"inLanguage\":\"pt-BR\",\"@id\":\"https:\\\/\\\/secure.gravatar.com\\\/avatar\\\/869822917e96b2e292d5827e4635855396934485e7c4a0af84e9a214e32ca0cd?s=96&d=mm&r=g\",\"url\":\"https:\\\/\\\/secure.gravatar.com\\\/avatar\\\/869822917e96b2e292d5827e4635855396934485e7c4a0af84e9a214e32ca0cd?s=96&d=mm&r=g\",\"contentUrl\":\"https:\\\/\\\/secure.gravatar.com\\\/avatar\\\/869822917e96b2e292d5827e4635855396934485e7c4a0af84e9a214e32ca0cd?s=96&d=mm&r=g\",\"caption\":\"contato@revistaregional.com.br\"},\"url\":\"https:\\\/\\\/revistaregional.com.br\\\/site\\\/author\\\/contato@revistaregional.com.br\\\/\"}]}<\/script>\n<!-- \/ Yoast SEO plugin. -->","yoast_head_json":{"title":"Festival vai reunir as mais belas vozes da regi\u00e3o - Revista Regional","robots":{"index":"index","follow":"follow","max-snippet":"max-snippet:-1","max-image-preview":"max-image-preview:large","max-video-preview":"max-video-preview:-1"},"canonical":"https:\/\/revistaregional.com.br\/site\/2019\/02\/08\/festival-vai-reunir-as-mais-belas-vozes-da-regiao\/","og_locale":"pt_BR","og_type":"article","og_title":"Festival vai reunir as mais belas vozes da regi\u00e3o - Revista Regional","og_description":"Inscri\u00e7\u00e3o para o 2\u00ba Pr\u00eamio de M\u00fasica \u201cCanto do Taper\u00e1\u201d inicia na pr\u00f3xima semana &nbsp; Neste ano, a Prefeitura de Salto, por meio da Secretaria da Cultura realiza o 2\u00ba Pr\u00eamio de M\u00fasica \u201cCanto do Taper\u00e1\u201d. O festival re\u00fane as mais belas vozes do Interior paulista, em audi\u00e7\u00f5es que acontecem em abril. O objetivo \u00e9 [&hellip;]","og_url":"https:\/\/revistaregional.com.br\/site\/2019\/02\/08\/festival-vai-reunir-as-mais-belas-vozes-da-regiao\/","og_site_name":"Revista Regional","article_published_time":"2019-02-08T12:21:54+00:00","article_modified_time":"2024-01-26T14:01:21+00:00","og_image":[{"width":2899,"height":1927,"url":"https:\/\/revistaregional.com.br\/site\/wp-content\/uploads\/2019\/02\/festival-de-canto.jpg","type":"image\/jpeg"}],"author":"contato@revistaregional.com.br","twitter_card":"summary_large_image","twitter_misc":{"Escrito por":"contato@revistaregional.com.br","Est. tempo de leitura":"1 minuto"},"schema":{"@context":"https:\/\/schema.org","@graph":[{"@type":"Article","@id":"https:\/\/revistaregional.com.br\/site\/2019\/02\/08\/festival-vai-reunir-as-mais-belas-vozes-da-regiao\/#article","isPartOf":{"@id":"https:\/\/revistaregional.com.br\/site\/2019\/02\/08\/festival-vai-reunir-as-mais-belas-vozes-da-regiao\/"},"author":{"name":"contato@revistaregional.com.br","@id":"https:\/\/revistaregional.com.br\/site\/#\/schema\/person\/382af97c580dc1b18f55107bc316010d"},"headline":"Festival vai reunir as mais belas vozes da regi\u00e3o","datePublished":"2019-02-08T12:21:54+00:00","dateModified":"2024-01-26T14:01:21+00:00","mainEntityOfPage":{"@id":"https:\/\/revistaregional.com.br\/site\/2019\/02\/08\/festival-vai-reunir-as-mais-belas-vozes-da-regiao\/"},"wordCount":290,"commentCount":0,"image":{"@id":"https:\/\/revistaregional.com.br\/site\/2019\/02\/08\/festival-vai-reunir-as-mais-belas-vozes-da-regiao\/#primaryimage"},"thumbnailUrl":"https:\/\/revistaregional.com.br\/site\/wp-content\/uploads\/2019\/02\/festival-de-canto.jpg","keywords":["Cultura"],"articleSection":["Cultura"],"inLanguage":"pt-BR","potentialAction":[{"@type":"CommentAction","name":"Comment","target":["https:\/\/revistaregional.com.br\/site\/2019\/02\/08\/festival-vai-reunir-as-mais-belas-vozes-da-regiao\/#respond"]}]},{"@type":"WebPage","@id":"https:\/\/revistaregional.com.br\/site\/2019\/02\/08\/festival-vai-reunir-as-mais-belas-vozes-da-regiao\/","url":"https:\/\/revistaregional.com.br\/site\/2019\/02\/08\/festival-vai-reunir-as-mais-belas-vozes-da-regiao\/","name":"Festival vai reunir as mais belas vozes da regi\u00e3o - Revista Regional","isPartOf":{"@id":"https:\/\/revistaregional.com.br\/site\/#website"},"primaryImageOfPage":{"@id":"https:\/\/revistaregional.com.br\/site\/2019\/02\/08\/festival-vai-reunir-as-mais-belas-vozes-da-regiao\/#primaryimage"},"image":{"@id":"https:\/\/revistaregional.com.br\/site\/2019\/02\/08\/festival-vai-reunir-as-mais-belas-vozes-da-regiao\/#primaryimage"},"thumbnailUrl":"https:\/\/revistaregional.com.br\/site\/wp-content\/uploads\/2019\/02\/festival-de-canto.jpg","datePublished":"2019-02-08T12:21:54+00:00","dateModified":"2024-01-26T14:01:21+00:00","author":{"@id":"https:\/\/revistaregional.com.br\/site\/#\/schema\/person\/382af97c580dc1b18f55107bc316010d"},"breadcrumb":{"@id":"https:\/\/revistaregional.com.br\/site\/2019\/02\/08\/festival-vai-reunir-as-mais-belas-vozes-da-regiao\/#breadcrumb"},"inLanguage":"pt-BR","potentialAction":[{"@type":"ReadAction","target":["https:\/\/revistaregional.com.br\/site\/2019\/02\/08\/festival-vai-reunir-as-mais-belas-vozes-da-regiao\/"]}]},{"@type":"ImageObject","inLanguage":"pt-BR","@id":"https:\/\/revistaregional.com.br\/site\/2019\/02\/08\/festival-vai-reunir-as-mais-belas-vozes-da-regiao\/#primaryimage","url":"https:\/\/revistaregional.com.br\/site\/wp-content\/uploads\/2019\/02\/festival-de-canto.jpg","contentUrl":"https:\/\/revistaregional.com.br\/site\/wp-content\/uploads\/2019\/02\/festival-de-canto.jpg","width":2899,"height":1927},{"@type":"BreadcrumbList","@id":"https:\/\/revistaregional.com.br\/site\/2019\/02\/08\/festival-vai-reunir-as-mais-belas-vozes-da-regiao\/#breadcrumb","itemListElement":[{"@type":"ListItem","position":1,"name":"In\u00edcio","item":"https:\/\/revistaregional.com.br\/site\/"},{"@type":"ListItem","position":2,"name":"Festival vai reunir as mais belas vozes da regi\u00e3o"}]},{"@type":"WebSite","@id":"https:\/\/revistaregional.com.br\/site\/#website","url":"https:\/\/revistaregional.com.br\/site\/","name":"Revista Regional","description":"Salto - Itu - Indaituba","potentialAction":[{"@type":"SearchAction","target":{"@type":"EntryPoint","urlTemplate":"https:\/\/revistaregional.com.br\/site\/?s={search_term_string}"},"query-input":{"@type":"PropertyValueSpecification","valueRequired":true,"valueName":"search_term_string"}}],"inLanguage":"pt-BR"},{"@type":"Person","@id":"https:\/\/revistaregional.com.br\/site\/#\/schema\/person\/382af97c580dc1b18f55107bc316010d","name":"contato@revistaregional.com.br","image":{"@type":"ImageObject","inLanguage":"pt-BR","@id":"https:\/\/secure.gravatar.com\/avatar\/869822917e96b2e292d5827e4635855396934485e7c4a0af84e9a214e32ca0cd?s=96&d=mm&r=g","url":"https:\/\/secure.gravatar.com\/avatar\/869822917e96b2e292d5827e4635855396934485e7c4a0af84e9a214e32ca0cd?s=96&d=mm&r=g","contentUrl":"https:\/\/secure.gravatar.com\/avatar\/869822917e96b2e292d5827e4635855396934485e7c4a0af84e9a214e32ca0cd?s=96&d=mm&r=g","caption":"contato@revistaregional.com.br"},"url":"https:\/\/revistaregional.com.br\/site\/author\/contato@revistaregional.com.br\/"}]}},"views":58,"_links":{"self":[{"href":"https:\/\/revistaregional.com.br\/site\/wp-json\/wp\/v2\/posts\/18378","targetHints":{"allow":["GET"]}}],"collection":[{"href":"https:\/\/revistaregional.com.br\/site\/wp-json\/wp\/v2\/posts"}],"about":[{"href":"https:\/\/revistaregional.com.br\/site\/wp-json\/wp\/v2\/types\/post"}],"author":[{"embeddable":true,"href":"https:\/\/revistaregional.com.br\/site\/wp-json\/wp\/v2\/users\/1"}],"replies":[{"embeddable":true,"href":"https:\/\/revistaregional.com.br\/site\/wp-json\/wp\/v2\/comments?post=18378"}],"version-history":[{"count":2,"href":"https:\/\/revistaregional.com.br\/site\/wp-json\/wp\/v2\/posts\/18378\/revisions"}],"predecessor-version":[{"id":18381,"href":"https:\/\/revistaregional.com.br\/site\/wp-json\/wp\/v2\/posts\/18378\/revisions\/18381"}],"wp:featuredmedia":[{"embeddable":true,"href":"https:\/\/revistaregional.com.br\/site\/wp-json\/wp\/v2\/media\/18379"}],"wp:attachment":[{"href":"https:\/\/revistaregional.com.br\/site\/wp-json\/wp\/v2\/media?parent=18378"}],"wp:term":[{"taxonomy":"category","embeddable":true,"href":"https:\/\/revistaregional.com.br\/site\/wp-json\/wp\/v2\/categories?post=18378"},{"taxonomy":"post_tag","embeddable":true,"href":"https:\/\/revistaregional.com.br\/site\/wp-json\/wp\/v2\/tags?post=18378"}],"curies":[{"name":"wp","href":"https:\/\/api.w.org\/{rel}","templated":true}]}}