{"id":18164,"date":"2019-01-21T13:11:26","date_gmt":"2019-01-21T13:11:26","guid":{"rendered":"http:\/\/revistaregional.com.br\/site\/?p=18164"},"modified":"2024-01-26T11:01:22","modified_gmt":"2024-01-26T14:01:22","slug":"inscricoes-para-o-11o-concurso-cultural-da-turma-do-gabi","status":"publish","type":"post","link":"https:\/\/revistaregional.com.br\/site\/2019\/01\/21\/inscricoes-para-o-11o-concurso-cultural-da-turma-do-gabi\/","title":{"rendered":"Inscri\u00e7\u00f5es para o 11\u00ba Concurso Cultural da Turma do Gabi"},"content":{"rendered":"<figure id=\"attachment_18165\" aria-describedby=\"caption-attachment-18165\" style=\"width: 261px\" class=\"wp-caption alignright\"><a href=\"http:\/\/revistaregional.com.br\/site\/wp-content\/uploads\/2019\/01\/Concurso-de-Arte-Turma-do-Gabi-2.png\"><img fetchpriority=\"high\" decoding=\"async\" class=\"wp-image-18165\" src=\"http:\/\/revistaregional.com.br\/site\/wp-content\/uploads\/2019\/01\/Concurso-de-Arte-Turma-do-Gabi-2.png\" alt=\"\" width=\"261\" height=\"258\" data-id=\"18165\" srcset=\"https:\/\/revistaregional.com.br\/site\/wp-content\/uploads\/2019\/01\/Concurso-de-Arte-Turma-do-Gabi-2.png 3543w, https:\/\/revistaregional.com.br\/site\/wp-content\/uploads\/2019\/01\/Concurso-de-Arte-Turma-do-Gabi-2-300x297.png 300w, https:\/\/revistaregional.com.br\/site\/wp-content\/uploads\/2019\/01\/Concurso-de-Arte-Turma-do-Gabi-2-1024x1013.png 1024w, https:\/\/revistaregional.com.br\/site\/wp-content\/uploads\/2019\/01\/Concurso-de-Arte-Turma-do-Gabi-2-150x148.png 150w\" sizes=\"(max-width: 261px) 100vw, 261px\" \/><\/a><figcaption id=\"caption-attachment-18165\" class=\"wp-caption-text\">A Turma do Gabi promove anualmente o concurso de desenhos<\/figcaption><\/figure>\n<p class=\"x_MsoNormal\" style=\"text-align: left;\" align=\"center\">&nbsp;A Turma do Gabi promove anualmente o concurso de desenhos<\/p>\n<p class=\"x_MsoNormal\">A partir de 1\u00ba de fevereiro podem ser feitas as inscri\u00e7\u00f5es para o 11\u00ba Concurso Cultural da Turma do Gabi. Neste ano, a comiss\u00e3o organizadora escolheu \u201cTema Livre\u201d para a elabora\u00e7\u00e3o dos desenhos. Poder\u00e3o participar do concurso estudantes de todo o Brasil, com idade entre 09 e 14 anos. Os participantes devem fazer um desenho em papel of\u00edcio, colado em cartolina do mesmo tamanho e enviar para:<\/p>\n<p class=\"x_MsoNormal\"><b>11\u00ba Concurso Cultural da Turma do Gabi<\/b><br \/>\nRua Eliza Ghirotti, 332, Monte Verde, Cep: 13348-872, Indaiatuba, SP.<\/p>\n<p class=\"x_MsoNormal\">A premia\u00e7\u00e3o para os tr\u00eas melhores trabalhos consiste em um&nbsp;<i>tablet<\/i>&nbsp;e as tr\u00eas men\u00e7\u00f5es honrosas receber\u00e3o kits de revistas e livros da Turma do Gabi. O evento tem realiza\u00e7\u00e3o do Est\u00fadio Moacir Torres (EMT). Confira o regulamento completo e Ficha de Inscri\u00e7\u00e3o no site:&nbsp;<a id=\"LPlnk180181\" href=\"http:\/\/www.turmadogabi.com.br\/\" target=\"_blank\" rel=\"noopener noreferrer\" data-auth=\"NotApplicable\">www.turmadogabi.com.br<\/a>.<\/p>\n<p class=\"x_MsoNormal\">Foto: Divulga\u00e7\u00e3o<\/p>\n","protected":false},"excerpt":{"rendered":"<p>&nbsp;A Turma do Gabi promove anualmente o concurso de desenhos A partir de 1\u00ba de fevereiro podem ser feitas as inscri\u00e7\u00f5es para o 11\u00ba Concurso Cultural da Turma do Gabi. Neste ano, a comiss\u00e3o organizadora escolheu \u201cTema Livre\u201d para a elabora\u00e7\u00e3o dos desenhos. Poder\u00e3o participar do concurso estudantes de todo o Brasil, com idade entre [&hellip;]<\/p>\n","protected":false},"author":1,"featured_media":18165,"comment_status":"open","ping_status":"open","sticky":false,"template":"","format":"standard","meta":{"_acf_changed":false,"ngg_post_thumbnail":0,"_joinchat":[],"footnotes":""},"categories":[4],"tags":[533],"class_list":["post-18164","post","type-post","status-publish","format-standard","has-post-thumbnail","hentry","category-cultura","tag-cultura"],"acf":[],"yoast_head":"<!-- This site is optimized with the Yoast SEO plugin v27.4 - https:\/\/yoast.com\/product\/yoast-seo-wordpress\/ -->\n<title>Inscri\u00e7\u00f5es para o 11\u00ba Concurso Cultural da Turma do Gabi - Revista Regional<\/title>\n<meta name=\"robots\" content=\"index, follow, max-snippet:-1, max-image-preview:large, max-video-preview:-1\" \/>\n<link rel=\"canonical\" href=\"https:\/\/revistaregional.com.br\/site\/2019\/01\/21\/inscricoes-para-o-11o-concurso-cultural-da-turma-do-gabi\/\" \/>\n<meta property=\"og:locale\" content=\"pt_BR\" \/>\n<meta property=\"og:type\" content=\"article\" \/>\n<meta property=\"og:title\" content=\"Inscri\u00e7\u00f5es para o 11\u00ba Concurso Cultural da Turma do Gabi - Revista Regional\" \/>\n<meta property=\"og:description\" content=\"&nbsp;A Turma do Gabi promove anualmente o concurso de desenhos A partir de 1\u00ba de fevereiro podem ser feitas as inscri\u00e7\u00f5es para o 11\u00ba Concurso Cultural da Turma do Gabi. Neste ano, a comiss\u00e3o organizadora escolheu \u201cTema Livre\u201d para a elabora\u00e7\u00e3o dos desenhos. Poder\u00e3o participar do concurso estudantes de todo o Brasil, com idade entre [&hellip;]\" \/>\n<meta property=\"og:url\" content=\"https:\/\/revistaregional.com.br\/site\/2019\/01\/21\/inscricoes-para-o-11o-concurso-cultural-da-turma-do-gabi\/\" \/>\n<meta property=\"og:site_name\" content=\"Revista Regional\" \/>\n<meta property=\"article:published_time\" content=\"2019-01-21T13:11:26+00:00\" \/>\n<meta property=\"article:modified_time\" content=\"2024-01-26T14:01:22+00:00\" \/>\n<meta property=\"og:image\" content=\"https:\/\/revistaregional.com.br\/site\/wp-content\/uploads\/2019\/01\/Concurso-de-Arte-Turma-do-Gabi-2-1024x1013.png\" \/>\n\t<meta property=\"og:image:width\" content=\"1024\" \/>\n\t<meta property=\"og:image:height\" content=\"1013\" \/>\n\t<meta property=\"og:image:type\" content=\"image\/png\" \/>\n<meta name=\"author\" content=\"contato@revistaregional.com.br\" \/>\n<meta name=\"twitter:card\" content=\"summary_large_image\" \/>\n<meta name=\"twitter:label1\" content=\"Escrito por\" \/>\n\t<meta name=\"twitter:data1\" content=\"contato@revistaregional.com.br\" \/>\n\t<meta name=\"twitter:label2\" content=\"Est. tempo de leitura\" \/>\n\t<meta name=\"twitter:data2\" content=\"1 minuto\" \/>\n<script type=\"application\/ld+json\" class=\"yoast-schema-graph\">{\"@context\":\"https:\\\/\\\/schema.org\",\"@graph\":[{\"@type\":\"Article\",\"@id\":\"https:\\\/\\\/revistaregional.com.br\\\/site\\\/2019\\\/01\\\/21\\\/inscricoes-para-o-11o-concurso-cultural-da-turma-do-gabi\\\/#article\",\"isPartOf\":{\"@id\":\"https:\\\/\\\/revistaregional.com.br\\\/site\\\/2019\\\/01\\\/21\\\/inscricoes-para-o-11o-concurso-cultural-da-turma-do-gabi\\\/\"},\"author\":{\"name\":\"contato@revistaregional.com.br\",\"@id\":\"https:\\\/\\\/revistaregional.com.br\\\/site\\\/#\\\/schema\\\/person\\\/382af97c580dc1b18f55107bc316010d\"},\"headline\":\"Inscri\u00e7\u00f5es para o 11\u00ba Concurso Cultural da Turma do Gabi\",\"datePublished\":\"2019-01-21T13:11:26+00:00\",\"dateModified\":\"2024-01-26T14:01:22+00:00\",\"mainEntityOfPage\":{\"@id\":\"https:\\\/\\\/revistaregional.com.br\\\/site\\\/2019\\\/01\\\/21\\\/inscricoes-para-o-11o-concurso-cultural-da-turma-do-gabi\\\/\"},\"wordCount\":184,\"commentCount\":0,\"image\":{\"@id\":\"https:\\\/\\\/revistaregional.com.br\\\/site\\\/2019\\\/01\\\/21\\\/inscricoes-para-o-11o-concurso-cultural-da-turma-do-gabi\\\/#primaryimage\"},\"thumbnailUrl\":\"https:\\\/\\\/revistaregional.com.br\\\/site\\\/wp-content\\\/uploads\\\/2019\\\/01\\\/Concurso-de-Arte-Turma-do-Gabi-2.png\",\"keywords\":[\"Cultura\"],\"articleSection\":[\"Cultura\"],\"inLanguage\":\"pt-BR\",\"potentialAction\":[{\"@type\":\"CommentAction\",\"name\":\"Comment\",\"target\":[\"https:\\\/\\\/revistaregional.com.br\\\/site\\\/2019\\\/01\\\/21\\\/inscricoes-para-o-11o-concurso-cultural-da-turma-do-gabi\\\/#respond\"]}]},{\"@type\":\"WebPage\",\"@id\":\"https:\\\/\\\/revistaregional.com.br\\\/site\\\/2019\\\/01\\\/21\\\/inscricoes-para-o-11o-concurso-cultural-da-turma-do-gabi\\\/\",\"url\":\"https:\\\/\\\/revistaregional.com.br\\\/site\\\/2019\\\/01\\\/21\\\/inscricoes-para-o-11o-concurso-cultural-da-turma-do-gabi\\\/\",\"name\":\"Inscri\u00e7\u00f5es para o 11\u00ba Concurso Cultural da Turma do Gabi - Revista Regional\",\"isPartOf\":{\"@id\":\"https:\\\/\\\/revistaregional.com.br\\\/site\\\/#website\"},\"primaryImageOfPage\":{\"@id\":\"https:\\\/\\\/revistaregional.com.br\\\/site\\\/2019\\\/01\\\/21\\\/inscricoes-para-o-11o-concurso-cultural-da-turma-do-gabi\\\/#primaryimage\"},\"image\":{\"@id\":\"https:\\\/\\\/revistaregional.com.br\\\/site\\\/2019\\\/01\\\/21\\\/inscricoes-para-o-11o-concurso-cultural-da-turma-do-gabi\\\/#primaryimage\"},\"thumbnailUrl\":\"https:\\\/\\\/revistaregional.com.br\\\/site\\\/wp-content\\\/uploads\\\/2019\\\/01\\\/Concurso-de-Arte-Turma-do-Gabi-2.png\",\"datePublished\":\"2019-01-21T13:11:26+00:00\",\"dateModified\":\"2024-01-26T14:01:22+00:00\",\"author\":{\"@id\":\"https:\\\/\\\/revistaregional.com.br\\\/site\\\/#\\\/schema\\\/person\\\/382af97c580dc1b18f55107bc316010d\"},\"breadcrumb\":{\"@id\":\"https:\\\/\\\/revistaregional.com.br\\\/site\\\/2019\\\/01\\\/21\\\/inscricoes-para-o-11o-concurso-cultural-da-turma-do-gabi\\\/#breadcrumb\"},\"inLanguage\":\"pt-BR\",\"potentialAction\":[{\"@type\":\"ReadAction\",\"target\":[\"https:\\\/\\\/revistaregional.com.br\\\/site\\\/2019\\\/01\\\/21\\\/inscricoes-para-o-11o-concurso-cultural-da-turma-do-gabi\\\/\"]}]},{\"@type\":\"ImageObject\",\"inLanguage\":\"pt-BR\",\"@id\":\"https:\\\/\\\/revistaregional.com.br\\\/site\\\/2019\\\/01\\\/21\\\/inscricoes-para-o-11o-concurso-cultural-da-turma-do-gabi\\\/#primaryimage\",\"url\":\"https:\\\/\\\/revistaregional.com.br\\\/site\\\/wp-content\\\/uploads\\\/2019\\\/01\\\/Concurso-de-Arte-Turma-do-Gabi-2.png\",\"contentUrl\":\"https:\\\/\\\/revistaregional.com.br\\\/site\\\/wp-content\\\/uploads\\\/2019\\\/01\\\/Concurso-de-Arte-Turma-do-Gabi-2.png\",\"width\":3543,\"height\":3504},{\"@type\":\"BreadcrumbList\",\"@id\":\"https:\\\/\\\/revistaregional.com.br\\\/site\\\/2019\\\/01\\\/21\\\/inscricoes-para-o-11o-concurso-cultural-da-turma-do-gabi\\\/#breadcrumb\",\"itemListElement\":[{\"@type\":\"ListItem\",\"position\":1,\"name\":\"In\u00edcio\",\"item\":\"https:\\\/\\\/revistaregional.com.br\\\/site\\\/\"},{\"@type\":\"ListItem\",\"position\":2,\"name\":\"Inscri\u00e7\u00f5es para o 11\u00ba Concurso Cultural da Turma do Gabi\"}]},{\"@type\":\"WebSite\",\"@id\":\"https:\\\/\\\/revistaregional.com.br\\\/site\\\/#website\",\"url\":\"https:\\\/\\\/revistaregional.com.br\\\/site\\\/\",\"name\":\"Revista Regional\",\"description\":\"Salto - Itu - Indaituba\",\"potentialAction\":[{\"@type\":\"SearchAction\",\"target\":{\"@type\":\"EntryPoint\",\"urlTemplate\":\"https:\\\/\\\/revistaregional.com.br\\\/site\\\/?s={search_term_string}\"},\"query-input\":{\"@type\":\"PropertyValueSpecification\",\"valueRequired\":true,\"valueName\":\"search_term_string\"}}],\"inLanguage\":\"pt-BR\"},{\"@type\":\"Person\",\"@id\":\"https:\\\/\\\/revistaregional.com.br\\\/site\\\/#\\\/schema\\\/person\\\/382af97c580dc1b18f55107bc316010d\",\"name\":\"contato@revistaregional.com.br\",\"image\":{\"@type\":\"ImageObject\",\"inLanguage\":\"pt-BR\",\"@id\":\"https:\\\/\\\/secure.gravatar.com\\\/avatar\\\/869822917e96b2e292d5827e4635855396934485e7c4a0af84e9a214e32ca0cd?s=96&d=mm&r=g\",\"url\":\"https:\\\/\\\/secure.gravatar.com\\\/avatar\\\/869822917e96b2e292d5827e4635855396934485e7c4a0af84e9a214e32ca0cd?s=96&d=mm&r=g\",\"contentUrl\":\"https:\\\/\\\/secure.gravatar.com\\\/avatar\\\/869822917e96b2e292d5827e4635855396934485e7c4a0af84e9a214e32ca0cd?s=96&d=mm&r=g\",\"caption\":\"contato@revistaregional.com.br\"},\"url\":\"https:\\\/\\\/revistaregional.com.br\\\/site\\\/author\\\/contato@revistaregional.com.br\\\/\"}]}<\/script>\n<!-- \/ Yoast SEO plugin. -->","yoast_head_json":{"title":"Inscri\u00e7\u00f5es para o 11\u00ba Concurso Cultural da Turma do Gabi - Revista Regional","robots":{"index":"index","follow":"follow","max-snippet":"max-snippet:-1","max-image-preview":"max-image-preview:large","max-video-preview":"max-video-preview:-1"},"canonical":"https:\/\/revistaregional.com.br\/site\/2019\/01\/21\/inscricoes-para-o-11o-concurso-cultural-da-turma-do-gabi\/","og_locale":"pt_BR","og_type":"article","og_title":"Inscri\u00e7\u00f5es para o 11\u00ba Concurso Cultural da Turma do Gabi - Revista Regional","og_description":"&nbsp;A Turma do Gabi promove anualmente o concurso de desenhos A partir de 1\u00ba de fevereiro podem ser feitas as inscri\u00e7\u00f5es para o 11\u00ba Concurso Cultural da Turma do Gabi. Neste ano, a comiss\u00e3o organizadora escolheu \u201cTema Livre\u201d para a elabora\u00e7\u00e3o dos desenhos. Poder\u00e3o participar do concurso estudantes de todo o Brasil, com idade entre [&hellip;]","og_url":"https:\/\/revistaregional.com.br\/site\/2019\/01\/21\/inscricoes-para-o-11o-concurso-cultural-da-turma-do-gabi\/","og_site_name":"Revista Regional","article_published_time":"2019-01-21T13:11:26+00:00","article_modified_time":"2024-01-26T14:01:22+00:00","og_image":[{"width":1024,"height":1013,"url":"https:\/\/revistaregional.com.br\/site\/wp-content\/uploads\/2019\/01\/Concurso-de-Arte-Turma-do-Gabi-2-1024x1013.png","type":"image\/png"}],"author":"contato@revistaregional.com.br","twitter_card":"summary_large_image","twitter_misc":{"Escrito por":"contato@revistaregional.com.br","Est. tempo de leitura":"1 minuto"},"schema":{"@context":"https:\/\/schema.org","@graph":[{"@type":"Article","@id":"https:\/\/revistaregional.com.br\/site\/2019\/01\/21\/inscricoes-para-o-11o-concurso-cultural-da-turma-do-gabi\/#article","isPartOf":{"@id":"https:\/\/revistaregional.com.br\/site\/2019\/01\/21\/inscricoes-para-o-11o-concurso-cultural-da-turma-do-gabi\/"},"author":{"name":"contato@revistaregional.com.br","@id":"https:\/\/revistaregional.com.br\/site\/#\/schema\/person\/382af97c580dc1b18f55107bc316010d"},"headline":"Inscri\u00e7\u00f5es para o 11\u00ba Concurso Cultural da Turma do Gabi","datePublished":"2019-01-21T13:11:26+00:00","dateModified":"2024-01-26T14:01:22+00:00","mainEntityOfPage":{"@id":"https:\/\/revistaregional.com.br\/site\/2019\/01\/21\/inscricoes-para-o-11o-concurso-cultural-da-turma-do-gabi\/"},"wordCount":184,"commentCount":0,"image":{"@id":"https:\/\/revistaregional.com.br\/site\/2019\/01\/21\/inscricoes-para-o-11o-concurso-cultural-da-turma-do-gabi\/#primaryimage"},"thumbnailUrl":"https:\/\/revistaregional.com.br\/site\/wp-content\/uploads\/2019\/01\/Concurso-de-Arte-Turma-do-Gabi-2.png","keywords":["Cultura"],"articleSection":["Cultura"],"inLanguage":"pt-BR","potentialAction":[{"@type":"CommentAction","name":"Comment","target":["https:\/\/revistaregional.com.br\/site\/2019\/01\/21\/inscricoes-para-o-11o-concurso-cultural-da-turma-do-gabi\/#respond"]}]},{"@type":"WebPage","@id":"https:\/\/revistaregional.com.br\/site\/2019\/01\/21\/inscricoes-para-o-11o-concurso-cultural-da-turma-do-gabi\/","url":"https:\/\/revistaregional.com.br\/site\/2019\/01\/21\/inscricoes-para-o-11o-concurso-cultural-da-turma-do-gabi\/","name":"Inscri\u00e7\u00f5es para o 11\u00ba Concurso Cultural da Turma do Gabi - Revista Regional","isPartOf":{"@id":"https:\/\/revistaregional.com.br\/site\/#website"},"primaryImageOfPage":{"@id":"https:\/\/revistaregional.com.br\/site\/2019\/01\/21\/inscricoes-para-o-11o-concurso-cultural-da-turma-do-gabi\/#primaryimage"},"image":{"@id":"https:\/\/revistaregional.com.br\/site\/2019\/01\/21\/inscricoes-para-o-11o-concurso-cultural-da-turma-do-gabi\/#primaryimage"},"thumbnailUrl":"https:\/\/revistaregional.com.br\/site\/wp-content\/uploads\/2019\/01\/Concurso-de-Arte-Turma-do-Gabi-2.png","datePublished":"2019-01-21T13:11:26+00:00","dateModified":"2024-01-26T14:01:22+00:00","author":{"@id":"https:\/\/revistaregional.com.br\/site\/#\/schema\/person\/382af97c580dc1b18f55107bc316010d"},"breadcrumb":{"@id":"https:\/\/revistaregional.com.br\/site\/2019\/01\/21\/inscricoes-para-o-11o-concurso-cultural-da-turma-do-gabi\/#breadcrumb"},"inLanguage":"pt-BR","potentialAction":[{"@type":"ReadAction","target":["https:\/\/revistaregional.com.br\/site\/2019\/01\/21\/inscricoes-para-o-11o-concurso-cultural-da-turma-do-gabi\/"]}]},{"@type":"ImageObject","inLanguage":"pt-BR","@id":"https:\/\/revistaregional.com.br\/site\/2019\/01\/21\/inscricoes-para-o-11o-concurso-cultural-da-turma-do-gabi\/#primaryimage","url":"https:\/\/revistaregional.com.br\/site\/wp-content\/uploads\/2019\/01\/Concurso-de-Arte-Turma-do-Gabi-2.png","contentUrl":"https:\/\/revistaregional.com.br\/site\/wp-content\/uploads\/2019\/01\/Concurso-de-Arte-Turma-do-Gabi-2.png","width":3543,"height":3504},{"@type":"BreadcrumbList","@id":"https:\/\/revistaregional.com.br\/site\/2019\/01\/21\/inscricoes-para-o-11o-concurso-cultural-da-turma-do-gabi\/#breadcrumb","itemListElement":[{"@type":"ListItem","position":1,"name":"In\u00edcio","item":"https:\/\/revistaregional.com.br\/site\/"},{"@type":"ListItem","position":2,"name":"Inscri\u00e7\u00f5es para o 11\u00ba Concurso Cultural da Turma do Gabi"}]},{"@type":"WebSite","@id":"https:\/\/revistaregional.com.br\/site\/#website","url":"https:\/\/revistaregional.com.br\/site\/","name":"Revista Regional","description":"Salto - Itu - Indaituba","potentialAction":[{"@type":"SearchAction","target":{"@type":"EntryPoint","urlTemplate":"https:\/\/revistaregional.com.br\/site\/?s={search_term_string}"},"query-input":{"@type":"PropertyValueSpecification","valueRequired":true,"valueName":"search_term_string"}}],"inLanguage":"pt-BR"},{"@type":"Person","@id":"https:\/\/revistaregional.com.br\/site\/#\/schema\/person\/382af97c580dc1b18f55107bc316010d","name":"contato@revistaregional.com.br","image":{"@type":"ImageObject","inLanguage":"pt-BR","@id":"https:\/\/secure.gravatar.com\/avatar\/869822917e96b2e292d5827e4635855396934485e7c4a0af84e9a214e32ca0cd?s=96&d=mm&r=g","url":"https:\/\/secure.gravatar.com\/avatar\/869822917e96b2e292d5827e4635855396934485e7c4a0af84e9a214e32ca0cd?s=96&d=mm&r=g","contentUrl":"https:\/\/secure.gravatar.com\/avatar\/869822917e96b2e292d5827e4635855396934485e7c4a0af84e9a214e32ca0cd?s=96&d=mm&r=g","caption":"contato@revistaregional.com.br"},"url":"https:\/\/revistaregional.com.br\/site\/author\/contato@revistaregional.com.br\/"}]}},"views":66,"_links":{"self":[{"href":"https:\/\/revistaregional.com.br\/site\/wp-json\/wp\/v2\/posts\/18164","targetHints":{"allow":["GET"]}}],"collection":[{"href":"https:\/\/revistaregional.com.br\/site\/wp-json\/wp\/v2\/posts"}],"about":[{"href":"https:\/\/revistaregional.com.br\/site\/wp-json\/wp\/v2\/types\/post"}],"author":[{"embeddable":true,"href":"https:\/\/revistaregional.com.br\/site\/wp-json\/wp\/v2\/users\/1"}],"replies":[{"embeddable":true,"href":"https:\/\/revistaregional.com.br\/site\/wp-json\/wp\/v2\/comments?post=18164"}],"version-history":[{"count":2,"href":"https:\/\/revistaregional.com.br\/site\/wp-json\/wp\/v2\/posts\/18164\/revisions"}],"predecessor-version":[{"id":18169,"href":"https:\/\/revistaregional.com.br\/site\/wp-json\/wp\/v2\/posts\/18164\/revisions\/18169"}],"wp:featuredmedia":[{"embeddable":true,"href":"https:\/\/revistaregional.com.br\/site\/wp-json\/wp\/v2\/media\/18165"}],"wp:attachment":[{"href":"https:\/\/revistaregional.com.br\/site\/wp-json\/wp\/v2\/media?parent=18164"}],"wp:term":[{"taxonomy":"category","embeddable":true,"href":"https:\/\/revistaregional.com.br\/site\/wp-json\/wp\/v2\/categories?post=18164"},{"taxonomy":"post_tag","embeddable":true,"href":"https:\/\/revistaregional.com.br\/site\/wp-json\/wp\/v2\/tags?post=18164"}],"curies":[{"name":"wp","href":"https:\/\/api.w.org\/{rel}","templated":true}]}}