{"id":18161,"date":"2019-01-15T18:55:11","date_gmt":"2019-01-15T18:55:11","guid":{"rendered":"http:\/\/revistaregional.com.br\/site\/?p=18161"},"modified":"2024-01-26T10:12:02","modified_gmt":"2024-01-26T13:12:02","slug":"ceunsp-inaugura-curso-de-odontologia-em-itu","status":"publish","type":"post","link":"https:\/\/revistaregional.com.br\/site\/2019\/01\/15\/ceunsp-inaugura-curso-de-odontologia-em-itu\/","title":{"rendered":"Ceunsp inaugura curso de Odontologia em Itu"},"content":{"rendered":"<figure id=\"attachment_18162\" aria-describedby=\"caption-attachment-18162\" style=\"width: 359px\" class=\"wp-caption aligncenter\"><a href=\"http:\/\/revistaregional.com.br\/site\/wp-content\/uploads\/2019\/01\/itu-7.jpg\"><img fetchpriority=\"high\" decoding=\"async\" class=\"wp-image-18162\" src=\"http:\/\/revistaregional.com.br\/site\/wp-content\/uploads\/2019\/01\/itu-7.jpg\" alt=\"\" width=\"359\" height=\"202\" data-id=\"18162\" srcset=\"https:\/\/revistaregional.com.br\/site\/wp-content\/uploads\/2019\/01\/itu-7.jpg 5464w, https:\/\/revistaregional.com.br\/site\/wp-content\/uploads\/2019\/01\/itu-7-300x169.jpg 300w, https:\/\/revistaregional.com.br\/site\/wp-content\/uploads\/2019\/01\/itu-7-1024x575.jpg 1024w, https:\/\/revistaregional.com.br\/site\/wp-content\/uploads\/2019\/01\/itu-7-150x84.jpg 150w\" sizes=\"(max-width: 359px) 100vw, 359px\" \/><\/a><figcaption id=\"caption-attachment-18162\" class=\"wp-caption-text\">Campus do Ceunsp, em Itu, com a secular igreja do Patroc\u00ednio, ao lado<\/figcaption><\/figure>\n<p class=\"x_MsoNormal\"><i>Universidade \u00e9 primeira na cidade de Itu a oferecer a especialidade; Processo Seletivo para o primeiro semestre acontece no dia 26 de janeiro<\/i><\/p>\n<p class=\"x_MsoNormal\">&nbsp;<\/p>\n<p class=\"x_MsoNormal\">O Ceunsp (Centro Universit\u00e1rio Nossa Senhora do Patroc\u00ednio), institui\u00e7\u00e3o que integra o grupo Cruzeiro do Sul Educacional, inaugura o curso de Odontologia no Campus Itu e abre inscri\u00e7\u00f5es para o Processo Seletivo de 2019 para quem pretende estudar no primeiro semestre do ano. A Prova Tradicional acontece no dia 26 de janeiro e as inscri\u00e7\u00f5es podem ser feitas at\u00e9 dia 24&nbsp;do mesmo m\u00eas.&nbsp;&nbsp;<\/p>\n<p class=\"x_MsoNormal\">Para o curso de Odontologia, ser\u00e3o disponibilizadas 105 vagas, sendo 55 para o per\u00edodo noturno e 50 para o diurno. Pioneira em seu ensino de qualidade, o Ceunsp \u00e9 a primeira universidade na cidade de Itu a oferecer gradua\u00e7\u00e3o&nbsp;na \u00e1rea de Odontologia.&nbsp;<\/p>\n<p class=\"x_MsoNormal\">Para&nbsp;Ricardo&nbsp;Calegari, reitor do&nbsp;Ceunsp, a inaugura\u00e7\u00e3o do curso \u00e9&nbsp;um marco importante para a institui\u00e7\u00e3o e para a cidade de Itu e regi\u00e3o. \u201cSer pioneiro no ensino dessa especialidade refor\u00e7a nossa qualidade e amplia ainda mais nossa contribui\u00e7\u00e3o na \u00e1rea da educa\u00e7\u00e3o e sa\u00fade para nossos alunos e&nbsp;a comunidade\u201d,&nbsp;comenta.&nbsp;&nbsp;<\/p>\n<p class=\"x_MsoNormal\">As inscri\u00e7\u00f5es&nbsp;para o processo seletivo tamb\u00e9m&nbsp;podem ser realizadas no site&nbsp;<a href=\"http:\/\/www.ceunsp.edu.br\/vestibular\" target=\"_blank\" rel=\"noopener noreferrer\" data-auth=\"NotApplicable\">www.ceunsp.edu.br\/vestibular<\/a>.&nbsp;&nbsp;<\/p>\n<p class=\"x_MsoNormal\">&nbsp;&nbsp;<\/p>\n<p class=\"x_MsoNormal\">MAIS:<\/p>\n<p class=\"x_MsoNormal\">Servi\u00e7o Processo Seletivo Primeiro Semestre&nbsp;<\/p>\n<p class=\"x_MsoNormal\">Prova Tradicional&nbsp;<\/p>\n<p class=\"x_MsoNormal\">Inscri\u00e7\u00f5es: At\u00e9 dia 24\/01, \u00e0s 12h&nbsp;<\/p>\n<p class=\"x_MsoNormal\">Prova Tradicional:&nbsp;26\/01, \u00e0s&nbsp;10h&nbsp;<\/p>\n<p class=\"x_MsoNormal\">Taxa de inscri\u00e7\u00e3o:&nbsp;R$ 30,00&nbsp;<\/p>\n<p class=\"x_MsoNormal\">1\u00aa mensalidade: isenta&nbsp;<\/p>\n<p class=\"x_MsoNormal\">&nbsp;<\/p>\n<p class=\"x_MsoNormal\">Prova Agendada&nbsp;<\/p>\n<p class=\"x_MsoNormal\">Inscri\u00e7\u00f5es abertas at\u00e9 o t\u00e9rmino das vagas oferecidas&nbsp;<\/p>\n<p class=\"x_MsoNormal\">Prova: op\u00e7\u00f5es di\u00e1rias, conforme disponibilidade do vestibulando&nbsp;<\/p>\n<p class=\"x_MsoNormal\">Taxa: R$ 15&nbsp;<\/p>\n<p class=\"x_MsoNormal\">1\u00aa mensalidade: isenta&nbsp;<\/p>\n<p class=\"x_MsoNormal\">&nbsp;<\/p>\n<p class=\"x_MsoNormal\"><a href=\"http:\/\/www.ceunsp.edu.br\/\" target=\"_blank\" rel=\"noopener noreferrer\" data-auth=\"NotApplicable\">www.ceunsp.edu.br<\/a>&nbsp;<\/p>\n<p class=\"x_MsoNormal\">Campus Itu I &#8211; Rua Madre Maria&nbsp;Bas\u00edlia, 965, Centro, Itu&nbsp;<\/p>\n<p class=\"x_MsoNormal\">Campus Itu II &#8211; Rua do Patroc\u00ednio, 716, Centro, Itu<\/p>\n<p class=\"x_MsoNormal\">Telefones: (11) 3003 1189 ou 0800 721 5844&nbsp;<\/p>\n<p class=\"x_MsoNormal\"><em>Foto: Divulga\u00e7\u00e3o<\/em><\/p>\n","protected":false},"excerpt":{"rendered":"<p>Universidade \u00e9 primeira na cidade de Itu a oferecer a especialidade; Processo Seletivo para o primeiro semestre acontece no dia 26 de janeiro &nbsp; O Ceunsp (Centro Universit\u00e1rio Nossa Senhora do Patroc\u00ednio), institui\u00e7\u00e3o que integra o grupo Cruzeiro do Sul Educacional, inaugura o curso de Odontologia no Campus Itu e abre inscri\u00e7\u00f5es para o Processo [&hellip;]<\/p>\n","protected":false},"author":1,"featured_media":18162,"comment_status":"open","ping_status":"open","sticky":false,"template":"","format":"standard","meta":{"_acf_changed":false,"ngg_post_thumbnail":0,"_joinchat":[],"footnotes":""},"categories":[12],"tags":[527],"class_list":["post-18161","post","type-post","status-publish","format-standard","has-post-thumbnail","hentry","category-regionais","tag-regionais"],"acf":[],"yoast_head":"<!-- This site is optimized with the Yoast SEO plugin v27.4 - https:\/\/yoast.com\/product\/yoast-seo-wordpress\/ -->\n<title>Ceunsp inaugura curso de Odontologia em Itu - Revista Regional<\/title>\n<meta name=\"robots\" content=\"index, follow, max-snippet:-1, max-image-preview:large, max-video-preview:-1\" \/>\n<link rel=\"canonical\" href=\"https:\/\/revistaregional.com.br\/site\/2019\/01\/15\/ceunsp-inaugura-curso-de-odontologia-em-itu\/\" \/>\n<meta property=\"og:locale\" content=\"pt_BR\" \/>\n<meta property=\"og:type\" content=\"article\" \/>\n<meta property=\"og:title\" content=\"Ceunsp inaugura curso de Odontologia em Itu - Revista Regional\" \/>\n<meta property=\"og:description\" content=\"Universidade \u00e9 primeira na cidade de Itu a oferecer a especialidade; Processo Seletivo para o primeiro semestre acontece no dia 26 de janeiro &nbsp; O Ceunsp (Centro Universit\u00e1rio Nossa Senhora do Patroc\u00ednio), institui\u00e7\u00e3o que integra o grupo Cruzeiro do Sul Educacional, inaugura o curso de Odontologia no Campus Itu e abre inscri\u00e7\u00f5es para o Processo [&hellip;]\" \/>\n<meta property=\"og:url\" content=\"https:\/\/revistaregional.com.br\/site\/2019\/01\/15\/ceunsp-inaugura-curso-de-odontologia-em-itu\/\" \/>\n<meta property=\"og:site_name\" content=\"Revista Regional\" \/>\n<meta property=\"article:published_time\" content=\"2019-01-15T18:55:11+00:00\" \/>\n<meta property=\"article:modified_time\" content=\"2024-01-26T13:12:02+00:00\" \/>\n<meta property=\"og:image\" content=\"https:\/\/revistaregional.com.br\/site\/wp-content\/uploads\/2019\/01\/itu-7.jpg\" \/>\n\t<meta property=\"og:image:width\" content=\"5464\" \/>\n\t<meta property=\"og:image:height\" content=\"3070\" \/>\n\t<meta property=\"og:image:type\" content=\"image\/jpeg\" \/>\n<meta name=\"author\" content=\"contato@revistaregional.com.br\" \/>\n<meta name=\"twitter:card\" content=\"summary_large_image\" \/>\n<meta name=\"twitter:label1\" content=\"Escrito por\" \/>\n\t<meta name=\"twitter:data1\" content=\"contato@revistaregional.com.br\" \/>\n\t<meta name=\"twitter:label2\" content=\"Est. tempo de leitura\" \/>\n\t<meta name=\"twitter:data2\" content=\"2 minutos\" \/>\n<script type=\"application\/ld+json\" class=\"yoast-schema-graph\">{\"@context\":\"https:\\\/\\\/schema.org\",\"@graph\":[{\"@type\":\"Article\",\"@id\":\"https:\\\/\\\/revistaregional.com.br\\\/site\\\/2019\\\/01\\\/15\\\/ceunsp-inaugura-curso-de-odontologia-em-itu\\\/#article\",\"isPartOf\":{\"@id\":\"https:\\\/\\\/revistaregional.com.br\\\/site\\\/2019\\\/01\\\/15\\\/ceunsp-inaugura-curso-de-odontologia-em-itu\\\/\"},\"author\":{\"name\":\"contato@revistaregional.com.br\",\"@id\":\"https:\\\/\\\/revistaregional.com.br\\\/site\\\/#\\\/schema\\\/person\\\/382af97c580dc1b18f55107bc316010d\"},\"headline\":\"Ceunsp inaugura curso de Odontologia em Itu\",\"datePublished\":\"2019-01-15T18:55:11+00:00\",\"dateModified\":\"2024-01-26T13:12:02+00:00\",\"mainEntityOfPage\":{\"@id\":\"https:\\\/\\\/revistaregional.com.br\\\/site\\\/2019\\\/01\\\/15\\\/ceunsp-inaugura-curso-de-odontologia-em-itu\\\/\"},\"wordCount\":358,\"commentCount\":0,\"image\":{\"@id\":\"https:\\\/\\\/revistaregional.com.br\\\/site\\\/2019\\\/01\\\/15\\\/ceunsp-inaugura-curso-de-odontologia-em-itu\\\/#primaryimage\"},\"thumbnailUrl\":\"https:\\\/\\\/revistaregional.com.br\\\/site\\\/wp-content\\\/uploads\\\/2019\\\/01\\\/itu-7.jpg\",\"keywords\":[\"Regionais\"],\"articleSection\":[\"Regionais\"],\"inLanguage\":\"pt-BR\",\"potentialAction\":[{\"@type\":\"CommentAction\",\"name\":\"Comment\",\"target\":[\"https:\\\/\\\/revistaregional.com.br\\\/site\\\/2019\\\/01\\\/15\\\/ceunsp-inaugura-curso-de-odontologia-em-itu\\\/#respond\"]}]},{\"@type\":\"WebPage\",\"@id\":\"https:\\\/\\\/revistaregional.com.br\\\/site\\\/2019\\\/01\\\/15\\\/ceunsp-inaugura-curso-de-odontologia-em-itu\\\/\",\"url\":\"https:\\\/\\\/revistaregional.com.br\\\/site\\\/2019\\\/01\\\/15\\\/ceunsp-inaugura-curso-de-odontologia-em-itu\\\/\",\"name\":\"Ceunsp inaugura curso de Odontologia em Itu - Revista Regional\",\"isPartOf\":{\"@id\":\"https:\\\/\\\/revistaregional.com.br\\\/site\\\/#website\"},\"primaryImageOfPage\":{\"@id\":\"https:\\\/\\\/revistaregional.com.br\\\/site\\\/2019\\\/01\\\/15\\\/ceunsp-inaugura-curso-de-odontologia-em-itu\\\/#primaryimage\"},\"image\":{\"@id\":\"https:\\\/\\\/revistaregional.com.br\\\/site\\\/2019\\\/01\\\/15\\\/ceunsp-inaugura-curso-de-odontologia-em-itu\\\/#primaryimage\"},\"thumbnailUrl\":\"https:\\\/\\\/revistaregional.com.br\\\/site\\\/wp-content\\\/uploads\\\/2019\\\/01\\\/itu-7.jpg\",\"datePublished\":\"2019-01-15T18:55:11+00:00\",\"dateModified\":\"2024-01-26T13:12:02+00:00\",\"author\":{\"@id\":\"https:\\\/\\\/revistaregional.com.br\\\/site\\\/#\\\/schema\\\/person\\\/382af97c580dc1b18f55107bc316010d\"},\"breadcrumb\":{\"@id\":\"https:\\\/\\\/revistaregional.com.br\\\/site\\\/2019\\\/01\\\/15\\\/ceunsp-inaugura-curso-de-odontologia-em-itu\\\/#breadcrumb\"},\"inLanguage\":\"pt-BR\",\"potentialAction\":[{\"@type\":\"ReadAction\",\"target\":[\"https:\\\/\\\/revistaregional.com.br\\\/site\\\/2019\\\/01\\\/15\\\/ceunsp-inaugura-curso-de-odontologia-em-itu\\\/\"]}]},{\"@type\":\"ImageObject\",\"inLanguage\":\"pt-BR\",\"@id\":\"https:\\\/\\\/revistaregional.com.br\\\/site\\\/2019\\\/01\\\/15\\\/ceunsp-inaugura-curso-de-odontologia-em-itu\\\/#primaryimage\",\"url\":\"https:\\\/\\\/revistaregional.com.br\\\/site\\\/wp-content\\\/uploads\\\/2019\\\/01\\\/itu-7.jpg\",\"contentUrl\":\"https:\\\/\\\/revistaregional.com.br\\\/site\\\/wp-content\\\/uploads\\\/2019\\\/01\\\/itu-7.jpg\",\"width\":5464,\"height\":3070},{\"@type\":\"BreadcrumbList\",\"@id\":\"https:\\\/\\\/revistaregional.com.br\\\/site\\\/2019\\\/01\\\/15\\\/ceunsp-inaugura-curso-de-odontologia-em-itu\\\/#breadcrumb\",\"itemListElement\":[{\"@type\":\"ListItem\",\"position\":1,\"name\":\"In\u00edcio\",\"item\":\"https:\\\/\\\/revistaregional.com.br\\\/site\\\/\"},{\"@type\":\"ListItem\",\"position\":2,\"name\":\"Ceunsp inaugura curso de Odontologia em Itu\"}]},{\"@type\":\"WebSite\",\"@id\":\"https:\\\/\\\/revistaregional.com.br\\\/site\\\/#website\",\"url\":\"https:\\\/\\\/revistaregional.com.br\\\/site\\\/\",\"name\":\"Revista Regional\",\"description\":\"Salto - Itu - Indaituba\",\"potentialAction\":[{\"@type\":\"SearchAction\",\"target\":{\"@type\":\"EntryPoint\",\"urlTemplate\":\"https:\\\/\\\/revistaregional.com.br\\\/site\\\/?s={search_term_string}\"},\"query-input\":{\"@type\":\"PropertyValueSpecification\",\"valueRequired\":true,\"valueName\":\"search_term_string\"}}],\"inLanguage\":\"pt-BR\"},{\"@type\":\"Person\",\"@id\":\"https:\\\/\\\/revistaregional.com.br\\\/site\\\/#\\\/schema\\\/person\\\/382af97c580dc1b18f55107bc316010d\",\"name\":\"contato@revistaregional.com.br\",\"image\":{\"@type\":\"ImageObject\",\"inLanguage\":\"pt-BR\",\"@id\":\"https:\\\/\\\/secure.gravatar.com\\\/avatar\\\/869822917e96b2e292d5827e4635855396934485e7c4a0af84e9a214e32ca0cd?s=96&d=mm&r=g\",\"url\":\"https:\\\/\\\/secure.gravatar.com\\\/avatar\\\/869822917e96b2e292d5827e4635855396934485e7c4a0af84e9a214e32ca0cd?s=96&d=mm&r=g\",\"contentUrl\":\"https:\\\/\\\/secure.gravatar.com\\\/avatar\\\/869822917e96b2e292d5827e4635855396934485e7c4a0af84e9a214e32ca0cd?s=96&d=mm&r=g\",\"caption\":\"contato@revistaregional.com.br\"},\"url\":\"https:\\\/\\\/revistaregional.com.br\\\/site\\\/author\\\/contato@revistaregional.com.br\\\/\"}]}<\/script>\n<!-- \/ Yoast SEO plugin. -->","yoast_head_json":{"title":"Ceunsp inaugura curso de Odontologia em Itu - Revista Regional","robots":{"index":"index","follow":"follow","max-snippet":"max-snippet:-1","max-image-preview":"max-image-preview:large","max-video-preview":"max-video-preview:-1"},"canonical":"https:\/\/revistaregional.com.br\/site\/2019\/01\/15\/ceunsp-inaugura-curso-de-odontologia-em-itu\/","og_locale":"pt_BR","og_type":"article","og_title":"Ceunsp inaugura curso de Odontologia em Itu - Revista Regional","og_description":"Universidade \u00e9 primeira na cidade de Itu a oferecer a especialidade; Processo Seletivo para o primeiro semestre acontece no dia 26 de janeiro &nbsp; O Ceunsp (Centro Universit\u00e1rio Nossa Senhora do Patroc\u00ednio), institui\u00e7\u00e3o que integra o grupo Cruzeiro do Sul Educacional, inaugura o curso de Odontologia no Campus Itu e abre inscri\u00e7\u00f5es para o Processo [&hellip;]","og_url":"https:\/\/revistaregional.com.br\/site\/2019\/01\/15\/ceunsp-inaugura-curso-de-odontologia-em-itu\/","og_site_name":"Revista Regional","article_published_time":"2019-01-15T18:55:11+00:00","article_modified_time":"2024-01-26T13:12:02+00:00","og_image":[{"width":5464,"height":3070,"url":"https:\/\/revistaregional.com.br\/site\/wp-content\/uploads\/2019\/01\/itu-7.jpg","type":"image\/jpeg"}],"author":"contato@revistaregional.com.br","twitter_card":"summary_large_image","twitter_misc":{"Escrito por":"contato@revistaregional.com.br","Est. tempo de leitura":"2 minutos"},"schema":{"@context":"https:\/\/schema.org","@graph":[{"@type":"Article","@id":"https:\/\/revistaregional.com.br\/site\/2019\/01\/15\/ceunsp-inaugura-curso-de-odontologia-em-itu\/#article","isPartOf":{"@id":"https:\/\/revistaregional.com.br\/site\/2019\/01\/15\/ceunsp-inaugura-curso-de-odontologia-em-itu\/"},"author":{"name":"contato@revistaregional.com.br","@id":"https:\/\/revistaregional.com.br\/site\/#\/schema\/person\/382af97c580dc1b18f55107bc316010d"},"headline":"Ceunsp inaugura curso de Odontologia em Itu","datePublished":"2019-01-15T18:55:11+00:00","dateModified":"2024-01-26T13:12:02+00:00","mainEntityOfPage":{"@id":"https:\/\/revistaregional.com.br\/site\/2019\/01\/15\/ceunsp-inaugura-curso-de-odontologia-em-itu\/"},"wordCount":358,"commentCount":0,"image":{"@id":"https:\/\/revistaregional.com.br\/site\/2019\/01\/15\/ceunsp-inaugura-curso-de-odontologia-em-itu\/#primaryimage"},"thumbnailUrl":"https:\/\/revistaregional.com.br\/site\/wp-content\/uploads\/2019\/01\/itu-7.jpg","keywords":["Regionais"],"articleSection":["Regionais"],"inLanguage":"pt-BR","potentialAction":[{"@type":"CommentAction","name":"Comment","target":["https:\/\/revistaregional.com.br\/site\/2019\/01\/15\/ceunsp-inaugura-curso-de-odontologia-em-itu\/#respond"]}]},{"@type":"WebPage","@id":"https:\/\/revistaregional.com.br\/site\/2019\/01\/15\/ceunsp-inaugura-curso-de-odontologia-em-itu\/","url":"https:\/\/revistaregional.com.br\/site\/2019\/01\/15\/ceunsp-inaugura-curso-de-odontologia-em-itu\/","name":"Ceunsp inaugura curso de Odontologia em Itu - Revista Regional","isPartOf":{"@id":"https:\/\/revistaregional.com.br\/site\/#website"},"primaryImageOfPage":{"@id":"https:\/\/revistaregional.com.br\/site\/2019\/01\/15\/ceunsp-inaugura-curso-de-odontologia-em-itu\/#primaryimage"},"image":{"@id":"https:\/\/revistaregional.com.br\/site\/2019\/01\/15\/ceunsp-inaugura-curso-de-odontologia-em-itu\/#primaryimage"},"thumbnailUrl":"https:\/\/revistaregional.com.br\/site\/wp-content\/uploads\/2019\/01\/itu-7.jpg","datePublished":"2019-01-15T18:55:11+00:00","dateModified":"2024-01-26T13:12:02+00:00","author":{"@id":"https:\/\/revistaregional.com.br\/site\/#\/schema\/person\/382af97c580dc1b18f55107bc316010d"},"breadcrumb":{"@id":"https:\/\/revistaregional.com.br\/site\/2019\/01\/15\/ceunsp-inaugura-curso-de-odontologia-em-itu\/#breadcrumb"},"inLanguage":"pt-BR","potentialAction":[{"@type":"ReadAction","target":["https:\/\/revistaregional.com.br\/site\/2019\/01\/15\/ceunsp-inaugura-curso-de-odontologia-em-itu\/"]}]},{"@type":"ImageObject","inLanguage":"pt-BR","@id":"https:\/\/revistaregional.com.br\/site\/2019\/01\/15\/ceunsp-inaugura-curso-de-odontologia-em-itu\/#primaryimage","url":"https:\/\/revistaregional.com.br\/site\/wp-content\/uploads\/2019\/01\/itu-7.jpg","contentUrl":"https:\/\/revistaregional.com.br\/site\/wp-content\/uploads\/2019\/01\/itu-7.jpg","width":5464,"height":3070},{"@type":"BreadcrumbList","@id":"https:\/\/revistaregional.com.br\/site\/2019\/01\/15\/ceunsp-inaugura-curso-de-odontologia-em-itu\/#breadcrumb","itemListElement":[{"@type":"ListItem","position":1,"name":"In\u00edcio","item":"https:\/\/revistaregional.com.br\/site\/"},{"@type":"ListItem","position":2,"name":"Ceunsp inaugura curso de Odontologia em Itu"}]},{"@type":"WebSite","@id":"https:\/\/revistaregional.com.br\/site\/#website","url":"https:\/\/revistaregional.com.br\/site\/","name":"Revista Regional","description":"Salto - Itu - Indaituba","potentialAction":[{"@type":"SearchAction","target":{"@type":"EntryPoint","urlTemplate":"https:\/\/revistaregional.com.br\/site\/?s={search_term_string}"},"query-input":{"@type":"PropertyValueSpecification","valueRequired":true,"valueName":"search_term_string"}}],"inLanguage":"pt-BR"},{"@type":"Person","@id":"https:\/\/revistaregional.com.br\/site\/#\/schema\/person\/382af97c580dc1b18f55107bc316010d","name":"contato@revistaregional.com.br","image":{"@type":"ImageObject","inLanguage":"pt-BR","@id":"https:\/\/secure.gravatar.com\/avatar\/869822917e96b2e292d5827e4635855396934485e7c4a0af84e9a214e32ca0cd?s=96&d=mm&r=g","url":"https:\/\/secure.gravatar.com\/avatar\/869822917e96b2e292d5827e4635855396934485e7c4a0af84e9a214e32ca0cd?s=96&d=mm&r=g","contentUrl":"https:\/\/secure.gravatar.com\/avatar\/869822917e96b2e292d5827e4635855396934485e7c4a0af84e9a214e32ca0cd?s=96&d=mm&r=g","caption":"contato@revistaregional.com.br"},"url":"https:\/\/revistaregional.com.br\/site\/author\/contato@revistaregional.com.br\/"}]}},"views":218,"_links":{"self":[{"href":"https:\/\/revistaregional.com.br\/site\/wp-json\/wp\/v2\/posts\/18161","targetHints":{"allow":["GET"]}}],"collection":[{"href":"https:\/\/revistaregional.com.br\/site\/wp-json\/wp\/v2\/posts"}],"about":[{"href":"https:\/\/revistaregional.com.br\/site\/wp-json\/wp\/v2\/types\/post"}],"author":[{"embeddable":true,"href":"https:\/\/revistaregional.com.br\/site\/wp-json\/wp\/v2\/users\/1"}],"replies":[{"embeddable":true,"href":"https:\/\/revistaregional.com.br\/site\/wp-json\/wp\/v2\/comments?post=18161"}],"version-history":[{"count":1,"href":"https:\/\/revistaregional.com.br\/site\/wp-json\/wp\/v2\/posts\/18161\/revisions"}],"predecessor-version":[{"id":18163,"href":"https:\/\/revistaregional.com.br\/site\/wp-json\/wp\/v2\/posts\/18161\/revisions\/18163"}],"wp:featuredmedia":[{"embeddable":true,"href":"https:\/\/revistaregional.com.br\/site\/wp-json\/wp\/v2\/media\/18162"}],"wp:attachment":[{"href":"https:\/\/revistaregional.com.br\/site\/wp-json\/wp\/v2\/media?parent=18161"}],"wp:term":[{"taxonomy":"category","embeddable":true,"href":"https:\/\/revistaregional.com.br\/site\/wp-json\/wp\/v2\/categories?post=18161"},{"taxonomy":"post_tag","embeddable":true,"href":"https:\/\/revistaregional.com.br\/site\/wp-json\/wp\/v2\/tags?post=18161"}],"curies":[{"name":"wp","href":"https:\/\/api.w.org\/{rel}","templated":true}]}}