{"id":18149,"date":"2019-01-09T13:00:44","date_gmt":"2019-01-09T13:00:44","guid":{"rendered":"http:\/\/revistaregional.com.br\/site\/?p=18149"},"modified":"2024-01-26T10:12:03","modified_gmt":"2024-01-26T13:12:03","slug":"plaza-premia-cliente-com-um-toyota-yaris-hatch-0km","status":"publish","type":"post","link":"https:\/\/revistaregional.com.br\/site\/2019\/01\/09\/plaza-premia-cliente-com-um-toyota-yaris-hatch-0km\/","title":{"rendered":"Plaza premia cliente com um Toyota Yaris Hatch 0km"},"content":{"rendered":"<figure id=\"attachment_18150\" aria-describedby=\"caption-attachment-18150\" style=\"width: 299px\" class=\"wp-caption alignleft\"><a href=\"http:\/\/revistaregional.com.br\/site\/wp-content\/uploads\/2019\/01\/imagem_release_1564025.jpg\"><img fetchpriority=\"high\" decoding=\"async\" class=\"wp-image-18150\" src=\"http:\/\/revistaregional.com.br\/site\/wp-content\/uploads\/2019\/01\/imagem_release_1564025.jpg\" alt=\"Divulga\u00e7\u00e3o Plaza Shopping Itu\" width=\"299\" height=\"224\" data-id=\"18150\" srcset=\"https:\/\/revistaregional.com.br\/site\/wp-content\/uploads\/2019\/01\/imagem_release_1564025.jpg 4608w, https:\/\/revistaregional.com.br\/site\/wp-content\/uploads\/2019\/01\/imagem_release_1564025-300x225.jpg 300w, https:\/\/revistaregional.com.br\/site\/wp-content\/uploads\/2019\/01\/imagem_release_1564025-1024x768.jpg 1024w, https:\/\/revistaregional.com.br\/site\/wp-content\/uploads\/2019\/01\/imagem_release_1564025-150x113.jpg 150w, https:\/\/revistaregional.com.br\/site\/wp-content\/uploads\/2019\/01\/imagem_release_1564025-413x311.jpg 413w\" sizes=\"(max-width: 299px) 100vw, 299px\" \/><\/a><figcaption id=\"caption-attachment-18150\" class=\"wp-caption-text\">Carlos Jose Almeida Dias, ganhador do sortei de Natal do Plaza Shopping Itu<\/figcaption><\/figure>\n<p>No \u00faltimo domingo, dia&nbsp;06 de janeiro, o Plaza Shopping Itu realizou o sorteio da promo\u00e7\u00e3o de Natal, com a presen\u00e7a de clientes, em frente ao espa\u00e7o do Atendimento ao Cliente. O ganhador do carro Toyota Yaris Hatch 0km foi Carlos Jos\u00e9 Almeida Dias, que \u00e9 de S\u00e3o Jos\u00e9 dos Campos e trabalha em Itu.<\/p>\n<p>\u201cAgradecemos as milhares de pessoas que participaram da nossa promo\u00e7\u00e3o e fica o convite para continuarem acompanhando a nossa programa\u00e7\u00e3o especial\u201d, registra Edgar Silveira, gerente de Marketing do Plaza.<\/p>\n<p>A promo\u00e7\u00e3o de Natal do Plaza Shopping Itu foi realizada entre os dias 17 de novembro e 31 de dezembro de 2018, na qual ao juntar R$ 350 em notas ou cupons fiscais das lojas participantes, os clientes trocaram por um cupom para o sorteio do carro.<\/p>\n","protected":false},"excerpt":{"rendered":"<p>No \u00faltimo domingo, dia&nbsp;06 de janeiro, o Plaza Shopping Itu realizou o sorteio da promo\u00e7\u00e3o de Natal, com a presen\u00e7a de clientes, em frente ao espa\u00e7o do Atendimento ao Cliente. O ganhador do carro Toyota Yaris Hatch 0km foi Carlos Jos\u00e9 Almeida Dias, que \u00e9 de S\u00e3o Jos\u00e9 dos Campos e trabalha em Itu. \u201cAgradecemos [&hellip;]<\/p>\n","protected":false},"author":1,"featured_media":18150,"comment_status":"open","ping_status":"open","sticky":false,"template":"","format":"standard","meta":{"_acf_changed":false,"ngg_post_thumbnail":0,"_joinchat":[],"footnotes":""},"categories":[12],"tags":[527],"class_list":["post-18149","post","type-post","status-publish","format-standard","has-post-thumbnail","hentry","category-regionais","tag-regionais"],"acf":[],"yoast_head":"<!-- This site is optimized with the Yoast SEO plugin v27.4 - https:\/\/yoast.com\/product\/yoast-seo-wordpress\/ -->\n<title>Plaza premia cliente com um Toyota Yaris Hatch 0km - Revista Regional<\/title>\n<meta name=\"robots\" content=\"index, follow, max-snippet:-1, max-image-preview:large, max-video-preview:-1\" \/>\n<link rel=\"canonical\" href=\"https:\/\/revistaregional.com.br\/site\/2019\/01\/09\/plaza-premia-cliente-com-um-toyota-yaris-hatch-0km\/\" \/>\n<meta property=\"og:locale\" content=\"pt_BR\" \/>\n<meta property=\"og:type\" content=\"article\" \/>\n<meta property=\"og:title\" content=\"Plaza premia cliente com um Toyota Yaris Hatch 0km - Revista Regional\" \/>\n<meta property=\"og:description\" content=\"No \u00faltimo domingo, dia&nbsp;06 de janeiro, o Plaza Shopping Itu realizou o sorteio da promo\u00e7\u00e3o de Natal, com a presen\u00e7a de clientes, em frente ao espa\u00e7o do Atendimento ao Cliente. O ganhador do carro Toyota Yaris Hatch 0km foi Carlos Jos\u00e9 Almeida Dias, que \u00e9 de S\u00e3o Jos\u00e9 dos Campos e trabalha em Itu. \u201cAgradecemos [&hellip;]\" \/>\n<meta property=\"og:url\" content=\"https:\/\/revistaregional.com.br\/site\/2019\/01\/09\/plaza-premia-cliente-com-um-toyota-yaris-hatch-0km\/\" \/>\n<meta property=\"og:site_name\" content=\"Revista Regional\" \/>\n<meta property=\"article:published_time\" content=\"2019-01-09T13:00:44+00:00\" \/>\n<meta property=\"article:modified_time\" content=\"2024-01-26T13:12:03+00:00\" \/>\n<meta property=\"og:image\" content=\"https:\/\/revistaregional.com.br\/site\/wp-content\/uploads\/2019\/01\/imagem_release_1564025-1024x768.jpg\" \/>\n\t<meta property=\"og:image:width\" content=\"1024\" \/>\n\t<meta property=\"og:image:height\" content=\"768\" \/>\n\t<meta property=\"og:image:type\" content=\"image\/jpeg\" \/>\n<meta name=\"author\" content=\"contato@revistaregional.com.br\" \/>\n<meta name=\"twitter:card\" content=\"summary_large_image\" \/>\n<meta name=\"twitter:label1\" content=\"Escrito por\" \/>\n\t<meta name=\"twitter:data1\" content=\"contato@revistaregional.com.br\" \/>\n\t<meta name=\"twitter:label2\" content=\"Est. tempo de leitura\" \/>\n\t<meta name=\"twitter:data2\" content=\"1 minuto\" \/>\n<script type=\"application\/ld+json\" class=\"yoast-schema-graph\">{\"@context\":\"https:\\\/\\\/schema.org\",\"@graph\":[{\"@type\":\"Article\",\"@id\":\"https:\\\/\\\/revistaregional.com.br\\\/site\\\/2019\\\/01\\\/09\\\/plaza-premia-cliente-com-um-toyota-yaris-hatch-0km\\\/#article\",\"isPartOf\":{\"@id\":\"https:\\\/\\\/revistaregional.com.br\\\/site\\\/2019\\\/01\\\/09\\\/plaza-premia-cliente-com-um-toyota-yaris-hatch-0km\\\/\"},\"author\":{\"name\":\"contato@revistaregional.com.br\",\"@id\":\"https:\\\/\\\/revistaregional.com.br\\\/site\\\/#\\\/schema\\\/person\\\/382af97c580dc1b18f55107bc316010d\"},\"headline\":\"Plaza premia cliente com um Toyota Yaris Hatch 0km\",\"datePublished\":\"2019-01-09T13:00:44+00:00\",\"dateModified\":\"2024-01-26T13:12:03+00:00\",\"mainEntityOfPage\":{\"@id\":\"https:\\\/\\\/revistaregional.com.br\\\/site\\\/2019\\\/01\\\/09\\\/plaza-premia-cliente-com-um-toyota-yaris-hatch-0km\\\/\"},\"wordCount\":162,\"commentCount\":0,\"image\":{\"@id\":\"https:\\\/\\\/revistaregional.com.br\\\/site\\\/2019\\\/01\\\/09\\\/plaza-premia-cliente-com-um-toyota-yaris-hatch-0km\\\/#primaryimage\"},\"thumbnailUrl\":\"https:\\\/\\\/revistaregional.com.br\\\/site\\\/wp-content\\\/uploads\\\/2019\\\/01\\\/imagem_release_1564025.jpg\",\"keywords\":[\"Regionais\"],\"articleSection\":[\"Regionais\"],\"inLanguage\":\"pt-BR\",\"potentialAction\":[{\"@type\":\"CommentAction\",\"name\":\"Comment\",\"target\":[\"https:\\\/\\\/revistaregional.com.br\\\/site\\\/2019\\\/01\\\/09\\\/plaza-premia-cliente-com-um-toyota-yaris-hatch-0km\\\/#respond\"]}]},{\"@type\":\"WebPage\",\"@id\":\"https:\\\/\\\/revistaregional.com.br\\\/site\\\/2019\\\/01\\\/09\\\/plaza-premia-cliente-com-um-toyota-yaris-hatch-0km\\\/\",\"url\":\"https:\\\/\\\/revistaregional.com.br\\\/site\\\/2019\\\/01\\\/09\\\/plaza-premia-cliente-com-um-toyota-yaris-hatch-0km\\\/\",\"name\":\"Plaza premia cliente com um Toyota Yaris Hatch 0km - Revista Regional\",\"isPartOf\":{\"@id\":\"https:\\\/\\\/revistaregional.com.br\\\/site\\\/#website\"},\"primaryImageOfPage\":{\"@id\":\"https:\\\/\\\/revistaregional.com.br\\\/site\\\/2019\\\/01\\\/09\\\/plaza-premia-cliente-com-um-toyota-yaris-hatch-0km\\\/#primaryimage\"},\"image\":{\"@id\":\"https:\\\/\\\/revistaregional.com.br\\\/site\\\/2019\\\/01\\\/09\\\/plaza-premia-cliente-com-um-toyota-yaris-hatch-0km\\\/#primaryimage\"},\"thumbnailUrl\":\"https:\\\/\\\/revistaregional.com.br\\\/site\\\/wp-content\\\/uploads\\\/2019\\\/01\\\/imagem_release_1564025.jpg\",\"datePublished\":\"2019-01-09T13:00:44+00:00\",\"dateModified\":\"2024-01-26T13:12:03+00:00\",\"author\":{\"@id\":\"https:\\\/\\\/revistaregional.com.br\\\/site\\\/#\\\/schema\\\/person\\\/382af97c580dc1b18f55107bc316010d\"},\"breadcrumb\":{\"@id\":\"https:\\\/\\\/revistaregional.com.br\\\/site\\\/2019\\\/01\\\/09\\\/plaza-premia-cliente-com-um-toyota-yaris-hatch-0km\\\/#breadcrumb\"},\"inLanguage\":\"pt-BR\",\"potentialAction\":[{\"@type\":\"ReadAction\",\"target\":[\"https:\\\/\\\/revistaregional.com.br\\\/site\\\/2019\\\/01\\\/09\\\/plaza-premia-cliente-com-um-toyota-yaris-hatch-0km\\\/\"]}]},{\"@type\":\"ImageObject\",\"inLanguage\":\"pt-BR\",\"@id\":\"https:\\\/\\\/revistaregional.com.br\\\/site\\\/2019\\\/01\\\/09\\\/plaza-premia-cliente-com-um-toyota-yaris-hatch-0km\\\/#primaryimage\",\"url\":\"https:\\\/\\\/revistaregional.com.br\\\/site\\\/wp-content\\\/uploads\\\/2019\\\/01\\\/imagem_release_1564025.jpg\",\"contentUrl\":\"https:\\\/\\\/revistaregional.com.br\\\/site\\\/wp-content\\\/uploads\\\/2019\\\/01\\\/imagem_release_1564025.jpg\",\"width\":4608,\"height\":3456},{\"@type\":\"BreadcrumbList\",\"@id\":\"https:\\\/\\\/revistaregional.com.br\\\/site\\\/2019\\\/01\\\/09\\\/plaza-premia-cliente-com-um-toyota-yaris-hatch-0km\\\/#breadcrumb\",\"itemListElement\":[{\"@type\":\"ListItem\",\"position\":1,\"name\":\"In\u00edcio\",\"item\":\"https:\\\/\\\/revistaregional.com.br\\\/site\\\/\"},{\"@type\":\"ListItem\",\"position\":2,\"name\":\"Plaza premia cliente com um Toyota Yaris Hatch 0km\"}]},{\"@type\":\"WebSite\",\"@id\":\"https:\\\/\\\/revistaregional.com.br\\\/site\\\/#website\",\"url\":\"https:\\\/\\\/revistaregional.com.br\\\/site\\\/\",\"name\":\"Revista Regional\",\"description\":\"Salto - Itu - Indaituba\",\"potentialAction\":[{\"@type\":\"SearchAction\",\"target\":{\"@type\":\"EntryPoint\",\"urlTemplate\":\"https:\\\/\\\/revistaregional.com.br\\\/site\\\/?s={search_term_string}\"},\"query-input\":{\"@type\":\"PropertyValueSpecification\",\"valueRequired\":true,\"valueName\":\"search_term_string\"}}],\"inLanguage\":\"pt-BR\"},{\"@type\":\"Person\",\"@id\":\"https:\\\/\\\/revistaregional.com.br\\\/site\\\/#\\\/schema\\\/person\\\/382af97c580dc1b18f55107bc316010d\",\"name\":\"contato@revistaregional.com.br\",\"image\":{\"@type\":\"ImageObject\",\"inLanguage\":\"pt-BR\",\"@id\":\"https:\\\/\\\/secure.gravatar.com\\\/avatar\\\/869822917e96b2e292d5827e4635855396934485e7c4a0af84e9a214e32ca0cd?s=96&d=mm&r=g\",\"url\":\"https:\\\/\\\/secure.gravatar.com\\\/avatar\\\/869822917e96b2e292d5827e4635855396934485e7c4a0af84e9a214e32ca0cd?s=96&d=mm&r=g\",\"contentUrl\":\"https:\\\/\\\/secure.gravatar.com\\\/avatar\\\/869822917e96b2e292d5827e4635855396934485e7c4a0af84e9a214e32ca0cd?s=96&d=mm&r=g\",\"caption\":\"contato@revistaregional.com.br\"},\"url\":\"https:\\\/\\\/revistaregional.com.br\\\/site\\\/author\\\/contato@revistaregional.com.br\\\/\"}]}<\/script>\n<!-- \/ Yoast SEO plugin. -->","yoast_head_json":{"title":"Plaza premia cliente com um Toyota Yaris Hatch 0km - Revista Regional","robots":{"index":"index","follow":"follow","max-snippet":"max-snippet:-1","max-image-preview":"max-image-preview:large","max-video-preview":"max-video-preview:-1"},"canonical":"https:\/\/revistaregional.com.br\/site\/2019\/01\/09\/plaza-premia-cliente-com-um-toyota-yaris-hatch-0km\/","og_locale":"pt_BR","og_type":"article","og_title":"Plaza premia cliente com um Toyota Yaris Hatch 0km - Revista Regional","og_description":"No \u00faltimo domingo, dia&nbsp;06 de janeiro, o Plaza Shopping Itu realizou o sorteio da promo\u00e7\u00e3o de Natal, com a presen\u00e7a de clientes, em frente ao espa\u00e7o do Atendimento ao Cliente. O ganhador do carro Toyota Yaris Hatch 0km foi Carlos Jos\u00e9 Almeida Dias, que \u00e9 de S\u00e3o Jos\u00e9 dos Campos e trabalha em Itu. \u201cAgradecemos [&hellip;]","og_url":"https:\/\/revistaregional.com.br\/site\/2019\/01\/09\/plaza-premia-cliente-com-um-toyota-yaris-hatch-0km\/","og_site_name":"Revista Regional","article_published_time":"2019-01-09T13:00:44+00:00","article_modified_time":"2024-01-26T13:12:03+00:00","og_image":[{"width":1024,"height":768,"url":"https:\/\/revistaregional.com.br\/site\/wp-content\/uploads\/2019\/01\/imagem_release_1564025-1024x768.jpg","type":"image\/jpeg"}],"author":"contato@revistaregional.com.br","twitter_card":"summary_large_image","twitter_misc":{"Escrito por":"contato@revistaregional.com.br","Est. tempo de leitura":"1 minuto"},"schema":{"@context":"https:\/\/schema.org","@graph":[{"@type":"Article","@id":"https:\/\/revistaregional.com.br\/site\/2019\/01\/09\/plaza-premia-cliente-com-um-toyota-yaris-hatch-0km\/#article","isPartOf":{"@id":"https:\/\/revistaregional.com.br\/site\/2019\/01\/09\/plaza-premia-cliente-com-um-toyota-yaris-hatch-0km\/"},"author":{"name":"contato@revistaregional.com.br","@id":"https:\/\/revistaregional.com.br\/site\/#\/schema\/person\/382af97c580dc1b18f55107bc316010d"},"headline":"Plaza premia cliente com um Toyota Yaris Hatch 0km","datePublished":"2019-01-09T13:00:44+00:00","dateModified":"2024-01-26T13:12:03+00:00","mainEntityOfPage":{"@id":"https:\/\/revistaregional.com.br\/site\/2019\/01\/09\/plaza-premia-cliente-com-um-toyota-yaris-hatch-0km\/"},"wordCount":162,"commentCount":0,"image":{"@id":"https:\/\/revistaregional.com.br\/site\/2019\/01\/09\/plaza-premia-cliente-com-um-toyota-yaris-hatch-0km\/#primaryimage"},"thumbnailUrl":"https:\/\/revistaregional.com.br\/site\/wp-content\/uploads\/2019\/01\/imagem_release_1564025.jpg","keywords":["Regionais"],"articleSection":["Regionais"],"inLanguage":"pt-BR","potentialAction":[{"@type":"CommentAction","name":"Comment","target":["https:\/\/revistaregional.com.br\/site\/2019\/01\/09\/plaza-premia-cliente-com-um-toyota-yaris-hatch-0km\/#respond"]}]},{"@type":"WebPage","@id":"https:\/\/revistaregional.com.br\/site\/2019\/01\/09\/plaza-premia-cliente-com-um-toyota-yaris-hatch-0km\/","url":"https:\/\/revistaregional.com.br\/site\/2019\/01\/09\/plaza-premia-cliente-com-um-toyota-yaris-hatch-0km\/","name":"Plaza premia cliente com um Toyota Yaris Hatch 0km - Revista Regional","isPartOf":{"@id":"https:\/\/revistaregional.com.br\/site\/#website"},"primaryImageOfPage":{"@id":"https:\/\/revistaregional.com.br\/site\/2019\/01\/09\/plaza-premia-cliente-com-um-toyota-yaris-hatch-0km\/#primaryimage"},"image":{"@id":"https:\/\/revistaregional.com.br\/site\/2019\/01\/09\/plaza-premia-cliente-com-um-toyota-yaris-hatch-0km\/#primaryimage"},"thumbnailUrl":"https:\/\/revistaregional.com.br\/site\/wp-content\/uploads\/2019\/01\/imagem_release_1564025.jpg","datePublished":"2019-01-09T13:00:44+00:00","dateModified":"2024-01-26T13:12:03+00:00","author":{"@id":"https:\/\/revistaregional.com.br\/site\/#\/schema\/person\/382af97c580dc1b18f55107bc316010d"},"breadcrumb":{"@id":"https:\/\/revistaregional.com.br\/site\/2019\/01\/09\/plaza-premia-cliente-com-um-toyota-yaris-hatch-0km\/#breadcrumb"},"inLanguage":"pt-BR","potentialAction":[{"@type":"ReadAction","target":["https:\/\/revistaregional.com.br\/site\/2019\/01\/09\/plaza-premia-cliente-com-um-toyota-yaris-hatch-0km\/"]}]},{"@type":"ImageObject","inLanguage":"pt-BR","@id":"https:\/\/revistaregional.com.br\/site\/2019\/01\/09\/plaza-premia-cliente-com-um-toyota-yaris-hatch-0km\/#primaryimage","url":"https:\/\/revistaregional.com.br\/site\/wp-content\/uploads\/2019\/01\/imagem_release_1564025.jpg","contentUrl":"https:\/\/revistaregional.com.br\/site\/wp-content\/uploads\/2019\/01\/imagem_release_1564025.jpg","width":4608,"height":3456},{"@type":"BreadcrumbList","@id":"https:\/\/revistaregional.com.br\/site\/2019\/01\/09\/plaza-premia-cliente-com-um-toyota-yaris-hatch-0km\/#breadcrumb","itemListElement":[{"@type":"ListItem","position":1,"name":"In\u00edcio","item":"https:\/\/revistaregional.com.br\/site\/"},{"@type":"ListItem","position":2,"name":"Plaza premia cliente com um Toyota Yaris Hatch 0km"}]},{"@type":"WebSite","@id":"https:\/\/revistaregional.com.br\/site\/#website","url":"https:\/\/revistaregional.com.br\/site\/","name":"Revista Regional","description":"Salto - Itu - Indaituba","potentialAction":[{"@type":"SearchAction","target":{"@type":"EntryPoint","urlTemplate":"https:\/\/revistaregional.com.br\/site\/?s={search_term_string}"},"query-input":{"@type":"PropertyValueSpecification","valueRequired":true,"valueName":"search_term_string"}}],"inLanguage":"pt-BR"},{"@type":"Person","@id":"https:\/\/revistaregional.com.br\/site\/#\/schema\/person\/382af97c580dc1b18f55107bc316010d","name":"contato@revistaregional.com.br","image":{"@type":"ImageObject","inLanguage":"pt-BR","@id":"https:\/\/secure.gravatar.com\/avatar\/869822917e96b2e292d5827e4635855396934485e7c4a0af84e9a214e32ca0cd?s=96&d=mm&r=g","url":"https:\/\/secure.gravatar.com\/avatar\/869822917e96b2e292d5827e4635855396934485e7c4a0af84e9a214e32ca0cd?s=96&d=mm&r=g","contentUrl":"https:\/\/secure.gravatar.com\/avatar\/869822917e96b2e292d5827e4635855396934485e7c4a0af84e9a214e32ca0cd?s=96&d=mm&r=g","caption":"contato@revistaregional.com.br"},"url":"https:\/\/revistaregional.com.br\/site\/author\/contato@revistaregional.com.br\/"}]}},"views":42,"_links":{"self":[{"href":"https:\/\/revistaregional.com.br\/site\/wp-json\/wp\/v2\/posts\/18149","targetHints":{"allow":["GET"]}}],"collection":[{"href":"https:\/\/revistaregional.com.br\/site\/wp-json\/wp\/v2\/posts"}],"about":[{"href":"https:\/\/revistaregional.com.br\/site\/wp-json\/wp\/v2\/types\/post"}],"author":[{"embeddable":true,"href":"https:\/\/revistaregional.com.br\/site\/wp-json\/wp\/v2\/users\/1"}],"replies":[{"embeddable":true,"href":"https:\/\/revistaregional.com.br\/site\/wp-json\/wp\/v2\/comments?post=18149"}],"version-history":[{"count":2,"href":"https:\/\/revistaregional.com.br\/site\/wp-json\/wp\/v2\/posts\/18149\/revisions"}],"predecessor-version":[{"id":18152,"href":"https:\/\/revistaregional.com.br\/site\/wp-json\/wp\/v2\/posts\/18149\/revisions\/18152"}],"wp:featuredmedia":[{"embeddable":true,"href":"https:\/\/revistaregional.com.br\/site\/wp-json\/wp\/v2\/media\/18150"}],"wp:attachment":[{"href":"https:\/\/revistaregional.com.br\/site\/wp-json\/wp\/v2\/media?parent=18149"}],"wp:term":[{"taxonomy":"category","embeddable":true,"href":"https:\/\/revistaregional.com.br\/site\/wp-json\/wp\/v2\/categories?post=18149"},{"taxonomy":"post_tag","embeddable":true,"href":"https:\/\/revistaregional.com.br\/site\/wp-json\/wp\/v2\/tags?post=18149"}],"curies":[{"name":"wp","href":"https:\/\/api.w.org\/{rel}","templated":true}]}}