{"id":1786,"date":"2011-11-09T13:18:36","date_gmt":"2011-11-09T16:18:36","guid":{"rendered":"http:\/\/revistaregional.com.br\/site\/?p=1786"},"modified":"2024-01-26T09:58:17","modified_gmt":"2024-01-26T12:58:17","slug":"natal-amigo-tem-inicio-em-itu","status":"publish","type":"post","link":"https:\/\/revistaregional.com.br\/site\/2011\/11\/09\/natal-amigo-tem-inicio-em-itu\/","title":{"rendered":"&#8216;Natal Amigo&#8217; tem in\u00edcio em Itu"},"content":{"rendered":"<figure id=\"attachment_1787\" aria-describedby=\"caption-attachment-1787\" style=\"width: 384px\" class=\"wp-caption alignleft\"><a rel=\"attachment wp-att-1787\" href=\"http:\/\/revistaregional.com.br\/site\/wp-content\/uploads\/2011\/11\/mundo-melhor-Natal-amigo-2-640x480.jpg\"><img fetchpriority=\"high\" decoding=\"async\" class=\"size-full wp-image-1787 \" src=\"http:\/\/revistaregional.com.br\/site\/wp-content\/uploads\/2011\/11\/mundo-melhor-Natal-amigo-2-640x480.jpg\" alt=\"\" width=\"384\" height=\"256\" srcset=\"https:\/\/revistaregional.com.br\/site\/wp-content\/uploads\/2011\/11\/mundo-melhor-Natal-amigo-2-640x480.jpg 640w, https:\/\/revistaregional.com.br\/site\/wp-content\/uploads\/2011\/11\/mundo-melhor-Natal-amigo-2-640x480-300x199.jpg 300w\" sizes=\"(max-width: 384px) 100vw, 384px\" \/><\/a><figcaption id=\"caption-attachment-1787\" class=\"wp-caption-text\">O n\u00famero de volunt\u00e1rios tamb\u00e9m vem aumentando<\/figcaption><\/figure>\n<p>As doa\u00e7\u00f5es para o \u2018Natal Amigo\u2019 2011 j\u00e1 podem ser feitas. Criado em 2005 por tr\u00eas amigos que sa\u00edram entregando presentes para crian\u00e7as carentes em Itu, o projeto tomou grandes propor\u00e7\u00f5es nos anos seguintes, perdurando at\u00e9 hoje, com cada vem mais for\u00e7a. Para se ter ideia, se no primeiro ano foram distribu\u00eddos aproximadamente cem brinquedos, no ano passado a a\u00e7\u00e3o contou com um trio el\u00e9trico, um caminh\u00e3o, cinco motos de apoio e dezenas de carro em carreata pela cidade, distribuindo milhares de presentes por todos os cantos onde passaram. O\u00a0n\u00famero de volunt\u00e1rios tamb\u00e9m aumentou bastante. A \u00faltima edi\u00e7\u00e3o do projeto contou com a participa\u00e7\u00e3o de quase 70 amigos.<\/p>\n<p>Quem tiver interesse, pode colaborar de diversas formas. Doa\u00e7\u00f5es em dinheiro s\u00e3o importantes porque permitem a compra de brinquedos, balas, doces, embalagens para a montagem dos kits e, ainda, custeiam toda a log\u00edstica das a\u00e7\u00f5es como o grande caf\u00e9 da manh\u00e3 oferecido para os idosos do asilo da Vila Vicentina e o almo\u00e7o com as crian\u00e7as da institui\u00e7\u00e3o escolhida. Mas doa\u00e7\u00f5es de brinquedos, jogos educativos, roupas, livros, revistas, itens para higiene pessoal e fraldas geri\u00e1tricas s\u00e3o sempre bem vindas. A \u00fanica regra \u00e9 que ningu\u00e9m pode se beneficiar com a a\u00e7\u00e3o. O Natal Amigo foi idealizado para ajudar ao pr\u00f3ximo sem que os colaboradores recebam nada em troca.<\/p>\n<p>&nbsp;<\/p>\n<p><strong>MAIS:<\/strong> Interessados em ajudar podem enviar suas doa\u00e7\u00f5es para o seguinte endere\u00e7o: Alameda dos Cardeais, 107, Jardim Para\u00edso, Itu. A entrega ser\u00e1 feita no dia 17 de dezembro, em v\u00e1rios pontos da cidade. Mais informa\u00e7\u00f5es podem ser obtidas no site <a href=\"http:\/\/www.natalamigo.com.br\/\">www.natalamigo.com.br<\/a> .<\/p>\n<p>&nbsp;<\/p>\n<p><strong>foto: Arquivo<\/strong><\/p>\n","protected":false},"excerpt":{"rendered":"<p>As doa\u00e7\u00f5es para o \u2018Natal Amigo\u2019 2011 j\u00e1 podem ser feitas. Criado em 2005 por tr\u00eas amigos que sa\u00edram entregando presentes para crian\u00e7as carentes em Itu, o projeto tomou grandes propor\u00e7\u00f5es nos anos seguintes, perdurando at\u00e9 hoje, com cada vem mais for\u00e7a. Para se ter ideia, se no primeiro ano foram distribu\u00eddos aproximadamente cem brinquedos, [&hellip;]<\/p>\n","protected":false},"author":1,"featured_media":1787,"comment_status":"open","ping_status":"open","sticky":false,"template":"","format":"standard","meta":{"_acf_changed":false,"ngg_post_thumbnail":0,"_joinchat":[],"footnotes":""},"categories":[12],"tags":[527],"class_list":["post-1786","post","type-post","status-publish","format-standard","has-post-thumbnail","hentry","category-regionais","tag-regionais"],"acf":[],"yoast_head":"<!-- This site is optimized with the Yoast SEO plugin v27.4 - https:\/\/yoast.com\/product\/yoast-seo-wordpress\/ -->\n<title>&#039;Natal Amigo&#039; tem in\u00edcio em Itu - Revista Regional<\/title>\n<meta name=\"robots\" content=\"index, follow, max-snippet:-1, max-image-preview:large, max-video-preview:-1\" \/>\n<link rel=\"canonical\" href=\"https:\/\/revistaregional.com.br\/site\/2011\/11\/09\/natal-amigo-tem-inicio-em-itu\/\" \/>\n<meta property=\"og:locale\" content=\"pt_BR\" \/>\n<meta property=\"og:type\" content=\"article\" \/>\n<meta property=\"og:title\" content=\"&#039;Natal Amigo&#039; tem in\u00edcio em Itu - Revista Regional\" \/>\n<meta property=\"og:description\" content=\"As doa\u00e7\u00f5es para o \u2018Natal Amigo\u2019 2011 j\u00e1 podem ser feitas. Criado em 2005 por tr\u00eas amigos que sa\u00edram entregando presentes para crian\u00e7as carentes em Itu, o projeto tomou grandes propor\u00e7\u00f5es nos anos seguintes, perdurando at\u00e9 hoje, com cada vem mais for\u00e7a. Para se ter ideia, se no primeiro ano foram distribu\u00eddos aproximadamente cem brinquedos, [&hellip;]\" \/>\n<meta property=\"og:url\" content=\"https:\/\/revistaregional.com.br\/site\/2011\/11\/09\/natal-amigo-tem-inicio-em-itu\/\" \/>\n<meta property=\"og:site_name\" content=\"Revista Regional\" \/>\n<meta property=\"article:published_time\" content=\"2011-11-09T16:18:36+00:00\" \/>\n<meta property=\"article:modified_time\" content=\"2024-01-26T12:58:17+00:00\" \/>\n<meta property=\"og:image\" content=\"https:\/\/revistaregional.com.br\/site\/wp-content\/uploads\/2011\/11\/mundo-melhor-Natal-amigo-2-640x480.jpg\" \/>\n\t<meta property=\"og:image:width\" content=\"640\" \/>\n\t<meta property=\"og:image:height\" content=\"426\" \/>\n\t<meta property=\"og:image:type\" content=\"image\/jpeg\" \/>\n<meta name=\"author\" content=\"contato@revistaregional.com.br\" \/>\n<meta name=\"twitter:card\" content=\"summary_large_image\" \/>\n<meta name=\"twitter:label1\" content=\"Escrito por\" \/>\n\t<meta name=\"twitter:data1\" content=\"contato@revistaregional.com.br\" \/>\n\t<meta name=\"twitter:label2\" content=\"Est. tempo de leitura\" \/>\n\t<meta name=\"twitter:data2\" content=\"2 minutos\" \/>\n<script type=\"application\/ld+json\" class=\"yoast-schema-graph\">{\"@context\":\"https:\\\/\\\/schema.org\",\"@graph\":[{\"@type\":\"Article\",\"@id\":\"https:\\\/\\\/revistaregional.com.br\\\/site\\\/2011\\\/11\\\/09\\\/natal-amigo-tem-inicio-em-itu\\\/#article\",\"isPartOf\":{\"@id\":\"https:\\\/\\\/revistaregional.com.br\\\/site\\\/2011\\\/11\\\/09\\\/natal-amigo-tem-inicio-em-itu\\\/\"},\"author\":{\"name\":\"contato@revistaregional.com.br\",\"@id\":\"https:\\\/\\\/revistaregional.com.br\\\/site\\\/#\\\/schema\\\/person\\\/382af97c580dc1b18f55107bc316010d\"},\"headline\":\"&#8216;Natal Amigo&#8217; tem in\u00edcio em Itu\",\"datePublished\":\"2011-11-09T16:18:36+00:00\",\"dateModified\":\"2024-01-26T12:58:17+00:00\",\"mainEntityOfPage\":{\"@id\":\"https:\\\/\\\/revistaregional.com.br\\\/site\\\/2011\\\/11\\\/09\\\/natal-amigo-tem-inicio-em-itu\\\/\"},\"wordCount\":317,\"commentCount\":1,\"image\":{\"@id\":\"https:\\\/\\\/revistaregional.com.br\\\/site\\\/2011\\\/11\\\/09\\\/natal-amigo-tem-inicio-em-itu\\\/#primaryimage\"},\"thumbnailUrl\":\"https:\\\/\\\/revistaregional.com.br\\\/site\\\/wp-content\\\/uploads\\\/2011\\\/11\\\/mundo-melhor-Natal-amigo-2-640x480.jpg\",\"keywords\":[\"Regionais\"],\"articleSection\":[\"Regionais\"],\"inLanguage\":\"pt-BR\",\"potentialAction\":[{\"@type\":\"CommentAction\",\"name\":\"Comment\",\"target\":[\"https:\\\/\\\/revistaregional.com.br\\\/site\\\/2011\\\/11\\\/09\\\/natal-amigo-tem-inicio-em-itu\\\/#respond\"]}]},{\"@type\":\"WebPage\",\"@id\":\"https:\\\/\\\/revistaregional.com.br\\\/site\\\/2011\\\/11\\\/09\\\/natal-amigo-tem-inicio-em-itu\\\/\",\"url\":\"https:\\\/\\\/revistaregional.com.br\\\/site\\\/2011\\\/11\\\/09\\\/natal-amigo-tem-inicio-em-itu\\\/\",\"name\":\"'Natal Amigo' tem in\u00edcio em Itu - Revista Regional\",\"isPartOf\":{\"@id\":\"https:\\\/\\\/revistaregional.com.br\\\/site\\\/#website\"},\"primaryImageOfPage\":{\"@id\":\"https:\\\/\\\/revistaregional.com.br\\\/site\\\/2011\\\/11\\\/09\\\/natal-amigo-tem-inicio-em-itu\\\/#primaryimage\"},\"image\":{\"@id\":\"https:\\\/\\\/revistaregional.com.br\\\/site\\\/2011\\\/11\\\/09\\\/natal-amigo-tem-inicio-em-itu\\\/#primaryimage\"},\"thumbnailUrl\":\"https:\\\/\\\/revistaregional.com.br\\\/site\\\/wp-content\\\/uploads\\\/2011\\\/11\\\/mundo-melhor-Natal-amigo-2-640x480.jpg\",\"datePublished\":\"2011-11-09T16:18:36+00:00\",\"dateModified\":\"2024-01-26T12:58:17+00:00\",\"author\":{\"@id\":\"https:\\\/\\\/revistaregional.com.br\\\/site\\\/#\\\/schema\\\/person\\\/382af97c580dc1b18f55107bc316010d\"},\"breadcrumb\":{\"@id\":\"https:\\\/\\\/revistaregional.com.br\\\/site\\\/2011\\\/11\\\/09\\\/natal-amigo-tem-inicio-em-itu\\\/#breadcrumb\"},\"inLanguage\":\"pt-BR\",\"potentialAction\":[{\"@type\":\"ReadAction\",\"target\":[\"https:\\\/\\\/revistaregional.com.br\\\/site\\\/2011\\\/11\\\/09\\\/natal-amigo-tem-inicio-em-itu\\\/\"]}]},{\"@type\":\"ImageObject\",\"inLanguage\":\"pt-BR\",\"@id\":\"https:\\\/\\\/revistaregional.com.br\\\/site\\\/2011\\\/11\\\/09\\\/natal-amigo-tem-inicio-em-itu\\\/#primaryimage\",\"url\":\"https:\\\/\\\/revistaregional.com.br\\\/site\\\/wp-content\\\/uploads\\\/2011\\\/11\\\/mundo-melhor-Natal-amigo-2-640x480.jpg\",\"contentUrl\":\"https:\\\/\\\/revistaregional.com.br\\\/site\\\/wp-content\\\/uploads\\\/2011\\\/11\\\/mundo-melhor-Natal-amigo-2-640x480.jpg\",\"width\":\"640\",\"height\":\"426\",\"caption\":\"O n\u00famero de volunt\u00e1rios tamb\u00e9m vem aumentando\"},{\"@type\":\"BreadcrumbList\",\"@id\":\"https:\\\/\\\/revistaregional.com.br\\\/site\\\/2011\\\/11\\\/09\\\/natal-amigo-tem-inicio-em-itu\\\/#breadcrumb\",\"itemListElement\":[{\"@type\":\"ListItem\",\"position\":1,\"name\":\"In\u00edcio\",\"item\":\"https:\\\/\\\/revistaregional.com.br\\\/site\\\/\"},{\"@type\":\"ListItem\",\"position\":2,\"name\":\"&#8216;Natal Amigo&#8217; tem in\u00edcio em Itu\"}]},{\"@type\":\"WebSite\",\"@id\":\"https:\\\/\\\/revistaregional.com.br\\\/site\\\/#website\",\"url\":\"https:\\\/\\\/revistaregional.com.br\\\/site\\\/\",\"name\":\"Revista Regional\",\"description\":\"Salto - Itu - Indaituba\",\"potentialAction\":[{\"@type\":\"SearchAction\",\"target\":{\"@type\":\"EntryPoint\",\"urlTemplate\":\"https:\\\/\\\/revistaregional.com.br\\\/site\\\/?s={search_term_string}\"},\"query-input\":{\"@type\":\"PropertyValueSpecification\",\"valueRequired\":true,\"valueName\":\"search_term_string\"}}],\"inLanguage\":\"pt-BR\"},{\"@type\":\"Person\",\"@id\":\"https:\\\/\\\/revistaregional.com.br\\\/site\\\/#\\\/schema\\\/person\\\/382af97c580dc1b18f55107bc316010d\",\"name\":\"contato@revistaregional.com.br\",\"image\":{\"@type\":\"ImageObject\",\"inLanguage\":\"pt-BR\",\"@id\":\"https:\\\/\\\/secure.gravatar.com\\\/avatar\\\/869822917e96b2e292d5827e4635855396934485e7c4a0af84e9a214e32ca0cd?s=96&d=mm&r=g\",\"url\":\"https:\\\/\\\/secure.gravatar.com\\\/avatar\\\/869822917e96b2e292d5827e4635855396934485e7c4a0af84e9a214e32ca0cd?s=96&d=mm&r=g\",\"contentUrl\":\"https:\\\/\\\/secure.gravatar.com\\\/avatar\\\/869822917e96b2e292d5827e4635855396934485e7c4a0af84e9a214e32ca0cd?s=96&d=mm&r=g\",\"caption\":\"contato@revistaregional.com.br\"},\"url\":\"https:\\\/\\\/revistaregional.com.br\\\/site\\\/author\\\/contato@revistaregional.com.br\\\/\"}]}<\/script>\n<!-- \/ Yoast SEO plugin. -->","yoast_head_json":{"title":"'Natal Amigo' tem in\u00edcio em Itu - Revista Regional","robots":{"index":"index","follow":"follow","max-snippet":"max-snippet:-1","max-image-preview":"max-image-preview:large","max-video-preview":"max-video-preview:-1"},"canonical":"https:\/\/revistaregional.com.br\/site\/2011\/11\/09\/natal-amigo-tem-inicio-em-itu\/","og_locale":"pt_BR","og_type":"article","og_title":"'Natal Amigo' tem in\u00edcio em Itu - Revista Regional","og_description":"As doa\u00e7\u00f5es para o \u2018Natal Amigo\u2019 2011 j\u00e1 podem ser feitas. Criado em 2005 por tr\u00eas amigos que sa\u00edram entregando presentes para crian\u00e7as carentes em Itu, o projeto tomou grandes propor\u00e7\u00f5es nos anos seguintes, perdurando at\u00e9 hoje, com cada vem mais for\u00e7a. Para se ter ideia, se no primeiro ano foram distribu\u00eddos aproximadamente cem brinquedos, [&hellip;]","og_url":"https:\/\/revistaregional.com.br\/site\/2011\/11\/09\/natal-amigo-tem-inicio-em-itu\/","og_site_name":"Revista Regional","article_published_time":"2011-11-09T16:18:36+00:00","article_modified_time":"2024-01-26T12:58:17+00:00","og_image":[{"width":640,"height":426,"url":"https:\/\/revistaregional.com.br\/site\/wp-content\/uploads\/2011\/11\/mundo-melhor-Natal-amigo-2-640x480.jpg","type":"image\/jpeg"}],"author":"contato@revistaregional.com.br","twitter_card":"summary_large_image","twitter_misc":{"Escrito por":"contato@revistaregional.com.br","Est. tempo de leitura":"2 minutos"},"schema":{"@context":"https:\/\/schema.org","@graph":[{"@type":"Article","@id":"https:\/\/revistaregional.com.br\/site\/2011\/11\/09\/natal-amigo-tem-inicio-em-itu\/#article","isPartOf":{"@id":"https:\/\/revistaregional.com.br\/site\/2011\/11\/09\/natal-amigo-tem-inicio-em-itu\/"},"author":{"name":"contato@revistaregional.com.br","@id":"https:\/\/revistaregional.com.br\/site\/#\/schema\/person\/382af97c580dc1b18f55107bc316010d"},"headline":"&#8216;Natal Amigo&#8217; tem in\u00edcio em Itu","datePublished":"2011-11-09T16:18:36+00:00","dateModified":"2024-01-26T12:58:17+00:00","mainEntityOfPage":{"@id":"https:\/\/revistaregional.com.br\/site\/2011\/11\/09\/natal-amigo-tem-inicio-em-itu\/"},"wordCount":317,"commentCount":1,"image":{"@id":"https:\/\/revistaregional.com.br\/site\/2011\/11\/09\/natal-amigo-tem-inicio-em-itu\/#primaryimage"},"thumbnailUrl":"https:\/\/revistaregional.com.br\/site\/wp-content\/uploads\/2011\/11\/mundo-melhor-Natal-amigo-2-640x480.jpg","keywords":["Regionais"],"articleSection":["Regionais"],"inLanguage":"pt-BR","potentialAction":[{"@type":"CommentAction","name":"Comment","target":["https:\/\/revistaregional.com.br\/site\/2011\/11\/09\/natal-amigo-tem-inicio-em-itu\/#respond"]}]},{"@type":"WebPage","@id":"https:\/\/revistaregional.com.br\/site\/2011\/11\/09\/natal-amigo-tem-inicio-em-itu\/","url":"https:\/\/revistaregional.com.br\/site\/2011\/11\/09\/natal-amigo-tem-inicio-em-itu\/","name":"'Natal Amigo' tem in\u00edcio em Itu - Revista Regional","isPartOf":{"@id":"https:\/\/revistaregional.com.br\/site\/#website"},"primaryImageOfPage":{"@id":"https:\/\/revistaregional.com.br\/site\/2011\/11\/09\/natal-amigo-tem-inicio-em-itu\/#primaryimage"},"image":{"@id":"https:\/\/revistaregional.com.br\/site\/2011\/11\/09\/natal-amigo-tem-inicio-em-itu\/#primaryimage"},"thumbnailUrl":"https:\/\/revistaregional.com.br\/site\/wp-content\/uploads\/2011\/11\/mundo-melhor-Natal-amigo-2-640x480.jpg","datePublished":"2011-11-09T16:18:36+00:00","dateModified":"2024-01-26T12:58:17+00:00","author":{"@id":"https:\/\/revistaregional.com.br\/site\/#\/schema\/person\/382af97c580dc1b18f55107bc316010d"},"breadcrumb":{"@id":"https:\/\/revistaregional.com.br\/site\/2011\/11\/09\/natal-amigo-tem-inicio-em-itu\/#breadcrumb"},"inLanguage":"pt-BR","potentialAction":[{"@type":"ReadAction","target":["https:\/\/revistaregional.com.br\/site\/2011\/11\/09\/natal-amigo-tem-inicio-em-itu\/"]}]},{"@type":"ImageObject","inLanguage":"pt-BR","@id":"https:\/\/revistaregional.com.br\/site\/2011\/11\/09\/natal-amigo-tem-inicio-em-itu\/#primaryimage","url":"https:\/\/revistaregional.com.br\/site\/wp-content\/uploads\/2011\/11\/mundo-melhor-Natal-amigo-2-640x480.jpg","contentUrl":"https:\/\/revistaregional.com.br\/site\/wp-content\/uploads\/2011\/11\/mundo-melhor-Natal-amigo-2-640x480.jpg","width":"640","height":"426","caption":"O n\u00famero de volunt\u00e1rios tamb\u00e9m vem aumentando"},{"@type":"BreadcrumbList","@id":"https:\/\/revistaregional.com.br\/site\/2011\/11\/09\/natal-amigo-tem-inicio-em-itu\/#breadcrumb","itemListElement":[{"@type":"ListItem","position":1,"name":"In\u00edcio","item":"https:\/\/revistaregional.com.br\/site\/"},{"@type":"ListItem","position":2,"name":"&#8216;Natal Amigo&#8217; tem in\u00edcio em Itu"}]},{"@type":"WebSite","@id":"https:\/\/revistaregional.com.br\/site\/#website","url":"https:\/\/revistaregional.com.br\/site\/","name":"Revista Regional","description":"Salto - Itu - Indaituba","potentialAction":[{"@type":"SearchAction","target":{"@type":"EntryPoint","urlTemplate":"https:\/\/revistaregional.com.br\/site\/?s={search_term_string}"},"query-input":{"@type":"PropertyValueSpecification","valueRequired":true,"valueName":"search_term_string"}}],"inLanguage":"pt-BR"},{"@type":"Person","@id":"https:\/\/revistaregional.com.br\/site\/#\/schema\/person\/382af97c580dc1b18f55107bc316010d","name":"contato@revistaregional.com.br","image":{"@type":"ImageObject","inLanguage":"pt-BR","@id":"https:\/\/secure.gravatar.com\/avatar\/869822917e96b2e292d5827e4635855396934485e7c4a0af84e9a214e32ca0cd?s=96&d=mm&r=g","url":"https:\/\/secure.gravatar.com\/avatar\/869822917e96b2e292d5827e4635855396934485e7c4a0af84e9a214e32ca0cd?s=96&d=mm&r=g","contentUrl":"https:\/\/secure.gravatar.com\/avatar\/869822917e96b2e292d5827e4635855396934485e7c4a0af84e9a214e32ca0cd?s=96&d=mm&r=g","caption":"contato@revistaregional.com.br"},"url":"https:\/\/revistaregional.com.br\/site\/author\/contato@revistaregional.com.br\/"}]}},"views":142,"_links":{"self":[{"href":"https:\/\/revistaregional.com.br\/site\/wp-json\/wp\/v2\/posts\/1786","targetHints":{"allow":["GET"]}}],"collection":[{"href":"https:\/\/revistaregional.com.br\/site\/wp-json\/wp\/v2\/posts"}],"about":[{"href":"https:\/\/revistaregional.com.br\/site\/wp-json\/wp\/v2\/types\/post"}],"author":[{"embeddable":true,"href":"https:\/\/revistaregional.com.br\/site\/wp-json\/wp\/v2\/users\/1"}],"replies":[{"embeddable":true,"href":"https:\/\/revistaregional.com.br\/site\/wp-json\/wp\/v2\/comments?post=1786"}],"version-history":[{"count":3,"href":"https:\/\/revistaregional.com.br\/site\/wp-json\/wp\/v2\/posts\/1786\/revisions"}],"predecessor-version":[{"id":1790,"href":"https:\/\/revistaregional.com.br\/site\/wp-json\/wp\/v2\/posts\/1786\/revisions\/1790"}],"wp:featuredmedia":[{"embeddable":true,"href":"https:\/\/revistaregional.com.br\/site\/wp-json\/wp\/v2\/media\/1787"}],"wp:attachment":[{"href":"https:\/\/revistaregional.com.br\/site\/wp-json\/wp\/v2\/media?parent=1786"}],"wp:term":[{"taxonomy":"category","embeddable":true,"href":"https:\/\/revistaregional.com.br\/site\/wp-json\/wp\/v2\/categories?post=1786"},{"taxonomy":"post_tag","embeddable":true,"href":"https:\/\/revistaregional.com.br\/site\/wp-json\/wp\/v2\/tags?post=1786"}],"curies":[{"name":"wp","href":"https:\/\/api.w.org\/{rel}","templated":true}]}}