{"id":16078,"date":"2018-07-19T16:33:41","date_gmt":"2018-07-19T16:33:41","guid":{"rendered":"http:\/\/revistaregional.com.br\/site\/?p=16078"},"modified":"2024-01-26T11:09:51","modified_gmt":"2024-01-26T14:09:51","slug":"supercombo-faz-show-em-salto","status":"publish","type":"post","link":"https:\/\/revistaregional.com.br\/site\/2018\/07\/19\/supercombo-faz-show-em-salto\/","title":{"rendered":"Supercombo faz show em Salto"},"content":{"rendered":"<figure id=\"attachment_16079\" aria-describedby=\"caption-attachment-16079\" style=\"width: 250px\" class=\"wp-caption alignright\"><a href=\"http:\/\/revistaregional.com.br\/site\/wp-content\/uploads\/2018\/07\/Supercombo_promo2018_MarcelKlaczko2.jpg\"><img decoding=\"async\" class=\"wp-image-16079\" src=\"http:\/\/revistaregional.com.br\/site\/wp-content\/uploads\/2018\/07\/Supercombo_promo2018_MarcelKlaczko2.jpg\" alt=\"\" width=\"250\" height=\"167\" data-id=\"16079\" srcset=\"https:\/\/revistaregional.com.br\/site\/wp-content\/uploads\/2018\/07\/Supercombo_promo2018_MarcelKlaczko2.jpg 4654w, https:\/\/revistaregional.com.br\/site\/wp-content\/uploads\/2018\/07\/Supercombo_promo2018_MarcelKlaczko2-300x200.jpg 300w, https:\/\/revistaregional.com.br\/site\/wp-content\/uploads\/2018\/07\/Supercombo_promo2018_MarcelKlaczko2-1024x683.jpg 1024w, https:\/\/revistaregional.com.br\/site\/wp-content\/uploads\/2018\/07\/Supercombo_promo2018_MarcelKlaczko2-150x100.jpg 150w, https:\/\/revistaregional.com.br\/site\/wp-content\/uploads\/2018\/07\/Supercombo_promo2018_MarcelKlaczko2-272x182.jpg 272w\" sizes=\"(max-width: 250px) 100vw, 250px\" \/><\/a><figcaption id=\"caption-attachment-16079\" class=\"wp-caption-text\">Integrantes da Supercombo, que se apresenta na regi\u00e3o dia 21<\/figcaption><\/figure>\n<p align=\"center\"><i>Apresenta\u00e7\u00e3o baseada no ac\u00fastico&nbsp;<\/i>Session da Tarde&nbsp;<i>acontece no s\u00e1bado, 21 de&nbsp;<\/i><i>j<\/i><i>ulho, na Sala Palma de Ouro<\/i><\/p>\n<p>A Supercombo visita Salto com a tour&nbsp;<i>Session da Tarde<\/i>&nbsp;no pr\u00f3ximo s\u00e1bado, 21 de&nbsp;julho.&nbsp;Em uma noite ac\u00fastica na Sala Palma de Ouro, a banda apresenta vers\u00f5es novas e criativas de hits lan\u00e7ados ao longo dos dez anos de carreira, como as faixas \u201cPiloto Autom\u00e1tico\u201d, \u201cAmianto\u201d e \u201cSol da Manh\u00e3\u201d, entre outros.&nbsp;&nbsp;<\/p>\n<p>Formada por Leonardo Ramos (voz e guitarra), Pedro \u201cToledo\u201d Ramos (guitarra), Carol Navarro (baixo) e Paulo Vaz (teclados), a Supercombo \u00e9 um fen\u00f4meno de p\u00fablico. &nbsp;Com mais de 770 mil inscritos em seu canal no&nbsp;Youtube, a banda lota as casas por onde toca, levando um p\u00fablico que carrega na ponta da l\u00edngua os principais hits espalhados pelos quatro discos j\u00e1 lan\u00e7ados:&nbsp;<i>\u201cFesta?\u201d (2007), \u201cSal Grosso\u201d (2011), \u201cAmianto\u201d (2014)&nbsp;<\/i>e<i>&nbsp;\u201cRog\u00e9rio\u201d (2016)<\/i>. Atualmente a Supercombo se encontra em fase de produ\u00e7\u00e3o do quinto \u00e1lbum de in\u00e9ditas, cuja previs\u00e3o de estreia \u00e9 2019.&nbsp;<\/p>\n<p>&nbsp;<\/p>\n<p>&nbsp;<\/p>\n<p><b><u>Session da Tarde<\/u><\/b><b><u><\/u><\/b><\/p>\n<p class=\"x_MsoNormal\">Com duas temporadas j\u00e1 publicadas no canal de YT da banda &#8211;&nbsp;<a href=\"http:\/\/www.youtube.com\/user\/supercomborock\" target=\"_blank\" rel=\"noopener noreferrer\" data-auth=\"NotApplicable\">supercomborock<\/a>&nbsp;-, o quadro ac\u00fastico Session da Tarde apresenta a Supercombo revisitando seu repert\u00f3rio autoral completo ao lado de convidados especiais, como Liniker e os Caramelows, Suricato, Onze:20 e Carne Doce, entre outros.&nbsp;Valorizando arranjos que se aproximam das pegadas mais ac\u00fasticas da s\u00e9rie, o grupo conduz uma apresenta\u00e7\u00e3o mais intimista e experimental, reproduzindo sobre o palco hits do repert\u00f3rio autoral, mas com elementos sonoros vindos dos parceiros convidados na s\u00e9rie.<\/p>\n<p>\u201cTocar junto com esse pessoal nos fez criar de modo diferente, abriu nossas refer\u00eancias, nossas ideias mesmo\u201d, reflete a baixista Carol. \u201cT\u00e1 sendo um projeto massa de rodar por a\u00ed, trazendo coisas novas aos nossos f\u00e3s e a n\u00f3s mesmos de certa forma. Estamos desconstruindo para reinventar, isso \u00e9 muito importante e especial pra gente\u201d, completa.<\/p>\n<p class=\"x_MsoNormal\"><em><b>MAIS: A<\/b>&nbsp;Sala Palma de Ouro fica na rua rua<a href=\"https:\/\/maps.google.com\/?q=R.+Prudente+de+Moraes,+580&amp;entry=gmail&amp;source=g\" target=\"_blank\" rel=\"noopener noreferrer\" data-auth=\"NotApplicable\">&nbsp;Prudente de Moraes, 580<\/a>, Centro.<\/em><\/p>\n<p class=\"x_MsoNormal\"><em>Ingressos: R$ 60 (inteira)&nbsp;\/ R$ 30 (meia)<\/em><\/p>\n<p class=\"x_MsoNormal\"><em>Compre online:&nbsp;<a href=\"http:\/\/www.diverteingressos.com\/show\/326\/486\" target=\"_blank\" rel=\"noopener noreferrer\" data-auth=\"NotApplicable\">http:\/\/www.diverteingressos.com\/show\/326\/486<\/a><\/em><\/p>\n<p>foto: Divulga\u00e7\u00e3o<\/p>\n","protected":false},"excerpt":{"rendered":"<p>Apresenta\u00e7\u00e3o baseada no ac\u00fastico&nbsp;Session da Tarde&nbsp;acontece no s\u00e1bado, 21 de&nbsp;julho, na Sala Palma de Ouro A Supercombo visita Salto com a tour&nbsp;Session da Tarde&nbsp;no pr\u00f3ximo s\u00e1bado, 21 de&nbsp;julho.&nbsp;Em uma noite ac\u00fastica na Sala Palma de Ouro, a banda apresenta vers\u00f5es novas e criativas de hits lan\u00e7ados ao longo dos dez anos de carreira, como as [&hellip;]<\/p>\n","protected":false},"author":1,"featured_media":16079,"comment_status":"open","ping_status":"open","sticky":false,"template":"","format":"standard","meta":{"_acf_changed":false,"ngg_post_thumbnail":0,"_joinchat":[],"footnotes":""},"categories":[4,351],"tags":[533],"class_list":["post-16078","post","type-post","status-publish","format-standard","has-post-thumbnail","hentry","category-cultura","category-cultura-2","tag-cultura"],"acf":[],"yoast_head":"<!-- This site is optimized with the Yoast SEO plugin v27.4 - https:\/\/yoast.com\/product\/yoast-seo-wordpress\/ -->\n<title>Supercombo faz show em Salto - Revista Regional<\/title>\n<meta name=\"robots\" content=\"index, follow, max-snippet:-1, max-image-preview:large, max-video-preview:-1\" \/>\n<link rel=\"canonical\" href=\"https:\/\/revistaregional.com.br\/site\/2018\/07\/19\/supercombo-faz-show-em-salto\/\" \/>\n<meta property=\"og:locale\" content=\"pt_BR\" \/>\n<meta property=\"og:type\" content=\"article\" \/>\n<meta property=\"og:title\" content=\"Supercombo faz show em Salto - Revista Regional\" \/>\n<meta property=\"og:description\" content=\"Apresenta\u00e7\u00e3o baseada no ac\u00fastico&nbsp;Session da Tarde&nbsp;acontece no s\u00e1bado, 21 de&nbsp;julho, na Sala Palma de Ouro A Supercombo visita Salto com a tour&nbsp;Session da Tarde&nbsp;no pr\u00f3ximo s\u00e1bado, 21 de&nbsp;julho.&nbsp;Em uma noite ac\u00fastica na Sala Palma de Ouro, a banda apresenta vers\u00f5es novas e criativas de hits lan\u00e7ados ao longo dos dez anos de carreira, como as [&hellip;]\" \/>\n<meta property=\"og:url\" content=\"https:\/\/revistaregional.com.br\/site\/2018\/07\/19\/supercombo-faz-show-em-salto\/\" \/>\n<meta property=\"og:site_name\" content=\"Revista Regional\" \/>\n<meta property=\"article:published_time\" content=\"2018-07-19T16:33:41+00:00\" \/>\n<meta property=\"article:modified_time\" content=\"2024-01-26T14:09:51+00:00\" \/>\n<meta property=\"og:image\" content=\"https:\/\/revistaregional.com.br\/site\/wp-content\/uploads\/2018\/07\/Supercombo_promo2018_MarcelKlaczko2-1024x683.jpg\" \/>\n\t<meta property=\"og:image:width\" content=\"1024\" \/>\n\t<meta property=\"og:image:height\" content=\"683\" \/>\n\t<meta property=\"og:image:type\" content=\"image\/jpeg\" \/>\n<meta name=\"author\" content=\"contato@revistaregional.com.br\" \/>\n<meta name=\"twitter:card\" content=\"summary_large_image\" \/>\n<meta name=\"twitter:label1\" content=\"Escrito por\" \/>\n\t<meta name=\"twitter:data1\" content=\"contato@revistaregional.com.br\" \/>\n\t<meta name=\"twitter:label2\" content=\"Est. tempo de leitura\" \/>\n\t<meta name=\"twitter:data2\" content=\"2 minutos\" \/>\n<script type=\"application\/ld+json\" class=\"yoast-schema-graph\">{\"@context\":\"https:\\\/\\\/schema.org\",\"@graph\":[{\"@type\":\"Article\",\"@id\":\"https:\\\/\\\/revistaregional.com.br\\\/site\\\/2018\\\/07\\\/19\\\/supercombo-faz-show-em-salto\\\/#article\",\"isPartOf\":{\"@id\":\"https:\\\/\\\/revistaregional.com.br\\\/site\\\/2018\\\/07\\\/19\\\/supercombo-faz-show-em-salto\\\/\"},\"author\":{\"name\":\"contato@revistaregional.com.br\",\"@id\":\"https:\\\/\\\/revistaregional.com.br\\\/site\\\/#\\\/schema\\\/person\\\/382af97c580dc1b18f55107bc316010d\"},\"headline\":\"Supercombo faz show em Salto\",\"datePublished\":\"2018-07-19T16:33:41+00:00\",\"dateModified\":\"2024-01-26T14:09:51+00:00\",\"mainEntityOfPage\":{\"@id\":\"https:\\\/\\\/revistaregional.com.br\\\/site\\\/2018\\\/07\\\/19\\\/supercombo-faz-show-em-salto\\\/\"},\"wordCount\":399,\"commentCount\":0,\"image\":{\"@id\":\"https:\\\/\\\/revistaregional.com.br\\\/site\\\/2018\\\/07\\\/19\\\/supercombo-faz-show-em-salto\\\/#primaryimage\"},\"thumbnailUrl\":\"https:\\\/\\\/revistaregional.com.br\\\/site\\\/wp-content\\\/uploads\\\/2018\\\/07\\\/Supercombo_promo2018_MarcelKlaczko2.jpg\",\"keywords\":[\"Cultura\"],\"articleSection\":[\"Cultura\",\"Cultura 2\"],\"inLanguage\":\"pt-BR\",\"potentialAction\":[{\"@type\":\"CommentAction\",\"name\":\"Comment\",\"target\":[\"https:\\\/\\\/revistaregional.com.br\\\/site\\\/2018\\\/07\\\/19\\\/supercombo-faz-show-em-salto\\\/#respond\"]}]},{\"@type\":\"WebPage\",\"@id\":\"https:\\\/\\\/revistaregional.com.br\\\/site\\\/2018\\\/07\\\/19\\\/supercombo-faz-show-em-salto\\\/\",\"url\":\"https:\\\/\\\/revistaregional.com.br\\\/site\\\/2018\\\/07\\\/19\\\/supercombo-faz-show-em-salto\\\/\",\"name\":\"Supercombo faz show em Salto - Revista Regional\",\"isPartOf\":{\"@id\":\"https:\\\/\\\/revistaregional.com.br\\\/site\\\/#website\"},\"primaryImageOfPage\":{\"@id\":\"https:\\\/\\\/revistaregional.com.br\\\/site\\\/2018\\\/07\\\/19\\\/supercombo-faz-show-em-salto\\\/#primaryimage\"},\"image\":{\"@id\":\"https:\\\/\\\/revistaregional.com.br\\\/site\\\/2018\\\/07\\\/19\\\/supercombo-faz-show-em-salto\\\/#primaryimage\"},\"thumbnailUrl\":\"https:\\\/\\\/revistaregional.com.br\\\/site\\\/wp-content\\\/uploads\\\/2018\\\/07\\\/Supercombo_promo2018_MarcelKlaczko2.jpg\",\"datePublished\":\"2018-07-19T16:33:41+00:00\",\"dateModified\":\"2024-01-26T14:09:51+00:00\",\"author\":{\"@id\":\"https:\\\/\\\/revistaregional.com.br\\\/site\\\/#\\\/schema\\\/person\\\/382af97c580dc1b18f55107bc316010d\"},\"breadcrumb\":{\"@id\":\"https:\\\/\\\/revistaregional.com.br\\\/site\\\/2018\\\/07\\\/19\\\/supercombo-faz-show-em-salto\\\/#breadcrumb\"},\"inLanguage\":\"pt-BR\",\"potentialAction\":[{\"@type\":\"ReadAction\",\"target\":[\"https:\\\/\\\/revistaregional.com.br\\\/site\\\/2018\\\/07\\\/19\\\/supercombo-faz-show-em-salto\\\/\"]}]},{\"@type\":\"ImageObject\",\"inLanguage\":\"pt-BR\",\"@id\":\"https:\\\/\\\/revistaregional.com.br\\\/site\\\/2018\\\/07\\\/19\\\/supercombo-faz-show-em-salto\\\/#primaryimage\",\"url\":\"https:\\\/\\\/revistaregional.com.br\\\/site\\\/wp-content\\\/uploads\\\/2018\\\/07\\\/Supercombo_promo2018_MarcelKlaczko2.jpg\",\"contentUrl\":\"https:\\\/\\\/revistaregional.com.br\\\/site\\\/wp-content\\\/uploads\\\/2018\\\/07\\\/Supercombo_promo2018_MarcelKlaczko2.jpg\",\"width\":4654,\"height\":3103},{\"@type\":\"BreadcrumbList\",\"@id\":\"https:\\\/\\\/revistaregional.com.br\\\/site\\\/2018\\\/07\\\/19\\\/supercombo-faz-show-em-salto\\\/#breadcrumb\",\"itemListElement\":[{\"@type\":\"ListItem\",\"position\":1,\"name\":\"In\u00edcio\",\"item\":\"https:\\\/\\\/revistaregional.com.br\\\/site\\\/\"},{\"@type\":\"ListItem\",\"position\":2,\"name\":\"Supercombo faz show em Salto\"}]},{\"@type\":\"WebSite\",\"@id\":\"https:\\\/\\\/revistaregional.com.br\\\/site\\\/#website\",\"url\":\"https:\\\/\\\/revistaregional.com.br\\\/site\\\/\",\"name\":\"Revista Regional\",\"description\":\"Salto - Itu - Indaituba\",\"potentialAction\":[{\"@type\":\"SearchAction\",\"target\":{\"@type\":\"EntryPoint\",\"urlTemplate\":\"https:\\\/\\\/revistaregional.com.br\\\/site\\\/?s={search_term_string}\"},\"query-input\":{\"@type\":\"PropertyValueSpecification\",\"valueRequired\":true,\"valueName\":\"search_term_string\"}}],\"inLanguage\":\"pt-BR\"},{\"@type\":\"Person\",\"@id\":\"https:\\\/\\\/revistaregional.com.br\\\/site\\\/#\\\/schema\\\/person\\\/382af97c580dc1b18f55107bc316010d\",\"name\":\"contato@revistaregional.com.br\",\"image\":{\"@type\":\"ImageObject\",\"inLanguage\":\"pt-BR\",\"@id\":\"https:\\\/\\\/secure.gravatar.com\\\/avatar\\\/869822917e96b2e292d5827e4635855396934485e7c4a0af84e9a214e32ca0cd?s=96&d=mm&r=g\",\"url\":\"https:\\\/\\\/secure.gravatar.com\\\/avatar\\\/869822917e96b2e292d5827e4635855396934485e7c4a0af84e9a214e32ca0cd?s=96&d=mm&r=g\",\"contentUrl\":\"https:\\\/\\\/secure.gravatar.com\\\/avatar\\\/869822917e96b2e292d5827e4635855396934485e7c4a0af84e9a214e32ca0cd?s=96&d=mm&r=g\",\"caption\":\"contato@revistaregional.com.br\"},\"url\":\"https:\\\/\\\/revistaregional.com.br\\\/site\\\/author\\\/contato@revistaregional.com.br\\\/\"}]}<\/script>\n<!-- \/ Yoast SEO plugin. -->","yoast_head_json":{"title":"Supercombo faz show em Salto - Revista Regional","robots":{"index":"index","follow":"follow","max-snippet":"max-snippet:-1","max-image-preview":"max-image-preview:large","max-video-preview":"max-video-preview:-1"},"canonical":"https:\/\/revistaregional.com.br\/site\/2018\/07\/19\/supercombo-faz-show-em-salto\/","og_locale":"pt_BR","og_type":"article","og_title":"Supercombo faz show em Salto - Revista Regional","og_description":"Apresenta\u00e7\u00e3o baseada no ac\u00fastico&nbsp;Session da Tarde&nbsp;acontece no s\u00e1bado, 21 de&nbsp;julho, na Sala Palma de Ouro A Supercombo visita Salto com a tour&nbsp;Session da Tarde&nbsp;no pr\u00f3ximo s\u00e1bado, 21 de&nbsp;julho.&nbsp;Em uma noite ac\u00fastica na Sala Palma de Ouro, a banda apresenta vers\u00f5es novas e criativas de hits lan\u00e7ados ao longo dos dez anos de carreira, como as [&hellip;]","og_url":"https:\/\/revistaregional.com.br\/site\/2018\/07\/19\/supercombo-faz-show-em-salto\/","og_site_name":"Revista Regional","article_published_time":"2018-07-19T16:33:41+00:00","article_modified_time":"2024-01-26T14:09:51+00:00","og_image":[{"width":1024,"height":683,"url":"https:\/\/revistaregional.com.br\/site\/wp-content\/uploads\/2018\/07\/Supercombo_promo2018_MarcelKlaczko2-1024x683.jpg","type":"image\/jpeg"}],"author":"contato@revistaregional.com.br","twitter_card":"summary_large_image","twitter_misc":{"Escrito por":"contato@revistaregional.com.br","Est. tempo de leitura":"2 minutos"},"schema":{"@context":"https:\/\/schema.org","@graph":[{"@type":"Article","@id":"https:\/\/revistaregional.com.br\/site\/2018\/07\/19\/supercombo-faz-show-em-salto\/#article","isPartOf":{"@id":"https:\/\/revistaregional.com.br\/site\/2018\/07\/19\/supercombo-faz-show-em-salto\/"},"author":{"name":"contato@revistaregional.com.br","@id":"https:\/\/revistaregional.com.br\/site\/#\/schema\/person\/382af97c580dc1b18f55107bc316010d"},"headline":"Supercombo faz show em Salto","datePublished":"2018-07-19T16:33:41+00:00","dateModified":"2024-01-26T14:09:51+00:00","mainEntityOfPage":{"@id":"https:\/\/revistaregional.com.br\/site\/2018\/07\/19\/supercombo-faz-show-em-salto\/"},"wordCount":399,"commentCount":0,"image":{"@id":"https:\/\/revistaregional.com.br\/site\/2018\/07\/19\/supercombo-faz-show-em-salto\/#primaryimage"},"thumbnailUrl":"https:\/\/revistaregional.com.br\/site\/wp-content\/uploads\/2018\/07\/Supercombo_promo2018_MarcelKlaczko2.jpg","keywords":["Cultura"],"articleSection":["Cultura","Cultura 2"],"inLanguage":"pt-BR","potentialAction":[{"@type":"CommentAction","name":"Comment","target":["https:\/\/revistaregional.com.br\/site\/2018\/07\/19\/supercombo-faz-show-em-salto\/#respond"]}]},{"@type":"WebPage","@id":"https:\/\/revistaregional.com.br\/site\/2018\/07\/19\/supercombo-faz-show-em-salto\/","url":"https:\/\/revistaregional.com.br\/site\/2018\/07\/19\/supercombo-faz-show-em-salto\/","name":"Supercombo faz show em Salto - Revista Regional","isPartOf":{"@id":"https:\/\/revistaregional.com.br\/site\/#website"},"primaryImageOfPage":{"@id":"https:\/\/revistaregional.com.br\/site\/2018\/07\/19\/supercombo-faz-show-em-salto\/#primaryimage"},"image":{"@id":"https:\/\/revistaregional.com.br\/site\/2018\/07\/19\/supercombo-faz-show-em-salto\/#primaryimage"},"thumbnailUrl":"https:\/\/revistaregional.com.br\/site\/wp-content\/uploads\/2018\/07\/Supercombo_promo2018_MarcelKlaczko2.jpg","datePublished":"2018-07-19T16:33:41+00:00","dateModified":"2024-01-26T14:09:51+00:00","author":{"@id":"https:\/\/revistaregional.com.br\/site\/#\/schema\/person\/382af97c580dc1b18f55107bc316010d"},"breadcrumb":{"@id":"https:\/\/revistaregional.com.br\/site\/2018\/07\/19\/supercombo-faz-show-em-salto\/#breadcrumb"},"inLanguage":"pt-BR","potentialAction":[{"@type":"ReadAction","target":["https:\/\/revistaregional.com.br\/site\/2018\/07\/19\/supercombo-faz-show-em-salto\/"]}]},{"@type":"ImageObject","inLanguage":"pt-BR","@id":"https:\/\/revistaregional.com.br\/site\/2018\/07\/19\/supercombo-faz-show-em-salto\/#primaryimage","url":"https:\/\/revistaregional.com.br\/site\/wp-content\/uploads\/2018\/07\/Supercombo_promo2018_MarcelKlaczko2.jpg","contentUrl":"https:\/\/revistaregional.com.br\/site\/wp-content\/uploads\/2018\/07\/Supercombo_promo2018_MarcelKlaczko2.jpg","width":4654,"height":3103},{"@type":"BreadcrumbList","@id":"https:\/\/revistaregional.com.br\/site\/2018\/07\/19\/supercombo-faz-show-em-salto\/#breadcrumb","itemListElement":[{"@type":"ListItem","position":1,"name":"In\u00edcio","item":"https:\/\/revistaregional.com.br\/site\/"},{"@type":"ListItem","position":2,"name":"Supercombo faz show em Salto"}]},{"@type":"WebSite","@id":"https:\/\/revistaregional.com.br\/site\/#website","url":"https:\/\/revistaregional.com.br\/site\/","name":"Revista Regional","description":"Salto - Itu - Indaituba","potentialAction":[{"@type":"SearchAction","target":{"@type":"EntryPoint","urlTemplate":"https:\/\/revistaregional.com.br\/site\/?s={search_term_string}"},"query-input":{"@type":"PropertyValueSpecification","valueRequired":true,"valueName":"search_term_string"}}],"inLanguage":"pt-BR"},{"@type":"Person","@id":"https:\/\/revistaregional.com.br\/site\/#\/schema\/person\/382af97c580dc1b18f55107bc316010d","name":"contato@revistaregional.com.br","image":{"@type":"ImageObject","inLanguage":"pt-BR","@id":"https:\/\/secure.gravatar.com\/avatar\/869822917e96b2e292d5827e4635855396934485e7c4a0af84e9a214e32ca0cd?s=96&d=mm&r=g","url":"https:\/\/secure.gravatar.com\/avatar\/869822917e96b2e292d5827e4635855396934485e7c4a0af84e9a214e32ca0cd?s=96&d=mm&r=g","contentUrl":"https:\/\/secure.gravatar.com\/avatar\/869822917e96b2e292d5827e4635855396934485e7c4a0af84e9a214e32ca0cd?s=96&d=mm&r=g","caption":"contato@revistaregional.com.br"},"url":"https:\/\/revistaregional.com.br\/site\/author\/contato@revistaregional.com.br\/"}]}},"views":102,"_links":{"self":[{"href":"https:\/\/revistaregional.com.br\/site\/wp-json\/wp\/v2\/posts\/16078","targetHints":{"allow":["GET"]}}],"collection":[{"href":"https:\/\/revistaregional.com.br\/site\/wp-json\/wp\/v2\/posts"}],"about":[{"href":"https:\/\/revistaregional.com.br\/site\/wp-json\/wp\/v2\/types\/post"}],"author":[{"embeddable":true,"href":"https:\/\/revistaregional.com.br\/site\/wp-json\/wp\/v2\/users\/1"}],"replies":[{"embeddable":true,"href":"https:\/\/revistaregional.com.br\/site\/wp-json\/wp\/v2\/comments?post=16078"}],"version-history":[{"count":1,"href":"https:\/\/revistaregional.com.br\/site\/wp-json\/wp\/v2\/posts\/16078\/revisions"}],"predecessor-version":[{"id":16081,"href":"https:\/\/revistaregional.com.br\/site\/wp-json\/wp\/v2\/posts\/16078\/revisions\/16081"}],"wp:featuredmedia":[{"embeddable":true,"href":"https:\/\/revistaregional.com.br\/site\/wp-json\/wp\/v2\/media\/16079"}],"wp:attachment":[{"href":"https:\/\/revistaregional.com.br\/site\/wp-json\/wp\/v2\/media?parent=16078"}],"wp:term":[{"taxonomy":"category","embeddable":true,"href":"https:\/\/revistaregional.com.br\/site\/wp-json\/wp\/v2\/categories?post=16078"},{"taxonomy":"post_tag","embeddable":true,"href":"https:\/\/revistaregional.com.br\/site\/wp-json\/wp\/v2\/tags?post=16078"}],"curies":[{"name":"wp","href":"https:\/\/api.w.org\/{rel}","templated":true}]}}